{"id":307921,"date":"2024-12-23T13:03:00","date_gmt":"2024-12-23T18:03:00","guid":{"rendered":"https:\/\/www.fiscalia.gov.co\/colombia\/?p=307921"},"modified":"2024-12-23T13:07:43","modified_gmt":"2024-12-23T18:07:43","slug":"fiscal-general-de-la-nacion-ministra-de-justicia-y-defensora-del-pueblo-se-unen-para-impulsar-la-implementacion-de-la-ley-de-utilidad-publica","status":"publish","type":"post","link":"https:\/\/www.fiscalia.gov.co\/colombia\/noticias\/fiscal-general-de-la-nacion-ministra-de-justicia-y-defensora-del-pueblo-se-unen-para-impulsar-la-implementacion-de-la-ley-de-utilidad-publica\/","title":{"rendered":"Fiscal general de la Naci\u00f3n, ministra de Justicia y defensora del Pueblo se unen para impulsar la implementaci\u00f3n de la Ley de Utilidad P\u00fablica"},"content":{"rendered":"<p>Con esta ley se busca que mujeres condenadas por delitos cometidos en contexto de marginalidad cumplan su condena con servicio comunitario.<\/p>\n<ul>\n<li>La fiscal general de la Naci\u00f3n, Luz Adriana Camargo Garz\u00f3n, traz\u00f3 lineamientos para que los fiscales impulsen y soliciten a las autoridades judiciales <strong>aplicar las medidas y beneficios de la Ley de Utilidad P\u00fablica<\/strong> (Ley 2292 de 2023) en el desarrollo de los procesos penales y la emisi\u00f3n de las sentencias.<\/li>\n<li>La ministra de Justicia y del Derecho, \u00c1ngela Mar\u00eda Buitrago Ruiz, dijo que el Ministerio le va a llevar <strong>un kit de asesor\u00eda jur\u00eddica a todas las mujeres privadas de la libertad para que sepan si cumplen con los requisitos de la Ley de Utilidad P\u00fablica<\/strong> y la ruta que deben seguir para solicitarlo. Adem\u00e1s, entregar\u00e1 con la Defensor\u00eda una gu\u00eda con herramientas pedag\u00f3gicas a las autoridades judiciales, asistentes sociales de juzgados y defensores p\u00fablicos para profundizar la comprensi\u00f3n sobre los conceptos de marginalidad y mujer cabeza de hogar que trae la Ley de Utilidad P\u00fablica.<\/li>\n<li>La defensora del Pueblo, Iris Mar\u00edn Ortiz, expidi\u00f3 la Resoluci\u00f3n Defensorial No. 003 de 2024, con la que imparte<strong> instrucciones y orientaciones a sus defensores p\u00fablicos, autoridades judiciales, entre otros,<\/strong> para interpretar la ley de utilidad p\u00fablica con enfoque de g\u00e9nero, para as\u00ed ampliar la aplicaci\u00f3n de esta medida alternativa a la prisi\u00f3n.<\/li>\n<\/ul>\n<p>La fiscal general de la Naci\u00f3n, Luz Adriana Camargo Garz\u00f3n; la ministra de Justicia y del Derecho, \u00c1ngela Mar\u00eda Buitrago Ruiz, y la defensora del Pueblo, Iris Mar\u00edn Ortiz, presentaron este lunes <strong>desde la penitenciar\u00eda El Buen Pastor una serie de acciones concretas para facilitar que mujeres privadas de la libertad puedan pagar su condena con servicios comunitarios,<\/strong> como lo establece la Ley de Utilidad P\u00fablica, sin tener que cumplir su pena en prisi\u00f3n.<\/p>\n<p><img loading=\"lazy\" decoding=\"async\" class=\"aligncenter size-large wp-image-307928\" src=\"https:\/\/www.fiscalia.gov.co\/colombia\/wp-content\/uploads\/WhatsApp-Image-2024-12-23-at-1.00.08-PM-2-1024x1024.jpeg\" alt=\"\" width=\"696\" height=\"696\" srcset=\"https:\/\/www.fiscalia.gov.co\/colombia\/wp-content\/uploads\/WhatsApp-Image-2024-12-23-at-1.00.08-PM-2-1024x1024.jpeg 1024w, https:\/\/www.fiscalia.gov.co\/colombia\/wp-content\/uploads\/WhatsApp-Image-2024-12-23-at-1.00.08-PM-2-300x300.jpeg 300w, https:\/\/www.fiscalia.gov.co\/colombia\/wp-content\/uploads\/WhatsApp-Image-2024-12-23-at-1.00.08-PM-2-150x150.jpeg 150w, https:\/\/www.fiscalia.gov.co\/colombia\/wp-content\/uploads\/WhatsApp-Image-2024-12-23-at-1.00.08-PM-2-768x768.jpeg 768w, https:\/\/www.fiscalia.gov.co\/colombia\/wp-content\/uploads\/WhatsApp-Image-2024-12-23-at-1.00.08-PM-2-420x420.jpeg 420w, https:\/\/www.fiscalia.gov.co\/colombia\/wp-content\/uploads\/WhatsApp-Image-2024-12-23-at-1.00.08-PM-2-696x696.jpeg 696w, https:\/\/www.fiscalia.gov.co\/colombia\/wp-content\/uploads\/WhatsApp-Image-2024-12-23-at-1.00.08-PM-2-1068x1068.jpeg 1068w, https:\/\/www.fiscalia.gov.co\/colombia\/wp-content\/uploads\/WhatsApp-Image-2024-12-23-at-1.00.08-PM-2.jpeg 1200w\" sizes=\"auto, (max-width: 696px) 100vw, 696px\" \/><\/p>\n<p>A la fecha, 105 mujeres han salido en libertad por beneficio de la Ley de Utilidad P\u00fablica (Ley 2292 de 2023) y se tienen <strong>habilitados 2.549 cupos en todo el pa\u00eds para que m\u00e1s mujeres puedan cumplir su condena con servicios comunitarios<\/strong> con alguno de los 27 aliados que tiene el Ministerio de Justicia y del Derecho, entre organizaciones sin \u00e1nimo de lucro, organizaciones no gubernamentales (ONG) y entidades p\u00fablicas.<\/p>\n<p>Seg\u00fan las cifras suministradas por las funcionarias,<strong> en Colombia hay 5.942 mujeres que podr\u00edan beneficiarse con esta medida<\/strong>, de las cuales solo en el Buen Pastor de Bogot\u00e1 hay unas 1.423 mujeres que ser\u00edan potencialmente beneficiarias de la Ley de Utilidad P\u00fablica.<\/p>\n<p><img loading=\"lazy\" decoding=\"async\" class=\"aligncenter size-large wp-image-307929\" src=\"https:\/\/www.fiscalia.gov.co\/colombia\/wp-content\/uploads\/WhatsApp-Image-2024-12-23-at-1.00.08-PM-1-1024x1024.jpeg\" alt=\"\" width=\"696\" height=\"696\" srcset=\"https:\/\/www.fiscalia.gov.co\/colombia\/wp-content\/uploads\/WhatsApp-Image-2024-12-23-at-1.00.08-PM-1-1024x1024.jpeg 1024w, https:\/\/www.fiscalia.gov.co\/colombia\/wp-content\/uploads\/WhatsApp-Image-2024-12-23-at-1.00.08-PM-1-300x300.jpeg 300w, https:\/\/www.fiscalia.gov.co\/colombia\/wp-content\/uploads\/WhatsApp-Image-2024-12-23-at-1.00.08-PM-1-150x150.jpeg 150w, https:\/\/www.fiscalia.gov.co\/colombia\/wp-content\/uploads\/WhatsApp-Image-2024-12-23-at-1.00.08-PM-1-768x768.jpeg 768w, https:\/\/www.fiscalia.gov.co\/colombia\/wp-content\/uploads\/WhatsApp-Image-2024-12-23-at-1.00.08-PM-1-420x420.jpeg 420w, https:\/\/www.fiscalia.gov.co\/colombia\/wp-content\/uploads\/WhatsApp-Image-2024-12-23-at-1.00.08-PM-1-696x696.jpeg 696w, https:\/\/www.fiscalia.gov.co\/colombia\/wp-content\/uploads\/WhatsApp-Image-2024-12-23-at-1.00.08-PM-1-1068x1068.jpeg 1068w, https:\/\/www.fiscalia.gov.co\/colombia\/wp-content\/uploads\/WhatsApp-Image-2024-12-23-at-1.00.08-PM-1.jpeg 1200w\" sizes=\"auto, (max-width: 696px) 100vw, 696px\" \/><\/p>\n<p>Mediante la Directiva 0002 de 2024, la fiscal general Luz Adriana Camargo precisa el \u00e1mbito de aplicaci\u00f3n, los criterios de valoraci\u00f3n, la diferencia entre condiciones de marginalidad y circunstancias de menor punibilidad, los procesos penales en los cuales son aplicables los beneficios dispuestos por la Ley de Utilidad P\u00fablica y los distintos escenarios y momentos en los que los fiscales deben concretar la aplicaci\u00f3n de esta norma, para humanizar la actuaci\u00f3n procesal\u00a0 y lograr pronta y cumplida justicia.<\/p>\n<p><img loading=\"lazy\" decoding=\"async\" class=\"aligncenter size-large wp-image-307930\" src=\"https:\/\/www.fiscalia.gov.co\/colombia\/wp-content\/uploads\/WhatsApp-Image-2024-12-23-at-1.00.08-PM-1024x1024.jpeg\" alt=\"\" width=\"696\" height=\"696\" srcset=\"https:\/\/www.fiscalia.gov.co\/colombia\/wp-content\/uploads\/WhatsApp-Image-2024-12-23-at-1.00.08-PM-1024x1024.jpeg 1024w, https:\/\/www.fiscalia.gov.co\/colombia\/wp-content\/uploads\/WhatsApp-Image-2024-12-23-at-1.00.08-PM-300x300.jpeg 300w, https:\/\/www.fiscalia.gov.co\/colombia\/wp-content\/uploads\/WhatsApp-Image-2024-12-23-at-1.00.08-PM-150x150.jpeg 150w, https:\/\/www.fiscalia.gov.co\/colombia\/wp-content\/uploads\/WhatsApp-Image-2024-12-23-at-1.00.08-PM-768x768.jpeg 768w, https:\/\/www.fiscalia.gov.co\/colombia\/wp-content\/uploads\/WhatsApp-Image-2024-12-23-at-1.00.08-PM-1536x1536.jpeg 1536w, https:\/\/www.fiscalia.gov.co\/colombia\/wp-content\/uploads\/WhatsApp-Image-2024-12-23-at-1.00.08-PM-420x420.jpeg 420w, https:\/\/www.fiscalia.gov.co\/colombia\/wp-content\/uploads\/WhatsApp-Image-2024-12-23-at-1.00.08-PM-696x696.jpeg 696w, https:\/\/www.fiscalia.gov.co\/colombia\/wp-content\/uploads\/WhatsApp-Image-2024-12-23-at-1.00.08-PM-1068x1068.jpeg 1068w, https:\/\/www.fiscalia.gov.co\/colombia\/wp-content\/uploads\/WhatsApp-Image-2024-12-23-at-1.00.08-PM.jpeg 1600w\" sizes=\"auto, (max-width: 696px) 100vw, 696px\" \/><\/p>\n<p>Le Ley 2292 de 2023 dispuso acciones afirmativas en materia de pol\u00edtica criminal y penitenciaria para las mujeres cabeza de familia condenadas por determinados delitos y aquellos cuya pena sea igual o inferior a 8 a\u00f1os de prisi\u00f3n, siempre que se demuestre que su conducta se asocia a condiciones de marginalidad que afectan la manutenci\u00f3n del hogar, y quienes, bajo ciertos requisitos contenidos en la norma, podr\u00e1n obtener como medida sustitutiva de la pena de prisi\u00f3n, de oficio o a petici\u00f3n de parte, el servicio de utilidad p\u00fablica.<\/p>\n<p>&nbsp;<\/p>\n[spiderpowa-pdf src=&#8221;https:\/\/www.fiscalia.gov.co\/colombia\/wp-content\/uploads\/DIRECTIVA-NRO.-0002.pdf&#8221;][pdf-embedder url=&#8221;https:\/\/www.fiscalia.gov.co\/colombia\/wp-content\/uploads\/DIRECTIVA-NRO.-0002.pdf&#8221; title=&#8221;DIRECTIVA NRO. 0002&#8243;]\n<p>&nbsp;<\/p>\n<p>&nbsp;<\/p>\n<p>&nbsp;<\/p>\n<p>&nbsp;<\/p>\n\n<div class=\"twitter-share\"><a href=\"https:\/\/twitter.com\/intent\/tweet?via=fiscaliacol\" class=\"twitter-share-button\">Tweet<\/a><\/div>\n","protected":false},"excerpt":{"rendered":"<p>Con esta ley se busca que mujeres condenadas por delitos cometidos en contexto de marginalidad cumplan su condena con servicio comunitario. La fiscal general de la Naci\u00f3n, Luz Adriana Camargo Garz\u00f3n, traz\u00f3 lineamientos para que los fiscales impulsen y soliciten a las autoridades judiciales aplicar las medidas y beneficios de la Ley de Utilidad P\u00fablica [&hellip;]<\/p>\n","protected":false},"author":177,"featured_media":0,"comment_status":"closed","ping_status":"open","sticky":false,"template":"","format":"standard","meta":{"tdm_status":"","tdm_grid_status":"","footnotes":""},"categories":[24096,1],"tags":[15524,39727,37492,1047,39724,39723,39725,39726],"class_list":{"0":"post-307921","1":"post","2":"type-post","3":"status-publish","4":"format-standard","6":"category-fiscal-general-de-la-nacion","7":"category-noticias","8":"tag-defensoria-del-pueblo","9":"tag-directiva","10":"tag-fiscal-luz-adriana-camargo","11":"tag-fiscalia-general-de-la-nacion","12":"tag-gran-pastor","13":"tag-ley-utilidad-publica","14":"tag-marginalidad","15":"tag-ministra-de-justicia"},"yoast_head":"<!-- This site is optimized with the Yoast SEO plugin v24.3 - https:\/\/yoast.com\/wordpress\/plugins\/seo\/ -->\n<title>Fiscal\u00eda General de la Naci\u00f3n<\/title>\n<meta name=\"description\" content=\"P\u00e1gina oficial de la Fiscal\u00eda General de la Naci\u00f3n \u2013 Colombia. Garantizamos el acceso efectivo a la justicia, la verdad y la reparaci\u00f3n de las v\u00edctimas de los delitos.\" \/>\n<meta name=\"robots\" content=\"noindex, follow\" \/>\n<meta property=\"og:locale\" content=\"es_ES\" \/>\n<meta property=\"og:type\" content=\"article\" \/>\n<meta property=\"og:title\" content=\"Fiscal\u00eda General de la Naci\u00f3n\" \/>\n<meta property=\"og:description\" content=\"P\u00e1gina oficial de la Fiscal\u00eda General de la Naci\u00f3n \u2013 Colombia. Garantizamos el acceso efectivo a la justicia, la verdad y la reparaci\u00f3n de las v\u00edctimas de los delitos.\" \/>\n<meta property=\"og:url\" content=\"https:\/\/www.fiscalia.gov.co\/colombia\/noticias\/fiscal-general-de-la-nacion-ministra-de-justicia-y-defensora-del-pueblo-se-unen-para-impulsar-la-implementacion-de-la-ley-de-utilidad-publica\/\" \/>\n<meta property=\"og:site_name\" content=\"Fiscal\u00eda General de la Naci\u00f3n\" \/>\n<meta property=\"article:publisher\" content=\"https:\/\/www.facebook.com\/FiscaliaCol\" \/>\n<meta property=\"article:published_time\" content=\"2024-12-23T18:03:00+00:00\" \/>\n<meta property=\"article:modified_time\" content=\"2024-12-23T18:07:43+00:00\" \/>\n<meta property=\"og:image\" content=\"https:\/\/www.fiscalia.gov.co\/colombia\/wp-content\/uploads\/WhatsApp-Image-2024-12-23-at-1.00.08-PM-2.jpeg\" \/>\n\t<meta property=\"og:image:width\" content=\"1200\" \/>\n\t<meta property=\"og:image:height\" content=\"1200\" \/>\n\t<meta property=\"og:image:type\" content=\"image\/jpeg\" \/>\n<meta name=\"author\" content=\"Jordan Leandro Oviedo Anzola\" \/>\n<meta name=\"twitter:card\" content=\"summary_large_image\" \/>\n<meta name=\"twitter:creator\" content=\"@FiscaliaCol\" \/>\n<meta name=\"twitter:site\" content=\"@FiscaliaCol\" \/>\n<meta name=\"twitter:label1\" content=\"Escrito por\" \/>\n\t<meta name=\"twitter:data1\" content=\"Jordan Leandro Oviedo Anzola\" \/>\n\t<meta name=\"twitter:label2\" content=\"Tiempo de lectura\" \/>\n\t<meta name=\"twitter:data2\" content=\"4 minutos\" \/>\n<script type=\"application\/ld+json\" class=\"yoast-schema-graph\">{\"@context\":\"https:\/\/schema.org\",\"@graph\":[{\"@type\":\"Article\",\"@id\":\"https:\/\/www.fiscalia.gov.co\/colombia\/noticias\/fiscal-general-de-la-nacion-ministra-de-justicia-y-defensora-del-pueblo-se-unen-para-impulsar-la-implementacion-de-la-ley-de-utilidad-publica\/#article\",\"isPartOf\":{\"@id\":\"https:\/\/www.fiscalia.gov.co\/colombia\/noticias\/fiscal-general-de-la-nacion-ministra-de-justicia-y-defensora-del-pueblo-se-unen-para-impulsar-la-implementacion-de-la-ley-de-utilidad-publica\/\"},\"author\":{\"name\":\"Jordan Leandro Oviedo Anzola\",\"@id\":\"https:\/\/www.fiscalia.gov.co\/colombia\/#\/schema\/person\/bf84402cf293a5393e9c70b111020b24\"},\"headline\":\"Fiscal general de la Naci\u00f3n, ministra de Justicia y defensora del Pueblo se unen para impulsar la implementaci\u00f3n de la Ley de Utilidad P\u00fablica\",\"datePublished\":\"2024-12-23T18:03:00+00:00\",\"dateModified\":\"2024-12-23T18:07:43+00:00\",\"mainEntityOfPage\":{\"@id\":\"https:\/\/www.fiscalia.gov.co\/colombia\/noticias\/fiscal-general-de-la-nacion-ministra-de-justicia-y-defensora-del-pueblo-se-unen-para-impulsar-la-implementacion-de-la-ley-de-utilidad-publica\/\"},\"wordCount\":668,\"publisher\":{\"@id\":\"https:\/\/www.fiscalia.gov.co\/colombia\/#organization\"},\"image\":{\"@id\":\"https:\/\/www.fiscalia.gov.co\/colombia\/noticias\/fiscal-general-de-la-nacion-ministra-de-justicia-y-defensora-del-pueblo-se-unen-para-impulsar-la-implementacion-de-la-ley-de-utilidad-publica\/#primaryimage\"},\"thumbnailUrl\":\"https:\/\/www.fiscalia.gov.co\/colombia\/wp-content\/uploads\/WhatsApp-Image-2024-12-23-at-1.00.08-PM-2-1024x1024.jpeg\",\"keywords\":[\"Defensor\u00eda del Pueblo\",\"directiva\",\"Fiscal Luz Adriana Camargo\",\"Fiscal\u00eda General de la Naci\u00f3n\",\"gran pastor\",\"ley utilidad publica\",\"marginalidad\",\"ministra de justicia\"],\"articleSection\":[\"Fiscal General de la Naci\u00f3n\",\"Noticias\"],\"inLanguage\":\"es-CO\"},{\"@type\":\"WebPage\",\"@id\":\"https:\/\/www.fiscalia.gov.co\/colombia\/noticias\/fiscal-general-de-la-nacion-ministra-de-justicia-y-defensora-del-pueblo-se-unen-para-impulsar-la-implementacion-de-la-ley-de-utilidad-publica\/\",\"url\":\"https:\/\/www.fiscalia.gov.co\/colombia\/noticias\/fiscal-general-de-la-nacion-ministra-de-justicia-y-defensora-del-pueblo-se-unen-para-impulsar-la-implementacion-de-la-ley-de-utilidad-publica\/\",\"name\":\"Fiscal\u00eda General de la Naci\u00f3n\",\"isPartOf\":{\"@id\":\"https:\/\/www.fiscalia.gov.co\/colombia\/#website\"},\"primaryImageOfPage\":{\"@id\":\"https:\/\/www.fiscalia.gov.co\/colombia\/noticias\/fiscal-general-de-la-nacion-ministra-de-justicia-y-defensora-del-pueblo-se-unen-para-impulsar-la-implementacion-de-la-ley-de-utilidad-publica\/#primaryimage\"},\"image\":{\"@id\":\"https:\/\/www.fiscalia.gov.co\/colombia\/noticias\/fiscal-general-de-la-nacion-ministra-de-justicia-y-defensora-del-pueblo-se-unen-para-impulsar-la-implementacion-de-la-ley-de-utilidad-publica\/#primaryimage\"},\"thumbnailUrl\":\"https:\/\/www.fiscalia.gov.co\/colombia\/wp-content\/uploads\/WhatsApp-Image-2024-12-23-at-1.00.08-PM-2-1024x1024.jpeg\",\"datePublished\":\"2024-12-23T18:03:00+00:00\",\"dateModified\":\"2024-12-23T18:07:43+00:00\",\"description\":\"P\u00e1gina oficial de la Fiscal\u00eda General de la Naci\u00f3n \u2013 Colombia. Garantizamos el acceso efectivo a la justicia, la verdad y la reparaci\u00f3n de las v\u00edctimas de los delitos.\",\"breadcrumb\":{\"@id\":\"https:\/\/www.fiscalia.gov.co\/colombia\/noticias\/fiscal-general-de-la-nacion-ministra-de-justicia-y-defensora-del-pueblo-se-unen-para-impulsar-la-implementacion-de-la-ley-de-utilidad-publica\/#breadcrumb\"},\"inLanguage\":\"es-CO\",\"potentialAction\":[{\"@type\":\"ReadAction\",\"target\":[\"https:\/\/www.fiscalia.gov.co\/colombia\/noticias\/fiscal-general-de-la-nacion-ministra-de-justicia-y-defensora-del-pueblo-se-unen-para-impulsar-la-implementacion-de-la-ley-de-utilidad-publica\/\"]}]},{\"@type\":\"ImageObject\",\"inLanguage\":\"es-CO\",\"@id\":\"https:\/\/www.fiscalia.gov.co\/colombia\/noticias\/fiscal-general-de-la-nacion-ministra-de-justicia-y-defensora-del-pueblo-se-unen-para-impulsar-la-implementacion-de-la-ley-de-utilidad-publica\/#primaryimage\",\"url\":\"https:\/\/www.fiscalia.gov.co\/colombia\/wp-content\/uploads\/WhatsApp-Image-2024-12-23-at-1.00.08-PM-2.jpeg\",\"contentUrl\":\"https:\/\/www.fiscalia.gov.co\/colombia\/wp-content\/uploads\/WhatsApp-Image-2024-12-23-at-1.00.08-PM-2.jpeg\",\"width\":1200,\"height\":1200},{\"@type\":\"BreadcrumbList\",\"@id\":\"https:\/\/www.fiscalia.gov.co\/colombia\/noticias\/fiscal-general-de-la-nacion-ministra-de-justicia-y-defensora-del-pueblo-se-unen-para-impulsar-la-implementacion-de-la-ley-de-utilidad-publica\/#breadcrumb\",\"itemListElement\":[{\"@type\":\"ListItem\",\"position\":1,\"name\":\"Home\",\"item\":\"https:\/\/www.fiscalia.gov.co\/colombia\/\"},{\"@type\":\"ListItem\",\"position\":2,\"name\":\"Fiscal general de la Naci\u00f3n, ministra de Justicia y defensora del Pueblo se unen para impulsar la implementaci\u00f3n de la Ley de Utilidad P\u00fablica\"}]},{\"@type\":\"WebSite\",\"@id\":\"https:\/\/www.fiscalia.gov.co\/colombia\/#website\",\"url\":\"https:\/\/www.fiscalia.gov.co\/colombia\/\",\"name\":\"Fiscal\u00eda General de la Naci\u00f3n\",\"description\":\"P\u00e1gina oficial de la Fiscal\u00eda General de la Naci\u00f3n \u2013 Colombia. Garantizamos el acceso efectivo a la justicia, la verdad y la reparaci\u00f3n de las v\u00edctimas de los delitos.\",\"publisher\":{\"@id\":\"https:\/\/www.fiscalia.gov.co\/colombia\/#organization\"},\"potentialAction\":[{\"@type\":\"SearchAction\",\"target\":{\"@type\":\"EntryPoint\",\"urlTemplate\":\"https:\/\/www.fiscalia.gov.co\/colombia\/?s={search_term_string}\"},\"query-input\":{\"@type\":\"PropertyValueSpecification\",\"valueRequired\":true,\"valueName\":\"search_term_string\"}}],\"inLanguage\":\"es-CO\"},{\"@type\":\"Organization\",\"@id\":\"https:\/\/www.fiscalia.gov.co\/colombia\/#organization\",\"name\":\"Fiscal\u00eda General de la Naci\u00f3n\",\"url\":\"https:\/\/www.fiscalia.gov.co\/colombia\/\",\"logo\":{\"@type\":\"ImageObject\",\"inLanguage\":\"es-CO\",\"@id\":\"https:\/\/www.fiscalia.gov.co\/colombia\/#\/schema\/logo\/image\/\",\"url\":\"https:\/\/www.fiscalia.gov.co\/colombia\/wp-content\/uploads\/LogoHorizontal_1.jpg\",\"contentUrl\":\"https:\/\/www.fiscalia.gov.co\/colombia\/wp-content\/uploads\/LogoHorizontal_1.jpg\",\"width\":300,\"height\":90,\"caption\":\"Fiscal\u00eda General de la Naci\u00f3n\"},\"image\":{\"@id\":\"https:\/\/www.fiscalia.gov.co\/colombia\/#\/schema\/logo\/image\/\"},\"sameAs\":[\"https:\/\/www.facebook.com\/FiscaliaCol\",\"https:\/\/x.com\/FiscaliaCol\",\"https:\/\/www.instagram.com\/fiscaliacol\",\"https:\/\/www.linkedin.com\/company\/fiscalia-general-de-la-naci-n\/\",\"https:\/\/youtube.com\/@fiscaliageneraldelanacion-4668?si=6nN79nyQICPU5iTh\"]},{\"@type\":\"Person\",\"@id\":\"https:\/\/www.fiscalia.gov.co\/colombia\/#\/schema\/person\/bf84402cf293a5393e9c70b111020b24\",\"name\":\"Jordan Leandro Oviedo Anzola\",\"image\":{\"@type\":\"ImageObject\",\"inLanguage\":\"es-CO\",\"@id\":\"https:\/\/www.fiscalia.gov.co\/colombia\/#\/schema\/person\/image\/\",\"url\":\"https:\/\/secure.gravatar.com\/avatar\/dabba4346fa9b9207d96adafa8f92721?s=96&d=mm&r=g\",\"contentUrl\":\"https:\/\/secure.gravatar.com\/avatar\/dabba4346fa9b9207d96adafa8f92721?s=96&d=mm&r=g\",\"caption\":\"Jordan Leandro Oviedo Anzola\"},\"url\":\"https:\/\/www.fiscalia.gov.co\/colombia\/author\/joviedo\/\"}]}<\/script>\n<!-- \/ Yoast SEO plugin. -->","yoast_head_json":{"title":"Fiscal\u00eda General de la Naci\u00f3n","description":"P\u00e1gina oficial de la Fiscal\u00eda General de la Naci\u00f3n \u2013 Colombia. Garantizamos el acceso efectivo a la justicia, la verdad y la reparaci\u00f3n de las v\u00edctimas de los delitos.","robots":{"index":"noindex","follow":"follow"},"og_locale":"es_ES","og_type":"article","og_title":"Fiscal\u00eda General de la Naci\u00f3n","og_description":"P\u00e1gina oficial de la Fiscal\u00eda General de la Naci\u00f3n \u2013 Colombia. Garantizamos el acceso efectivo a la justicia, la verdad y la reparaci\u00f3n de las v\u00edctimas de los delitos.","og_url":"https:\/\/www.fiscalia.gov.co\/colombia\/noticias\/fiscal-general-de-la-nacion-ministra-de-justicia-y-defensora-del-pueblo-se-unen-para-impulsar-la-implementacion-de-la-ley-de-utilidad-publica\/","og_site_name":"Fiscal\u00eda General de la Naci\u00f3n","article_publisher":"https:\/\/www.facebook.com\/FiscaliaCol","article_published_time":"2024-12-23T18:03:00+00:00","article_modified_time":"2024-12-23T18:07:43+00:00","og_image":[{"width":1200,"height":1200,"url":"https:\/\/www.fiscalia.gov.co\/colombia\/wp-content\/uploads\/WhatsApp-Image-2024-12-23-at-1.00.08-PM-2.jpeg","type":"image\/jpeg"}],"author":"Jordan Leandro Oviedo Anzola","twitter_card":"summary_large_image","twitter_creator":"@FiscaliaCol","twitter_site":"@FiscaliaCol","twitter_misc":{"Escrito por":"Jordan Leandro Oviedo Anzola","Tiempo de lectura":"4 minutos"},"schema":{"@context":"https:\/\/schema.org","@graph":[{"@type":"Article","@id":"https:\/\/www.fiscalia.gov.co\/colombia\/noticias\/fiscal-general-de-la-nacion-ministra-de-justicia-y-defensora-del-pueblo-se-unen-para-impulsar-la-implementacion-de-la-ley-de-utilidad-publica\/#article","isPartOf":{"@id":"https:\/\/www.fiscalia.gov.co\/colombia\/noticias\/fiscal-general-de-la-nacion-ministra-de-justicia-y-defensora-del-pueblo-se-unen-para-impulsar-la-implementacion-de-la-ley-de-utilidad-publica\/"},"author":{"name":"Jordan Leandro Oviedo Anzola","@id":"https:\/\/www.fiscalia.gov.co\/colombia\/#\/schema\/person\/bf84402cf293a5393e9c70b111020b24"},"headline":"Fiscal general de la Naci\u00f3n, ministra de Justicia y defensora del Pueblo se unen para impulsar la implementaci\u00f3n de la Ley de Utilidad P\u00fablica","datePublished":"2024-12-23T18:03:00+00:00","dateModified":"2024-12-23T18:07:43+00:00","mainEntityOfPage":{"@id":"https:\/\/www.fiscalia.gov.co\/colombia\/noticias\/fiscal-general-de-la-nacion-ministra-de-justicia-y-defensora-del-pueblo-se-unen-para-impulsar-la-implementacion-de-la-ley-de-utilidad-publica\/"},"wordCount":668,"publisher":{"@id":"https:\/\/www.fiscalia.gov.co\/colombia\/#organization"},"image":{"@id":"https:\/\/www.fiscalia.gov.co\/colombia\/noticias\/fiscal-general-de-la-nacion-ministra-de-justicia-y-defensora-del-pueblo-se-unen-para-impulsar-la-implementacion-de-la-ley-de-utilidad-publica\/#primaryimage"},"thumbnailUrl":"https:\/\/www.fiscalia.gov.co\/colombia\/wp-content\/uploads\/WhatsApp-Image-2024-12-23-at-1.00.08-PM-2-1024x1024.jpeg","keywords":["Defensor\u00eda del Pueblo","directiva","Fiscal Luz Adriana Camargo","Fiscal\u00eda General de la Naci\u00f3n","gran pastor","ley utilidad publica","marginalidad","ministra de justicia"],"articleSection":["Fiscal General de la Naci\u00f3n","Noticias"],"inLanguage":"es-CO"},{"@type":"WebPage","@id":"https:\/\/www.fiscalia.gov.co\/colombia\/noticias\/fiscal-general-de-la-nacion-ministra-de-justicia-y-defensora-del-pueblo-se-unen-para-impulsar-la-implementacion-de-la-ley-de-utilidad-publica\/","url":"https:\/\/www.fiscalia.gov.co\/colombia\/noticias\/fiscal-general-de-la-nacion-ministra-de-justicia-y-defensora-del-pueblo-se-unen-para-impulsar-la-implementacion-de-la-ley-de-utilidad-publica\/","name":"Fiscal\u00eda General de la Naci\u00f3n","isPartOf":{"@id":"https:\/\/www.fiscalia.gov.co\/colombia\/#website"},"primaryImageOfPage":{"@id":"https:\/\/www.fiscalia.gov.co\/colombia\/noticias\/fiscal-general-de-la-nacion-ministra-de-justicia-y-defensora-del-pueblo-se-unen-para-impulsar-la-implementacion-de-la-ley-de-utilidad-publica\/#primaryimage"},"image":{"@id":"https:\/\/www.fiscalia.gov.co\/colombia\/noticias\/fiscal-general-de-la-nacion-ministra-de-justicia-y-defensora-del-pueblo-se-unen-para-impulsar-la-implementacion-de-la-ley-de-utilidad-publica\/#primaryimage"},"thumbnailUrl":"https:\/\/www.fiscalia.gov.co\/colombia\/wp-content\/uploads\/WhatsApp-Image-2024-12-23-at-1.00.08-PM-2-1024x1024.jpeg","datePublished":"2024-12-23T18:03:00+00:00","dateModified":"2024-12-23T18:07:43+00:00","description":"P\u00e1gina oficial de la Fiscal\u00eda General de la Naci\u00f3n \u2013 Colombia. Garantizamos el acceso efectivo a la justicia, la verdad y la reparaci\u00f3n de las v\u00edctimas de los delitos.","breadcrumb":{"@id":"https:\/\/www.fiscalia.gov.co\/colombia\/noticias\/fiscal-general-de-la-nacion-ministra-de-justicia-y-defensora-del-pueblo-se-unen-para-impulsar-la-implementacion-de-la-ley-de-utilidad-publica\/#breadcrumb"},"inLanguage":"es-CO","potentialAction":[{"@type":"ReadAction","target":["https:\/\/www.fiscalia.gov.co\/colombia\/noticias\/fiscal-general-de-la-nacion-ministra-de-justicia-y-defensora-del-pueblo-se-unen-para-impulsar-la-implementacion-de-la-ley-de-utilidad-publica\/"]}]},{"@type":"ImageObject","inLanguage":"es-CO","@id":"https:\/\/www.fiscalia.gov.co\/colombia\/noticias\/fiscal-general-de-la-nacion-ministra-de-justicia-y-defensora-del-pueblo-se-unen-para-impulsar-la-implementacion-de-la-ley-de-utilidad-publica\/#primaryimage","url":"https:\/\/www.fiscalia.gov.co\/colombia\/wp-content\/uploads\/WhatsApp-Image-2024-12-23-at-1.00.08-PM-2.jpeg","contentUrl":"https:\/\/www.fiscalia.gov.co\/colombia\/wp-content\/uploads\/WhatsApp-Image-2024-12-23-at-1.00.08-PM-2.jpeg","width":1200,"height":1200},{"@type":"BreadcrumbList","@id":"https:\/\/www.fiscalia.gov.co\/colombia\/noticias\/fiscal-general-de-la-nacion-ministra-de-justicia-y-defensora-del-pueblo-se-unen-para-impulsar-la-implementacion-de-la-ley-de-utilidad-publica\/#breadcrumb","itemListElement":[{"@type":"ListItem","position":1,"name":"Home","item":"https:\/\/www.fiscalia.gov.co\/colombia\/"},{"@type":"ListItem","position":2,"name":"Fiscal general de la Naci\u00f3n, ministra de Justicia y defensora del Pueblo se unen para impulsar la implementaci\u00f3n de la Ley de Utilidad P\u00fablica"}]},{"@type":"WebSite","@id":"https:\/\/www.fiscalia.gov.co\/colombia\/#website","url":"https:\/\/www.fiscalia.gov.co\/colombia\/","name":"Fiscal\u00eda General de la Naci\u00f3n","description":"P\u00e1gina oficial de la Fiscal\u00eda General de la Naci\u00f3n \u2013 Colombia. Garantizamos el acceso efectivo a la justicia, la verdad y la reparaci\u00f3n de las v\u00edctimas de los delitos.","publisher":{"@id":"https:\/\/www.fiscalia.gov.co\/colombia\/#organization"},"potentialAction":[{"@type":"SearchAction","target":{"@type":"EntryPoint","urlTemplate":"https:\/\/www.fiscalia.gov.co\/colombia\/?s={search_term_string}"},"query-input":{"@type":"PropertyValueSpecification","valueRequired":true,"valueName":"search_term_string"}}],"inLanguage":"es-CO"},{"@type":"Organization","@id":"https:\/\/www.fiscalia.gov.co\/colombia\/#organization","name":"Fiscal\u00eda General de la Naci\u00f3n","url":"https:\/\/www.fiscalia.gov.co\/colombia\/","logo":{"@type":"ImageObject","inLanguage":"es-CO","@id":"https:\/\/www.fiscalia.gov.co\/colombia\/#\/schema\/logo\/image\/","url":"https:\/\/www.fiscalia.gov.co\/colombia\/wp-content\/uploads\/LogoHorizontal_1.jpg","contentUrl":"https:\/\/www.fiscalia.gov.co\/colombia\/wp-content\/uploads\/LogoHorizontal_1.jpg","width":300,"height":90,"caption":"Fiscal\u00eda General de la Naci\u00f3n"},"image":{"@id":"https:\/\/www.fiscalia.gov.co\/colombia\/#\/schema\/logo\/image\/"},"sameAs":["https:\/\/www.facebook.com\/FiscaliaCol","https:\/\/x.com\/FiscaliaCol","https:\/\/www.instagram.com\/fiscaliacol","https:\/\/www.linkedin.com\/company\/fiscalia-general-de-la-naci-n\/","https:\/\/youtube.com\/@fiscaliageneraldelanacion-4668?si=6nN79nyQICPU5iTh"]},{"@type":"Person","@id":"https:\/\/www.fiscalia.gov.co\/colombia\/#\/schema\/person\/bf84402cf293a5393e9c70b111020b24","name":"Jordan Leandro Oviedo Anzola","image":{"@type":"ImageObject","inLanguage":"es-CO","@id":"https:\/\/www.fiscalia.gov.co\/colombia\/#\/schema\/person\/image\/","url":"https:\/\/secure.gravatar.com\/avatar\/dabba4346fa9b9207d96adafa8f92721?s=96&d=mm&r=g","contentUrl":"https:\/\/secure.gravatar.com\/avatar\/dabba4346fa9b9207d96adafa8f92721?s=96&d=mm&r=g","caption":"Jordan Leandro Oviedo Anzola"},"url":"https:\/\/www.fiscalia.gov.co\/colombia\/author\/joviedo\/"}]}},"_links":{"self":[{"href":"https:\/\/www.fiscalia.gov.co\/colombia\/wp-json\/wp\/v2\/posts\/307921","targetHints":{"allow":["GET"]}}],"collection":[{"href":"https:\/\/www.fiscalia.gov.co\/colombia\/wp-json\/wp\/v2\/posts"}],"about":[{"href":"https:\/\/www.fiscalia.gov.co\/colombia\/wp-json\/wp\/v2\/types\/post"}],"author":[{"embeddable":true,"href":"https:\/\/www.fiscalia.gov.co\/colombia\/wp-json\/wp\/v2\/users\/177"}],"replies":[{"embeddable":true,"href":"https:\/\/www.fiscalia.gov.co\/colombia\/wp-json\/wp\/v2\/comments?post=307921"}],"version-history":[{"count":6,"href":"https:\/\/www.fiscalia.gov.co\/colombia\/wp-json\/wp\/v2\/posts\/307921\/revisions"}],"predecessor-version":[{"id":308611,"href":"https:\/\/www.fiscalia.gov.co\/colombia\/wp-json\/wp\/v2\/posts\/307921\/revisions\/308611"}],"wp:attachment":[{"href":"https:\/\/www.fiscalia.gov.co\/colombia\/wp-json\/wp\/v2\/media?parent=307921"}],"wp:term":[{"taxonomy":"category","embeddable":true,"href":"https:\/\/www.fiscalia.gov.co\/colombia\/wp-json\/wp\/v2\/categories?post=307921"},{"taxonomy":"post_tag","embeddable":true,"href":"https:\/\/www.fiscalia.gov.co\/colombia\/wp-json\/wp\/v2\/tags?post=307921"}],"curies":[{"name":"wp","href":"https:\/\/api.w.org\/{rel}","templated":true}]}}