{"id":307920,"date":"2024-12-23T15:31:59","date_gmt":"2024-12-23T20:31:59","guid":{"rendered":"https:\/\/www.fiscalia.gov.co\/colombia\/?p=307920"},"modified":"2024-12-23T16:15:59","modified_gmt":"2024-12-23T21:15:59","slug":"a-la-carcel-fue-enviado-un-hombre-presuntamente-responsable-de-extorsionar-vendedores-ambulantes-que-laboran-en-el-alumbrado-navideno-de-medellin","status":"publish","type":"post","link":"https:\/\/www.fiscalia.gov.co\/colombia\/noticias\/a-la-carcel-fue-enviado-un-hombre-presuntamente-responsable-de-extorsionar-vendedores-ambulantes-que-laboran-en-el-alumbrado-navideno-de-medellin\/","title":{"rendered":"A la c\u00e1rcel fueron enviados cuatro hombres presuntamente responsables de extorsionar vendedores ambulantes que laboran en el alumbrado navide\u00f1o de Medell\u00edn"},"content":{"rendered":"<div>Una de las v\u00edctimas se vio obligada a pagar en 20 oportunidades las exigencias il\u00edcitas, para de esa manera poder trabajar con su carro de comidas r\u00e1pidas.<\/div>\n<div><\/div>\n<div>La Fiscal\u00eda General de la Naci\u00f3n obtuvo medida de aseguramiento centro carcelario contra cuatro\u00a0hombres presuntamente responsables de <strong>extorsionar a los vendedores ambulantes que trabajan en los alumbrados navide\u00f1os, ubicados en el sector Parques del R\u00edo de la capital antioque\u00f1a.<\/strong><\/div>\n<div><\/div>\n<div>Se trata de Marlon Jair S\u00e1rate Mej\u00eda, alias Chamo; Stiven Ramos, alias Ram\u00f3n; Esneider Ruiz \u00c1lvarez, alias El Flaco y Ronal David Sosa Arboleda,<strong> alias El Gordo,<\/strong> quienes har\u00edan parte de la GDO Caicedo que delinque en el oriente y centro de Medell\u00edn.<\/div>\n<div><\/div>\n<div>Los procesados fueron imputados con los delitos de tentativa de extorsi\u00f3n agravada y extorsi\u00f3n agravada consumada. Ninguno de los cargos fue aceptado.<\/div>\n<div>\n<figure id=\"attachment_307941\" aria-describedby=\"caption-attachment-307941\" style=\"width: 538px\" class=\"wp-caption aligncenter\"><img loading=\"lazy\" decoding=\"async\" class=\" wp-image-307941\" src=\"https:\/\/www.fiscalia.gov.co\/colombia\/wp-content\/uploads\/Alias-Chamo-alias-Ramon-alias-El-Flaco-y-alias-El-Gordo-300x169.jpg\" alt=\"En la imagen est\u00e1n los 4 hombres con un servidor de la Polic\u00eda Nacional a los lados y al frente una mesa con 4 celulares incautados \" width=\"538\" height=\"303\" srcset=\"https:\/\/www.fiscalia.gov.co\/colombia\/wp-content\/uploads\/Alias-Chamo-alias-Ramon-alias-El-Flaco-y-alias-El-Gordo-300x169.jpg 300w, https:\/\/www.fiscalia.gov.co\/colombia\/wp-content\/uploads\/Alias-Chamo-alias-Ramon-alias-El-Flaco-y-alias-El-Gordo-1024x576.jpg 1024w, https:\/\/www.fiscalia.gov.co\/colombia\/wp-content\/uploads\/Alias-Chamo-alias-Ramon-alias-El-Flaco-y-alias-El-Gordo-768x432.jpg 768w, https:\/\/www.fiscalia.gov.co\/colombia\/wp-content\/uploads\/Alias-Chamo-alias-Ramon-alias-El-Flaco-y-alias-El-Gordo-1536x864.jpg 1536w, https:\/\/www.fiscalia.gov.co\/colombia\/wp-content\/uploads\/Alias-Chamo-alias-Ramon-alias-El-Flaco-y-alias-El-Gordo-747x420.jpg 747w, https:\/\/www.fiscalia.gov.co\/colombia\/wp-content\/uploads\/Alias-Chamo-alias-Ramon-alias-El-Flaco-y-alias-El-Gordo-696x392.jpg 696w, https:\/\/www.fiscalia.gov.co\/colombia\/wp-content\/uploads\/Alias-Chamo-alias-Ramon-alias-El-Flaco-y-alias-El-Gordo-1068x601.jpg 1068w, https:\/\/www.fiscalia.gov.co\/colombia\/wp-content\/uploads\/Alias-Chamo-alias-Ramon-alias-El-Flaco-y-alias-El-Gordo.jpg 1600w\" sizes=\"auto, (max-width: 538px) 100vw, 538px\" \/><figcaption id=\"caption-attachment-307941\" class=\"wp-caption-text\">Presuntos responsables de extorsionar a los comerciantes de los alumbrados navide\u00f1os en Medell\u00edn.<\/figcaption><\/figure>\n<\/div>\n<div>De acuerdo con la investigaci\u00f3n, adelantada por un fiscal especializado de Medell\u00edn, entre noviembre y diciembre pasados los procesados, al parecer, ven\u00edan extorsionando a los comerciantes, quienes deb\u00edan pagar sumas de 10.000 pesos diarios a cambio de supuestamente brindarles seguridad y as\u00ed evitar que les fueran hurtadas las mercanc\u00edas.<\/div>\n<div><\/div>\n<div>Estas acciones il\u00edcitas generaban<strong> rentas il\u00edcitas para la red criminal cercanas a dos millones de pesos al d\u00eda.<\/strong><\/div>\n<div><\/div>\n<div>Los investigados fueron capturados el pasado 20 de diciembre en operativos adelantados por el Gaula de la Polic\u00eda en los municipios de Medell\u00edn y Bello (Antioquia).<\/div>\n<div><\/div>\n<div>S\u00e1rate Mej\u00eda deber\u00e1 responder por 20 eventos de extorsi\u00f3n agravada contra una vendedora de comidas r\u00e1pidas.<\/div>\n<div><\/div>\n<div><\/div>\n<div><\/div>\n<div><\/div>\n<div>NAMT\/GV\/MAGA\/DSM<\/div>\n<div><\/div>\n<div><\/div>\n<div><\/div>\n<div><\/div>\n<div><\/div>\n<div><em>La informaci\u00f3n contenida en este bolet\u00edn de prensa corresponde a la narraci\u00f3n de los hechos noticiosos objetivos, suministrados por los funcionarios encargados de adelantar las investigaciones penales al interior de la Fiscal\u00eda General de la Naci\u00f3n. Para el momento de la divulgaci\u00f3n de este comunicado, la situaci\u00f3n jur\u00eddica de la(s) persona(s) relacionada(s) se encuentra pendiente de resolver por la autoridad judicial competente, siempre bajo los preceptos de la presunci\u00f3n de inocencia, consagrados en el art\u00edculo 29 de la Constituci\u00f3n Pol\u00edtica y el art\u00edculo 7\u00ba de la Ley 906 de 2004.<\/em><\/div>\n<div><\/div>\n<div><\/div>\n\n<div class=\"twitter-share\"><a href=\"https:\/\/twitter.com\/intent\/tweet?via=fiscaliacol\" class=\"twitter-share-button\">Tweet<\/a><\/div>\n","protected":false},"excerpt":{"rendered":"<p>Una de las v\u00edctimas se vio obligada a pagar en 20 oportunidades las exigencias il\u00edcitas, para de esa manera poder trabajar con su carro de comidas r\u00e1pidas. La Fiscal\u00eda General [&hellip;]<\/p>\n","protected":false},"author":178,"featured_media":0,"comment_status":"closed","ping_status":"open","sticky":false,"template":"","format":"standard","meta":{"tdm_status":"","tdm_grid_status":"","footnotes":""},"categories":[1,331,303,24099],"tags":[39728,24561,1047,11545,23985,39729],"class_list":["post-307920","post","type-post","status-publish","format-standard","category-noticias","category-seccional-medellin","category-seccionales","category-seguridad-territorial","tag-alumbrado-navideno","tag-extorsion-a-comerciantes","tag-fiscalia-general-de-la-nacion","tag-gaula-de-la-policia","tag-medellin-antioquia","tag-parques-del-rio"],"yoast_head":"<!-- This site is optimized with the Yoast SEO plugin v24.3 - https:\/\/yoast.com\/wordpress\/plugins\/seo\/ -->\n<title>Fiscal\u00eda General de la Naci\u00f3n<\/title>\n<meta name=\"description\" content=\"P\u00e1gina oficial de la Fiscal\u00eda General de la Naci\u00f3n \u2013 Colombia. Garantizamos el acceso efectivo a la justicia, la verdad y la reparaci\u00f3n de las v\u00edctimas de los delitos.\" \/>\n<meta name=\"robots\" content=\"noindex, follow\" \/>\n<meta property=\"og:locale\" content=\"es_ES\" \/>\n<meta property=\"og:type\" content=\"article\" \/>\n<meta property=\"og:title\" content=\"Fiscal\u00eda General de la Naci\u00f3n\" \/>\n<meta property=\"og:description\" content=\"P\u00e1gina oficial de la Fiscal\u00eda General de la Naci\u00f3n \u2013 Colombia. Garantizamos el acceso efectivo a la justicia, la verdad y la reparaci\u00f3n de las v\u00edctimas de los delitos.\" \/>\n<meta property=\"og:url\" content=\"https:\/\/www.fiscalia.gov.co\/colombia\/noticias\/a-la-carcel-fue-enviado-un-hombre-presuntamente-responsable-de-extorsionar-vendedores-ambulantes-que-laboran-en-el-alumbrado-navideno-de-medellin\/\" \/>\n<meta property=\"og:site_name\" content=\"Fiscal\u00eda General de la Naci\u00f3n\" \/>\n<meta property=\"article:publisher\" content=\"https:\/\/www.facebook.com\/FiscaliaCol\" \/>\n<meta property=\"article:published_time\" content=\"2024-12-23T20:31:59+00:00\" \/>\n<meta property=\"article:modified_time\" content=\"2024-12-23T21:15:59+00:00\" \/>\n<meta property=\"og:image\" content=\"https:\/\/www.fiscalia.gov.co\/colombia\/wp-content\/uploads\/Alias-Chamo-alias-Ramon-alias-El-Flaco-y-alias-El-Gordo.jpg\" \/>\n\t<meta property=\"og:image:width\" content=\"1600\" \/>\n\t<meta property=\"og:image:height\" content=\"900\" \/>\n\t<meta property=\"og:image:type\" content=\"image\/jpeg\" \/>\n<meta name=\"author\" content=\"Winnie Geraldine Rodr\u00edguez Navarrete\" \/>\n<meta name=\"twitter:card\" content=\"summary_large_image\" \/>\n<meta name=\"twitter:creator\" content=\"@FiscaliaCol\" \/>\n<meta name=\"twitter:site\" content=\"@FiscaliaCol\" \/>\n<meta name=\"twitter:label1\" content=\"Escrito por\" \/>\n\t<meta name=\"twitter:data1\" content=\"Winnie Geraldine Rodr\u00edguez Navarrete\" \/>\n\t<meta name=\"twitter:label2\" content=\"Tiempo de lectura\" \/>\n\t<meta name=\"twitter:data2\" content=\"2 minutos\" \/>\n<script type=\"application\/ld+json\" class=\"yoast-schema-graph\">{\"@context\":\"https:\/\/schema.org\",\"@graph\":[{\"@type\":\"Article\",\"@id\":\"https:\/\/www.fiscalia.gov.co\/colombia\/noticias\/a-la-carcel-fue-enviado-un-hombre-presuntamente-responsable-de-extorsionar-vendedores-ambulantes-que-laboran-en-el-alumbrado-navideno-de-medellin\/#article\",\"isPartOf\":{\"@id\":\"https:\/\/www.fiscalia.gov.co\/colombia\/noticias\/a-la-carcel-fue-enviado-un-hombre-presuntamente-responsable-de-extorsionar-vendedores-ambulantes-que-laboran-en-el-alumbrado-navideno-de-medellin\/\"},\"author\":{\"name\":\"Winnie Geraldine Rodr\u00edguez Navarrete\",\"@id\":\"https:\/\/www.fiscalia.gov.co\/colombia\/#\/schema\/person\/176195b99ebab0a52aafa15197e1bf80\"},\"headline\":\"A la c\u00e1rcel fueron enviados cuatro hombres presuntamente responsables de extorsionar vendedores ambulantes que laboran en el alumbrado navide\u00f1o de Medell\u00edn\",\"datePublished\":\"2024-12-23T20:31:59+00:00\",\"dateModified\":\"2024-12-23T21:15:59+00:00\",\"mainEntityOfPage\":{\"@id\":\"https:\/\/www.fiscalia.gov.co\/colombia\/noticias\/a-la-carcel-fue-enviado-un-hombre-presuntamente-responsable-de-extorsionar-vendedores-ambulantes-que-laboran-en-el-alumbrado-navideno-de-medellin\/\"},\"wordCount\":418,\"publisher\":{\"@id\":\"https:\/\/www.fiscalia.gov.co\/colombia\/#organization\"},\"image\":{\"@id\":\"https:\/\/www.fiscalia.gov.co\/colombia\/noticias\/a-la-carcel-fue-enviado-un-hombre-presuntamente-responsable-de-extorsionar-vendedores-ambulantes-que-laboran-en-el-alumbrado-navideno-de-medellin\/#primaryimage\"},\"thumbnailUrl\":\"https:\/\/www.fiscalia.gov.co\/colombia\/wp-content\/uploads\/Alias-Chamo-alias-Ramon-alias-El-Flaco-y-alias-El-Gordo-300x169.jpg\",\"keywords\":[\"Alumbrado navide\u00f1o\",\"extorsi\u00f3n a comerciantes\",\"Fiscal\u00eda General de la Naci\u00f3n\",\"Gaula de la Polic\u00eda\",\"Medell\u00edn (Antioquia)\",\"Parques del R\u00edo\"],\"articleSection\":[\"Noticias\",\"Seccional Medell\u00edn\",\"Seccionales\",\"Seguridad territorial\"],\"inLanguage\":\"es-CO\"},{\"@type\":\"WebPage\",\"@id\":\"https:\/\/www.fiscalia.gov.co\/colombia\/noticias\/a-la-carcel-fue-enviado-un-hombre-presuntamente-responsable-de-extorsionar-vendedores-ambulantes-que-laboran-en-el-alumbrado-navideno-de-medellin\/\",\"url\":\"https:\/\/www.fiscalia.gov.co\/colombia\/noticias\/a-la-carcel-fue-enviado-un-hombre-presuntamente-responsable-de-extorsionar-vendedores-ambulantes-que-laboran-en-el-alumbrado-navideno-de-medellin\/\",\"name\":\"Fiscal\u00eda General de la Naci\u00f3n\",\"isPartOf\":{\"@id\":\"https:\/\/www.fiscalia.gov.co\/colombia\/#website\"},\"primaryImageOfPage\":{\"@id\":\"https:\/\/www.fiscalia.gov.co\/colombia\/noticias\/a-la-carcel-fue-enviado-un-hombre-presuntamente-responsable-de-extorsionar-vendedores-ambulantes-que-laboran-en-el-alumbrado-navideno-de-medellin\/#primaryimage\"},\"image\":{\"@id\":\"https:\/\/www.fiscalia.gov.co\/colombia\/noticias\/a-la-carcel-fue-enviado-un-hombre-presuntamente-responsable-de-extorsionar-vendedores-ambulantes-que-laboran-en-el-alumbrado-navideno-de-medellin\/#primaryimage\"},\"thumbnailUrl\":\"https:\/\/www.fiscalia.gov.co\/colombia\/wp-content\/uploads\/Alias-Chamo-alias-Ramon-alias-El-Flaco-y-alias-El-Gordo-300x169.jpg\",\"datePublished\":\"2024-12-23T20:31:59+00:00\",\"dateModified\":\"2024-12-23T21:15:59+00:00\",\"description\":\"P\u00e1gina oficial de la Fiscal\u00eda General de la Naci\u00f3n \u2013 Colombia. Garantizamos el acceso efectivo a la justicia, la verdad y la reparaci\u00f3n de las v\u00edctimas de los delitos.\",\"breadcrumb\":{\"@id\":\"https:\/\/www.fiscalia.gov.co\/colombia\/noticias\/a-la-carcel-fue-enviado-un-hombre-presuntamente-responsable-de-extorsionar-vendedores-ambulantes-que-laboran-en-el-alumbrado-navideno-de-medellin\/#breadcrumb\"},\"inLanguage\":\"es-CO\",\"potentialAction\":[{\"@type\":\"ReadAction\",\"target\":[\"https:\/\/www.fiscalia.gov.co\/colombia\/noticias\/a-la-carcel-fue-enviado-un-hombre-presuntamente-responsable-de-extorsionar-vendedores-ambulantes-que-laboran-en-el-alumbrado-navideno-de-medellin\/\"]}]},{\"@type\":\"ImageObject\",\"inLanguage\":\"es-CO\",\"@id\":\"https:\/\/www.fiscalia.gov.co\/colombia\/noticias\/a-la-carcel-fue-enviado-un-hombre-presuntamente-responsable-de-extorsionar-vendedores-ambulantes-que-laboran-en-el-alumbrado-navideno-de-medellin\/#primaryimage\",\"url\":\"https:\/\/www.fiscalia.gov.co\/colombia\/wp-content\/uploads\/Alias-Chamo-alias-Ramon-alias-El-Flaco-y-alias-El-Gordo.jpg\",\"contentUrl\":\"https:\/\/www.fiscalia.gov.co\/colombia\/wp-content\/uploads\/Alias-Chamo-alias-Ramon-alias-El-Flaco-y-alias-El-Gordo.jpg\",\"width\":1600,\"height\":900,\"caption\":\"Presuntos responsables de extorsionar a los comerciantes de los alumbrados navide\u00f1os en Medell\u00edn\"},{\"@type\":\"BreadcrumbList\",\"@id\":\"https:\/\/www.fiscalia.gov.co\/colombia\/noticias\/a-la-carcel-fue-enviado-un-hombre-presuntamente-responsable-de-extorsionar-vendedores-ambulantes-que-laboran-en-el-alumbrado-navideno-de-medellin\/#breadcrumb\",\"itemListElement\":[{\"@type\":\"ListItem\",\"position\":1,\"name\":\"Home\",\"item\":\"https:\/\/www.fiscalia.gov.co\/colombia\/\"},{\"@type\":\"ListItem\",\"position\":2,\"name\":\"A la c\u00e1rcel fueron enviados cuatro hombres presuntamente responsables de extorsionar vendedores ambulantes que laboran en el alumbrado navide\u00f1o de Medell\u00edn\"}]},{\"@type\":\"WebSite\",\"@id\":\"https:\/\/www.fiscalia.gov.co\/colombia\/#website\",\"url\":\"https:\/\/www.fiscalia.gov.co\/colombia\/\",\"name\":\"Fiscal\u00eda General de la Naci\u00f3n\",\"description\":\"P\u00e1gina oficial de la Fiscal\u00eda General de la Naci\u00f3n \u2013 Colombia. Garantizamos el acceso efectivo a la justicia, la verdad y la reparaci\u00f3n de las v\u00edctimas de los delitos.\",\"publisher\":{\"@id\":\"https:\/\/www.fiscalia.gov.co\/colombia\/#organization\"},\"potentialAction\":[{\"@type\":\"SearchAction\",\"target\":{\"@type\":\"EntryPoint\",\"urlTemplate\":\"https:\/\/www.fiscalia.gov.co\/colombia\/?s={search_term_string}\"},\"query-input\":{\"@type\":\"PropertyValueSpecification\",\"valueRequired\":true,\"valueName\":\"search_term_string\"}}],\"inLanguage\":\"es-CO\"},{\"@type\":\"Organization\",\"@id\":\"https:\/\/www.fiscalia.gov.co\/colombia\/#organization\",\"name\":\"Fiscal\u00eda General de la Naci\u00f3n\",\"url\":\"https:\/\/www.fiscalia.gov.co\/colombia\/\",\"logo\":{\"@type\":\"ImageObject\",\"inLanguage\":\"es-CO\",\"@id\":\"https:\/\/www.fiscalia.gov.co\/colombia\/#\/schema\/logo\/image\/\",\"url\":\"https:\/\/www.fiscalia.gov.co\/colombia\/wp-content\/uploads\/LogoHorizontal_1.jpg\",\"contentUrl\":\"https:\/\/www.fiscalia.gov.co\/colombia\/wp-content\/uploads\/LogoHorizontal_1.jpg\",\"width\":300,\"height\":90,\"caption\":\"Fiscal\u00eda General de la Naci\u00f3n\"},\"image\":{\"@id\":\"https:\/\/www.fiscalia.gov.co\/colombia\/#\/schema\/logo\/image\/\"},\"sameAs\":[\"https:\/\/www.facebook.com\/FiscaliaCol\",\"https:\/\/x.com\/FiscaliaCol\",\"https:\/\/www.instagram.com\/fiscaliacol\",\"https:\/\/www.linkedin.com\/company\/fiscalia-general-de-la-naci-n\/\",\"https:\/\/youtube.com\/@fiscaliageneraldelanacion-4668?si=6nN79nyQICPU5iTh\"]},{\"@type\":\"Person\",\"@id\":\"https:\/\/www.fiscalia.gov.co\/colombia\/#\/schema\/person\/176195b99ebab0a52aafa15197e1bf80\",\"name\":\"Winnie Geraldine Rodr\u00edguez Navarrete\",\"image\":{\"@type\":\"ImageObject\",\"inLanguage\":\"es-CO\",\"@id\":\"https:\/\/www.fiscalia.gov.co\/colombia\/#\/schema\/person\/image\/\",\"url\":\"https:\/\/secure.gravatar.com\/avatar\/c24cf8481dc84fa5e8c7b20bc95ab0c6?s=96&d=mm&r=g\",\"contentUrl\":\"https:\/\/secure.gravatar.com\/avatar\/c24cf8481dc84fa5e8c7b20bc95ab0c6?s=96&d=mm&r=g\",\"caption\":\"Winnie Geraldine Rodr\u00edguez Navarrete\"},\"url\":\"https:\/\/www.fiscalia.gov.co\/colombia\/author\/winnierodriguez\/\"}]}<\/script>\n<!-- \/ Yoast SEO plugin. -->","yoast_head_json":{"title":"Fiscal\u00eda General de la Naci\u00f3n","description":"P\u00e1gina oficial de la Fiscal\u00eda General de la Naci\u00f3n \u2013 Colombia. Garantizamos el acceso efectivo a la justicia, la verdad y la reparaci\u00f3n de las v\u00edctimas de los delitos.","robots":{"index":"noindex","follow":"follow"},"og_locale":"es_ES","og_type":"article","og_title":"Fiscal\u00eda General de la Naci\u00f3n","og_description":"P\u00e1gina oficial de la Fiscal\u00eda General de la Naci\u00f3n \u2013 Colombia. Garantizamos el acceso efectivo a la justicia, la verdad y la reparaci\u00f3n de las v\u00edctimas de los delitos.","og_url":"https:\/\/www.fiscalia.gov.co\/colombia\/noticias\/a-la-carcel-fue-enviado-un-hombre-presuntamente-responsable-de-extorsionar-vendedores-ambulantes-que-laboran-en-el-alumbrado-navideno-de-medellin\/","og_site_name":"Fiscal\u00eda General de la Naci\u00f3n","article_publisher":"https:\/\/www.facebook.com\/FiscaliaCol","article_published_time":"2024-12-23T20:31:59+00:00","article_modified_time":"2024-12-23T21:15:59+00:00","og_image":[{"width":1600,"height":900,"url":"https:\/\/www.fiscalia.gov.co\/colombia\/wp-content\/uploads\/Alias-Chamo-alias-Ramon-alias-El-Flaco-y-alias-El-Gordo.jpg","type":"image\/jpeg"}],"author":"Winnie Geraldine Rodr\u00edguez Navarrete","twitter_card":"summary_large_image","twitter_creator":"@FiscaliaCol","twitter_site":"@FiscaliaCol","twitter_misc":{"Escrito por":"Winnie Geraldine Rodr\u00edguez Navarrete","Tiempo de lectura":"2 minutos"},"schema":{"@context":"https:\/\/schema.org","@graph":[{"@type":"Article","@id":"https:\/\/www.fiscalia.gov.co\/colombia\/noticias\/a-la-carcel-fue-enviado-un-hombre-presuntamente-responsable-de-extorsionar-vendedores-ambulantes-que-laboran-en-el-alumbrado-navideno-de-medellin\/#article","isPartOf":{"@id":"https:\/\/www.fiscalia.gov.co\/colombia\/noticias\/a-la-carcel-fue-enviado-un-hombre-presuntamente-responsable-de-extorsionar-vendedores-ambulantes-que-laboran-en-el-alumbrado-navideno-de-medellin\/"},"author":{"name":"Winnie Geraldine Rodr\u00edguez Navarrete","@id":"https:\/\/www.fiscalia.gov.co\/colombia\/#\/schema\/person\/176195b99ebab0a52aafa15197e1bf80"},"headline":"A la c\u00e1rcel fueron enviados cuatro hombres presuntamente responsables de extorsionar vendedores ambulantes que laboran en el alumbrado navide\u00f1o de Medell\u00edn","datePublished":"2024-12-23T20:31:59+00:00","dateModified":"2024-12-23T21:15:59+00:00","mainEntityOfPage":{"@id":"https:\/\/www.fiscalia.gov.co\/colombia\/noticias\/a-la-carcel-fue-enviado-un-hombre-presuntamente-responsable-de-extorsionar-vendedores-ambulantes-que-laboran-en-el-alumbrado-navideno-de-medellin\/"},"wordCount":418,"publisher":{"@id":"https:\/\/www.fiscalia.gov.co\/colombia\/#organization"},"image":{"@id":"https:\/\/www.fiscalia.gov.co\/colombia\/noticias\/a-la-carcel-fue-enviado-un-hombre-presuntamente-responsable-de-extorsionar-vendedores-ambulantes-que-laboran-en-el-alumbrado-navideno-de-medellin\/#primaryimage"},"thumbnailUrl":"https:\/\/www.fiscalia.gov.co\/colombia\/wp-content\/uploads\/Alias-Chamo-alias-Ramon-alias-El-Flaco-y-alias-El-Gordo-300x169.jpg","keywords":["Alumbrado navide\u00f1o","extorsi\u00f3n a comerciantes","Fiscal\u00eda General de la Naci\u00f3n","Gaula de la Polic\u00eda","Medell\u00edn (Antioquia)","Parques del R\u00edo"],"articleSection":["Noticias","Seccional Medell\u00edn","Seccionales","Seguridad territorial"],"inLanguage":"es-CO"},{"@type":"WebPage","@id":"https:\/\/www.fiscalia.gov.co\/colombia\/noticias\/a-la-carcel-fue-enviado-un-hombre-presuntamente-responsable-de-extorsionar-vendedores-ambulantes-que-laboran-en-el-alumbrado-navideno-de-medellin\/","url":"https:\/\/www.fiscalia.gov.co\/colombia\/noticias\/a-la-carcel-fue-enviado-un-hombre-presuntamente-responsable-de-extorsionar-vendedores-ambulantes-que-laboran-en-el-alumbrado-navideno-de-medellin\/","name":"Fiscal\u00eda General de la Naci\u00f3n","isPartOf":{"@id":"https:\/\/www.fiscalia.gov.co\/colombia\/#website"},"primaryImageOfPage":{"@id":"https:\/\/www.fiscalia.gov.co\/colombia\/noticias\/a-la-carcel-fue-enviado-un-hombre-presuntamente-responsable-de-extorsionar-vendedores-ambulantes-que-laboran-en-el-alumbrado-navideno-de-medellin\/#primaryimage"},"image":{"@id":"https:\/\/www.fiscalia.gov.co\/colombia\/noticias\/a-la-carcel-fue-enviado-un-hombre-presuntamente-responsable-de-extorsionar-vendedores-ambulantes-que-laboran-en-el-alumbrado-navideno-de-medellin\/#primaryimage"},"thumbnailUrl":"https:\/\/www.fiscalia.gov.co\/colombia\/wp-content\/uploads\/Alias-Chamo-alias-Ramon-alias-El-Flaco-y-alias-El-Gordo-300x169.jpg","datePublished":"2024-12-23T20:31:59+00:00","dateModified":"2024-12-23T21:15:59+00:00","description":"P\u00e1gina oficial de la Fiscal\u00eda General de la Naci\u00f3n \u2013 Colombia. Garantizamos el acceso efectivo a la justicia, la verdad y la reparaci\u00f3n de las v\u00edctimas de los delitos.","breadcrumb":{"@id":"https:\/\/www.fiscalia.gov.co\/colombia\/noticias\/a-la-carcel-fue-enviado-un-hombre-presuntamente-responsable-de-extorsionar-vendedores-ambulantes-que-laboran-en-el-alumbrado-navideno-de-medellin\/#breadcrumb"},"inLanguage":"es-CO","potentialAction":[{"@type":"ReadAction","target":["https:\/\/www.fiscalia.gov.co\/colombia\/noticias\/a-la-carcel-fue-enviado-un-hombre-presuntamente-responsable-de-extorsionar-vendedores-ambulantes-que-laboran-en-el-alumbrado-navideno-de-medellin\/"]}]},{"@type":"ImageObject","inLanguage":"es-CO","@id":"https:\/\/www.fiscalia.gov.co\/colombia\/noticias\/a-la-carcel-fue-enviado-un-hombre-presuntamente-responsable-de-extorsionar-vendedores-ambulantes-que-laboran-en-el-alumbrado-navideno-de-medellin\/#primaryimage","url":"https:\/\/www.fiscalia.gov.co\/colombia\/wp-content\/uploads\/Alias-Chamo-alias-Ramon-alias-El-Flaco-y-alias-El-Gordo.jpg","contentUrl":"https:\/\/www.fiscalia.gov.co\/colombia\/wp-content\/uploads\/Alias-Chamo-alias-Ramon-alias-El-Flaco-y-alias-El-Gordo.jpg","width":1600,"height":900,"caption":"Presuntos responsables de extorsionar a los comerciantes de los alumbrados navide\u00f1os en Medell\u00edn"},{"@type":"BreadcrumbList","@id":"https:\/\/www.fiscalia.gov.co\/colombia\/noticias\/a-la-carcel-fue-enviado-un-hombre-presuntamente-responsable-de-extorsionar-vendedores-ambulantes-que-laboran-en-el-alumbrado-navideno-de-medellin\/#breadcrumb","itemListElement":[{"@type":"ListItem","position":1,"name":"Home","item":"https:\/\/www.fiscalia.gov.co\/colombia\/"},{"@type":"ListItem","position":2,"name":"A la c\u00e1rcel fueron enviados cuatro hombres presuntamente responsables de extorsionar vendedores ambulantes que laboran en el alumbrado navide\u00f1o de Medell\u00edn"}]},{"@type":"WebSite","@id":"https:\/\/www.fiscalia.gov.co\/colombia\/#website","url":"https:\/\/www.fiscalia.gov.co\/colombia\/","name":"Fiscal\u00eda General de la Naci\u00f3n","description":"P\u00e1gina oficial de la Fiscal\u00eda General de la Naci\u00f3n \u2013 Colombia. Garantizamos el acceso efectivo a la justicia, la verdad y la reparaci\u00f3n de las v\u00edctimas de los delitos.","publisher":{"@id":"https:\/\/www.fiscalia.gov.co\/colombia\/#organization"},"potentialAction":[{"@type":"SearchAction","target":{"@type":"EntryPoint","urlTemplate":"https:\/\/www.fiscalia.gov.co\/colombia\/?s={search_term_string}"},"query-input":{"@type":"PropertyValueSpecification","valueRequired":true,"valueName":"search_term_string"}}],"inLanguage":"es-CO"},{"@type":"Organization","@id":"https:\/\/www.fiscalia.gov.co\/colombia\/#organization","name":"Fiscal\u00eda General de la Naci\u00f3n","url":"https:\/\/www.fiscalia.gov.co\/colombia\/","logo":{"@type":"ImageObject","inLanguage":"es-CO","@id":"https:\/\/www.fiscalia.gov.co\/colombia\/#\/schema\/logo\/image\/","url":"https:\/\/www.fiscalia.gov.co\/colombia\/wp-content\/uploads\/LogoHorizontal_1.jpg","contentUrl":"https:\/\/www.fiscalia.gov.co\/colombia\/wp-content\/uploads\/LogoHorizontal_1.jpg","width":300,"height":90,"caption":"Fiscal\u00eda General de la Naci\u00f3n"},"image":{"@id":"https:\/\/www.fiscalia.gov.co\/colombia\/#\/schema\/logo\/image\/"},"sameAs":["https:\/\/www.facebook.com\/FiscaliaCol","https:\/\/x.com\/FiscaliaCol","https:\/\/www.instagram.com\/fiscaliacol","https:\/\/www.linkedin.com\/company\/fiscalia-general-de-la-naci-n\/","https:\/\/youtube.com\/@fiscaliageneraldelanacion-4668?si=6nN79nyQICPU5iTh"]},{"@type":"Person","@id":"https:\/\/www.fiscalia.gov.co\/colombia\/#\/schema\/person\/176195b99ebab0a52aafa15197e1bf80","name":"Winnie Geraldine Rodr\u00edguez Navarrete","image":{"@type":"ImageObject","inLanguage":"es-CO","@id":"https:\/\/www.fiscalia.gov.co\/colombia\/#\/schema\/person\/image\/","url":"https:\/\/secure.gravatar.com\/avatar\/c24cf8481dc84fa5e8c7b20bc95ab0c6?s=96&d=mm&r=g","contentUrl":"https:\/\/secure.gravatar.com\/avatar\/c24cf8481dc84fa5e8c7b20bc95ab0c6?s=96&d=mm&r=g","caption":"Winnie Geraldine Rodr\u00edguez Navarrete"},"url":"https:\/\/www.fiscalia.gov.co\/colombia\/author\/winnierodriguez\/"}]}},"_links":{"self":[{"href":"https:\/\/www.fiscalia.gov.co\/colombia\/wp-json\/wp\/v2\/posts\/307920","targetHints":{"allow":["GET"]}}],"collection":[{"href":"https:\/\/www.fiscalia.gov.co\/colombia\/wp-json\/wp\/v2\/posts"}],"about":[{"href":"https:\/\/www.fiscalia.gov.co\/colombia\/wp-json\/wp\/v2\/types\/post"}],"author":[{"embeddable":true,"href":"https:\/\/www.fiscalia.gov.co\/colombia\/wp-json\/wp\/v2\/users\/178"}],"replies":[{"embeddable":true,"href":"https:\/\/www.fiscalia.gov.co\/colombia\/wp-json\/wp\/v2\/comments?post=307920"}],"version-history":[{"count":3,"href":"https:\/\/www.fiscalia.gov.co\/colombia\/wp-json\/wp\/v2\/posts\/307920\/revisions"}],"predecessor-version":[{"id":307950,"href":"https:\/\/www.fiscalia.gov.co\/colombia\/wp-json\/wp\/v2\/posts\/307920\/revisions\/307950"}],"wp:attachment":[{"href":"https:\/\/www.fiscalia.gov.co\/colombia\/wp-json\/wp\/v2\/media?parent=307920"}],"wp:term":[{"taxonomy":"category","embeddable":true,"href":"https:\/\/www.fiscalia.gov.co\/colombia\/wp-json\/wp\/v2\/categories?post=307920"},{"taxonomy":"post_tag","embeddable":true,"href":"https:\/\/www.fiscalia.gov.co\/colombia\/wp-json\/wp\/v2\/tags?post=307920"}],"curies":[{"name":"wp","href":"https:\/\/api.w.org\/{rel}","templated":true}]}}