{"id":307907,"date":"2024-12-23T11:03:37","date_gmt":"2024-12-23T16:03:37","guid":{"rendered":"https:\/\/www.fiscalia.gov.co\/colombia\/?p=307907"},"modified":"2024-12-23T11:03:37","modified_gmt":"2024-12-23T16:03:37","slug":"asegurado-con-carcel-conductor-de-un-vehiculo-que-transportaba-164-kilos-de-pasta-basica-de-cocaina-en-cauca","status":"publish","type":"post","link":"https:\/\/www.fiscalia.gov.co\/colombia\/noticias\/asegurado-con-carcel-conductor-de-un-vehiculo-que-transportaba-164-kilos-de-pasta-basica-de-cocaina-en-cauca\/","title":{"rendered":"Asegurado con c\u00e1rcel conductor de un veh\u00edculo que transportaba 164 kilos de pasta b\u00e1sica de coca\u00edna en Cauca"},"content":{"rendered":"<p>Un fiscal especializado logr\u00f3 que un juez penal con control de garant\u00edas enviara a la c\u00e1rcel a \u00d3scar Efra\u00edn Riascos Benavides,<strong> presuntamente responsable de incurrir en delitos como fabricaci\u00f3n, tr\u00e1fico y porte de estupefacientes.<\/strong><\/p>\n<p>Esta personal fue capturada por la Polic\u00eda de Tr\u00e1nsito en un ret\u00e9n ubicado en la vereda Portachuelo del municipio de Rosas (Cauca),<strong> cuando se movilizaba en un veh\u00edculo en el que transportaba un costal que conten\u00eda 44 paquetes con coca\u00edna.<\/strong><\/p>\n<figure id=\"attachment_307908\" aria-describedby=\"caption-attachment-307908\" style=\"width: 547px\" class=\"wp-caption aligncenter\"><img loading=\"lazy\" decoding=\"async\" class=\" wp-image-307908\" src=\"https:\/\/www.fiscalia.gov.co\/colombia\/wp-content\/uploads\/procesado-pasta-basica-300x169.jpg\" alt=\"en la fotograf\u00eda aparece el capturado juntos a un servidor del CTI y un uniformado de la Polic\u00eda Nacional. En la parte superior est\u00e1 un banner de la Fiscal\u00eda General de la Naci\u00f3n\" width=\"547\" height=\"308\" srcset=\"https:\/\/www.fiscalia.gov.co\/colombia\/wp-content\/uploads\/procesado-pasta-basica-300x169.jpg 300w, https:\/\/www.fiscalia.gov.co\/colombia\/wp-content\/uploads\/procesado-pasta-basica-1024x576.jpg 1024w, https:\/\/www.fiscalia.gov.co\/colombia\/wp-content\/uploads\/procesado-pasta-basica-768x432.jpg 768w, https:\/\/www.fiscalia.gov.co\/colombia\/wp-content\/uploads\/procesado-pasta-basica-1536x864.jpg 1536w, https:\/\/www.fiscalia.gov.co\/colombia\/wp-content\/uploads\/procesado-pasta-basica-747x420.jpg 747w, https:\/\/www.fiscalia.gov.co\/colombia\/wp-content\/uploads\/procesado-pasta-basica-696x392.jpg 696w, https:\/\/www.fiscalia.gov.co\/colombia\/wp-content\/uploads\/procesado-pasta-basica-1068x601.jpg 1068w, https:\/\/www.fiscalia.gov.co\/colombia\/wp-content\/uploads\/procesado-pasta-basica.jpg 1600w\" sizes=\"auto, (max-width: 547px) 100vw, 547px\" \/><figcaption id=\"caption-attachment-307908\" class=\"wp-caption-text\">Oscar Efra\u00edn Riascos Benavides fue imputado con cargos por el delito de tr\u00e1fico y porte de estupefacientes<\/figcaption><\/figure>\n<p>En el veh\u00edculo la Polic\u00eda hall\u00f3 un motor en cuyo interior fueron hallados 40 tarros pl\u00e1sticos y 16 botellas medianas. La Prueba de Identificaci\u00f3n Preliminar Homologada (PIPH) al material encontrado dio positivo para pasta b\u00e1sica de coca\u00edna<strong>. El peso total de la sustancia il\u00edcita fue de 164 kilos del alcaloide.<\/strong><\/p>\n<figure id=\"attachment_307909\" aria-describedby=\"caption-attachment-307909\" style=\"width: 488px\" class=\"wp-caption aligncenter\"><img loading=\"lazy\" decoding=\"async\" class=\" wp-image-307909\" src=\"https:\/\/www.fiscalia.gov.co\/colombia\/wp-content\/uploads\/image-21-1-300x169.png\" alt=\"Los tarros y botellas con el alcaloide fueron hallados dentro de un motor que encontrado dentro del automotor que conduc\u00eda el imputado\" width=\"488\" height=\"275\" srcset=\"https:\/\/www.fiscalia.gov.co\/colombia\/wp-content\/uploads\/image-21-1-300x169.png 300w, https:\/\/www.fiscalia.gov.co\/colombia\/wp-content\/uploads\/image-21-1-1024x576.png 1024w, https:\/\/www.fiscalia.gov.co\/colombia\/wp-content\/uploads\/image-21-1-768x432.png 768w, https:\/\/www.fiscalia.gov.co\/colombia\/wp-content\/uploads\/image-21-1-1536x864.png 1536w, https:\/\/www.fiscalia.gov.co\/colombia\/wp-content\/uploads\/image-21-1-747x420.png 747w, https:\/\/www.fiscalia.gov.co\/colombia\/wp-content\/uploads\/image-21-1-696x392.png 696w, https:\/\/www.fiscalia.gov.co\/colombia\/wp-content\/uploads\/image-21-1-1068x601.png 1068w, https:\/\/www.fiscalia.gov.co\/colombia\/wp-content\/uploads\/image-21-1.png 1600w\" sizes=\"auto, (max-width: 488px) 100vw, 488px\" \/><figcaption id=\"caption-attachment-307909\" class=\"wp-caption-text\">-Durante la Prueba Preliminar de Identificaci\u00f3n a los paquetes rectangulares y las botellas hallados en un veh\u00edculo dio positivo para pasta b\u00e1sica de coca\u00edna<\/figcaption><\/figure>\n<p>Riascos Benavides fue capturado y neg\u00f3 su responsabilidad en cuanto a los cargos en su contra. El juez de control de garant\u00edas le impuso medida de aseguramiento en centro carcelario.<\/p>\n<p>&nbsp;<\/p>\n<p>&nbsp;<\/p>\n<p>&nbsp;<\/p>\n<p>JGPV\/NAEL\/DSC\/MAGA<\/p>\n<p>&nbsp;<\/p>\n<p>&nbsp;<\/p>\n<p>&nbsp;<\/p>\n<p>&nbsp;<\/p>\n<p><em>La informaci\u00f3n contenida en este bolet\u00edn de prensa corresponde a la narraci\u00f3n de los hechos noticiosos objetivos, suministrados por los funcionarios encargados de adelantar las investigaciones penales al interior de la Fiscal\u00eda General de la Naci\u00f3n. Para el momento de la divulgaci\u00f3n de este comunicado, la situaci\u00f3n jur\u00eddica de la(s) persona(s) relacionada(s) se encuentra pendiente de resolver por la autoridad judicial competente, siempre bajo los preceptos de la presunci\u00f3n de inocencia, consagrados en el art\u00edculo 29 de la Constituci\u00f3n Pol\u00edtica y el art\u00edculo 7\u00ba de la Ley 906 de 2004.<\/em><\/p>\n\n<div class=\"twitter-share\"><a href=\"https:\/\/twitter.com\/intent\/tweet?via=fiscaliacol\" class=\"twitter-share-button\">Tweet<\/a><\/div>\n","protected":false},"excerpt":{"rendered":"<p>Un fiscal especializado logr\u00f3 que un juez penal con control de garant\u00edas enviara a la c\u00e1rcel a \u00d3scar Efra\u00edn Riascos Benavides, presuntamente responsable de incurrir en delitos como fabricaci\u00f3n, tr\u00e1fico y porte de estupefacientes. Esta personal fue capturada por la Polic\u00eda de Tr\u00e1nsito en un ret\u00e9n ubicado en la vereda Portachuelo del municipio de Rosas [&hellip;]<\/p>\n","protected":false},"author":178,"featured_media":0,"comment_status":"closed","ping_status":"open","sticky":false,"template":"","format":"standard","meta":{"_price":"","_stock":"","_tribe_ticket_header":"","_tribe_default_ticket_provider":"","_tribe_ticket_capacity":"0","_ticket_start_date":"","_ticket_end_date":"","_tribe_ticket_show_description":"","_tribe_ticket_show_not_going":false,"_tribe_ticket_use_global_stock":"","_tribe_ticket_global_stock_level":"","_global_stock_mode":"","_global_stock_cap":"","_tribe_rsvp_for_event":"","_tribe_ticket_going_count":"","_tribe_ticket_not_going_count":"","_tribe_tickets_list":"[]","_tribe_ticket_has_attendee_info_fields":false,"tdm_status":"","tdm_grid_status":"","footnotes":""},"categories":[1],"tags":[39719],"class_list":{"0":"post-307907","1":"post","2":"type-post","3":"status-publish","4":"format-standard","6":"category-noticias","7":"tag-rosas-cauca"},"yoast_head":"<!-- This site is optimized with the Yoast SEO plugin v24.3 - https:\/\/yoast.com\/wordpress\/plugins\/seo\/ -->\n<title>Fiscal\u00eda General de la Naci\u00f3n<\/title>\n<meta name=\"description\" content=\"P\u00e1gina oficial de la Fiscal\u00eda General de la Naci\u00f3n \u2013 Colombia. Garantizamos el acceso efectivo a la justicia, la verdad y la reparaci\u00f3n de las v\u00edctimas de los delitos.\" \/>\n<meta name=\"robots\" content=\"noindex, follow\" \/>\n<meta property=\"og:locale\" content=\"es_ES\" \/>\n<meta property=\"og:type\" content=\"article\" \/>\n<meta property=\"og:title\" content=\"Fiscal\u00eda General de la Naci\u00f3n\" \/>\n<meta property=\"og:description\" content=\"P\u00e1gina oficial de la Fiscal\u00eda General de la Naci\u00f3n \u2013 Colombia. Garantizamos el acceso efectivo a la justicia, la verdad y la reparaci\u00f3n de las v\u00edctimas de los delitos.\" \/>\n<meta property=\"og:url\" content=\"https:\/\/www.fiscalia.gov.co\/colombia\/noticias\/asegurado-con-carcel-conductor-de-un-vehiculo-que-transportaba-164-kilos-de-pasta-basica-de-cocaina-en-cauca\/\" \/>\n<meta property=\"og:site_name\" content=\"Fiscal\u00eda General de la Naci\u00f3n\" \/>\n<meta property=\"article:publisher\" content=\"https:\/\/www.facebook.com\/FiscaliaCol\" \/>\n<meta property=\"article:published_time\" content=\"2024-12-23T16:03:37+00:00\" \/>\n<meta property=\"og:image\" content=\"https:\/\/www.fiscalia.gov.co\/colombia\/wp-content\/uploads\/procesado-pasta-basica.jpg\" \/>\n\t<meta property=\"og:image:width\" content=\"1600\" \/>\n\t<meta property=\"og:image:height\" content=\"900\" \/>\n\t<meta property=\"og:image:type\" content=\"image\/jpeg\" \/>\n<meta name=\"author\" content=\"Winnie Geraldine Rodr\u00edguez Navarrete\" \/>\n<meta name=\"twitter:card\" content=\"summary_large_image\" \/>\n<meta name=\"twitter:creator\" content=\"@FiscaliaCol\" \/>\n<meta name=\"twitter:site\" content=\"@FiscaliaCol\" \/>\n<meta name=\"twitter:label1\" content=\"Escrito por\" \/>\n\t<meta name=\"twitter:data1\" content=\"Winnie Geraldine Rodr\u00edguez Navarrete\" \/>\n\t<meta name=\"twitter:label2\" content=\"Tiempo de lectura\" \/>\n\t<meta name=\"twitter:data2\" content=\"2 minutos\" \/>\n<script type=\"application\/ld+json\" class=\"yoast-schema-graph\">{\"@context\":\"https:\/\/schema.org\",\"@graph\":[{\"@type\":\"Article\",\"@id\":\"https:\/\/www.fiscalia.gov.co\/colombia\/noticias\/asegurado-con-carcel-conductor-de-un-vehiculo-que-transportaba-164-kilos-de-pasta-basica-de-cocaina-en-cauca\/#article\",\"isPartOf\":{\"@id\":\"https:\/\/www.fiscalia.gov.co\/colombia\/noticias\/asegurado-con-carcel-conductor-de-un-vehiculo-que-transportaba-164-kilos-de-pasta-basica-de-cocaina-en-cauca\/\"},\"author\":{\"name\":\"Winnie Geraldine Rodr\u00edguez Navarrete\",\"@id\":\"https:\/\/www.fiscalia.gov.co\/colombia\/#\/schema\/person\/176195b99ebab0a52aafa15197e1bf80\"},\"headline\":\"Asegurado con c\u00e1rcel conductor de un veh\u00edculo que transportaba 164 kilos de pasta b\u00e1sica de coca\u00edna en Cauca\",\"datePublished\":\"2024-12-23T16:03:37+00:00\",\"dateModified\":\"2024-12-23T16:03:37+00:00\",\"mainEntityOfPage\":{\"@id\":\"https:\/\/www.fiscalia.gov.co\/colombia\/noticias\/asegurado-con-carcel-conductor-de-un-vehiculo-que-transportaba-164-kilos-de-pasta-basica-de-cocaina-en-cauca\/\"},\"wordCount\":364,\"publisher\":{\"@id\":\"https:\/\/www.fiscalia.gov.co\/colombia\/#organization\"},\"image\":{\"@id\":\"https:\/\/www.fiscalia.gov.co\/colombia\/noticias\/asegurado-con-carcel-conductor-de-un-vehiculo-que-transportaba-164-kilos-de-pasta-basica-de-cocaina-en-cauca\/#primaryimage\"},\"thumbnailUrl\":\"https:\/\/www.fiscalia.gov.co\/colombia\/wp-content\/uploads\/procesado-pasta-basica-300x169.jpg\",\"keywords\":[\"Rosas (Cauca)\"],\"articleSection\":[\"Noticias\"],\"inLanguage\":\"es-CO\"},{\"@type\":\"WebPage\",\"@id\":\"https:\/\/www.fiscalia.gov.co\/colombia\/noticias\/asegurado-con-carcel-conductor-de-un-vehiculo-que-transportaba-164-kilos-de-pasta-basica-de-cocaina-en-cauca\/\",\"url\":\"https:\/\/www.fiscalia.gov.co\/colombia\/noticias\/asegurado-con-carcel-conductor-de-un-vehiculo-que-transportaba-164-kilos-de-pasta-basica-de-cocaina-en-cauca\/\",\"name\":\"Fiscal\u00eda General de la Naci\u00f3n\",\"isPartOf\":{\"@id\":\"https:\/\/www.fiscalia.gov.co\/colombia\/#website\"},\"primaryImageOfPage\":{\"@id\":\"https:\/\/www.fiscalia.gov.co\/colombia\/noticias\/asegurado-con-carcel-conductor-de-un-vehiculo-que-transportaba-164-kilos-de-pasta-basica-de-cocaina-en-cauca\/#primaryimage\"},\"image\":{\"@id\":\"https:\/\/www.fiscalia.gov.co\/colombia\/noticias\/asegurado-con-carcel-conductor-de-un-vehiculo-que-transportaba-164-kilos-de-pasta-basica-de-cocaina-en-cauca\/#primaryimage\"},\"thumbnailUrl\":\"https:\/\/www.fiscalia.gov.co\/colombia\/wp-content\/uploads\/procesado-pasta-basica-300x169.jpg\",\"datePublished\":\"2024-12-23T16:03:37+00:00\",\"dateModified\":\"2024-12-23T16:03:37+00:00\",\"description\":\"P\u00e1gina oficial de la Fiscal\u00eda General de la Naci\u00f3n \u2013 Colombia. Garantizamos el acceso efectivo a la justicia, la verdad y la reparaci\u00f3n de las v\u00edctimas de los delitos.\",\"breadcrumb\":{\"@id\":\"https:\/\/www.fiscalia.gov.co\/colombia\/noticias\/asegurado-con-carcel-conductor-de-un-vehiculo-que-transportaba-164-kilos-de-pasta-basica-de-cocaina-en-cauca\/#breadcrumb\"},\"inLanguage\":\"es-CO\",\"potentialAction\":[{\"@type\":\"ReadAction\",\"target\":[\"https:\/\/www.fiscalia.gov.co\/colombia\/noticias\/asegurado-con-carcel-conductor-de-un-vehiculo-que-transportaba-164-kilos-de-pasta-basica-de-cocaina-en-cauca\/\"]}]},{\"@type\":\"ImageObject\",\"inLanguage\":\"es-CO\",\"@id\":\"https:\/\/www.fiscalia.gov.co\/colombia\/noticias\/asegurado-con-carcel-conductor-de-un-vehiculo-que-transportaba-164-kilos-de-pasta-basica-de-cocaina-en-cauca\/#primaryimage\",\"url\":\"https:\/\/www.fiscalia.gov.co\/colombia\/wp-content\/uploads\/procesado-pasta-basica.jpg\",\"contentUrl\":\"https:\/\/www.fiscalia.gov.co\/colombia\/wp-content\/uploads\/procesado-pasta-basica.jpg\",\"width\":1600,\"height\":900,\"caption\":\"Oscar Efra\u00edn Riascos Benavides fue imputado con cargos por el delito de tr\u00e1fico y porte de estupefacientes\"},{\"@type\":\"BreadcrumbList\",\"@id\":\"https:\/\/www.fiscalia.gov.co\/colombia\/noticias\/asegurado-con-carcel-conductor-de-un-vehiculo-que-transportaba-164-kilos-de-pasta-basica-de-cocaina-en-cauca\/#breadcrumb\",\"itemListElement\":[{\"@type\":\"ListItem\",\"position\":1,\"name\":\"Home\",\"item\":\"https:\/\/www.fiscalia.gov.co\/colombia\/\"},{\"@type\":\"ListItem\",\"position\":2,\"name\":\"Asegurado con c\u00e1rcel conductor de un veh\u00edculo que transportaba 164 kilos de pasta b\u00e1sica de coca\u00edna en Cauca\"}]},{\"@type\":\"WebSite\",\"@id\":\"https:\/\/www.fiscalia.gov.co\/colombia\/#website\",\"url\":\"https:\/\/www.fiscalia.gov.co\/colombia\/\",\"name\":\"Fiscal\u00eda General de la Naci\u00f3n\",\"description\":\"P\u00e1gina oficial de la Fiscal\u00eda General de la Naci\u00f3n \u2013 Colombia. Garantizamos el acceso efectivo a la justicia, la verdad y la reparaci\u00f3n de las v\u00edctimas de los delitos.\",\"publisher\":{\"@id\":\"https:\/\/www.fiscalia.gov.co\/colombia\/#organization\"},\"potentialAction\":[{\"@type\":\"SearchAction\",\"target\":{\"@type\":\"EntryPoint\",\"urlTemplate\":\"https:\/\/www.fiscalia.gov.co\/colombia\/?s={search_term_string}\"},\"query-input\":{\"@type\":\"PropertyValueSpecification\",\"valueRequired\":true,\"valueName\":\"search_term_string\"}}],\"inLanguage\":\"es-CO\"},{\"@type\":\"Organization\",\"@id\":\"https:\/\/www.fiscalia.gov.co\/colombia\/#organization\",\"name\":\"Fiscal\u00eda General de la Naci\u00f3n\",\"url\":\"https:\/\/www.fiscalia.gov.co\/colombia\/\",\"logo\":{\"@type\":\"ImageObject\",\"inLanguage\":\"es-CO\",\"@id\":\"https:\/\/www.fiscalia.gov.co\/colombia\/#\/schema\/logo\/image\/\",\"url\":\"https:\/\/www.fiscalia.gov.co\/colombia\/wp-content\/uploads\/LogoHorizontal_1.jpg\",\"contentUrl\":\"https:\/\/www.fiscalia.gov.co\/colombia\/wp-content\/uploads\/LogoHorizontal_1.jpg\",\"width\":300,\"height\":90,\"caption\":\"Fiscal\u00eda General de la Naci\u00f3n\"},\"image\":{\"@id\":\"https:\/\/www.fiscalia.gov.co\/colombia\/#\/schema\/logo\/image\/\"},\"sameAs\":[\"https:\/\/www.facebook.com\/FiscaliaCol\",\"https:\/\/x.com\/FiscaliaCol\",\"https:\/\/www.instagram.com\/fiscaliacol\",\"https:\/\/www.linkedin.com\/company\/fiscalia-general-de-la-naci-n\/\",\"https:\/\/youtube.com\/@fiscaliageneraldelanacion-4668?si=6nN79nyQICPU5iTh\"]},{\"@type\":\"Person\",\"@id\":\"https:\/\/www.fiscalia.gov.co\/colombia\/#\/schema\/person\/176195b99ebab0a52aafa15197e1bf80\",\"name\":\"Winnie Geraldine Rodr\u00edguez Navarrete\",\"image\":{\"@type\":\"ImageObject\",\"inLanguage\":\"es-CO\",\"@id\":\"https:\/\/www.fiscalia.gov.co\/colombia\/#\/schema\/person\/image\/\",\"url\":\"https:\/\/secure.gravatar.com\/avatar\/c24cf8481dc84fa5e8c7b20bc95ab0c6?s=96&d=mm&r=g\",\"contentUrl\":\"https:\/\/secure.gravatar.com\/avatar\/c24cf8481dc84fa5e8c7b20bc95ab0c6?s=96&d=mm&r=g\",\"caption\":\"Winnie Geraldine Rodr\u00edguez Navarrete\"},\"url\":\"https:\/\/www.fiscalia.gov.co\/colombia\/author\/winnierodriguez\/\"}]}<\/script>\n<!-- \/ Yoast SEO plugin. -->","yoast_head_json":{"title":"Fiscal\u00eda General de la Naci\u00f3n","description":"P\u00e1gina oficial de la Fiscal\u00eda General de la Naci\u00f3n \u2013 Colombia. Garantizamos el acceso efectivo a la justicia, la verdad y la reparaci\u00f3n de las v\u00edctimas de los delitos.","robots":{"index":"noindex","follow":"follow"},"og_locale":"es_ES","og_type":"article","og_title":"Fiscal\u00eda General de la Naci\u00f3n","og_description":"P\u00e1gina oficial de la Fiscal\u00eda General de la Naci\u00f3n \u2013 Colombia. Garantizamos el acceso efectivo a la justicia, la verdad y la reparaci\u00f3n de las v\u00edctimas de los delitos.","og_url":"https:\/\/www.fiscalia.gov.co\/colombia\/noticias\/asegurado-con-carcel-conductor-de-un-vehiculo-que-transportaba-164-kilos-de-pasta-basica-de-cocaina-en-cauca\/","og_site_name":"Fiscal\u00eda General de la Naci\u00f3n","article_publisher":"https:\/\/www.facebook.com\/FiscaliaCol","article_published_time":"2024-12-23T16:03:37+00:00","og_image":[{"width":1600,"height":900,"url":"https:\/\/www.fiscalia.gov.co\/colombia\/wp-content\/uploads\/procesado-pasta-basica.jpg","type":"image\/jpeg"}],"author":"Winnie Geraldine Rodr\u00edguez Navarrete","twitter_card":"summary_large_image","twitter_creator":"@FiscaliaCol","twitter_site":"@FiscaliaCol","twitter_misc":{"Escrito por":"Winnie Geraldine Rodr\u00edguez Navarrete","Tiempo de lectura":"2 minutos"},"schema":{"@context":"https:\/\/schema.org","@graph":[{"@type":"Article","@id":"https:\/\/www.fiscalia.gov.co\/colombia\/noticias\/asegurado-con-carcel-conductor-de-un-vehiculo-que-transportaba-164-kilos-de-pasta-basica-de-cocaina-en-cauca\/#article","isPartOf":{"@id":"https:\/\/www.fiscalia.gov.co\/colombia\/noticias\/asegurado-con-carcel-conductor-de-un-vehiculo-que-transportaba-164-kilos-de-pasta-basica-de-cocaina-en-cauca\/"},"author":{"name":"Winnie Geraldine Rodr\u00edguez Navarrete","@id":"https:\/\/www.fiscalia.gov.co\/colombia\/#\/schema\/person\/176195b99ebab0a52aafa15197e1bf80"},"headline":"Asegurado con c\u00e1rcel conductor de un veh\u00edculo que transportaba 164 kilos de pasta b\u00e1sica de coca\u00edna en Cauca","datePublished":"2024-12-23T16:03:37+00:00","dateModified":"2024-12-23T16:03:37+00:00","mainEntityOfPage":{"@id":"https:\/\/www.fiscalia.gov.co\/colombia\/noticias\/asegurado-con-carcel-conductor-de-un-vehiculo-que-transportaba-164-kilos-de-pasta-basica-de-cocaina-en-cauca\/"},"wordCount":364,"publisher":{"@id":"https:\/\/www.fiscalia.gov.co\/colombia\/#organization"},"image":{"@id":"https:\/\/www.fiscalia.gov.co\/colombia\/noticias\/asegurado-con-carcel-conductor-de-un-vehiculo-que-transportaba-164-kilos-de-pasta-basica-de-cocaina-en-cauca\/#primaryimage"},"thumbnailUrl":"https:\/\/www.fiscalia.gov.co\/colombia\/wp-content\/uploads\/procesado-pasta-basica-300x169.jpg","keywords":["Rosas (Cauca)"],"articleSection":["Noticias"],"inLanguage":"es-CO"},{"@type":"WebPage","@id":"https:\/\/www.fiscalia.gov.co\/colombia\/noticias\/asegurado-con-carcel-conductor-de-un-vehiculo-que-transportaba-164-kilos-de-pasta-basica-de-cocaina-en-cauca\/","url":"https:\/\/www.fiscalia.gov.co\/colombia\/noticias\/asegurado-con-carcel-conductor-de-un-vehiculo-que-transportaba-164-kilos-de-pasta-basica-de-cocaina-en-cauca\/","name":"Fiscal\u00eda General de la Naci\u00f3n","isPartOf":{"@id":"https:\/\/www.fiscalia.gov.co\/colombia\/#website"},"primaryImageOfPage":{"@id":"https:\/\/www.fiscalia.gov.co\/colombia\/noticias\/asegurado-con-carcel-conductor-de-un-vehiculo-que-transportaba-164-kilos-de-pasta-basica-de-cocaina-en-cauca\/#primaryimage"},"image":{"@id":"https:\/\/www.fiscalia.gov.co\/colombia\/noticias\/asegurado-con-carcel-conductor-de-un-vehiculo-que-transportaba-164-kilos-de-pasta-basica-de-cocaina-en-cauca\/#primaryimage"},"thumbnailUrl":"https:\/\/www.fiscalia.gov.co\/colombia\/wp-content\/uploads\/procesado-pasta-basica-300x169.jpg","datePublished":"2024-12-23T16:03:37+00:00","dateModified":"2024-12-23T16:03:37+00:00","description":"P\u00e1gina oficial de la Fiscal\u00eda General de la Naci\u00f3n \u2013 Colombia. Garantizamos el acceso efectivo a la justicia, la verdad y la reparaci\u00f3n de las v\u00edctimas de los delitos.","breadcrumb":{"@id":"https:\/\/www.fiscalia.gov.co\/colombia\/noticias\/asegurado-con-carcel-conductor-de-un-vehiculo-que-transportaba-164-kilos-de-pasta-basica-de-cocaina-en-cauca\/#breadcrumb"},"inLanguage":"es-CO","potentialAction":[{"@type":"ReadAction","target":["https:\/\/www.fiscalia.gov.co\/colombia\/noticias\/asegurado-con-carcel-conductor-de-un-vehiculo-que-transportaba-164-kilos-de-pasta-basica-de-cocaina-en-cauca\/"]}]},{"@type":"ImageObject","inLanguage":"es-CO","@id":"https:\/\/www.fiscalia.gov.co\/colombia\/noticias\/asegurado-con-carcel-conductor-de-un-vehiculo-que-transportaba-164-kilos-de-pasta-basica-de-cocaina-en-cauca\/#primaryimage","url":"https:\/\/www.fiscalia.gov.co\/colombia\/wp-content\/uploads\/procesado-pasta-basica.jpg","contentUrl":"https:\/\/www.fiscalia.gov.co\/colombia\/wp-content\/uploads\/procesado-pasta-basica.jpg","width":1600,"height":900,"caption":"Oscar Efra\u00edn Riascos Benavides fue imputado con cargos por el delito de tr\u00e1fico y porte de estupefacientes"},{"@type":"BreadcrumbList","@id":"https:\/\/www.fiscalia.gov.co\/colombia\/noticias\/asegurado-con-carcel-conductor-de-un-vehiculo-que-transportaba-164-kilos-de-pasta-basica-de-cocaina-en-cauca\/#breadcrumb","itemListElement":[{"@type":"ListItem","position":1,"name":"Home","item":"https:\/\/www.fiscalia.gov.co\/colombia\/"},{"@type":"ListItem","position":2,"name":"Asegurado con c\u00e1rcel conductor de un veh\u00edculo que transportaba 164 kilos de pasta b\u00e1sica de coca\u00edna en Cauca"}]},{"@type":"WebSite","@id":"https:\/\/www.fiscalia.gov.co\/colombia\/#website","url":"https:\/\/www.fiscalia.gov.co\/colombia\/","name":"Fiscal\u00eda General de la Naci\u00f3n","description":"P\u00e1gina oficial de la Fiscal\u00eda General de la Naci\u00f3n \u2013 Colombia. Garantizamos el acceso efectivo a la justicia, la verdad y la reparaci\u00f3n de las v\u00edctimas de los delitos.","publisher":{"@id":"https:\/\/www.fiscalia.gov.co\/colombia\/#organization"},"potentialAction":[{"@type":"SearchAction","target":{"@type":"EntryPoint","urlTemplate":"https:\/\/www.fiscalia.gov.co\/colombia\/?s={search_term_string}"},"query-input":{"@type":"PropertyValueSpecification","valueRequired":true,"valueName":"search_term_string"}}],"inLanguage":"es-CO"},{"@type":"Organization","@id":"https:\/\/www.fiscalia.gov.co\/colombia\/#organization","name":"Fiscal\u00eda General de la Naci\u00f3n","url":"https:\/\/www.fiscalia.gov.co\/colombia\/","logo":{"@type":"ImageObject","inLanguage":"es-CO","@id":"https:\/\/www.fiscalia.gov.co\/colombia\/#\/schema\/logo\/image\/","url":"https:\/\/www.fiscalia.gov.co\/colombia\/wp-content\/uploads\/LogoHorizontal_1.jpg","contentUrl":"https:\/\/www.fiscalia.gov.co\/colombia\/wp-content\/uploads\/LogoHorizontal_1.jpg","width":300,"height":90,"caption":"Fiscal\u00eda General de la Naci\u00f3n"},"image":{"@id":"https:\/\/www.fiscalia.gov.co\/colombia\/#\/schema\/logo\/image\/"},"sameAs":["https:\/\/www.facebook.com\/FiscaliaCol","https:\/\/x.com\/FiscaliaCol","https:\/\/www.instagram.com\/fiscaliacol","https:\/\/www.linkedin.com\/company\/fiscalia-general-de-la-naci-n\/","https:\/\/youtube.com\/@fiscaliageneraldelanacion-4668?si=6nN79nyQICPU5iTh"]},{"@type":"Person","@id":"https:\/\/www.fiscalia.gov.co\/colombia\/#\/schema\/person\/176195b99ebab0a52aafa15197e1bf80","name":"Winnie Geraldine Rodr\u00edguez Navarrete","image":{"@type":"ImageObject","inLanguage":"es-CO","@id":"https:\/\/www.fiscalia.gov.co\/colombia\/#\/schema\/person\/image\/","url":"https:\/\/secure.gravatar.com\/avatar\/c24cf8481dc84fa5e8c7b20bc95ab0c6?s=96&d=mm&r=g","contentUrl":"https:\/\/secure.gravatar.com\/avatar\/c24cf8481dc84fa5e8c7b20bc95ab0c6?s=96&d=mm&r=g","caption":"Winnie Geraldine Rodr\u00edguez Navarrete"},"url":"https:\/\/www.fiscalia.gov.co\/colombia\/author\/winnierodriguez\/"}]}},"_links":{"self":[{"href":"https:\/\/www.fiscalia.gov.co\/colombia\/wp-json\/wp\/v2\/posts\/307907","targetHints":{"allow":["GET"]}}],"collection":[{"href":"https:\/\/www.fiscalia.gov.co\/colombia\/wp-json\/wp\/v2\/posts"}],"about":[{"href":"https:\/\/www.fiscalia.gov.co\/colombia\/wp-json\/wp\/v2\/types\/post"}],"author":[{"embeddable":true,"href":"https:\/\/www.fiscalia.gov.co\/colombia\/wp-json\/wp\/v2\/users\/178"}],"replies":[{"embeddable":true,"href":"https:\/\/www.fiscalia.gov.co\/colombia\/wp-json\/wp\/v2\/comments?post=307907"}],"version-history":[{"count":1,"href":"https:\/\/www.fiscalia.gov.co\/colombia\/wp-json\/wp\/v2\/posts\/307907\/revisions"}],"predecessor-version":[{"id":307910,"href":"https:\/\/www.fiscalia.gov.co\/colombia\/wp-json\/wp\/v2\/posts\/307907\/revisions\/307910"}],"wp:attachment":[{"href":"https:\/\/www.fiscalia.gov.co\/colombia\/wp-json\/wp\/v2\/media?parent=307907"}],"wp:term":[{"taxonomy":"category","embeddable":true,"href":"https:\/\/www.fiscalia.gov.co\/colombia\/wp-json\/wp\/v2\/categories?post=307907"},{"taxonomy":"post_tag","embeddable":true,"href":"https:\/\/www.fiscalia.gov.co\/colombia\/wp-json\/wp\/v2\/tags?post=307907"}],"curies":[{"name":"wp","href":"https:\/\/api.w.org\/{rel}","templated":true}]}}