{"id":307885,"date":"2024-12-23T10:23:09","date_gmt":"2024-12-23T15:23:09","guid":{"rendered":"https:\/\/www.fiscalia.gov.co\/colombia\/?p=307885"},"modified":"2024-12-23T10:23:09","modified_gmt":"2024-12-23T15:23:09","slug":"imputado-exalcalde-de-tunja-por-presuntas-irregularidades-en-un-convenio-y-un-contrato-para-realizar-encuestas-del-sisben","status":"publish","type":"post","link":"https:\/\/www.fiscalia.gov.co\/colombia\/noticias\/imputado-exalcalde-de-tunja-por-presuntas-irregularidades-en-un-convenio-y-un-contrato-para-realizar-encuestas-del-sisben\/","title":{"rendered":"Imputado exalcalde de Tunja por presuntas irregularidades en un convenio y un contrato para realizar encuestas del Sisb\u00e9n"},"content":{"rendered":"<h4 style=\"text-align: center;\"><strong><em>Por este hecho tambi\u00e9n fue judicializada una funcionaria del Sisb\u00e9n.<\/em><\/strong><\/h4>\n<p>La Fiscal\u00eda General de la Naci\u00f3n judicializ\u00f3 al exalcalde de Tunja (Boyac\u00e1) Arturo Jos\u00e9 Fructuoso Montejo Ni\u00f1o (periodo 2008-2011), presuntamente implicado en posibles irregularidades en la ejecuci\u00f3n de un convenio interadministrativo y en la suscripci\u00f3n de un contrato para realizar encuestas para el Sisb\u00e9n. En desarrollo de esta misma investigaci\u00f3n tambi\u00e9n <strong>fue judicializada Claudia Fanny Barajas Bautista, asesora del referido programa y supervisora del contrato.<\/strong><\/p>\n<p>Un fiscal de la Unidad de Delitos contra la Administraci\u00f3n P\u00fablica<strong> imput\u00f3 a los investigados los delitos de peculado por apropiaci\u00f3n y contrato sin cumplimiento de requisitos legales.<\/strong><\/p>\n<p>Al parecer, Montejo Ni\u00f1o, como ordenador del gasto y representante legal de la capital boyacense, aval\u00f3 <strong>el contrato que ampliaba la realizaci\u00f3n de las encuestas que determinar\u00edan los beneficiarios del SISBEN III en Tunja.<\/strong><\/p>\n<p>La investigaci\u00f3n estableci\u00f3 que el 6 de agosto de 2010 y con vigencia de tres meses y medio, la administraci\u00f3n local suscribi\u00f3 un convenio con el Fondo Financiero de Proyectos de Desarrollo (Fonade) que, con recursos del Departamento Nacional de Planeaci\u00f3n (DNP), asumir\u00eda los costos de la aplicaci\u00f3n de las encuestas.<\/p>\n<p>La investigaci\u00f3n determin\u00f3 que el desembolso del dinero se cumpli\u00f3, pero la Alcald\u00eda realiz\u00f3 la contrataci\u00f3n con posterioridad a la culminaci\u00f3n del convenio, el cual no fue renovado. De la misma manera, se determin\u00f3 que el proceso de realizaci\u00f3n de las encuestas no cumpli\u00f3 con los par\u00e1metros establecidos por el DNP, entre otras eventuales irregularidades.<\/p>\n<p>Ante el incumplimiento, el dinero debi\u00f3 ser restituido al Fonade, por lo que el pago de la contrataci\u00f3n de las referidas encuestas se surti\u00f3 con recursos propios, constituy\u00e9ndose en un detrimento patrimonial para el municipio.<\/p>\n<p>&nbsp;<\/p>\n<p>MARA\/AMCJ\/MAGA<\/p>\n<p>&nbsp;<\/p>\n<p>&nbsp;<\/p>\n<p>&nbsp;<\/p>\n<p>&nbsp;<\/p>\n<p><em>La informaci\u00f3n contenida en este bolet\u00edn de prensa corresponde a la narraci\u00f3n de los hechos noticiosos objetivos, suministrados por los funcionarios encargados de adelantar las investigaciones penales al interior de la Fiscal\u00eda General de la Naci\u00f3n. Para el momento de la divulgaci\u00f3n de este comunicado, la situaci\u00f3n jur\u00eddica de la(s) persona(s) relacionada(s) se encuentra pendiente de resolver por la autoridad judicial competente, siempre bajo los preceptos de la presunci\u00f3n de inocencia, consagrados en el art\u00edculo 29 de la Constituci\u00f3n Pol\u00edtica y el art\u00edculo 7\u00ba de la Ley 906 de 2004.<\/em><\/p>\n\n<div class=\"twitter-share\"><a href=\"https:\/\/twitter.com\/intent\/tweet?via=fiscaliacol\" class=\"twitter-share-button\">Tweet<\/a><\/div>\n","protected":false},"excerpt":{"rendered":"<p>Por este hecho tambi\u00e9n fue judicializada una funcionaria del Sisb\u00e9n. La Fiscal\u00eda General de la Naci\u00f3n judicializ\u00f3 al exalcalde de Tunja (Boyac\u00e1) Arturo Jos\u00e9 Fructuoso Montejo Ni\u00f1o (periodo 2008-2011), presuntamente implicado en posibles irregularidades en la ejecuci\u00f3n de un convenio interadministrativo y en la suscripci\u00f3n de un contrato para realizar encuestas para el Sisb\u00e9n. En [&hellip;]<\/p>\n","protected":false},"author":178,"featured_media":0,"comment_status":"closed","ping_status":"open","sticky":false,"template":"","format":"standard","meta":{"_price":"","_stock":"","_tribe_ticket_header":"","_tribe_default_ticket_provider":"","_tribe_ticket_capacity":"0","_ticket_start_date":"","_ticket_end_date":"","_tribe_ticket_show_description":"","_tribe_ticket_show_not_going":false,"_tribe_ticket_use_global_stock":"","_tribe_ticket_global_stock_level":"","_global_stock_mode":"","_global_stock_cap":"","_tribe_rsvp_for_event":"","_tribe_ticket_going_count":"","_tribe_ticket_not_going_count":"","_tribe_tickets_list":"[]","_tribe_ticket_has_attendee_info_fields":false,"tdm_status":"","tdm_grid_status":"","footnotes":""},"categories":[1],"tags":[23821,37488,39712,37492,1047,39711,4705],"class_list":{"0":"post-307885","1":"post","2":"type-post","3":"status-publish","4":"format-standard","6":"category-noticias","7":"tag-bogota","8":"tag-d-c","9":"tag-exalcalde-de-tunja-boyaca-arturo-jose-fructuoso-montejo-nino","10":"tag-fiscal-luz-adriana-camargo","11":"tag-fiscalia-general-de-la-nacion","12":"tag-sisben","13":"tag-unidad-de-delitos-contra-la-administracion-publica"},"yoast_head":"<!-- This site is optimized with the Yoast SEO plugin v24.3 - https:\/\/yoast.com\/wordpress\/plugins\/seo\/ -->\n<title>Fiscal\u00eda General de la Naci\u00f3n<\/title>\n<meta name=\"description\" content=\"P\u00e1gina oficial de la Fiscal\u00eda General de la Naci\u00f3n \u2013 Colombia. Garantizamos el acceso efectivo a la justicia, la verdad y la reparaci\u00f3n de las v\u00edctimas de los delitos.\" \/>\n<meta name=\"robots\" content=\"noindex, follow\" \/>\n<meta property=\"og:locale\" content=\"es_ES\" \/>\n<meta property=\"og:type\" content=\"article\" \/>\n<meta property=\"og:title\" content=\"Fiscal\u00eda General de la Naci\u00f3n\" \/>\n<meta property=\"og:description\" content=\"P\u00e1gina oficial de la Fiscal\u00eda General de la Naci\u00f3n \u2013 Colombia. Garantizamos el acceso efectivo a la justicia, la verdad y la reparaci\u00f3n de las v\u00edctimas de los delitos.\" \/>\n<meta property=\"og:url\" content=\"https:\/\/www.fiscalia.gov.co\/colombia\/noticias\/imputado-exalcalde-de-tunja-por-presuntas-irregularidades-en-un-convenio-y-un-contrato-para-realizar-encuestas-del-sisben\/\" \/>\n<meta property=\"og:site_name\" content=\"Fiscal\u00eda General de la Naci\u00f3n\" \/>\n<meta property=\"article:publisher\" content=\"https:\/\/www.facebook.com\/FiscaliaCol\" \/>\n<meta property=\"article:published_time\" content=\"2024-12-23T15:23:09+00:00\" \/>\n<meta name=\"author\" content=\"Winnie Geraldine Rodr\u00edguez Navarrete\" \/>\n<meta name=\"twitter:card\" content=\"summary_large_image\" \/>\n<meta name=\"twitter:creator\" content=\"@FiscaliaCol\" \/>\n<meta name=\"twitter:site\" content=\"@FiscaliaCol\" \/>\n<meta name=\"twitter:label1\" content=\"Escrito por\" \/>\n\t<meta name=\"twitter:data1\" content=\"Winnie Geraldine Rodr\u00edguez Navarrete\" \/>\n\t<meta name=\"twitter:label2\" content=\"Tiempo de lectura\" \/>\n\t<meta name=\"twitter:data2\" content=\"2 minutos\" \/>\n<script type=\"application\/ld+json\" class=\"yoast-schema-graph\">{\"@context\":\"https:\/\/schema.org\",\"@graph\":[{\"@type\":\"Article\",\"@id\":\"https:\/\/www.fiscalia.gov.co\/colombia\/noticias\/imputado-exalcalde-de-tunja-por-presuntas-irregularidades-en-un-convenio-y-un-contrato-para-realizar-encuestas-del-sisben\/#article\",\"isPartOf\":{\"@id\":\"https:\/\/www.fiscalia.gov.co\/colombia\/noticias\/imputado-exalcalde-de-tunja-por-presuntas-irregularidades-en-un-convenio-y-un-contrato-para-realizar-encuestas-del-sisben\/\"},\"author\":{\"name\":\"Winnie Geraldine Rodr\u00edguez Navarrete\",\"@id\":\"https:\/\/www.fiscalia.gov.co\/colombia\/#\/schema\/person\/176195b99ebab0a52aafa15197e1bf80\"},\"headline\":\"Imputado exalcalde de Tunja por presuntas irregularidades en un convenio y un contrato para realizar encuestas del Sisb\u00e9n\",\"datePublished\":\"2024-12-23T15:23:09+00:00\",\"dateModified\":\"2024-12-23T15:23:09+00:00\",\"mainEntityOfPage\":{\"@id\":\"https:\/\/www.fiscalia.gov.co\/colombia\/noticias\/imputado-exalcalde-de-tunja-por-presuntas-irregularidades-en-un-convenio-y-un-contrato-para-realizar-encuestas-del-sisben\/\"},\"wordCount\":434,\"publisher\":{\"@id\":\"https:\/\/www.fiscalia.gov.co\/colombia\/#organization\"},\"keywords\":[\"Bogot\u00e1\",\"D.C.\",\"Exalcalde de Tunja (Boyac\u00e1) Arturo Jos\u00e9 Fructuoso Montejo Ni\u00f1o\",\"Fiscal Luz Adriana Camargo\",\"Fiscal\u00eda General de la Naci\u00f3n\",\"Sisb\u00e9n\",\"Unidad de Delitos contra la Administraci\u00f3n P\u00fablica\"],\"articleSection\":[\"Noticias\"],\"inLanguage\":\"es-CO\"},{\"@type\":\"WebPage\",\"@id\":\"https:\/\/www.fiscalia.gov.co\/colombia\/noticias\/imputado-exalcalde-de-tunja-por-presuntas-irregularidades-en-un-convenio-y-un-contrato-para-realizar-encuestas-del-sisben\/\",\"url\":\"https:\/\/www.fiscalia.gov.co\/colombia\/noticias\/imputado-exalcalde-de-tunja-por-presuntas-irregularidades-en-un-convenio-y-un-contrato-para-realizar-encuestas-del-sisben\/\",\"name\":\"Fiscal\u00eda General de la Naci\u00f3n\",\"isPartOf\":{\"@id\":\"https:\/\/www.fiscalia.gov.co\/colombia\/#website\"},\"datePublished\":\"2024-12-23T15:23:09+00:00\",\"dateModified\":\"2024-12-23T15:23:09+00:00\",\"description\":\"P\u00e1gina oficial de la Fiscal\u00eda General de la Naci\u00f3n \u2013 Colombia. Garantizamos el acceso efectivo a la justicia, la verdad y la reparaci\u00f3n de las v\u00edctimas de los delitos.\",\"breadcrumb\":{\"@id\":\"https:\/\/www.fiscalia.gov.co\/colombia\/noticias\/imputado-exalcalde-de-tunja-por-presuntas-irregularidades-en-un-convenio-y-un-contrato-para-realizar-encuestas-del-sisben\/#breadcrumb\"},\"inLanguage\":\"es-CO\",\"potentialAction\":[{\"@type\":\"ReadAction\",\"target\":[\"https:\/\/www.fiscalia.gov.co\/colombia\/noticias\/imputado-exalcalde-de-tunja-por-presuntas-irregularidades-en-un-convenio-y-un-contrato-para-realizar-encuestas-del-sisben\/\"]}]},{\"@type\":\"BreadcrumbList\",\"@id\":\"https:\/\/www.fiscalia.gov.co\/colombia\/noticias\/imputado-exalcalde-de-tunja-por-presuntas-irregularidades-en-un-convenio-y-un-contrato-para-realizar-encuestas-del-sisben\/#breadcrumb\",\"itemListElement\":[{\"@type\":\"ListItem\",\"position\":1,\"name\":\"Home\",\"item\":\"https:\/\/www.fiscalia.gov.co\/colombia\/\"},{\"@type\":\"ListItem\",\"position\":2,\"name\":\"Imputado exalcalde de Tunja por presuntas irregularidades en un convenio y un contrato para realizar encuestas del Sisb\u00e9n\"}]},{\"@type\":\"WebSite\",\"@id\":\"https:\/\/www.fiscalia.gov.co\/colombia\/#website\",\"url\":\"https:\/\/www.fiscalia.gov.co\/colombia\/\",\"name\":\"Fiscal\u00eda General de la Naci\u00f3n\",\"description\":\"P\u00e1gina oficial de la Fiscal\u00eda General de la Naci\u00f3n \u2013 Colombia. Garantizamos el acceso efectivo a la justicia, la verdad y la reparaci\u00f3n de las v\u00edctimas de los delitos.\",\"publisher\":{\"@id\":\"https:\/\/www.fiscalia.gov.co\/colombia\/#organization\"},\"potentialAction\":[{\"@type\":\"SearchAction\",\"target\":{\"@type\":\"EntryPoint\",\"urlTemplate\":\"https:\/\/www.fiscalia.gov.co\/colombia\/?s={search_term_string}\"},\"query-input\":{\"@type\":\"PropertyValueSpecification\",\"valueRequired\":true,\"valueName\":\"search_term_string\"}}],\"inLanguage\":\"es-CO\"},{\"@type\":\"Organization\",\"@id\":\"https:\/\/www.fiscalia.gov.co\/colombia\/#organization\",\"name\":\"Fiscal\u00eda General de la Naci\u00f3n\",\"url\":\"https:\/\/www.fiscalia.gov.co\/colombia\/\",\"logo\":{\"@type\":\"ImageObject\",\"inLanguage\":\"es-CO\",\"@id\":\"https:\/\/www.fiscalia.gov.co\/colombia\/#\/schema\/logo\/image\/\",\"url\":\"https:\/\/www.fiscalia.gov.co\/colombia\/wp-content\/uploads\/LogoHorizontal_1.jpg\",\"contentUrl\":\"https:\/\/www.fiscalia.gov.co\/colombia\/wp-content\/uploads\/LogoHorizontal_1.jpg\",\"width\":300,\"height\":90,\"caption\":\"Fiscal\u00eda General de la Naci\u00f3n\"},\"image\":{\"@id\":\"https:\/\/www.fiscalia.gov.co\/colombia\/#\/schema\/logo\/image\/\"},\"sameAs\":[\"https:\/\/www.facebook.com\/FiscaliaCol\",\"https:\/\/x.com\/FiscaliaCol\",\"https:\/\/www.instagram.com\/fiscaliacol\",\"https:\/\/www.linkedin.com\/company\/fiscalia-general-de-la-naci-n\/\",\"https:\/\/youtube.com\/@fiscaliageneraldelanacion-4668?si=6nN79nyQICPU5iTh\"]},{\"@type\":\"Person\",\"@id\":\"https:\/\/www.fiscalia.gov.co\/colombia\/#\/schema\/person\/176195b99ebab0a52aafa15197e1bf80\",\"name\":\"Winnie Geraldine Rodr\u00edguez Navarrete\",\"image\":{\"@type\":\"ImageObject\",\"inLanguage\":\"es-CO\",\"@id\":\"https:\/\/www.fiscalia.gov.co\/colombia\/#\/schema\/person\/image\/\",\"url\":\"https:\/\/secure.gravatar.com\/avatar\/c24cf8481dc84fa5e8c7b20bc95ab0c6?s=96&d=mm&r=g\",\"contentUrl\":\"https:\/\/secure.gravatar.com\/avatar\/c24cf8481dc84fa5e8c7b20bc95ab0c6?s=96&d=mm&r=g\",\"caption\":\"Winnie Geraldine Rodr\u00edguez Navarrete\"},\"url\":\"https:\/\/www.fiscalia.gov.co\/colombia\/author\/winnierodriguez\/\"}]}<\/script>\n<!-- \/ Yoast SEO plugin. -->","yoast_head_json":{"title":"Fiscal\u00eda General de la Naci\u00f3n","description":"P\u00e1gina oficial de la Fiscal\u00eda General de la Naci\u00f3n \u2013 Colombia. Garantizamos el acceso efectivo a la justicia, la verdad y la reparaci\u00f3n de las v\u00edctimas de los delitos.","robots":{"index":"noindex","follow":"follow"},"og_locale":"es_ES","og_type":"article","og_title":"Fiscal\u00eda General de la Naci\u00f3n","og_description":"P\u00e1gina oficial de la Fiscal\u00eda General de la Naci\u00f3n \u2013 Colombia. Garantizamos el acceso efectivo a la justicia, la verdad y la reparaci\u00f3n de las v\u00edctimas de los delitos.","og_url":"https:\/\/www.fiscalia.gov.co\/colombia\/noticias\/imputado-exalcalde-de-tunja-por-presuntas-irregularidades-en-un-convenio-y-un-contrato-para-realizar-encuestas-del-sisben\/","og_site_name":"Fiscal\u00eda General de la Naci\u00f3n","article_publisher":"https:\/\/www.facebook.com\/FiscaliaCol","article_published_time":"2024-12-23T15:23:09+00:00","author":"Winnie Geraldine Rodr\u00edguez Navarrete","twitter_card":"summary_large_image","twitter_creator":"@FiscaliaCol","twitter_site":"@FiscaliaCol","twitter_misc":{"Escrito por":"Winnie Geraldine Rodr\u00edguez Navarrete","Tiempo de lectura":"2 minutos"},"schema":{"@context":"https:\/\/schema.org","@graph":[{"@type":"Article","@id":"https:\/\/www.fiscalia.gov.co\/colombia\/noticias\/imputado-exalcalde-de-tunja-por-presuntas-irregularidades-en-un-convenio-y-un-contrato-para-realizar-encuestas-del-sisben\/#article","isPartOf":{"@id":"https:\/\/www.fiscalia.gov.co\/colombia\/noticias\/imputado-exalcalde-de-tunja-por-presuntas-irregularidades-en-un-convenio-y-un-contrato-para-realizar-encuestas-del-sisben\/"},"author":{"name":"Winnie Geraldine Rodr\u00edguez Navarrete","@id":"https:\/\/www.fiscalia.gov.co\/colombia\/#\/schema\/person\/176195b99ebab0a52aafa15197e1bf80"},"headline":"Imputado exalcalde de Tunja por presuntas irregularidades en un convenio y un contrato para realizar encuestas del Sisb\u00e9n","datePublished":"2024-12-23T15:23:09+00:00","dateModified":"2024-12-23T15:23:09+00:00","mainEntityOfPage":{"@id":"https:\/\/www.fiscalia.gov.co\/colombia\/noticias\/imputado-exalcalde-de-tunja-por-presuntas-irregularidades-en-un-convenio-y-un-contrato-para-realizar-encuestas-del-sisben\/"},"wordCount":434,"publisher":{"@id":"https:\/\/www.fiscalia.gov.co\/colombia\/#organization"},"keywords":["Bogot\u00e1","D.C.","Exalcalde de Tunja (Boyac\u00e1) Arturo Jos\u00e9 Fructuoso Montejo Ni\u00f1o","Fiscal Luz Adriana Camargo","Fiscal\u00eda General de la Naci\u00f3n","Sisb\u00e9n","Unidad de Delitos contra la Administraci\u00f3n P\u00fablica"],"articleSection":["Noticias"],"inLanguage":"es-CO"},{"@type":"WebPage","@id":"https:\/\/www.fiscalia.gov.co\/colombia\/noticias\/imputado-exalcalde-de-tunja-por-presuntas-irregularidades-en-un-convenio-y-un-contrato-para-realizar-encuestas-del-sisben\/","url":"https:\/\/www.fiscalia.gov.co\/colombia\/noticias\/imputado-exalcalde-de-tunja-por-presuntas-irregularidades-en-un-convenio-y-un-contrato-para-realizar-encuestas-del-sisben\/","name":"Fiscal\u00eda General de la Naci\u00f3n","isPartOf":{"@id":"https:\/\/www.fiscalia.gov.co\/colombia\/#website"},"datePublished":"2024-12-23T15:23:09+00:00","dateModified":"2024-12-23T15:23:09+00:00","description":"P\u00e1gina oficial de la Fiscal\u00eda General de la Naci\u00f3n \u2013 Colombia. Garantizamos el acceso efectivo a la justicia, la verdad y la reparaci\u00f3n de las v\u00edctimas de los delitos.","breadcrumb":{"@id":"https:\/\/www.fiscalia.gov.co\/colombia\/noticias\/imputado-exalcalde-de-tunja-por-presuntas-irregularidades-en-un-convenio-y-un-contrato-para-realizar-encuestas-del-sisben\/#breadcrumb"},"inLanguage":"es-CO","potentialAction":[{"@type":"ReadAction","target":["https:\/\/www.fiscalia.gov.co\/colombia\/noticias\/imputado-exalcalde-de-tunja-por-presuntas-irregularidades-en-un-convenio-y-un-contrato-para-realizar-encuestas-del-sisben\/"]}]},{"@type":"BreadcrumbList","@id":"https:\/\/www.fiscalia.gov.co\/colombia\/noticias\/imputado-exalcalde-de-tunja-por-presuntas-irregularidades-en-un-convenio-y-un-contrato-para-realizar-encuestas-del-sisben\/#breadcrumb","itemListElement":[{"@type":"ListItem","position":1,"name":"Home","item":"https:\/\/www.fiscalia.gov.co\/colombia\/"},{"@type":"ListItem","position":2,"name":"Imputado exalcalde de Tunja por presuntas irregularidades en un convenio y un contrato para realizar encuestas del Sisb\u00e9n"}]},{"@type":"WebSite","@id":"https:\/\/www.fiscalia.gov.co\/colombia\/#website","url":"https:\/\/www.fiscalia.gov.co\/colombia\/","name":"Fiscal\u00eda General de la Naci\u00f3n","description":"P\u00e1gina oficial de la Fiscal\u00eda General de la Naci\u00f3n \u2013 Colombia. Garantizamos el acceso efectivo a la justicia, la verdad y la reparaci\u00f3n de las v\u00edctimas de los delitos.","publisher":{"@id":"https:\/\/www.fiscalia.gov.co\/colombia\/#organization"},"potentialAction":[{"@type":"SearchAction","target":{"@type":"EntryPoint","urlTemplate":"https:\/\/www.fiscalia.gov.co\/colombia\/?s={search_term_string}"},"query-input":{"@type":"PropertyValueSpecification","valueRequired":true,"valueName":"search_term_string"}}],"inLanguage":"es-CO"},{"@type":"Organization","@id":"https:\/\/www.fiscalia.gov.co\/colombia\/#organization","name":"Fiscal\u00eda General de la Naci\u00f3n","url":"https:\/\/www.fiscalia.gov.co\/colombia\/","logo":{"@type":"ImageObject","inLanguage":"es-CO","@id":"https:\/\/www.fiscalia.gov.co\/colombia\/#\/schema\/logo\/image\/","url":"https:\/\/www.fiscalia.gov.co\/colombia\/wp-content\/uploads\/LogoHorizontal_1.jpg","contentUrl":"https:\/\/www.fiscalia.gov.co\/colombia\/wp-content\/uploads\/LogoHorizontal_1.jpg","width":300,"height":90,"caption":"Fiscal\u00eda General de la Naci\u00f3n"},"image":{"@id":"https:\/\/www.fiscalia.gov.co\/colombia\/#\/schema\/logo\/image\/"},"sameAs":["https:\/\/www.facebook.com\/FiscaliaCol","https:\/\/x.com\/FiscaliaCol","https:\/\/www.instagram.com\/fiscaliacol","https:\/\/www.linkedin.com\/company\/fiscalia-general-de-la-naci-n\/","https:\/\/youtube.com\/@fiscaliageneraldelanacion-4668?si=6nN79nyQICPU5iTh"]},{"@type":"Person","@id":"https:\/\/www.fiscalia.gov.co\/colombia\/#\/schema\/person\/176195b99ebab0a52aafa15197e1bf80","name":"Winnie Geraldine Rodr\u00edguez Navarrete","image":{"@type":"ImageObject","inLanguage":"es-CO","@id":"https:\/\/www.fiscalia.gov.co\/colombia\/#\/schema\/person\/image\/","url":"https:\/\/secure.gravatar.com\/avatar\/c24cf8481dc84fa5e8c7b20bc95ab0c6?s=96&d=mm&r=g","contentUrl":"https:\/\/secure.gravatar.com\/avatar\/c24cf8481dc84fa5e8c7b20bc95ab0c6?s=96&d=mm&r=g","caption":"Winnie Geraldine Rodr\u00edguez Navarrete"},"url":"https:\/\/www.fiscalia.gov.co\/colombia\/author\/winnierodriguez\/"}]}},"_links":{"self":[{"href":"https:\/\/www.fiscalia.gov.co\/colombia\/wp-json\/wp\/v2\/posts\/307885","targetHints":{"allow":["GET"]}}],"collection":[{"href":"https:\/\/www.fiscalia.gov.co\/colombia\/wp-json\/wp\/v2\/posts"}],"about":[{"href":"https:\/\/www.fiscalia.gov.co\/colombia\/wp-json\/wp\/v2\/types\/post"}],"author":[{"embeddable":true,"href":"https:\/\/www.fiscalia.gov.co\/colombia\/wp-json\/wp\/v2\/users\/178"}],"replies":[{"embeddable":true,"href":"https:\/\/www.fiscalia.gov.co\/colombia\/wp-json\/wp\/v2\/comments?post=307885"}],"version-history":[{"count":1,"href":"https:\/\/www.fiscalia.gov.co\/colombia\/wp-json\/wp\/v2\/posts\/307885\/revisions"}],"predecessor-version":[{"id":307889,"href":"https:\/\/www.fiscalia.gov.co\/colombia\/wp-json\/wp\/v2\/posts\/307885\/revisions\/307889"}],"wp:attachment":[{"href":"https:\/\/www.fiscalia.gov.co\/colombia\/wp-json\/wp\/v2\/media?parent=307885"}],"wp:term":[{"taxonomy":"category","embeddable":true,"href":"https:\/\/www.fiscalia.gov.co\/colombia\/wp-json\/wp\/v2\/categories?post=307885"},{"taxonomy":"post_tag","embeddable":true,"href":"https:\/\/www.fiscalia.gov.co\/colombia\/wp-json\/wp\/v2\/tags?post=307885"}],"curies":[{"name":"wp","href":"https:\/\/api.w.org\/{rel}","templated":true}]}}