{"id":307760,"date":"2024-12-19T06:32:30","date_gmt":"2024-12-19T11:32:30","guid":{"rendered":"https:\/\/www.fiscalia.gov.co\/colombia\/?p=307760"},"modified":"2024-12-19T12:35:32","modified_gmt":"2024-12-19T17:35:32","slug":"sentido-de-fallo-condenatorio-para-emilio-jose-tapia-aldana-por-participar-en-dos-entramados-de-corrupcion","status":"publish","type":"post","link":"https:\/\/www.fiscalia.gov.co\/colombia\/hay-justicia\/sentido-de-fallo-condenatorio-para-emilio-jose-tapia-aldana-por-participar-en-dos-entramados-de-corrupcion\/","title":{"rendered":"Sentido de fallo condenatorio para Emilio Jos\u00e9 Tapia Aldana por participar en dos entramados de corrupci\u00f3n"},"content":{"rendered":"<blockquote>\n<h5 style=\"text-align: left;\"><strong><em>Mediante preacuerdo acept\u00f3 intervenir de manera ilegal en el caso conocido como \u2018Centros Poblados\u2019 y en dos procesos contractuales en Emcali relacionados con la Planta de Tratamiento de Agua Potable (PTAR) de Puerto Mallarino.<\/em><\/strong><\/h5>\n<\/blockquote>\n<p>&nbsp;<\/p>\n<p>Luego de suscribir un preacuerdo con la Fiscal\u00eda General de la Naci\u00f3n, Emilio Jos\u00e9 Tapia Aldana ser\u00e1 condenado a seis a\u00f1os y cuatro meses de prisi\u00f3n por su participaci\u00f3n en las irregularidades detectadas en el contrato que buscaba garantizar el servicio de internet a escuelas rurales en diferentes zonas del pa\u00eds, caso conocido como \u2018Centros Poblados\u2019; y en dos procesos contractuales que se siguieron en las Empresas Municipales de Cali (Emcali).<\/p>\n<p>El sentenciado previamente hab\u00eda aceptado de manera libre y voluntaria los delitos de peculado por apropiaci\u00f3n agravado, fraude procesal y falsedad en documento privado. Asimismo, ofreci\u00f3 excusas, se comprometi\u00f3 a colaborar con la justicia y a reintegrar 5.063 millones de pesos que fueron apropiados ilegalmente.<\/p>\n<p>Hasta el momento ha restituido 2.532 millones de pesos, a trav\u00e9s de ocho t\u00edtulos judiciales. El 50% restante lo cubrir\u00e1 con dos pagar\u00e9s por 1.265 millones de pesos que deber\u00e1 presentar en abril y octubre de 2025. Por ahora, el valor est\u00e1 soportado con un inmueble en el corregimiento San Crist\u00f3bal, en Medell\u00edn (Antioquia).<\/p>\n<p>Producto del sentido de fallo condenatorio emitido por un juez penal de conocimiento, Tapia Aldana continuar\u00e1 privado de la libertad en un centro carcelario de Barranquilla (Atl\u00e1ntico).<\/p>\n<p><strong><u>Centros Poblados<\/u><\/strong><\/p>\n<p>En octubre de 2020, al enterarse de una licitaci\u00f3n p\u00fablica que abr\u00eda el Ministerio de Tecnolog\u00edas de la Informaci\u00f3n y Comunicaciones (MinTics) para un contrato de un bill\u00f3n de pesos, con el objeto de dotar de internet a escuelas rurales en varios departamentos de pa\u00eds, Emilio Tapia se concert\u00f3 con distintas personas para comprar la experiencia de unas empresas y constituir la Uni\u00f3n Temporal Centros Poblados, y as\u00ed participar en el proceso contractual.<\/p>\n<p>Con esta maniobra y sin tener las garant\u00edas bancarias, fue beneficiado con la adjudicaci\u00f3n y posterior legalizaci\u00f3n del contrato 1043 de 2020. Posteriormente, gestion\u00f3 y entreg\u00f3 tres p\u00f3lizas bancarias falsas y as\u00ed recibir un anticipo, del cual a Tapia Aldana le correspondieron 5.063 millones de pesos que destin\u00f3 para la compra de obras de arte y veh\u00edculos, y diferentes gastos personales como pr\u00e9stamos y el pago de honorarios a abogados.<\/p>\n<p><strong><u>Emcali<\/u><\/strong><\/p>\n<p>En febrero de 2021, se cre\u00f3 un consorcio con empresas dominadas por Emilio Tapia con el prop\u00f3sito de quedarse con dos contratos ofertados por las Empresas Municipales de Cali (Emcali) para la construcci\u00f3n de las obras alternas en la Planta de Tratamiento de Agua Potable (PTAR) de Puerto Mallarino, ubicada entre Buga y Loboguerrero (Valle del Cauca), por 3.798 millones y 2.414 millones, respectivamente.<\/p>\n<p>En el proceso falsific\u00f3 las p\u00f3lizas que garantizaba el cupo de cr\u00e9dito por el 30% de cada uno de los contratos. De esta manera, hizo incurrir en error a funcionarios de Emcali que emitieron avales administrativos para suscribir los citados contratos.<\/p>\n<p>Esta informaci\u00f3n se publica por razones de inter\u00e9s general.<\/p>\n<p>LAGP\/JARG\/FLMF\/DPM\/DECC\/<\/p>\n<p>&nbsp;<\/p>\n<p>&nbsp;<\/p>\n<p><em>La informaci\u00f3n contenida en este bolet\u00edn de prensa corresponde a la narraci\u00f3n de los hechos noticiosos objetivos, suministrados por los funcionarios encargados de adelantar las investigaciones penales al interior de la Fiscal\u00eda General de la Naci\u00f3n. Para el momento de la divulgaci\u00f3n de este comunicado, la situaci\u00f3n jur\u00eddica de la(s) persona(s) relacionada(s) se encuentra pendiente de resolver por la autoridad judicial competente, siempre bajo los preceptos de la presunci\u00f3n de inocencia, consagrados en el art\u00edculo 29 de la Constituci\u00f3n Pol\u00edtica y el art\u00edculo 7\u00ba de la Ley 906 de 2004.<\/em><\/p>\n<p>&nbsp;<\/p>\n<p>&nbsp;<\/p>\n<p>&nbsp;<\/p>\n\n<div class=\"twitter-share\"><a href=\"https:\/\/twitter.com\/intent\/tweet?via=fiscaliacol\" class=\"twitter-share-button\">Tweet<\/a><\/div>\n","protected":false},"excerpt":{"rendered":"<p>Mediante preacuerdo acept\u00f3 intervenir de manera ilegal en el caso conocido como \u2018Centros Poblados\u2019 y en dos procesos contractuales en Emcali relacionados con la Planta de Tratamiento de Agua Potable (PTAR) de Puerto Mallarino. &nbsp; Luego de suscribir un preacuerdo con la Fiscal\u00eda General de la Naci\u00f3n, Emilio Jos\u00e9 Tapia Aldana ser\u00e1 condenado a seis [&hellip;]<\/p>\n","protected":false},"author":175,"featured_media":0,"comment_status":"closed","ping_status":"open","sticky":false,"template":"","format":"standard","meta":{"_price":"","_stock":"","_tribe_ticket_header":"","_tribe_default_ticket_provider":"","_tribe_ticket_capacity":"0","_ticket_start_date":"","_ticket_end_date":"","_tribe_ticket_show_description":"","_tribe_ticket_show_not_going":false,"_tribe_ticket_use_global_stock":"","_tribe_ticket_global_stock_level":"","_global_stock_mode":"","_global_stock_cap":"","_tribe_rsvp_for_event":"","_tribe_ticket_going_count":"","_tribe_ticket_not_going_count":"","_tribe_tickets_list":"[]","_tribe_ticket_has_attendee_info_fields":false,"tdm_status":"","tdm_grid_status":"","footnotes":""},"categories":[24174,1],"tags":[37491,38191],"class_list":{"0":"post-307760","1":"post","2":"type-post","3":"status-publish","4":"format-standard","6":"category-hay-justicia","7":"category-noticias","8":"tag-fiscal-camargo","9":"tag-fiscal-luz-ariana-camargo"},"yoast_head":"<!-- This site is optimized with the Yoast SEO plugin v24.3 - https:\/\/yoast.com\/wordpress\/plugins\/seo\/ -->\n<title>Fiscal\u00eda General de la Naci\u00f3n<\/title>\n<meta name=\"description\" content=\"P\u00e1gina oficial de la Fiscal\u00eda General de la Naci\u00f3n \u2013 Colombia. Garantizamos el acceso efectivo a la justicia, la verdad y la reparaci\u00f3n de las v\u00edctimas de los delitos.\" \/>\n<meta name=\"robots\" content=\"noindex, follow\" \/>\n<meta property=\"og:locale\" content=\"es_ES\" \/>\n<meta property=\"og:type\" content=\"article\" \/>\n<meta property=\"og:title\" content=\"Fiscal\u00eda General de la Naci\u00f3n\" \/>\n<meta property=\"og:description\" content=\"P\u00e1gina oficial de la Fiscal\u00eda General de la Naci\u00f3n \u2013 Colombia. Garantizamos el acceso efectivo a la justicia, la verdad y la reparaci\u00f3n de las v\u00edctimas de los delitos.\" \/>\n<meta property=\"og:url\" content=\"https:\/\/www.fiscalia.gov.co\/colombia\/hay-justicia\/sentido-de-fallo-condenatorio-para-emilio-jose-tapia-aldana-por-participar-en-dos-entramados-de-corrupcion\/\" \/>\n<meta property=\"og:site_name\" content=\"Fiscal\u00eda General de la Naci\u00f3n\" \/>\n<meta property=\"article:publisher\" content=\"https:\/\/www.facebook.com\/FiscaliaCol\" \/>\n<meta property=\"article:published_time\" content=\"2024-12-19T11:32:30+00:00\" \/>\n<meta property=\"article:modified_time\" content=\"2024-12-19T17:35:32+00:00\" \/>\n<meta name=\"author\" content=\"Katherine Loaiza Mart\u00ednez\" \/>\n<meta name=\"twitter:card\" content=\"summary_large_image\" \/>\n<meta name=\"twitter:creator\" content=\"@FiscaliaCol\" \/>\n<meta name=\"twitter:site\" content=\"@FiscaliaCol\" \/>\n<meta name=\"twitter:label1\" content=\"Escrito por\" \/>\n\t<meta name=\"twitter:data1\" content=\"Katherine Loaiza Mart\u00ednez\" \/>\n\t<meta name=\"twitter:label2\" content=\"Tiempo de lectura\" \/>\n\t<meta name=\"twitter:data2\" content=\"3 minutos\" \/>\n<script type=\"application\/ld+json\" class=\"yoast-schema-graph\">{\"@context\":\"https:\/\/schema.org\",\"@graph\":[{\"@type\":\"Article\",\"@id\":\"https:\/\/www.fiscalia.gov.co\/colombia\/hay-justicia\/sentido-de-fallo-condenatorio-para-emilio-jose-tapia-aldana-por-participar-en-dos-entramados-de-corrupcion\/#article\",\"isPartOf\":{\"@id\":\"https:\/\/www.fiscalia.gov.co\/colombia\/hay-justicia\/sentido-de-fallo-condenatorio-para-emilio-jose-tapia-aldana-por-participar-en-dos-entramados-de-corrupcion\/\"},\"author\":{\"name\":\"Katherine Loaiza Mart\u00ednez\",\"@id\":\"https:\/\/www.fiscalia.gov.co\/colombia\/#\/schema\/person\/2e76b9aba5ecf875ed565ce4de0e0415\"},\"headline\":\"Sentido de fallo condenatorio para Emilio Jos\u00e9 Tapia Aldana por participar en dos entramados de corrupci\u00f3n\",\"datePublished\":\"2024-12-19T11:32:30+00:00\",\"dateModified\":\"2024-12-19T17:35:32+00:00\",\"mainEntityOfPage\":{\"@id\":\"https:\/\/www.fiscalia.gov.co\/colombia\/hay-justicia\/sentido-de-fallo-condenatorio-para-emilio-jose-tapia-aldana-por-participar-en-dos-entramados-de-corrupcion\/\"},\"wordCount\":642,\"publisher\":{\"@id\":\"https:\/\/www.fiscalia.gov.co\/colombia\/#organization\"},\"keywords\":[\"fiscal Camargo\",\"Fiscal Luz Ariana Camargo\"],\"articleSection\":[\"Hay Justicia\",\"Noticias\"],\"inLanguage\":\"es-CO\"},{\"@type\":\"WebPage\",\"@id\":\"https:\/\/www.fiscalia.gov.co\/colombia\/hay-justicia\/sentido-de-fallo-condenatorio-para-emilio-jose-tapia-aldana-por-participar-en-dos-entramados-de-corrupcion\/\",\"url\":\"https:\/\/www.fiscalia.gov.co\/colombia\/hay-justicia\/sentido-de-fallo-condenatorio-para-emilio-jose-tapia-aldana-por-participar-en-dos-entramados-de-corrupcion\/\",\"name\":\"Fiscal\u00eda General de la Naci\u00f3n\",\"isPartOf\":{\"@id\":\"https:\/\/www.fiscalia.gov.co\/colombia\/#website\"},\"datePublished\":\"2024-12-19T11:32:30+00:00\",\"dateModified\":\"2024-12-19T17:35:32+00:00\",\"description\":\"P\u00e1gina oficial de la Fiscal\u00eda General de la Naci\u00f3n \u2013 Colombia. Garantizamos el acceso efectivo a la justicia, la verdad y la reparaci\u00f3n de las v\u00edctimas de los delitos.\",\"breadcrumb\":{\"@id\":\"https:\/\/www.fiscalia.gov.co\/colombia\/hay-justicia\/sentido-de-fallo-condenatorio-para-emilio-jose-tapia-aldana-por-participar-en-dos-entramados-de-corrupcion\/#breadcrumb\"},\"inLanguage\":\"es-CO\",\"potentialAction\":[{\"@type\":\"ReadAction\",\"target\":[\"https:\/\/www.fiscalia.gov.co\/colombia\/hay-justicia\/sentido-de-fallo-condenatorio-para-emilio-jose-tapia-aldana-por-participar-en-dos-entramados-de-corrupcion\/\"]}]},{\"@type\":\"BreadcrumbList\",\"@id\":\"https:\/\/www.fiscalia.gov.co\/colombia\/hay-justicia\/sentido-de-fallo-condenatorio-para-emilio-jose-tapia-aldana-por-participar-en-dos-entramados-de-corrupcion\/#breadcrumb\",\"itemListElement\":[{\"@type\":\"ListItem\",\"position\":1,\"name\":\"Home\",\"item\":\"https:\/\/www.fiscalia.gov.co\/colombia\/\"},{\"@type\":\"ListItem\",\"position\":2,\"name\":\"Sentido de fallo condenatorio para Emilio Jos\u00e9 Tapia Aldana por participar en dos entramados de corrupci\u00f3n\"}]},{\"@type\":\"WebSite\",\"@id\":\"https:\/\/www.fiscalia.gov.co\/colombia\/#website\",\"url\":\"https:\/\/www.fiscalia.gov.co\/colombia\/\",\"name\":\"Fiscal\u00eda General de la Naci\u00f3n\",\"description\":\"P\u00e1gina oficial de la Fiscal\u00eda General de la Naci\u00f3n \u2013 Colombia. Garantizamos el acceso efectivo a la justicia, la verdad y la reparaci\u00f3n de las v\u00edctimas de los delitos.\",\"publisher\":{\"@id\":\"https:\/\/www.fiscalia.gov.co\/colombia\/#organization\"},\"potentialAction\":[{\"@type\":\"SearchAction\",\"target\":{\"@type\":\"EntryPoint\",\"urlTemplate\":\"https:\/\/www.fiscalia.gov.co\/colombia\/?s={search_term_string}\"},\"query-input\":{\"@type\":\"PropertyValueSpecification\",\"valueRequired\":true,\"valueName\":\"search_term_string\"}}],\"inLanguage\":\"es-CO\"},{\"@type\":\"Organization\",\"@id\":\"https:\/\/www.fiscalia.gov.co\/colombia\/#organization\",\"name\":\"Fiscal\u00eda General de la Naci\u00f3n\",\"url\":\"https:\/\/www.fiscalia.gov.co\/colombia\/\",\"logo\":{\"@type\":\"ImageObject\",\"inLanguage\":\"es-CO\",\"@id\":\"https:\/\/www.fiscalia.gov.co\/colombia\/#\/schema\/logo\/image\/\",\"url\":\"https:\/\/www.fiscalia.gov.co\/colombia\/wp-content\/uploads\/LogoHorizontal_1.jpg\",\"contentUrl\":\"https:\/\/www.fiscalia.gov.co\/colombia\/wp-content\/uploads\/LogoHorizontal_1.jpg\",\"width\":300,\"height\":90,\"caption\":\"Fiscal\u00eda General de la Naci\u00f3n\"},\"image\":{\"@id\":\"https:\/\/www.fiscalia.gov.co\/colombia\/#\/schema\/logo\/image\/\"},\"sameAs\":[\"https:\/\/www.facebook.com\/FiscaliaCol\",\"https:\/\/x.com\/FiscaliaCol\",\"https:\/\/www.instagram.com\/fiscaliacol\",\"https:\/\/www.linkedin.com\/company\/fiscalia-general-de-la-naci-n\/\",\"https:\/\/youtube.com\/@fiscaliageneraldelanacion-4668?si=6nN79nyQICPU5iTh\"]},{\"@type\":\"Person\",\"@id\":\"https:\/\/www.fiscalia.gov.co\/colombia\/#\/schema\/person\/2e76b9aba5ecf875ed565ce4de0e0415\",\"name\":\"Katherine Loaiza Mart\u00ednez\",\"image\":{\"@type\":\"ImageObject\",\"inLanguage\":\"es-CO\",\"@id\":\"https:\/\/www.fiscalia.gov.co\/colombia\/#\/schema\/person\/image\/\",\"url\":\"https:\/\/secure.gravatar.com\/avatar\/ab775a2f394c1b83b6d6f78680e57b50?s=96&d=mm&r=g\",\"contentUrl\":\"https:\/\/secure.gravatar.com\/avatar\/ab775a2f394c1b83b6d6f78680e57b50?s=96&d=mm&r=g\",\"caption\":\"Katherine Loaiza Mart\u00ednez\"},\"url\":\"https:\/\/www.fiscalia.gov.co\/colombia\/author\/kloaiza\/\"}]}<\/script>\n<!-- \/ Yoast SEO plugin. -->","yoast_head_json":{"title":"Fiscal\u00eda General de la Naci\u00f3n","description":"P\u00e1gina oficial de la Fiscal\u00eda General de la Naci\u00f3n \u2013 Colombia. Garantizamos el acceso efectivo a la justicia, la verdad y la reparaci\u00f3n de las v\u00edctimas de los delitos.","robots":{"index":"noindex","follow":"follow"},"og_locale":"es_ES","og_type":"article","og_title":"Fiscal\u00eda General de la Naci\u00f3n","og_description":"P\u00e1gina oficial de la Fiscal\u00eda General de la Naci\u00f3n \u2013 Colombia. Garantizamos el acceso efectivo a la justicia, la verdad y la reparaci\u00f3n de las v\u00edctimas de los delitos.","og_url":"https:\/\/www.fiscalia.gov.co\/colombia\/hay-justicia\/sentido-de-fallo-condenatorio-para-emilio-jose-tapia-aldana-por-participar-en-dos-entramados-de-corrupcion\/","og_site_name":"Fiscal\u00eda General de la Naci\u00f3n","article_publisher":"https:\/\/www.facebook.com\/FiscaliaCol","article_published_time":"2024-12-19T11:32:30+00:00","article_modified_time":"2024-12-19T17:35:32+00:00","author":"Katherine Loaiza Mart\u00ednez","twitter_card":"summary_large_image","twitter_creator":"@FiscaliaCol","twitter_site":"@FiscaliaCol","twitter_misc":{"Escrito por":"Katherine Loaiza Mart\u00ednez","Tiempo de lectura":"3 minutos"},"schema":{"@context":"https:\/\/schema.org","@graph":[{"@type":"Article","@id":"https:\/\/www.fiscalia.gov.co\/colombia\/hay-justicia\/sentido-de-fallo-condenatorio-para-emilio-jose-tapia-aldana-por-participar-en-dos-entramados-de-corrupcion\/#article","isPartOf":{"@id":"https:\/\/www.fiscalia.gov.co\/colombia\/hay-justicia\/sentido-de-fallo-condenatorio-para-emilio-jose-tapia-aldana-por-participar-en-dos-entramados-de-corrupcion\/"},"author":{"name":"Katherine Loaiza Mart\u00ednez","@id":"https:\/\/www.fiscalia.gov.co\/colombia\/#\/schema\/person\/2e76b9aba5ecf875ed565ce4de0e0415"},"headline":"Sentido de fallo condenatorio para Emilio Jos\u00e9 Tapia Aldana por participar en dos entramados de corrupci\u00f3n","datePublished":"2024-12-19T11:32:30+00:00","dateModified":"2024-12-19T17:35:32+00:00","mainEntityOfPage":{"@id":"https:\/\/www.fiscalia.gov.co\/colombia\/hay-justicia\/sentido-de-fallo-condenatorio-para-emilio-jose-tapia-aldana-por-participar-en-dos-entramados-de-corrupcion\/"},"wordCount":642,"publisher":{"@id":"https:\/\/www.fiscalia.gov.co\/colombia\/#organization"},"keywords":["fiscal Camargo","Fiscal Luz Ariana Camargo"],"articleSection":["Hay Justicia","Noticias"],"inLanguage":"es-CO"},{"@type":"WebPage","@id":"https:\/\/www.fiscalia.gov.co\/colombia\/hay-justicia\/sentido-de-fallo-condenatorio-para-emilio-jose-tapia-aldana-por-participar-en-dos-entramados-de-corrupcion\/","url":"https:\/\/www.fiscalia.gov.co\/colombia\/hay-justicia\/sentido-de-fallo-condenatorio-para-emilio-jose-tapia-aldana-por-participar-en-dos-entramados-de-corrupcion\/","name":"Fiscal\u00eda General de la Naci\u00f3n","isPartOf":{"@id":"https:\/\/www.fiscalia.gov.co\/colombia\/#website"},"datePublished":"2024-12-19T11:32:30+00:00","dateModified":"2024-12-19T17:35:32+00:00","description":"P\u00e1gina oficial de la Fiscal\u00eda General de la Naci\u00f3n \u2013 Colombia. Garantizamos el acceso efectivo a la justicia, la verdad y la reparaci\u00f3n de las v\u00edctimas de los delitos.","breadcrumb":{"@id":"https:\/\/www.fiscalia.gov.co\/colombia\/hay-justicia\/sentido-de-fallo-condenatorio-para-emilio-jose-tapia-aldana-por-participar-en-dos-entramados-de-corrupcion\/#breadcrumb"},"inLanguage":"es-CO","potentialAction":[{"@type":"ReadAction","target":["https:\/\/www.fiscalia.gov.co\/colombia\/hay-justicia\/sentido-de-fallo-condenatorio-para-emilio-jose-tapia-aldana-por-participar-en-dos-entramados-de-corrupcion\/"]}]},{"@type":"BreadcrumbList","@id":"https:\/\/www.fiscalia.gov.co\/colombia\/hay-justicia\/sentido-de-fallo-condenatorio-para-emilio-jose-tapia-aldana-por-participar-en-dos-entramados-de-corrupcion\/#breadcrumb","itemListElement":[{"@type":"ListItem","position":1,"name":"Home","item":"https:\/\/www.fiscalia.gov.co\/colombia\/"},{"@type":"ListItem","position":2,"name":"Sentido de fallo condenatorio para Emilio Jos\u00e9 Tapia Aldana por participar en dos entramados de corrupci\u00f3n"}]},{"@type":"WebSite","@id":"https:\/\/www.fiscalia.gov.co\/colombia\/#website","url":"https:\/\/www.fiscalia.gov.co\/colombia\/","name":"Fiscal\u00eda General de la Naci\u00f3n","description":"P\u00e1gina oficial de la Fiscal\u00eda General de la Naci\u00f3n \u2013 Colombia. Garantizamos el acceso efectivo a la justicia, la verdad y la reparaci\u00f3n de las v\u00edctimas de los delitos.","publisher":{"@id":"https:\/\/www.fiscalia.gov.co\/colombia\/#organization"},"potentialAction":[{"@type":"SearchAction","target":{"@type":"EntryPoint","urlTemplate":"https:\/\/www.fiscalia.gov.co\/colombia\/?s={search_term_string}"},"query-input":{"@type":"PropertyValueSpecification","valueRequired":true,"valueName":"search_term_string"}}],"inLanguage":"es-CO"},{"@type":"Organization","@id":"https:\/\/www.fiscalia.gov.co\/colombia\/#organization","name":"Fiscal\u00eda General de la Naci\u00f3n","url":"https:\/\/www.fiscalia.gov.co\/colombia\/","logo":{"@type":"ImageObject","inLanguage":"es-CO","@id":"https:\/\/www.fiscalia.gov.co\/colombia\/#\/schema\/logo\/image\/","url":"https:\/\/www.fiscalia.gov.co\/colombia\/wp-content\/uploads\/LogoHorizontal_1.jpg","contentUrl":"https:\/\/www.fiscalia.gov.co\/colombia\/wp-content\/uploads\/LogoHorizontal_1.jpg","width":300,"height":90,"caption":"Fiscal\u00eda General de la Naci\u00f3n"},"image":{"@id":"https:\/\/www.fiscalia.gov.co\/colombia\/#\/schema\/logo\/image\/"},"sameAs":["https:\/\/www.facebook.com\/FiscaliaCol","https:\/\/x.com\/FiscaliaCol","https:\/\/www.instagram.com\/fiscaliacol","https:\/\/www.linkedin.com\/company\/fiscalia-general-de-la-naci-n\/","https:\/\/youtube.com\/@fiscaliageneraldelanacion-4668?si=6nN79nyQICPU5iTh"]},{"@type":"Person","@id":"https:\/\/www.fiscalia.gov.co\/colombia\/#\/schema\/person\/2e76b9aba5ecf875ed565ce4de0e0415","name":"Katherine Loaiza Mart\u00ednez","image":{"@type":"ImageObject","inLanguage":"es-CO","@id":"https:\/\/www.fiscalia.gov.co\/colombia\/#\/schema\/person\/image\/","url":"https:\/\/secure.gravatar.com\/avatar\/ab775a2f394c1b83b6d6f78680e57b50?s=96&d=mm&r=g","contentUrl":"https:\/\/secure.gravatar.com\/avatar\/ab775a2f394c1b83b6d6f78680e57b50?s=96&d=mm&r=g","caption":"Katherine Loaiza Mart\u00ednez"},"url":"https:\/\/www.fiscalia.gov.co\/colombia\/author\/kloaiza\/"}]}},"_links":{"self":[{"href":"https:\/\/www.fiscalia.gov.co\/colombia\/wp-json\/wp\/v2\/posts\/307760","targetHints":{"allow":["GET"]}}],"collection":[{"href":"https:\/\/www.fiscalia.gov.co\/colombia\/wp-json\/wp\/v2\/posts"}],"about":[{"href":"https:\/\/www.fiscalia.gov.co\/colombia\/wp-json\/wp\/v2\/types\/post"}],"author":[{"embeddable":true,"href":"https:\/\/www.fiscalia.gov.co\/colombia\/wp-json\/wp\/v2\/users\/175"}],"replies":[{"embeddable":true,"href":"https:\/\/www.fiscalia.gov.co\/colombia\/wp-json\/wp\/v2\/comments?post=307760"}],"version-history":[{"count":4,"href":"https:\/\/www.fiscalia.gov.co\/colombia\/wp-json\/wp\/v2\/posts\/307760\/revisions"}],"predecessor-version":[{"id":307789,"href":"https:\/\/www.fiscalia.gov.co\/colombia\/wp-json\/wp\/v2\/posts\/307760\/revisions\/307789"}],"wp:attachment":[{"href":"https:\/\/www.fiscalia.gov.co\/colombia\/wp-json\/wp\/v2\/media?parent=307760"}],"wp:term":[{"taxonomy":"category","embeddable":true,"href":"https:\/\/www.fiscalia.gov.co\/colombia\/wp-json\/wp\/v2\/categories?post=307760"},{"taxonomy":"post_tag","embeddable":true,"href":"https:\/\/www.fiscalia.gov.co\/colombia\/wp-json\/wp\/v2\/tags?post=307760"}],"curies":[{"name":"wp","href":"https:\/\/api.w.org\/{rel}","templated":true}]}}