{"id":307683,"date":"2024-12-18T11:47:20","date_gmt":"2024-12-18T16:47:20","guid":{"rendered":"https:\/\/www.fiscalia.gov.co\/colombia\/?p=307683"},"modified":"2024-12-18T11:47:20","modified_gmt":"2024-12-18T16:47:20","slug":"a-la-carcel-docente-y-lider-sindical-universitario-presuntamente-implicado-en-el-abuso-sexual-de-una-menor-de-edad","status":"publish","type":"post","link":"https:\/\/www.fiscalia.gov.co\/colombia\/noticias\/a-la-carcel-docente-y-lider-sindical-universitario-presuntamente-implicado-en-el-abuso-sexual-de-una-menor-de-edad\/","title":{"rendered":"A la c\u00e1rcel docente\u00a0y l\u00edder sindical universitario, presuntamente implicado en el abuso sexual de una menor de edad"},"content":{"rendered":"<div id=\"m_4772461060463377303m_-7600567833555649141divRplyFwdMsg\" dir=\"ltr\">\n<blockquote>\n<h4><b><i>Los hechos ocurrieron\u00a0entre diciembre\u00a0de 2023 y agosto pasado en el campus universitario, al igual que en la vivienda del presunto victimario.<\/i><\/b><\/h4>\n<\/blockquote>\n<p>Por solicitud de la Fiscal\u00eda General de la Naci\u00f3n,\u00a0un juez de control de garant\u00edas impuso medida de aseguramiento en <a href=\"https:\/\/www.fiscalia.gov.co\/colombia\/seccionales\/fiscalia-imputa-cargos-contra-director-de-musica-religiosa-por-presunto-acoso-sexual-a-sus-alumnas\/\" target=\"_blank\" rel=\"noopener\">centro carcelario<\/a> <strong>contra un docente y l\u00edder sindical de una universidad antioque\u00f1a, quien habr\u00eda abusado sexualmente de una menor de 14 a\u00f1os<\/strong> de edad, nieta de una compa\u00f1era de trabajo.<\/p>\n<figure id=\"attachment_307684\" aria-describedby=\"caption-attachment-307684\" style=\"width: 300px\" class=\"wp-caption alignnone\"><img loading=\"lazy\" decoding=\"async\" class=\"size-medium wp-image-307684\" src=\"https:\/\/www.fiscalia.gov.co\/colombia\/wp-content\/uploads\/DOCENTE-Y-LIDER-SINDICAL-UNIVERSITARIO-300x245.jpg\" alt=\" En la imagen est\u00e1 el procesado con el rostro distorsionado,al lado de un servidor de la Sij\u00edn de la Polic\u00eda Nacional\" width=\"300\" height=\"245\" srcset=\"https:\/\/www.fiscalia.gov.co\/colombia\/wp-content\/uploads\/DOCENTE-Y-LIDER-SINDICAL-UNIVERSITARIO-300x245.jpg 300w, https:\/\/www.fiscalia.gov.co\/colombia\/wp-content\/uploads\/DOCENTE-Y-LIDER-SINDICAL-UNIVERSITARIO-1024x836.jpg 1024w, https:\/\/www.fiscalia.gov.co\/colombia\/wp-content\/uploads\/DOCENTE-Y-LIDER-SINDICAL-UNIVERSITARIO-768x627.jpg 768w, https:\/\/www.fiscalia.gov.co\/colombia\/wp-content\/uploads\/DOCENTE-Y-LIDER-SINDICAL-UNIVERSITARIO-514x420.jpg 514w, https:\/\/www.fiscalia.gov.co\/colombia\/wp-content\/uploads\/DOCENTE-Y-LIDER-SINDICAL-UNIVERSITARIO-696x568.jpg 696w, https:\/\/www.fiscalia.gov.co\/colombia\/wp-content\/uploads\/DOCENTE-Y-LIDER-SINDICAL-UNIVERSITARIO-1068x872.jpg 1068w, https:\/\/www.fiscalia.gov.co\/colombia\/wp-content\/uploads\/DOCENTE-Y-LIDER-SINDICAL-UNIVERSITARIO.jpg 1096w\" sizes=\"auto, (max-width: 300px) 100vw, 300px\" \/><figcaption id=\"caption-attachment-307684\" class=\"wp-caption-text\">Docente y l\u00edder sindical investigado por abusar de una menor de 14 a\u00f1os de edad<\/figcaption><\/figure>\n<p>El procesado, de 60 a\u00f1os, <strong>neg\u00f3 su responsabilidad en cuanto a los cargos imputados por un fiscal del Centro de Atenci\u00f3n a V\u00edctimas de Abuso sexual\u00a0(Caivas)\u00a0<\/strong>quien lo consider\u00f3 responsable de los delitos de acceso carnal violento con menor de 14 a\u00f1os y actos sexuales violentos con menor de 14 a\u00f1os, ambos agravados.<\/p>\n<p>El primer hecho ocurri\u00f3 en diciembre de 2023 durante una reuni\u00f3n en la instituci\u00f3n universitaria. Al parecer, <strong>el procesado habr\u00eda realizado tocamientos a la menor en una de las oficinas del plantel acad\u00e9mico.<\/strong><\/p>\n<p><strong>Las dem\u00e1s agresiones, se cree, ocurrieron en la casa del supuesto agresor, ubicada en la Comuna 16 de Medell\u00edn.<\/strong> La fiscal\u00eda evidenci\u00f3 que el hombre le dijo a la menor de edad que de no acceder a sus pretensiones lastimar\u00eda a su abuela. El temor hizo que la adolescente acudiera al lugar donde fue sometida y abusada por la fuerza. Producto de los abusos, la joven qued\u00f3 en embarazo.<\/p>\n<p>NAMT\/DC\/LMFO\/MAGA\/DSM<\/p>\n<\/div>\n<p>&nbsp;<\/p>\n<p>&nbsp;<\/p>\n<p>&nbsp;<\/p>\n<p>&nbsp;<\/p>\n<p><em>La informaci\u00f3n contenida en este bolet\u00edn de prensa corresponde a la narraci\u00f3n de los hechos noticiosos objetivos, suministrados por los funcionarios encargados de adelantar las investigaciones penales al interior de la Fiscal\u00eda General de la Naci\u00f3n. Para el momento de la divulgaci\u00f3n de este comunicado, la situaci\u00f3n jur\u00eddica de la(s) persona(s) relacionada(s) se encuentra pendiente de resolver por la autoridad judicial competente, siempre bajo los preceptos de la presunci\u00f3n de inocencia, consagrados en el art\u00edculo 29 de la Constituci\u00f3n Pol\u00edtica y el art\u00edculo 7\u00ba de la Ley 906 de 2004.<\/em><\/p>\n<p>&nbsp;<\/p>\n<div><\/div>\n<div><\/div>\n<div><\/div>\n<div><\/div>\n<div><\/div>\n<div><\/div>\n<blockquote>\n<div><\/div>\n<div><\/div>\n<\/blockquote>\n\n<div class=\"twitter-share\"><a href=\"https:\/\/twitter.com\/intent\/tweet?via=fiscaliacol\" class=\"twitter-share-button\">Tweet<\/a><\/div>\n","protected":false},"excerpt":{"rendered":"<p>Los hechos ocurrieron\u00a0entre diciembre\u00a0de 2023 y agosto pasado en el campus universitario, al igual que en la vivienda del presunto victimario. Por solicitud de la Fiscal\u00eda General de la Naci\u00f3n,\u00a0un juez de control de garant\u00edas impuso medida de aseguramiento en centro carcelario contra un docente y l\u00edder sindical de una universidad antioque\u00f1a, quien habr\u00eda abusado [&hellip;]<\/p>\n","protected":false},"author":181,"featured_media":0,"comment_status":"closed","ping_status":"open","sticky":false,"template":"","format":"standard","meta":{"_price":"","_stock":"","_tribe_ticket_header":"","_tribe_default_ticket_provider":"","_tribe_ticket_capacity":"0","_ticket_start_date":"","_ticket_end_date":"","_tribe_ticket_show_description":"","_tribe_ticket_show_not_going":false,"_tribe_ticket_use_global_stock":"","_tribe_ticket_global_stock_level":"","_global_stock_mode":"","_global_stock_cap":"","_tribe_rsvp_for_event":"","_tribe_ticket_going_count":"","_tribe_ticket_not_going_count":"","_tribe_tickets_list":"[]","_tribe_ticket_has_attendee_info_fields":false,"tdm_status":"","tdm_grid_status":"","footnotes":""},"categories":[1,24099],"tags":[2245,12361,39686,1047,39687,270,558,39688],"class_list":{"0":"post-307683","1":"post","2":"type-post","3":"status-publish","4":"format-standard","6":"category-noticias","7":"category-seguridad-territorial","8":"tag-caivas","9":"tag-comuna-16","10":"tag-docente-universitario","11":"tag-fiscalia-general-de-la-nacion","12":"tag-lider-sindical-universitario","13":"tag-medellinc","14":"tag-policia-nacional","15":"tag-universidad-antioquena"},"yoast_head":"<!-- This site is optimized with the Yoast SEO plugin v24.3 - https:\/\/yoast.com\/wordpress\/plugins\/seo\/ -->\n<title>Fiscal\u00eda General de la Naci\u00f3n<\/title>\n<meta name=\"description\" content=\"P\u00e1gina oficial de la Fiscal\u00eda General de la Naci\u00f3n \u2013 Colombia. Garantizamos el acceso efectivo a la justicia, la verdad y la reparaci\u00f3n de las v\u00edctimas de los delitos.\" \/>\n<meta name=\"robots\" content=\"noindex, follow\" \/>\n<meta property=\"og:locale\" content=\"es_ES\" \/>\n<meta property=\"og:type\" content=\"article\" \/>\n<meta property=\"og:title\" content=\"Fiscal\u00eda General de la Naci\u00f3n\" \/>\n<meta property=\"og:description\" content=\"P\u00e1gina oficial de la Fiscal\u00eda General de la Naci\u00f3n \u2013 Colombia. Garantizamos el acceso efectivo a la justicia, la verdad y la reparaci\u00f3n de las v\u00edctimas de los delitos.\" \/>\n<meta property=\"og:url\" content=\"https:\/\/www.fiscalia.gov.co\/colombia\/noticias\/a-la-carcel-docente-y-lider-sindical-universitario-presuntamente-implicado-en-el-abuso-sexual-de-una-menor-de-edad\/\" \/>\n<meta property=\"og:site_name\" content=\"Fiscal\u00eda General de la Naci\u00f3n\" \/>\n<meta property=\"article:publisher\" content=\"https:\/\/www.facebook.com\/FiscaliaCol\" \/>\n<meta property=\"article:published_time\" content=\"2024-12-18T16:47:20+00:00\" \/>\n<meta property=\"og:image\" content=\"https:\/\/www.fiscalia.gov.co\/colombia\/wp-content\/uploads\/DOCENTE-Y-LIDER-SINDICAL-UNIVERSITARIO.jpg\" \/>\n\t<meta property=\"og:image:width\" content=\"1096\" \/>\n\t<meta property=\"og:image:height\" content=\"895\" \/>\n\t<meta property=\"og:image:type\" content=\"image\/jpeg\" \/>\n<meta name=\"author\" content=\"Johanna Islenny Prieto Pe\u00f1a\" \/>\n<meta name=\"twitter:card\" content=\"summary_large_image\" \/>\n<meta name=\"twitter:creator\" content=\"@FiscaliaCol\" \/>\n<meta name=\"twitter:site\" content=\"@FiscaliaCol\" \/>\n<meta name=\"twitter:label1\" content=\"Escrito por\" \/>\n\t<meta name=\"twitter:data1\" content=\"Johanna Islenny Prieto Pe\u00f1a\" \/>\n\t<meta name=\"twitter:label2\" content=\"Tiempo de lectura\" \/>\n\t<meta name=\"twitter:data2\" content=\"2 minutos\" \/>\n<script type=\"application\/ld+json\" class=\"yoast-schema-graph\">{\"@context\":\"https:\/\/schema.org\",\"@graph\":[{\"@type\":\"Article\",\"@id\":\"https:\/\/www.fiscalia.gov.co\/colombia\/noticias\/a-la-carcel-docente-y-lider-sindical-universitario-presuntamente-implicado-en-el-abuso-sexual-de-una-menor-de-edad\/#article\",\"isPartOf\":{\"@id\":\"https:\/\/www.fiscalia.gov.co\/colombia\/noticias\/a-la-carcel-docente-y-lider-sindical-universitario-presuntamente-implicado-en-el-abuso-sexual-de-una-menor-de-edad\/\"},\"author\":{\"name\":\"Johanna Islenny Prieto Pe\u00f1a\",\"@id\":\"https:\/\/www.fiscalia.gov.co\/colombia\/#\/schema\/person\/ba9eca435947489fb25117a0cd75bf3e\"},\"headline\":\"A la c\u00e1rcel docente\u00a0y l\u00edder sindical universitario, presuntamente implicado en el abuso sexual de una menor de edad\",\"datePublished\":\"2024-12-18T16:47:20+00:00\",\"dateModified\":\"2024-12-18T16:47:20+00:00\",\"mainEntityOfPage\":{\"@id\":\"https:\/\/www.fiscalia.gov.co\/colombia\/noticias\/a-la-carcel-docente-y-lider-sindical-universitario-presuntamente-implicado-en-el-abuso-sexual-de-una-menor-de-edad\/\"},\"wordCount\":399,\"publisher\":{\"@id\":\"https:\/\/www.fiscalia.gov.co\/colombia\/#organization\"},\"image\":{\"@id\":\"https:\/\/www.fiscalia.gov.co\/colombia\/noticias\/a-la-carcel-docente-y-lider-sindical-universitario-presuntamente-implicado-en-el-abuso-sexual-de-una-menor-de-edad\/#primaryimage\"},\"thumbnailUrl\":\"https:\/\/www.fiscalia.gov.co\/colombia\/wp-content\/uploads\/DOCENTE-Y-LIDER-SINDICAL-UNIVERSITARIO-300x245.jpg\",\"keywords\":[\"Caivas\",\"Comuna 16\",\"Docente universitario\",\"Fiscal\u00eda General de la Naci\u00f3n\",\"l\u00edder sindical universitario\",\"Medell\u00edn\",\"Polic\u00eda Nacional\",\"universidad antioque\u00f1a\"],\"articleSection\":[\"Noticias\",\"Seguridad territorial\"],\"inLanguage\":\"es-CO\"},{\"@type\":\"WebPage\",\"@id\":\"https:\/\/www.fiscalia.gov.co\/colombia\/noticias\/a-la-carcel-docente-y-lider-sindical-universitario-presuntamente-implicado-en-el-abuso-sexual-de-una-menor-de-edad\/\",\"url\":\"https:\/\/www.fiscalia.gov.co\/colombia\/noticias\/a-la-carcel-docente-y-lider-sindical-universitario-presuntamente-implicado-en-el-abuso-sexual-de-una-menor-de-edad\/\",\"name\":\"Fiscal\u00eda General de la Naci\u00f3n\",\"isPartOf\":{\"@id\":\"https:\/\/www.fiscalia.gov.co\/colombia\/#website\"},\"primaryImageOfPage\":{\"@id\":\"https:\/\/www.fiscalia.gov.co\/colombia\/noticias\/a-la-carcel-docente-y-lider-sindical-universitario-presuntamente-implicado-en-el-abuso-sexual-de-una-menor-de-edad\/#primaryimage\"},\"image\":{\"@id\":\"https:\/\/www.fiscalia.gov.co\/colombia\/noticias\/a-la-carcel-docente-y-lider-sindical-universitario-presuntamente-implicado-en-el-abuso-sexual-de-una-menor-de-edad\/#primaryimage\"},\"thumbnailUrl\":\"https:\/\/www.fiscalia.gov.co\/colombia\/wp-content\/uploads\/DOCENTE-Y-LIDER-SINDICAL-UNIVERSITARIO-300x245.jpg\",\"datePublished\":\"2024-12-18T16:47:20+00:00\",\"dateModified\":\"2024-12-18T16:47:20+00:00\",\"description\":\"P\u00e1gina oficial de la Fiscal\u00eda General de la Naci\u00f3n \u2013 Colombia. Garantizamos el acceso efectivo a la justicia, la verdad y la reparaci\u00f3n de las v\u00edctimas de los delitos.\",\"breadcrumb\":{\"@id\":\"https:\/\/www.fiscalia.gov.co\/colombia\/noticias\/a-la-carcel-docente-y-lider-sindical-universitario-presuntamente-implicado-en-el-abuso-sexual-de-una-menor-de-edad\/#breadcrumb\"},\"inLanguage\":\"es-CO\",\"potentialAction\":[{\"@type\":\"ReadAction\",\"target\":[\"https:\/\/www.fiscalia.gov.co\/colombia\/noticias\/a-la-carcel-docente-y-lider-sindical-universitario-presuntamente-implicado-en-el-abuso-sexual-de-una-menor-de-edad\/\"]}]},{\"@type\":\"ImageObject\",\"inLanguage\":\"es-CO\",\"@id\":\"https:\/\/www.fiscalia.gov.co\/colombia\/noticias\/a-la-carcel-docente-y-lider-sindical-universitario-presuntamente-implicado-en-el-abuso-sexual-de-una-menor-de-edad\/#primaryimage\",\"url\":\"https:\/\/www.fiscalia.gov.co\/colombia\/wp-content\/uploads\/DOCENTE-Y-LIDER-SINDICAL-UNIVERSITARIO.jpg\",\"contentUrl\":\"https:\/\/www.fiscalia.gov.co\/colombia\/wp-content\/uploads\/DOCENTE-Y-LIDER-SINDICAL-UNIVERSITARIO.jpg\",\"width\":1096,\"height\":895,\"caption\":\"Docente y l\u00edder sindical investigado por abusar de una menor de 14 a\u00f1os de edad\"},{\"@type\":\"BreadcrumbList\",\"@id\":\"https:\/\/www.fiscalia.gov.co\/colombia\/noticias\/a-la-carcel-docente-y-lider-sindical-universitario-presuntamente-implicado-en-el-abuso-sexual-de-una-menor-de-edad\/#breadcrumb\",\"itemListElement\":[{\"@type\":\"ListItem\",\"position\":1,\"name\":\"Home\",\"item\":\"https:\/\/www.fiscalia.gov.co\/colombia\/\"},{\"@type\":\"ListItem\",\"position\":2,\"name\":\"A la c\u00e1rcel docente\u00a0y l\u00edder sindical universitario, presuntamente implicado en el abuso sexual de una menor de edad\"}]},{\"@type\":\"WebSite\",\"@id\":\"https:\/\/www.fiscalia.gov.co\/colombia\/#website\",\"url\":\"https:\/\/www.fiscalia.gov.co\/colombia\/\",\"name\":\"Fiscal\u00eda General de la Naci\u00f3n\",\"description\":\"P\u00e1gina oficial de la Fiscal\u00eda General de la Naci\u00f3n \u2013 Colombia. Garantizamos el acceso efectivo a la justicia, la verdad y la reparaci\u00f3n de las v\u00edctimas de los delitos.\",\"publisher\":{\"@id\":\"https:\/\/www.fiscalia.gov.co\/colombia\/#organization\"},\"potentialAction\":[{\"@type\":\"SearchAction\",\"target\":{\"@type\":\"EntryPoint\",\"urlTemplate\":\"https:\/\/www.fiscalia.gov.co\/colombia\/?s={search_term_string}\"},\"query-input\":{\"@type\":\"PropertyValueSpecification\",\"valueRequired\":true,\"valueName\":\"search_term_string\"}}],\"inLanguage\":\"es-CO\"},{\"@type\":\"Organization\",\"@id\":\"https:\/\/www.fiscalia.gov.co\/colombia\/#organization\",\"name\":\"Fiscal\u00eda General de la Naci\u00f3n\",\"url\":\"https:\/\/www.fiscalia.gov.co\/colombia\/\",\"logo\":{\"@type\":\"ImageObject\",\"inLanguage\":\"es-CO\",\"@id\":\"https:\/\/www.fiscalia.gov.co\/colombia\/#\/schema\/logo\/image\/\",\"url\":\"https:\/\/www.fiscalia.gov.co\/colombia\/wp-content\/uploads\/LogoHorizontal_1.jpg\",\"contentUrl\":\"https:\/\/www.fiscalia.gov.co\/colombia\/wp-content\/uploads\/LogoHorizontal_1.jpg\",\"width\":300,\"height\":90,\"caption\":\"Fiscal\u00eda General de la Naci\u00f3n\"},\"image\":{\"@id\":\"https:\/\/www.fiscalia.gov.co\/colombia\/#\/schema\/logo\/image\/\"},\"sameAs\":[\"https:\/\/www.facebook.com\/FiscaliaCol\",\"https:\/\/x.com\/FiscaliaCol\",\"https:\/\/www.instagram.com\/fiscaliacol\",\"https:\/\/www.linkedin.com\/company\/fiscalia-general-de-la-naci-n\/\",\"https:\/\/youtube.com\/@fiscaliageneraldelanacion-4668?si=6nN79nyQICPU5iTh\"]},{\"@type\":\"Person\",\"@id\":\"https:\/\/www.fiscalia.gov.co\/colombia\/#\/schema\/person\/ba9eca435947489fb25117a0cd75bf3e\",\"name\":\"Johanna Islenny Prieto Pe\u00f1a\",\"image\":{\"@type\":\"ImageObject\",\"inLanguage\":\"es-CO\",\"@id\":\"https:\/\/www.fiscalia.gov.co\/colombia\/#\/schema\/person\/image\/\",\"url\":\"https:\/\/secure.gravatar.com\/avatar\/111433fc2acb037ffb768f6a3ca47864?s=96&d=mm&r=g\",\"contentUrl\":\"https:\/\/secure.gravatar.com\/avatar\/111433fc2acb037ffb768f6a3ca47864?s=96&d=mm&r=g\",\"caption\":\"Johanna Islenny Prieto Pe\u00f1a\"},\"url\":\"https:\/\/www.fiscalia.gov.co\/colombia\/author\/jprietop\/\"}]}<\/script>\n<!-- \/ Yoast SEO plugin. -->","yoast_head_json":{"title":"Fiscal\u00eda General de la Naci\u00f3n","description":"P\u00e1gina oficial de la Fiscal\u00eda General de la Naci\u00f3n \u2013 Colombia. Garantizamos el acceso efectivo a la justicia, la verdad y la reparaci\u00f3n de las v\u00edctimas de los delitos.","robots":{"index":"noindex","follow":"follow"},"og_locale":"es_ES","og_type":"article","og_title":"Fiscal\u00eda General de la Naci\u00f3n","og_description":"P\u00e1gina oficial de la Fiscal\u00eda General de la Naci\u00f3n \u2013 Colombia. Garantizamos el acceso efectivo a la justicia, la verdad y la reparaci\u00f3n de las v\u00edctimas de los delitos.","og_url":"https:\/\/www.fiscalia.gov.co\/colombia\/noticias\/a-la-carcel-docente-y-lider-sindical-universitario-presuntamente-implicado-en-el-abuso-sexual-de-una-menor-de-edad\/","og_site_name":"Fiscal\u00eda General de la Naci\u00f3n","article_publisher":"https:\/\/www.facebook.com\/FiscaliaCol","article_published_time":"2024-12-18T16:47:20+00:00","og_image":[{"width":1096,"height":895,"url":"https:\/\/www.fiscalia.gov.co\/colombia\/wp-content\/uploads\/DOCENTE-Y-LIDER-SINDICAL-UNIVERSITARIO.jpg","type":"image\/jpeg"}],"author":"Johanna Islenny Prieto Pe\u00f1a","twitter_card":"summary_large_image","twitter_creator":"@FiscaliaCol","twitter_site":"@FiscaliaCol","twitter_misc":{"Escrito por":"Johanna Islenny Prieto Pe\u00f1a","Tiempo de lectura":"2 minutos"},"schema":{"@context":"https:\/\/schema.org","@graph":[{"@type":"Article","@id":"https:\/\/www.fiscalia.gov.co\/colombia\/noticias\/a-la-carcel-docente-y-lider-sindical-universitario-presuntamente-implicado-en-el-abuso-sexual-de-una-menor-de-edad\/#article","isPartOf":{"@id":"https:\/\/www.fiscalia.gov.co\/colombia\/noticias\/a-la-carcel-docente-y-lider-sindical-universitario-presuntamente-implicado-en-el-abuso-sexual-de-una-menor-de-edad\/"},"author":{"name":"Johanna Islenny Prieto Pe\u00f1a","@id":"https:\/\/www.fiscalia.gov.co\/colombia\/#\/schema\/person\/ba9eca435947489fb25117a0cd75bf3e"},"headline":"A la c\u00e1rcel docente\u00a0y l\u00edder sindical universitario, presuntamente implicado en el abuso sexual de una menor de edad","datePublished":"2024-12-18T16:47:20+00:00","dateModified":"2024-12-18T16:47:20+00:00","mainEntityOfPage":{"@id":"https:\/\/www.fiscalia.gov.co\/colombia\/noticias\/a-la-carcel-docente-y-lider-sindical-universitario-presuntamente-implicado-en-el-abuso-sexual-de-una-menor-de-edad\/"},"wordCount":399,"publisher":{"@id":"https:\/\/www.fiscalia.gov.co\/colombia\/#organization"},"image":{"@id":"https:\/\/www.fiscalia.gov.co\/colombia\/noticias\/a-la-carcel-docente-y-lider-sindical-universitario-presuntamente-implicado-en-el-abuso-sexual-de-una-menor-de-edad\/#primaryimage"},"thumbnailUrl":"https:\/\/www.fiscalia.gov.co\/colombia\/wp-content\/uploads\/DOCENTE-Y-LIDER-SINDICAL-UNIVERSITARIO-300x245.jpg","keywords":["Caivas","Comuna 16","Docente universitario","Fiscal\u00eda General de la Naci\u00f3n","l\u00edder sindical universitario","Medell\u00edn","Polic\u00eda Nacional","universidad antioque\u00f1a"],"articleSection":["Noticias","Seguridad territorial"],"inLanguage":"es-CO"},{"@type":"WebPage","@id":"https:\/\/www.fiscalia.gov.co\/colombia\/noticias\/a-la-carcel-docente-y-lider-sindical-universitario-presuntamente-implicado-en-el-abuso-sexual-de-una-menor-de-edad\/","url":"https:\/\/www.fiscalia.gov.co\/colombia\/noticias\/a-la-carcel-docente-y-lider-sindical-universitario-presuntamente-implicado-en-el-abuso-sexual-de-una-menor-de-edad\/","name":"Fiscal\u00eda General de la Naci\u00f3n","isPartOf":{"@id":"https:\/\/www.fiscalia.gov.co\/colombia\/#website"},"primaryImageOfPage":{"@id":"https:\/\/www.fiscalia.gov.co\/colombia\/noticias\/a-la-carcel-docente-y-lider-sindical-universitario-presuntamente-implicado-en-el-abuso-sexual-de-una-menor-de-edad\/#primaryimage"},"image":{"@id":"https:\/\/www.fiscalia.gov.co\/colombia\/noticias\/a-la-carcel-docente-y-lider-sindical-universitario-presuntamente-implicado-en-el-abuso-sexual-de-una-menor-de-edad\/#primaryimage"},"thumbnailUrl":"https:\/\/www.fiscalia.gov.co\/colombia\/wp-content\/uploads\/DOCENTE-Y-LIDER-SINDICAL-UNIVERSITARIO-300x245.jpg","datePublished":"2024-12-18T16:47:20+00:00","dateModified":"2024-12-18T16:47:20+00:00","description":"P\u00e1gina oficial de la Fiscal\u00eda General de la Naci\u00f3n \u2013 Colombia. Garantizamos el acceso efectivo a la justicia, la verdad y la reparaci\u00f3n de las v\u00edctimas de los delitos.","breadcrumb":{"@id":"https:\/\/www.fiscalia.gov.co\/colombia\/noticias\/a-la-carcel-docente-y-lider-sindical-universitario-presuntamente-implicado-en-el-abuso-sexual-de-una-menor-de-edad\/#breadcrumb"},"inLanguage":"es-CO","potentialAction":[{"@type":"ReadAction","target":["https:\/\/www.fiscalia.gov.co\/colombia\/noticias\/a-la-carcel-docente-y-lider-sindical-universitario-presuntamente-implicado-en-el-abuso-sexual-de-una-menor-de-edad\/"]}]},{"@type":"ImageObject","inLanguage":"es-CO","@id":"https:\/\/www.fiscalia.gov.co\/colombia\/noticias\/a-la-carcel-docente-y-lider-sindical-universitario-presuntamente-implicado-en-el-abuso-sexual-de-una-menor-de-edad\/#primaryimage","url":"https:\/\/www.fiscalia.gov.co\/colombia\/wp-content\/uploads\/DOCENTE-Y-LIDER-SINDICAL-UNIVERSITARIO.jpg","contentUrl":"https:\/\/www.fiscalia.gov.co\/colombia\/wp-content\/uploads\/DOCENTE-Y-LIDER-SINDICAL-UNIVERSITARIO.jpg","width":1096,"height":895,"caption":"Docente y l\u00edder sindical investigado por abusar de una menor de 14 a\u00f1os de edad"},{"@type":"BreadcrumbList","@id":"https:\/\/www.fiscalia.gov.co\/colombia\/noticias\/a-la-carcel-docente-y-lider-sindical-universitario-presuntamente-implicado-en-el-abuso-sexual-de-una-menor-de-edad\/#breadcrumb","itemListElement":[{"@type":"ListItem","position":1,"name":"Home","item":"https:\/\/www.fiscalia.gov.co\/colombia\/"},{"@type":"ListItem","position":2,"name":"A la c\u00e1rcel docente\u00a0y l\u00edder sindical universitario, presuntamente implicado en el abuso sexual de una menor de edad"}]},{"@type":"WebSite","@id":"https:\/\/www.fiscalia.gov.co\/colombia\/#website","url":"https:\/\/www.fiscalia.gov.co\/colombia\/","name":"Fiscal\u00eda General de la Naci\u00f3n","description":"P\u00e1gina oficial de la Fiscal\u00eda General de la Naci\u00f3n \u2013 Colombia. Garantizamos el acceso efectivo a la justicia, la verdad y la reparaci\u00f3n de las v\u00edctimas de los delitos.","publisher":{"@id":"https:\/\/www.fiscalia.gov.co\/colombia\/#organization"},"potentialAction":[{"@type":"SearchAction","target":{"@type":"EntryPoint","urlTemplate":"https:\/\/www.fiscalia.gov.co\/colombia\/?s={search_term_string}"},"query-input":{"@type":"PropertyValueSpecification","valueRequired":true,"valueName":"search_term_string"}}],"inLanguage":"es-CO"},{"@type":"Organization","@id":"https:\/\/www.fiscalia.gov.co\/colombia\/#organization","name":"Fiscal\u00eda General de la Naci\u00f3n","url":"https:\/\/www.fiscalia.gov.co\/colombia\/","logo":{"@type":"ImageObject","inLanguage":"es-CO","@id":"https:\/\/www.fiscalia.gov.co\/colombia\/#\/schema\/logo\/image\/","url":"https:\/\/www.fiscalia.gov.co\/colombia\/wp-content\/uploads\/LogoHorizontal_1.jpg","contentUrl":"https:\/\/www.fiscalia.gov.co\/colombia\/wp-content\/uploads\/LogoHorizontal_1.jpg","width":300,"height":90,"caption":"Fiscal\u00eda General de la Naci\u00f3n"},"image":{"@id":"https:\/\/www.fiscalia.gov.co\/colombia\/#\/schema\/logo\/image\/"},"sameAs":["https:\/\/www.facebook.com\/FiscaliaCol","https:\/\/x.com\/FiscaliaCol","https:\/\/www.instagram.com\/fiscaliacol","https:\/\/www.linkedin.com\/company\/fiscalia-general-de-la-naci-n\/","https:\/\/youtube.com\/@fiscaliageneraldelanacion-4668?si=6nN79nyQICPU5iTh"]},{"@type":"Person","@id":"https:\/\/www.fiscalia.gov.co\/colombia\/#\/schema\/person\/ba9eca435947489fb25117a0cd75bf3e","name":"Johanna Islenny Prieto Pe\u00f1a","image":{"@type":"ImageObject","inLanguage":"es-CO","@id":"https:\/\/www.fiscalia.gov.co\/colombia\/#\/schema\/person\/image\/","url":"https:\/\/secure.gravatar.com\/avatar\/111433fc2acb037ffb768f6a3ca47864?s=96&d=mm&r=g","contentUrl":"https:\/\/secure.gravatar.com\/avatar\/111433fc2acb037ffb768f6a3ca47864?s=96&d=mm&r=g","caption":"Johanna Islenny Prieto Pe\u00f1a"},"url":"https:\/\/www.fiscalia.gov.co\/colombia\/author\/jprietop\/"}]}},"_links":{"self":[{"href":"https:\/\/www.fiscalia.gov.co\/colombia\/wp-json\/wp\/v2\/posts\/307683","targetHints":{"allow":["GET"]}}],"collection":[{"href":"https:\/\/www.fiscalia.gov.co\/colombia\/wp-json\/wp\/v2\/posts"}],"about":[{"href":"https:\/\/www.fiscalia.gov.co\/colombia\/wp-json\/wp\/v2\/types\/post"}],"author":[{"embeddable":true,"href":"https:\/\/www.fiscalia.gov.co\/colombia\/wp-json\/wp\/v2\/users\/181"}],"replies":[{"embeddable":true,"href":"https:\/\/www.fiscalia.gov.co\/colombia\/wp-json\/wp\/v2\/comments?post=307683"}],"version-history":[{"count":1,"href":"https:\/\/www.fiscalia.gov.co\/colombia\/wp-json\/wp\/v2\/posts\/307683\/revisions"}],"predecessor-version":[{"id":307685,"href":"https:\/\/www.fiscalia.gov.co\/colombia\/wp-json\/wp\/v2\/posts\/307683\/revisions\/307685"}],"wp:attachment":[{"href":"https:\/\/www.fiscalia.gov.co\/colombia\/wp-json\/wp\/v2\/media?parent=307683"}],"wp:term":[{"taxonomy":"category","embeddable":true,"href":"https:\/\/www.fiscalia.gov.co\/colombia\/wp-json\/wp\/v2\/categories?post=307683"},{"taxonomy":"post_tag","embeddable":true,"href":"https:\/\/www.fiscalia.gov.co\/colombia\/wp-json\/wp\/v2\/tags?post=307683"}],"curies":[{"name":"wp","href":"https:\/\/api.w.org\/{rel}","templated":true}]}}