{"id":307599,"date":"2024-12-16T07:20:00","date_gmt":"2024-12-16T12:20:00","guid":{"rendered":"https:\/\/www.fiscalia.gov.co\/colombia\/?p=307599"},"modified":"2024-12-16T07:23:34","modified_gmt":"2024-12-16T12:23:34","slug":"al-descubierto-red-delictiva-senalada-de-sacrificar-de-manera-clandestina-reses-caballos-y-asnos-para-comercializar-su-carne","status":"publish","type":"post","link":"https:\/\/www.fiscalia.gov.co\/colombia\/noticias\/al-descubierto-red-delictiva-senalada-de-sacrificar-de-manera-clandestina-reses-caballos-y-asnos-para-comercializar-su-carne\/","title":{"rendered":"Al descubierto red delictiva se\u00f1alada de sacrificar de manera clandestina reses, caballos y\u00a0 asnos para comercializar su carne"},"content":{"rendered":"<blockquote>\n<h4 dir=\"ltr\"><em>Las investigaciones dan cuenta de que el producto era distribuido a proveedores del Plan de Alimentaci\u00f3n Escolar (PAE), de c\u00e1rceles y otras instituciones p\u00fablicas; adem\u00e1s de plazas de mercado y establecimientos de comercio.<\/em><\/h4>\n<\/blockquote>\n<p dir=\"ltr\">Como parte de una investigaci\u00f3n que se sigue por la\u00a0contaminaci\u00f3n ambiental y el da\u00f1o a los recursos naturales\u00a0con el funcionamiento de una matadero clandestino en la vereda Sasa, en Chiquinquir\u00e1 (Boyac\u00e1), la\u00a0Fiscal\u00eda General de la Naci\u00f3n\u00a0identific\u00f3 a una red delictiva se\u00f1alada de\u00a0sacrificar reses, caballos y asnos\u00a0para vender la carne en municipios de Boyac\u00e1 y Cundinamarca, y\u00a0a proveedores de programas p\u00fablicos.<\/p>\n<p dir=\"ltr\">En diligencias realizadas de manera conjunta con la Direcci\u00f3n de Carabineros de la Polic\u00eda Nacional fueron capturados ocho de los presuntos integrantes de esta red . Un fiscal de la\u00a0Direcci\u00f3n Especializada contra los Delitos contra los Recursos Naturales y el Medio Ambiente\u00a0los present\u00f3 ante un juez de control de garant\u00edas y les imput\u00f3 los delitos de concierto para delinquir, maltrato animal, contaminaci\u00f3n ambiental, y corrupci\u00f3n de alimentos, productos m\u00e9dicos o material profil\u00e1ctico.<\/p>\n<p dir=\"ltr\">La estructura delincuencial, al parecer, dispon\u00eda de\u00a0animales enfermos y en malas condiciones,\u00a0sin contar con los permisos de ley y en medio de condiciones precarias de salubridad. Esto generaba\u00a0afectaciones al suelo y a las fuentes h\u00eddricas\u00a0por el vertimiento de residuos de esta actividad.<\/p>\n<p dir=\"ltr\">Los elementos materiales probatorios indican que la carne obtenida ser\u00eda embalada y trasladada sin mantener la cadena de fr\u00edo y de conservaci\u00f3n a bodegas de Cota (Cundinamarca) y Bogot\u00e1. Desde all\u00ed, a trav\u00e9s de un intermediario, presuntamente era vendida y distribuida a proveedores del\u00a0Plan de Alimentaci\u00f3n Escolar (PAE), centros carcelarios, plazas de mercado y establecimientos de comercio.<\/p>\n<p dir=\"ltr\">El Instituto Nacional de Vigilancia de Medicamentos y Alimentos (INVIMA) particip\u00f3 en las diligencias realizadas y constat\u00f3 que el producto ofrecido por esta estructura no era apto para el consumo humano.<\/p>\n<p dir=\"ltr\">Los procesados por estos hechos fueron identificados como:<\/p>\n<ul>\n<li dir=\"ltr\">\n<p dir=\"ltr\" role=\"presentation\">Cristian Mauricio Mart\u00ednez Gaviria, \u00d3scar Armando Valbuena S\u00e1nchez y Sa\u00fal Humberto Pinilla Garc\u00eda, quienes ser\u00edan los administradores de cuatro bodegas de beneficio animal clandestinas. El juez de control de garant\u00edas les impuso medida de aseguramiento en centro carcelario.<\/p>\n<\/li>\n<li dir=\"ltr\">\n<p dir=\"ltr\" role=\"presentation\">John Anderson Pineda Orteg\u00f3n, ser\u00eda trabajador de una de las bodegas; Gildardo Antonio Isaza Herrera, se\u00f1alado intermediario; Yuber Molina Roberto, Luis Alfonso Pecue Machado y Soledad Quintero Lozano, empresarios y compradores. Ellos recibieron medida privativa de la libertad domiciliaria.<\/p>\n<\/li>\n<\/ul>\n<p>LKSC\/JARG\/DEMA\/CG<\/p>\n<p>&nbsp;<\/p>\n<p>&nbsp;<\/p>\n<p><em>La informaci\u00f3n contenida en este bolet\u00edn de prensa corresponde a la narraci\u00f3n de los hechos noticiosos objetivos, suministrados por los funcionarios encargados de adelantar las investigaciones penales al interior de la Fiscal\u00eda General de la Naci\u00f3n. Para el momento de la divulgaci\u00f3n de este comunicado, la situaci\u00f3n jur\u00eddica de la(s) persona(s) relacionada(s) se encuentra pendiente de resolver por la autoridad judicial competente, siempre bajo los preceptos de la presunci\u00f3n de inocencia, consagrados en el art\u00edculo 29 de la Constituci\u00f3n Pol\u00edtica y el art\u00edculo 7\u00ba de la Ley 906 de 2004.<\/em><\/p>\n\n<div class=\"twitter-share\"><a href=\"https:\/\/twitter.com\/intent\/tweet?via=fiscaliacol\" class=\"twitter-share-button\">Tweet<\/a><\/div>\n","protected":false},"excerpt":{"rendered":"<p>Las investigaciones dan cuenta de que el producto era distribuido a proveedores del Plan de Alimentaci\u00f3n Escolar (PAE), de c\u00e1rceles y otras instituciones p\u00fablicas; adem\u00e1s de plazas de mercado y establecimientos de comercio. Como parte de una investigaci\u00f3n que se sigue por la\u00a0contaminaci\u00f3n ambiental y el da\u00f1o a los recursos naturales\u00a0con el funcionamiento de una [&hellip;]<\/p>\n","protected":false},"author":181,"featured_media":0,"comment_status":"closed","ping_status":"open","sticky":false,"template":"","format":"standard","meta":{"_price":"","_stock":"","_tribe_ticket_header":"","_tribe_default_ticket_provider":"","_tribe_ticket_capacity":"0","_ticket_start_date":"","_ticket_end_date":"","_tribe_ticket_show_description":"","_tribe_ticket_show_not_going":false,"_tribe_ticket_use_global_stock":"","_tribe_ticket_global_stock_level":"","_global_stock_mode":"","_global_stock_cap":"","_tribe_rsvp_for_event":"","_tribe_ticket_going_count":"","_tribe_ticket_not_going_count":"","_tribe_tickets_list":"[]","_tribe_ticket_has_attendee_info_fields":false,"tdm_status":"","tdm_grid_status":"","footnotes":""},"categories":[24124,1],"tags":[14450,39676,23856,21553,39678,37491,24187,1047,39677],"class_list":{"0":"post-307599","1":"post","2":"type-post","3":"status-publish","4":"format-standard","6":"category-dano-al-medio-ambiente","7":"category-noticias","8":"tag-boyaca","9":"tag-carne-no-apta-para-el-consumo-humano","10":"tag-chiquinquira","11":"tag-dano-al-medio-ambiente","12":"tag-direccion-especializada-contra-los-delitos-contra-los-recursos-naturales-y-el-medio-ambiente","13":"tag-fiscal-camargo","14":"tag-fiscalia-colombia","15":"tag-fiscalia-general-de-la-nacion","16":"tag-sasa"},"yoast_head":"<!-- This site is optimized with the Yoast SEO plugin v24.3 - https:\/\/yoast.com\/wordpress\/plugins\/seo\/ -->\n<title>Fiscal\u00eda General de la Naci\u00f3n<\/title>\n<meta name=\"description\" content=\"P\u00e1gina oficial de la Fiscal\u00eda General de la Naci\u00f3n \u2013 Colombia. Garantizamos el acceso efectivo a la justicia, la verdad y la reparaci\u00f3n de las v\u00edctimas de los delitos.\" \/>\n<meta name=\"robots\" content=\"noindex, follow\" \/>\n<meta property=\"og:locale\" content=\"es_ES\" \/>\n<meta property=\"og:type\" content=\"article\" \/>\n<meta property=\"og:title\" content=\"Fiscal\u00eda General de la Naci\u00f3n\" \/>\n<meta property=\"og:description\" content=\"P\u00e1gina oficial de la Fiscal\u00eda General de la Naci\u00f3n \u2013 Colombia. Garantizamos el acceso efectivo a la justicia, la verdad y la reparaci\u00f3n de las v\u00edctimas de los delitos.\" \/>\n<meta property=\"og:url\" content=\"https:\/\/www.fiscalia.gov.co\/colombia\/noticias\/al-descubierto-red-delictiva-senalada-de-sacrificar-de-manera-clandestina-reses-caballos-y-asnos-para-comercializar-su-carne\/\" \/>\n<meta property=\"og:site_name\" content=\"Fiscal\u00eda General de la Naci\u00f3n\" \/>\n<meta property=\"article:publisher\" content=\"https:\/\/www.facebook.com\/FiscaliaCol\" \/>\n<meta property=\"article:published_time\" content=\"2024-12-16T12:20:00+00:00\" \/>\n<meta property=\"article:modified_time\" content=\"2024-12-16T12:23:34+00:00\" \/>\n<meta name=\"author\" content=\"Johanna Islenny Prieto Pe\u00f1a\" \/>\n<meta name=\"twitter:card\" content=\"summary_large_image\" \/>\n<meta name=\"twitter:creator\" content=\"@FiscaliaCol\" \/>\n<meta name=\"twitter:site\" content=\"@FiscaliaCol\" \/>\n<meta name=\"twitter:label1\" content=\"Escrito por\" \/>\n\t<meta name=\"twitter:data1\" content=\"Johanna Islenny Prieto Pe\u00f1a\" \/>\n\t<meta name=\"twitter:label2\" content=\"Tiempo de lectura\" \/>\n\t<meta name=\"twitter:data2\" content=\"3 minutos\" \/>\n<script type=\"application\/ld+json\" class=\"yoast-schema-graph\">{\"@context\":\"https:\/\/schema.org\",\"@graph\":[{\"@type\":\"Article\",\"@id\":\"https:\/\/www.fiscalia.gov.co\/colombia\/noticias\/al-descubierto-red-delictiva-senalada-de-sacrificar-de-manera-clandestina-reses-caballos-y-asnos-para-comercializar-su-carne\/#article\",\"isPartOf\":{\"@id\":\"https:\/\/www.fiscalia.gov.co\/colombia\/noticias\/al-descubierto-red-delictiva-senalada-de-sacrificar-de-manera-clandestina-reses-caballos-y-asnos-para-comercializar-su-carne\/\"},\"author\":{\"name\":\"Johanna Islenny Prieto Pe\u00f1a\",\"@id\":\"https:\/\/www.fiscalia.gov.co\/colombia\/#\/schema\/person\/ba9eca435947489fb25117a0cd75bf3e\"},\"headline\":\"Al descubierto red delictiva se\u00f1alada de sacrificar de manera clandestina reses, caballos y\u00a0 asnos para comercializar su carne\",\"datePublished\":\"2024-12-16T12:20:00+00:00\",\"dateModified\":\"2024-12-16T12:23:34+00:00\",\"mainEntityOfPage\":{\"@id\":\"https:\/\/www.fiscalia.gov.co\/colombia\/noticias\/al-descubierto-red-delictiva-senalada-de-sacrificar-de-manera-clandestina-reses-caballos-y-asnos-para-comercializar-su-carne\/\"},\"wordCount\":555,\"publisher\":{\"@id\":\"https:\/\/www.fiscalia.gov.co\/colombia\/#organization\"},\"keywords\":[\"Boyac\u00e1\",\"carne no apta para el consumo humano\",\"Chiquinquir\u00e1\",\"Da\u00f1o al medio ambiente\",\"Direcci\u00f3n Especializada contra los Delitos contra los Recursos Naturales y el Medio Ambiente\",\"fiscal Camargo\",\"Fiscal\u00eda Colombia\",\"Fiscal\u00eda General de la Naci\u00f3n\",\"Sasa\"],\"articleSection\":[\"Da\u00f1o al medio ambiente\",\"Noticias\"],\"inLanguage\":\"es-CO\"},{\"@type\":\"WebPage\",\"@id\":\"https:\/\/www.fiscalia.gov.co\/colombia\/noticias\/al-descubierto-red-delictiva-senalada-de-sacrificar-de-manera-clandestina-reses-caballos-y-asnos-para-comercializar-su-carne\/\",\"url\":\"https:\/\/www.fiscalia.gov.co\/colombia\/noticias\/al-descubierto-red-delictiva-senalada-de-sacrificar-de-manera-clandestina-reses-caballos-y-asnos-para-comercializar-su-carne\/\",\"name\":\"Fiscal\u00eda General de la Naci\u00f3n\",\"isPartOf\":{\"@id\":\"https:\/\/www.fiscalia.gov.co\/colombia\/#website\"},\"datePublished\":\"2024-12-16T12:20:00+00:00\",\"dateModified\":\"2024-12-16T12:23:34+00:00\",\"description\":\"P\u00e1gina oficial de la Fiscal\u00eda General de la Naci\u00f3n \u2013 Colombia. Garantizamos el acceso efectivo a la justicia, la verdad y la reparaci\u00f3n de las v\u00edctimas de los delitos.\",\"breadcrumb\":{\"@id\":\"https:\/\/www.fiscalia.gov.co\/colombia\/noticias\/al-descubierto-red-delictiva-senalada-de-sacrificar-de-manera-clandestina-reses-caballos-y-asnos-para-comercializar-su-carne\/#breadcrumb\"},\"inLanguage\":\"es-CO\",\"potentialAction\":[{\"@type\":\"ReadAction\",\"target\":[\"https:\/\/www.fiscalia.gov.co\/colombia\/noticias\/al-descubierto-red-delictiva-senalada-de-sacrificar-de-manera-clandestina-reses-caballos-y-asnos-para-comercializar-su-carne\/\"]}]},{\"@type\":\"BreadcrumbList\",\"@id\":\"https:\/\/www.fiscalia.gov.co\/colombia\/noticias\/al-descubierto-red-delictiva-senalada-de-sacrificar-de-manera-clandestina-reses-caballos-y-asnos-para-comercializar-su-carne\/#breadcrumb\",\"itemListElement\":[{\"@type\":\"ListItem\",\"position\":1,\"name\":\"Home\",\"item\":\"https:\/\/www.fiscalia.gov.co\/colombia\/\"},{\"@type\":\"ListItem\",\"position\":2,\"name\":\"Al descubierto red delictiva se\u00f1alada de sacrificar de manera clandestina reses, caballos y\u00a0 asnos para comercializar su carne\"}]},{\"@type\":\"WebSite\",\"@id\":\"https:\/\/www.fiscalia.gov.co\/colombia\/#website\",\"url\":\"https:\/\/www.fiscalia.gov.co\/colombia\/\",\"name\":\"Fiscal\u00eda General de la Naci\u00f3n\",\"description\":\"P\u00e1gina oficial de la Fiscal\u00eda General de la Naci\u00f3n \u2013 Colombia. Garantizamos el acceso efectivo a la justicia, la verdad y la reparaci\u00f3n de las v\u00edctimas de los delitos.\",\"publisher\":{\"@id\":\"https:\/\/www.fiscalia.gov.co\/colombia\/#organization\"},\"potentialAction\":[{\"@type\":\"SearchAction\",\"target\":{\"@type\":\"EntryPoint\",\"urlTemplate\":\"https:\/\/www.fiscalia.gov.co\/colombia\/?s={search_term_string}\"},\"query-input\":{\"@type\":\"PropertyValueSpecification\",\"valueRequired\":true,\"valueName\":\"search_term_string\"}}],\"inLanguage\":\"es-CO\"},{\"@type\":\"Organization\",\"@id\":\"https:\/\/www.fiscalia.gov.co\/colombia\/#organization\",\"name\":\"Fiscal\u00eda General de la Naci\u00f3n\",\"url\":\"https:\/\/www.fiscalia.gov.co\/colombia\/\",\"logo\":{\"@type\":\"ImageObject\",\"inLanguage\":\"es-CO\",\"@id\":\"https:\/\/www.fiscalia.gov.co\/colombia\/#\/schema\/logo\/image\/\",\"url\":\"https:\/\/www.fiscalia.gov.co\/colombia\/wp-content\/uploads\/LogoHorizontal_1.jpg\",\"contentUrl\":\"https:\/\/www.fiscalia.gov.co\/colombia\/wp-content\/uploads\/LogoHorizontal_1.jpg\",\"width\":300,\"height\":90,\"caption\":\"Fiscal\u00eda General de la Naci\u00f3n\"},\"image\":{\"@id\":\"https:\/\/www.fiscalia.gov.co\/colombia\/#\/schema\/logo\/image\/\"},\"sameAs\":[\"https:\/\/www.facebook.com\/FiscaliaCol\",\"https:\/\/x.com\/FiscaliaCol\",\"https:\/\/www.instagram.com\/fiscaliacol\",\"https:\/\/www.linkedin.com\/company\/fiscalia-general-de-la-naci-n\/\",\"https:\/\/youtube.com\/@fiscaliageneraldelanacion-4668?si=6nN79nyQICPU5iTh\"]},{\"@type\":\"Person\",\"@id\":\"https:\/\/www.fiscalia.gov.co\/colombia\/#\/schema\/person\/ba9eca435947489fb25117a0cd75bf3e\",\"name\":\"Johanna Islenny Prieto Pe\u00f1a\",\"image\":{\"@type\":\"ImageObject\",\"inLanguage\":\"es-CO\",\"@id\":\"https:\/\/www.fiscalia.gov.co\/colombia\/#\/schema\/person\/image\/\",\"url\":\"https:\/\/secure.gravatar.com\/avatar\/111433fc2acb037ffb768f6a3ca47864?s=96&d=mm&r=g\",\"contentUrl\":\"https:\/\/secure.gravatar.com\/avatar\/111433fc2acb037ffb768f6a3ca47864?s=96&d=mm&r=g\",\"caption\":\"Johanna Islenny Prieto Pe\u00f1a\"},\"url\":\"https:\/\/www.fiscalia.gov.co\/colombia\/author\/jprietop\/\"}]}<\/script>\n<!-- \/ Yoast SEO plugin. -->","yoast_head_json":{"title":"Fiscal\u00eda General de la Naci\u00f3n","description":"P\u00e1gina oficial de la Fiscal\u00eda General de la Naci\u00f3n \u2013 Colombia. Garantizamos el acceso efectivo a la justicia, la verdad y la reparaci\u00f3n de las v\u00edctimas de los delitos.","robots":{"index":"noindex","follow":"follow"},"og_locale":"es_ES","og_type":"article","og_title":"Fiscal\u00eda General de la Naci\u00f3n","og_description":"P\u00e1gina oficial de la Fiscal\u00eda General de la Naci\u00f3n \u2013 Colombia. Garantizamos el acceso efectivo a la justicia, la verdad y la reparaci\u00f3n de las v\u00edctimas de los delitos.","og_url":"https:\/\/www.fiscalia.gov.co\/colombia\/noticias\/al-descubierto-red-delictiva-senalada-de-sacrificar-de-manera-clandestina-reses-caballos-y-asnos-para-comercializar-su-carne\/","og_site_name":"Fiscal\u00eda General de la Naci\u00f3n","article_publisher":"https:\/\/www.facebook.com\/FiscaliaCol","article_published_time":"2024-12-16T12:20:00+00:00","article_modified_time":"2024-12-16T12:23:34+00:00","author":"Johanna Islenny Prieto Pe\u00f1a","twitter_card":"summary_large_image","twitter_creator":"@FiscaliaCol","twitter_site":"@FiscaliaCol","twitter_misc":{"Escrito por":"Johanna Islenny Prieto Pe\u00f1a","Tiempo de lectura":"3 minutos"},"schema":{"@context":"https:\/\/schema.org","@graph":[{"@type":"Article","@id":"https:\/\/www.fiscalia.gov.co\/colombia\/noticias\/al-descubierto-red-delictiva-senalada-de-sacrificar-de-manera-clandestina-reses-caballos-y-asnos-para-comercializar-su-carne\/#article","isPartOf":{"@id":"https:\/\/www.fiscalia.gov.co\/colombia\/noticias\/al-descubierto-red-delictiva-senalada-de-sacrificar-de-manera-clandestina-reses-caballos-y-asnos-para-comercializar-su-carne\/"},"author":{"name":"Johanna Islenny Prieto Pe\u00f1a","@id":"https:\/\/www.fiscalia.gov.co\/colombia\/#\/schema\/person\/ba9eca435947489fb25117a0cd75bf3e"},"headline":"Al descubierto red delictiva se\u00f1alada de sacrificar de manera clandestina reses, caballos y\u00a0 asnos para comercializar su carne","datePublished":"2024-12-16T12:20:00+00:00","dateModified":"2024-12-16T12:23:34+00:00","mainEntityOfPage":{"@id":"https:\/\/www.fiscalia.gov.co\/colombia\/noticias\/al-descubierto-red-delictiva-senalada-de-sacrificar-de-manera-clandestina-reses-caballos-y-asnos-para-comercializar-su-carne\/"},"wordCount":555,"publisher":{"@id":"https:\/\/www.fiscalia.gov.co\/colombia\/#organization"},"keywords":["Boyac\u00e1","carne no apta para el consumo humano","Chiquinquir\u00e1","Da\u00f1o al medio ambiente","Direcci\u00f3n Especializada contra los Delitos contra los Recursos Naturales y el Medio Ambiente","fiscal Camargo","Fiscal\u00eda Colombia","Fiscal\u00eda General de la Naci\u00f3n","Sasa"],"articleSection":["Da\u00f1o al medio ambiente","Noticias"],"inLanguage":"es-CO"},{"@type":"WebPage","@id":"https:\/\/www.fiscalia.gov.co\/colombia\/noticias\/al-descubierto-red-delictiva-senalada-de-sacrificar-de-manera-clandestina-reses-caballos-y-asnos-para-comercializar-su-carne\/","url":"https:\/\/www.fiscalia.gov.co\/colombia\/noticias\/al-descubierto-red-delictiva-senalada-de-sacrificar-de-manera-clandestina-reses-caballos-y-asnos-para-comercializar-su-carne\/","name":"Fiscal\u00eda General de la Naci\u00f3n","isPartOf":{"@id":"https:\/\/www.fiscalia.gov.co\/colombia\/#website"},"datePublished":"2024-12-16T12:20:00+00:00","dateModified":"2024-12-16T12:23:34+00:00","description":"P\u00e1gina oficial de la Fiscal\u00eda General de la Naci\u00f3n \u2013 Colombia. Garantizamos el acceso efectivo a la justicia, la verdad y la reparaci\u00f3n de las v\u00edctimas de los delitos.","breadcrumb":{"@id":"https:\/\/www.fiscalia.gov.co\/colombia\/noticias\/al-descubierto-red-delictiva-senalada-de-sacrificar-de-manera-clandestina-reses-caballos-y-asnos-para-comercializar-su-carne\/#breadcrumb"},"inLanguage":"es-CO","potentialAction":[{"@type":"ReadAction","target":["https:\/\/www.fiscalia.gov.co\/colombia\/noticias\/al-descubierto-red-delictiva-senalada-de-sacrificar-de-manera-clandestina-reses-caballos-y-asnos-para-comercializar-su-carne\/"]}]},{"@type":"BreadcrumbList","@id":"https:\/\/www.fiscalia.gov.co\/colombia\/noticias\/al-descubierto-red-delictiva-senalada-de-sacrificar-de-manera-clandestina-reses-caballos-y-asnos-para-comercializar-su-carne\/#breadcrumb","itemListElement":[{"@type":"ListItem","position":1,"name":"Home","item":"https:\/\/www.fiscalia.gov.co\/colombia\/"},{"@type":"ListItem","position":2,"name":"Al descubierto red delictiva se\u00f1alada de sacrificar de manera clandestina reses, caballos y\u00a0 asnos para comercializar su carne"}]},{"@type":"WebSite","@id":"https:\/\/www.fiscalia.gov.co\/colombia\/#website","url":"https:\/\/www.fiscalia.gov.co\/colombia\/","name":"Fiscal\u00eda General de la Naci\u00f3n","description":"P\u00e1gina oficial de la Fiscal\u00eda General de la Naci\u00f3n \u2013 Colombia. Garantizamos el acceso efectivo a la justicia, la verdad y la reparaci\u00f3n de las v\u00edctimas de los delitos.","publisher":{"@id":"https:\/\/www.fiscalia.gov.co\/colombia\/#organization"},"potentialAction":[{"@type":"SearchAction","target":{"@type":"EntryPoint","urlTemplate":"https:\/\/www.fiscalia.gov.co\/colombia\/?s={search_term_string}"},"query-input":{"@type":"PropertyValueSpecification","valueRequired":true,"valueName":"search_term_string"}}],"inLanguage":"es-CO"},{"@type":"Organization","@id":"https:\/\/www.fiscalia.gov.co\/colombia\/#organization","name":"Fiscal\u00eda General de la Naci\u00f3n","url":"https:\/\/www.fiscalia.gov.co\/colombia\/","logo":{"@type":"ImageObject","inLanguage":"es-CO","@id":"https:\/\/www.fiscalia.gov.co\/colombia\/#\/schema\/logo\/image\/","url":"https:\/\/www.fiscalia.gov.co\/colombia\/wp-content\/uploads\/LogoHorizontal_1.jpg","contentUrl":"https:\/\/www.fiscalia.gov.co\/colombia\/wp-content\/uploads\/LogoHorizontal_1.jpg","width":300,"height":90,"caption":"Fiscal\u00eda General de la Naci\u00f3n"},"image":{"@id":"https:\/\/www.fiscalia.gov.co\/colombia\/#\/schema\/logo\/image\/"},"sameAs":["https:\/\/www.facebook.com\/FiscaliaCol","https:\/\/x.com\/FiscaliaCol","https:\/\/www.instagram.com\/fiscaliacol","https:\/\/www.linkedin.com\/company\/fiscalia-general-de-la-naci-n\/","https:\/\/youtube.com\/@fiscaliageneraldelanacion-4668?si=6nN79nyQICPU5iTh"]},{"@type":"Person","@id":"https:\/\/www.fiscalia.gov.co\/colombia\/#\/schema\/person\/ba9eca435947489fb25117a0cd75bf3e","name":"Johanna Islenny Prieto Pe\u00f1a","image":{"@type":"ImageObject","inLanguage":"es-CO","@id":"https:\/\/www.fiscalia.gov.co\/colombia\/#\/schema\/person\/image\/","url":"https:\/\/secure.gravatar.com\/avatar\/111433fc2acb037ffb768f6a3ca47864?s=96&d=mm&r=g","contentUrl":"https:\/\/secure.gravatar.com\/avatar\/111433fc2acb037ffb768f6a3ca47864?s=96&d=mm&r=g","caption":"Johanna Islenny Prieto Pe\u00f1a"},"url":"https:\/\/www.fiscalia.gov.co\/colombia\/author\/jprietop\/"}]}},"_links":{"self":[{"href":"https:\/\/www.fiscalia.gov.co\/colombia\/wp-json\/wp\/v2\/posts\/307599","targetHints":{"allow":["GET"]}}],"collection":[{"href":"https:\/\/www.fiscalia.gov.co\/colombia\/wp-json\/wp\/v2\/posts"}],"about":[{"href":"https:\/\/www.fiscalia.gov.co\/colombia\/wp-json\/wp\/v2\/types\/post"}],"author":[{"embeddable":true,"href":"https:\/\/www.fiscalia.gov.co\/colombia\/wp-json\/wp\/v2\/users\/181"}],"replies":[{"embeddable":true,"href":"https:\/\/www.fiscalia.gov.co\/colombia\/wp-json\/wp\/v2\/comments?post=307599"}],"version-history":[{"count":5,"href":"https:\/\/www.fiscalia.gov.co\/colombia\/wp-json\/wp\/v2\/posts\/307599\/revisions"}],"predecessor-version":[{"id":307604,"href":"https:\/\/www.fiscalia.gov.co\/colombia\/wp-json\/wp\/v2\/posts\/307599\/revisions\/307604"}],"wp:attachment":[{"href":"https:\/\/www.fiscalia.gov.co\/colombia\/wp-json\/wp\/v2\/media?parent=307599"}],"wp:term":[{"taxonomy":"category","embeddable":true,"href":"https:\/\/www.fiscalia.gov.co\/colombia\/wp-json\/wp\/v2\/categories?post=307599"},{"taxonomy":"post_tag","embeddable":true,"href":"https:\/\/www.fiscalia.gov.co\/colombia\/wp-json\/wp\/v2\/tags?post=307599"}],"curies":[{"name":"wp","href":"https:\/\/api.w.org\/{rel}","templated":true}]}}