{"id":307189,"date":"2024-12-07T10:30:48","date_gmt":"2024-12-07T15:30:48","guid":{"rendered":"https:\/\/www.fiscalia.gov.co\/colombia\/?p=307189"},"modified":"2024-12-07T10:30:48","modified_gmt":"2024-12-07T15:30:48","slug":"alias-ovejo-debera-cumplir-una-condena-superior-a-24-anos-de-prision-por-actos-de-terrorismo-contra-la-fuerza-publica-el-comercio-y-la-poblacion-civil-en-caqueta","status":"publish","type":"post","link":"https:\/\/www.fiscalia.gov.co\/colombia\/hay-justicia\/alias-ovejo-debera-cumplir-una-condena-superior-a-24-anos-de-prision-por-actos-de-terrorismo-contra-la-fuerza-publica-el-comercio-y-la-poblacion-civil-en-caqueta\/","title":{"rendered":"Alias Ovejo deber\u00e1 cumplir una condena superior a 24 a\u00f1os de prisi\u00f3n por actos de terrorismo contra la fuerza p\u00fablica, el comercio y la poblaci\u00f3n civil en Caquet\u00e1"},"content":{"rendered":"<h4 style=\"text-align: center;\"><strong><em>Las acciones criminales que motivaron la sentencia ocurrieron entre febrero y mayo de este a\u00f1o. <\/em><\/strong><\/h4>\n<p>Luego de valorar las pruebas aportadas por la Fiscal\u00eda General de la Naci\u00f3n y el acuerdo celebrado con Luber Yeferson Miranda Jara, alias el Ovejo, un juez penal especializado conden\u00f3 al cabecilla de la estructura Rodrigo Cadete de las Disidencias de las Farc a 24 a\u00f1os y 3 meses de prisi\u00f3n por los delitos de concierto para delinquir agravado con fines de homicidio y extorsi\u00f3n, terrorismo; y fabricaci\u00f3n, tr\u00e1fico y porte de armas, municiones de uso restringido, de uso privativo de las Fuerzas Armadas o explosivos.<\/p>\n<p>Un fiscal de la <strong>Direcci\u00f3n Especializada contra las Organizaciones Criminales<\/strong> acredit\u00f3 que esta persona articul\u00f3 una serie de ataques con explosivos que afectaron a gremios productivos, autoridades municipales, fuerza p\u00fablica y poblaci\u00f3n civil en varios municipios de Caquet\u00e1.<\/p>\n<p>Dos de los hechos que motivaron la sentencia ocurrieron el 6 de febrero y el 2 de abril de 2024, y est\u00e1n relacionados con el lanzamiento y detonaci\u00f3n de artefactos que<strong> ocasionaron da\u00f1os a la Alcald\u00eda de Florencia, y pusieron en riesgo la vida de empleados y residentes.<\/strong><\/p>\n<p>Asimismo, particip\u00f3 en dos atentados simult\u00e1neos ocurridos el 23 de mayo de 2024, contra estaciones de servicio ubicadas en la v\u00eda Florencia &#8211; Morelia. En estos eventos il\u00edcitos se cumpli\u00f3 el prop\u00f3sito de atemorizar a los comerciantes de hidrocarburos y generar afectaciones a sus negocios.<\/p>\n<p>En la investigaci\u00f3n se estableci\u00f3 que alias Ovejo utilizaba motocicletas de alto cilindraje para movilizarse a los sitios de los actos terroristas, realizaba las coordinaciones necesarias y supervisaba la log\u00edstica para materializar los ataques. Adem\u00e1s, dispuso la distribuci\u00f3n de panfletos amenazantes para presionar el pago de extorsiones por parte de los comerciantes de San Vicente del Cagu\u00e1n, Cartagena del Chair\u00e1, Puerto Rico, El Doncello y Florencia.<\/p>\n<p>Adem\u00e1s de los a\u00f1os de prisi\u00f3n, alias Ovejo recibi\u00f3 una multa equivalente a 4.850 salarios m\u00ednimos legales mensuales vigentes y una inhabilidad de 20 a\u00f1os para ejercer funciones p\u00fablicas.<\/p>\n<p>Esta informaci\u00f3n se publica por razones de inter\u00e9s general.<\/p>\n<p>&nbsp;<\/p>\n<p>&nbsp;<\/p>\n<p>&nbsp;<\/p>\n<p>JMSV\/JARG\/STP\/DECOC<\/p>\n<p>&nbsp;<\/p>\n<p>&nbsp;<\/p>\n<p><em>La informaci\u00f3n contenida en este bolet\u00edn de prensa corresponde a la narraci\u00f3n de los hechos noticiosos objetivos, suministrados por los funcionarios encargados de adelantar las investigaciones penales al interior de la Fiscal\u00eda General de la Naci\u00f3n. Para el momento de la divulgaci\u00f3n de este comunicado, la situaci\u00f3n jur\u00eddica de la(s) persona(s) relacionada(s) se encuentra pendiente de resolver por la autoridad judicial competente, siempre bajo los preceptos de la presunci\u00f3n de inocencia, consagrados en el art\u00edculo 29 de la Constituci\u00f3n Pol\u00edtica y el art\u00edculo 7\u00ba de la Ley 906 de 2004.<\/em><\/p>\n\n<div class=\"twitter-share\"><a href=\"https:\/\/twitter.com\/intent\/tweet?via=fiscaliacol\" class=\"twitter-share-button\">Tweet<\/a><\/div>\n","protected":false},"excerpt":{"rendered":"<p>Las acciones criminales que motivaron la sentencia ocurrieron entre febrero y mayo de este a\u00f1o. Luego de valorar las pruebas aportadas por la Fiscal\u00eda General de la Naci\u00f3n y el acuerdo celebrado con Luber Yeferson Miranda Jara, alias el Ovejo, un juez penal especializado conden\u00f3 al cabecilla de la estructura Rodrigo Cadete de las Disidencias [&hellip;]<\/p>\n","protected":false},"author":178,"featured_media":0,"comment_status":"closed","ping_status":"open","sticky":false,"template":"","format":"standard","meta":{"_price":"","_stock":"","_tribe_ticket_header":"","_tribe_default_ticket_provider":"","_tribe_ticket_capacity":"0","_ticket_start_date":"","_ticket_end_date":"","_tribe_ticket_show_description":"","_tribe_ticket_show_not_going":false,"_tribe_ticket_use_global_stock":"","_tribe_ticket_global_stock_level":"","_global_stock_mode":"","_global_stock_cap":"","_tribe_rsvp_for_event":"","_tribe_ticket_going_count":"","_tribe_ticket_not_going_count":"","_tribe_tickets_list":"[]","_tribe_ticket_has_attendee_info_fields":false,"tdm_status":"","tdm_grid_status":"","footnotes":""},"categories":[24098,24174,1],"tags":[33862],"class_list":{"0":"post-307189","1":"post","2":"type-post","3":"status-publish","4":"format-standard","6":"category-crimen-organizado","7":"category-hay-justicia","8":"category-noticias","9":"tag-bogota-d-c"},"yoast_head":"<!-- This site is optimized with the Yoast SEO plugin v24.3 - https:\/\/yoast.com\/wordpress\/plugins\/seo\/ -->\n<title>Fiscal\u00eda General de la Naci\u00f3n<\/title>\n<meta name=\"description\" content=\"P\u00e1gina oficial de la Fiscal\u00eda General de la Naci\u00f3n \u2013 Colombia. Garantizamos el acceso efectivo a la justicia, la verdad y la reparaci\u00f3n de las v\u00edctimas de los delitos.\" \/>\n<meta name=\"robots\" content=\"noindex, follow\" \/>\n<meta property=\"og:locale\" content=\"es_ES\" \/>\n<meta property=\"og:type\" content=\"article\" \/>\n<meta property=\"og:title\" content=\"Fiscal\u00eda General de la Naci\u00f3n\" \/>\n<meta property=\"og:description\" content=\"P\u00e1gina oficial de la Fiscal\u00eda General de la Naci\u00f3n \u2013 Colombia. Garantizamos el acceso efectivo a la justicia, la verdad y la reparaci\u00f3n de las v\u00edctimas de los delitos.\" \/>\n<meta property=\"og:url\" content=\"https:\/\/www.fiscalia.gov.co\/colombia\/hay-justicia\/alias-ovejo-debera-cumplir-una-condena-superior-a-24-anos-de-prision-por-actos-de-terrorismo-contra-la-fuerza-publica-el-comercio-y-la-poblacion-civil-en-caqueta\/\" \/>\n<meta property=\"og:site_name\" content=\"Fiscal\u00eda General de la Naci\u00f3n\" \/>\n<meta property=\"article:publisher\" content=\"https:\/\/www.facebook.com\/FiscaliaCol\" \/>\n<meta property=\"article:published_time\" content=\"2024-12-07T15:30:48+00:00\" \/>\n<meta name=\"author\" content=\"Winnie Geraldine Rodr\u00edguez Navarrete\" \/>\n<meta name=\"twitter:card\" content=\"summary_large_image\" \/>\n<meta name=\"twitter:creator\" content=\"@FiscaliaCol\" \/>\n<meta name=\"twitter:site\" content=\"@FiscaliaCol\" \/>\n<meta name=\"twitter:label1\" content=\"Escrito por\" \/>\n\t<meta name=\"twitter:data1\" content=\"Winnie Geraldine Rodr\u00edguez Navarrete\" \/>\n\t<meta name=\"twitter:label2\" content=\"Tiempo de lectura\" \/>\n\t<meta name=\"twitter:data2\" content=\"2 minutos\" \/>\n<script type=\"application\/ld+json\" class=\"yoast-schema-graph\">{\"@context\":\"https:\/\/schema.org\",\"@graph\":[{\"@type\":\"Article\",\"@id\":\"https:\/\/www.fiscalia.gov.co\/colombia\/hay-justicia\/alias-ovejo-debera-cumplir-una-condena-superior-a-24-anos-de-prision-por-actos-de-terrorismo-contra-la-fuerza-publica-el-comercio-y-la-poblacion-civil-en-caqueta\/#article\",\"isPartOf\":{\"@id\":\"https:\/\/www.fiscalia.gov.co\/colombia\/hay-justicia\/alias-ovejo-debera-cumplir-una-condena-superior-a-24-anos-de-prision-por-actos-de-terrorismo-contra-la-fuerza-publica-el-comercio-y-la-poblacion-civil-en-caqueta\/\"},\"author\":{\"name\":\"Winnie Geraldine Rodr\u00edguez Navarrete\",\"@id\":\"https:\/\/www.fiscalia.gov.co\/colombia\/#\/schema\/person\/176195b99ebab0a52aafa15197e1bf80\"},\"headline\":\"Alias Ovejo deber\u00e1 cumplir una condena superior a 24 a\u00f1os de prisi\u00f3n por actos de terrorismo contra la fuerza p\u00fablica, el comercio y la poblaci\u00f3n civil en Caquet\u00e1\",\"datePublished\":\"2024-12-07T15:30:48+00:00\",\"dateModified\":\"2024-12-07T15:30:48+00:00\",\"mainEntityOfPage\":{\"@id\":\"https:\/\/www.fiscalia.gov.co\/colombia\/hay-justicia\/alias-ovejo-debera-cumplir-una-condena-superior-a-24-anos-de-prision-por-actos-de-terrorismo-contra-la-fuerza-publica-el-comercio-y-la-poblacion-civil-en-caqueta\/\"},\"wordCount\":501,\"publisher\":{\"@id\":\"https:\/\/www.fiscalia.gov.co\/colombia\/#organization\"},\"keywords\":[\"Bogot\u00e1 D.C.\"],\"articleSection\":[\"Crimen organizado\",\"Hay Justicia\",\"Noticias\"],\"inLanguage\":\"es-CO\"},{\"@type\":\"WebPage\",\"@id\":\"https:\/\/www.fiscalia.gov.co\/colombia\/hay-justicia\/alias-ovejo-debera-cumplir-una-condena-superior-a-24-anos-de-prision-por-actos-de-terrorismo-contra-la-fuerza-publica-el-comercio-y-la-poblacion-civil-en-caqueta\/\",\"url\":\"https:\/\/www.fiscalia.gov.co\/colombia\/hay-justicia\/alias-ovejo-debera-cumplir-una-condena-superior-a-24-anos-de-prision-por-actos-de-terrorismo-contra-la-fuerza-publica-el-comercio-y-la-poblacion-civil-en-caqueta\/\",\"name\":\"Fiscal\u00eda General de la Naci\u00f3n\",\"isPartOf\":{\"@id\":\"https:\/\/www.fiscalia.gov.co\/colombia\/#website\"},\"datePublished\":\"2024-12-07T15:30:48+00:00\",\"dateModified\":\"2024-12-07T15:30:48+00:00\",\"description\":\"P\u00e1gina oficial de la Fiscal\u00eda General de la Naci\u00f3n \u2013 Colombia. Garantizamos el acceso efectivo a la justicia, la verdad y la reparaci\u00f3n de las v\u00edctimas de los delitos.\",\"breadcrumb\":{\"@id\":\"https:\/\/www.fiscalia.gov.co\/colombia\/hay-justicia\/alias-ovejo-debera-cumplir-una-condena-superior-a-24-anos-de-prision-por-actos-de-terrorismo-contra-la-fuerza-publica-el-comercio-y-la-poblacion-civil-en-caqueta\/#breadcrumb\"},\"inLanguage\":\"es-CO\",\"potentialAction\":[{\"@type\":\"ReadAction\",\"target\":[\"https:\/\/www.fiscalia.gov.co\/colombia\/hay-justicia\/alias-ovejo-debera-cumplir-una-condena-superior-a-24-anos-de-prision-por-actos-de-terrorismo-contra-la-fuerza-publica-el-comercio-y-la-poblacion-civil-en-caqueta\/\"]}]},{\"@type\":\"BreadcrumbList\",\"@id\":\"https:\/\/www.fiscalia.gov.co\/colombia\/hay-justicia\/alias-ovejo-debera-cumplir-una-condena-superior-a-24-anos-de-prision-por-actos-de-terrorismo-contra-la-fuerza-publica-el-comercio-y-la-poblacion-civil-en-caqueta\/#breadcrumb\",\"itemListElement\":[{\"@type\":\"ListItem\",\"position\":1,\"name\":\"Home\",\"item\":\"https:\/\/www.fiscalia.gov.co\/colombia\/\"},{\"@type\":\"ListItem\",\"position\":2,\"name\":\"Alias Ovejo deber\u00e1 cumplir una condena superior a 24 a\u00f1os de prisi\u00f3n por actos de terrorismo contra la fuerza p\u00fablica, el comercio y la poblaci\u00f3n civil en Caquet\u00e1\"}]},{\"@type\":\"WebSite\",\"@id\":\"https:\/\/www.fiscalia.gov.co\/colombia\/#website\",\"url\":\"https:\/\/www.fiscalia.gov.co\/colombia\/\",\"name\":\"Fiscal\u00eda General de la Naci\u00f3n\",\"description\":\"P\u00e1gina oficial de la Fiscal\u00eda General de la Naci\u00f3n \u2013 Colombia. Garantizamos el acceso efectivo a la justicia, la verdad y la reparaci\u00f3n de las v\u00edctimas de los delitos.\",\"publisher\":{\"@id\":\"https:\/\/www.fiscalia.gov.co\/colombia\/#organization\"},\"potentialAction\":[{\"@type\":\"SearchAction\",\"target\":{\"@type\":\"EntryPoint\",\"urlTemplate\":\"https:\/\/www.fiscalia.gov.co\/colombia\/?s={search_term_string}\"},\"query-input\":{\"@type\":\"PropertyValueSpecification\",\"valueRequired\":true,\"valueName\":\"search_term_string\"}}],\"inLanguage\":\"es-CO\"},{\"@type\":\"Organization\",\"@id\":\"https:\/\/www.fiscalia.gov.co\/colombia\/#organization\",\"name\":\"Fiscal\u00eda General de la Naci\u00f3n\",\"url\":\"https:\/\/www.fiscalia.gov.co\/colombia\/\",\"logo\":{\"@type\":\"ImageObject\",\"inLanguage\":\"es-CO\",\"@id\":\"https:\/\/www.fiscalia.gov.co\/colombia\/#\/schema\/logo\/image\/\",\"url\":\"https:\/\/www.fiscalia.gov.co\/colombia\/wp-content\/uploads\/LogoHorizontal_1.jpg\",\"contentUrl\":\"https:\/\/www.fiscalia.gov.co\/colombia\/wp-content\/uploads\/LogoHorizontal_1.jpg\",\"width\":300,\"height\":90,\"caption\":\"Fiscal\u00eda General de la Naci\u00f3n\"},\"image\":{\"@id\":\"https:\/\/www.fiscalia.gov.co\/colombia\/#\/schema\/logo\/image\/\"},\"sameAs\":[\"https:\/\/www.facebook.com\/FiscaliaCol\",\"https:\/\/x.com\/FiscaliaCol\",\"https:\/\/www.instagram.com\/fiscaliacol\",\"https:\/\/www.linkedin.com\/company\/fiscalia-general-de-la-naci-n\/\",\"https:\/\/youtube.com\/@fiscaliageneraldelanacion-4668?si=6nN79nyQICPU5iTh\"]},{\"@type\":\"Person\",\"@id\":\"https:\/\/www.fiscalia.gov.co\/colombia\/#\/schema\/person\/176195b99ebab0a52aafa15197e1bf80\",\"name\":\"Winnie Geraldine Rodr\u00edguez Navarrete\",\"image\":{\"@type\":\"ImageObject\",\"inLanguage\":\"es-CO\",\"@id\":\"https:\/\/www.fiscalia.gov.co\/colombia\/#\/schema\/person\/image\/\",\"url\":\"https:\/\/secure.gravatar.com\/avatar\/c24cf8481dc84fa5e8c7b20bc95ab0c6?s=96&d=mm&r=g\",\"contentUrl\":\"https:\/\/secure.gravatar.com\/avatar\/c24cf8481dc84fa5e8c7b20bc95ab0c6?s=96&d=mm&r=g\",\"caption\":\"Winnie Geraldine Rodr\u00edguez Navarrete\"},\"url\":\"https:\/\/www.fiscalia.gov.co\/colombia\/author\/winnierodriguez\/\"}]}<\/script>\n<!-- \/ Yoast SEO plugin. -->","yoast_head_json":{"title":"Fiscal\u00eda General de la Naci\u00f3n","description":"P\u00e1gina oficial de la Fiscal\u00eda General de la Naci\u00f3n \u2013 Colombia. Garantizamos el acceso efectivo a la justicia, la verdad y la reparaci\u00f3n de las v\u00edctimas de los delitos.","robots":{"index":"noindex","follow":"follow"},"og_locale":"es_ES","og_type":"article","og_title":"Fiscal\u00eda General de la Naci\u00f3n","og_description":"P\u00e1gina oficial de la Fiscal\u00eda General de la Naci\u00f3n \u2013 Colombia. Garantizamos el acceso efectivo a la justicia, la verdad y la reparaci\u00f3n de las v\u00edctimas de los delitos.","og_url":"https:\/\/www.fiscalia.gov.co\/colombia\/hay-justicia\/alias-ovejo-debera-cumplir-una-condena-superior-a-24-anos-de-prision-por-actos-de-terrorismo-contra-la-fuerza-publica-el-comercio-y-la-poblacion-civil-en-caqueta\/","og_site_name":"Fiscal\u00eda General de la Naci\u00f3n","article_publisher":"https:\/\/www.facebook.com\/FiscaliaCol","article_published_time":"2024-12-07T15:30:48+00:00","author":"Winnie Geraldine Rodr\u00edguez Navarrete","twitter_card":"summary_large_image","twitter_creator":"@FiscaliaCol","twitter_site":"@FiscaliaCol","twitter_misc":{"Escrito por":"Winnie Geraldine Rodr\u00edguez Navarrete","Tiempo de lectura":"2 minutos"},"schema":{"@context":"https:\/\/schema.org","@graph":[{"@type":"Article","@id":"https:\/\/www.fiscalia.gov.co\/colombia\/hay-justicia\/alias-ovejo-debera-cumplir-una-condena-superior-a-24-anos-de-prision-por-actos-de-terrorismo-contra-la-fuerza-publica-el-comercio-y-la-poblacion-civil-en-caqueta\/#article","isPartOf":{"@id":"https:\/\/www.fiscalia.gov.co\/colombia\/hay-justicia\/alias-ovejo-debera-cumplir-una-condena-superior-a-24-anos-de-prision-por-actos-de-terrorismo-contra-la-fuerza-publica-el-comercio-y-la-poblacion-civil-en-caqueta\/"},"author":{"name":"Winnie Geraldine Rodr\u00edguez Navarrete","@id":"https:\/\/www.fiscalia.gov.co\/colombia\/#\/schema\/person\/176195b99ebab0a52aafa15197e1bf80"},"headline":"Alias Ovejo deber\u00e1 cumplir una condena superior a 24 a\u00f1os de prisi\u00f3n por actos de terrorismo contra la fuerza p\u00fablica, el comercio y la poblaci\u00f3n civil en Caquet\u00e1","datePublished":"2024-12-07T15:30:48+00:00","dateModified":"2024-12-07T15:30:48+00:00","mainEntityOfPage":{"@id":"https:\/\/www.fiscalia.gov.co\/colombia\/hay-justicia\/alias-ovejo-debera-cumplir-una-condena-superior-a-24-anos-de-prision-por-actos-de-terrorismo-contra-la-fuerza-publica-el-comercio-y-la-poblacion-civil-en-caqueta\/"},"wordCount":501,"publisher":{"@id":"https:\/\/www.fiscalia.gov.co\/colombia\/#organization"},"keywords":["Bogot\u00e1 D.C."],"articleSection":["Crimen organizado","Hay Justicia","Noticias"],"inLanguage":"es-CO"},{"@type":"WebPage","@id":"https:\/\/www.fiscalia.gov.co\/colombia\/hay-justicia\/alias-ovejo-debera-cumplir-una-condena-superior-a-24-anos-de-prision-por-actos-de-terrorismo-contra-la-fuerza-publica-el-comercio-y-la-poblacion-civil-en-caqueta\/","url":"https:\/\/www.fiscalia.gov.co\/colombia\/hay-justicia\/alias-ovejo-debera-cumplir-una-condena-superior-a-24-anos-de-prision-por-actos-de-terrorismo-contra-la-fuerza-publica-el-comercio-y-la-poblacion-civil-en-caqueta\/","name":"Fiscal\u00eda General de la Naci\u00f3n","isPartOf":{"@id":"https:\/\/www.fiscalia.gov.co\/colombia\/#website"},"datePublished":"2024-12-07T15:30:48+00:00","dateModified":"2024-12-07T15:30:48+00:00","description":"P\u00e1gina oficial de la Fiscal\u00eda General de la Naci\u00f3n \u2013 Colombia. Garantizamos el acceso efectivo a la justicia, la verdad y la reparaci\u00f3n de las v\u00edctimas de los delitos.","breadcrumb":{"@id":"https:\/\/www.fiscalia.gov.co\/colombia\/hay-justicia\/alias-ovejo-debera-cumplir-una-condena-superior-a-24-anos-de-prision-por-actos-de-terrorismo-contra-la-fuerza-publica-el-comercio-y-la-poblacion-civil-en-caqueta\/#breadcrumb"},"inLanguage":"es-CO","potentialAction":[{"@type":"ReadAction","target":["https:\/\/www.fiscalia.gov.co\/colombia\/hay-justicia\/alias-ovejo-debera-cumplir-una-condena-superior-a-24-anos-de-prision-por-actos-de-terrorismo-contra-la-fuerza-publica-el-comercio-y-la-poblacion-civil-en-caqueta\/"]}]},{"@type":"BreadcrumbList","@id":"https:\/\/www.fiscalia.gov.co\/colombia\/hay-justicia\/alias-ovejo-debera-cumplir-una-condena-superior-a-24-anos-de-prision-por-actos-de-terrorismo-contra-la-fuerza-publica-el-comercio-y-la-poblacion-civil-en-caqueta\/#breadcrumb","itemListElement":[{"@type":"ListItem","position":1,"name":"Home","item":"https:\/\/www.fiscalia.gov.co\/colombia\/"},{"@type":"ListItem","position":2,"name":"Alias Ovejo deber\u00e1 cumplir una condena superior a 24 a\u00f1os de prisi\u00f3n por actos de terrorismo contra la fuerza p\u00fablica, el comercio y la poblaci\u00f3n civil en Caquet\u00e1"}]},{"@type":"WebSite","@id":"https:\/\/www.fiscalia.gov.co\/colombia\/#website","url":"https:\/\/www.fiscalia.gov.co\/colombia\/","name":"Fiscal\u00eda General de la Naci\u00f3n","description":"P\u00e1gina oficial de la Fiscal\u00eda General de la Naci\u00f3n \u2013 Colombia. Garantizamos el acceso efectivo a la justicia, la verdad y la reparaci\u00f3n de las v\u00edctimas de los delitos.","publisher":{"@id":"https:\/\/www.fiscalia.gov.co\/colombia\/#organization"},"potentialAction":[{"@type":"SearchAction","target":{"@type":"EntryPoint","urlTemplate":"https:\/\/www.fiscalia.gov.co\/colombia\/?s={search_term_string}"},"query-input":{"@type":"PropertyValueSpecification","valueRequired":true,"valueName":"search_term_string"}}],"inLanguage":"es-CO"},{"@type":"Organization","@id":"https:\/\/www.fiscalia.gov.co\/colombia\/#organization","name":"Fiscal\u00eda General de la Naci\u00f3n","url":"https:\/\/www.fiscalia.gov.co\/colombia\/","logo":{"@type":"ImageObject","inLanguage":"es-CO","@id":"https:\/\/www.fiscalia.gov.co\/colombia\/#\/schema\/logo\/image\/","url":"https:\/\/www.fiscalia.gov.co\/colombia\/wp-content\/uploads\/LogoHorizontal_1.jpg","contentUrl":"https:\/\/www.fiscalia.gov.co\/colombia\/wp-content\/uploads\/LogoHorizontal_1.jpg","width":300,"height":90,"caption":"Fiscal\u00eda General de la Naci\u00f3n"},"image":{"@id":"https:\/\/www.fiscalia.gov.co\/colombia\/#\/schema\/logo\/image\/"},"sameAs":["https:\/\/www.facebook.com\/FiscaliaCol","https:\/\/x.com\/FiscaliaCol","https:\/\/www.instagram.com\/fiscaliacol","https:\/\/www.linkedin.com\/company\/fiscalia-general-de-la-naci-n\/","https:\/\/youtube.com\/@fiscaliageneraldelanacion-4668?si=6nN79nyQICPU5iTh"]},{"@type":"Person","@id":"https:\/\/www.fiscalia.gov.co\/colombia\/#\/schema\/person\/176195b99ebab0a52aafa15197e1bf80","name":"Winnie Geraldine Rodr\u00edguez Navarrete","image":{"@type":"ImageObject","inLanguage":"es-CO","@id":"https:\/\/www.fiscalia.gov.co\/colombia\/#\/schema\/person\/image\/","url":"https:\/\/secure.gravatar.com\/avatar\/c24cf8481dc84fa5e8c7b20bc95ab0c6?s=96&d=mm&r=g","contentUrl":"https:\/\/secure.gravatar.com\/avatar\/c24cf8481dc84fa5e8c7b20bc95ab0c6?s=96&d=mm&r=g","caption":"Winnie Geraldine Rodr\u00edguez Navarrete"},"url":"https:\/\/www.fiscalia.gov.co\/colombia\/author\/winnierodriguez\/"}]}},"_links":{"self":[{"href":"https:\/\/www.fiscalia.gov.co\/colombia\/wp-json\/wp\/v2\/posts\/307189","targetHints":{"allow":["GET"]}}],"collection":[{"href":"https:\/\/www.fiscalia.gov.co\/colombia\/wp-json\/wp\/v2\/posts"}],"about":[{"href":"https:\/\/www.fiscalia.gov.co\/colombia\/wp-json\/wp\/v2\/types\/post"}],"author":[{"embeddable":true,"href":"https:\/\/www.fiscalia.gov.co\/colombia\/wp-json\/wp\/v2\/users\/178"}],"replies":[{"embeddable":true,"href":"https:\/\/www.fiscalia.gov.co\/colombia\/wp-json\/wp\/v2\/comments?post=307189"}],"version-history":[{"count":1,"href":"https:\/\/www.fiscalia.gov.co\/colombia\/wp-json\/wp\/v2\/posts\/307189\/revisions"}],"predecessor-version":[{"id":307190,"href":"https:\/\/www.fiscalia.gov.co\/colombia\/wp-json\/wp\/v2\/posts\/307189\/revisions\/307190"}],"wp:attachment":[{"href":"https:\/\/www.fiscalia.gov.co\/colombia\/wp-json\/wp\/v2\/media?parent=307189"}],"wp:term":[{"taxonomy":"category","embeddable":true,"href":"https:\/\/www.fiscalia.gov.co\/colombia\/wp-json\/wp\/v2\/categories?post=307189"},{"taxonomy":"post_tag","embeddable":true,"href":"https:\/\/www.fiscalia.gov.co\/colombia\/wp-json\/wp\/v2\/tags?post=307189"}],"curies":[{"name":"wp","href":"https:\/\/api.w.org\/{rel}","templated":true}]}}