{"id":306687,"date":"2024-11-29T18:15:33","date_gmt":"2024-11-29T23:15:33","guid":{"rendered":"https:\/\/www.fiscalia.gov.co\/colombia\/?p=306687"},"modified":"2024-11-30T11:03:23","modified_gmt":"2024-11-30T16:03:23","slug":"imputada-la-exconsejera-presidencial-para-las-regiones-sandra-ortiz-por-la-presunta-participacion-en-el-traslado-de-dadivas-relacionadas-con-las-irregularidades-de-contratacion-en-la-ungrd","status":"publish","type":"post","link":"https:\/\/www.fiscalia.gov.co\/colombia\/noticias\/imputada-la-exconsejera-presidencial-para-las-regiones-sandra-ortiz-por-la-presunta-participacion-en-el-traslado-de-dadivas-relacionadas-con-las-irregularidades-de-contratacion-en-la-ungrd\/","title":{"rendered":"Imputada la exconsejera presidencial para las regiones, Sandra Ortiz, por la presunta participaci\u00f3n en el traslado de d\u00e1divas relacionadas con las irregularidades de contrataci\u00f3n en la UNGRD"},"content":{"rendered":"<blockquote>\n<h4 style=\"text-align: left;\"><em><strong>La exfuncionaria es se\u00f1alada de recibir de exdirectivos de la entidad 3.000 millones de pesos en efectivo, que posteriormente transport\u00f3 en veh\u00edculos oficiales y entreg\u00f3 al entonces presidente de Congreso de la Rep\u00fablica, con pleno conocimiento del origen il\u00edcito de los recursos.<\/strong><\/em><\/h4>\n<\/blockquote>\n<p>&nbsp;<\/p>\n<p>La Fiscal\u00eda General de la Naci\u00f3n present\u00f3 ante una juez de control de garant\u00edas de Bogot\u00e1 a la exconsejera para las regiones de la Presidencia de la Rep\u00fablica, <strong>Sandra Liliana Ortiz Nova, y le imput\u00f3 los delitos de lavado de activos y tr\u00e1fico de influencias de servidor p\u00fablico.<\/strong><\/p>\n<p><strong>La exfuncionaria habr\u00eda recibido, transportado y entregado al expresidente del Congreso de la Rep\u00fablica, Iv\u00e1n Name V\u00e1squez, 3.000 millones de pesos que tendr\u00edan origen il\u00edcito.<\/strong> Los recursos corresponder\u00edan al pago de coimas por el direccionamiento de un contrato en la Unidad Nacional para la Gesti\u00f3n del Riesgo de Desastres (UNGRD) que ten\u00eda por objeto la compra de 40 carrotanques para llevar agua potable a las comunidades de La Guajira.<\/p>\n<p>De acuerdo con las diferentes actividades investigativas orientadas por la Fiscal\u00eda Novena Delegada ante la Corte Suprema de Justicia, la tarde del 12 de octubre de 2023, en un apartamento del centro de Bogot\u00e1, la entonces consejera para las Regiones, al parecer, recibi\u00f3 de los exdirectivos de la UNGRD, Olmedo de Jes\u00fas L\u00f3pez Mart\u00ednez y Sneyder Pinilla \u00c1lvarez, una maleta con 1.500 millones de pesos en efectivo, que posteriormente llev\u00f3 en un veh\u00edculo oficial al norte de la ciudad para entreg\u00e1rsela al mencionado congresista.<\/p>\n<p>Al d\u00eda siguiente, en horas de la noche, en el mismo inmueble, Pinilla \u00c1lvarez presuntamente le volvi\u00f3 a entregar la maleta a la exfuncionaria con otros 1.500 millones de pesos, que tambi\u00e9n fueron movilizados hasta el punto indicado por el senador Name V\u00e1squez.<\/p>\n<p>La se\u00f1ora Ortiz Nova rechaz\u00f3 los cargos que le presento la Fiscal\u00eda.<\/p>\n<p>LAGP\/JARG\/AM\/MCP\/HB\/GFDCSJ<\/p>\n<p>&nbsp;<\/p>\n<p>&nbsp;<\/p>\n<p><em>La informaci\u00f3n contenida en este bolet\u00edn de prensa corresponde a la narraci\u00f3n de los hechos noticiosos objetivos, y las investigaciones penales al interior de la Fiscal\u00eda General de la Naci\u00f3n. Para el momento de la divulgaci\u00f3n de este comunicado, la situaci\u00f3n jur\u00eddica de la(s) persona(s) relacionada(s) se encuentra pendiente de resolver por la autoridad judicial competente, siempre bajo los preceptos de la presunci\u00f3n de inocencia, consagrados en el art\u00edculo 29 de la Constituci\u00f3n Pol\u00edtica y el art\u00edculo 7\u00ba de la Ley 906 de 2004.<\/em><\/p>\n<p>&nbsp;<\/p>\n<p>&nbsp;<\/p>\n<p>&nbsp;<\/p>\n\n<div class=\"twitter-share\"><a href=\"https:\/\/twitter.com\/intent\/tweet?via=fiscaliacol\" class=\"twitter-share-button\">Tweet<\/a><\/div>\n","protected":false},"excerpt":{"rendered":"<p>La exfuncionaria es se\u00f1alada de recibir de exdirectivos de la entidad 3.000 millones de pesos en efectivo, que posteriormente transport\u00f3 en veh\u00edculos oficiales y entreg\u00f3 al entonces presidente de Congreso de la Rep\u00fablica, con pleno conocimiento del origen il\u00edcito de los recursos. &nbsp; La Fiscal\u00eda General de la Naci\u00f3n present\u00f3 ante una juez de control [&hellip;]<\/p>\n","protected":false},"author":175,"featured_media":0,"comment_status":"closed","ping_status":"open","sticky":false,"template":"","format":"standard","meta":{"tdm_status":"","tdm_grid_status":"","footnotes":""},"categories":[1],"tags":[37491,37514,39466],"class_list":{"0":"post-306687","1":"post","2":"type-post","3":"status-publish","4":"format-standard","6":"category-noticias","7":"tag-fiscal-camargo","8":"tag-fiscal-general-luz-adriana-camargo","9":"tag-fiscalia-camargo"},"yoast_head":"<!-- This site is optimized with the Yoast SEO plugin v24.3 - https:\/\/yoast.com\/wordpress\/plugins\/seo\/ -->\n<title>Fiscal\u00eda General de la Naci\u00f3n<\/title>\n<meta name=\"description\" content=\"P\u00e1gina oficial de la Fiscal\u00eda General de la Naci\u00f3n \u2013 Colombia. Garantizamos el acceso efectivo a la justicia, la verdad y la reparaci\u00f3n de las v\u00edctimas de los delitos.\" \/>\n<meta name=\"robots\" content=\"noindex, follow\" \/>\n<meta property=\"og:locale\" content=\"es_ES\" \/>\n<meta property=\"og:type\" content=\"article\" \/>\n<meta property=\"og:title\" content=\"Fiscal\u00eda General de la Naci\u00f3n\" \/>\n<meta property=\"og:description\" content=\"P\u00e1gina oficial de la Fiscal\u00eda General de la Naci\u00f3n \u2013 Colombia. Garantizamos el acceso efectivo a la justicia, la verdad y la reparaci\u00f3n de las v\u00edctimas de los delitos.\" \/>\n<meta property=\"og:url\" content=\"https:\/\/www.fiscalia.gov.co\/colombia\/noticias\/imputada-la-exconsejera-presidencial-para-las-regiones-sandra-ortiz-por-la-presunta-participacion-en-el-traslado-de-dadivas-relacionadas-con-las-irregularidades-de-contratacion-en-la-ungrd\/\" \/>\n<meta property=\"og:site_name\" content=\"Fiscal\u00eda General de la Naci\u00f3n\" \/>\n<meta property=\"article:publisher\" content=\"https:\/\/www.facebook.com\/FiscaliaCol\" \/>\n<meta property=\"article:published_time\" content=\"2024-11-29T23:15:33+00:00\" \/>\n<meta property=\"article:modified_time\" content=\"2024-11-30T16:03:23+00:00\" \/>\n<meta name=\"author\" content=\"Katherine Loaiza Mart\u00ednez\" \/>\n<meta name=\"twitter:card\" content=\"summary_large_image\" \/>\n<meta name=\"twitter:creator\" content=\"@FiscaliaCol\" \/>\n<meta name=\"twitter:site\" content=\"@FiscaliaCol\" \/>\n<meta name=\"twitter:label1\" content=\"Escrito por\" \/>\n\t<meta name=\"twitter:data1\" content=\"Katherine Loaiza Mart\u00ednez\" \/>\n\t<meta name=\"twitter:label2\" content=\"Tiempo de lectura\" \/>\n\t<meta name=\"twitter:data2\" content=\"2 minutos\" \/>\n<script type=\"application\/ld+json\" class=\"yoast-schema-graph\">{\"@context\":\"https:\/\/schema.org\",\"@graph\":[{\"@type\":\"Article\",\"@id\":\"https:\/\/www.fiscalia.gov.co\/colombia\/noticias\/imputada-la-exconsejera-presidencial-para-las-regiones-sandra-ortiz-por-la-presunta-participacion-en-el-traslado-de-dadivas-relacionadas-con-las-irregularidades-de-contratacion-en-la-ungrd\/#article\",\"isPartOf\":{\"@id\":\"https:\/\/www.fiscalia.gov.co\/colombia\/noticias\/imputada-la-exconsejera-presidencial-para-las-regiones-sandra-ortiz-por-la-presunta-participacion-en-el-traslado-de-dadivas-relacionadas-con-las-irregularidades-de-contratacion-en-la-ungrd\/\"},\"author\":{\"name\":\"Katherine Loaiza Mart\u00ednez\",\"@id\":\"https:\/\/www.fiscalia.gov.co\/colombia\/#\/schema\/person\/2e76b9aba5ecf875ed565ce4de0e0415\"},\"headline\":\"Imputada la exconsejera presidencial para las regiones, Sandra Ortiz, por la presunta participaci\u00f3n en el traslado de d\u00e1divas relacionadas con las irregularidades de contrataci\u00f3n en la UNGRD\",\"datePublished\":\"2024-11-29T23:15:33+00:00\",\"dateModified\":\"2024-11-30T16:03:23+00:00\",\"mainEntityOfPage\":{\"@id\":\"https:\/\/www.fiscalia.gov.co\/colombia\/noticias\/imputada-la-exconsejera-presidencial-para-las-regiones-sandra-ortiz-por-la-presunta-participacion-en-el-traslado-de-dadivas-relacionadas-con-las-irregularidades-de-contratacion-en-la-ungrd\/\"},\"wordCount\":459,\"publisher\":{\"@id\":\"https:\/\/www.fiscalia.gov.co\/colombia\/#organization\"},\"keywords\":[\"fiscal Camargo\",\"Fiscal General Luz Adriana Camargo\",\"Fiscal\u00eda Camargo\"],\"articleSection\":[\"Noticias\"],\"inLanguage\":\"es-CO\"},{\"@type\":\"WebPage\",\"@id\":\"https:\/\/www.fiscalia.gov.co\/colombia\/noticias\/imputada-la-exconsejera-presidencial-para-las-regiones-sandra-ortiz-por-la-presunta-participacion-en-el-traslado-de-dadivas-relacionadas-con-las-irregularidades-de-contratacion-en-la-ungrd\/\",\"url\":\"https:\/\/www.fiscalia.gov.co\/colombia\/noticias\/imputada-la-exconsejera-presidencial-para-las-regiones-sandra-ortiz-por-la-presunta-participacion-en-el-traslado-de-dadivas-relacionadas-con-las-irregularidades-de-contratacion-en-la-ungrd\/\",\"name\":\"Fiscal\u00eda General de la Naci\u00f3n\",\"isPartOf\":{\"@id\":\"https:\/\/www.fiscalia.gov.co\/colombia\/#website\"},\"datePublished\":\"2024-11-29T23:15:33+00:00\",\"dateModified\":\"2024-11-30T16:03:23+00:00\",\"description\":\"P\u00e1gina oficial de la Fiscal\u00eda General de la Naci\u00f3n \u2013 Colombia. Garantizamos el acceso efectivo a la justicia, la verdad y la reparaci\u00f3n de las v\u00edctimas de los delitos.\",\"breadcrumb\":{\"@id\":\"https:\/\/www.fiscalia.gov.co\/colombia\/noticias\/imputada-la-exconsejera-presidencial-para-las-regiones-sandra-ortiz-por-la-presunta-participacion-en-el-traslado-de-dadivas-relacionadas-con-las-irregularidades-de-contratacion-en-la-ungrd\/#breadcrumb\"},\"inLanguage\":\"es-CO\",\"potentialAction\":[{\"@type\":\"ReadAction\",\"target\":[\"https:\/\/www.fiscalia.gov.co\/colombia\/noticias\/imputada-la-exconsejera-presidencial-para-las-regiones-sandra-ortiz-por-la-presunta-participacion-en-el-traslado-de-dadivas-relacionadas-con-las-irregularidades-de-contratacion-en-la-ungrd\/\"]}]},{\"@type\":\"BreadcrumbList\",\"@id\":\"https:\/\/www.fiscalia.gov.co\/colombia\/noticias\/imputada-la-exconsejera-presidencial-para-las-regiones-sandra-ortiz-por-la-presunta-participacion-en-el-traslado-de-dadivas-relacionadas-con-las-irregularidades-de-contratacion-en-la-ungrd\/#breadcrumb\",\"itemListElement\":[{\"@type\":\"ListItem\",\"position\":1,\"name\":\"Home\",\"item\":\"https:\/\/www.fiscalia.gov.co\/colombia\/\"},{\"@type\":\"ListItem\",\"position\":2,\"name\":\"Imputada la exconsejera presidencial para las regiones, Sandra Ortiz, por la presunta participaci\u00f3n en el traslado de d\u00e1divas relacionadas con las irregularidades de contrataci\u00f3n en la UNGRD\"}]},{\"@type\":\"WebSite\",\"@id\":\"https:\/\/www.fiscalia.gov.co\/colombia\/#website\",\"url\":\"https:\/\/www.fiscalia.gov.co\/colombia\/\",\"name\":\"Fiscal\u00eda General de la Naci\u00f3n\",\"description\":\"P\u00e1gina oficial de la Fiscal\u00eda General de la Naci\u00f3n \u2013 Colombia. Garantizamos el acceso efectivo a la justicia, la verdad y la reparaci\u00f3n de las v\u00edctimas de los delitos.\",\"publisher\":{\"@id\":\"https:\/\/www.fiscalia.gov.co\/colombia\/#organization\"},\"potentialAction\":[{\"@type\":\"SearchAction\",\"target\":{\"@type\":\"EntryPoint\",\"urlTemplate\":\"https:\/\/www.fiscalia.gov.co\/colombia\/?s={search_term_string}\"},\"query-input\":{\"@type\":\"PropertyValueSpecification\",\"valueRequired\":true,\"valueName\":\"search_term_string\"}}],\"inLanguage\":\"es-CO\"},{\"@type\":\"Organization\",\"@id\":\"https:\/\/www.fiscalia.gov.co\/colombia\/#organization\",\"name\":\"Fiscal\u00eda General de la Naci\u00f3n\",\"url\":\"https:\/\/www.fiscalia.gov.co\/colombia\/\",\"logo\":{\"@type\":\"ImageObject\",\"inLanguage\":\"es-CO\",\"@id\":\"https:\/\/www.fiscalia.gov.co\/colombia\/#\/schema\/logo\/image\/\",\"url\":\"https:\/\/www.fiscalia.gov.co\/colombia\/wp-content\/uploads\/LogoHorizontal_1.jpg\",\"contentUrl\":\"https:\/\/www.fiscalia.gov.co\/colombia\/wp-content\/uploads\/LogoHorizontal_1.jpg\",\"width\":300,\"height\":90,\"caption\":\"Fiscal\u00eda General de la Naci\u00f3n\"},\"image\":{\"@id\":\"https:\/\/www.fiscalia.gov.co\/colombia\/#\/schema\/logo\/image\/\"},\"sameAs\":[\"https:\/\/www.facebook.com\/FiscaliaCol\",\"https:\/\/x.com\/FiscaliaCol\",\"https:\/\/www.instagram.com\/fiscaliacol\",\"https:\/\/www.linkedin.com\/company\/fiscalia-general-de-la-naci-n\/\",\"https:\/\/youtube.com\/@fiscaliageneraldelanacion-4668?si=6nN79nyQICPU5iTh\"]},{\"@type\":\"Person\",\"@id\":\"https:\/\/www.fiscalia.gov.co\/colombia\/#\/schema\/person\/2e76b9aba5ecf875ed565ce4de0e0415\",\"name\":\"Katherine Loaiza Mart\u00ednez\",\"image\":{\"@type\":\"ImageObject\",\"inLanguage\":\"es-CO\",\"@id\":\"https:\/\/www.fiscalia.gov.co\/colombia\/#\/schema\/person\/image\/\",\"url\":\"https:\/\/secure.gravatar.com\/avatar\/ab775a2f394c1b83b6d6f78680e57b50?s=96&d=mm&r=g\",\"contentUrl\":\"https:\/\/secure.gravatar.com\/avatar\/ab775a2f394c1b83b6d6f78680e57b50?s=96&d=mm&r=g\",\"caption\":\"Katherine Loaiza Mart\u00ednez\"},\"url\":\"https:\/\/www.fiscalia.gov.co\/colombia\/author\/kloaiza\/\"}]}<\/script>\n<!-- \/ Yoast SEO plugin. -->","yoast_head_json":{"title":"Fiscal\u00eda General de la Naci\u00f3n","description":"P\u00e1gina oficial de la Fiscal\u00eda General de la Naci\u00f3n \u2013 Colombia. Garantizamos el acceso efectivo a la justicia, la verdad y la reparaci\u00f3n de las v\u00edctimas de los delitos.","robots":{"index":"noindex","follow":"follow"},"og_locale":"es_ES","og_type":"article","og_title":"Fiscal\u00eda General de la Naci\u00f3n","og_description":"P\u00e1gina oficial de la Fiscal\u00eda General de la Naci\u00f3n \u2013 Colombia. Garantizamos el acceso efectivo a la justicia, la verdad y la reparaci\u00f3n de las v\u00edctimas de los delitos.","og_url":"https:\/\/www.fiscalia.gov.co\/colombia\/noticias\/imputada-la-exconsejera-presidencial-para-las-regiones-sandra-ortiz-por-la-presunta-participacion-en-el-traslado-de-dadivas-relacionadas-con-las-irregularidades-de-contratacion-en-la-ungrd\/","og_site_name":"Fiscal\u00eda General de la Naci\u00f3n","article_publisher":"https:\/\/www.facebook.com\/FiscaliaCol","article_published_time":"2024-11-29T23:15:33+00:00","article_modified_time":"2024-11-30T16:03:23+00:00","author":"Katherine Loaiza Mart\u00ednez","twitter_card":"summary_large_image","twitter_creator":"@FiscaliaCol","twitter_site":"@FiscaliaCol","twitter_misc":{"Escrito por":"Katherine Loaiza Mart\u00ednez","Tiempo de lectura":"2 minutos"},"schema":{"@context":"https:\/\/schema.org","@graph":[{"@type":"Article","@id":"https:\/\/www.fiscalia.gov.co\/colombia\/noticias\/imputada-la-exconsejera-presidencial-para-las-regiones-sandra-ortiz-por-la-presunta-participacion-en-el-traslado-de-dadivas-relacionadas-con-las-irregularidades-de-contratacion-en-la-ungrd\/#article","isPartOf":{"@id":"https:\/\/www.fiscalia.gov.co\/colombia\/noticias\/imputada-la-exconsejera-presidencial-para-las-regiones-sandra-ortiz-por-la-presunta-participacion-en-el-traslado-de-dadivas-relacionadas-con-las-irregularidades-de-contratacion-en-la-ungrd\/"},"author":{"name":"Katherine Loaiza Mart\u00ednez","@id":"https:\/\/www.fiscalia.gov.co\/colombia\/#\/schema\/person\/2e76b9aba5ecf875ed565ce4de0e0415"},"headline":"Imputada la exconsejera presidencial para las regiones, Sandra Ortiz, por la presunta participaci\u00f3n en el traslado de d\u00e1divas relacionadas con las irregularidades de contrataci\u00f3n en la UNGRD","datePublished":"2024-11-29T23:15:33+00:00","dateModified":"2024-11-30T16:03:23+00:00","mainEntityOfPage":{"@id":"https:\/\/www.fiscalia.gov.co\/colombia\/noticias\/imputada-la-exconsejera-presidencial-para-las-regiones-sandra-ortiz-por-la-presunta-participacion-en-el-traslado-de-dadivas-relacionadas-con-las-irregularidades-de-contratacion-en-la-ungrd\/"},"wordCount":459,"publisher":{"@id":"https:\/\/www.fiscalia.gov.co\/colombia\/#organization"},"keywords":["fiscal Camargo","Fiscal General Luz Adriana Camargo","Fiscal\u00eda Camargo"],"articleSection":["Noticias"],"inLanguage":"es-CO"},{"@type":"WebPage","@id":"https:\/\/www.fiscalia.gov.co\/colombia\/noticias\/imputada-la-exconsejera-presidencial-para-las-regiones-sandra-ortiz-por-la-presunta-participacion-en-el-traslado-de-dadivas-relacionadas-con-las-irregularidades-de-contratacion-en-la-ungrd\/","url":"https:\/\/www.fiscalia.gov.co\/colombia\/noticias\/imputada-la-exconsejera-presidencial-para-las-regiones-sandra-ortiz-por-la-presunta-participacion-en-el-traslado-de-dadivas-relacionadas-con-las-irregularidades-de-contratacion-en-la-ungrd\/","name":"Fiscal\u00eda General de la Naci\u00f3n","isPartOf":{"@id":"https:\/\/www.fiscalia.gov.co\/colombia\/#website"},"datePublished":"2024-11-29T23:15:33+00:00","dateModified":"2024-11-30T16:03:23+00:00","description":"P\u00e1gina oficial de la Fiscal\u00eda General de la Naci\u00f3n \u2013 Colombia. Garantizamos el acceso efectivo a la justicia, la verdad y la reparaci\u00f3n de las v\u00edctimas de los delitos.","breadcrumb":{"@id":"https:\/\/www.fiscalia.gov.co\/colombia\/noticias\/imputada-la-exconsejera-presidencial-para-las-regiones-sandra-ortiz-por-la-presunta-participacion-en-el-traslado-de-dadivas-relacionadas-con-las-irregularidades-de-contratacion-en-la-ungrd\/#breadcrumb"},"inLanguage":"es-CO","potentialAction":[{"@type":"ReadAction","target":["https:\/\/www.fiscalia.gov.co\/colombia\/noticias\/imputada-la-exconsejera-presidencial-para-las-regiones-sandra-ortiz-por-la-presunta-participacion-en-el-traslado-de-dadivas-relacionadas-con-las-irregularidades-de-contratacion-en-la-ungrd\/"]}]},{"@type":"BreadcrumbList","@id":"https:\/\/www.fiscalia.gov.co\/colombia\/noticias\/imputada-la-exconsejera-presidencial-para-las-regiones-sandra-ortiz-por-la-presunta-participacion-en-el-traslado-de-dadivas-relacionadas-con-las-irregularidades-de-contratacion-en-la-ungrd\/#breadcrumb","itemListElement":[{"@type":"ListItem","position":1,"name":"Home","item":"https:\/\/www.fiscalia.gov.co\/colombia\/"},{"@type":"ListItem","position":2,"name":"Imputada la exconsejera presidencial para las regiones, Sandra Ortiz, por la presunta participaci\u00f3n en el traslado de d\u00e1divas relacionadas con las irregularidades de contrataci\u00f3n en la UNGRD"}]},{"@type":"WebSite","@id":"https:\/\/www.fiscalia.gov.co\/colombia\/#website","url":"https:\/\/www.fiscalia.gov.co\/colombia\/","name":"Fiscal\u00eda General de la Naci\u00f3n","description":"P\u00e1gina oficial de la Fiscal\u00eda General de la Naci\u00f3n \u2013 Colombia. Garantizamos el acceso efectivo a la justicia, la verdad y la reparaci\u00f3n de las v\u00edctimas de los delitos.","publisher":{"@id":"https:\/\/www.fiscalia.gov.co\/colombia\/#organization"},"potentialAction":[{"@type":"SearchAction","target":{"@type":"EntryPoint","urlTemplate":"https:\/\/www.fiscalia.gov.co\/colombia\/?s={search_term_string}"},"query-input":{"@type":"PropertyValueSpecification","valueRequired":true,"valueName":"search_term_string"}}],"inLanguage":"es-CO"},{"@type":"Organization","@id":"https:\/\/www.fiscalia.gov.co\/colombia\/#organization","name":"Fiscal\u00eda General de la Naci\u00f3n","url":"https:\/\/www.fiscalia.gov.co\/colombia\/","logo":{"@type":"ImageObject","inLanguage":"es-CO","@id":"https:\/\/www.fiscalia.gov.co\/colombia\/#\/schema\/logo\/image\/","url":"https:\/\/www.fiscalia.gov.co\/colombia\/wp-content\/uploads\/LogoHorizontal_1.jpg","contentUrl":"https:\/\/www.fiscalia.gov.co\/colombia\/wp-content\/uploads\/LogoHorizontal_1.jpg","width":300,"height":90,"caption":"Fiscal\u00eda General de la Naci\u00f3n"},"image":{"@id":"https:\/\/www.fiscalia.gov.co\/colombia\/#\/schema\/logo\/image\/"},"sameAs":["https:\/\/www.facebook.com\/FiscaliaCol","https:\/\/x.com\/FiscaliaCol","https:\/\/www.instagram.com\/fiscaliacol","https:\/\/www.linkedin.com\/company\/fiscalia-general-de-la-naci-n\/","https:\/\/youtube.com\/@fiscaliageneraldelanacion-4668?si=6nN79nyQICPU5iTh"]},{"@type":"Person","@id":"https:\/\/www.fiscalia.gov.co\/colombia\/#\/schema\/person\/2e76b9aba5ecf875ed565ce4de0e0415","name":"Katherine Loaiza Mart\u00ednez","image":{"@type":"ImageObject","inLanguage":"es-CO","@id":"https:\/\/www.fiscalia.gov.co\/colombia\/#\/schema\/person\/image\/","url":"https:\/\/secure.gravatar.com\/avatar\/ab775a2f394c1b83b6d6f78680e57b50?s=96&d=mm&r=g","contentUrl":"https:\/\/secure.gravatar.com\/avatar\/ab775a2f394c1b83b6d6f78680e57b50?s=96&d=mm&r=g","caption":"Katherine Loaiza Mart\u00ednez"},"url":"https:\/\/www.fiscalia.gov.co\/colombia\/author\/kloaiza\/"}]}},"_links":{"self":[{"href":"https:\/\/www.fiscalia.gov.co\/colombia\/wp-json\/wp\/v2\/posts\/306687","targetHints":{"allow":["GET"]}}],"collection":[{"href":"https:\/\/www.fiscalia.gov.co\/colombia\/wp-json\/wp\/v2\/posts"}],"about":[{"href":"https:\/\/www.fiscalia.gov.co\/colombia\/wp-json\/wp\/v2\/types\/post"}],"author":[{"embeddable":true,"href":"https:\/\/www.fiscalia.gov.co\/colombia\/wp-json\/wp\/v2\/users\/175"}],"replies":[{"embeddable":true,"href":"https:\/\/www.fiscalia.gov.co\/colombia\/wp-json\/wp\/v2\/comments?post=306687"}],"version-history":[{"count":9,"href":"https:\/\/www.fiscalia.gov.co\/colombia\/wp-json\/wp\/v2\/posts\/306687\/revisions"}],"predecessor-version":[{"id":306702,"href":"https:\/\/www.fiscalia.gov.co\/colombia\/wp-json\/wp\/v2\/posts\/306687\/revisions\/306702"}],"wp:attachment":[{"href":"https:\/\/www.fiscalia.gov.co\/colombia\/wp-json\/wp\/v2\/media?parent=306687"}],"wp:term":[{"taxonomy":"category","embeddable":true,"href":"https:\/\/www.fiscalia.gov.co\/colombia\/wp-json\/wp\/v2\/categories?post=306687"},{"taxonomy":"post_tag","embeddable":true,"href":"https:\/\/www.fiscalia.gov.co\/colombia\/wp-json\/wp\/v2\/tags?post=306687"}],"curies":[{"name":"wp","href":"https:\/\/api.w.org\/{rel}","templated":true}]}}