{"id":306664,"date":"2024-11-29T14:56:31","date_gmt":"2024-11-29T19:56:31","guid":{"rendered":"https:\/\/www.fiscalia.gov.co\/colombia\/?p=306664"},"modified":"2024-11-29T14:56:31","modified_gmt":"2024-11-29T19:56:31","slug":"asegurado-presunto-responsable-de-hurto-de-carrotanques-en-vias-de-norte-de-santander-y-cesar","status":"publish","type":"post","link":"https:\/\/www.fiscalia.gov.co\/colombia\/noticias\/asegurado-presunto-responsable-de-hurto-de-carrotanques-en-vias-de-norte-de-santander-y-cesar\/","title":{"rendered":"Asegurado presunto responsable de hurto de carrotanques en v\u00edas de Norte de Santander y Cesar"},"content":{"rendered":"<p dir=\"ltr\">Luego de valorar las pruebas recaudadas por\u00a0 la Fiscal\u00eda General de la Naci\u00f3n, un juez de control de garant\u00edas impuso medida de <a href=\"https:\/\/www.fiscalia.gov.co\/colombia\/noticias\/judicializado-presunto-responsable-de-varios-hurtos-en-cucuta-norte-de-santander\/\" target=\"_blank\" rel=\"noopener noreferrer\" data-saferedirecturl=\"https:\/\/www.google.com\/url?q=https:\/\/www.fiscalia.gov.co\/colombia\/noticias\/judicializado-presunto-responsable-de-varios-hurtos-en-cucuta-norte-de-santander\/&amp;source=gmail&amp;ust=1732987913878000&amp;usg=AOvVaw1jnWM8Qa4inyMs_tsjn-B3\">aseguramiento<\/a> privativa de la libertad en centro carcelario a Yuri Farud Quintero Garc\u00eda, p<strong>resunto integrante de un grupo delincuencial conocido como Los\u00a0 Maquila,\u00a0 dedicado al hurto de carrotanques.<\/strong><\/p>\n<p dir=\"ltr\">Un fiscal seccional en Norte de Santander le imput\u00f3 cargos por su presunta\u00a0 responsabilidad en\u00a0 los delitos de <a href=\"https:\/\/www.fiscalia.gov.co\/colombia\/noticias\/la-fiscalia-judicializo-a-dos-de-los-mas-buscados-por-la-policia-en-norte-de-santander\/\" target=\"_blank\" rel=\"noopener noreferrer\" data-saferedirecturl=\"https:\/\/www.google.com\/url?q=https:\/\/www.fiscalia.gov.co\/colombia\/noticias\/la-fiscalia-judicializo-a-dos-de-los-mas-buscados-por-la-policia-en-norte-de-santander\/&amp;source=gmail&amp;ust=1732987913878000&amp;usg=AOvVaw3wmR99VliGc7R7sPvY48RR\">concierto para delinquir<\/a> y hurto calificado, los cuales no acept\u00f3.<\/p>\n<figure id=\"attachment_306667\" aria-describedby=\"caption-attachment-306667\" style=\"width: 533px\" class=\"wp-caption aligncenter\"><img loading=\"lazy\" decoding=\"async\" class=\" wp-image-306667\" src=\"https:\/\/www.fiscalia.gov.co\/colombia\/wp-content\/uploads\/unnamed-3-300x169.jpg\" alt=\"Se visualiza al capturado y a un uniformado de la Polic\u00eda Nacional al momento de la captura.\" width=\"533\" height=\"300\" srcset=\"https:\/\/www.fiscalia.gov.co\/colombia\/wp-content\/uploads\/unnamed-3-300x169.jpg 300w, https:\/\/www.fiscalia.gov.co\/colombia\/wp-content\/uploads\/unnamed-3-1024x576.jpg 1024w, https:\/\/www.fiscalia.gov.co\/colombia\/wp-content\/uploads\/unnamed-3-768x432.jpg 768w, https:\/\/www.fiscalia.gov.co\/colombia\/wp-content\/uploads\/unnamed-3-1536x864.jpg 1536w, https:\/\/www.fiscalia.gov.co\/colombia\/wp-content\/uploads\/unnamed-3-747x420.jpg 747w, https:\/\/www.fiscalia.gov.co\/colombia\/wp-content\/uploads\/unnamed-3-696x392.jpg 696w, https:\/\/www.fiscalia.gov.co\/colombia\/wp-content\/uploads\/unnamed-3-1068x601.jpg 1068w, https:\/\/www.fiscalia.gov.co\/colombia\/wp-content\/uploads\/unnamed-3.jpg 1600w\" sizes=\"auto, (max-width: 533px) 100vw, 533px\" \/><figcaption id=\"caption-attachment-306667\" class=\"wp-caption-text\">Yuri Farud Quintero Garc\u00eda, presunto integrante de un grupo delincuencial conocido como Los Maquila, dedicado al hurto de carrotanques.<\/figcaption><\/figure>\n<p dir=\"ltr\">Se desprende de la investigaci\u00f3n que el procesado, en complicidad con otras personas, al parecer, interceptaban veh\u00edculos y<strong> mediante amenazas llevaban a los conductores hasta sectores despoblados para despojarlos del automotor y de los productos que transportaban como hidrocarburos\u00a0 y aceite de palma.<\/strong><\/p>\n<p dir=\"ltr\">A Quintero Garc\u00eda se le atribuye su posible participaci\u00f3n en varios hurtos registrados en abril y mayo de 2023, entre Aguachica (Cesar), Oca\u00f1a y Sardinata (Norte de Santander). El hombre fue capturado por uniformados de la Polic\u00eda Nacional en cumplimiento de una orden judicial en\u00a0 Yumbo (Valle del Cauca).<\/p>\n<p dir=\"ltr\"><b><\/p>\n<p><\/b><\/p>\n<p dir=\"ltr\">MPHA\/CFG\/AMCJ\/EDBC\/DSNS<\/p>\n<p dir=\"ltr\">\n<p dir=\"ltr\">\n<p dir=\"ltr\">\n<p dir=\"ltr\"><em>La informaci\u00f3n contenida en este bolet\u00edn de prensa corresponde a la narraci\u00f3n de los hechos noticiosos objetivos, suministrados por los funcionarios encargados de adelantar las investigaciones penales al interior de la Fiscal\u00eda General de la Naci\u00f3n. Para el momento de la divulgaci\u00f3n de este comunicado, la situaci\u00f3n jur\u00eddica de la(s) persona(s) relacionada(s) se encuentra pendiente de resolver por la autoridad judicial competente, siempre bajo los preceptos de la presunci\u00f3n de inocencia, consagrados en el art\u00edculo 29 de la Constituci\u00f3n Pol\u00edtica y el art\u00edculo 7\u00ba de la Ley 906 de 2004.<\/em><\/p>\n<p dir=\"ltr\">\n\n<div class=\"twitter-share\"><a href=\"https:\/\/twitter.com\/intent\/tweet?via=fiscaliacol\" class=\"twitter-share-button\">Tweet<\/a><\/div>\n","protected":false},"excerpt":{"rendered":"<p>Luego de valorar las pruebas recaudadas por\u00a0 la Fiscal\u00eda General de la Naci\u00f3n, un juez de control de garant\u00edas impuso medida de aseguramiento privativa de la libertad en centro carcelario a Yuri Farud Quintero Garc\u00eda, presunto integrante de un grupo delincuencial conocido como Los\u00a0 Maquila,\u00a0 dedicado al hurto de carrotanques. Un fiscal seccional en Norte [&hellip;]<\/p>\n","protected":false},"author":178,"featured_media":0,"comment_status":"closed","ping_status":"open","sticky":false,"template":"","format":"standard","meta":{"_price":"","_stock":"","_tribe_ticket_header":"","_tribe_default_ticket_provider":"","_tribe_ticket_capacity":"0","_ticket_start_date":"","_ticket_end_date":"","_tribe_ticket_show_description":"","_tribe_ticket_show_not_going":false,"_tribe_ticket_use_global_stock":"","_tribe_ticket_global_stock_level":"","_global_stock_mode":"","_global_stock_cap":"","_tribe_rsvp_for_event":"","_tribe_ticket_going_count":"","_tribe_ticket_not_going_count":"","_tribe_tickets_list":"[]","_tribe_ticket_has_attendee_info_fields":false,"tdm_status":"","tdm_grid_status":"","footnotes":""},"categories":[1,24099],"tags":[14550,4614,23960,29615,17967,25996,24549],"class_list":{"0":"post-306664","1":"post","2":"type-post","3":"status-publish","4":"format-standard","6":"category-noticias","7":"category-seguridad-territorial","8":"tag-carcel","9":"tag-fiscalia-2","10":"tag-hurto","11":"tag-impacto","12":"tag-investigacion","13":"tag-ocana-norte-de-santander","14":"tag-orden-judicial"},"yoast_head":"<!-- This site is optimized with the Yoast SEO plugin v24.3 - https:\/\/yoast.com\/wordpress\/plugins\/seo\/ -->\n<title>Fiscal\u00eda General de la Naci\u00f3n<\/title>\n<meta name=\"description\" content=\"P\u00e1gina oficial de la Fiscal\u00eda General de la Naci\u00f3n \u2013 Colombia. Garantizamos el acceso efectivo a la justicia, la verdad y la reparaci\u00f3n de las v\u00edctimas de los delitos.\" \/>\n<meta name=\"robots\" content=\"noindex, follow\" \/>\n<meta property=\"og:locale\" content=\"es_ES\" \/>\n<meta property=\"og:type\" content=\"article\" \/>\n<meta property=\"og:title\" content=\"Fiscal\u00eda General de la Naci\u00f3n\" \/>\n<meta property=\"og:description\" content=\"P\u00e1gina oficial de la Fiscal\u00eda General de la Naci\u00f3n \u2013 Colombia. Garantizamos el acceso efectivo a la justicia, la verdad y la reparaci\u00f3n de las v\u00edctimas de los delitos.\" \/>\n<meta property=\"og:url\" content=\"https:\/\/www.fiscalia.gov.co\/colombia\/noticias\/asegurado-presunto-responsable-de-hurto-de-carrotanques-en-vias-de-norte-de-santander-y-cesar\/\" \/>\n<meta property=\"og:site_name\" content=\"Fiscal\u00eda General de la Naci\u00f3n\" \/>\n<meta property=\"article:publisher\" content=\"https:\/\/www.facebook.com\/FiscaliaCol\" \/>\n<meta property=\"article:published_time\" content=\"2024-11-29T19:56:31+00:00\" \/>\n<meta property=\"og:image\" content=\"https:\/\/www.fiscalia.gov.co\/colombia\/wp-content\/uploads\/unnamed-3.jpg\" \/>\n\t<meta property=\"og:image:width\" content=\"1600\" \/>\n\t<meta property=\"og:image:height\" content=\"900\" \/>\n\t<meta property=\"og:image:type\" content=\"image\/jpeg\" \/>\n<meta name=\"author\" content=\"Winnie Geraldine Rodr\u00edguez Navarrete\" \/>\n<meta name=\"twitter:card\" content=\"summary_large_image\" \/>\n<meta name=\"twitter:creator\" content=\"@FiscaliaCol\" \/>\n<meta name=\"twitter:site\" content=\"@FiscaliaCol\" \/>\n<meta name=\"twitter:label1\" content=\"Escrito por\" \/>\n\t<meta name=\"twitter:data1\" content=\"Winnie Geraldine Rodr\u00edguez Navarrete\" \/>\n\t<meta name=\"twitter:label2\" content=\"Tiempo de lectura\" \/>\n\t<meta name=\"twitter:data2\" content=\"2 minutos\" \/>\n<script type=\"application\/ld+json\" class=\"yoast-schema-graph\">{\"@context\":\"https:\/\/schema.org\",\"@graph\":[{\"@type\":\"Article\",\"@id\":\"https:\/\/www.fiscalia.gov.co\/colombia\/noticias\/asegurado-presunto-responsable-de-hurto-de-carrotanques-en-vias-de-norte-de-santander-y-cesar\/#article\",\"isPartOf\":{\"@id\":\"https:\/\/www.fiscalia.gov.co\/colombia\/noticias\/asegurado-presunto-responsable-de-hurto-de-carrotanques-en-vias-de-norte-de-santander-y-cesar\/\"},\"author\":{\"name\":\"Winnie Geraldine Rodr\u00edguez Navarrete\",\"@id\":\"https:\/\/www.fiscalia.gov.co\/colombia\/#\/schema\/person\/176195b99ebab0a52aafa15197e1bf80\"},\"headline\":\"Asegurado presunto responsable de hurto de carrotanques en v\u00edas de Norte de Santander y Cesar\",\"datePublished\":\"2024-11-29T19:56:31+00:00\",\"dateModified\":\"2024-11-29T19:56:31+00:00\",\"mainEntityOfPage\":{\"@id\":\"https:\/\/www.fiscalia.gov.co\/colombia\/noticias\/asegurado-presunto-responsable-de-hurto-de-carrotanques-en-vias-de-norte-de-santander-y-cesar\/\"},\"wordCount\":329,\"publisher\":{\"@id\":\"https:\/\/www.fiscalia.gov.co\/colombia\/#organization\"},\"image\":{\"@id\":\"https:\/\/www.fiscalia.gov.co\/colombia\/noticias\/asegurado-presunto-responsable-de-hurto-de-carrotanques-en-vias-de-norte-de-santander-y-cesar\/#primaryimage\"},\"thumbnailUrl\":\"https:\/\/www.fiscalia.gov.co\/colombia\/wp-content\/uploads\/unnamed-3-300x169.jpg\",\"keywords\":[\"C\u00e1rcel\",\"Fiscal\u00eda\",\"Hurto\",\"impacto\",\"Investigaci\u00f3n\",\"Oca\u00f1a (Norte de Santander)\",\"orden judicial\"],\"articleSection\":[\"Noticias\",\"Seguridad territorial\"],\"inLanguage\":\"es-CO\"},{\"@type\":\"WebPage\",\"@id\":\"https:\/\/www.fiscalia.gov.co\/colombia\/noticias\/asegurado-presunto-responsable-de-hurto-de-carrotanques-en-vias-de-norte-de-santander-y-cesar\/\",\"url\":\"https:\/\/www.fiscalia.gov.co\/colombia\/noticias\/asegurado-presunto-responsable-de-hurto-de-carrotanques-en-vias-de-norte-de-santander-y-cesar\/\",\"name\":\"Fiscal\u00eda General de la Naci\u00f3n\",\"isPartOf\":{\"@id\":\"https:\/\/www.fiscalia.gov.co\/colombia\/#website\"},\"primaryImageOfPage\":{\"@id\":\"https:\/\/www.fiscalia.gov.co\/colombia\/noticias\/asegurado-presunto-responsable-de-hurto-de-carrotanques-en-vias-de-norte-de-santander-y-cesar\/#primaryimage\"},\"image\":{\"@id\":\"https:\/\/www.fiscalia.gov.co\/colombia\/noticias\/asegurado-presunto-responsable-de-hurto-de-carrotanques-en-vias-de-norte-de-santander-y-cesar\/#primaryimage\"},\"thumbnailUrl\":\"https:\/\/www.fiscalia.gov.co\/colombia\/wp-content\/uploads\/unnamed-3-300x169.jpg\",\"datePublished\":\"2024-11-29T19:56:31+00:00\",\"dateModified\":\"2024-11-29T19:56:31+00:00\",\"description\":\"P\u00e1gina oficial de la Fiscal\u00eda General de la Naci\u00f3n \u2013 Colombia. Garantizamos el acceso efectivo a la justicia, la verdad y la reparaci\u00f3n de las v\u00edctimas de los delitos.\",\"breadcrumb\":{\"@id\":\"https:\/\/www.fiscalia.gov.co\/colombia\/noticias\/asegurado-presunto-responsable-de-hurto-de-carrotanques-en-vias-de-norte-de-santander-y-cesar\/#breadcrumb\"},\"inLanguage\":\"es-CO\",\"potentialAction\":[{\"@type\":\"ReadAction\",\"target\":[\"https:\/\/www.fiscalia.gov.co\/colombia\/noticias\/asegurado-presunto-responsable-de-hurto-de-carrotanques-en-vias-de-norte-de-santander-y-cesar\/\"]}]},{\"@type\":\"ImageObject\",\"inLanguage\":\"es-CO\",\"@id\":\"https:\/\/www.fiscalia.gov.co\/colombia\/noticias\/asegurado-presunto-responsable-de-hurto-de-carrotanques-en-vias-de-norte-de-santander-y-cesar\/#primaryimage\",\"url\":\"https:\/\/www.fiscalia.gov.co\/colombia\/wp-content\/uploads\/unnamed-3.jpg\",\"contentUrl\":\"https:\/\/www.fiscalia.gov.co\/colombia\/wp-content\/uploads\/unnamed-3.jpg\",\"width\":1600,\"height\":900,\"caption\":\"Yuri Farud Quintero Garc\u00eda, presunto integrante de un grupo delincuencial conocido como Los Maquila, dedicado al hurto de carrotanques.\"},{\"@type\":\"BreadcrumbList\",\"@id\":\"https:\/\/www.fiscalia.gov.co\/colombia\/noticias\/asegurado-presunto-responsable-de-hurto-de-carrotanques-en-vias-de-norte-de-santander-y-cesar\/#breadcrumb\",\"itemListElement\":[{\"@type\":\"ListItem\",\"position\":1,\"name\":\"Home\",\"item\":\"https:\/\/www.fiscalia.gov.co\/colombia\/\"},{\"@type\":\"ListItem\",\"position\":2,\"name\":\"Asegurado presunto responsable de hurto de carrotanques en v\u00edas de Norte de Santander y Cesar\"}]},{\"@type\":\"WebSite\",\"@id\":\"https:\/\/www.fiscalia.gov.co\/colombia\/#website\",\"url\":\"https:\/\/www.fiscalia.gov.co\/colombia\/\",\"name\":\"Fiscal\u00eda General de la Naci\u00f3n\",\"description\":\"P\u00e1gina oficial de la Fiscal\u00eda General de la Naci\u00f3n \u2013 Colombia. Garantizamos el acceso efectivo a la justicia, la verdad y la reparaci\u00f3n de las v\u00edctimas de los delitos.\",\"publisher\":{\"@id\":\"https:\/\/www.fiscalia.gov.co\/colombia\/#organization\"},\"potentialAction\":[{\"@type\":\"SearchAction\",\"target\":{\"@type\":\"EntryPoint\",\"urlTemplate\":\"https:\/\/www.fiscalia.gov.co\/colombia\/?s={search_term_string}\"},\"query-input\":{\"@type\":\"PropertyValueSpecification\",\"valueRequired\":true,\"valueName\":\"search_term_string\"}}],\"inLanguage\":\"es-CO\"},{\"@type\":\"Organization\",\"@id\":\"https:\/\/www.fiscalia.gov.co\/colombia\/#organization\",\"name\":\"Fiscal\u00eda General de la Naci\u00f3n\",\"url\":\"https:\/\/www.fiscalia.gov.co\/colombia\/\",\"logo\":{\"@type\":\"ImageObject\",\"inLanguage\":\"es-CO\",\"@id\":\"https:\/\/www.fiscalia.gov.co\/colombia\/#\/schema\/logo\/image\/\",\"url\":\"https:\/\/www.fiscalia.gov.co\/colombia\/wp-content\/uploads\/LogoHorizontal_1.jpg\",\"contentUrl\":\"https:\/\/www.fiscalia.gov.co\/colombia\/wp-content\/uploads\/LogoHorizontal_1.jpg\",\"width\":300,\"height\":90,\"caption\":\"Fiscal\u00eda General de la Naci\u00f3n\"},\"image\":{\"@id\":\"https:\/\/www.fiscalia.gov.co\/colombia\/#\/schema\/logo\/image\/\"},\"sameAs\":[\"https:\/\/www.facebook.com\/FiscaliaCol\",\"https:\/\/x.com\/FiscaliaCol\",\"https:\/\/www.instagram.com\/fiscaliacol\",\"https:\/\/www.linkedin.com\/company\/fiscalia-general-de-la-naci-n\/\",\"https:\/\/youtube.com\/@fiscaliageneraldelanacion-4668?si=6nN79nyQICPU5iTh\"]},{\"@type\":\"Person\",\"@id\":\"https:\/\/www.fiscalia.gov.co\/colombia\/#\/schema\/person\/176195b99ebab0a52aafa15197e1bf80\",\"name\":\"Winnie Geraldine Rodr\u00edguez Navarrete\",\"image\":{\"@type\":\"ImageObject\",\"inLanguage\":\"es-CO\",\"@id\":\"https:\/\/www.fiscalia.gov.co\/colombia\/#\/schema\/person\/image\/\",\"url\":\"https:\/\/secure.gravatar.com\/avatar\/c24cf8481dc84fa5e8c7b20bc95ab0c6?s=96&d=mm&r=g\",\"contentUrl\":\"https:\/\/secure.gravatar.com\/avatar\/c24cf8481dc84fa5e8c7b20bc95ab0c6?s=96&d=mm&r=g\",\"caption\":\"Winnie Geraldine Rodr\u00edguez Navarrete\"},\"url\":\"https:\/\/www.fiscalia.gov.co\/colombia\/author\/winnierodriguez\/\"}]}<\/script>\n<!-- \/ Yoast SEO plugin. -->","yoast_head_json":{"title":"Fiscal\u00eda General de la Naci\u00f3n","description":"P\u00e1gina oficial de la Fiscal\u00eda General de la Naci\u00f3n \u2013 Colombia. Garantizamos el acceso efectivo a la justicia, la verdad y la reparaci\u00f3n de las v\u00edctimas de los delitos.","robots":{"index":"noindex","follow":"follow"},"og_locale":"es_ES","og_type":"article","og_title":"Fiscal\u00eda General de la Naci\u00f3n","og_description":"P\u00e1gina oficial de la Fiscal\u00eda General de la Naci\u00f3n \u2013 Colombia. Garantizamos el acceso efectivo a la justicia, la verdad y la reparaci\u00f3n de las v\u00edctimas de los delitos.","og_url":"https:\/\/www.fiscalia.gov.co\/colombia\/noticias\/asegurado-presunto-responsable-de-hurto-de-carrotanques-en-vias-de-norte-de-santander-y-cesar\/","og_site_name":"Fiscal\u00eda General de la Naci\u00f3n","article_publisher":"https:\/\/www.facebook.com\/FiscaliaCol","article_published_time":"2024-11-29T19:56:31+00:00","og_image":[{"width":1600,"height":900,"url":"https:\/\/www.fiscalia.gov.co\/colombia\/wp-content\/uploads\/unnamed-3.jpg","type":"image\/jpeg"}],"author":"Winnie Geraldine Rodr\u00edguez Navarrete","twitter_card":"summary_large_image","twitter_creator":"@FiscaliaCol","twitter_site":"@FiscaliaCol","twitter_misc":{"Escrito por":"Winnie Geraldine Rodr\u00edguez Navarrete","Tiempo de lectura":"2 minutos"},"schema":{"@context":"https:\/\/schema.org","@graph":[{"@type":"Article","@id":"https:\/\/www.fiscalia.gov.co\/colombia\/noticias\/asegurado-presunto-responsable-de-hurto-de-carrotanques-en-vias-de-norte-de-santander-y-cesar\/#article","isPartOf":{"@id":"https:\/\/www.fiscalia.gov.co\/colombia\/noticias\/asegurado-presunto-responsable-de-hurto-de-carrotanques-en-vias-de-norte-de-santander-y-cesar\/"},"author":{"name":"Winnie Geraldine Rodr\u00edguez Navarrete","@id":"https:\/\/www.fiscalia.gov.co\/colombia\/#\/schema\/person\/176195b99ebab0a52aafa15197e1bf80"},"headline":"Asegurado presunto responsable de hurto de carrotanques en v\u00edas de Norte de Santander y Cesar","datePublished":"2024-11-29T19:56:31+00:00","dateModified":"2024-11-29T19:56:31+00:00","mainEntityOfPage":{"@id":"https:\/\/www.fiscalia.gov.co\/colombia\/noticias\/asegurado-presunto-responsable-de-hurto-de-carrotanques-en-vias-de-norte-de-santander-y-cesar\/"},"wordCount":329,"publisher":{"@id":"https:\/\/www.fiscalia.gov.co\/colombia\/#organization"},"image":{"@id":"https:\/\/www.fiscalia.gov.co\/colombia\/noticias\/asegurado-presunto-responsable-de-hurto-de-carrotanques-en-vias-de-norte-de-santander-y-cesar\/#primaryimage"},"thumbnailUrl":"https:\/\/www.fiscalia.gov.co\/colombia\/wp-content\/uploads\/unnamed-3-300x169.jpg","keywords":["C\u00e1rcel","Fiscal\u00eda","Hurto","impacto","Investigaci\u00f3n","Oca\u00f1a (Norte de Santander)","orden judicial"],"articleSection":["Noticias","Seguridad territorial"],"inLanguage":"es-CO"},{"@type":"WebPage","@id":"https:\/\/www.fiscalia.gov.co\/colombia\/noticias\/asegurado-presunto-responsable-de-hurto-de-carrotanques-en-vias-de-norte-de-santander-y-cesar\/","url":"https:\/\/www.fiscalia.gov.co\/colombia\/noticias\/asegurado-presunto-responsable-de-hurto-de-carrotanques-en-vias-de-norte-de-santander-y-cesar\/","name":"Fiscal\u00eda General de la Naci\u00f3n","isPartOf":{"@id":"https:\/\/www.fiscalia.gov.co\/colombia\/#website"},"primaryImageOfPage":{"@id":"https:\/\/www.fiscalia.gov.co\/colombia\/noticias\/asegurado-presunto-responsable-de-hurto-de-carrotanques-en-vias-de-norte-de-santander-y-cesar\/#primaryimage"},"image":{"@id":"https:\/\/www.fiscalia.gov.co\/colombia\/noticias\/asegurado-presunto-responsable-de-hurto-de-carrotanques-en-vias-de-norte-de-santander-y-cesar\/#primaryimage"},"thumbnailUrl":"https:\/\/www.fiscalia.gov.co\/colombia\/wp-content\/uploads\/unnamed-3-300x169.jpg","datePublished":"2024-11-29T19:56:31+00:00","dateModified":"2024-11-29T19:56:31+00:00","description":"P\u00e1gina oficial de la Fiscal\u00eda General de la Naci\u00f3n \u2013 Colombia. Garantizamos el acceso efectivo a la justicia, la verdad y la reparaci\u00f3n de las v\u00edctimas de los delitos.","breadcrumb":{"@id":"https:\/\/www.fiscalia.gov.co\/colombia\/noticias\/asegurado-presunto-responsable-de-hurto-de-carrotanques-en-vias-de-norte-de-santander-y-cesar\/#breadcrumb"},"inLanguage":"es-CO","potentialAction":[{"@type":"ReadAction","target":["https:\/\/www.fiscalia.gov.co\/colombia\/noticias\/asegurado-presunto-responsable-de-hurto-de-carrotanques-en-vias-de-norte-de-santander-y-cesar\/"]}]},{"@type":"ImageObject","inLanguage":"es-CO","@id":"https:\/\/www.fiscalia.gov.co\/colombia\/noticias\/asegurado-presunto-responsable-de-hurto-de-carrotanques-en-vias-de-norte-de-santander-y-cesar\/#primaryimage","url":"https:\/\/www.fiscalia.gov.co\/colombia\/wp-content\/uploads\/unnamed-3.jpg","contentUrl":"https:\/\/www.fiscalia.gov.co\/colombia\/wp-content\/uploads\/unnamed-3.jpg","width":1600,"height":900,"caption":"Yuri Farud Quintero Garc\u00eda, presunto integrante de un grupo delincuencial conocido como Los Maquila, dedicado al hurto de carrotanques."},{"@type":"BreadcrumbList","@id":"https:\/\/www.fiscalia.gov.co\/colombia\/noticias\/asegurado-presunto-responsable-de-hurto-de-carrotanques-en-vias-de-norte-de-santander-y-cesar\/#breadcrumb","itemListElement":[{"@type":"ListItem","position":1,"name":"Home","item":"https:\/\/www.fiscalia.gov.co\/colombia\/"},{"@type":"ListItem","position":2,"name":"Asegurado presunto responsable de hurto de carrotanques en v\u00edas de Norte de Santander y Cesar"}]},{"@type":"WebSite","@id":"https:\/\/www.fiscalia.gov.co\/colombia\/#website","url":"https:\/\/www.fiscalia.gov.co\/colombia\/","name":"Fiscal\u00eda General de la Naci\u00f3n","description":"P\u00e1gina oficial de la Fiscal\u00eda General de la Naci\u00f3n \u2013 Colombia. Garantizamos el acceso efectivo a la justicia, la verdad y la reparaci\u00f3n de las v\u00edctimas de los delitos.","publisher":{"@id":"https:\/\/www.fiscalia.gov.co\/colombia\/#organization"},"potentialAction":[{"@type":"SearchAction","target":{"@type":"EntryPoint","urlTemplate":"https:\/\/www.fiscalia.gov.co\/colombia\/?s={search_term_string}"},"query-input":{"@type":"PropertyValueSpecification","valueRequired":true,"valueName":"search_term_string"}}],"inLanguage":"es-CO"},{"@type":"Organization","@id":"https:\/\/www.fiscalia.gov.co\/colombia\/#organization","name":"Fiscal\u00eda General de la Naci\u00f3n","url":"https:\/\/www.fiscalia.gov.co\/colombia\/","logo":{"@type":"ImageObject","inLanguage":"es-CO","@id":"https:\/\/www.fiscalia.gov.co\/colombia\/#\/schema\/logo\/image\/","url":"https:\/\/www.fiscalia.gov.co\/colombia\/wp-content\/uploads\/LogoHorizontal_1.jpg","contentUrl":"https:\/\/www.fiscalia.gov.co\/colombia\/wp-content\/uploads\/LogoHorizontal_1.jpg","width":300,"height":90,"caption":"Fiscal\u00eda General de la Naci\u00f3n"},"image":{"@id":"https:\/\/www.fiscalia.gov.co\/colombia\/#\/schema\/logo\/image\/"},"sameAs":["https:\/\/www.facebook.com\/FiscaliaCol","https:\/\/x.com\/FiscaliaCol","https:\/\/www.instagram.com\/fiscaliacol","https:\/\/www.linkedin.com\/company\/fiscalia-general-de-la-naci-n\/","https:\/\/youtube.com\/@fiscaliageneraldelanacion-4668?si=6nN79nyQICPU5iTh"]},{"@type":"Person","@id":"https:\/\/www.fiscalia.gov.co\/colombia\/#\/schema\/person\/176195b99ebab0a52aafa15197e1bf80","name":"Winnie Geraldine Rodr\u00edguez Navarrete","image":{"@type":"ImageObject","inLanguage":"es-CO","@id":"https:\/\/www.fiscalia.gov.co\/colombia\/#\/schema\/person\/image\/","url":"https:\/\/secure.gravatar.com\/avatar\/c24cf8481dc84fa5e8c7b20bc95ab0c6?s=96&d=mm&r=g","contentUrl":"https:\/\/secure.gravatar.com\/avatar\/c24cf8481dc84fa5e8c7b20bc95ab0c6?s=96&d=mm&r=g","caption":"Winnie Geraldine Rodr\u00edguez Navarrete"},"url":"https:\/\/www.fiscalia.gov.co\/colombia\/author\/winnierodriguez\/"}]}},"_links":{"self":[{"href":"https:\/\/www.fiscalia.gov.co\/colombia\/wp-json\/wp\/v2\/posts\/306664","targetHints":{"allow":["GET"]}}],"collection":[{"href":"https:\/\/www.fiscalia.gov.co\/colombia\/wp-json\/wp\/v2\/posts"}],"about":[{"href":"https:\/\/www.fiscalia.gov.co\/colombia\/wp-json\/wp\/v2\/types\/post"}],"author":[{"embeddable":true,"href":"https:\/\/www.fiscalia.gov.co\/colombia\/wp-json\/wp\/v2\/users\/178"}],"replies":[{"embeddable":true,"href":"https:\/\/www.fiscalia.gov.co\/colombia\/wp-json\/wp\/v2\/comments?post=306664"}],"version-history":[{"count":1,"href":"https:\/\/www.fiscalia.gov.co\/colombia\/wp-json\/wp\/v2\/posts\/306664\/revisions"}],"predecessor-version":[{"id":306668,"href":"https:\/\/www.fiscalia.gov.co\/colombia\/wp-json\/wp\/v2\/posts\/306664\/revisions\/306668"}],"wp:attachment":[{"href":"https:\/\/www.fiscalia.gov.co\/colombia\/wp-json\/wp\/v2\/media?parent=306664"}],"wp:term":[{"taxonomy":"category","embeddable":true,"href":"https:\/\/www.fiscalia.gov.co\/colombia\/wp-json\/wp\/v2\/categories?post=306664"},{"taxonomy":"post_tag","embeddable":true,"href":"https:\/\/www.fiscalia.gov.co\/colombia\/wp-json\/wp\/v2\/tags?post=306664"}],"curies":[{"name":"wp","href":"https:\/\/api.w.org\/{rel}","templated":true}]}}