{"id":306567,"date":"2024-11-28T15:19:53","date_gmt":"2024-11-28T20:19:53","guid":{"rendered":"https:\/\/www.fiscalia.gov.co\/colombia\/?p=306567"},"modified":"2024-11-28T15:19:53","modified_gmt":"2024-11-28T20:19:53","slug":"carcel-para-presunto-responsable-de-la-muerte-de-un-nino-de-10-anos-en-atlantico","status":"publish","type":"post","link":"https:\/\/www.fiscalia.gov.co\/colombia\/noticias\/carcel-para-presunto-responsable-de-la-muerte-de-un-nino-de-10-anos-en-atlantico\/","title":{"rendered":"C\u00e1rcel para presunto responsable de la muerte de un ni\u00f1o de 10 a\u00f1os en Atl\u00e1ntico"},"content":{"rendered":"<h4 style=\"text-align: center;\"><strong><i>En el hecho tambi\u00e9n result\u00f3 herida con arma de fuego la abuela del menor de edad.\u00a0\u00a0<\/i><\/strong><\/h4>\n<p>La Fiscal\u00eda General de la Naci\u00f3n, en coordinaci\u00f3n con la Polic\u00eda Nacional, logr\u00f3 la captura y judicializaci\u00f3n de un hombre <strong>que habr\u00eda causado la muerte de un ni\u00f1o de 10 a\u00f1os, en hechos ocurridos el pasado 27 de noviembre, en Malambo (Atl\u00e1ntico).\u00a0\u00a0<\/strong><\/p>\n<p>En ese sentido, un fiscal de la Seccional Atl\u00e1ntico le imput\u00f3 los delitos de homicidio agravado, tentativa de homicidio y; fabricaci\u00f3n, tr\u00e1fico, porte o tenencia de armas de fuego, accesorios, partes o municiones.<strong> Un juez de control de garant\u00edas le impuso medida de aseguramiento en establecimiento carcelario.\u00a0\u00a0<\/strong><\/p>\n<p><em><strong>Le puede interesar:<\/strong><\/em> <a href=\"https:\/\/www.fiscalia.gov.co\/colombia\/hay-justicia\/fiscalia-obtiene-condena-contra-responsable-de-la-muerte-de-un-menor-de-edad-en-soledad-atlantico\/\">Fiscal\u00eda obtiene condena contra responsable de la muerte de un menor de edad en Soledad (Atl\u00e1ntico)<\/a><\/p>\n<figure id=\"attachment_306568\" aria-describedby=\"caption-attachment-306568\" style=\"width: 455px\" class=\"wp-caption aligncenter\"><img loading=\"lazy\" decoding=\"async\" class=\" wp-image-306568\" src=\"https:\/\/www.fiscalia.gov.co\/colombia\/wp-content\/uploads\/f02214db-88d9-49ba-86c5-15754b597be0-300x263.jpeg\" alt=\" Dos uniformados de la Polic\u00eda Nacional custodian al hoy procesado quien al parecer dispar\u00f3 contra el hijo menor de su expareja sentimental. \" width=\"455\" height=\"399\" srcset=\"https:\/\/www.fiscalia.gov.co\/colombia\/wp-content\/uploads\/f02214db-88d9-49ba-86c5-15754b597be0-300x263.jpeg 300w, https:\/\/www.fiscalia.gov.co\/colombia\/wp-content\/uploads\/f02214db-88d9-49ba-86c5-15754b597be0-768x674.jpeg 768w, https:\/\/www.fiscalia.gov.co\/colombia\/wp-content\/uploads\/f02214db-88d9-49ba-86c5-15754b597be0-479x420.jpeg 479w, https:\/\/www.fiscalia.gov.co\/colombia\/wp-content\/uploads\/f02214db-88d9-49ba-86c5-15754b597be0-696x610.jpeg 696w, https:\/\/www.fiscalia.gov.co\/colombia\/wp-content\/uploads\/f02214db-88d9-49ba-86c5-15754b597be0.jpeg 1008w\" sizes=\"auto, (max-width: 455px) 100vw, 455px\" \/><figcaption id=\"caption-attachment-306568\" class=\"wp-caption-text\">Fiscal\u00eda judicializ\u00f3 a un hombre que habr\u00eda causado la muerte de un ni\u00f1o de 10 a\u00f1os, en hechos ocurridos el pasado 27 de noviembre, en Malambo (Atl\u00e1ntico).<\/figcaption><\/figure>\n<p>De acuerdo con la investigaci\u00f3n, el procesado lleg\u00f3 a la vivienda donde resid\u00eda su expareja sentimental y al no encontrarla, al parecer, dispar\u00f3 en contra del hijo. En el ataque result\u00f3 herida la abuela de la v\u00edctima.<\/p>\n<p>El ni\u00f1o falleci\u00f3 debido a la gravedad de las heridas, mientras que la mujer se encuentra recuper\u00e1ndose en un centro asistencial.<\/p>\n<p>La Polic\u00eda Nacional captur\u00f3 al hombre en flagrancia, tras los llamados de auxilio de la comunidad.<\/p>\n<p>&nbsp;<\/p>\n<p>&nbsp;<\/p>\n<p>&nbsp;<\/p>\n<p>&nbsp;<\/p>\n<p>SKCR\/AMCJ\/MC\/WFOJ\/DSA<\/p>\n<p dir=\"auto\">\n<p dir=\"auto\">\n<p dir=\"auto\">\n<p dir=\"auto\"><em>La informaci\u00f3n contenida en este bolet\u00edn de prensa corresponde a la narraci\u00f3n de los hechos noticiosos objetivos, suministrados por los funcionarios encargados de adelantar las investigaciones penales al interior de la Fiscal\u00eda General de la Naci\u00f3n. Para el momento de la divulgaci\u00f3n de este comunicado, la situaci\u00f3n jur\u00eddica de la(s) persona(s) relacionada(s) se encuentra pendiente de resolver por la autoridad judicial competente, siempre bajo los preceptos de la presunci\u00f3n de inocencia, consagrados en el art\u00edculo 29 de la Constituci\u00f3n Pol\u00edtica y el art\u00edculo 7\u00ba de la Ley 906 de 2004.<\/em><\/p>\n\n<div class=\"twitter-share\"><a href=\"https:\/\/twitter.com\/intent\/tweet?via=fiscaliacol\" class=\"twitter-share-button\">Tweet<\/a><\/div>\n","protected":false},"excerpt":{"rendered":"<p>En el hecho tambi\u00e9n result\u00f3 herida con arma de fuego la abuela del menor de edad.\u00a0\u00a0 La Fiscal\u00eda General de la Naci\u00f3n, en coordinaci\u00f3n con la Polic\u00eda Nacional, logr\u00f3 la captura y judicializaci\u00f3n de un hombre que habr\u00eda causado la muerte de un ni\u00f1o de 10 a\u00f1os, en hechos ocurridos el pasado 27 de noviembre, [&hellip;]<\/p>\n","protected":false},"author":178,"featured_media":0,"comment_status":"closed","ping_status":"open","sticky":false,"template":"","format":"standard","meta":{"_price":"","_stock":"","_tribe_ticket_header":"","_tribe_default_ticket_provider":"","_tribe_ticket_capacity":"0","_ticket_start_date":"","_ticket_end_date":"","_tribe_ticket_show_description":"","_tribe_ticket_show_not_going":false,"_tribe_ticket_use_global_stock":"","_tribe_ticket_global_stock_level":"","_global_stock_mode":"","_global_stock_cap":"","_tribe_rsvp_for_event":"","_tribe_ticket_going_count":"","_tribe_ticket_not_going_count":"","_tribe_tickets_list":"[]","_tribe_ticket_has_attendee_info_fields":false,"tdm_status":"","tdm_grid_status":"","footnotes":""},"categories":[1,24099],"tags":[39545,12163,23982,17581,39544,409,26874,39543,35360,2464,9054,1408,27199],"class_list":{"0":"post-306567","1":"post","2":"type-post","3":"status-publish","4":"format-standard","6":"category-noticias","7":"category-seguridad-territorial","8":"tag-abuela-del-menor","9":"tag-arma-de-fuego","10":"tag-barranquilla-atlantico","11":"tag-hijo","12":"tag-hijo-expareja-sentimental","13":"tag-homicidio","14":"tag-malambo","15":"tag-mejor-de-edad","16":"tag-menor-de-10-anos","17":"tag-menores","18":"tag-muerte","19":"tag-ninos","20":"tag-seccional-atlantico"},"yoast_head":"<!-- This site is optimized with the Yoast SEO plugin v24.3 - https:\/\/yoast.com\/wordpress\/plugins\/seo\/ -->\n<title>Fiscal\u00eda General de la Naci\u00f3n<\/title>\n<meta name=\"description\" content=\"P\u00e1gina oficial de la Fiscal\u00eda General de la Naci\u00f3n \u2013 Colombia. Garantizamos el acceso efectivo a la justicia, la verdad y la reparaci\u00f3n de las v\u00edctimas de los delitos.\" \/>\n<meta name=\"robots\" content=\"noindex, follow\" \/>\n<meta property=\"og:locale\" content=\"es_ES\" \/>\n<meta property=\"og:type\" content=\"article\" \/>\n<meta property=\"og:title\" content=\"Fiscal\u00eda General de la Naci\u00f3n\" \/>\n<meta property=\"og:description\" content=\"P\u00e1gina oficial de la Fiscal\u00eda General de la Naci\u00f3n \u2013 Colombia. Garantizamos el acceso efectivo a la justicia, la verdad y la reparaci\u00f3n de las v\u00edctimas de los delitos.\" \/>\n<meta property=\"og:url\" content=\"https:\/\/www.fiscalia.gov.co\/colombia\/noticias\/carcel-para-presunto-responsable-de-la-muerte-de-un-nino-de-10-anos-en-atlantico\/\" \/>\n<meta property=\"og:site_name\" content=\"Fiscal\u00eda General de la Naci\u00f3n\" \/>\n<meta property=\"article:publisher\" content=\"https:\/\/www.facebook.com\/FiscaliaCol\" \/>\n<meta property=\"article:published_time\" content=\"2024-11-28T20:19:53+00:00\" \/>\n<meta property=\"og:image\" content=\"https:\/\/www.fiscalia.gov.co\/colombia\/wp-content\/uploads\/f02214db-88d9-49ba-86c5-15754b597be0.jpeg\" \/>\n\t<meta property=\"og:image:width\" content=\"1008\" \/>\n\t<meta property=\"og:image:height\" content=\"884\" \/>\n\t<meta property=\"og:image:type\" content=\"image\/jpeg\" \/>\n<meta name=\"author\" content=\"Winnie Geraldine Rodr\u00edguez Navarrete\" \/>\n<meta name=\"twitter:card\" content=\"summary_large_image\" \/>\n<meta name=\"twitter:creator\" content=\"@FiscaliaCol\" \/>\n<meta name=\"twitter:site\" content=\"@FiscaliaCol\" \/>\n<meta name=\"twitter:label1\" content=\"Escrito por\" \/>\n\t<meta name=\"twitter:data1\" content=\"Winnie Geraldine Rodr\u00edguez Navarrete\" \/>\n\t<meta name=\"twitter:label2\" content=\"Tiempo de lectura\" \/>\n\t<meta name=\"twitter:data2\" content=\"2 minutos\" \/>\n<script type=\"application\/ld+json\" class=\"yoast-schema-graph\">{\"@context\":\"https:\/\/schema.org\",\"@graph\":[{\"@type\":\"Article\",\"@id\":\"https:\/\/www.fiscalia.gov.co\/colombia\/noticias\/carcel-para-presunto-responsable-de-la-muerte-de-un-nino-de-10-anos-en-atlantico\/#article\",\"isPartOf\":{\"@id\":\"https:\/\/www.fiscalia.gov.co\/colombia\/noticias\/carcel-para-presunto-responsable-de-la-muerte-de-un-nino-de-10-anos-en-atlantico\/\"},\"author\":{\"name\":\"Winnie Geraldine Rodr\u00edguez Navarrete\",\"@id\":\"https:\/\/www.fiscalia.gov.co\/colombia\/#\/schema\/person\/176195b99ebab0a52aafa15197e1bf80\"},\"headline\":\"C\u00e1rcel para presunto responsable de la muerte de un ni\u00f1o de 10 a\u00f1os en Atl\u00e1ntico\",\"datePublished\":\"2024-11-28T20:19:53+00:00\",\"dateModified\":\"2024-11-28T20:19:53+00:00\",\"mainEntityOfPage\":{\"@id\":\"https:\/\/www.fiscalia.gov.co\/colombia\/noticias\/carcel-para-presunto-responsable-de-la-muerte-de-un-nino-de-10-anos-en-atlantico\/\"},\"wordCount\":384,\"publisher\":{\"@id\":\"https:\/\/www.fiscalia.gov.co\/colombia\/#organization\"},\"image\":{\"@id\":\"https:\/\/www.fiscalia.gov.co\/colombia\/noticias\/carcel-para-presunto-responsable-de-la-muerte-de-un-nino-de-10-anos-en-atlantico\/#primaryimage\"},\"thumbnailUrl\":\"https:\/\/www.fiscalia.gov.co\/colombia\/wp-content\/uploads\/f02214db-88d9-49ba-86c5-15754b597be0-300x263.jpeg\",\"keywords\":[\"abuela del menor\",\"Arma de fuego\",\"Barranquilla (Atl\u00e1ntico)\",\"Hijo\",\"hijo expareja sentimental\",\"Homicidio\",\"Malambo.\",\"mejor de edad\",\"menor de 10 a\u00f1os\",\"Menores\",\"Muerte\",\"Ni\u00f1os\",\"Seccional Atl\u00e1ntico\"],\"articleSection\":[\"Noticias\",\"Seguridad territorial\"],\"inLanguage\":\"es-CO\"},{\"@type\":\"WebPage\",\"@id\":\"https:\/\/www.fiscalia.gov.co\/colombia\/noticias\/carcel-para-presunto-responsable-de-la-muerte-de-un-nino-de-10-anos-en-atlantico\/\",\"url\":\"https:\/\/www.fiscalia.gov.co\/colombia\/noticias\/carcel-para-presunto-responsable-de-la-muerte-de-un-nino-de-10-anos-en-atlantico\/\",\"name\":\"Fiscal\u00eda General de la Naci\u00f3n\",\"isPartOf\":{\"@id\":\"https:\/\/www.fiscalia.gov.co\/colombia\/#website\"},\"primaryImageOfPage\":{\"@id\":\"https:\/\/www.fiscalia.gov.co\/colombia\/noticias\/carcel-para-presunto-responsable-de-la-muerte-de-un-nino-de-10-anos-en-atlantico\/#primaryimage\"},\"image\":{\"@id\":\"https:\/\/www.fiscalia.gov.co\/colombia\/noticias\/carcel-para-presunto-responsable-de-la-muerte-de-un-nino-de-10-anos-en-atlantico\/#primaryimage\"},\"thumbnailUrl\":\"https:\/\/www.fiscalia.gov.co\/colombia\/wp-content\/uploads\/f02214db-88d9-49ba-86c5-15754b597be0-300x263.jpeg\",\"datePublished\":\"2024-11-28T20:19:53+00:00\",\"dateModified\":\"2024-11-28T20:19:53+00:00\",\"description\":\"P\u00e1gina oficial de la Fiscal\u00eda General de la Naci\u00f3n \u2013 Colombia. Garantizamos el acceso efectivo a la justicia, la verdad y la reparaci\u00f3n de las v\u00edctimas de los delitos.\",\"breadcrumb\":{\"@id\":\"https:\/\/www.fiscalia.gov.co\/colombia\/noticias\/carcel-para-presunto-responsable-de-la-muerte-de-un-nino-de-10-anos-en-atlantico\/#breadcrumb\"},\"inLanguage\":\"es-CO\",\"potentialAction\":[{\"@type\":\"ReadAction\",\"target\":[\"https:\/\/www.fiscalia.gov.co\/colombia\/noticias\/carcel-para-presunto-responsable-de-la-muerte-de-un-nino-de-10-anos-en-atlantico\/\"]}]},{\"@type\":\"ImageObject\",\"inLanguage\":\"es-CO\",\"@id\":\"https:\/\/www.fiscalia.gov.co\/colombia\/noticias\/carcel-para-presunto-responsable-de-la-muerte-de-un-nino-de-10-anos-en-atlantico\/#primaryimage\",\"url\":\"https:\/\/www.fiscalia.gov.co\/colombia\/wp-content\/uploads\/f02214db-88d9-49ba-86c5-15754b597be0.jpeg\",\"contentUrl\":\"https:\/\/www.fiscalia.gov.co\/colombia\/wp-content\/uploads\/f02214db-88d9-49ba-86c5-15754b597be0.jpeg\",\"width\":1008,\"height\":884,\"caption\":\"Fiscal\u00eda judicializ\u00f3 a un hombre que habr\u00eda causado la muerte de un ni\u00f1o de 10 a\u00f1os, en hechos ocurridos el pasado 27 de noviembre, en Malambo (Atl\u00e1ntico).\"},{\"@type\":\"BreadcrumbList\",\"@id\":\"https:\/\/www.fiscalia.gov.co\/colombia\/noticias\/carcel-para-presunto-responsable-de-la-muerte-de-un-nino-de-10-anos-en-atlantico\/#breadcrumb\",\"itemListElement\":[{\"@type\":\"ListItem\",\"position\":1,\"name\":\"Home\",\"item\":\"https:\/\/www.fiscalia.gov.co\/colombia\/\"},{\"@type\":\"ListItem\",\"position\":2,\"name\":\"C\u00e1rcel para presunto responsable de la muerte de un ni\u00f1o de 10 a\u00f1os en Atl\u00e1ntico\"}]},{\"@type\":\"WebSite\",\"@id\":\"https:\/\/www.fiscalia.gov.co\/colombia\/#website\",\"url\":\"https:\/\/www.fiscalia.gov.co\/colombia\/\",\"name\":\"Fiscal\u00eda General de la Naci\u00f3n\",\"description\":\"P\u00e1gina oficial de la Fiscal\u00eda General de la Naci\u00f3n \u2013 Colombia. Garantizamos el acceso efectivo a la justicia, la verdad y la reparaci\u00f3n de las v\u00edctimas de los delitos.\",\"publisher\":{\"@id\":\"https:\/\/www.fiscalia.gov.co\/colombia\/#organization\"},\"potentialAction\":[{\"@type\":\"SearchAction\",\"target\":{\"@type\":\"EntryPoint\",\"urlTemplate\":\"https:\/\/www.fiscalia.gov.co\/colombia\/?s={search_term_string}\"},\"query-input\":{\"@type\":\"PropertyValueSpecification\",\"valueRequired\":true,\"valueName\":\"search_term_string\"}}],\"inLanguage\":\"es-CO\"},{\"@type\":\"Organization\",\"@id\":\"https:\/\/www.fiscalia.gov.co\/colombia\/#organization\",\"name\":\"Fiscal\u00eda General de la Naci\u00f3n\",\"url\":\"https:\/\/www.fiscalia.gov.co\/colombia\/\",\"logo\":{\"@type\":\"ImageObject\",\"inLanguage\":\"es-CO\",\"@id\":\"https:\/\/www.fiscalia.gov.co\/colombia\/#\/schema\/logo\/image\/\",\"url\":\"https:\/\/www.fiscalia.gov.co\/colombia\/wp-content\/uploads\/LogoHorizontal_1.jpg\",\"contentUrl\":\"https:\/\/www.fiscalia.gov.co\/colombia\/wp-content\/uploads\/LogoHorizontal_1.jpg\",\"width\":300,\"height\":90,\"caption\":\"Fiscal\u00eda General de la Naci\u00f3n\"},\"image\":{\"@id\":\"https:\/\/www.fiscalia.gov.co\/colombia\/#\/schema\/logo\/image\/\"},\"sameAs\":[\"https:\/\/www.facebook.com\/FiscaliaCol\",\"https:\/\/x.com\/FiscaliaCol\",\"https:\/\/www.instagram.com\/fiscaliacol\",\"https:\/\/www.linkedin.com\/company\/fiscalia-general-de-la-naci-n\/\",\"https:\/\/youtube.com\/@fiscaliageneraldelanacion-4668?si=6nN79nyQICPU5iTh\"]},{\"@type\":\"Person\",\"@id\":\"https:\/\/www.fiscalia.gov.co\/colombia\/#\/schema\/person\/176195b99ebab0a52aafa15197e1bf80\",\"name\":\"Winnie Geraldine Rodr\u00edguez Navarrete\",\"image\":{\"@type\":\"ImageObject\",\"inLanguage\":\"es-CO\",\"@id\":\"https:\/\/www.fiscalia.gov.co\/colombia\/#\/schema\/person\/image\/\",\"url\":\"https:\/\/secure.gravatar.com\/avatar\/c24cf8481dc84fa5e8c7b20bc95ab0c6?s=96&d=mm&r=g\",\"contentUrl\":\"https:\/\/secure.gravatar.com\/avatar\/c24cf8481dc84fa5e8c7b20bc95ab0c6?s=96&d=mm&r=g\",\"caption\":\"Winnie Geraldine Rodr\u00edguez Navarrete\"},\"url\":\"https:\/\/www.fiscalia.gov.co\/colombia\/author\/winnierodriguez\/\"}]}<\/script>\n<!-- \/ Yoast SEO plugin. -->","yoast_head_json":{"title":"Fiscal\u00eda General de la Naci\u00f3n","description":"P\u00e1gina oficial de la Fiscal\u00eda General de la Naci\u00f3n \u2013 Colombia. Garantizamos el acceso efectivo a la justicia, la verdad y la reparaci\u00f3n de las v\u00edctimas de los delitos.","robots":{"index":"noindex","follow":"follow"},"og_locale":"es_ES","og_type":"article","og_title":"Fiscal\u00eda General de la Naci\u00f3n","og_description":"P\u00e1gina oficial de la Fiscal\u00eda General de la Naci\u00f3n \u2013 Colombia. Garantizamos el acceso efectivo a la justicia, la verdad y la reparaci\u00f3n de las v\u00edctimas de los delitos.","og_url":"https:\/\/www.fiscalia.gov.co\/colombia\/noticias\/carcel-para-presunto-responsable-de-la-muerte-de-un-nino-de-10-anos-en-atlantico\/","og_site_name":"Fiscal\u00eda General de la Naci\u00f3n","article_publisher":"https:\/\/www.facebook.com\/FiscaliaCol","article_published_time":"2024-11-28T20:19:53+00:00","og_image":[{"width":1008,"height":884,"url":"https:\/\/www.fiscalia.gov.co\/colombia\/wp-content\/uploads\/f02214db-88d9-49ba-86c5-15754b597be0.jpeg","type":"image\/jpeg"}],"author":"Winnie Geraldine Rodr\u00edguez Navarrete","twitter_card":"summary_large_image","twitter_creator":"@FiscaliaCol","twitter_site":"@FiscaliaCol","twitter_misc":{"Escrito por":"Winnie Geraldine Rodr\u00edguez Navarrete","Tiempo de lectura":"2 minutos"},"schema":{"@context":"https:\/\/schema.org","@graph":[{"@type":"Article","@id":"https:\/\/www.fiscalia.gov.co\/colombia\/noticias\/carcel-para-presunto-responsable-de-la-muerte-de-un-nino-de-10-anos-en-atlantico\/#article","isPartOf":{"@id":"https:\/\/www.fiscalia.gov.co\/colombia\/noticias\/carcel-para-presunto-responsable-de-la-muerte-de-un-nino-de-10-anos-en-atlantico\/"},"author":{"name":"Winnie Geraldine Rodr\u00edguez Navarrete","@id":"https:\/\/www.fiscalia.gov.co\/colombia\/#\/schema\/person\/176195b99ebab0a52aafa15197e1bf80"},"headline":"C\u00e1rcel para presunto responsable de la muerte de un ni\u00f1o de 10 a\u00f1os en Atl\u00e1ntico","datePublished":"2024-11-28T20:19:53+00:00","dateModified":"2024-11-28T20:19:53+00:00","mainEntityOfPage":{"@id":"https:\/\/www.fiscalia.gov.co\/colombia\/noticias\/carcel-para-presunto-responsable-de-la-muerte-de-un-nino-de-10-anos-en-atlantico\/"},"wordCount":384,"publisher":{"@id":"https:\/\/www.fiscalia.gov.co\/colombia\/#organization"},"image":{"@id":"https:\/\/www.fiscalia.gov.co\/colombia\/noticias\/carcel-para-presunto-responsable-de-la-muerte-de-un-nino-de-10-anos-en-atlantico\/#primaryimage"},"thumbnailUrl":"https:\/\/www.fiscalia.gov.co\/colombia\/wp-content\/uploads\/f02214db-88d9-49ba-86c5-15754b597be0-300x263.jpeg","keywords":["abuela del menor","Arma de fuego","Barranquilla (Atl\u00e1ntico)","Hijo","hijo expareja sentimental","Homicidio","Malambo.","mejor de edad","menor de 10 a\u00f1os","Menores","Muerte","Ni\u00f1os","Seccional Atl\u00e1ntico"],"articleSection":["Noticias","Seguridad territorial"],"inLanguage":"es-CO"},{"@type":"WebPage","@id":"https:\/\/www.fiscalia.gov.co\/colombia\/noticias\/carcel-para-presunto-responsable-de-la-muerte-de-un-nino-de-10-anos-en-atlantico\/","url":"https:\/\/www.fiscalia.gov.co\/colombia\/noticias\/carcel-para-presunto-responsable-de-la-muerte-de-un-nino-de-10-anos-en-atlantico\/","name":"Fiscal\u00eda General de la Naci\u00f3n","isPartOf":{"@id":"https:\/\/www.fiscalia.gov.co\/colombia\/#website"},"primaryImageOfPage":{"@id":"https:\/\/www.fiscalia.gov.co\/colombia\/noticias\/carcel-para-presunto-responsable-de-la-muerte-de-un-nino-de-10-anos-en-atlantico\/#primaryimage"},"image":{"@id":"https:\/\/www.fiscalia.gov.co\/colombia\/noticias\/carcel-para-presunto-responsable-de-la-muerte-de-un-nino-de-10-anos-en-atlantico\/#primaryimage"},"thumbnailUrl":"https:\/\/www.fiscalia.gov.co\/colombia\/wp-content\/uploads\/f02214db-88d9-49ba-86c5-15754b597be0-300x263.jpeg","datePublished":"2024-11-28T20:19:53+00:00","dateModified":"2024-11-28T20:19:53+00:00","description":"P\u00e1gina oficial de la Fiscal\u00eda General de la Naci\u00f3n \u2013 Colombia. Garantizamos el acceso efectivo a la justicia, la verdad y la reparaci\u00f3n de las v\u00edctimas de los delitos.","breadcrumb":{"@id":"https:\/\/www.fiscalia.gov.co\/colombia\/noticias\/carcel-para-presunto-responsable-de-la-muerte-de-un-nino-de-10-anos-en-atlantico\/#breadcrumb"},"inLanguage":"es-CO","potentialAction":[{"@type":"ReadAction","target":["https:\/\/www.fiscalia.gov.co\/colombia\/noticias\/carcel-para-presunto-responsable-de-la-muerte-de-un-nino-de-10-anos-en-atlantico\/"]}]},{"@type":"ImageObject","inLanguage":"es-CO","@id":"https:\/\/www.fiscalia.gov.co\/colombia\/noticias\/carcel-para-presunto-responsable-de-la-muerte-de-un-nino-de-10-anos-en-atlantico\/#primaryimage","url":"https:\/\/www.fiscalia.gov.co\/colombia\/wp-content\/uploads\/f02214db-88d9-49ba-86c5-15754b597be0.jpeg","contentUrl":"https:\/\/www.fiscalia.gov.co\/colombia\/wp-content\/uploads\/f02214db-88d9-49ba-86c5-15754b597be0.jpeg","width":1008,"height":884,"caption":"Fiscal\u00eda judicializ\u00f3 a un hombre que habr\u00eda causado la muerte de un ni\u00f1o de 10 a\u00f1os, en hechos ocurridos el pasado 27 de noviembre, en Malambo (Atl\u00e1ntico)."},{"@type":"BreadcrumbList","@id":"https:\/\/www.fiscalia.gov.co\/colombia\/noticias\/carcel-para-presunto-responsable-de-la-muerte-de-un-nino-de-10-anos-en-atlantico\/#breadcrumb","itemListElement":[{"@type":"ListItem","position":1,"name":"Home","item":"https:\/\/www.fiscalia.gov.co\/colombia\/"},{"@type":"ListItem","position":2,"name":"C\u00e1rcel para presunto responsable de la muerte de un ni\u00f1o de 10 a\u00f1os en Atl\u00e1ntico"}]},{"@type":"WebSite","@id":"https:\/\/www.fiscalia.gov.co\/colombia\/#website","url":"https:\/\/www.fiscalia.gov.co\/colombia\/","name":"Fiscal\u00eda General de la Naci\u00f3n","description":"P\u00e1gina oficial de la Fiscal\u00eda General de la Naci\u00f3n \u2013 Colombia. Garantizamos el acceso efectivo a la justicia, la verdad y la reparaci\u00f3n de las v\u00edctimas de los delitos.","publisher":{"@id":"https:\/\/www.fiscalia.gov.co\/colombia\/#organization"},"potentialAction":[{"@type":"SearchAction","target":{"@type":"EntryPoint","urlTemplate":"https:\/\/www.fiscalia.gov.co\/colombia\/?s={search_term_string}"},"query-input":{"@type":"PropertyValueSpecification","valueRequired":true,"valueName":"search_term_string"}}],"inLanguage":"es-CO"},{"@type":"Organization","@id":"https:\/\/www.fiscalia.gov.co\/colombia\/#organization","name":"Fiscal\u00eda General de la Naci\u00f3n","url":"https:\/\/www.fiscalia.gov.co\/colombia\/","logo":{"@type":"ImageObject","inLanguage":"es-CO","@id":"https:\/\/www.fiscalia.gov.co\/colombia\/#\/schema\/logo\/image\/","url":"https:\/\/www.fiscalia.gov.co\/colombia\/wp-content\/uploads\/LogoHorizontal_1.jpg","contentUrl":"https:\/\/www.fiscalia.gov.co\/colombia\/wp-content\/uploads\/LogoHorizontal_1.jpg","width":300,"height":90,"caption":"Fiscal\u00eda General de la Naci\u00f3n"},"image":{"@id":"https:\/\/www.fiscalia.gov.co\/colombia\/#\/schema\/logo\/image\/"},"sameAs":["https:\/\/www.facebook.com\/FiscaliaCol","https:\/\/x.com\/FiscaliaCol","https:\/\/www.instagram.com\/fiscaliacol","https:\/\/www.linkedin.com\/company\/fiscalia-general-de-la-naci-n\/","https:\/\/youtube.com\/@fiscaliageneraldelanacion-4668?si=6nN79nyQICPU5iTh"]},{"@type":"Person","@id":"https:\/\/www.fiscalia.gov.co\/colombia\/#\/schema\/person\/176195b99ebab0a52aafa15197e1bf80","name":"Winnie Geraldine Rodr\u00edguez Navarrete","image":{"@type":"ImageObject","inLanguage":"es-CO","@id":"https:\/\/www.fiscalia.gov.co\/colombia\/#\/schema\/person\/image\/","url":"https:\/\/secure.gravatar.com\/avatar\/c24cf8481dc84fa5e8c7b20bc95ab0c6?s=96&d=mm&r=g","contentUrl":"https:\/\/secure.gravatar.com\/avatar\/c24cf8481dc84fa5e8c7b20bc95ab0c6?s=96&d=mm&r=g","caption":"Winnie Geraldine Rodr\u00edguez Navarrete"},"url":"https:\/\/www.fiscalia.gov.co\/colombia\/author\/winnierodriguez\/"}]}},"_links":{"self":[{"href":"https:\/\/www.fiscalia.gov.co\/colombia\/wp-json\/wp\/v2\/posts\/306567","targetHints":{"allow":["GET"]}}],"collection":[{"href":"https:\/\/www.fiscalia.gov.co\/colombia\/wp-json\/wp\/v2\/posts"}],"about":[{"href":"https:\/\/www.fiscalia.gov.co\/colombia\/wp-json\/wp\/v2\/types\/post"}],"author":[{"embeddable":true,"href":"https:\/\/www.fiscalia.gov.co\/colombia\/wp-json\/wp\/v2\/users\/178"}],"replies":[{"embeddable":true,"href":"https:\/\/www.fiscalia.gov.co\/colombia\/wp-json\/wp\/v2\/comments?post=306567"}],"version-history":[{"count":1,"href":"https:\/\/www.fiscalia.gov.co\/colombia\/wp-json\/wp\/v2\/posts\/306567\/revisions"}],"predecessor-version":[{"id":306569,"href":"https:\/\/www.fiscalia.gov.co\/colombia\/wp-json\/wp\/v2\/posts\/306567\/revisions\/306569"}],"wp:attachment":[{"href":"https:\/\/www.fiscalia.gov.co\/colombia\/wp-json\/wp\/v2\/media?parent=306567"}],"wp:term":[{"taxonomy":"category","embeddable":true,"href":"https:\/\/www.fiscalia.gov.co\/colombia\/wp-json\/wp\/v2\/categories?post=306567"},{"taxonomy":"post_tag","embeddable":true,"href":"https:\/\/www.fiscalia.gov.co\/colombia\/wp-json\/wp\/v2\/tags?post=306567"}],"curies":[{"name":"wp","href":"https:\/\/api.w.org\/{rel}","templated":true}]}}