{"id":306547,"date":"2024-11-28T11:46:41","date_gmt":"2024-11-28T16:46:41","guid":{"rendered":"https:\/\/www.fiscalia.gov.co\/colombia\/?p=306547"},"modified":"2024-11-28T11:46:41","modified_gmt":"2024-11-28T16:46:41","slug":"en-tolima-fueron-judicializados-siete-excontratistas-senalados-de-haber-presionado-a-varias-personas-para-que-votaran-por-un-dirigente-politico-local","status":"publish","type":"post","link":"https:\/\/www.fiscalia.gov.co\/colombia\/noticias\/en-tolima-fueron-judicializados-siete-excontratistas-senalados-de-haber-presionado-a-varias-personas-para-que-votaran-por-un-dirigente-politico-local\/","title":{"rendered":"En Tolima fueron judicializados siete excontratistas se\u00f1alados de haber presionado a varias personas para que votaran por un dirigente pol\u00edtico local"},"content":{"rendered":"<h4 style=\"font-weight: 400; text-align: center;\"><strong><em>Para la \u00e9poca de los hechos, los investigados habr\u00edan ejercido cargos como gerencia, jefatura de facturaci\u00f3n, consulta externa y enfermer\u00eda, coordinaci\u00f3n de servicios generales, jefe de almac\u00e9n y un representante legal de una empresa de servicio de aseo.<\/em><\/strong><\/h4>\n<p style=\"font-weight: 400;\">Ante un juez de control de garant\u00edas, la Fiscal\u00eda General de la Naci\u00f3n formul\u00f3 imputaci\u00f3n de cargos en contra de <strong>siete excontratistas del hospital local del municipio del L\u00edbano (Tolima), como presuntos responsables del delito de constre\u00f1imiento al sufragante.<\/strong> Cargo que no fue aceptado por ninguno de los investigados.<\/p>\n<p style=\"font-weight: 400;\">De acuerdo con la investigaci\u00f3n, los hechos ocurrieron durante octubre de 2023, cuando quien fung\u00eda como gerente del centro m\u00e9dico para la \u00e9poca, en\u00a0coordinaci\u00f3n\u00a0con los otros judicializados,\u00a0al parecer,<strong>\u00a0presion\u00f3\u00a0a los empleados y contratistas de\u00a0la instituci\u00f3n hospitalaria\u00a0para que votaran por\u00a0un\u00a0candidato a la alcald\u00eda de dicho municipio, so pena de perder sus trabajos.<\/strong><\/p>\n<p style=\"font-weight: 400;\">Adem\u00e1s,\u00a0estas personas,\u00a0presuntamente, utilizaron herramientas digitales y mensajer\u00eda instant\u00e1nea para crear grupos de difusi\u00f3n, en los cuales enviaban\u00a0 instructivos de c\u00f3mo deb\u00edan votar por el candidato local. Se presume que eran obligados a asistir a varias reuniones, amenaz\u00e1ndolos con terminar\u00a0con los contratos laborales.<\/p>\n<p style=\"font-weight: 400;\">Con la investigaci\u00f3n se evidenci\u00f3 que,\u00a0en varias ocasiones, algunas dependencias del centro m\u00e9dico, como la Unidad de Cuidados Intensivos (UCI) y la sala de gerencia fueron utilizadas para convocar a los contratistas.\u00a0En dichas reuniones\u00a0les quitaban los celulares para no dejar evidencias, reiter\u00e1ndoles\u00a0que deb\u00edan votar por ese\u00a0dirigente pol\u00edtico, de lo contrario,\u00a0\u00a0prescindir\u00edan\u00a0de sus servicios.<\/p>\n<p style=\"font-weight: 400;\">Ninguno de los imputados fue objeto de medida de aseguramiento, sin embargo, contin\u00faan vinculados al proceso.<\/p>\n<p style=\"font-weight: 400;\">\n<p>&nbsp;<\/p>\n<p>&nbsp;<\/p>\n<p style=\"font-weight: 400;\">WAGG\/LMFO\/EISP\/CA\/DST<\/p>\n<p style=\"font-weight: 400;\">\n<p>&nbsp;<\/p>\n<p>&nbsp;<\/p>\n<p><em>La informaci\u00f3n contenida en este bolet\u00edn de prensa corresponde a la narraci\u00f3n de los hechos noticiosos objetivos, suministrados por los funcionarios encargados de adelantar las investigaciones penales al interior de la Fiscal\u00eda General de la Naci\u00f3n. Para el momento de la divulgaci\u00f3n de este comunicado, la situaci\u00f3n jur\u00eddica de la(s) persona(s) relacionada(s) se encuentra pendiente de resolver por la autoridad judicial competente, siempre bajo los preceptos de la presunci\u00f3n de inocencia, consagrados en el art\u00edculo 29 de la Constituci\u00f3n Pol\u00edtica y el art\u00edculo 7\u00ba de la Ley 906 de 2004.<\/em><\/p>\n\n<div class=\"twitter-share\"><a href=\"https:\/\/twitter.com\/intent\/tweet?via=fiscaliacol\" class=\"twitter-share-button\">Tweet<\/a><\/div>\n","protected":false},"excerpt":{"rendered":"<p>Para la \u00e9poca de los hechos, los investigados habr\u00edan ejercido cargos como gerencia, jefatura de facturaci\u00f3n, consulta externa y enfermer\u00eda, coordinaci\u00f3n de servicios generales, jefe de almac\u00e9n y un representante legal de una empresa de servicio de aseo. Ante un juez de control de garant\u00edas, la Fiscal\u00eda General de la Naci\u00f3n formul\u00f3 imputaci\u00f3n de cargos [&hellip;]<\/p>\n","protected":false},"author":178,"featured_media":0,"comment_status":"closed","ping_status":"open","sticky":false,"template":"","format":"standard","meta":{"_price":"","_stock":"","_tribe_ticket_header":"","_tribe_default_ticket_provider":"","_tribe_ticket_capacity":"0","_ticket_start_date":"","_ticket_end_date":"","_tribe_ticket_show_description":"","_tribe_ticket_show_not_going":false,"_tribe_ticket_use_global_stock":"","_tribe_ticket_global_stock_level":"","_global_stock_mode":"","_global_stock_cap":"","_tribe_rsvp_for_event":"","_tribe_ticket_going_count":"","_tribe_ticket_not_going_count":"","_tribe_tickets_list":"[]","_tribe_ticket_has_attendee_info_fields":false,"tdm_status":"","tdm_grid_status":"","footnotes":""},"categories":[1],"tags":[427,37492,1047,32292],"class_list":{"0":"post-306547","1":"post","2":"type-post","3":"status-publish","4":"format-standard","6":"category-noticias","7":"tag-corrupcion","8":"tag-fiscal-luz-adriana-camargo","9":"tag-fiscalia-general-de-la-nacion","10":"tag-libano-tolima"},"yoast_head":"<!-- This site is optimized with the Yoast SEO plugin v24.3 - https:\/\/yoast.com\/wordpress\/plugins\/seo\/ -->\n<title>Fiscal\u00eda General de la Naci\u00f3n<\/title>\n<meta name=\"description\" content=\"P\u00e1gina oficial de la Fiscal\u00eda General de la Naci\u00f3n \u2013 Colombia. Garantizamos el acceso efectivo a la justicia, la verdad y la reparaci\u00f3n de las v\u00edctimas de los delitos.\" \/>\n<meta name=\"robots\" content=\"noindex, follow\" \/>\n<meta property=\"og:locale\" content=\"es_ES\" \/>\n<meta property=\"og:type\" content=\"article\" \/>\n<meta property=\"og:title\" content=\"Fiscal\u00eda General de la Naci\u00f3n\" \/>\n<meta property=\"og:description\" content=\"P\u00e1gina oficial de la Fiscal\u00eda General de la Naci\u00f3n \u2013 Colombia. Garantizamos el acceso efectivo a la justicia, la verdad y la reparaci\u00f3n de las v\u00edctimas de los delitos.\" \/>\n<meta property=\"og:url\" content=\"https:\/\/www.fiscalia.gov.co\/colombia\/noticias\/en-tolima-fueron-judicializados-siete-excontratistas-senalados-de-haber-presionado-a-varias-personas-para-que-votaran-por-un-dirigente-politico-local\/\" \/>\n<meta property=\"og:site_name\" content=\"Fiscal\u00eda General de la Naci\u00f3n\" \/>\n<meta property=\"article:publisher\" content=\"https:\/\/www.facebook.com\/FiscaliaCol\" \/>\n<meta property=\"article:published_time\" content=\"2024-11-28T16:46:41+00:00\" \/>\n<meta name=\"author\" content=\"Winnie Geraldine Rodr\u00edguez Navarrete\" \/>\n<meta name=\"twitter:card\" content=\"summary_large_image\" \/>\n<meta name=\"twitter:creator\" content=\"@FiscaliaCol\" \/>\n<meta name=\"twitter:site\" content=\"@FiscaliaCol\" \/>\n<meta name=\"twitter:label1\" content=\"Escrito por\" \/>\n\t<meta name=\"twitter:data1\" content=\"Winnie Geraldine Rodr\u00edguez Navarrete\" \/>\n\t<meta name=\"twitter:label2\" content=\"Tiempo de lectura\" \/>\n\t<meta name=\"twitter:data2\" content=\"2 minutos\" \/>\n<script type=\"application\/ld+json\" class=\"yoast-schema-graph\">{\"@context\":\"https:\/\/schema.org\",\"@graph\":[{\"@type\":\"Article\",\"@id\":\"https:\/\/www.fiscalia.gov.co\/colombia\/noticias\/en-tolima-fueron-judicializados-siete-excontratistas-senalados-de-haber-presionado-a-varias-personas-para-que-votaran-por-un-dirigente-politico-local\/#article\",\"isPartOf\":{\"@id\":\"https:\/\/www.fiscalia.gov.co\/colombia\/noticias\/en-tolima-fueron-judicializados-siete-excontratistas-senalados-de-haber-presionado-a-varias-personas-para-que-votaran-por-un-dirigente-politico-local\/\"},\"author\":{\"name\":\"Winnie Geraldine Rodr\u00edguez Navarrete\",\"@id\":\"https:\/\/www.fiscalia.gov.co\/colombia\/#\/schema\/person\/176195b99ebab0a52aafa15197e1bf80\"},\"headline\":\"En Tolima fueron judicializados siete excontratistas se\u00f1alados de haber presionado a varias personas para que votaran por un dirigente pol\u00edtico local\",\"datePublished\":\"2024-11-28T16:46:41+00:00\",\"dateModified\":\"2024-11-28T16:46:41+00:00\",\"mainEntityOfPage\":{\"@id\":\"https:\/\/www.fiscalia.gov.co\/colombia\/noticias\/en-tolima-fueron-judicializados-siete-excontratistas-senalados-de-haber-presionado-a-varias-personas-para-que-votaran-por-un-dirigente-politico-local\/\"},\"wordCount\":430,\"publisher\":{\"@id\":\"https:\/\/www.fiscalia.gov.co\/colombia\/#organization\"},\"keywords\":[\"Corrupci\u00f3n\",\"Fiscal Luz Adriana Camargo\",\"Fiscal\u00eda General de la Naci\u00f3n\",\"L\u00edbano (Tolima)\"],\"articleSection\":[\"Noticias\"],\"inLanguage\":\"es-CO\"},{\"@type\":\"WebPage\",\"@id\":\"https:\/\/www.fiscalia.gov.co\/colombia\/noticias\/en-tolima-fueron-judicializados-siete-excontratistas-senalados-de-haber-presionado-a-varias-personas-para-que-votaran-por-un-dirigente-politico-local\/\",\"url\":\"https:\/\/www.fiscalia.gov.co\/colombia\/noticias\/en-tolima-fueron-judicializados-siete-excontratistas-senalados-de-haber-presionado-a-varias-personas-para-que-votaran-por-un-dirigente-politico-local\/\",\"name\":\"Fiscal\u00eda General de la Naci\u00f3n\",\"isPartOf\":{\"@id\":\"https:\/\/www.fiscalia.gov.co\/colombia\/#website\"},\"datePublished\":\"2024-11-28T16:46:41+00:00\",\"dateModified\":\"2024-11-28T16:46:41+00:00\",\"description\":\"P\u00e1gina oficial de la Fiscal\u00eda General de la Naci\u00f3n \u2013 Colombia. Garantizamos el acceso efectivo a la justicia, la verdad y la reparaci\u00f3n de las v\u00edctimas de los delitos.\",\"breadcrumb\":{\"@id\":\"https:\/\/www.fiscalia.gov.co\/colombia\/noticias\/en-tolima-fueron-judicializados-siete-excontratistas-senalados-de-haber-presionado-a-varias-personas-para-que-votaran-por-un-dirigente-politico-local\/#breadcrumb\"},\"inLanguage\":\"es-CO\",\"potentialAction\":[{\"@type\":\"ReadAction\",\"target\":[\"https:\/\/www.fiscalia.gov.co\/colombia\/noticias\/en-tolima-fueron-judicializados-siete-excontratistas-senalados-de-haber-presionado-a-varias-personas-para-que-votaran-por-un-dirigente-politico-local\/\"]}]},{\"@type\":\"BreadcrumbList\",\"@id\":\"https:\/\/www.fiscalia.gov.co\/colombia\/noticias\/en-tolima-fueron-judicializados-siete-excontratistas-senalados-de-haber-presionado-a-varias-personas-para-que-votaran-por-un-dirigente-politico-local\/#breadcrumb\",\"itemListElement\":[{\"@type\":\"ListItem\",\"position\":1,\"name\":\"Home\",\"item\":\"https:\/\/www.fiscalia.gov.co\/colombia\/\"},{\"@type\":\"ListItem\",\"position\":2,\"name\":\"En Tolima fueron judicializados siete excontratistas se\u00f1alados de haber presionado a varias personas para que votaran por un dirigente pol\u00edtico local\"}]},{\"@type\":\"WebSite\",\"@id\":\"https:\/\/www.fiscalia.gov.co\/colombia\/#website\",\"url\":\"https:\/\/www.fiscalia.gov.co\/colombia\/\",\"name\":\"Fiscal\u00eda General de la Naci\u00f3n\",\"description\":\"P\u00e1gina oficial de la Fiscal\u00eda General de la Naci\u00f3n \u2013 Colombia. Garantizamos el acceso efectivo a la justicia, la verdad y la reparaci\u00f3n de las v\u00edctimas de los delitos.\",\"publisher\":{\"@id\":\"https:\/\/www.fiscalia.gov.co\/colombia\/#organization\"},\"potentialAction\":[{\"@type\":\"SearchAction\",\"target\":{\"@type\":\"EntryPoint\",\"urlTemplate\":\"https:\/\/www.fiscalia.gov.co\/colombia\/?s={search_term_string}\"},\"query-input\":{\"@type\":\"PropertyValueSpecification\",\"valueRequired\":true,\"valueName\":\"search_term_string\"}}],\"inLanguage\":\"es-CO\"},{\"@type\":\"Organization\",\"@id\":\"https:\/\/www.fiscalia.gov.co\/colombia\/#organization\",\"name\":\"Fiscal\u00eda General de la Naci\u00f3n\",\"url\":\"https:\/\/www.fiscalia.gov.co\/colombia\/\",\"logo\":{\"@type\":\"ImageObject\",\"inLanguage\":\"es-CO\",\"@id\":\"https:\/\/www.fiscalia.gov.co\/colombia\/#\/schema\/logo\/image\/\",\"url\":\"https:\/\/www.fiscalia.gov.co\/colombia\/wp-content\/uploads\/LogoHorizontal_1.jpg\",\"contentUrl\":\"https:\/\/www.fiscalia.gov.co\/colombia\/wp-content\/uploads\/LogoHorizontal_1.jpg\",\"width\":300,\"height\":90,\"caption\":\"Fiscal\u00eda General de la Naci\u00f3n\"},\"image\":{\"@id\":\"https:\/\/www.fiscalia.gov.co\/colombia\/#\/schema\/logo\/image\/\"},\"sameAs\":[\"https:\/\/www.facebook.com\/FiscaliaCol\",\"https:\/\/x.com\/FiscaliaCol\",\"https:\/\/www.instagram.com\/fiscaliacol\",\"https:\/\/www.linkedin.com\/company\/fiscalia-general-de-la-naci-n\/\",\"https:\/\/youtube.com\/@fiscaliageneraldelanacion-4668?si=6nN79nyQICPU5iTh\"]},{\"@type\":\"Person\",\"@id\":\"https:\/\/www.fiscalia.gov.co\/colombia\/#\/schema\/person\/176195b99ebab0a52aafa15197e1bf80\",\"name\":\"Winnie Geraldine Rodr\u00edguez Navarrete\",\"image\":{\"@type\":\"ImageObject\",\"inLanguage\":\"es-CO\",\"@id\":\"https:\/\/www.fiscalia.gov.co\/colombia\/#\/schema\/person\/image\/\",\"url\":\"https:\/\/secure.gravatar.com\/avatar\/c24cf8481dc84fa5e8c7b20bc95ab0c6?s=96&d=mm&r=g\",\"contentUrl\":\"https:\/\/secure.gravatar.com\/avatar\/c24cf8481dc84fa5e8c7b20bc95ab0c6?s=96&d=mm&r=g\",\"caption\":\"Winnie Geraldine Rodr\u00edguez Navarrete\"},\"url\":\"https:\/\/www.fiscalia.gov.co\/colombia\/author\/winnierodriguez\/\"}]}<\/script>\n<!-- \/ Yoast SEO plugin. -->","yoast_head_json":{"title":"Fiscal\u00eda General de la Naci\u00f3n","description":"P\u00e1gina oficial de la Fiscal\u00eda General de la Naci\u00f3n \u2013 Colombia. Garantizamos el acceso efectivo a la justicia, la verdad y la reparaci\u00f3n de las v\u00edctimas de los delitos.","robots":{"index":"noindex","follow":"follow"},"og_locale":"es_ES","og_type":"article","og_title":"Fiscal\u00eda General de la Naci\u00f3n","og_description":"P\u00e1gina oficial de la Fiscal\u00eda General de la Naci\u00f3n \u2013 Colombia. Garantizamos el acceso efectivo a la justicia, la verdad y la reparaci\u00f3n de las v\u00edctimas de los delitos.","og_url":"https:\/\/www.fiscalia.gov.co\/colombia\/noticias\/en-tolima-fueron-judicializados-siete-excontratistas-senalados-de-haber-presionado-a-varias-personas-para-que-votaran-por-un-dirigente-politico-local\/","og_site_name":"Fiscal\u00eda General de la Naci\u00f3n","article_publisher":"https:\/\/www.facebook.com\/FiscaliaCol","article_published_time":"2024-11-28T16:46:41+00:00","author":"Winnie Geraldine Rodr\u00edguez Navarrete","twitter_card":"summary_large_image","twitter_creator":"@FiscaliaCol","twitter_site":"@FiscaliaCol","twitter_misc":{"Escrito por":"Winnie Geraldine Rodr\u00edguez Navarrete","Tiempo de lectura":"2 minutos"},"schema":{"@context":"https:\/\/schema.org","@graph":[{"@type":"Article","@id":"https:\/\/www.fiscalia.gov.co\/colombia\/noticias\/en-tolima-fueron-judicializados-siete-excontratistas-senalados-de-haber-presionado-a-varias-personas-para-que-votaran-por-un-dirigente-politico-local\/#article","isPartOf":{"@id":"https:\/\/www.fiscalia.gov.co\/colombia\/noticias\/en-tolima-fueron-judicializados-siete-excontratistas-senalados-de-haber-presionado-a-varias-personas-para-que-votaran-por-un-dirigente-politico-local\/"},"author":{"name":"Winnie Geraldine Rodr\u00edguez Navarrete","@id":"https:\/\/www.fiscalia.gov.co\/colombia\/#\/schema\/person\/176195b99ebab0a52aafa15197e1bf80"},"headline":"En Tolima fueron judicializados siete excontratistas se\u00f1alados de haber presionado a varias personas para que votaran por un dirigente pol\u00edtico local","datePublished":"2024-11-28T16:46:41+00:00","dateModified":"2024-11-28T16:46:41+00:00","mainEntityOfPage":{"@id":"https:\/\/www.fiscalia.gov.co\/colombia\/noticias\/en-tolima-fueron-judicializados-siete-excontratistas-senalados-de-haber-presionado-a-varias-personas-para-que-votaran-por-un-dirigente-politico-local\/"},"wordCount":430,"publisher":{"@id":"https:\/\/www.fiscalia.gov.co\/colombia\/#organization"},"keywords":["Corrupci\u00f3n","Fiscal Luz Adriana Camargo","Fiscal\u00eda General de la Naci\u00f3n","L\u00edbano (Tolima)"],"articleSection":["Noticias"],"inLanguage":"es-CO"},{"@type":"WebPage","@id":"https:\/\/www.fiscalia.gov.co\/colombia\/noticias\/en-tolima-fueron-judicializados-siete-excontratistas-senalados-de-haber-presionado-a-varias-personas-para-que-votaran-por-un-dirigente-politico-local\/","url":"https:\/\/www.fiscalia.gov.co\/colombia\/noticias\/en-tolima-fueron-judicializados-siete-excontratistas-senalados-de-haber-presionado-a-varias-personas-para-que-votaran-por-un-dirigente-politico-local\/","name":"Fiscal\u00eda General de la Naci\u00f3n","isPartOf":{"@id":"https:\/\/www.fiscalia.gov.co\/colombia\/#website"},"datePublished":"2024-11-28T16:46:41+00:00","dateModified":"2024-11-28T16:46:41+00:00","description":"P\u00e1gina oficial de la Fiscal\u00eda General de la Naci\u00f3n \u2013 Colombia. Garantizamos el acceso efectivo a la justicia, la verdad y la reparaci\u00f3n de las v\u00edctimas de los delitos.","breadcrumb":{"@id":"https:\/\/www.fiscalia.gov.co\/colombia\/noticias\/en-tolima-fueron-judicializados-siete-excontratistas-senalados-de-haber-presionado-a-varias-personas-para-que-votaran-por-un-dirigente-politico-local\/#breadcrumb"},"inLanguage":"es-CO","potentialAction":[{"@type":"ReadAction","target":["https:\/\/www.fiscalia.gov.co\/colombia\/noticias\/en-tolima-fueron-judicializados-siete-excontratistas-senalados-de-haber-presionado-a-varias-personas-para-que-votaran-por-un-dirigente-politico-local\/"]}]},{"@type":"BreadcrumbList","@id":"https:\/\/www.fiscalia.gov.co\/colombia\/noticias\/en-tolima-fueron-judicializados-siete-excontratistas-senalados-de-haber-presionado-a-varias-personas-para-que-votaran-por-un-dirigente-politico-local\/#breadcrumb","itemListElement":[{"@type":"ListItem","position":1,"name":"Home","item":"https:\/\/www.fiscalia.gov.co\/colombia\/"},{"@type":"ListItem","position":2,"name":"En Tolima fueron judicializados siete excontratistas se\u00f1alados de haber presionado a varias personas para que votaran por un dirigente pol\u00edtico local"}]},{"@type":"WebSite","@id":"https:\/\/www.fiscalia.gov.co\/colombia\/#website","url":"https:\/\/www.fiscalia.gov.co\/colombia\/","name":"Fiscal\u00eda General de la Naci\u00f3n","description":"P\u00e1gina oficial de la Fiscal\u00eda General de la Naci\u00f3n \u2013 Colombia. Garantizamos el acceso efectivo a la justicia, la verdad y la reparaci\u00f3n de las v\u00edctimas de los delitos.","publisher":{"@id":"https:\/\/www.fiscalia.gov.co\/colombia\/#organization"},"potentialAction":[{"@type":"SearchAction","target":{"@type":"EntryPoint","urlTemplate":"https:\/\/www.fiscalia.gov.co\/colombia\/?s={search_term_string}"},"query-input":{"@type":"PropertyValueSpecification","valueRequired":true,"valueName":"search_term_string"}}],"inLanguage":"es-CO"},{"@type":"Organization","@id":"https:\/\/www.fiscalia.gov.co\/colombia\/#organization","name":"Fiscal\u00eda General de la Naci\u00f3n","url":"https:\/\/www.fiscalia.gov.co\/colombia\/","logo":{"@type":"ImageObject","inLanguage":"es-CO","@id":"https:\/\/www.fiscalia.gov.co\/colombia\/#\/schema\/logo\/image\/","url":"https:\/\/www.fiscalia.gov.co\/colombia\/wp-content\/uploads\/LogoHorizontal_1.jpg","contentUrl":"https:\/\/www.fiscalia.gov.co\/colombia\/wp-content\/uploads\/LogoHorizontal_1.jpg","width":300,"height":90,"caption":"Fiscal\u00eda General de la Naci\u00f3n"},"image":{"@id":"https:\/\/www.fiscalia.gov.co\/colombia\/#\/schema\/logo\/image\/"},"sameAs":["https:\/\/www.facebook.com\/FiscaliaCol","https:\/\/x.com\/FiscaliaCol","https:\/\/www.instagram.com\/fiscaliacol","https:\/\/www.linkedin.com\/company\/fiscalia-general-de-la-naci-n\/","https:\/\/youtube.com\/@fiscaliageneraldelanacion-4668?si=6nN79nyQICPU5iTh"]},{"@type":"Person","@id":"https:\/\/www.fiscalia.gov.co\/colombia\/#\/schema\/person\/176195b99ebab0a52aafa15197e1bf80","name":"Winnie Geraldine Rodr\u00edguez Navarrete","image":{"@type":"ImageObject","inLanguage":"es-CO","@id":"https:\/\/www.fiscalia.gov.co\/colombia\/#\/schema\/person\/image\/","url":"https:\/\/secure.gravatar.com\/avatar\/c24cf8481dc84fa5e8c7b20bc95ab0c6?s=96&d=mm&r=g","contentUrl":"https:\/\/secure.gravatar.com\/avatar\/c24cf8481dc84fa5e8c7b20bc95ab0c6?s=96&d=mm&r=g","caption":"Winnie Geraldine Rodr\u00edguez Navarrete"},"url":"https:\/\/www.fiscalia.gov.co\/colombia\/author\/winnierodriguez\/"}]}},"_links":{"self":[{"href":"https:\/\/www.fiscalia.gov.co\/colombia\/wp-json\/wp\/v2\/posts\/306547","targetHints":{"allow":["GET"]}}],"collection":[{"href":"https:\/\/www.fiscalia.gov.co\/colombia\/wp-json\/wp\/v2\/posts"}],"about":[{"href":"https:\/\/www.fiscalia.gov.co\/colombia\/wp-json\/wp\/v2\/types\/post"}],"author":[{"embeddable":true,"href":"https:\/\/www.fiscalia.gov.co\/colombia\/wp-json\/wp\/v2\/users\/178"}],"replies":[{"embeddable":true,"href":"https:\/\/www.fiscalia.gov.co\/colombia\/wp-json\/wp\/v2\/comments?post=306547"}],"version-history":[{"count":2,"href":"https:\/\/www.fiscalia.gov.co\/colombia\/wp-json\/wp\/v2\/posts\/306547\/revisions"}],"predecessor-version":[{"id":306549,"href":"https:\/\/www.fiscalia.gov.co\/colombia\/wp-json\/wp\/v2\/posts\/306547\/revisions\/306549"}],"wp:attachment":[{"href":"https:\/\/www.fiscalia.gov.co\/colombia\/wp-json\/wp\/v2\/media?parent=306547"}],"wp:term":[{"taxonomy":"category","embeddable":true,"href":"https:\/\/www.fiscalia.gov.co\/colombia\/wp-json\/wp\/v2\/categories?post=306547"},{"taxonomy":"post_tag","embeddable":true,"href":"https:\/\/www.fiscalia.gov.co\/colombia\/wp-json\/wp\/v2\/tags?post=306547"}],"curies":[{"name":"wp","href":"https:\/\/api.w.org\/{rel}","templated":true}]}}