{"id":306529,"date":"2024-11-28T10:31:29","date_gmt":"2024-11-28T15:31:29","guid":{"rendered":"https:\/\/www.fiscalia.gov.co\/colombia\/?p=306529"},"modified":"2024-11-28T11:50:28","modified_gmt":"2024-11-28T16:50:28","slug":"concurso-de-meritos-fgn-2022-boletin-informativo-no-31","status":"publish","type":"post","link":"https:\/\/www.fiscalia.gov.co\/colombia\/noticias\/concurso-de-meritos-fgn-2022-boletin-informativo-no-31\/","title":{"rendered":"Concurso de M\u00e9ritos FGN 2022 &#8211; Bolet\u00edn Informativo No. 31"},"content":{"rendered":"<p style=\"font-weight: 400;\">La Fiscal\u00eda General de la Naci\u00f3n informa que en sesi\u00f3n del\u00a025 de noviembre\u00a0de 2024, la Comisi\u00f3n de la Carrera Especial aprob\u00f3 la recomposici\u00f3n de las listas de elegibles conformadas mediante las resoluciones relacionadas a continuaci\u00f3n:<\/p>\n<ul>\n<li style=\"font-weight: 400;\">Resoluci\u00f3n No. 0008 del 15 de febrero de 2024, modificada por la Resoluci\u00f3n No. 0098 del 12 de junio de 2024, para el empleo\u00a0<strong>FISCAL DELEGADO ANTE JUECES PENALES DE CIRCUITO ESPECIALIZADOS,<\/strong>\u00a0identificado con el c\u00f3digo\u00a0<strong>OPECE A-101-01-(20)<\/strong>.\u00a0 <strong>\u00a0<\/strong><\/li>\n<\/ul>\n<ul>\n<li style=\"font-weight: 400;\">Resoluci\u00f3n No. 0016 del 15 de febrero de 2024, para el empleo<strong>\u00a0INVESTIGADOR EXPERTO,\u00a0<\/strong>identificado con el c\u00f3digo<strong> OPECE I-104-02-(7).<\/strong><\/li>\n<\/ul>\n<ul>\n<li style=\"font-weight: 400;\">Resoluci\u00f3n No. 0063 del 15 de febrero de 2024, modificada por las Resoluciones No. 0102 del 12 de junio de 2024,\u00a0 No. 0108 del 08 de julio de 2024 y No. 0113 del 01 de agosto de 2024, para el empleo\u00a0<strong>ASISTENTE DE FISCAL II<\/strong><strong>,<\/strong>\u00a0identificado con el c\u00f3digo\u00a0<strong>OPECE A<\/strong>\u00a0<strong>I-204-01-(131)<\/strong>.\u00a0<strong>\u00a0<\/strong><\/li>\n<\/ul>\n<ul>\n<li style=\"font-weight: 400;\">Resoluci\u00f3n No. 0080 del 19 de marzo de 2024, modificada por las Resoluciones No. 0085 del 24 de abril de 2024, No. 0092 del 14 de mayo de 2024 y No. 0104 del 12 de junio de 2024, para el empleo\u00a0<strong>FISCAL DELEGADO ANTE JUECES DE CIRCUITO<\/strong><strong>,<\/strong>\u00a0identificado con el c\u00f3digo\u00a0<strong>OPECE I-102-01-(134)<\/strong>.\u00a0 <strong>\u00a0<\/strong><\/li>\n<\/ul>\n<ul>\n<li style=\"font-weight: 400;\">Resoluci\u00f3n No. 0015 del 15 de febrero de 2024, modificada por la Resoluci\u00f3n No. 0118 del 12 de agosto de 2024, para el empleo\u00a0<strong>T\u00c9CNICO INVESTIGADOR II,<\/strong>\u00a0identificado con el c\u00f3digo\u00a0<strong>OPECE A-214-02-(86<\/strong>.\u00a0<strong>\u00a0<\/strong><\/li>\n<\/ul>\n<p style=\"font-weight: 400;\">Por lo anterior, a partir de la fecha, los actos administrativos respectivos se encuentran publicados en la p\u00e1gina web de la FGN\u00a0<u><a href=\"http:\/\/www.fiscalia.gov.co\/\" data-saferedirecturl=\"https:\/\/www.google.com\/url?q=http:\/\/www.fiscalia.gov.co\/&amp;source=gmail&amp;ust=1732893350801000&amp;usg=AOvVaw0KnQT58UrZxDe7hpFWeNhe\">www.fiscalia.gov.co<\/a><\/u>\u00a0en el bot\u00f3n &#8220;<a href=\"https:\/\/www.fiscalia.gov.co\/colombia\/la-entidad\/ofertas-de-empleo\/listas-de-elegibles-concurso-de-meritos-ascenso-e-ingreso-1-056-vacantes-fgn-2022\/\" target=\"_blank\" rel=\"noopener\"><strong>Listas de Elegibles<\/strong><\/a>&#8220;.<\/p>\n\n<div class=\"twitter-share\"><a href=\"https:\/\/twitter.com\/intent\/tweet?via=fiscaliacol\" class=\"twitter-share-button\">Tweet<\/a><\/div>\n","protected":false},"excerpt":{"rendered":"<p>La Fiscal\u00eda General de la Naci\u00f3n informa que en sesi\u00f3n del\u00a025 de noviembre\u00a0de 2024, la Comisi\u00f3n de la Carrera Especial aprob\u00f3 la recomposici\u00f3n de las listas de elegibles conformadas mediante las resoluciones relacionadas a continuaci\u00f3n: Resoluci\u00f3n No. 0008 del 15 de febrero de 2024, modificada por la Resoluci\u00f3n No. 0098 del 12 de junio de [&hellip;]<\/p>\n","protected":false},"author":175,"featured_media":0,"comment_status":"closed","ping_status":"open","sticky":false,"template":"","format":"standard","meta":{"_price":"","_stock":"","_tribe_ticket_header":"","_tribe_default_ticket_provider":"","_tribe_ticket_capacity":"0","_ticket_start_date":"","_ticket_end_date":"","_tribe_ticket_show_description":"","_tribe_ticket_show_not_going":false,"_tribe_ticket_use_global_stock":"","_tribe_ticket_global_stock_level":"","_global_stock_mode":"","_global_stock_cap":"","_tribe_rsvp_for_event":"","_tribe_ticket_going_count":"","_tribe_ticket_not_going_count":"","_tribe_tickets_list":"[]","_tribe_ticket_has_attendee_info_fields":false,"tdm_status":"","tdm_grid_status":"","footnotes":""},"categories":[1],"tags":[35012,37491,37892,37500],"class_list":{"0":"post-306529","1":"post","2":"type-post","3":"status-publish","4":"format-standard","6":"category-noticias","7":"tag-concurso-de-meritos-fiscalia","8":"tag-fiscal-camargo","9":"tag-fiscal-luz-adriana-camargo-garzon","10":"tag-luz-adriana-camargo-garzon"},"yoast_head":"<!-- This site is optimized with the Yoast SEO plugin v24.3 - https:\/\/yoast.com\/wordpress\/plugins\/seo\/ -->\n<title>Fiscal\u00eda General de la Naci\u00f3n<\/title>\n<meta name=\"description\" content=\"P\u00e1gina oficial de la Fiscal\u00eda General de la Naci\u00f3n \u2013 Colombia. Garantizamos el acceso efectivo a la justicia, la verdad y la reparaci\u00f3n de las v\u00edctimas de los delitos.\" \/>\n<meta name=\"robots\" content=\"noindex, follow\" \/>\n<meta property=\"og:locale\" content=\"es_ES\" \/>\n<meta property=\"og:type\" content=\"article\" \/>\n<meta property=\"og:title\" content=\"Fiscal\u00eda General de la Naci\u00f3n\" \/>\n<meta property=\"og:description\" content=\"P\u00e1gina oficial de la Fiscal\u00eda General de la Naci\u00f3n \u2013 Colombia. Garantizamos el acceso efectivo a la justicia, la verdad y la reparaci\u00f3n de las v\u00edctimas de los delitos.\" \/>\n<meta property=\"og:url\" content=\"https:\/\/www.fiscalia.gov.co\/colombia\/noticias\/concurso-de-meritos-fgn-2022-boletin-informativo-no-31\/\" \/>\n<meta property=\"og:site_name\" content=\"Fiscal\u00eda General de la Naci\u00f3n\" \/>\n<meta property=\"article:publisher\" content=\"https:\/\/www.facebook.com\/FiscaliaCol\" \/>\n<meta property=\"article:published_time\" content=\"2024-11-28T15:31:29+00:00\" \/>\n<meta property=\"article:modified_time\" content=\"2024-11-28T16:50:28+00:00\" \/>\n<meta name=\"author\" content=\"Katherine Loaiza Mart\u00ednez\" \/>\n<meta name=\"twitter:card\" content=\"summary_large_image\" \/>\n<meta name=\"twitter:creator\" content=\"@FiscaliaCol\" \/>\n<meta name=\"twitter:site\" content=\"@FiscaliaCol\" \/>\n<meta name=\"twitter:label1\" content=\"Escrito por\" \/>\n\t<meta name=\"twitter:data1\" content=\"Katherine Loaiza Mart\u00ednez\" \/>\n\t<meta name=\"twitter:label2\" content=\"Tiempo de lectura\" \/>\n\t<meta name=\"twitter:data2\" content=\"2 minutos\" \/>\n<script type=\"application\/ld+json\" class=\"yoast-schema-graph\">{\"@context\":\"https:\/\/schema.org\",\"@graph\":[{\"@type\":\"Article\",\"@id\":\"https:\/\/www.fiscalia.gov.co\/colombia\/noticias\/concurso-de-meritos-fgn-2022-boletin-informativo-no-31\/#article\",\"isPartOf\":{\"@id\":\"https:\/\/www.fiscalia.gov.co\/colombia\/noticias\/concurso-de-meritos-fgn-2022-boletin-informativo-no-31\/\"},\"author\":{\"name\":\"Katherine Loaiza Mart\u00ednez\",\"@id\":\"https:\/\/www.fiscalia.gov.co\/colombia\/#\/schema\/person\/2e76b9aba5ecf875ed565ce4de0e0415\"},\"headline\":\"Concurso de M\u00e9ritos FGN 2022 &#8211; Bolet\u00edn Informativo No. 31\",\"datePublished\":\"2024-11-28T15:31:29+00:00\",\"dateModified\":\"2024-11-28T16:50:28+00:00\",\"mainEntityOfPage\":{\"@id\":\"https:\/\/www.fiscalia.gov.co\/colombia\/noticias\/concurso-de-meritos-fgn-2022-boletin-informativo-no-31\/\"},\"wordCount\":265,\"publisher\":{\"@id\":\"https:\/\/www.fiscalia.gov.co\/colombia\/#organization\"},\"keywords\":[\"Concurso de m\u00e9ritos Fiscal\u00eda\",\"fiscal Camargo\",\"Fiscal Luz Adriana Camargo Garz\u00f3n\",\"Luz Adriana Camargo Garz\u00f3n\"],\"articleSection\":[\"Noticias\"],\"inLanguage\":\"es-CO\"},{\"@type\":\"WebPage\",\"@id\":\"https:\/\/www.fiscalia.gov.co\/colombia\/noticias\/concurso-de-meritos-fgn-2022-boletin-informativo-no-31\/\",\"url\":\"https:\/\/www.fiscalia.gov.co\/colombia\/noticias\/concurso-de-meritos-fgn-2022-boletin-informativo-no-31\/\",\"name\":\"Fiscal\u00eda General de la Naci\u00f3n\",\"isPartOf\":{\"@id\":\"https:\/\/www.fiscalia.gov.co\/colombia\/#website\"},\"datePublished\":\"2024-11-28T15:31:29+00:00\",\"dateModified\":\"2024-11-28T16:50:28+00:00\",\"description\":\"P\u00e1gina oficial de la Fiscal\u00eda General de la Naci\u00f3n \u2013 Colombia. Garantizamos el acceso efectivo a la justicia, la verdad y la reparaci\u00f3n de las v\u00edctimas de los delitos.\",\"breadcrumb\":{\"@id\":\"https:\/\/www.fiscalia.gov.co\/colombia\/noticias\/concurso-de-meritos-fgn-2022-boletin-informativo-no-31\/#breadcrumb\"},\"inLanguage\":\"es-CO\",\"potentialAction\":[{\"@type\":\"ReadAction\",\"target\":[\"https:\/\/www.fiscalia.gov.co\/colombia\/noticias\/concurso-de-meritos-fgn-2022-boletin-informativo-no-31\/\"]}]},{\"@type\":\"BreadcrumbList\",\"@id\":\"https:\/\/www.fiscalia.gov.co\/colombia\/noticias\/concurso-de-meritos-fgn-2022-boletin-informativo-no-31\/#breadcrumb\",\"itemListElement\":[{\"@type\":\"ListItem\",\"position\":1,\"name\":\"Home\",\"item\":\"https:\/\/www.fiscalia.gov.co\/colombia\/\"},{\"@type\":\"ListItem\",\"position\":2,\"name\":\"Concurso de M\u00e9ritos FGN 2022 &#8211; Bolet\u00edn Informativo No. 31\"}]},{\"@type\":\"WebSite\",\"@id\":\"https:\/\/www.fiscalia.gov.co\/colombia\/#website\",\"url\":\"https:\/\/www.fiscalia.gov.co\/colombia\/\",\"name\":\"Fiscal\u00eda General de la Naci\u00f3n\",\"description\":\"P\u00e1gina oficial de la Fiscal\u00eda General de la Naci\u00f3n \u2013 Colombia. Garantizamos el acceso efectivo a la justicia, la verdad y la reparaci\u00f3n de las v\u00edctimas de los delitos.\",\"publisher\":{\"@id\":\"https:\/\/www.fiscalia.gov.co\/colombia\/#organization\"},\"potentialAction\":[{\"@type\":\"SearchAction\",\"target\":{\"@type\":\"EntryPoint\",\"urlTemplate\":\"https:\/\/www.fiscalia.gov.co\/colombia\/?s={search_term_string}\"},\"query-input\":{\"@type\":\"PropertyValueSpecification\",\"valueRequired\":true,\"valueName\":\"search_term_string\"}}],\"inLanguage\":\"es-CO\"},{\"@type\":\"Organization\",\"@id\":\"https:\/\/www.fiscalia.gov.co\/colombia\/#organization\",\"name\":\"Fiscal\u00eda General de la Naci\u00f3n\",\"url\":\"https:\/\/www.fiscalia.gov.co\/colombia\/\",\"logo\":{\"@type\":\"ImageObject\",\"inLanguage\":\"es-CO\",\"@id\":\"https:\/\/www.fiscalia.gov.co\/colombia\/#\/schema\/logo\/image\/\",\"url\":\"https:\/\/www.fiscalia.gov.co\/colombia\/wp-content\/uploads\/LogoHorizontal_1.jpg\",\"contentUrl\":\"https:\/\/www.fiscalia.gov.co\/colombia\/wp-content\/uploads\/LogoHorizontal_1.jpg\",\"width\":300,\"height\":90,\"caption\":\"Fiscal\u00eda General de la Naci\u00f3n\"},\"image\":{\"@id\":\"https:\/\/www.fiscalia.gov.co\/colombia\/#\/schema\/logo\/image\/\"},\"sameAs\":[\"https:\/\/www.facebook.com\/FiscaliaCol\",\"https:\/\/x.com\/FiscaliaCol\",\"https:\/\/www.instagram.com\/fiscaliacol\",\"https:\/\/www.linkedin.com\/company\/fiscalia-general-de-la-naci-n\/\",\"https:\/\/youtube.com\/@fiscaliageneraldelanacion-4668?si=6nN79nyQICPU5iTh\"]},{\"@type\":\"Person\",\"@id\":\"https:\/\/www.fiscalia.gov.co\/colombia\/#\/schema\/person\/2e76b9aba5ecf875ed565ce4de0e0415\",\"name\":\"Katherine Loaiza Mart\u00ednez\",\"image\":{\"@type\":\"ImageObject\",\"inLanguage\":\"es-CO\",\"@id\":\"https:\/\/www.fiscalia.gov.co\/colombia\/#\/schema\/person\/image\/\",\"url\":\"https:\/\/secure.gravatar.com\/avatar\/ab775a2f394c1b83b6d6f78680e57b50?s=96&d=mm&r=g\",\"contentUrl\":\"https:\/\/secure.gravatar.com\/avatar\/ab775a2f394c1b83b6d6f78680e57b50?s=96&d=mm&r=g\",\"caption\":\"Katherine Loaiza Mart\u00ednez\"},\"url\":\"https:\/\/www.fiscalia.gov.co\/colombia\/author\/kloaiza\/\"}]}<\/script>\n<!-- \/ Yoast SEO plugin. -->","yoast_head_json":{"title":"Fiscal\u00eda General de la Naci\u00f3n","description":"P\u00e1gina oficial de la Fiscal\u00eda General de la Naci\u00f3n \u2013 Colombia. Garantizamos el acceso efectivo a la justicia, la verdad y la reparaci\u00f3n de las v\u00edctimas de los delitos.","robots":{"index":"noindex","follow":"follow"},"og_locale":"es_ES","og_type":"article","og_title":"Fiscal\u00eda General de la Naci\u00f3n","og_description":"P\u00e1gina oficial de la Fiscal\u00eda General de la Naci\u00f3n \u2013 Colombia. Garantizamos el acceso efectivo a la justicia, la verdad y la reparaci\u00f3n de las v\u00edctimas de los delitos.","og_url":"https:\/\/www.fiscalia.gov.co\/colombia\/noticias\/concurso-de-meritos-fgn-2022-boletin-informativo-no-31\/","og_site_name":"Fiscal\u00eda General de la Naci\u00f3n","article_publisher":"https:\/\/www.facebook.com\/FiscaliaCol","article_published_time":"2024-11-28T15:31:29+00:00","article_modified_time":"2024-11-28T16:50:28+00:00","author":"Katherine Loaiza Mart\u00ednez","twitter_card":"summary_large_image","twitter_creator":"@FiscaliaCol","twitter_site":"@FiscaliaCol","twitter_misc":{"Escrito por":"Katherine Loaiza Mart\u00ednez","Tiempo de lectura":"2 minutos"},"schema":{"@context":"https:\/\/schema.org","@graph":[{"@type":"Article","@id":"https:\/\/www.fiscalia.gov.co\/colombia\/noticias\/concurso-de-meritos-fgn-2022-boletin-informativo-no-31\/#article","isPartOf":{"@id":"https:\/\/www.fiscalia.gov.co\/colombia\/noticias\/concurso-de-meritos-fgn-2022-boletin-informativo-no-31\/"},"author":{"name":"Katherine Loaiza Mart\u00ednez","@id":"https:\/\/www.fiscalia.gov.co\/colombia\/#\/schema\/person\/2e76b9aba5ecf875ed565ce4de0e0415"},"headline":"Concurso de M\u00e9ritos FGN 2022 &#8211; Bolet\u00edn Informativo No. 31","datePublished":"2024-11-28T15:31:29+00:00","dateModified":"2024-11-28T16:50:28+00:00","mainEntityOfPage":{"@id":"https:\/\/www.fiscalia.gov.co\/colombia\/noticias\/concurso-de-meritos-fgn-2022-boletin-informativo-no-31\/"},"wordCount":265,"publisher":{"@id":"https:\/\/www.fiscalia.gov.co\/colombia\/#organization"},"keywords":["Concurso de m\u00e9ritos Fiscal\u00eda","fiscal Camargo","Fiscal Luz Adriana Camargo Garz\u00f3n","Luz Adriana Camargo Garz\u00f3n"],"articleSection":["Noticias"],"inLanguage":"es-CO"},{"@type":"WebPage","@id":"https:\/\/www.fiscalia.gov.co\/colombia\/noticias\/concurso-de-meritos-fgn-2022-boletin-informativo-no-31\/","url":"https:\/\/www.fiscalia.gov.co\/colombia\/noticias\/concurso-de-meritos-fgn-2022-boletin-informativo-no-31\/","name":"Fiscal\u00eda General de la Naci\u00f3n","isPartOf":{"@id":"https:\/\/www.fiscalia.gov.co\/colombia\/#website"},"datePublished":"2024-11-28T15:31:29+00:00","dateModified":"2024-11-28T16:50:28+00:00","description":"P\u00e1gina oficial de la Fiscal\u00eda General de la Naci\u00f3n \u2013 Colombia. Garantizamos el acceso efectivo a la justicia, la verdad y la reparaci\u00f3n de las v\u00edctimas de los delitos.","breadcrumb":{"@id":"https:\/\/www.fiscalia.gov.co\/colombia\/noticias\/concurso-de-meritos-fgn-2022-boletin-informativo-no-31\/#breadcrumb"},"inLanguage":"es-CO","potentialAction":[{"@type":"ReadAction","target":["https:\/\/www.fiscalia.gov.co\/colombia\/noticias\/concurso-de-meritos-fgn-2022-boletin-informativo-no-31\/"]}]},{"@type":"BreadcrumbList","@id":"https:\/\/www.fiscalia.gov.co\/colombia\/noticias\/concurso-de-meritos-fgn-2022-boletin-informativo-no-31\/#breadcrumb","itemListElement":[{"@type":"ListItem","position":1,"name":"Home","item":"https:\/\/www.fiscalia.gov.co\/colombia\/"},{"@type":"ListItem","position":2,"name":"Concurso de M\u00e9ritos FGN 2022 &#8211; Bolet\u00edn Informativo No. 31"}]},{"@type":"WebSite","@id":"https:\/\/www.fiscalia.gov.co\/colombia\/#website","url":"https:\/\/www.fiscalia.gov.co\/colombia\/","name":"Fiscal\u00eda General de la Naci\u00f3n","description":"P\u00e1gina oficial de la Fiscal\u00eda General de la Naci\u00f3n \u2013 Colombia. Garantizamos el acceso efectivo a la justicia, la verdad y la reparaci\u00f3n de las v\u00edctimas de los delitos.","publisher":{"@id":"https:\/\/www.fiscalia.gov.co\/colombia\/#organization"},"potentialAction":[{"@type":"SearchAction","target":{"@type":"EntryPoint","urlTemplate":"https:\/\/www.fiscalia.gov.co\/colombia\/?s={search_term_string}"},"query-input":{"@type":"PropertyValueSpecification","valueRequired":true,"valueName":"search_term_string"}}],"inLanguage":"es-CO"},{"@type":"Organization","@id":"https:\/\/www.fiscalia.gov.co\/colombia\/#organization","name":"Fiscal\u00eda General de la Naci\u00f3n","url":"https:\/\/www.fiscalia.gov.co\/colombia\/","logo":{"@type":"ImageObject","inLanguage":"es-CO","@id":"https:\/\/www.fiscalia.gov.co\/colombia\/#\/schema\/logo\/image\/","url":"https:\/\/www.fiscalia.gov.co\/colombia\/wp-content\/uploads\/LogoHorizontal_1.jpg","contentUrl":"https:\/\/www.fiscalia.gov.co\/colombia\/wp-content\/uploads\/LogoHorizontal_1.jpg","width":300,"height":90,"caption":"Fiscal\u00eda General de la Naci\u00f3n"},"image":{"@id":"https:\/\/www.fiscalia.gov.co\/colombia\/#\/schema\/logo\/image\/"},"sameAs":["https:\/\/www.facebook.com\/FiscaliaCol","https:\/\/x.com\/FiscaliaCol","https:\/\/www.instagram.com\/fiscaliacol","https:\/\/www.linkedin.com\/company\/fiscalia-general-de-la-naci-n\/","https:\/\/youtube.com\/@fiscaliageneraldelanacion-4668?si=6nN79nyQICPU5iTh"]},{"@type":"Person","@id":"https:\/\/www.fiscalia.gov.co\/colombia\/#\/schema\/person\/2e76b9aba5ecf875ed565ce4de0e0415","name":"Katherine Loaiza Mart\u00ednez","image":{"@type":"ImageObject","inLanguage":"es-CO","@id":"https:\/\/www.fiscalia.gov.co\/colombia\/#\/schema\/person\/image\/","url":"https:\/\/secure.gravatar.com\/avatar\/ab775a2f394c1b83b6d6f78680e57b50?s=96&d=mm&r=g","contentUrl":"https:\/\/secure.gravatar.com\/avatar\/ab775a2f394c1b83b6d6f78680e57b50?s=96&d=mm&r=g","caption":"Katherine Loaiza Mart\u00ednez"},"url":"https:\/\/www.fiscalia.gov.co\/colombia\/author\/kloaiza\/"}]}},"_links":{"self":[{"href":"https:\/\/www.fiscalia.gov.co\/colombia\/wp-json\/wp\/v2\/posts\/306529","targetHints":{"allow":["GET"]}}],"collection":[{"href":"https:\/\/www.fiscalia.gov.co\/colombia\/wp-json\/wp\/v2\/posts"}],"about":[{"href":"https:\/\/www.fiscalia.gov.co\/colombia\/wp-json\/wp\/v2\/types\/post"}],"author":[{"embeddable":true,"href":"https:\/\/www.fiscalia.gov.co\/colombia\/wp-json\/wp\/v2\/users\/175"}],"replies":[{"embeddable":true,"href":"https:\/\/www.fiscalia.gov.co\/colombia\/wp-json\/wp\/v2\/comments?post=306529"}],"version-history":[{"count":2,"href":"https:\/\/www.fiscalia.gov.co\/colombia\/wp-json\/wp\/v2\/posts\/306529\/revisions"}],"predecessor-version":[{"id":306554,"href":"https:\/\/www.fiscalia.gov.co\/colombia\/wp-json\/wp\/v2\/posts\/306529\/revisions\/306554"}],"wp:attachment":[{"href":"https:\/\/www.fiscalia.gov.co\/colombia\/wp-json\/wp\/v2\/media?parent=306529"}],"wp:term":[{"taxonomy":"category","embeddable":true,"href":"https:\/\/www.fiscalia.gov.co\/colombia\/wp-json\/wp\/v2\/categories?post=306529"},{"taxonomy":"post_tag","embeddable":true,"href":"https:\/\/www.fiscalia.gov.co\/colombia\/wp-json\/wp\/v2\/tags?post=306529"}],"curies":[{"name":"wp","href":"https:\/\/api.w.org\/{rel}","templated":true}]}}