{"id":306471,"date":"2024-11-27T11:54:46","date_gmt":"2024-11-27T16:54:46","guid":{"rendered":"https:\/\/www.fiscalia.gov.co\/colombia\/?p=306471"},"modified":"2024-11-27T11:54:46","modified_gmt":"2024-11-27T16:54:46","slug":"legalizada-incautacion-de-mas-de-1-000-pares-de-tenis-de-contrabando-en-pereira","status":"publish","type":"post","link":"https:\/\/www.fiscalia.gov.co\/colombia\/noticias\/legalizada-incautacion-de-mas-de-1-000-pares-de-tenis-de-contrabando-en-pereira\/","title":{"rendered":"Legalizada incautaci\u00f3n de m\u00e1s de 1.000 pares de tenis de contrabando en Pereira"},"content":{"rendered":"<p>Como resultado de una investigaci\u00f3n liderada por la Fiscal\u00eda General de la Naci\u00f3n en Pereira (Risaralda), <strong>se logr\u00f3 la incautaci\u00f3n de m\u00e1s de 1.000 pares de tenis falsificados y que no contaban con la documentaci\u00f3n que acreditara el ingreso legal al pa\u00eds.<\/strong><\/p>\n<p>El calzado fue incautado en una diligencia de registro y allanamiento adelantada en articulaci\u00f3n con la Polic\u00eda Fiscal y Aduanera, como parte de una estrategia para reducir el delito de contrabando. <strong>En el lugar encontraron 1.059 pares de zapatos con logos de diferentes marcas reconocidas.<\/strong><\/p>\n<figure id=\"attachment_306473\" aria-describedby=\"caption-attachment-306473\" style=\"width: 414px\" class=\"wp-caption aligncenter\"><img loading=\"lazy\" decoding=\"async\" class=\" wp-image-306473\" src=\"https:\/\/www.fiscalia.gov.co\/colombia\/wp-content\/uploads\/allanamiento-zapatos-contrabando-3-300x169.jpg\" alt=\"En las fotos se observan funcionarios de la Polic\u00eda Nacional haciendo inspecci\u00f3n a mercanc\u00eda en el lugar en donde fueron hallados los zapatos falsificados que no contar\u00edan con documentaci\u00f3n para su ingreso al pa\u00eds.\" width=\"414\" height=\"233\" srcset=\"https:\/\/www.fiscalia.gov.co\/colombia\/wp-content\/uploads\/allanamiento-zapatos-contrabando-3-300x169.jpg 300w, https:\/\/www.fiscalia.gov.co\/colombia\/wp-content\/uploads\/allanamiento-zapatos-contrabando-3-1024x576.jpg 1024w, https:\/\/www.fiscalia.gov.co\/colombia\/wp-content\/uploads\/allanamiento-zapatos-contrabando-3-768x432.jpg 768w, https:\/\/www.fiscalia.gov.co\/colombia\/wp-content\/uploads\/allanamiento-zapatos-contrabando-3-1536x864.jpg 1536w, https:\/\/www.fiscalia.gov.co\/colombia\/wp-content\/uploads\/allanamiento-zapatos-contrabando-3-747x420.jpg 747w, https:\/\/www.fiscalia.gov.co\/colombia\/wp-content\/uploads\/allanamiento-zapatos-contrabando-3-696x392.jpg 696w, https:\/\/www.fiscalia.gov.co\/colombia\/wp-content\/uploads\/allanamiento-zapatos-contrabando-3-1068x601.jpg 1068w, https:\/\/www.fiscalia.gov.co\/colombia\/wp-content\/uploads\/allanamiento-zapatos-contrabando-3.jpg 1600w\" sizes=\"auto, (max-width: 414px) 100vw, 414px\" \/><figcaption id=\"caption-attachment-306473\" class=\"wp-caption-text\">Un fiscal adscrito a la Seccional Risaralda legaliz\u00f3 la incautaci\u00f3n de los 1.059 pares de tenis falsificados hallados en diligencia de allanamiento.<\/figcaption><\/figure>\n<p>&nbsp;<\/p>\n<figure id=\"attachment_306476\" aria-describedby=\"caption-attachment-306476\" style=\"width: 300px\" class=\"wp-caption alignleft\"><img loading=\"lazy\" decoding=\"async\" class=\"size-medium wp-image-306476\" src=\"https:\/\/www.fiscalia.gov.co\/colombia\/wp-content\/uploads\/allanamiento-zapatos-contrabando-2-300x169.jpg\" alt=\"En las fotos se observan funcionarios de la Polic\u00eda Nacional haciendo inspecci\u00f3n a mercanc\u00eda en el lugar en donde fueron hallados los zapatos falsificados que no contar\u00edan con documentaci\u00f3n para su ingreso al pa\u00eds.\" width=\"300\" height=\"169\" srcset=\"https:\/\/www.fiscalia.gov.co\/colombia\/wp-content\/uploads\/allanamiento-zapatos-contrabando-2-300x169.jpg 300w, https:\/\/www.fiscalia.gov.co\/colombia\/wp-content\/uploads\/allanamiento-zapatos-contrabando-2-1024x576.jpg 1024w, https:\/\/www.fiscalia.gov.co\/colombia\/wp-content\/uploads\/allanamiento-zapatos-contrabando-2-768x432.jpg 768w, https:\/\/www.fiscalia.gov.co\/colombia\/wp-content\/uploads\/allanamiento-zapatos-contrabando-2-1536x864.jpg 1536w, https:\/\/www.fiscalia.gov.co\/colombia\/wp-content\/uploads\/allanamiento-zapatos-contrabando-2-747x420.jpg 747w, https:\/\/www.fiscalia.gov.co\/colombia\/wp-content\/uploads\/allanamiento-zapatos-contrabando-2-696x392.jpg 696w, https:\/\/www.fiscalia.gov.co\/colombia\/wp-content\/uploads\/allanamiento-zapatos-contrabando-2-1068x601.jpg 1068w, https:\/\/www.fiscalia.gov.co\/colombia\/wp-content\/uploads\/allanamiento-zapatos-contrabando-2.jpg 1600w\" sizes=\"auto, (max-width: 300px) 100vw, 300px\" \/><figcaption id=\"caption-attachment-306476\" class=\"wp-caption-text\">Un fiscal adscrito a la Seccional Risaralda legaliz\u00f3 la incautaci\u00f3n de los 1.059 pares de tenis falsificados hallados en diligencia de allanamiento.<\/figcaption><\/figure>\n<figure id=\"attachment_306477\" aria-describedby=\"caption-attachment-306477\" style=\"width: 300px\" class=\"wp-caption alignnone\"><img loading=\"lazy\" decoding=\"async\" class=\"size-medium wp-image-306477\" src=\"https:\/\/www.fiscalia.gov.co\/colombia\/wp-content\/uploads\/allanamiento-zapatos-contrabando-1-300x169.jpg\" alt=\"En las fotos se observan funcionarios de la Polic\u00eda Nacional haciendo inspecci\u00f3n a mercanc\u00eda en el lugar en donde fueron hallados los zapatos falsificados que no contar\u00edan con documentaci\u00f3n para su ingreso al pa\u00eds.\" width=\"300\" height=\"169\" srcset=\"https:\/\/www.fiscalia.gov.co\/colombia\/wp-content\/uploads\/allanamiento-zapatos-contrabando-1-300x169.jpg 300w, https:\/\/www.fiscalia.gov.co\/colombia\/wp-content\/uploads\/allanamiento-zapatos-contrabando-1-1024x576.jpg 1024w, https:\/\/www.fiscalia.gov.co\/colombia\/wp-content\/uploads\/allanamiento-zapatos-contrabando-1-768x432.jpg 768w, https:\/\/www.fiscalia.gov.co\/colombia\/wp-content\/uploads\/allanamiento-zapatos-contrabando-1-1536x864.jpg 1536w, https:\/\/www.fiscalia.gov.co\/colombia\/wp-content\/uploads\/allanamiento-zapatos-contrabando-1-747x420.jpg 747w, https:\/\/www.fiscalia.gov.co\/colombia\/wp-content\/uploads\/allanamiento-zapatos-contrabando-1-696x392.jpg 696w, https:\/\/www.fiscalia.gov.co\/colombia\/wp-content\/uploads\/allanamiento-zapatos-contrabando-1-1068x601.jpg 1068w, https:\/\/www.fiscalia.gov.co\/colombia\/wp-content\/uploads\/allanamiento-zapatos-contrabando-1.jpg 1600w\" sizes=\"auto, (max-width: 300px) 100vw, 300px\" \/><figcaption id=\"caption-attachment-306477\" class=\"wp-caption-text\">Un fiscal adscrito a la Seccional Risaralda legaliz\u00f3 la incautaci\u00f3n de los 1.059 pares de tenis falsificados hallados en diligencia de allanamiento.<\/figcaption><\/figure>\n<p>Los elementos decomisados est\u00e1n avaluados en 116 millones de pesos y comercialmente alcanzar\u00edan un valor de 232 millones, seg\u00fan la Direcci\u00f3n de Impuestos y Aduanas Nacionales (DIAN).<\/p>\n<p>Un fiscal de la Seccional Risaralda legaliz\u00f3 ante un juez de control de garant\u00edas la incautaci\u00f3n del material que qued\u00f3 a disposici\u00f3n de la DIAN.<\/p>\n<p>&nbsp;<\/p>\n<p>CLCG\/CFG \/AMCJ\/CABS\/DSR<\/p>\n<p>&nbsp;<\/p>\n<p>&nbsp;<\/p>\n<p>&nbsp;<\/p>\n<p><em>La informaci\u00f3n contenida en este bolet\u00edn de prensa corresponde a la narraci\u00f3n de los hechos noticiosos objetivos, suministrados por los funcionarios encargados de adelantar las investigaciones penales al interior de la Fiscal\u00eda General de la Naci\u00f3n. Para el momento de la divulgaci\u00f3n de este comunicado, la situaci\u00f3n jur\u00eddica de la(s) persona(s) relacionada(s) se encuentra pendiente de resolver por la autoridad judicial competente, siempre bajo los preceptos de la presunci\u00f3n de inocencia, consagrados en el art\u00edculo 29 de la Constituci\u00f3n Pol\u00edtica y el art\u00edculo 7\u00ba de la Ley 906 de 2004.<\/em><\/p>\n\n<div class=\"twitter-share\"><a href=\"https:\/\/twitter.com\/intent\/tweet?via=fiscaliacol\" class=\"twitter-share-button\">Tweet<\/a><\/div>\n","protected":false},"excerpt":{"rendered":"<p>Como resultado de una investigaci\u00f3n liderada por la Fiscal\u00eda General de la Naci\u00f3n en Pereira (Risaralda), se logr\u00f3 la incautaci\u00f3n de m\u00e1s de 1.000 pares de tenis falsificados y que no contaban con la documentaci\u00f3n que acreditara el ingreso legal al pa\u00eds. El calzado fue incautado en una diligencia de registro y allanamiento adelantada en [&hellip;]<\/p>\n","protected":false},"author":178,"featured_media":0,"comment_status":"closed","ping_status":"open","sticky":false,"template":"","format":"standard","meta":{"_price":"","_stock":"","_tribe_ticket_header":"","_tribe_default_ticket_provider":"","_tribe_ticket_capacity":"0","_ticket_start_date":"","_ticket_end_date":"","_tribe_ticket_show_description":"","_tribe_ticket_show_not_going":false,"_tribe_ticket_use_global_stock":"","_tribe_ticket_global_stock_level":"","_global_stock_mode":"","_global_stock_cap":"","_tribe_rsvp_for_event":"","_tribe_ticket_going_count":"","_tribe_ticket_not_going_count":"","_tribe_tickets_list":"[]","_tribe_ticket_has_attendee_info_fields":false,"tdm_status":"","tdm_grid_status":"","footnotes":""},"categories":[1],"tags":[3148,2064,39533,1047,23987],"class_list":{"0":"post-306471","1":"post","2":"type-post","3":"status-publish","4":"format-standard","6":"category-noticias","7":"tag-allanamiento","8":"tag-contrabando","9":"tag-fiscal-luz-adriana-camargoi","10":"tag-fiscalia-general-de-la-nacion","11":"tag-pereira-risaralda"},"yoast_head":"<!-- This site is optimized with the Yoast SEO plugin v24.3 - https:\/\/yoast.com\/wordpress\/plugins\/seo\/ -->\n<title>Fiscal\u00eda General de la Naci\u00f3n<\/title>\n<meta name=\"description\" content=\"P\u00e1gina oficial de la Fiscal\u00eda General de la Naci\u00f3n \u2013 Colombia. Garantizamos el acceso efectivo a la justicia, la verdad y la reparaci\u00f3n de las v\u00edctimas de los delitos.\" \/>\n<meta name=\"robots\" content=\"noindex, follow\" \/>\n<meta property=\"og:locale\" content=\"es_ES\" \/>\n<meta property=\"og:type\" content=\"article\" \/>\n<meta property=\"og:title\" content=\"Fiscal\u00eda General de la Naci\u00f3n\" \/>\n<meta property=\"og:description\" content=\"P\u00e1gina oficial de la Fiscal\u00eda General de la Naci\u00f3n \u2013 Colombia. Garantizamos el acceso efectivo a la justicia, la verdad y la reparaci\u00f3n de las v\u00edctimas de los delitos.\" \/>\n<meta property=\"og:url\" content=\"https:\/\/www.fiscalia.gov.co\/colombia\/noticias\/legalizada-incautacion-de-mas-de-1-000-pares-de-tenis-de-contrabando-en-pereira\/\" \/>\n<meta property=\"og:site_name\" content=\"Fiscal\u00eda General de la Naci\u00f3n\" \/>\n<meta property=\"article:publisher\" content=\"https:\/\/www.facebook.com\/FiscaliaCol\" \/>\n<meta property=\"article:published_time\" content=\"2024-11-27T16:54:46+00:00\" \/>\n<meta property=\"og:image\" content=\"https:\/\/www.fiscalia.gov.co\/colombia\/wp-content\/uploads\/allanamiento-zapatos-contrabando-3.jpg\" \/>\n\t<meta property=\"og:image:width\" content=\"1600\" \/>\n\t<meta property=\"og:image:height\" content=\"900\" \/>\n\t<meta property=\"og:image:type\" content=\"image\/jpeg\" \/>\n<meta name=\"author\" content=\"Winnie Geraldine Rodr\u00edguez Navarrete\" \/>\n<meta name=\"twitter:card\" content=\"summary_large_image\" \/>\n<meta name=\"twitter:creator\" content=\"@FiscaliaCol\" \/>\n<meta name=\"twitter:site\" content=\"@FiscaliaCol\" \/>\n<meta name=\"twitter:label1\" content=\"Escrito por\" \/>\n\t<meta name=\"twitter:data1\" content=\"Winnie Geraldine Rodr\u00edguez Navarrete\" \/>\n\t<meta name=\"twitter:label2\" content=\"Tiempo de lectura\" \/>\n\t<meta name=\"twitter:data2\" content=\"3 minutos\" \/>\n<script type=\"application\/ld+json\" class=\"yoast-schema-graph\">{\"@context\":\"https:\/\/schema.org\",\"@graph\":[{\"@type\":\"Article\",\"@id\":\"https:\/\/www.fiscalia.gov.co\/colombia\/noticias\/legalizada-incautacion-de-mas-de-1-000-pares-de-tenis-de-contrabando-en-pereira\/#article\",\"isPartOf\":{\"@id\":\"https:\/\/www.fiscalia.gov.co\/colombia\/noticias\/legalizada-incautacion-de-mas-de-1-000-pares-de-tenis-de-contrabando-en-pereira\/\"},\"author\":{\"name\":\"Winnie Geraldine Rodr\u00edguez Navarrete\",\"@id\":\"https:\/\/www.fiscalia.gov.co\/colombia\/#\/schema\/person\/176195b99ebab0a52aafa15197e1bf80\"},\"headline\":\"Legalizada incautaci\u00f3n de m\u00e1s de 1.000 pares de tenis de contrabando en Pereira\",\"datePublished\":\"2024-11-27T16:54:46+00:00\",\"dateModified\":\"2024-11-27T16:54:46+00:00\",\"mainEntityOfPage\":{\"@id\":\"https:\/\/www.fiscalia.gov.co\/colombia\/noticias\/legalizada-incautacion-de-mas-de-1-000-pares-de-tenis-de-contrabando-en-pereira\/\"},\"wordCount\":364,\"publisher\":{\"@id\":\"https:\/\/www.fiscalia.gov.co\/colombia\/#organization\"},\"image\":{\"@id\":\"https:\/\/www.fiscalia.gov.co\/colombia\/noticias\/legalizada-incautacion-de-mas-de-1-000-pares-de-tenis-de-contrabando-en-pereira\/#primaryimage\"},\"thumbnailUrl\":\"https:\/\/www.fiscalia.gov.co\/colombia\/wp-content\/uploads\/allanamiento-zapatos-contrabando-3-300x169.jpg\",\"keywords\":[\"Allanamiento\",\"Contrabando\",\"Fiscal Luz Adriana Camargoi\",\"Fiscal\u00eda General de la Naci\u00f3n\",\"Pereira (Risaralda)\"],\"articleSection\":[\"Noticias\"],\"inLanguage\":\"es-CO\"},{\"@type\":\"WebPage\",\"@id\":\"https:\/\/www.fiscalia.gov.co\/colombia\/noticias\/legalizada-incautacion-de-mas-de-1-000-pares-de-tenis-de-contrabando-en-pereira\/\",\"url\":\"https:\/\/www.fiscalia.gov.co\/colombia\/noticias\/legalizada-incautacion-de-mas-de-1-000-pares-de-tenis-de-contrabando-en-pereira\/\",\"name\":\"Fiscal\u00eda General de la Naci\u00f3n\",\"isPartOf\":{\"@id\":\"https:\/\/www.fiscalia.gov.co\/colombia\/#website\"},\"primaryImageOfPage\":{\"@id\":\"https:\/\/www.fiscalia.gov.co\/colombia\/noticias\/legalizada-incautacion-de-mas-de-1-000-pares-de-tenis-de-contrabando-en-pereira\/#primaryimage\"},\"image\":{\"@id\":\"https:\/\/www.fiscalia.gov.co\/colombia\/noticias\/legalizada-incautacion-de-mas-de-1-000-pares-de-tenis-de-contrabando-en-pereira\/#primaryimage\"},\"thumbnailUrl\":\"https:\/\/www.fiscalia.gov.co\/colombia\/wp-content\/uploads\/allanamiento-zapatos-contrabando-3-300x169.jpg\",\"datePublished\":\"2024-11-27T16:54:46+00:00\",\"dateModified\":\"2024-11-27T16:54:46+00:00\",\"description\":\"P\u00e1gina oficial de la Fiscal\u00eda General de la Naci\u00f3n \u2013 Colombia. Garantizamos el acceso efectivo a la justicia, la verdad y la reparaci\u00f3n de las v\u00edctimas de los delitos.\",\"breadcrumb\":{\"@id\":\"https:\/\/www.fiscalia.gov.co\/colombia\/noticias\/legalizada-incautacion-de-mas-de-1-000-pares-de-tenis-de-contrabando-en-pereira\/#breadcrumb\"},\"inLanguage\":\"es-CO\",\"potentialAction\":[{\"@type\":\"ReadAction\",\"target\":[\"https:\/\/www.fiscalia.gov.co\/colombia\/noticias\/legalizada-incautacion-de-mas-de-1-000-pares-de-tenis-de-contrabando-en-pereira\/\"]}]},{\"@type\":\"ImageObject\",\"inLanguage\":\"es-CO\",\"@id\":\"https:\/\/www.fiscalia.gov.co\/colombia\/noticias\/legalizada-incautacion-de-mas-de-1-000-pares-de-tenis-de-contrabando-en-pereira\/#primaryimage\",\"url\":\"https:\/\/www.fiscalia.gov.co\/colombia\/wp-content\/uploads\/allanamiento-zapatos-contrabando-3.jpg\",\"contentUrl\":\"https:\/\/www.fiscalia.gov.co\/colombia\/wp-content\/uploads\/allanamiento-zapatos-contrabando-3.jpg\",\"width\":1600,\"height\":900,\"caption\":\"Un fiscal adscrito a la Seccional Risaralda legaliz\u00f3 la incautaci\u00f3n de los 1.059 pares de tenis falsificados hallados en diligencia de allanamiento.\"},{\"@type\":\"BreadcrumbList\",\"@id\":\"https:\/\/www.fiscalia.gov.co\/colombia\/noticias\/legalizada-incautacion-de-mas-de-1-000-pares-de-tenis-de-contrabando-en-pereira\/#breadcrumb\",\"itemListElement\":[{\"@type\":\"ListItem\",\"position\":1,\"name\":\"Home\",\"item\":\"https:\/\/www.fiscalia.gov.co\/colombia\/\"},{\"@type\":\"ListItem\",\"position\":2,\"name\":\"Legalizada incautaci\u00f3n de m\u00e1s de 1.000 pares de tenis de contrabando en Pereira\"}]},{\"@type\":\"WebSite\",\"@id\":\"https:\/\/www.fiscalia.gov.co\/colombia\/#website\",\"url\":\"https:\/\/www.fiscalia.gov.co\/colombia\/\",\"name\":\"Fiscal\u00eda General de la Naci\u00f3n\",\"description\":\"P\u00e1gina oficial de la Fiscal\u00eda General de la Naci\u00f3n \u2013 Colombia. Garantizamos el acceso efectivo a la justicia, la verdad y la reparaci\u00f3n de las v\u00edctimas de los delitos.\",\"publisher\":{\"@id\":\"https:\/\/www.fiscalia.gov.co\/colombia\/#organization\"},\"potentialAction\":[{\"@type\":\"SearchAction\",\"target\":{\"@type\":\"EntryPoint\",\"urlTemplate\":\"https:\/\/www.fiscalia.gov.co\/colombia\/?s={search_term_string}\"},\"query-input\":{\"@type\":\"PropertyValueSpecification\",\"valueRequired\":true,\"valueName\":\"search_term_string\"}}],\"inLanguage\":\"es-CO\"},{\"@type\":\"Organization\",\"@id\":\"https:\/\/www.fiscalia.gov.co\/colombia\/#organization\",\"name\":\"Fiscal\u00eda General de la Naci\u00f3n\",\"url\":\"https:\/\/www.fiscalia.gov.co\/colombia\/\",\"logo\":{\"@type\":\"ImageObject\",\"inLanguage\":\"es-CO\",\"@id\":\"https:\/\/www.fiscalia.gov.co\/colombia\/#\/schema\/logo\/image\/\",\"url\":\"https:\/\/www.fiscalia.gov.co\/colombia\/wp-content\/uploads\/LogoHorizontal_1.jpg\",\"contentUrl\":\"https:\/\/www.fiscalia.gov.co\/colombia\/wp-content\/uploads\/LogoHorizontal_1.jpg\",\"width\":300,\"height\":90,\"caption\":\"Fiscal\u00eda General de la Naci\u00f3n\"},\"image\":{\"@id\":\"https:\/\/www.fiscalia.gov.co\/colombia\/#\/schema\/logo\/image\/\"},\"sameAs\":[\"https:\/\/www.facebook.com\/FiscaliaCol\",\"https:\/\/x.com\/FiscaliaCol\",\"https:\/\/www.instagram.com\/fiscaliacol\",\"https:\/\/www.linkedin.com\/company\/fiscalia-general-de-la-naci-n\/\",\"https:\/\/youtube.com\/@fiscaliageneraldelanacion-4668?si=6nN79nyQICPU5iTh\"]},{\"@type\":\"Person\",\"@id\":\"https:\/\/www.fiscalia.gov.co\/colombia\/#\/schema\/person\/176195b99ebab0a52aafa15197e1bf80\",\"name\":\"Winnie Geraldine Rodr\u00edguez Navarrete\",\"image\":{\"@type\":\"ImageObject\",\"inLanguage\":\"es-CO\",\"@id\":\"https:\/\/www.fiscalia.gov.co\/colombia\/#\/schema\/person\/image\/\",\"url\":\"https:\/\/secure.gravatar.com\/avatar\/c24cf8481dc84fa5e8c7b20bc95ab0c6?s=96&d=mm&r=g\",\"contentUrl\":\"https:\/\/secure.gravatar.com\/avatar\/c24cf8481dc84fa5e8c7b20bc95ab0c6?s=96&d=mm&r=g\",\"caption\":\"Winnie Geraldine Rodr\u00edguez Navarrete\"},\"url\":\"https:\/\/www.fiscalia.gov.co\/colombia\/author\/winnierodriguez\/\"}]}<\/script>\n<!-- \/ Yoast SEO plugin. -->","yoast_head_json":{"title":"Fiscal\u00eda General de la Naci\u00f3n","description":"P\u00e1gina oficial de la Fiscal\u00eda General de la Naci\u00f3n \u2013 Colombia. Garantizamos el acceso efectivo a la justicia, la verdad y la reparaci\u00f3n de las v\u00edctimas de los delitos.","robots":{"index":"noindex","follow":"follow"},"og_locale":"es_ES","og_type":"article","og_title":"Fiscal\u00eda General de la Naci\u00f3n","og_description":"P\u00e1gina oficial de la Fiscal\u00eda General de la Naci\u00f3n \u2013 Colombia. Garantizamos el acceso efectivo a la justicia, la verdad y la reparaci\u00f3n de las v\u00edctimas de los delitos.","og_url":"https:\/\/www.fiscalia.gov.co\/colombia\/noticias\/legalizada-incautacion-de-mas-de-1-000-pares-de-tenis-de-contrabando-en-pereira\/","og_site_name":"Fiscal\u00eda General de la Naci\u00f3n","article_publisher":"https:\/\/www.facebook.com\/FiscaliaCol","article_published_time":"2024-11-27T16:54:46+00:00","og_image":[{"width":1600,"height":900,"url":"https:\/\/www.fiscalia.gov.co\/colombia\/wp-content\/uploads\/allanamiento-zapatos-contrabando-3.jpg","type":"image\/jpeg"}],"author":"Winnie Geraldine Rodr\u00edguez Navarrete","twitter_card":"summary_large_image","twitter_creator":"@FiscaliaCol","twitter_site":"@FiscaliaCol","twitter_misc":{"Escrito por":"Winnie Geraldine Rodr\u00edguez Navarrete","Tiempo de lectura":"3 minutos"},"schema":{"@context":"https:\/\/schema.org","@graph":[{"@type":"Article","@id":"https:\/\/www.fiscalia.gov.co\/colombia\/noticias\/legalizada-incautacion-de-mas-de-1-000-pares-de-tenis-de-contrabando-en-pereira\/#article","isPartOf":{"@id":"https:\/\/www.fiscalia.gov.co\/colombia\/noticias\/legalizada-incautacion-de-mas-de-1-000-pares-de-tenis-de-contrabando-en-pereira\/"},"author":{"name":"Winnie Geraldine Rodr\u00edguez Navarrete","@id":"https:\/\/www.fiscalia.gov.co\/colombia\/#\/schema\/person\/176195b99ebab0a52aafa15197e1bf80"},"headline":"Legalizada incautaci\u00f3n de m\u00e1s de 1.000 pares de tenis de contrabando en Pereira","datePublished":"2024-11-27T16:54:46+00:00","dateModified":"2024-11-27T16:54:46+00:00","mainEntityOfPage":{"@id":"https:\/\/www.fiscalia.gov.co\/colombia\/noticias\/legalizada-incautacion-de-mas-de-1-000-pares-de-tenis-de-contrabando-en-pereira\/"},"wordCount":364,"publisher":{"@id":"https:\/\/www.fiscalia.gov.co\/colombia\/#organization"},"image":{"@id":"https:\/\/www.fiscalia.gov.co\/colombia\/noticias\/legalizada-incautacion-de-mas-de-1-000-pares-de-tenis-de-contrabando-en-pereira\/#primaryimage"},"thumbnailUrl":"https:\/\/www.fiscalia.gov.co\/colombia\/wp-content\/uploads\/allanamiento-zapatos-contrabando-3-300x169.jpg","keywords":["Allanamiento","Contrabando","Fiscal Luz Adriana Camargoi","Fiscal\u00eda General de la Naci\u00f3n","Pereira (Risaralda)"],"articleSection":["Noticias"],"inLanguage":"es-CO"},{"@type":"WebPage","@id":"https:\/\/www.fiscalia.gov.co\/colombia\/noticias\/legalizada-incautacion-de-mas-de-1-000-pares-de-tenis-de-contrabando-en-pereira\/","url":"https:\/\/www.fiscalia.gov.co\/colombia\/noticias\/legalizada-incautacion-de-mas-de-1-000-pares-de-tenis-de-contrabando-en-pereira\/","name":"Fiscal\u00eda General de la Naci\u00f3n","isPartOf":{"@id":"https:\/\/www.fiscalia.gov.co\/colombia\/#website"},"primaryImageOfPage":{"@id":"https:\/\/www.fiscalia.gov.co\/colombia\/noticias\/legalizada-incautacion-de-mas-de-1-000-pares-de-tenis-de-contrabando-en-pereira\/#primaryimage"},"image":{"@id":"https:\/\/www.fiscalia.gov.co\/colombia\/noticias\/legalizada-incautacion-de-mas-de-1-000-pares-de-tenis-de-contrabando-en-pereira\/#primaryimage"},"thumbnailUrl":"https:\/\/www.fiscalia.gov.co\/colombia\/wp-content\/uploads\/allanamiento-zapatos-contrabando-3-300x169.jpg","datePublished":"2024-11-27T16:54:46+00:00","dateModified":"2024-11-27T16:54:46+00:00","description":"P\u00e1gina oficial de la Fiscal\u00eda General de la Naci\u00f3n \u2013 Colombia. Garantizamos el acceso efectivo a la justicia, la verdad y la reparaci\u00f3n de las v\u00edctimas de los delitos.","breadcrumb":{"@id":"https:\/\/www.fiscalia.gov.co\/colombia\/noticias\/legalizada-incautacion-de-mas-de-1-000-pares-de-tenis-de-contrabando-en-pereira\/#breadcrumb"},"inLanguage":"es-CO","potentialAction":[{"@type":"ReadAction","target":["https:\/\/www.fiscalia.gov.co\/colombia\/noticias\/legalizada-incautacion-de-mas-de-1-000-pares-de-tenis-de-contrabando-en-pereira\/"]}]},{"@type":"ImageObject","inLanguage":"es-CO","@id":"https:\/\/www.fiscalia.gov.co\/colombia\/noticias\/legalizada-incautacion-de-mas-de-1-000-pares-de-tenis-de-contrabando-en-pereira\/#primaryimage","url":"https:\/\/www.fiscalia.gov.co\/colombia\/wp-content\/uploads\/allanamiento-zapatos-contrabando-3.jpg","contentUrl":"https:\/\/www.fiscalia.gov.co\/colombia\/wp-content\/uploads\/allanamiento-zapatos-contrabando-3.jpg","width":1600,"height":900,"caption":"Un fiscal adscrito a la Seccional Risaralda legaliz\u00f3 la incautaci\u00f3n de los 1.059 pares de tenis falsificados hallados en diligencia de allanamiento."},{"@type":"BreadcrumbList","@id":"https:\/\/www.fiscalia.gov.co\/colombia\/noticias\/legalizada-incautacion-de-mas-de-1-000-pares-de-tenis-de-contrabando-en-pereira\/#breadcrumb","itemListElement":[{"@type":"ListItem","position":1,"name":"Home","item":"https:\/\/www.fiscalia.gov.co\/colombia\/"},{"@type":"ListItem","position":2,"name":"Legalizada incautaci\u00f3n de m\u00e1s de 1.000 pares de tenis de contrabando en Pereira"}]},{"@type":"WebSite","@id":"https:\/\/www.fiscalia.gov.co\/colombia\/#website","url":"https:\/\/www.fiscalia.gov.co\/colombia\/","name":"Fiscal\u00eda General de la Naci\u00f3n","description":"P\u00e1gina oficial de la Fiscal\u00eda General de la Naci\u00f3n \u2013 Colombia. Garantizamos el acceso efectivo a la justicia, la verdad y la reparaci\u00f3n de las v\u00edctimas de los delitos.","publisher":{"@id":"https:\/\/www.fiscalia.gov.co\/colombia\/#organization"},"potentialAction":[{"@type":"SearchAction","target":{"@type":"EntryPoint","urlTemplate":"https:\/\/www.fiscalia.gov.co\/colombia\/?s={search_term_string}"},"query-input":{"@type":"PropertyValueSpecification","valueRequired":true,"valueName":"search_term_string"}}],"inLanguage":"es-CO"},{"@type":"Organization","@id":"https:\/\/www.fiscalia.gov.co\/colombia\/#organization","name":"Fiscal\u00eda General de la Naci\u00f3n","url":"https:\/\/www.fiscalia.gov.co\/colombia\/","logo":{"@type":"ImageObject","inLanguage":"es-CO","@id":"https:\/\/www.fiscalia.gov.co\/colombia\/#\/schema\/logo\/image\/","url":"https:\/\/www.fiscalia.gov.co\/colombia\/wp-content\/uploads\/LogoHorizontal_1.jpg","contentUrl":"https:\/\/www.fiscalia.gov.co\/colombia\/wp-content\/uploads\/LogoHorizontal_1.jpg","width":300,"height":90,"caption":"Fiscal\u00eda General de la Naci\u00f3n"},"image":{"@id":"https:\/\/www.fiscalia.gov.co\/colombia\/#\/schema\/logo\/image\/"},"sameAs":["https:\/\/www.facebook.com\/FiscaliaCol","https:\/\/x.com\/FiscaliaCol","https:\/\/www.instagram.com\/fiscaliacol","https:\/\/www.linkedin.com\/company\/fiscalia-general-de-la-naci-n\/","https:\/\/youtube.com\/@fiscaliageneraldelanacion-4668?si=6nN79nyQICPU5iTh"]},{"@type":"Person","@id":"https:\/\/www.fiscalia.gov.co\/colombia\/#\/schema\/person\/176195b99ebab0a52aafa15197e1bf80","name":"Winnie Geraldine Rodr\u00edguez Navarrete","image":{"@type":"ImageObject","inLanguage":"es-CO","@id":"https:\/\/www.fiscalia.gov.co\/colombia\/#\/schema\/person\/image\/","url":"https:\/\/secure.gravatar.com\/avatar\/c24cf8481dc84fa5e8c7b20bc95ab0c6?s=96&d=mm&r=g","contentUrl":"https:\/\/secure.gravatar.com\/avatar\/c24cf8481dc84fa5e8c7b20bc95ab0c6?s=96&d=mm&r=g","caption":"Winnie Geraldine Rodr\u00edguez Navarrete"},"url":"https:\/\/www.fiscalia.gov.co\/colombia\/author\/winnierodriguez\/"}]}},"_links":{"self":[{"href":"https:\/\/www.fiscalia.gov.co\/colombia\/wp-json\/wp\/v2\/posts\/306471","targetHints":{"allow":["GET"]}}],"collection":[{"href":"https:\/\/www.fiscalia.gov.co\/colombia\/wp-json\/wp\/v2\/posts"}],"about":[{"href":"https:\/\/www.fiscalia.gov.co\/colombia\/wp-json\/wp\/v2\/types\/post"}],"author":[{"embeddable":true,"href":"https:\/\/www.fiscalia.gov.co\/colombia\/wp-json\/wp\/v2\/users\/178"}],"replies":[{"embeddable":true,"href":"https:\/\/www.fiscalia.gov.co\/colombia\/wp-json\/wp\/v2\/comments?post=306471"}],"version-history":[{"count":2,"href":"https:\/\/www.fiscalia.gov.co\/colombia\/wp-json\/wp\/v2\/posts\/306471\/revisions"}],"predecessor-version":[{"id":306478,"href":"https:\/\/www.fiscalia.gov.co\/colombia\/wp-json\/wp\/v2\/posts\/306471\/revisions\/306478"}],"wp:attachment":[{"href":"https:\/\/www.fiscalia.gov.co\/colombia\/wp-json\/wp\/v2\/media?parent=306471"}],"wp:term":[{"taxonomy":"category","embeddable":true,"href":"https:\/\/www.fiscalia.gov.co\/colombia\/wp-json\/wp\/v2\/categories?post=306471"},{"taxonomy":"post_tag","embeddable":true,"href":"https:\/\/www.fiscalia.gov.co\/colombia\/wp-json\/wp\/v2\/tags?post=306471"}],"curies":[{"name":"wp","href":"https:\/\/api.w.org\/{rel}","templated":true}]}}