{"id":306425,"date":"2024-11-26T16:15:21","date_gmt":"2024-11-26T21:15:21","guid":{"rendered":"https:\/\/www.fiscalia.gov.co\/colombia\/?p=306425"},"modified":"2024-11-26T16:15:21","modified_gmt":"2024-11-26T21:15:21","slug":"en-magdalena-fiscalia-obtiene-condena-a-mas-de-38-anos-de-prision-para-un-hombre-que-acepto-haber-asesinado-a-su-expareja","status":"publish","type":"post","link":"https:\/\/www.fiscalia.gov.co\/colombia\/hay-justicia\/en-magdalena-fiscalia-obtiene-condena-a-mas-de-38-anos-de-prision-para-un-hombre-que-acepto-haber-asesinado-a-su-expareja\/","title":{"rendered":"En Magdalena Fiscal\u00eda obtiene condena a m\u00e1s de 38 a\u00f1os de prisi\u00f3n para un hombre que acept\u00f3 haber asesinado a su expareja"},"content":{"rendered":"<p style=\"font-weight: 400;\">Las acciones investigativas desplegadas por la Seccional Magdalena de la Fiscal\u00eda General de la Naci\u00f3n fueron determinantes para que un juez de conocimiento<strong> dictara una condena de 38 a\u00f1os y 9 meses de prisi\u00f3n para el responsable del feminicidio de su expareja, de 30 a\u00f1os.<\/strong><\/p>\n<p style=\"font-weight: 400;\">Los hechos ocurrieron el pasado 9 de mayo en el barrio Altos de Bonito Gordo, en el corregimiento de Taganga (Magdalena).<strong> La fiscal\u00eda evidenci\u00f3 que en medio de una discusi\u00f3n, el ahora sentenciado le caus\u00f3 la muerte a su expareja con un arma cortopunzante.<\/strong> En el lugar estaba presente una menor de 13 a\u00f1os, hija de la pareja.<\/p>\n<p><em><strong>Le puede interesar:<\/strong><\/em> <a href=\"https:\/\/www.fiscalia.gov.co\/colombia\/noticias\/fiscalia-logra-condena-de-50-anos-de-carcel-contra-responsable-del-feminicidio-de-una-menor-en-magdalena\/\">Fiscal\u00eda logra condena de 50 a\u00f1os de c\u00e1rcel contra responsable del feminicidio de una menor en Magdalena\u00a0<\/a><\/p>\n<p style=\"font-weight: 400;\">Los\u00a0gritos\u00a0de auxilio de la\u00a0menor de edad\u00a0y de la comunidad\u00a0llamaron\u00a0la\u00a0atenci\u00f3n de\u00a0la Polic\u00eda Nacional que lleg\u00f3 al lugar y captur\u00f3 al agresor en flagrancia.<\/p>\n<p style=\"font-weight: 400;\">El hoy sentenciado, de 46 a\u00f1os, acept\u00f3 los cargos imputados por la Fiscal\u00eda.<\/p>\n<p style=\"font-weight: 400;\">\n<p>&nbsp;<\/p>\n<p>&nbsp;<\/p>\n<p style=\"font-weight: 400;\">SKCR\/MAGA\/AMCJ\/SEGD\/MPO\/DSM<\/p>\n<p>&nbsp;<\/p>\n<p>&nbsp;<\/p>\n<p>&nbsp;<\/p>\n<p><em>La informaci\u00f3n contenida en este bolet\u00edn de prensa corresponde a la narraci\u00f3n de los hechos noticiosos objetivos, suministrados por los funcionarios encargados de adelantar las investigaciones penales al interior de la Fiscal\u00eda General de la Naci\u00f3n. Para el momento de la divulgaci\u00f3n de este comunicado, la situaci\u00f3n jur\u00eddica de la(s) persona(s) relacionada(s) se encuentra pendiente de resolver por la autoridad judicial competente, siempre bajo los preceptos de la presunci\u00f3n de inocencia, consagrados en el art\u00edculo 29 de la Constituci\u00f3n Pol\u00edtica y el art\u00edculo 7\u00ba de la Ley 906 de 2004.<\/em><\/p>\n\n<div class=\"twitter-share\"><a href=\"https:\/\/twitter.com\/intent\/tweet?via=fiscaliacol\" class=\"twitter-share-button\">Tweet<\/a><\/div>\n","protected":false},"excerpt":{"rendered":"<p>Las acciones investigativas desplegadas por la Seccional Magdalena de la Fiscal\u00eda General de la Naci\u00f3n fueron determinantes para que un juez de conocimiento dictara una condena de 38 a\u00f1os y [&hellip;]<\/p>\n","protected":false},"author":178,"featured_media":0,"comment_status":"closed","ping_status":"open","sticky":false,"template":"","format":"standard","meta":{"tdm_status":"","tdm_grid_status":"","footnotes":""},"categories":[24174,1,24127],"tags":[39524,24550,39525,13442,39523,2067,39522,14766,23839,24009,24310,39521],"class_list":["post-306425","post","type-post","status-publish","format-standard","category-hay-justicia","category-noticias","category-violencia-sexual-e-intrafamiliar","tag-46-anos","tag-acepto-cargos","tag-acepto-haber-asesinado-a-su-expareja","tag-feminicidio","tag-mas-de-38-anos-de-prision","tag-mujer","tag-mujer-herida-con-arma-blanca","tag-pareja","tag-santa-marta","tag-santa-marta-magdalena","tag-seccional-magdalena","tag-taganga"],"yoast_head":"<!-- This site is optimized with the Yoast SEO plugin v24.3 - https:\/\/yoast.com\/wordpress\/plugins\/seo\/ -->\n<title>Fiscal\u00eda General de la Naci\u00f3n<\/title>\n<meta name=\"description\" content=\"P\u00e1gina oficial de la Fiscal\u00eda General de la Naci\u00f3n \u2013 Colombia. Garantizamos el acceso efectivo a la justicia, la verdad y la reparaci\u00f3n de las v\u00edctimas de los delitos.\" \/>\n<meta name=\"robots\" content=\"noindex, follow\" \/>\n<meta property=\"og:locale\" content=\"es_ES\" \/>\n<meta property=\"og:type\" content=\"article\" \/>\n<meta property=\"og:title\" content=\"Fiscal\u00eda General de la Naci\u00f3n\" \/>\n<meta property=\"og:description\" content=\"P\u00e1gina oficial de la Fiscal\u00eda General de la Naci\u00f3n \u2013 Colombia. Garantizamos el acceso efectivo a la justicia, la verdad y la reparaci\u00f3n de las v\u00edctimas de los delitos.\" \/>\n<meta property=\"og:url\" content=\"https:\/\/www.fiscalia.gov.co\/colombia\/hay-justicia\/en-magdalena-fiscalia-obtiene-condena-a-mas-de-38-anos-de-prision-para-un-hombre-que-acepto-haber-asesinado-a-su-expareja\/\" \/>\n<meta property=\"og:site_name\" content=\"Fiscal\u00eda General de la Naci\u00f3n\" \/>\n<meta property=\"article:publisher\" content=\"https:\/\/www.facebook.com\/FiscaliaCol\" \/>\n<meta property=\"article:published_time\" content=\"2024-11-26T21:15:21+00:00\" \/>\n<meta name=\"author\" content=\"Winnie Geraldine Rodr\u00edguez Navarrete\" \/>\n<meta name=\"twitter:card\" content=\"summary_large_image\" \/>\n<meta name=\"twitter:creator\" content=\"@FiscaliaCol\" \/>\n<meta name=\"twitter:site\" content=\"@FiscaliaCol\" \/>\n<meta name=\"twitter:label1\" content=\"Escrito por\" \/>\n\t<meta name=\"twitter:data1\" content=\"Winnie Geraldine Rodr\u00edguez Navarrete\" \/>\n\t<meta name=\"twitter:label2\" content=\"Tiempo de lectura\" \/>\n\t<meta name=\"twitter:data2\" content=\"2 minutos\" \/>\n<script type=\"application\/ld+json\" class=\"yoast-schema-graph\">{\"@context\":\"https:\/\/schema.org\",\"@graph\":[{\"@type\":\"Article\",\"@id\":\"https:\/\/www.fiscalia.gov.co\/colombia\/hay-justicia\/en-magdalena-fiscalia-obtiene-condena-a-mas-de-38-anos-de-prision-para-un-hombre-que-acepto-haber-asesinado-a-su-expareja\/#article\",\"isPartOf\":{\"@id\":\"https:\/\/www.fiscalia.gov.co\/colombia\/hay-justicia\/en-magdalena-fiscalia-obtiene-condena-a-mas-de-38-anos-de-prision-para-un-hombre-que-acepto-haber-asesinado-a-su-expareja\/\"},\"author\":{\"name\":\"Winnie Geraldine Rodr\u00edguez Navarrete\",\"@id\":\"https:\/\/www.fiscalia.gov.co\/colombia\/#\/schema\/person\/176195b99ebab0a52aafa15197e1bf80\"},\"headline\":\"En Magdalena Fiscal\u00eda obtiene condena a m\u00e1s de 38 a\u00f1os de prisi\u00f3n para un hombre que acept\u00f3 haber asesinado a su expareja\",\"datePublished\":\"2024-11-26T21:15:21+00:00\",\"dateModified\":\"2024-11-26T21:15:21+00:00\",\"mainEntityOfPage\":{\"@id\":\"https:\/\/www.fiscalia.gov.co\/colombia\/hay-justicia\/en-magdalena-fiscalia-obtiene-condena-a-mas-de-38-anos-de-prision-para-un-hombre-que-acepto-haber-asesinado-a-su-expareja\/\"},\"wordCount\":312,\"publisher\":{\"@id\":\"https:\/\/www.fiscalia.gov.co\/colombia\/#organization\"},\"keywords\":[\"46 a\u00f1os\",\"acept\u00f3 cargos\",\"acept\u00f3 haber asesinado a su expareja.\",\"Feminicidio\",\"m\u00e1s de 38 a\u00f1os de prisi\u00f3n\",\"Mujer\",\"mujer herida con arma blanca\",\"Pareja\",\"Santa Marta\",\"Santa Marta (Magdalena)\",\"Seccional Magdalena\",\"Taganga\"],\"articleSection\":[\"Hay Justicia\",\"Noticias\",\"Violencia sexual e intrafamiliar\"],\"inLanguage\":\"es-CO\"},{\"@type\":\"WebPage\",\"@id\":\"https:\/\/www.fiscalia.gov.co\/colombia\/hay-justicia\/en-magdalena-fiscalia-obtiene-condena-a-mas-de-38-anos-de-prision-para-un-hombre-que-acepto-haber-asesinado-a-su-expareja\/\",\"url\":\"https:\/\/www.fiscalia.gov.co\/colombia\/hay-justicia\/en-magdalena-fiscalia-obtiene-condena-a-mas-de-38-anos-de-prision-para-un-hombre-que-acepto-haber-asesinado-a-su-expareja\/\",\"name\":\"Fiscal\u00eda General de la Naci\u00f3n\",\"isPartOf\":{\"@id\":\"https:\/\/www.fiscalia.gov.co\/colombia\/#website\"},\"datePublished\":\"2024-11-26T21:15:21+00:00\",\"dateModified\":\"2024-11-26T21:15:21+00:00\",\"description\":\"P\u00e1gina oficial de la Fiscal\u00eda General de la Naci\u00f3n \u2013 Colombia. Garantizamos el acceso efectivo a la justicia, la verdad y la reparaci\u00f3n de las v\u00edctimas de los delitos.\",\"breadcrumb\":{\"@id\":\"https:\/\/www.fiscalia.gov.co\/colombia\/hay-justicia\/en-magdalena-fiscalia-obtiene-condena-a-mas-de-38-anos-de-prision-para-un-hombre-que-acepto-haber-asesinado-a-su-expareja\/#breadcrumb\"},\"inLanguage\":\"es-CO\",\"potentialAction\":[{\"@type\":\"ReadAction\",\"target\":[\"https:\/\/www.fiscalia.gov.co\/colombia\/hay-justicia\/en-magdalena-fiscalia-obtiene-condena-a-mas-de-38-anos-de-prision-para-un-hombre-que-acepto-haber-asesinado-a-su-expareja\/\"]}]},{\"@type\":\"BreadcrumbList\",\"@id\":\"https:\/\/www.fiscalia.gov.co\/colombia\/hay-justicia\/en-magdalena-fiscalia-obtiene-condena-a-mas-de-38-anos-de-prision-para-un-hombre-que-acepto-haber-asesinado-a-su-expareja\/#breadcrumb\",\"itemListElement\":[{\"@type\":\"ListItem\",\"position\":1,\"name\":\"Home\",\"item\":\"https:\/\/www.fiscalia.gov.co\/colombia\/\"},{\"@type\":\"ListItem\",\"position\":2,\"name\":\"En Magdalena Fiscal\u00eda obtiene condena a m\u00e1s de 38 a\u00f1os de prisi\u00f3n para un hombre que acept\u00f3 haber asesinado a su expareja\"}]},{\"@type\":\"WebSite\",\"@id\":\"https:\/\/www.fiscalia.gov.co\/colombia\/#website\",\"url\":\"https:\/\/www.fiscalia.gov.co\/colombia\/\",\"name\":\"Fiscal\u00eda General de la Naci\u00f3n\",\"description\":\"P\u00e1gina oficial de la Fiscal\u00eda General de la Naci\u00f3n \u2013 Colombia. Garantizamos el acceso efectivo a la justicia, la verdad y la reparaci\u00f3n de las v\u00edctimas de los delitos.\",\"publisher\":{\"@id\":\"https:\/\/www.fiscalia.gov.co\/colombia\/#organization\"},\"potentialAction\":[{\"@type\":\"SearchAction\",\"target\":{\"@type\":\"EntryPoint\",\"urlTemplate\":\"https:\/\/www.fiscalia.gov.co\/colombia\/?s={search_term_string}\"},\"query-input\":{\"@type\":\"PropertyValueSpecification\",\"valueRequired\":true,\"valueName\":\"search_term_string\"}}],\"inLanguage\":\"es-CO\"},{\"@type\":\"Organization\",\"@id\":\"https:\/\/www.fiscalia.gov.co\/colombia\/#organization\",\"name\":\"Fiscal\u00eda General de la Naci\u00f3n\",\"url\":\"https:\/\/www.fiscalia.gov.co\/colombia\/\",\"logo\":{\"@type\":\"ImageObject\",\"inLanguage\":\"es-CO\",\"@id\":\"https:\/\/www.fiscalia.gov.co\/colombia\/#\/schema\/logo\/image\/\",\"url\":\"https:\/\/www.fiscalia.gov.co\/colombia\/wp-content\/uploads\/LogoHorizontal_1.jpg\",\"contentUrl\":\"https:\/\/www.fiscalia.gov.co\/colombia\/wp-content\/uploads\/LogoHorizontal_1.jpg\",\"width\":300,\"height\":90,\"caption\":\"Fiscal\u00eda General de la Naci\u00f3n\"},\"image\":{\"@id\":\"https:\/\/www.fiscalia.gov.co\/colombia\/#\/schema\/logo\/image\/\"},\"sameAs\":[\"https:\/\/www.facebook.com\/FiscaliaCol\",\"https:\/\/x.com\/FiscaliaCol\",\"https:\/\/www.instagram.com\/fiscaliacol\",\"https:\/\/www.linkedin.com\/company\/fiscalia-general-de-la-naci-n\/\",\"https:\/\/youtube.com\/@fiscaliageneraldelanacion-4668?si=6nN79nyQICPU5iTh\"]},{\"@type\":\"Person\",\"@id\":\"https:\/\/www.fiscalia.gov.co\/colombia\/#\/schema\/person\/176195b99ebab0a52aafa15197e1bf80\",\"name\":\"Winnie Geraldine Rodr\u00edguez Navarrete\",\"image\":{\"@type\":\"ImageObject\",\"inLanguage\":\"es-CO\",\"@id\":\"https:\/\/www.fiscalia.gov.co\/colombia\/#\/schema\/person\/image\/\",\"url\":\"https:\/\/secure.gravatar.com\/avatar\/c24cf8481dc84fa5e8c7b20bc95ab0c6?s=96&d=mm&r=g\",\"contentUrl\":\"https:\/\/secure.gravatar.com\/avatar\/c24cf8481dc84fa5e8c7b20bc95ab0c6?s=96&d=mm&r=g\",\"caption\":\"Winnie Geraldine Rodr\u00edguez Navarrete\"},\"url\":\"https:\/\/www.fiscalia.gov.co\/colombia\/author\/winnierodriguez\/\"}]}<\/script>\n<!-- \/ Yoast SEO plugin. -->","yoast_head_json":{"title":"Fiscal\u00eda General de la Naci\u00f3n","description":"P\u00e1gina oficial de la Fiscal\u00eda General de la Naci\u00f3n \u2013 Colombia. Garantizamos el acceso efectivo a la justicia, la verdad y la reparaci\u00f3n de las v\u00edctimas de los delitos.","robots":{"index":"noindex","follow":"follow"},"og_locale":"es_ES","og_type":"article","og_title":"Fiscal\u00eda General de la Naci\u00f3n","og_description":"P\u00e1gina oficial de la Fiscal\u00eda General de la Naci\u00f3n \u2013 Colombia. Garantizamos el acceso efectivo a la justicia, la verdad y la reparaci\u00f3n de las v\u00edctimas de los delitos.","og_url":"https:\/\/www.fiscalia.gov.co\/colombia\/hay-justicia\/en-magdalena-fiscalia-obtiene-condena-a-mas-de-38-anos-de-prision-para-un-hombre-que-acepto-haber-asesinado-a-su-expareja\/","og_site_name":"Fiscal\u00eda General de la Naci\u00f3n","article_publisher":"https:\/\/www.facebook.com\/FiscaliaCol","article_published_time":"2024-11-26T21:15:21+00:00","author":"Winnie Geraldine Rodr\u00edguez Navarrete","twitter_card":"summary_large_image","twitter_creator":"@FiscaliaCol","twitter_site":"@FiscaliaCol","twitter_misc":{"Escrito por":"Winnie Geraldine Rodr\u00edguez Navarrete","Tiempo de lectura":"2 minutos"},"schema":{"@context":"https:\/\/schema.org","@graph":[{"@type":"Article","@id":"https:\/\/www.fiscalia.gov.co\/colombia\/hay-justicia\/en-magdalena-fiscalia-obtiene-condena-a-mas-de-38-anos-de-prision-para-un-hombre-que-acepto-haber-asesinado-a-su-expareja\/#article","isPartOf":{"@id":"https:\/\/www.fiscalia.gov.co\/colombia\/hay-justicia\/en-magdalena-fiscalia-obtiene-condena-a-mas-de-38-anos-de-prision-para-un-hombre-que-acepto-haber-asesinado-a-su-expareja\/"},"author":{"name":"Winnie Geraldine Rodr\u00edguez Navarrete","@id":"https:\/\/www.fiscalia.gov.co\/colombia\/#\/schema\/person\/176195b99ebab0a52aafa15197e1bf80"},"headline":"En Magdalena Fiscal\u00eda obtiene condena a m\u00e1s de 38 a\u00f1os de prisi\u00f3n para un hombre que acept\u00f3 haber asesinado a su expareja","datePublished":"2024-11-26T21:15:21+00:00","dateModified":"2024-11-26T21:15:21+00:00","mainEntityOfPage":{"@id":"https:\/\/www.fiscalia.gov.co\/colombia\/hay-justicia\/en-magdalena-fiscalia-obtiene-condena-a-mas-de-38-anos-de-prision-para-un-hombre-que-acepto-haber-asesinado-a-su-expareja\/"},"wordCount":312,"publisher":{"@id":"https:\/\/www.fiscalia.gov.co\/colombia\/#organization"},"keywords":["46 a\u00f1os","acept\u00f3 cargos","acept\u00f3 haber asesinado a su expareja.","Feminicidio","m\u00e1s de 38 a\u00f1os de prisi\u00f3n","Mujer","mujer herida con arma blanca","Pareja","Santa Marta","Santa Marta (Magdalena)","Seccional Magdalena","Taganga"],"articleSection":["Hay Justicia","Noticias","Violencia sexual e intrafamiliar"],"inLanguage":"es-CO"},{"@type":"WebPage","@id":"https:\/\/www.fiscalia.gov.co\/colombia\/hay-justicia\/en-magdalena-fiscalia-obtiene-condena-a-mas-de-38-anos-de-prision-para-un-hombre-que-acepto-haber-asesinado-a-su-expareja\/","url":"https:\/\/www.fiscalia.gov.co\/colombia\/hay-justicia\/en-magdalena-fiscalia-obtiene-condena-a-mas-de-38-anos-de-prision-para-un-hombre-que-acepto-haber-asesinado-a-su-expareja\/","name":"Fiscal\u00eda General de la Naci\u00f3n","isPartOf":{"@id":"https:\/\/www.fiscalia.gov.co\/colombia\/#website"},"datePublished":"2024-11-26T21:15:21+00:00","dateModified":"2024-11-26T21:15:21+00:00","description":"P\u00e1gina oficial de la Fiscal\u00eda General de la Naci\u00f3n \u2013 Colombia. Garantizamos el acceso efectivo a la justicia, la verdad y la reparaci\u00f3n de las v\u00edctimas de los delitos.","breadcrumb":{"@id":"https:\/\/www.fiscalia.gov.co\/colombia\/hay-justicia\/en-magdalena-fiscalia-obtiene-condena-a-mas-de-38-anos-de-prision-para-un-hombre-que-acepto-haber-asesinado-a-su-expareja\/#breadcrumb"},"inLanguage":"es-CO","potentialAction":[{"@type":"ReadAction","target":["https:\/\/www.fiscalia.gov.co\/colombia\/hay-justicia\/en-magdalena-fiscalia-obtiene-condena-a-mas-de-38-anos-de-prision-para-un-hombre-que-acepto-haber-asesinado-a-su-expareja\/"]}]},{"@type":"BreadcrumbList","@id":"https:\/\/www.fiscalia.gov.co\/colombia\/hay-justicia\/en-magdalena-fiscalia-obtiene-condena-a-mas-de-38-anos-de-prision-para-un-hombre-que-acepto-haber-asesinado-a-su-expareja\/#breadcrumb","itemListElement":[{"@type":"ListItem","position":1,"name":"Home","item":"https:\/\/www.fiscalia.gov.co\/colombia\/"},{"@type":"ListItem","position":2,"name":"En Magdalena Fiscal\u00eda obtiene condena a m\u00e1s de 38 a\u00f1os de prisi\u00f3n para un hombre que acept\u00f3 haber asesinado a su expareja"}]},{"@type":"WebSite","@id":"https:\/\/www.fiscalia.gov.co\/colombia\/#website","url":"https:\/\/www.fiscalia.gov.co\/colombia\/","name":"Fiscal\u00eda General de la Naci\u00f3n","description":"P\u00e1gina oficial de la Fiscal\u00eda General de la Naci\u00f3n \u2013 Colombia. Garantizamos el acceso efectivo a la justicia, la verdad y la reparaci\u00f3n de las v\u00edctimas de los delitos.","publisher":{"@id":"https:\/\/www.fiscalia.gov.co\/colombia\/#organization"},"potentialAction":[{"@type":"SearchAction","target":{"@type":"EntryPoint","urlTemplate":"https:\/\/www.fiscalia.gov.co\/colombia\/?s={search_term_string}"},"query-input":{"@type":"PropertyValueSpecification","valueRequired":true,"valueName":"search_term_string"}}],"inLanguage":"es-CO"},{"@type":"Organization","@id":"https:\/\/www.fiscalia.gov.co\/colombia\/#organization","name":"Fiscal\u00eda General de la Naci\u00f3n","url":"https:\/\/www.fiscalia.gov.co\/colombia\/","logo":{"@type":"ImageObject","inLanguage":"es-CO","@id":"https:\/\/www.fiscalia.gov.co\/colombia\/#\/schema\/logo\/image\/","url":"https:\/\/www.fiscalia.gov.co\/colombia\/wp-content\/uploads\/LogoHorizontal_1.jpg","contentUrl":"https:\/\/www.fiscalia.gov.co\/colombia\/wp-content\/uploads\/LogoHorizontal_1.jpg","width":300,"height":90,"caption":"Fiscal\u00eda General de la Naci\u00f3n"},"image":{"@id":"https:\/\/www.fiscalia.gov.co\/colombia\/#\/schema\/logo\/image\/"},"sameAs":["https:\/\/www.facebook.com\/FiscaliaCol","https:\/\/x.com\/FiscaliaCol","https:\/\/www.instagram.com\/fiscaliacol","https:\/\/www.linkedin.com\/company\/fiscalia-general-de-la-naci-n\/","https:\/\/youtube.com\/@fiscaliageneraldelanacion-4668?si=6nN79nyQICPU5iTh"]},{"@type":"Person","@id":"https:\/\/www.fiscalia.gov.co\/colombia\/#\/schema\/person\/176195b99ebab0a52aafa15197e1bf80","name":"Winnie Geraldine Rodr\u00edguez Navarrete","image":{"@type":"ImageObject","inLanguage":"es-CO","@id":"https:\/\/www.fiscalia.gov.co\/colombia\/#\/schema\/person\/image\/","url":"https:\/\/secure.gravatar.com\/avatar\/c24cf8481dc84fa5e8c7b20bc95ab0c6?s=96&d=mm&r=g","contentUrl":"https:\/\/secure.gravatar.com\/avatar\/c24cf8481dc84fa5e8c7b20bc95ab0c6?s=96&d=mm&r=g","caption":"Winnie Geraldine Rodr\u00edguez Navarrete"},"url":"https:\/\/www.fiscalia.gov.co\/colombia\/author\/winnierodriguez\/"}]}},"_links":{"self":[{"href":"https:\/\/www.fiscalia.gov.co\/colombia\/wp-json\/wp\/v2\/posts\/306425","targetHints":{"allow":["GET"]}}],"collection":[{"href":"https:\/\/www.fiscalia.gov.co\/colombia\/wp-json\/wp\/v2\/posts"}],"about":[{"href":"https:\/\/www.fiscalia.gov.co\/colombia\/wp-json\/wp\/v2\/types\/post"}],"author":[{"embeddable":true,"href":"https:\/\/www.fiscalia.gov.co\/colombia\/wp-json\/wp\/v2\/users\/178"}],"replies":[{"embeddable":true,"href":"https:\/\/www.fiscalia.gov.co\/colombia\/wp-json\/wp\/v2\/comments?post=306425"}],"version-history":[{"count":1,"href":"https:\/\/www.fiscalia.gov.co\/colombia\/wp-json\/wp\/v2\/posts\/306425\/revisions"}],"predecessor-version":[{"id":306426,"href":"https:\/\/www.fiscalia.gov.co\/colombia\/wp-json\/wp\/v2\/posts\/306425\/revisions\/306426"}],"wp:attachment":[{"href":"https:\/\/www.fiscalia.gov.co\/colombia\/wp-json\/wp\/v2\/media?parent=306425"}],"wp:term":[{"taxonomy":"category","embeddable":true,"href":"https:\/\/www.fiscalia.gov.co\/colombia\/wp-json\/wp\/v2\/categories?post=306425"},{"taxonomy":"post_tag","embeddable":true,"href":"https:\/\/www.fiscalia.gov.co\/colombia\/wp-json\/wp\/v2\/tags?post=306425"}],"curies":[{"name":"wp","href":"https:\/\/api.w.org\/{rel}","templated":true}]}}