{"id":306419,"date":"2024-11-26T16:10:02","date_gmt":"2024-11-26T21:10:02","guid":{"rendered":"https:\/\/www.fiscalia.gov.co\/colombia\/?p=306419"},"modified":"2024-11-26T16:10:02","modified_gmt":"2024-11-26T21:10:02","slug":"a-la-carcel-los-paqueteros-por-estafa-bajo-la-modalidad-de-paquete-chileno","status":"publish","type":"post","link":"https:\/\/www.fiscalia.gov.co\/colombia\/noticias\/a-la-carcel-los-paqueteros-por-estafa-bajo-la-modalidad-de-paquete-chileno\/","title":{"rendered":"A la c\u00e1rcel \u2018Los Paqueteros\u2019 por estafa bajo la modalidad de \u2018paquete chileno\u2019"},"content":{"rendered":"<p style=\"font-weight: 400;\">La Fiscal\u00eda General de la Naci\u00f3n, a trav\u00e9s de un despacho de la Estructura de Apoyo de la <strong>Seccional Tolima,<\/strong> en coordinaci\u00f3n con la Polic\u00eda Nacional, logr\u00f3 la captura de cuatro personas, quienes presuntamente pertenecen al grupo delincuencial denominado Los Paqueteros, dedicado a la estafa, bajo la modalidad de <strong>\u2018paquete chileno\u2019, en Tolima, Risaralda, Casanare, Valle del Cauca y Santander.<\/strong><\/p>\n<p style=\"font-weight: 400;\">Se trata de Miguel Antonio Hern\u00e1ndez Marcelo, Jenifer Yiseth Jim\u00e9nez Vargas, Jos\u00e9 Norbey Mosquera Serna e Iv\u00e1n Erazo Garz\u00f3n, quienes fueron imputados por los delitos de concierto para delinquir y estafa. Los procesados no aceptaron los cargos. <strong>Un juez de control de garant\u00edas les impuso medida de aseguramiento en establecimiento carcelario.<\/strong><\/p>\n<p><em><strong>Tambi\u00e9n le puede interesar:<\/strong><\/em><a href=\"https:\/\/www.fiscalia.gov.co\/colombia\/seguridad-territorial\/judicializado-presunto-responsable-de-hurto-mediante-la-modalidad-de-paquete-chileno-en-ginebra-valle\/\"> Judicializado presunto responsable de hurto mediante la modalidad de \u2018paquete chileno\u2019 en Ginebra (Valle)\u00a0<\/a><\/p>\n<p style=\"font-weight: 400;\">El desarrollo de la investigaci\u00f3n permiti\u00f3 determinar el modus operandi de \u2018Los Paqueteros\u2019, quienes, al parecer, cumpliendo roles espec\u00edficos, ubicaban a sus v\u00edctimas en diferentes entidades crediticias, y con paquetes enga\u00f1osos, que conten\u00edan bol\u00edvares o papeles, les hicieron perder altas sumas de dinero. <strong>Estas personas estar\u00edan vinculadas con siete eventos delictivos, que suman m\u00e1s de 35 millones de pesos, en hechos ocurridos entre marzo de 2023 y junio de 2024.<\/strong><\/p>\n<figure id=\"attachment_306420\" aria-describedby=\"caption-attachment-306420\" style=\"width: 483px\" class=\"wp-caption aligncenter\"><img loading=\"lazy\" decoding=\"async\" class=\" wp-image-306420\" src=\"https:\/\/www.fiscalia.gov.co\/colombia\/wp-content\/uploads\/los-paqueteros-paquete-chileno-tolima-300x213.jpeg\" alt=\" En la imagen se ven tres personas detenidas bajo custodia de la Polic\u00eda Nacional. Detr\u00e1s suyo un backing institucional. Delante de ellos varios elementos incautados como bol\u00edvares, billetes venezolanos y celulares.\" width=\"483\" height=\"343\" srcset=\"https:\/\/www.fiscalia.gov.co\/colombia\/wp-content\/uploads\/los-paqueteros-paquete-chileno-tolima-300x213.jpeg 300w, https:\/\/www.fiscalia.gov.co\/colombia\/wp-content\/uploads\/los-paqueteros-paquete-chileno-tolima-1024x728.jpeg 1024w, https:\/\/www.fiscalia.gov.co\/colombia\/wp-content\/uploads\/los-paqueteros-paquete-chileno-tolima-768x546.jpeg 768w, https:\/\/www.fiscalia.gov.co\/colombia\/wp-content\/uploads\/los-paqueteros-paquete-chileno-tolima-591x420.jpeg 591w, https:\/\/www.fiscalia.gov.co\/colombia\/wp-content\/uploads\/los-paqueteros-paquete-chileno-tolima-696x495.jpeg 696w, https:\/\/www.fiscalia.gov.co\/colombia\/wp-content\/uploads\/los-paqueteros-paquete-chileno-tolima-1068x759.jpeg 1068w, https:\/\/www.fiscalia.gov.co\/colombia\/wp-content\/uploads\/los-paqueteros-paquete-chileno-tolima-100x70.jpeg 100w, https:\/\/www.fiscalia.gov.co\/colombia\/wp-content\/uploads\/los-paqueteros-paquete-chileno-tolima.jpeg 1266w\" sizes=\"auto, (max-width: 483px) 100vw, 483px\" \/><figcaption id=\"caption-attachment-306420\" class=\"wp-caption-text\">Los procesados fueron detenidos en Bogot\u00e1, Villavicencio y Cali, en cumplimiento a la orden judicial que pesaba en su contra por concierto para delinquir y estafa. Durante las capturas les fueron incautados varios paquetes de comprobantes de pago de un banco, varios paquetes de diferentes denominaciones de bol\u00edvares, y aparatos celulares.<\/figcaption><\/figure>\n<p style=\"font-weight: 400;\">Entre estos se destaca el ocurrido el 19 de septiembre de 2023, <strong>en El Espinal (Tolima), cuando la v\u00edctima, empleado de una empresa distribuidora de llantas de la ciudad, fue enga\u00f1ada.<\/strong><\/p>\n<p style=\"font-weight: 400;\">El hombre deb\u00eda depositar en una entidad bancaria la suma de $5\u2019300.000, pero fue abordado por Erazo Garz\u00f3n, quien lo convenci\u00f3 de salir del lugar, momentos despu\u00e9s de que Hern\u00e1ndez Marcelo dejara caer un paquete delante de ellos, supuestamente con dinero. Mientras tanto, Jim\u00e9nez Vargas se encargar\u00eda de distraer a los otros clientes del banco.<\/p>\n<figure id=\"attachment_306421\" aria-describedby=\"caption-attachment-306421\" style=\"width: 453px\" class=\"wp-caption aligncenter\"><img loading=\"lazy\" decoding=\"async\" class=\" wp-image-306421\" src=\"https:\/\/www.fiscalia.gov.co\/colombia\/wp-content\/uploads\/paquete-chileno-dinero-falso-300x169.jpeg\" alt=\"se ven hojas de papel, y bol\u00edvares, as\u00ed como recibos en la imagen.\" width=\"453\" height=\"255\" srcset=\"https:\/\/www.fiscalia.gov.co\/colombia\/wp-content\/uploads\/paquete-chileno-dinero-falso-300x169.jpeg 300w, https:\/\/www.fiscalia.gov.co\/colombia\/wp-content\/uploads\/paquete-chileno-dinero-falso-1024x576.jpeg 1024w, https:\/\/www.fiscalia.gov.co\/colombia\/wp-content\/uploads\/paquete-chileno-dinero-falso-768x432.jpeg 768w, https:\/\/www.fiscalia.gov.co\/colombia\/wp-content\/uploads\/paquete-chileno-dinero-falso-1536x864.jpeg 1536w, https:\/\/www.fiscalia.gov.co\/colombia\/wp-content\/uploads\/paquete-chileno-dinero-falso-747x420.jpeg 747w, https:\/\/www.fiscalia.gov.co\/colombia\/wp-content\/uploads\/paquete-chileno-dinero-falso-696x392.jpeg 696w, https:\/\/www.fiscalia.gov.co\/colombia\/wp-content\/uploads\/paquete-chileno-dinero-falso-1068x601.jpeg 1068w, https:\/\/www.fiscalia.gov.co\/colombia\/wp-content\/uploads\/paquete-chileno-dinero-falso.jpeg 1600w\" sizes=\"auto, (max-width: 453px) 100vw, 453px\" \/><figcaption id=\"caption-attachment-306421\" class=\"wp-caption-text\">Este era el contenido de los paquetes enga\u00f1osos con los cuales eran estafadas las v\u00edctimas.<\/figcaption><\/figure>\n<p style=\"font-weight: 400;\">Fue as\u00ed como llegaron a una panader\u00eda cercana para repartirse el dinero, pero fueron sorprendidos por Hern\u00e1ndez Marcelo, quien les reclamar\u00eda por su supuesto dinero siendo ese el momento en que le cambiaron el sobre a la v\u00edctima, siendo estafado.<\/p>\n<p>&nbsp;<\/p>\n<p>&nbsp;<\/p>\n<p>&nbsp;<\/p>\n<p>&nbsp;<\/p>\n<p style=\"font-weight: 400;\">PAAM\/LMFO\/MCAA\/DST<\/p>\n<p style=\"font-weight: 400;\">\n<p>&nbsp;<\/p>\n<p>&nbsp;<\/p>\n<p><em>La informaci\u00f3n contenida en este bolet\u00edn de prensa corresponde a la narraci\u00f3n de los hechos noticiosos objetivos, suministrados por los funcionarios encargados de adelantar las investigaciones penales al interior de la Fiscal\u00eda General de la Naci\u00f3n. Para el momento de la divulgaci\u00f3n de este comunicado, la situaci\u00f3n jur\u00eddica de la(s) persona(s) relacionada(s) se encuentra pendiente de resolver por la autoridad judicial competente, siempre bajo los preceptos de la presunci\u00f3n de inocencia, consagrados en el art\u00edculo 29 de la Constituci\u00f3n Pol\u00edtica y el art\u00edculo 7\u00ba de la Ley 906 de 2004.<\/em><\/p>\n\n<div class=\"twitter-share\"><a href=\"https:\/\/twitter.com\/intent\/tweet?via=fiscaliacol\" class=\"twitter-share-button\">Tweet<\/a><\/div>\n","protected":false},"excerpt":{"rendered":"<p>La Fiscal\u00eda General de la Naci\u00f3n, a trav\u00e9s de un despacho de la Estructura de Apoyo de la Seccional Tolima, en coordinaci\u00f3n con la Polic\u00eda Nacional, logr\u00f3 la captura de cuatro personas, quienes presuntamente pertenecen al grupo delincuencial denominado Los Paqueteros, dedicado a la estafa, bajo la modalidad de \u2018paquete chileno\u2019, en Tolima, Risaralda, Casanare, [&hellip;]<\/p>\n","protected":false},"author":178,"featured_media":0,"comment_status":"closed","ping_status":"open","sticky":false,"template":"","format":"standard","meta":{"_price":"","_stock":"","_tribe_ticket_header":"","_tribe_default_ticket_provider":"","_tribe_ticket_capacity":"0","_ticket_start_date":"","_ticket_end_date":"","_tribe_ticket_show_description":"","_tribe_ticket_show_not_going":false,"_tribe_ticket_use_global_stock":"","_tribe_ticket_global_stock_level":"","_global_stock_mode":"","_global_stock_cap":"","_tribe_rsvp_for_event":"","_tribe_ticket_going_count":"","_tribe_ticket_not_going_count":"","_tribe_tickets_list":"[]","_tribe_ticket_has_attendee_info_fields":false,"tdm_status":"","tdm_grid_status":"","footnotes":""},"categories":[1,329,303,24099],"tags":[39518,2320,39520,7034,83,26039,24347,13948,23880,653,1047,24247,23838,23990,24816,39519,23828,558,23872,1561,24211,12189,1886,34222],"class_list":{"0":"post-306419","1":"post","2":"type-post","3":"status-publish","4":"format-standard","6":"category-noticias","7":"category-seccional-ibague","8":"category-seccionales","9":"category-seguridad-territorial","10":"tag-artimanas","11":"tag-banco","12":"tag-bolivares","13":"tag-casanare","14":"tag-concierto-para-delinquir","15":"tag-eda","16":"tag-engano","17":"tag-entidad-crediticia","18":"tag-espinal","19":"tag-estafa","20":"tag-fiscalia-general-de-la-nacion","21":"tag-grupo-delincuencial","22":"tag-ibague","23":"tag-ibague-tolima","24":"tag-paquete-chileno","25":"tag-paquete-enganoso","26":"tag-pereira","27":"tag-policia-nacional","28":"tag-risaralda","29":"tag-santander","30":"tag-seccional-tolima","31":"tag-tolima","32":"tag-valle-del-cauca","33":"tag-villanueva"},"yoast_head":"<!-- This site is optimized with the Yoast SEO plugin v24.3 - https:\/\/yoast.com\/wordpress\/plugins\/seo\/ -->\n<title>Fiscal\u00eda General de la Naci\u00f3n<\/title>\n<meta name=\"description\" content=\"P\u00e1gina oficial de la Fiscal\u00eda General de la Naci\u00f3n \u2013 Colombia. Garantizamos el acceso efectivo a la justicia, la verdad y la reparaci\u00f3n de las v\u00edctimas de los delitos.\" \/>\n<meta name=\"robots\" content=\"noindex, follow\" \/>\n<meta property=\"og:locale\" content=\"es_ES\" \/>\n<meta property=\"og:type\" content=\"article\" \/>\n<meta property=\"og:title\" content=\"Fiscal\u00eda General de la Naci\u00f3n\" \/>\n<meta property=\"og:description\" content=\"P\u00e1gina oficial de la Fiscal\u00eda General de la Naci\u00f3n \u2013 Colombia. Garantizamos el acceso efectivo a la justicia, la verdad y la reparaci\u00f3n de las v\u00edctimas de los delitos.\" \/>\n<meta property=\"og:url\" content=\"https:\/\/www.fiscalia.gov.co\/colombia\/noticias\/a-la-carcel-los-paqueteros-por-estafa-bajo-la-modalidad-de-paquete-chileno\/\" \/>\n<meta property=\"og:site_name\" content=\"Fiscal\u00eda General de la Naci\u00f3n\" \/>\n<meta property=\"article:publisher\" content=\"https:\/\/www.facebook.com\/FiscaliaCol\" \/>\n<meta property=\"article:published_time\" content=\"2024-11-26T21:10:02+00:00\" \/>\n<meta property=\"og:image\" content=\"https:\/\/www.fiscalia.gov.co\/colombia\/wp-content\/uploads\/los-paqueteros-paquete-chileno-tolima.jpeg\" \/>\n\t<meta property=\"og:image:width\" content=\"1266\" \/>\n\t<meta property=\"og:image:height\" content=\"900\" \/>\n\t<meta property=\"og:image:type\" content=\"image\/jpeg\" \/>\n<meta name=\"author\" content=\"Winnie Geraldine Rodr\u00edguez Navarrete\" \/>\n<meta name=\"twitter:card\" content=\"summary_large_image\" \/>\n<meta name=\"twitter:creator\" content=\"@FiscaliaCol\" \/>\n<meta name=\"twitter:site\" content=\"@FiscaliaCol\" \/>\n<meta name=\"twitter:label1\" content=\"Escrito por\" \/>\n\t<meta name=\"twitter:data1\" content=\"Winnie Geraldine Rodr\u00edguez Navarrete\" \/>\n\t<meta name=\"twitter:label2\" content=\"Tiempo de lectura\" \/>\n\t<meta name=\"twitter:data2\" content=\"3 minutos\" \/>\n<script type=\"application\/ld+json\" class=\"yoast-schema-graph\">{\"@context\":\"https:\/\/schema.org\",\"@graph\":[{\"@type\":\"Article\",\"@id\":\"https:\/\/www.fiscalia.gov.co\/colombia\/noticias\/a-la-carcel-los-paqueteros-por-estafa-bajo-la-modalidad-de-paquete-chileno\/#article\",\"isPartOf\":{\"@id\":\"https:\/\/www.fiscalia.gov.co\/colombia\/noticias\/a-la-carcel-los-paqueteros-por-estafa-bajo-la-modalidad-de-paquete-chileno\/\"},\"author\":{\"name\":\"Winnie Geraldine Rodr\u00edguez Navarrete\",\"@id\":\"https:\/\/www.fiscalia.gov.co\/colombia\/#\/schema\/person\/176195b99ebab0a52aafa15197e1bf80\"},\"headline\":\"A la c\u00e1rcel \u2018Los Paqueteros\u2019 por estafa bajo la modalidad de \u2018paquete chileno\u2019\",\"datePublished\":\"2024-11-26T21:10:02+00:00\",\"dateModified\":\"2024-11-26T21:10:02+00:00\",\"mainEntityOfPage\":{\"@id\":\"https:\/\/www.fiscalia.gov.co\/colombia\/noticias\/a-la-carcel-los-paqueteros-por-estafa-bajo-la-modalidad-de-paquete-chileno\/\"},\"wordCount\":559,\"publisher\":{\"@id\":\"https:\/\/www.fiscalia.gov.co\/colombia\/#organization\"},\"image\":{\"@id\":\"https:\/\/www.fiscalia.gov.co\/colombia\/noticias\/a-la-carcel-los-paqueteros-por-estafa-bajo-la-modalidad-de-paquete-chileno\/#primaryimage\"},\"thumbnailUrl\":\"https:\/\/www.fiscalia.gov.co\/colombia\/wp-content\/uploads\/los-paqueteros-paquete-chileno-tolima-300x213.jpeg\",\"keywords\":[\"artima\u00f1as\",\"Banco\",\"bol\u00edvares\",\"Casanare\",\"Concierto para delinquir\",\"EDA\",\"enga\u00f1o\",\"Entidad crediticia\",\"Espinal\",\"Estafa\",\"Fiscal\u00eda General de la Naci\u00f3n\",\"grupo delincuencial\",\"Ibagu\u00e9\",\"Ibagu\u00e9 (Tolima)\",\"paquete chileno\",\"paquete enga\u00f1oso\",\"Pereira\",\"Polic\u00eda Nacional\",\"Risaralda\",\"Santander\",\"Seccional Tolima\",\"Tolima\",\"Valle del Cauca\",\"Villanueva\"],\"articleSection\":[\"Noticias\",\"Seccional Ibagu\u00e9\",\"Seccionales\",\"Seguridad territorial\"],\"inLanguage\":\"es-CO\"},{\"@type\":\"WebPage\",\"@id\":\"https:\/\/www.fiscalia.gov.co\/colombia\/noticias\/a-la-carcel-los-paqueteros-por-estafa-bajo-la-modalidad-de-paquete-chileno\/\",\"url\":\"https:\/\/www.fiscalia.gov.co\/colombia\/noticias\/a-la-carcel-los-paqueteros-por-estafa-bajo-la-modalidad-de-paquete-chileno\/\",\"name\":\"Fiscal\u00eda General de la Naci\u00f3n\",\"isPartOf\":{\"@id\":\"https:\/\/www.fiscalia.gov.co\/colombia\/#website\"},\"primaryImageOfPage\":{\"@id\":\"https:\/\/www.fiscalia.gov.co\/colombia\/noticias\/a-la-carcel-los-paqueteros-por-estafa-bajo-la-modalidad-de-paquete-chileno\/#primaryimage\"},\"image\":{\"@id\":\"https:\/\/www.fiscalia.gov.co\/colombia\/noticias\/a-la-carcel-los-paqueteros-por-estafa-bajo-la-modalidad-de-paquete-chileno\/#primaryimage\"},\"thumbnailUrl\":\"https:\/\/www.fiscalia.gov.co\/colombia\/wp-content\/uploads\/los-paqueteros-paquete-chileno-tolima-300x213.jpeg\",\"datePublished\":\"2024-11-26T21:10:02+00:00\",\"dateModified\":\"2024-11-26T21:10:02+00:00\",\"description\":\"P\u00e1gina oficial de la Fiscal\u00eda General de la Naci\u00f3n \u2013 Colombia. Garantizamos el acceso efectivo a la justicia, la verdad y la reparaci\u00f3n de las v\u00edctimas de los delitos.\",\"breadcrumb\":{\"@id\":\"https:\/\/www.fiscalia.gov.co\/colombia\/noticias\/a-la-carcel-los-paqueteros-por-estafa-bajo-la-modalidad-de-paquete-chileno\/#breadcrumb\"},\"inLanguage\":\"es-CO\",\"potentialAction\":[{\"@type\":\"ReadAction\",\"target\":[\"https:\/\/www.fiscalia.gov.co\/colombia\/noticias\/a-la-carcel-los-paqueteros-por-estafa-bajo-la-modalidad-de-paquete-chileno\/\"]}]},{\"@type\":\"ImageObject\",\"inLanguage\":\"es-CO\",\"@id\":\"https:\/\/www.fiscalia.gov.co\/colombia\/noticias\/a-la-carcel-los-paqueteros-por-estafa-bajo-la-modalidad-de-paquete-chileno\/#primaryimage\",\"url\":\"https:\/\/www.fiscalia.gov.co\/colombia\/wp-content\/uploads\/los-paqueteros-paquete-chileno-tolima.jpeg\",\"contentUrl\":\"https:\/\/www.fiscalia.gov.co\/colombia\/wp-content\/uploads\/los-paqueteros-paquete-chileno-tolima.jpeg\",\"width\":1266,\"height\":900,\"caption\":\"Los procesados fueron detenidos en Bogot\u00e1, Villavicencio y Cali, en cumplimiento a la orden judicial que pesaba en su contra por concierto para delinquir y estafa. Durante las capturas les fueron incautados varios paquetes de comprobantes de pago de un banco, varios paquetes de diferentes denominaciones de bol\u00edvares, y aparatos celulares.\"},{\"@type\":\"BreadcrumbList\",\"@id\":\"https:\/\/www.fiscalia.gov.co\/colombia\/noticias\/a-la-carcel-los-paqueteros-por-estafa-bajo-la-modalidad-de-paquete-chileno\/#breadcrumb\",\"itemListElement\":[{\"@type\":\"ListItem\",\"position\":1,\"name\":\"Home\",\"item\":\"https:\/\/www.fiscalia.gov.co\/colombia\/\"},{\"@type\":\"ListItem\",\"position\":2,\"name\":\"A la c\u00e1rcel \u2018Los Paqueteros\u2019 por estafa bajo la modalidad de \u2018paquete chileno\u2019\"}]},{\"@type\":\"WebSite\",\"@id\":\"https:\/\/www.fiscalia.gov.co\/colombia\/#website\",\"url\":\"https:\/\/www.fiscalia.gov.co\/colombia\/\",\"name\":\"Fiscal\u00eda General de la Naci\u00f3n\",\"description\":\"P\u00e1gina oficial de la Fiscal\u00eda General de la Naci\u00f3n \u2013 Colombia. Garantizamos el acceso efectivo a la justicia, la verdad y la reparaci\u00f3n de las v\u00edctimas de los delitos.\",\"publisher\":{\"@id\":\"https:\/\/www.fiscalia.gov.co\/colombia\/#organization\"},\"potentialAction\":[{\"@type\":\"SearchAction\",\"target\":{\"@type\":\"EntryPoint\",\"urlTemplate\":\"https:\/\/www.fiscalia.gov.co\/colombia\/?s={search_term_string}\"},\"query-input\":{\"@type\":\"PropertyValueSpecification\",\"valueRequired\":true,\"valueName\":\"search_term_string\"}}],\"inLanguage\":\"es-CO\"},{\"@type\":\"Organization\",\"@id\":\"https:\/\/www.fiscalia.gov.co\/colombia\/#organization\",\"name\":\"Fiscal\u00eda General de la Naci\u00f3n\",\"url\":\"https:\/\/www.fiscalia.gov.co\/colombia\/\",\"logo\":{\"@type\":\"ImageObject\",\"inLanguage\":\"es-CO\",\"@id\":\"https:\/\/www.fiscalia.gov.co\/colombia\/#\/schema\/logo\/image\/\",\"url\":\"https:\/\/www.fiscalia.gov.co\/colombia\/wp-content\/uploads\/LogoHorizontal_1.jpg\",\"contentUrl\":\"https:\/\/www.fiscalia.gov.co\/colombia\/wp-content\/uploads\/LogoHorizontal_1.jpg\",\"width\":300,\"height\":90,\"caption\":\"Fiscal\u00eda General de la Naci\u00f3n\"},\"image\":{\"@id\":\"https:\/\/www.fiscalia.gov.co\/colombia\/#\/schema\/logo\/image\/\"},\"sameAs\":[\"https:\/\/www.facebook.com\/FiscaliaCol\",\"https:\/\/x.com\/FiscaliaCol\",\"https:\/\/www.instagram.com\/fiscaliacol\",\"https:\/\/www.linkedin.com\/company\/fiscalia-general-de-la-naci-n\/\",\"https:\/\/youtube.com\/@fiscaliageneraldelanacion-4668?si=6nN79nyQICPU5iTh\"]},{\"@type\":\"Person\",\"@id\":\"https:\/\/www.fiscalia.gov.co\/colombia\/#\/schema\/person\/176195b99ebab0a52aafa15197e1bf80\",\"name\":\"Winnie Geraldine Rodr\u00edguez Navarrete\",\"image\":{\"@type\":\"ImageObject\",\"inLanguage\":\"es-CO\",\"@id\":\"https:\/\/www.fiscalia.gov.co\/colombia\/#\/schema\/person\/image\/\",\"url\":\"https:\/\/secure.gravatar.com\/avatar\/c24cf8481dc84fa5e8c7b20bc95ab0c6?s=96&d=mm&r=g\",\"contentUrl\":\"https:\/\/secure.gravatar.com\/avatar\/c24cf8481dc84fa5e8c7b20bc95ab0c6?s=96&d=mm&r=g\",\"caption\":\"Winnie Geraldine Rodr\u00edguez Navarrete\"},\"url\":\"https:\/\/www.fiscalia.gov.co\/colombia\/author\/winnierodriguez\/\"}]}<\/script>\n<!-- \/ Yoast SEO plugin. -->","yoast_head_json":{"title":"Fiscal\u00eda General de la Naci\u00f3n","description":"P\u00e1gina oficial de la Fiscal\u00eda General de la Naci\u00f3n \u2013 Colombia. Garantizamos el acceso efectivo a la justicia, la verdad y la reparaci\u00f3n de las v\u00edctimas de los delitos.","robots":{"index":"noindex","follow":"follow"},"og_locale":"es_ES","og_type":"article","og_title":"Fiscal\u00eda General de la Naci\u00f3n","og_description":"P\u00e1gina oficial de la Fiscal\u00eda General de la Naci\u00f3n \u2013 Colombia. Garantizamos el acceso efectivo a la justicia, la verdad y la reparaci\u00f3n de las v\u00edctimas de los delitos.","og_url":"https:\/\/www.fiscalia.gov.co\/colombia\/noticias\/a-la-carcel-los-paqueteros-por-estafa-bajo-la-modalidad-de-paquete-chileno\/","og_site_name":"Fiscal\u00eda General de la Naci\u00f3n","article_publisher":"https:\/\/www.facebook.com\/FiscaliaCol","article_published_time":"2024-11-26T21:10:02+00:00","og_image":[{"width":1266,"height":900,"url":"https:\/\/www.fiscalia.gov.co\/colombia\/wp-content\/uploads\/los-paqueteros-paquete-chileno-tolima.jpeg","type":"image\/jpeg"}],"author":"Winnie Geraldine Rodr\u00edguez Navarrete","twitter_card":"summary_large_image","twitter_creator":"@FiscaliaCol","twitter_site":"@FiscaliaCol","twitter_misc":{"Escrito por":"Winnie Geraldine Rodr\u00edguez Navarrete","Tiempo de lectura":"3 minutos"},"schema":{"@context":"https:\/\/schema.org","@graph":[{"@type":"Article","@id":"https:\/\/www.fiscalia.gov.co\/colombia\/noticias\/a-la-carcel-los-paqueteros-por-estafa-bajo-la-modalidad-de-paquete-chileno\/#article","isPartOf":{"@id":"https:\/\/www.fiscalia.gov.co\/colombia\/noticias\/a-la-carcel-los-paqueteros-por-estafa-bajo-la-modalidad-de-paquete-chileno\/"},"author":{"name":"Winnie Geraldine Rodr\u00edguez Navarrete","@id":"https:\/\/www.fiscalia.gov.co\/colombia\/#\/schema\/person\/176195b99ebab0a52aafa15197e1bf80"},"headline":"A la c\u00e1rcel \u2018Los Paqueteros\u2019 por estafa bajo la modalidad de \u2018paquete chileno\u2019","datePublished":"2024-11-26T21:10:02+00:00","dateModified":"2024-11-26T21:10:02+00:00","mainEntityOfPage":{"@id":"https:\/\/www.fiscalia.gov.co\/colombia\/noticias\/a-la-carcel-los-paqueteros-por-estafa-bajo-la-modalidad-de-paquete-chileno\/"},"wordCount":559,"publisher":{"@id":"https:\/\/www.fiscalia.gov.co\/colombia\/#organization"},"image":{"@id":"https:\/\/www.fiscalia.gov.co\/colombia\/noticias\/a-la-carcel-los-paqueteros-por-estafa-bajo-la-modalidad-de-paquete-chileno\/#primaryimage"},"thumbnailUrl":"https:\/\/www.fiscalia.gov.co\/colombia\/wp-content\/uploads\/los-paqueteros-paquete-chileno-tolima-300x213.jpeg","keywords":["artima\u00f1as","Banco","bol\u00edvares","Casanare","Concierto para delinquir","EDA","enga\u00f1o","Entidad crediticia","Espinal","Estafa","Fiscal\u00eda General de la Naci\u00f3n","grupo delincuencial","Ibagu\u00e9","Ibagu\u00e9 (Tolima)","paquete chileno","paquete enga\u00f1oso","Pereira","Polic\u00eda Nacional","Risaralda","Santander","Seccional Tolima","Tolima","Valle del Cauca","Villanueva"],"articleSection":["Noticias","Seccional Ibagu\u00e9","Seccionales","Seguridad territorial"],"inLanguage":"es-CO"},{"@type":"WebPage","@id":"https:\/\/www.fiscalia.gov.co\/colombia\/noticias\/a-la-carcel-los-paqueteros-por-estafa-bajo-la-modalidad-de-paquete-chileno\/","url":"https:\/\/www.fiscalia.gov.co\/colombia\/noticias\/a-la-carcel-los-paqueteros-por-estafa-bajo-la-modalidad-de-paquete-chileno\/","name":"Fiscal\u00eda General de la Naci\u00f3n","isPartOf":{"@id":"https:\/\/www.fiscalia.gov.co\/colombia\/#website"},"primaryImageOfPage":{"@id":"https:\/\/www.fiscalia.gov.co\/colombia\/noticias\/a-la-carcel-los-paqueteros-por-estafa-bajo-la-modalidad-de-paquete-chileno\/#primaryimage"},"image":{"@id":"https:\/\/www.fiscalia.gov.co\/colombia\/noticias\/a-la-carcel-los-paqueteros-por-estafa-bajo-la-modalidad-de-paquete-chileno\/#primaryimage"},"thumbnailUrl":"https:\/\/www.fiscalia.gov.co\/colombia\/wp-content\/uploads\/los-paqueteros-paquete-chileno-tolima-300x213.jpeg","datePublished":"2024-11-26T21:10:02+00:00","dateModified":"2024-11-26T21:10:02+00:00","description":"P\u00e1gina oficial de la Fiscal\u00eda General de la Naci\u00f3n \u2013 Colombia. Garantizamos el acceso efectivo a la justicia, la verdad y la reparaci\u00f3n de las v\u00edctimas de los delitos.","breadcrumb":{"@id":"https:\/\/www.fiscalia.gov.co\/colombia\/noticias\/a-la-carcel-los-paqueteros-por-estafa-bajo-la-modalidad-de-paquete-chileno\/#breadcrumb"},"inLanguage":"es-CO","potentialAction":[{"@type":"ReadAction","target":["https:\/\/www.fiscalia.gov.co\/colombia\/noticias\/a-la-carcel-los-paqueteros-por-estafa-bajo-la-modalidad-de-paquete-chileno\/"]}]},{"@type":"ImageObject","inLanguage":"es-CO","@id":"https:\/\/www.fiscalia.gov.co\/colombia\/noticias\/a-la-carcel-los-paqueteros-por-estafa-bajo-la-modalidad-de-paquete-chileno\/#primaryimage","url":"https:\/\/www.fiscalia.gov.co\/colombia\/wp-content\/uploads\/los-paqueteros-paquete-chileno-tolima.jpeg","contentUrl":"https:\/\/www.fiscalia.gov.co\/colombia\/wp-content\/uploads\/los-paqueteros-paquete-chileno-tolima.jpeg","width":1266,"height":900,"caption":"Los procesados fueron detenidos en Bogot\u00e1, Villavicencio y Cali, en cumplimiento a la orden judicial que pesaba en su contra por concierto para delinquir y estafa. Durante las capturas les fueron incautados varios paquetes de comprobantes de pago de un banco, varios paquetes de diferentes denominaciones de bol\u00edvares, y aparatos celulares."},{"@type":"BreadcrumbList","@id":"https:\/\/www.fiscalia.gov.co\/colombia\/noticias\/a-la-carcel-los-paqueteros-por-estafa-bajo-la-modalidad-de-paquete-chileno\/#breadcrumb","itemListElement":[{"@type":"ListItem","position":1,"name":"Home","item":"https:\/\/www.fiscalia.gov.co\/colombia\/"},{"@type":"ListItem","position":2,"name":"A la c\u00e1rcel \u2018Los Paqueteros\u2019 por estafa bajo la modalidad de \u2018paquete chileno\u2019"}]},{"@type":"WebSite","@id":"https:\/\/www.fiscalia.gov.co\/colombia\/#website","url":"https:\/\/www.fiscalia.gov.co\/colombia\/","name":"Fiscal\u00eda General de la Naci\u00f3n","description":"P\u00e1gina oficial de la Fiscal\u00eda General de la Naci\u00f3n \u2013 Colombia. Garantizamos el acceso efectivo a la justicia, la verdad y la reparaci\u00f3n de las v\u00edctimas de los delitos.","publisher":{"@id":"https:\/\/www.fiscalia.gov.co\/colombia\/#organization"},"potentialAction":[{"@type":"SearchAction","target":{"@type":"EntryPoint","urlTemplate":"https:\/\/www.fiscalia.gov.co\/colombia\/?s={search_term_string}"},"query-input":{"@type":"PropertyValueSpecification","valueRequired":true,"valueName":"search_term_string"}}],"inLanguage":"es-CO"},{"@type":"Organization","@id":"https:\/\/www.fiscalia.gov.co\/colombia\/#organization","name":"Fiscal\u00eda General de la Naci\u00f3n","url":"https:\/\/www.fiscalia.gov.co\/colombia\/","logo":{"@type":"ImageObject","inLanguage":"es-CO","@id":"https:\/\/www.fiscalia.gov.co\/colombia\/#\/schema\/logo\/image\/","url":"https:\/\/www.fiscalia.gov.co\/colombia\/wp-content\/uploads\/LogoHorizontal_1.jpg","contentUrl":"https:\/\/www.fiscalia.gov.co\/colombia\/wp-content\/uploads\/LogoHorizontal_1.jpg","width":300,"height":90,"caption":"Fiscal\u00eda General de la Naci\u00f3n"},"image":{"@id":"https:\/\/www.fiscalia.gov.co\/colombia\/#\/schema\/logo\/image\/"},"sameAs":["https:\/\/www.facebook.com\/FiscaliaCol","https:\/\/x.com\/FiscaliaCol","https:\/\/www.instagram.com\/fiscaliacol","https:\/\/www.linkedin.com\/company\/fiscalia-general-de-la-naci-n\/","https:\/\/youtube.com\/@fiscaliageneraldelanacion-4668?si=6nN79nyQICPU5iTh"]},{"@type":"Person","@id":"https:\/\/www.fiscalia.gov.co\/colombia\/#\/schema\/person\/176195b99ebab0a52aafa15197e1bf80","name":"Winnie Geraldine Rodr\u00edguez Navarrete","image":{"@type":"ImageObject","inLanguage":"es-CO","@id":"https:\/\/www.fiscalia.gov.co\/colombia\/#\/schema\/person\/image\/","url":"https:\/\/secure.gravatar.com\/avatar\/c24cf8481dc84fa5e8c7b20bc95ab0c6?s=96&d=mm&r=g","contentUrl":"https:\/\/secure.gravatar.com\/avatar\/c24cf8481dc84fa5e8c7b20bc95ab0c6?s=96&d=mm&r=g","caption":"Winnie Geraldine Rodr\u00edguez Navarrete"},"url":"https:\/\/www.fiscalia.gov.co\/colombia\/author\/winnierodriguez\/"}]}},"_links":{"self":[{"href":"https:\/\/www.fiscalia.gov.co\/colombia\/wp-json\/wp\/v2\/posts\/306419","targetHints":{"allow":["GET"]}}],"collection":[{"href":"https:\/\/www.fiscalia.gov.co\/colombia\/wp-json\/wp\/v2\/posts"}],"about":[{"href":"https:\/\/www.fiscalia.gov.co\/colombia\/wp-json\/wp\/v2\/types\/post"}],"author":[{"embeddable":true,"href":"https:\/\/www.fiscalia.gov.co\/colombia\/wp-json\/wp\/v2\/users\/178"}],"replies":[{"embeddable":true,"href":"https:\/\/www.fiscalia.gov.co\/colombia\/wp-json\/wp\/v2\/comments?post=306419"}],"version-history":[{"count":1,"href":"https:\/\/www.fiscalia.gov.co\/colombia\/wp-json\/wp\/v2\/posts\/306419\/revisions"}],"predecessor-version":[{"id":306422,"href":"https:\/\/www.fiscalia.gov.co\/colombia\/wp-json\/wp\/v2\/posts\/306419\/revisions\/306422"}],"wp:attachment":[{"href":"https:\/\/www.fiscalia.gov.co\/colombia\/wp-json\/wp\/v2\/media?parent=306419"}],"wp:term":[{"taxonomy":"category","embeddable":true,"href":"https:\/\/www.fiscalia.gov.co\/colombia\/wp-json\/wp\/v2\/categories?post=306419"},{"taxonomy":"post_tag","embeddable":true,"href":"https:\/\/www.fiscalia.gov.co\/colombia\/wp-json\/wp\/v2\/tags?post=306419"}],"curies":[{"name":"wp","href":"https:\/\/api.w.org\/{rel}","templated":true}]}}