{"id":306390,"date":"2024-11-26T15:58:42","date_gmt":"2024-11-26T20:58:42","guid":{"rendered":"https:\/\/www.fiscalia.gov.co\/colombia\/?p=306390"},"modified":"2024-11-26T15:58:42","modified_gmt":"2024-11-26T20:58:42","slug":"asegurados-un-hombre-y-una-mujer-senalados-de-hurtar-celulares-en-cartagena","status":"publish","type":"post","link":"https:\/\/www.fiscalia.gov.co\/colombia\/noticias\/asegurados-un-hombre-y-una-mujer-senalados-de-hurtar-celulares-en-cartagena\/","title":{"rendered":"Asegurados un hombre y una mujer se\u00f1alados de hurtar celulares en Cartagena"},"content":{"rendered":"<p>Por solicitud de la Fiscal\u00eda, jueces de control de garant\u00edas impusieron medida de aseguramiento en centro carcelario contra un hombre y una mujer,<strong> quienes, en hechos diferentes, son presuntos responsables del delito de hurto calificado y agravado.<\/strong><\/p>\n<p>Se trata de Eudaris de Jes\u00fas Mart\u00ednez Gonz\u00e1lez, de 32 a\u00f1os, y Saray Daniela Arrieta Quintero, de 22, quienes, el pasado 10 de noviembre, en el marco de las fiestas de independencia en el barrio Getseman\u00ed de Cartagena, al parecer, cometieron los robos.<\/p>\n<figure id=\"attachment_306393\" aria-describedby=\"caption-attachment-306393\" style=\"width: 368px\" class=\"wp-caption aligncenter\"><img loading=\"lazy\" decoding=\"async\" class=\" wp-image-306393\" src=\"https:\/\/www.fiscalia.gov.co\/colombia\/wp-content\/uploads\/foto-1-boletin-26-de-noviembre-hurto--285x300.jpeg\" alt=\"En la imagen se encuentra un hombre de contextura gruesa de pie, con los brazos atr\u00e1s esposado, vestido con una camiseta negra, bermuda de jean azul y tenis negros. Est\u00e1 custodiado por dos uniformados de la Polic\u00eda Nacional. \" width=\"368\" height=\"387\" srcset=\"https:\/\/www.fiscalia.gov.co\/colombia\/wp-content\/uploads\/foto-1-boletin-26-de-noviembre-hurto--285x300.jpeg 285w, https:\/\/www.fiscalia.gov.co\/colombia\/wp-content\/uploads\/foto-1-boletin-26-de-noviembre-hurto--972x1024.jpeg 972w, https:\/\/www.fiscalia.gov.co\/colombia\/wp-content\/uploads\/foto-1-boletin-26-de-noviembre-hurto--768x809.jpeg 768w, https:\/\/www.fiscalia.gov.co\/colombia\/wp-content\/uploads\/foto-1-boletin-26-de-noviembre-hurto--1458x1536.jpeg 1458w, https:\/\/www.fiscalia.gov.co\/colombia\/wp-content\/uploads\/foto-1-boletin-26-de-noviembre-hurto--399x420.jpeg 399w, https:\/\/www.fiscalia.gov.co\/colombia\/wp-content\/uploads\/foto-1-boletin-26-de-noviembre-hurto--696x733.jpeg 696w, https:\/\/www.fiscalia.gov.co\/colombia\/wp-content\/uploads\/foto-1-boletin-26-de-noviembre-hurto--1068x1125.jpeg 1068w, https:\/\/www.fiscalia.gov.co\/colombia\/wp-content\/uploads\/foto-1-boletin-26-de-noviembre-hurto-.jpeg 1519w\" sizes=\"auto, (max-width: 368px) 100vw, 368px\" \/><figcaption id=\"caption-attachment-306393\" class=\"wp-caption-text\">Eudaris de Jes\u00fas Mart\u00ednez Gonz\u00e1lez, judicializado.<\/figcaption><\/figure>\n<p><em><strong>Le\u00a0<\/strong><\/em><em><strong>puede<\/strong><\/em><em><strong>\u00a0interesar: <\/strong><\/em><a href=\"https:\/\/www.fiscalia.gov.co\/colombia\/noticias\/fiscalia-judicializa-a-menor-que-estaria-involucrado-en-un-hurto-en-la-isla-de-san-andres\/\" data-saferedirecturl=\"https:\/\/www.google.com\/url?q=https:\/\/www.fiscalia.gov.co\/colombia\/noticias\/fiscalia-judicializa-a-menor-que-estaria-involucrado-en-un-hurto-en-la-isla-de-san-andres\/&amp;source=gmail&amp;ust=1732735853792000&amp;usg=AOvVaw3IlW-Ozdm3JyAO35xEextN\">Fiscal\u00eda judicializa a menor que estar\u00eda involucrado en un hurto en la isla de San Andr\u00e9s<\/a><\/p>\n<p>Mart\u00ednez Gonz\u00e1lez, al parecer, en compa\u00f1\u00eda de otras personas, l<strong>anzaron espuma en los ojos a un hombre, que asist\u00eda con su familia a un desfile ancestral callejero, para distraerlo y as\u00ed apoderarse de los celulares que ten\u00edan en sus bolsillos y carteras.<\/strong><\/p>\n<p>La v\u00edctima, que se percat\u00f3 de la modalidad de hurto, logr\u00f3 con la colaboraci\u00f3n de la ciudadan\u00eda detener al hoy implicado y entregarlo a la Polic\u00eda Nacional que hizo presencia en el lugar. Ante un juez de control de garant\u00edas, el hombre acept\u00f3 los cargos que le formul\u00f3 el ente acusador.<\/p>\n<figure id=\"attachment_306414\" aria-describedby=\"caption-attachment-306414\" style=\"width: 436px\" class=\"wp-caption aligncenter\"><img loading=\"lazy\" decoding=\"async\" class=\" wp-image-306414\" src=\"https:\/\/www.fiscalia.gov.co\/colombia\/wp-content\/uploads\/Foto-2-boletin-26-de-noviembre-hurto--300x272.jpeg\" alt=\" En la fotograf\u00eda est\u00e1 una mujer trigue\u00f1a, de contextura mediana, de baja estatura, cabellos largos negros, trenzados con la cabeza agachada y los brazos atr\u00e1s esposados. Est\u00e1 vestida con una camiseta azul oscura y  un pantal\u00f3n azul claro. Delante de ellas hay una mesa con celulares incautados. \" width=\"436\" height=\"395\" srcset=\"https:\/\/www.fiscalia.gov.co\/colombia\/wp-content\/uploads\/Foto-2-boletin-26-de-noviembre-hurto--300x272.jpeg 300w, https:\/\/www.fiscalia.gov.co\/colombia\/wp-content\/uploads\/Foto-2-boletin-26-de-noviembre-hurto--1024x929.jpeg 1024w, https:\/\/www.fiscalia.gov.co\/colombia\/wp-content\/uploads\/Foto-2-boletin-26-de-noviembre-hurto--768x696.jpeg 768w, https:\/\/www.fiscalia.gov.co\/colombia\/wp-content\/uploads\/Foto-2-boletin-26-de-noviembre-hurto--1536x1393.jpeg 1536w, https:\/\/www.fiscalia.gov.co\/colombia\/wp-content\/uploads\/Foto-2-boletin-26-de-noviembre-hurto--463x420.jpeg 463w, https:\/\/www.fiscalia.gov.co\/colombia\/wp-content\/uploads\/Foto-2-boletin-26-de-noviembre-hurto--696x631.jpeg 696w, https:\/\/www.fiscalia.gov.co\/colombia\/wp-content\/uploads\/Foto-2-boletin-26-de-noviembre-hurto--1068x969.jpeg 1068w, https:\/\/www.fiscalia.gov.co\/colombia\/wp-content\/uploads\/Foto-2-boletin-26-de-noviembre-hurto-.jpeg 1600w\" sizes=\"auto, (max-width: 436px) 100vw, 436px\" \/><figcaption id=\"caption-attachment-306414\" class=\"wp-caption-text\">Saray Daniela Arrieta Quintero, judicializada.<\/figcaption><\/figure>\n<p><em><strong>Lea tambi\u00e9n:<\/strong><\/em> <a href=\"https:\/\/www.fiscalia.gov.co\/colombia\/noticias\/asegurado-en-centro-carcelario-presunto-responsable-del-hurto-de-motocicletas-en-floridablanca-santander\/\" data-saferedirecturl=\"https:\/\/www.google.com\/url?q=https:\/\/www.fiscalia.gov.co\/colombia\/noticias\/asegurado-en-centro-carcelario-presunto-responsable-del-hurto-de-motocicletas-en-floridablanca-santander\/&amp;source=gmail&amp;ust=1732735853793000&amp;usg=AOvVaw3e7JP6geHsCaLAXDqlw49c\">Asegurado en centro carcelario presunto responsable del hurto de motocicletas en Floridablanca, Santander<\/a><\/p>\n<p>Entre tanto, Arrieta Quintero, fue capturada en flagrancia, luego de que una estudiante alertara a las autoridades del hurto de su tel\u00e9fono celular. En su poder les fueron hallados 9 celulares, que habr\u00edan sido reportados como robados durante esas actividades culturales.<\/p>\n<p>En las audiencias preliminares, la mujer no acept\u00f3 su responsabilidad en el delito imputado.<\/p>\n<p>&nbsp;<\/p>\n<p>MEVA\/LMFO\/JCV\/EGM\/DSB<\/p>\n<p><em>La informaci\u00f3n contenida en este bolet\u00edn de prensa corresponde a la narraci\u00f3n de los hechos noticiosos objetivos, suministrados por los funcionarios encargados de adelantar las investigaciones penales al interior de la Fiscal\u00eda General de la Naci\u00f3n. Para el momento de la divulgaci\u00f3n de este comunicado, la situaci\u00f3n jur\u00eddica de la(s) persona(s) relacionada(s) se encuentra pendiente de resolver por la autoridad judicial competente, siempre bajo los preceptos de la presunci\u00f3n de inocencia, consagrados en el art\u00edculo 29 de la Constituci\u00f3n Pol\u00edtica y el art\u00edculo 7\u00ba de la Ley 906 de 2004.<\/em><\/p>\n<p>&nbsp;<\/p>\n<p>&nbsp;<\/p>\n<p>&nbsp;<\/p>\n<p>&nbsp;<\/p>\n\n<div class=\"twitter-share\"><a href=\"https:\/\/twitter.com\/intent\/tweet?via=fiscaliacol\" class=\"twitter-share-button\">Tweet<\/a><\/div>\n","protected":false},"excerpt":{"rendered":"<p>Por solicitud de la Fiscal\u00eda, jueces de control de garant\u00edas impusieron medida de aseguramiento en centro carcelario contra un hombre y una mujer, quienes, en hechos diferentes, son presuntos responsables del delito de hurto calificado y agravado. Se trata de Eudaris de Jes\u00fas Mart\u00ednez Gonz\u00e1lez, de 32 a\u00f1os, y Saray Daniela Arrieta Quintero, de 22, [&hellip;]<\/p>\n","protected":false},"author":178,"featured_media":0,"comment_status":"closed","ping_status":"open","sticky":false,"template":"","format":"standard","meta":{"_price":"","_stock":"","_tribe_ticket_header":"","_tribe_default_ticket_provider":"","_tribe_ticket_capacity":"0","_ticket_start_date":"","_ticket_end_date":"","_tribe_ticket_show_description":"","_tribe_ticket_show_not_going":false,"_tribe_ticket_use_global_stock":"","_tribe_ticket_global_stock_level":"","_global_stock_mode":"","_global_stock_cap":"","_tribe_rsvp_for_event":"","_tribe_ticket_going_count":"","_tribe_ticket_not_going_count":"","_tribe_tickets_list":"[]","_tribe_ticket_has_attendee_info_fields":false,"tdm_status":"","tdm_grid_status":"","footnotes":""},"categories":[1,24099],"tags":[39513,39512,14550,23819,23998,1509,16936,3504,24187,1047,23960,24277,2067,558,26165,30568],"class_list":{"0":"post-306390","1":"post","2":"type-post","3":"status-publish","4":"format-standard","6":"category-noticias","7":"category-seguridad-territorial","8":"tag-allano","9":"tag-callejera","10":"tag-carcel","11":"tag-cartagena","12":"tag-cartagena-bolivar","13":"tag-celulares","14":"tag-cosquilleo","15":"tag-fiesta","16":"tag-fiscalia-colombia","17":"tag-fiscalia-general-de-la-nacion","18":"tag-hurto","19":"tag-medida","20":"tag-mujer","21":"tag-policia-nacional","22":"tag-procesados","23":"tag-robos"},"yoast_head":"<!-- This site is optimized with the Yoast SEO plugin v24.3 - https:\/\/yoast.com\/wordpress\/plugins\/seo\/ -->\n<title>Fiscal\u00eda General de la Naci\u00f3n<\/title>\n<meta name=\"description\" content=\"P\u00e1gina oficial de la Fiscal\u00eda General de la Naci\u00f3n \u2013 Colombia. Garantizamos el acceso efectivo a la justicia, la verdad y la reparaci\u00f3n de las v\u00edctimas de los delitos.\" \/>\n<meta name=\"robots\" content=\"noindex, follow\" \/>\n<meta property=\"og:locale\" content=\"es_ES\" \/>\n<meta property=\"og:type\" content=\"article\" \/>\n<meta property=\"og:title\" content=\"Fiscal\u00eda General de la Naci\u00f3n\" \/>\n<meta property=\"og:description\" content=\"P\u00e1gina oficial de la Fiscal\u00eda General de la Naci\u00f3n \u2013 Colombia. Garantizamos el acceso efectivo a la justicia, la verdad y la reparaci\u00f3n de las v\u00edctimas de los delitos.\" \/>\n<meta property=\"og:url\" content=\"https:\/\/www.fiscalia.gov.co\/colombia\/noticias\/asegurados-un-hombre-y-una-mujer-senalados-de-hurtar-celulares-en-cartagena\/\" \/>\n<meta property=\"og:site_name\" content=\"Fiscal\u00eda General de la Naci\u00f3n\" \/>\n<meta property=\"article:publisher\" content=\"https:\/\/www.facebook.com\/FiscaliaCol\" \/>\n<meta property=\"article:published_time\" content=\"2024-11-26T20:58:42+00:00\" \/>\n<meta property=\"og:image\" content=\"https:\/\/www.fiscalia.gov.co\/colombia\/wp-content\/uploads\/foto-1-boletin-26-de-noviembre-hurto-.jpeg\" \/>\n\t<meta property=\"og:image:width\" content=\"1519\" \/>\n\t<meta property=\"og:image:height\" content=\"1600\" \/>\n\t<meta property=\"og:image:type\" content=\"image\/jpeg\" \/>\n<meta name=\"author\" content=\"Winnie Geraldine Rodr\u00edguez Navarrete\" \/>\n<meta name=\"twitter:card\" content=\"summary_large_image\" \/>\n<meta name=\"twitter:creator\" content=\"@FiscaliaCol\" \/>\n<meta name=\"twitter:site\" content=\"@FiscaliaCol\" \/>\n<meta name=\"twitter:label1\" content=\"Escrito por\" \/>\n\t<meta name=\"twitter:data1\" content=\"Winnie Geraldine Rodr\u00edguez Navarrete\" \/>\n\t<meta name=\"twitter:label2\" content=\"Tiempo de lectura\" \/>\n\t<meta name=\"twitter:data2\" content=\"3 minutos\" \/>\n<script type=\"application\/ld+json\" class=\"yoast-schema-graph\">{\"@context\":\"https:\/\/schema.org\",\"@graph\":[{\"@type\":\"Article\",\"@id\":\"https:\/\/www.fiscalia.gov.co\/colombia\/noticias\/asegurados-un-hombre-y-una-mujer-senalados-de-hurtar-celulares-en-cartagena\/#article\",\"isPartOf\":{\"@id\":\"https:\/\/www.fiscalia.gov.co\/colombia\/noticias\/asegurados-un-hombre-y-una-mujer-senalados-de-hurtar-celulares-en-cartagena\/\"},\"author\":{\"name\":\"Winnie Geraldine Rodr\u00edguez Navarrete\",\"@id\":\"https:\/\/www.fiscalia.gov.co\/colombia\/#\/schema\/person\/176195b99ebab0a52aafa15197e1bf80\"},\"headline\":\"Asegurados un hombre y una mujer se\u00f1alados de hurtar celulares en Cartagena\",\"datePublished\":\"2024-11-26T20:58:42+00:00\",\"dateModified\":\"2024-11-26T20:58:42+00:00\",\"mainEntityOfPage\":{\"@id\":\"https:\/\/www.fiscalia.gov.co\/colombia\/noticias\/asegurados-un-hombre-y-una-mujer-senalados-de-hurtar-celulares-en-cartagena\/\"},\"wordCount\":433,\"publisher\":{\"@id\":\"https:\/\/www.fiscalia.gov.co\/colombia\/#organization\"},\"image\":{\"@id\":\"https:\/\/www.fiscalia.gov.co\/colombia\/noticias\/asegurados-un-hombre-y-una-mujer-senalados-de-hurtar-celulares-en-cartagena\/#primaryimage\"},\"thumbnailUrl\":\"https:\/\/www.fiscalia.gov.co\/colombia\/wp-content\/uploads\/foto-1-boletin-26-de-noviembre-hurto--285x300.jpeg\",\"keywords\":[\"allan\u00f3.\",\"callejera\",\"C\u00e1rcel\",\"Cartagena\",\"Cartagena (Bol\u00edvar)\",\"Celulares\",\"Cosquilleo\",\"Fiesta\",\"Fiscal\u00eda Colombia\",\"Fiscal\u00eda General de la Naci\u00f3n\",\"Hurto\",\"medida\",\"Mujer\",\"Polic\u00eda Nacional\",\"procesados\",\"robos\"],\"articleSection\":[\"Noticias\",\"Seguridad territorial\"],\"inLanguage\":\"es-CO\"},{\"@type\":\"WebPage\",\"@id\":\"https:\/\/www.fiscalia.gov.co\/colombia\/noticias\/asegurados-un-hombre-y-una-mujer-senalados-de-hurtar-celulares-en-cartagena\/\",\"url\":\"https:\/\/www.fiscalia.gov.co\/colombia\/noticias\/asegurados-un-hombre-y-una-mujer-senalados-de-hurtar-celulares-en-cartagena\/\",\"name\":\"Fiscal\u00eda General de la Naci\u00f3n\",\"isPartOf\":{\"@id\":\"https:\/\/www.fiscalia.gov.co\/colombia\/#website\"},\"primaryImageOfPage\":{\"@id\":\"https:\/\/www.fiscalia.gov.co\/colombia\/noticias\/asegurados-un-hombre-y-una-mujer-senalados-de-hurtar-celulares-en-cartagena\/#primaryimage\"},\"image\":{\"@id\":\"https:\/\/www.fiscalia.gov.co\/colombia\/noticias\/asegurados-un-hombre-y-una-mujer-senalados-de-hurtar-celulares-en-cartagena\/#primaryimage\"},\"thumbnailUrl\":\"https:\/\/www.fiscalia.gov.co\/colombia\/wp-content\/uploads\/foto-1-boletin-26-de-noviembre-hurto--285x300.jpeg\",\"datePublished\":\"2024-11-26T20:58:42+00:00\",\"dateModified\":\"2024-11-26T20:58:42+00:00\",\"description\":\"P\u00e1gina oficial de la Fiscal\u00eda General de la Naci\u00f3n \u2013 Colombia. Garantizamos el acceso efectivo a la justicia, la verdad y la reparaci\u00f3n de las v\u00edctimas de los delitos.\",\"breadcrumb\":{\"@id\":\"https:\/\/www.fiscalia.gov.co\/colombia\/noticias\/asegurados-un-hombre-y-una-mujer-senalados-de-hurtar-celulares-en-cartagena\/#breadcrumb\"},\"inLanguage\":\"es-CO\",\"potentialAction\":[{\"@type\":\"ReadAction\",\"target\":[\"https:\/\/www.fiscalia.gov.co\/colombia\/noticias\/asegurados-un-hombre-y-una-mujer-senalados-de-hurtar-celulares-en-cartagena\/\"]}]},{\"@type\":\"ImageObject\",\"inLanguage\":\"es-CO\",\"@id\":\"https:\/\/www.fiscalia.gov.co\/colombia\/noticias\/asegurados-un-hombre-y-una-mujer-senalados-de-hurtar-celulares-en-cartagena\/#primaryimage\",\"url\":\"https:\/\/www.fiscalia.gov.co\/colombia\/wp-content\/uploads\/foto-1-boletin-26-de-noviembre-hurto-.jpeg\",\"contentUrl\":\"https:\/\/www.fiscalia.gov.co\/colombia\/wp-content\/uploads\/foto-1-boletin-26-de-noviembre-hurto-.jpeg\",\"width\":1519,\"height\":1600,\"caption\":\"Eudaris de Jes\u00fas Mart\u00ednez Gonz\u00e1lez, judicializado.\"},{\"@type\":\"BreadcrumbList\",\"@id\":\"https:\/\/www.fiscalia.gov.co\/colombia\/noticias\/asegurados-un-hombre-y-una-mujer-senalados-de-hurtar-celulares-en-cartagena\/#breadcrumb\",\"itemListElement\":[{\"@type\":\"ListItem\",\"position\":1,\"name\":\"Home\",\"item\":\"https:\/\/www.fiscalia.gov.co\/colombia\/\"},{\"@type\":\"ListItem\",\"position\":2,\"name\":\"Asegurados un hombre y una mujer se\u00f1alados de hurtar celulares en Cartagena\"}]},{\"@type\":\"WebSite\",\"@id\":\"https:\/\/www.fiscalia.gov.co\/colombia\/#website\",\"url\":\"https:\/\/www.fiscalia.gov.co\/colombia\/\",\"name\":\"Fiscal\u00eda General de la Naci\u00f3n\",\"description\":\"P\u00e1gina oficial de la Fiscal\u00eda General de la Naci\u00f3n \u2013 Colombia. Garantizamos el acceso efectivo a la justicia, la verdad y la reparaci\u00f3n de las v\u00edctimas de los delitos.\",\"publisher\":{\"@id\":\"https:\/\/www.fiscalia.gov.co\/colombia\/#organization\"},\"potentialAction\":[{\"@type\":\"SearchAction\",\"target\":{\"@type\":\"EntryPoint\",\"urlTemplate\":\"https:\/\/www.fiscalia.gov.co\/colombia\/?s={search_term_string}\"},\"query-input\":{\"@type\":\"PropertyValueSpecification\",\"valueRequired\":true,\"valueName\":\"search_term_string\"}}],\"inLanguage\":\"es-CO\"},{\"@type\":\"Organization\",\"@id\":\"https:\/\/www.fiscalia.gov.co\/colombia\/#organization\",\"name\":\"Fiscal\u00eda General de la Naci\u00f3n\",\"url\":\"https:\/\/www.fiscalia.gov.co\/colombia\/\",\"logo\":{\"@type\":\"ImageObject\",\"inLanguage\":\"es-CO\",\"@id\":\"https:\/\/www.fiscalia.gov.co\/colombia\/#\/schema\/logo\/image\/\",\"url\":\"https:\/\/www.fiscalia.gov.co\/colombia\/wp-content\/uploads\/LogoHorizontal_1.jpg\",\"contentUrl\":\"https:\/\/www.fiscalia.gov.co\/colombia\/wp-content\/uploads\/LogoHorizontal_1.jpg\",\"width\":300,\"height\":90,\"caption\":\"Fiscal\u00eda General de la Naci\u00f3n\"},\"image\":{\"@id\":\"https:\/\/www.fiscalia.gov.co\/colombia\/#\/schema\/logo\/image\/\"},\"sameAs\":[\"https:\/\/www.facebook.com\/FiscaliaCol\",\"https:\/\/x.com\/FiscaliaCol\",\"https:\/\/www.instagram.com\/fiscaliacol\",\"https:\/\/www.linkedin.com\/company\/fiscalia-general-de-la-naci-n\/\",\"https:\/\/youtube.com\/@fiscaliageneraldelanacion-4668?si=6nN79nyQICPU5iTh\"]},{\"@type\":\"Person\",\"@id\":\"https:\/\/www.fiscalia.gov.co\/colombia\/#\/schema\/person\/176195b99ebab0a52aafa15197e1bf80\",\"name\":\"Winnie Geraldine Rodr\u00edguez Navarrete\",\"image\":{\"@type\":\"ImageObject\",\"inLanguage\":\"es-CO\",\"@id\":\"https:\/\/www.fiscalia.gov.co\/colombia\/#\/schema\/person\/image\/\",\"url\":\"https:\/\/secure.gravatar.com\/avatar\/c24cf8481dc84fa5e8c7b20bc95ab0c6?s=96&d=mm&r=g\",\"contentUrl\":\"https:\/\/secure.gravatar.com\/avatar\/c24cf8481dc84fa5e8c7b20bc95ab0c6?s=96&d=mm&r=g\",\"caption\":\"Winnie Geraldine Rodr\u00edguez Navarrete\"},\"url\":\"https:\/\/www.fiscalia.gov.co\/colombia\/author\/winnierodriguez\/\"}]}<\/script>\n<!-- \/ Yoast SEO plugin. -->","yoast_head_json":{"title":"Fiscal\u00eda General de la Naci\u00f3n","description":"P\u00e1gina oficial de la Fiscal\u00eda General de la Naci\u00f3n \u2013 Colombia. Garantizamos el acceso efectivo a la justicia, la verdad y la reparaci\u00f3n de las v\u00edctimas de los delitos.","robots":{"index":"noindex","follow":"follow"},"og_locale":"es_ES","og_type":"article","og_title":"Fiscal\u00eda General de la Naci\u00f3n","og_description":"P\u00e1gina oficial de la Fiscal\u00eda General de la Naci\u00f3n \u2013 Colombia. Garantizamos el acceso efectivo a la justicia, la verdad y la reparaci\u00f3n de las v\u00edctimas de los delitos.","og_url":"https:\/\/www.fiscalia.gov.co\/colombia\/noticias\/asegurados-un-hombre-y-una-mujer-senalados-de-hurtar-celulares-en-cartagena\/","og_site_name":"Fiscal\u00eda General de la Naci\u00f3n","article_publisher":"https:\/\/www.facebook.com\/FiscaliaCol","article_published_time":"2024-11-26T20:58:42+00:00","og_image":[{"width":1519,"height":1600,"url":"https:\/\/www.fiscalia.gov.co\/colombia\/wp-content\/uploads\/foto-1-boletin-26-de-noviembre-hurto-.jpeg","type":"image\/jpeg"}],"author":"Winnie Geraldine Rodr\u00edguez Navarrete","twitter_card":"summary_large_image","twitter_creator":"@FiscaliaCol","twitter_site":"@FiscaliaCol","twitter_misc":{"Escrito por":"Winnie Geraldine Rodr\u00edguez Navarrete","Tiempo de lectura":"3 minutos"},"schema":{"@context":"https:\/\/schema.org","@graph":[{"@type":"Article","@id":"https:\/\/www.fiscalia.gov.co\/colombia\/noticias\/asegurados-un-hombre-y-una-mujer-senalados-de-hurtar-celulares-en-cartagena\/#article","isPartOf":{"@id":"https:\/\/www.fiscalia.gov.co\/colombia\/noticias\/asegurados-un-hombre-y-una-mujer-senalados-de-hurtar-celulares-en-cartagena\/"},"author":{"name":"Winnie Geraldine Rodr\u00edguez Navarrete","@id":"https:\/\/www.fiscalia.gov.co\/colombia\/#\/schema\/person\/176195b99ebab0a52aafa15197e1bf80"},"headline":"Asegurados un hombre y una mujer se\u00f1alados de hurtar celulares en Cartagena","datePublished":"2024-11-26T20:58:42+00:00","dateModified":"2024-11-26T20:58:42+00:00","mainEntityOfPage":{"@id":"https:\/\/www.fiscalia.gov.co\/colombia\/noticias\/asegurados-un-hombre-y-una-mujer-senalados-de-hurtar-celulares-en-cartagena\/"},"wordCount":433,"publisher":{"@id":"https:\/\/www.fiscalia.gov.co\/colombia\/#organization"},"image":{"@id":"https:\/\/www.fiscalia.gov.co\/colombia\/noticias\/asegurados-un-hombre-y-una-mujer-senalados-de-hurtar-celulares-en-cartagena\/#primaryimage"},"thumbnailUrl":"https:\/\/www.fiscalia.gov.co\/colombia\/wp-content\/uploads\/foto-1-boletin-26-de-noviembre-hurto--285x300.jpeg","keywords":["allan\u00f3.","callejera","C\u00e1rcel","Cartagena","Cartagena (Bol\u00edvar)","Celulares","Cosquilleo","Fiesta","Fiscal\u00eda Colombia","Fiscal\u00eda General de la Naci\u00f3n","Hurto","medida","Mujer","Polic\u00eda Nacional","procesados","robos"],"articleSection":["Noticias","Seguridad territorial"],"inLanguage":"es-CO"},{"@type":"WebPage","@id":"https:\/\/www.fiscalia.gov.co\/colombia\/noticias\/asegurados-un-hombre-y-una-mujer-senalados-de-hurtar-celulares-en-cartagena\/","url":"https:\/\/www.fiscalia.gov.co\/colombia\/noticias\/asegurados-un-hombre-y-una-mujer-senalados-de-hurtar-celulares-en-cartagena\/","name":"Fiscal\u00eda General de la Naci\u00f3n","isPartOf":{"@id":"https:\/\/www.fiscalia.gov.co\/colombia\/#website"},"primaryImageOfPage":{"@id":"https:\/\/www.fiscalia.gov.co\/colombia\/noticias\/asegurados-un-hombre-y-una-mujer-senalados-de-hurtar-celulares-en-cartagena\/#primaryimage"},"image":{"@id":"https:\/\/www.fiscalia.gov.co\/colombia\/noticias\/asegurados-un-hombre-y-una-mujer-senalados-de-hurtar-celulares-en-cartagena\/#primaryimage"},"thumbnailUrl":"https:\/\/www.fiscalia.gov.co\/colombia\/wp-content\/uploads\/foto-1-boletin-26-de-noviembre-hurto--285x300.jpeg","datePublished":"2024-11-26T20:58:42+00:00","dateModified":"2024-11-26T20:58:42+00:00","description":"P\u00e1gina oficial de la Fiscal\u00eda General de la Naci\u00f3n \u2013 Colombia. Garantizamos el acceso efectivo a la justicia, la verdad y la reparaci\u00f3n de las v\u00edctimas de los delitos.","breadcrumb":{"@id":"https:\/\/www.fiscalia.gov.co\/colombia\/noticias\/asegurados-un-hombre-y-una-mujer-senalados-de-hurtar-celulares-en-cartagena\/#breadcrumb"},"inLanguage":"es-CO","potentialAction":[{"@type":"ReadAction","target":["https:\/\/www.fiscalia.gov.co\/colombia\/noticias\/asegurados-un-hombre-y-una-mujer-senalados-de-hurtar-celulares-en-cartagena\/"]}]},{"@type":"ImageObject","inLanguage":"es-CO","@id":"https:\/\/www.fiscalia.gov.co\/colombia\/noticias\/asegurados-un-hombre-y-una-mujer-senalados-de-hurtar-celulares-en-cartagena\/#primaryimage","url":"https:\/\/www.fiscalia.gov.co\/colombia\/wp-content\/uploads\/foto-1-boletin-26-de-noviembre-hurto-.jpeg","contentUrl":"https:\/\/www.fiscalia.gov.co\/colombia\/wp-content\/uploads\/foto-1-boletin-26-de-noviembre-hurto-.jpeg","width":1519,"height":1600,"caption":"Eudaris de Jes\u00fas Mart\u00ednez Gonz\u00e1lez, judicializado."},{"@type":"BreadcrumbList","@id":"https:\/\/www.fiscalia.gov.co\/colombia\/noticias\/asegurados-un-hombre-y-una-mujer-senalados-de-hurtar-celulares-en-cartagena\/#breadcrumb","itemListElement":[{"@type":"ListItem","position":1,"name":"Home","item":"https:\/\/www.fiscalia.gov.co\/colombia\/"},{"@type":"ListItem","position":2,"name":"Asegurados un hombre y una mujer se\u00f1alados de hurtar celulares en Cartagena"}]},{"@type":"WebSite","@id":"https:\/\/www.fiscalia.gov.co\/colombia\/#website","url":"https:\/\/www.fiscalia.gov.co\/colombia\/","name":"Fiscal\u00eda General de la Naci\u00f3n","description":"P\u00e1gina oficial de la Fiscal\u00eda General de la Naci\u00f3n \u2013 Colombia. Garantizamos el acceso efectivo a la justicia, la verdad y la reparaci\u00f3n de las v\u00edctimas de los delitos.","publisher":{"@id":"https:\/\/www.fiscalia.gov.co\/colombia\/#organization"},"potentialAction":[{"@type":"SearchAction","target":{"@type":"EntryPoint","urlTemplate":"https:\/\/www.fiscalia.gov.co\/colombia\/?s={search_term_string}"},"query-input":{"@type":"PropertyValueSpecification","valueRequired":true,"valueName":"search_term_string"}}],"inLanguage":"es-CO"},{"@type":"Organization","@id":"https:\/\/www.fiscalia.gov.co\/colombia\/#organization","name":"Fiscal\u00eda General de la Naci\u00f3n","url":"https:\/\/www.fiscalia.gov.co\/colombia\/","logo":{"@type":"ImageObject","inLanguage":"es-CO","@id":"https:\/\/www.fiscalia.gov.co\/colombia\/#\/schema\/logo\/image\/","url":"https:\/\/www.fiscalia.gov.co\/colombia\/wp-content\/uploads\/LogoHorizontal_1.jpg","contentUrl":"https:\/\/www.fiscalia.gov.co\/colombia\/wp-content\/uploads\/LogoHorizontal_1.jpg","width":300,"height":90,"caption":"Fiscal\u00eda General de la Naci\u00f3n"},"image":{"@id":"https:\/\/www.fiscalia.gov.co\/colombia\/#\/schema\/logo\/image\/"},"sameAs":["https:\/\/www.facebook.com\/FiscaliaCol","https:\/\/x.com\/FiscaliaCol","https:\/\/www.instagram.com\/fiscaliacol","https:\/\/www.linkedin.com\/company\/fiscalia-general-de-la-naci-n\/","https:\/\/youtube.com\/@fiscaliageneraldelanacion-4668?si=6nN79nyQICPU5iTh"]},{"@type":"Person","@id":"https:\/\/www.fiscalia.gov.co\/colombia\/#\/schema\/person\/176195b99ebab0a52aafa15197e1bf80","name":"Winnie Geraldine Rodr\u00edguez Navarrete","image":{"@type":"ImageObject","inLanguage":"es-CO","@id":"https:\/\/www.fiscalia.gov.co\/colombia\/#\/schema\/person\/image\/","url":"https:\/\/secure.gravatar.com\/avatar\/c24cf8481dc84fa5e8c7b20bc95ab0c6?s=96&d=mm&r=g","contentUrl":"https:\/\/secure.gravatar.com\/avatar\/c24cf8481dc84fa5e8c7b20bc95ab0c6?s=96&d=mm&r=g","caption":"Winnie Geraldine Rodr\u00edguez Navarrete"},"url":"https:\/\/www.fiscalia.gov.co\/colombia\/author\/winnierodriguez\/"}]}},"_links":{"self":[{"href":"https:\/\/www.fiscalia.gov.co\/colombia\/wp-json\/wp\/v2\/posts\/306390","targetHints":{"allow":["GET"]}}],"collection":[{"href":"https:\/\/www.fiscalia.gov.co\/colombia\/wp-json\/wp\/v2\/posts"}],"about":[{"href":"https:\/\/www.fiscalia.gov.co\/colombia\/wp-json\/wp\/v2\/types\/post"}],"author":[{"embeddable":true,"href":"https:\/\/www.fiscalia.gov.co\/colombia\/wp-json\/wp\/v2\/users\/178"}],"replies":[{"embeddable":true,"href":"https:\/\/www.fiscalia.gov.co\/colombia\/wp-json\/wp\/v2\/comments?post=306390"}],"version-history":[{"count":2,"href":"https:\/\/www.fiscalia.gov.co\/colombia\/wp-json\/wp\/v2\/posts\/306390\/revisions"}],"predecessor-version":[{"id":306415,"href":"https:\/\/www.fiscalia.gov.co\/colombia\/wp-json\/wp\/v2\/posts\/306390\/revisions\/306415"}],"wp:attachment":[{"href":"https:\/\/www.fiscalia.gov.co\/colombia\/wp-json\/wp\/v2\/media?parent=306390"}],"wp:term":[{"taxonomy":"category","embeddable":true,"href":"https:\/\/www.fiscalia.gov.co\/colombia\/wp-json\/wp\/v2\/categories?post=306390"},{"taxonomy":"post_tag","embeddable":true,"href":"https:\/\/www.fiscalia.gov.co\/colombia\/wp-json\/wp\/v2\/tags?post=306390"}],"curies":[{"name":"wp","href":"https:\/\/api.w.org\/{rel}","templated":true}]}}