{"id":306378,"date":"2024-11-26T15:19:12","date_gmt":"2024-11-26T20:19:12","guid":{"rendered":"https:\/\/www.fiscalia.gov.co\/colombia\/?p=306378"},"modified":"2024-11-26T15:19:12","modified_gmt":"2024-11-26T20:19:12","slug":"fiscalia-impacta-los-ayacuchos-estructura-dedicada-al-hurto-en-inirida-guainia","status":"publish","type":"post","link":"https:\/\/www.fiscalia.gov.co\/colombia\/noticias\/fiscalia-impacta-los-ayacuchos-estructura-dedicada-al-hurto-en-inirida-guainia\/","title":{"rendered":"Fiscal\u00eda impacta \u2018Los Ayacuchos\u2019, estructura dedicada al hurto en In\u00edrida, Guain\u00eda"},"content":{"rendered":"<p style=\"font-weight: 400;\">La Fiscal\u00eda judicializ\u00f3, ante un juez con funci\u00f3n de control de garant\u00edas, a tres ciudadanos venezolanos, quienes, presuntamente, <strong>integran un grupo delincuencial autodenominado Los Ayacuchos, dedicado al hurto en la capital del Guain\u00eda.<\/strong><\/p>\n<p style=\"font-weight: 400;\">Por el delito de hurto calificado y agravado fueron imputados Cristian Jes\u00fas P\u00f3nare Guaran, Keyffer Alex\u00e1nder Estanga y Silfrido Jos\u00e9 Rodr\u00edguez Monta\u00f1o. Fueron capturados por orden judicial, por la Polic\u00eda Nacional en tres sectores urbanos de In\u00edrida (Guain\u00eda). <strong>Los cargos fueron aceptados por los extranjeros.<\/strong><\/p>\n<figure id=\"attachment_306380\" aria-describedby=\"caption-attachment-306380\" style=\"width: 453px\" class=\"wp-caption aligncenter\"><img loading=\"lazy\" decoding=\"async\" class=\" wp-image-306380\" src=\"https:\/\/www.fiscalia.gov.co\/colombia\/wp-content\/uploads\/fee946d7-a78c-4693-8ea4-1ce19193a697-300x161.jpg\" alt=\"Estas tres personas, aparecen custodiadas por unidades de la Polic\u00eda Nacional, detr\u00e1s hay un pend\u00f3n institucional y est\u00e1n esposados con sus manos al frente.\" width=\"453\" height=\"243\" srcset=\"https:\/\/www.fiscalia.gov.co\/colombia\/wp-content\/uploads\/fee946d7-a78c-4693-8ea4-1ce19193a697-300x161.jpg 300w, https:\/\/www.fiscalia.gov.co\/colombia\/wp-content\/uploads\/fee946d7-a78c-4693-8ea4-1ce19193a697-1024x550.jpg 1024w, https:\/\/www.fiscalia.gov.co\/colombia\/wp-content\/uploads\/fee946d7-a78c-4693-8ea4-1ce19193a697-768x413.jpg 768w, https:\/\/www.fiscalia.gov.co\/colombia\/wp-content\/uploads\/fee946d7-a78c-4693-8ea4-1ce19193a697-1536x826.jpg 1536w, https:\/\/www.fiscalia.gov.co\/colombia\/wp-content\/uploads\/fee946d7-a78c-4693-8ea4-1ce19193a697-781x420.jpg 781w, https:\/\/www.fiscalia.gov.co\/colombia\/wp-content\/uploads\/fee946d7-a78c-4693-8ea4-1ce19193a697-696x374.jpg 696w, https:\/\/www.fiscalia.gov.co\/colombia\/wp-content\/uploads\/fee946d7-a78c-4693-8ea4-1ce19193a697-1068x574.jpg 1068w, https:\/\/www.fiscalia.gov.co\/colombia\/wp-content\/uploads\/fee946d7-a78c-4693-8ea4-1ce19193a697.jpg 1600w\" sizes=\"auto, (max-width: 453px) 100vw, 453px\" \/><figcaption id=\"caption-attachment-306380\" class=\"wp-caption-text\">Los capturados aceptaron su responsabilidad en la comisi\u00f3n del punible de Hurto calificado y Agravado. Fueron enviados a la c\u00e1rcel.<\/figcaption><\/figure>\n<p><em><strong>Le puede interesar:<\/strong><\/em> <a href=\"https:\/\/www.fiscalia.gov.co\/colombia\/noticias\/fiscalia-judicializa-a-menor-que-estaria-involucrado-en-un-hurto-en-la-isla-de-san-andres\/\">Fiscal\u00eda judicializa a menor que estar\u00eda involucrado en un hurto en la isla de San Andr\u00e9s<\/a><\/p>\n<p style=\"font-weight: 400;\">De acuerdo con la investigaci\u00f3n, los hechos \u00a0ocurrieron el pasado 13 de agosto, cuando las v\u00edctimas, dos hermanos y sus familias, se trasladaron hasta una comunidad ind\u00edgena a las afueras del casco urbano, para hacer un negocio de la compra de unos motores fuera de borda. En ese lugar, al parecer, <strong>fueron intimidados con armas de fuego y despojados de todas sus pertenencias y m\u00e1s de 34 millones de pesos que ten\u00edan en su poder, para concretar la compra de estos elementos.<\/strong><\/p>\n<p><em><strong>Lea tambi\u00e9n<\/strong><\/em>: <a href=\"https:\/\/www.fiscalia.gov.co\/colombia\/noticias\/asegurado-en-centro-carcelario-presunto-responsable-del-hurto-de-motocicletas-en-floridablanca-santander\/\">Asegurado en centro carcelario presunto responsable del hurto de motocicletas en Floridablanca, Santander<\/a><\/p>\n<p style=\"font-weight: 400;\">El juez acogi\u00f3 la solicitud realizada por la Fiscal\u00eda e impuso medida de aseguramiento en centro carcelario.<\/p>\n<p style=\"font-weight: 400;\">\n<p style=\"font-weight: 400;\">LAZL\/LMFO\/DPR\/DSGV\/<\/p>\n<p style=\"font-weight: 400;\">\n<p style=\"font-weight: 400;\"><em>La informaci\u00f3n contenida en este bolet\u00edn de prensa corresponde a la narraci\u00f3n de los hechos noticiosos objetivos, suministrados por los funcionarios encargados de adelantar las investigaciones penales al interior de la Fiscal\u00eda General de la Naci\u00f3n. Para el momento de la divulgaci\u00f3n de este comunicado, la situaci\u00f3n jur\u00eddica de la(s) persona(s) relacionada(s) se encuentra pendiente de resolver por la autoridad judicial competente, siempre bajo los preceptos de la presunci\u00f3n de inocencia, consagrados en el art\u00edculo 29 de la Constituci\u00f3n Pol\u00edtica y el art\u00edculo 7\u00ba de la Ley 906 de 2004.<\/em><\/p>\n\n<div class=\"twitter-share\"><a href=\"https:\/\/twitter.com\/intent\/tweet?via=fiscaliacol\" class=\"twitter-share-button\">Tweet<\/a><\/div>\n","protected":false},"excerpt":{"rendered":"<p>La Fiscal\u00eda judicializ\u00f3, ante un juez con funci\u00f3n de control de garant\u00edas, a tres ciudadanos venezolanos, quienes, presuntamente, integran un grupo delincuencial autodenominado Los Ayacuchos, dedicado al hurto en la capital del Guain\u00eda. Por el delito de hurto calificado y agravado fueron imputados Cristian Jes\u00fas P\u00f3nare Guaran, Keyffer Alex\u00e1nder Estanga y Silfrido Jos\u00e9 Rodr\u00edguez Monta\u00f1o. [&hellip;]<\/p>\n","protected":false},"author":178,"featured_media":0,"comment_status":"closed","ping_status":"open","sticky":false,"template":"","format":"standard","meta":{"_price":"","_stock":"","_tribe_ticket_header":"","_tribe_default_ticket_provider":"","_tribe_ticket_capacity":"0","_ticket_start_date":"","_ticket_end_date":"","_tribe_ticket_show_description":"","_tribe_ticket_show_not_going":false,"_tribe_ticket_use_global_stock":"","_tribe_ticket_global_stock_level":"","_global_stock_mode":"","_global_stock_cap":"","_tribe_rsvp_for_event":"","_tribe_ticket_going_count":"","_tribe_ticket_not_going_count":"","_tribe_tickets_list":"[]","_tribe_ticket_has_attendee_info_fields":false,"tdm_status":"","tdm_grid_status":"","footnotes":""},"categories":[1,24099],"tags":[924,14550,1047,7451,31740,1185],"class_list":{"0":"post-306378","1":"post","2":"type-post","3":"status-publish","4":"format-standard","6":"category-noticias","7":"category-seguridad-territorial","8":"tag-captura","9":"tag-carcel","10":"tag-fiscalia-general-de-la-nacion","11":"tag-hurto-calificado-y-agravado","12":"tag-inirida-guainia","13":"tag-medida-de-aseguramiento"},"yoast_head":"<!-- This site is optimized with the Yoast SEO plugin v24.3 - https:\/\/yoast.com\/wordpress\/plugins\/seo\/ -->\n<title>Fiscal\u00eda General de la Naci\u00f3n<\/title>\n<meta name=\"description\" content=\"P\u00e1gina oficial de la Fiscal\u00eda General de la Naci\u00f3n \u2013 Colombia. Garantizamos el acceso efectivo a la justicia, la verdad y la reparaci\u00f3n de las v\u00edctimas de los delitos.\" \/>\n<meta name=\"robots\" content=\"noindex, follow\" \/>\n<meta property=\"og:locale\" content=\"es_ES\" \/>\n<meta property=\"og:type\" content=\"article\" \/>\n<meta property=\"og:title\" content=\"Fiscal\u00eda General de la Naci\u00f3n\" \/>\n<meta property=\"og:description\" content=\"P\u00e1gina oficial de la Fiscal\u00eda General de la Naci\u00f3n \u2013 Colombia. Garantizamos el acceso efectivo a la justicia, la verdad y la reparaci\u00f3n de las v\u00edctimas de los delitos.\" \/>\n<meta property=\"og:url\" content=\"https:\/\/www.fiscalia.gov.co\/colombia\/noticias\/fiscalia-impacta-los-ayacuchos-estructura-dedicada-al-hurto-en-inirida-guainia\/\" \/>\n<meta property=\"og:site_name\" content=\"Fiscal\u00eda General de la Naci\u00f3n\" \/>\n<meta property=\"article:publisher\" content=\"https:\/\/www.facebook.com\/FiscaliaCol\" \/>\n<meta property=\"article:published_time\" content=\"2024-11-26T20:19:12+00:00\" \/>\n<meta property=\"og:image\" content=\"https:\/\/www.fiscalia.gov.co\/colombia\/wp-content\/uploads\/fee946d7-a78c-4693-8ea4-1ce19193a697.jpg\" \/>\n\t<meta property=\"og:image:width\" content=\"1600\" \/>\n\t<meta property=\"og:image:height\" content=\"860\" \/>\n\t<meta property=\"og:image:type\" content=\"image\/jpeg\" \/>\n<meta name=\"author\" content=\"Winnie Geraldine Rodr\u00edguez Navarrete\" \/>\n<meta name=\"twitter:card\" content=\"summary_large_image\" \/>\n<meta name=\"twitter:creator\" content=\"@FiscaliaCol\" \/>\n<meta name=\"twitter:site\" content=\"@FiscaliaCol\" \/>\n<meta name=\"twitter:label1\" content=\"Escrito por\" \/>\n\t<meta name=\"twitter:data1\" content=\"Winnie Geraldine Rodr\u00edguez Navarrete\" \/>\n\t<meta name=\"twitter:label2\" content=\"Tiempo de lectura\" \/>\n\t<meta name=\"twitter:data2\" content=\"2 minutos\" \/>\n<script type=\"application\/ld+json\" class=\"yoast-schema-graph\">{\"@context\":\"https:\/\/schema.org\",\"@graph\":[{\"@type\":\"Article\",\"@id\":\"https:\/\/www.fiscalia.gov.co\/colombia\/noticias\/fiscalia-impacta-los-ayacuchos-estructura-dedicada-al-hurto-en-inirida-guainia\/#article\",\"isPartOf\":{\"@id\":\"https:\/\/www.fiscalia.gov.co\/colombia\/noticias\/fiscalia-impacta-los-ayacuchos-estructura-dedicada-al-hurto-en-inirida-guainia\/\"},\"author\":{\"name\":\"Winnie Geraldine Rodr\u00edguez Navarrete\",\"@id\":\"https:\/\/www.fiscalia.gov.co\/colombia\/#\/schema\/person\/176195b99ebab0a52aafa15197e1bf80\"},\"headline\":\"Fiscal\u00eda impacta \u2018Los Ayacuchos\u2019, estructura dedicada al hurto en In\u00edrida, Guain\u00eda\",\"datePublished\":\"2024-11-26T20:19:12+00:00\",\"dateModified\":\"2024-11-26T20:19:12+00:00\",\"mainEntityOfPage\":{\"@id\":\"https:\/\/www.fiscalia.gov.co\/colombia\/noticias\/fiscalia-impacta-los-ayacuchos-estructura-dedicada-al-hurto-en-inirida-guainia\/\"},\"wordCount\":380,\"publisher\":{\"@id\":\"https:\/\/www.fiscalia.gov.co\/colombia\/#organization\"},\"image\":{\"@id\":\"https:\/\/www.fiscalia.gov.co\/colombia\/noticias\/fiscalia-impacta-los-ayacuchos-estructura-dedicada-al-hurto-en-inirida-guainia\/#primaryimage\"},\"thumbnailUrl\":\"https:\/\/www.fiscalia.gov.co\/colombia\/wp-content\/uploads\/fee946d7-a78c-4693-8ea4-1ce19193a697-300x161.jpg\",\"keywords\":[\"Captura\",\"C\u00e1rcel\",\"Fiscal\u00eda General de la Naci\u00f3n\",\"hurto calificado y agravado\",\"In\u00edrida (Guain\u00eda)\",\"Medida de aseguramiento\"],\"articleSection\":[\"Noticias\",\"Seguridad territorial\"],\"inLanguage\":\"es-CO\"},{\"@type\":\"WebPage\",\"@id\":\"https:\/\/www.fiscalia.gov.co\/colombia\/noticias\/fiscalia-impacta-los-ayacuchos-estructura-dedicada-al-hurto-en-inirida-guainia\/\",\"url\":\"https:\/\/www.fiscalia.gov.co\/colombia\/noticias\/fiscalia-impacta-los-ayacuchos-estructura-dedicada-al-hurto-en-inirida-guainia\/\",\"name\":\"Fiscal\u00eda General de la Naci\u00f3n\",\"isPartOf\":{\"@id\":\"https:\/\/www.fiscalia.gov.co\/colombia\/#website\"},\"primaryImageOfPage\":{\"@id\":\"https:\/\/www.fiscalia.gov.co\/colombia\/noticias\/fiscalia-impacta-los-ayacuchos-estructura-dedicada-al-hurto-en-inirida-guainia\/#primaryimage\"},\"image\":{\"@id\":\"https:\/\/www.fiscalia.gov.co\/colombia\/noticias\/fiscalia-impacta-los-ayacuchos-estructura-dedicada-al-hurto-en-inirida-guainia\/#primaryimage\"},\"thumbnailUrl\":\"https:\/\/www.fiscalia.gov.co\/colombia\/wp-content\/uploads\/fee946d7-a78c-4693-8ea4-1ce19193a697-300x161.jpg\",\"datePublished\":\"2024-11-26T20:19:12+00:00\",\"dateModified\":\"2024-11-26T20:19:12+00:00\",\"description\":\"P\u00e1gina oficial de la Fiscal\u00eda General de la Naci\u00f3n \u2013 Colombia. Garantizamos el acceso efectivo a la justicia, la verdad y la reparaci\u00f3n de las v\u00edctimas de los delitos.\",\"breadcrumb\":{\"@id\":\"https:\/\/www.fiscalia.gov.co\/colombia\/noticias\/fiscalia-impacta-los-ayacuchos-estructura-dedicada-al-hurto-en-inirida-guainia\/#breadcrumb\"},\"inLanguage\":\"es-CO\",\"potentialAction\":[{\"@type\":\"ReadAction\",\"target\":[\"https:\/\/www.fiscalia.gov.co\/colombia\/noticias\/fiscalia-impacta-los-ayacuchos-estructura-dedicada-al-hurto-en-inirida-guainia\/\"]}]},{\"@type\":\"ImageObject\",\"inLanguage\":\"es-CO\",\"@id\":\"https:\/\/www.fiscalia.gov.co\/colombia\/noticias\/fiscalia-impacta-los-ayacuchos-estructura-dedicada-al-hurto-en-inirida-guainia\/#primaryimage\",\"url\":\"https:\/\/www.fiscalia.gov.co\/colombia\/wp-content\/uploads\/fee946d7-a78c-4693-8ea4-1ce19193a697.jpg\",\"contentUrl\":\"https:\/\/www.fiscalia.gov.co\/colombia\/wp-content\/uploads\/fee946d7-a78c-4693-8ea4-1ce19193a697.jpg\",\"width\":1600,\"height\":860,\"caption\":\"Los capturados aceptaron su responsabilidad en la comisi\u00f3n del punible de Hurto calificado y Agravado. Fueron enviados a la c\u00e1rcel.\"},{\"@type\":\"BreadcrumbList\",\"@id\":\"https:\/\/www.fiscalia.gov.co\/colombia\/noticias\/fiscalia-impacta-los-ayacuchos-estructura-dedicada-al-hurto-en-inirida-guainia\/#breadcrumb\",\"itemListElement\":[{\"@type\":\"ListItem\",\"position\":1,\"name\":\"Home\",\"item\":\"https:\/\/www.fiscalia.gov.co\/colombia\/\"},{\"@type\":\"ListItem\",\"position\":2,\"name\":\"Fiscal\u00eda impacta \u2018Los Ayacuchos\u2019, estructura dedicada al hurto en In\u00edrida, Guain\u00eda\"}]},{\"@type\":\"WebSite\",\"@id\":\"https:\/\/www.fiscalia.gov.co\/colombia\/#website\",\"url\":\"https:\/\/www.fiscalia.gov.co\/colombia\/\",\"name\":\"Fiscal\u00eda General de la Naci\u00f3n\",\"description\":\"P\u00e1gina oficial de la Fiscal\u00eda General de la Naci\u00f3n \u2013 Colombia. Garantizamos el acceso efectivo a la justicia, la verdad y la reparaci\u00f3n de las v\u00edctimas de los delitos.\",\"publisher\":{\"@id\":\"https:\/\/www.fiscalia.gov.co\/colombia\/#organization\"},\"potentialAction\":[{\"@type\":\"SearchAction\",\"target\":{\"@type\":\"EntryPoint\",\"urlTemplate\":\"https:\/\/www.fiscalia.gov.co\/colombia\/?s={search_term_string}\"},\"query-input\":{\"@type\":\"PropertyValueSpecification\",\"valueRequired\":true,\"valueName\":\"search_term_string\"}}],\"inLanguage\":\"es-CO\"},{\"@type\":\"Organization\",\"@id\":\"https:\/\/www.fiscalia.gov.co\/colombia\/#organization\",\"name\":\"Fiscal\u00eda General de la Naci\u00f3n\",\"url\":\"https:\/\/www.fiscalia.gov.co\/colombia\/\",\"logo\":{\"@type\":\"ImageObject\",\"inLanguage\":\"es-CO\",\"@id\":\"https:\/\/www.fiscalia.gov.co\/colombia\/#\/schema\/logo\/image\/\",\"url\":\"https:\/\/www.fiscalia.gov.co\/colombia\/wp-content\/uploads\/LogoHorizontal_1.jpg\",\"contentUrl\":\"https:\/\/www.fiscalia.gov.co\/colombia\/wp-content\/uploads\/LogoHorizontal_1.jpg\",\"width\":300,\"height\":90,\"caption\":\"Fiscal\u00eda General de la Naci\u00f3n\"},\"image\":{\"@id\":\"https:\/\/www.fiscalia.gov.co\/colombia\/#\/schema\/logo\/image\/\"},\"sameAs\":[\"https:\/\/www.facebook.com\/FiscaliaCol\",\"https:\/\/x.com\/FiscaliaCol\",\"https:\/\/www.instagram.com\/fiscaliacol\",\"https:\/\/www.linkedin.com\/company\/fiscalia-general-de-la-naci-n\/\",\"https:\/\/youtube.com\/@fiscaliageneraldelanacion-4668?si=6nN79nyQICPU5iTh\"]},{\"@type\":\"Person\",\"@id\":\"https:\/\/www.fiscalia.gov.co\/colombia\/#\/schema\/person\/176195b99ebab0a52aafa15197e1bf80\",\"name\":\"Winnie Geraldine Rodr\u00edguez Navarrete\",\"image\":{\"@type\":\"ImageObject\",\"inLanguage\":\"es-CO\",\"@id\":\"https:\/\/www.fiscalia.gov.co\/colombia\/#\/schema\/person\/image\/\",\"url\":\"https:\/\/secure.gravatar.com\/avatar\/c24cf8481dc84fa5e8c7b20bc95ab0c6?s=96&d=mm&r=g\",\"contentUrl\":\"https:\/\/secure.gravatar.com\/avatar\/c24cf8481dc84fa5e8c7b20bc95ab0c6?s=96&d=mm&r=g\",\"caption\":\"Winnie Geraldine Rodr\u00edguez Navarrete\"},\"url\":\"https:\/\/www.fiscalia.gov.co\/colombia\/author\/winnierodriguez\/\"}]}<\/script>\n<!-- \/ Yoast SEO plugin. -->","yoast_head_json":{"title":"Fiscal\u00eda General de la Naci\u00f3n","description":"P\u00e1gina oficial de la Fiscal\u00eda General de la Naci\u00f3n \u2013 Colombia. Garantizamos el acceso efectivo a la justicia, la verdad y la reparaci\u00f3n de las v\u00edctimas de los delitos.","robots":{"index":"noindex","follow":"follow"},"og_locale":"es_ES","og_type":"article","og_title":"Fiscal\u00eda General de la Naci\u00f3n","og_description":"P\u00e1gina oficial de la Fiscal\u00eda General de la Naci\u00f3n \u2013 Colombia. Garantizamos el acceso efectivo a la justicia, la verdad y la reparaci\u00f3n de las v\u00edctimas de los delitos.","og_url":"https:\/\/www.fiscalia.gov.co\/colombia\/noticias\/fiscalia-impacta-los-ayacuchos-estructura-dedicada-al-hurto-en-inirida-guainia\/","og_site_name":"Fiscal\u00eda General de la Naci\u00f3n","article_publisher":"https:\/\/www.facebook.com\/FiscaliaCol","article_published_time":"2024-11-26T20:19:12+00:00","og_image":[{"width":1600,"height":860,"url":"https:\/\/www.fiscalia.gov.co\/colombia\/wp-content\/uploads\/fee946d7-a78c-4693-8ea4-1ce19193a697.jpg","type":"image\/jpeg"}],"author":"Winnie Geraldine Rodr\u00edguez Navarrete","twitter_card":"summary_large_image","twitter_creator":"@FiscaliaCol","twitter_site":"@FiscaliaCol","twitter_misc":{"Escrito por":"Winnie Geraldine Rodr\u00edguez Navarrete","Tiempo de lectura":"2 minutos"},"schema":{"@context":"https:\/\/schema.org","@graph":[{"@type":"Article","@id":"https:\/\/www.fiscalia.gov.co\/colombia\/noticias\/fiscalia-impacta-los-ayacuchos-estructura-dedicada-al-hurto-en-inirida-guainia\/#article","isPartOf":{"@id":"https:\/\/www.fiscalia.gov.co\/colombia\/noticias\/fiscalia-impacta-los-ayacuchos-estructura-dedicada-al-hurto-en-inirida-guainia\/"},"author":{"name":"Winnie Geraldine Rodr\u00edguez Navarrete","@id":"https:\/\/www.fiscalia.gov.co\/colombia\/#\/schema\/person\/176195b99ebab0a52aafa15197e1bf80"},"headline":"Fiscal\u00eda impacta \u2018Los Ayacuchos\u2019, estructura dedicada al hurto en In\u00edrida, Guain\u00eda","datePublished":"2024-11-26T20:19:12+00:00","dateModified":"2024-11-26T20:19:12+00:00","mainEntityOfPage":{"@id":"https:\/\/www.fiscalia.gov.co\/colombia\/noticias\/fiscalia-impacta-los-ayacuchos-estructura-dedicada-al-hurto-en-inirida-guainia\/"},"wordCount":380,"publisher":{"@id":"https:\/\/www.fiscalia.gov.co\/colombia\/#organization"},"image":{"@id":"https:\/\/www.fiscalia.gov.co\/colombia\/noticias\/fiscalia-impacta-los-ayacuchos-estructura-dedicada-al-hurto-en-inirida-guainia\/#primaryimage"},"thumbnailUrl":"https:\/\/www.fiscalia.gov.co\/colombia\/wp-content\/uploads\/fee946d7-a78c-4693-8ea4-1ce19193a697-300x161.jpg","keywords":["Captura","C\u00e1rcel","Fiscal\u00eda General de la Naci\u00f3n","hurto calificado y agravado","In\u00edrida (Guain\u00eda)","Medida de aseguramiento"],"articleSection":["Noticias","Seguridad territorial"],"inLanguage":"es-CO"},{"@type":"WebPage","@id":"https:\/\/www.fiscalia.gov.co\/colombia\/noticias\/fiscalia-impacta-los-ayacuchos-estructura-dedicada-al-hurto-en-inirida-guainia\/","url":"https:\/\/www.fiscalia.gov.co\/colombia\/noticias\/fiscalia-impacta-los-ayacuchos-estructura-dedicada-al-hurto-en-inirida-guainia\/","name":"Fiscal\u00eda General de la Naci\u00f3n","isPartOf":{"@id":"https:\/\/www.fiscalia.gov.co\/colombia\/#website"},"primaryImageOfPage":{"@id":"https:\/\/www.fiscalia.gov.co\/colombia\/noticias\/fiscalia-impacta-los-ayacuchos-estructura-dedicada-al-hurto-en-inirida-guainia\/#primaryimage"},"image":{"@id":"https:\/\/www.fiscalia.gov.co\/colombia\/noticias\/fiscalia-impacta-los-ayacuchos-estructura-dedicada-al-hurto-en-inirida-guainia\/#primaryimage"},"thumbnailUrl":"https:\/\/www.fiscalia.gov.co\/colombia\/wp-content\/uploads\/fee946d7-a78c-4693-8ea4-1ce19193a697-300x161.jpg","datePublished":"2024-11-26T20:19:12+00:00","dateModified":"2024-11-26T20:19:12+00:00","description":"P\u00e1gina oficial de la Fiscal\u00eda General de la Naci\u00f3n \u2013 Colombia. Garantizamos el acceso efectivo a la justicia, la verdad y la reparaci\u00f3n de las v\u00edctimas de los delitos.","breadcrumb":{"@id":"https:\/\/www.fiscalia.gov.co\/colombia\/noticias\/fiscalia-impacta-los-ayacuchos-estructura-dedicada-al-hurto-en-inirida-guainia\/#breadcrumb"},"inLanguage":"es-CO","potentialAction":[{"@type":"ReadAction","target":["https:\/\/www.fiscalia.gov.co\/colombia\/noticias\/fiscalia-impacta-los-ayacuchos-estructura-dedicada-al-hurto-en-inirida-guainia\/"]}]},{"@type":"ImageObject","inLanguage":"es-CO","@id":"https:\/\/www.fiscalia.gov.co\/colombia\/noticias\/fiscalia-impacta-los-ayacuchos-estructura-dedicada-al-hurto-en-inirida-guainia\/#primaryimage","url":"https:\/\/www.fiscalia.gov.co\/colombia\/wp-content\/uploads\/fee946d7-a78c-4693-8ea4-1ce19193a697.jpg","contentUrl":"https:\/\/www.fiscalia.gov.co\/colombia\/wp-content\/uploads\/fee946d7-a78c-4693-8ea4-1ce19193a697.jpg","width":1600,"height":860,"caption":"Los capturados aceptaron su responsabilidad en la comisi\u00f3n del punible de Hurto calificado y Agravado. Fueron enviados a la c\u00e1rcel."},{"@type":"BreadcrumbList","@id":"https:\/\/www.fiscalia.gov.co\/colombia\/noticias\/fiscalia-impacta-los-ayacuchos-estructura-dedicada-al-hurto-en-inirida-guainia\/#breadcrumb","itemListElement":[{"@type":"ListItem","position":1,"name":"Home","item":"https:\/\/www.fiscalia.gov.co\/colombia\/"},{"@type":"ListItem","position":2,"name":"Fiscal\u00eda impacta \u2018Los Ayacuchos\u2019, estructura dedicada al hurto en In\u00edrida, Guain\u00eda"}]},{"@type":"WebSite","@id":"https:\/\/www.fiscalia.gov.co\/colombia\/#website","url":"https:\/\/www.fiscalia.gov.co\/colombia\/","name":"Fiscal\u00eda General de la Naci\u00f3n","description":"P\u00e1gina oficial de la Fiscal\u00eda General de la Naci\u00f3n \u2013 Colombia. Garantizamos el acceso efectivo a la justicia, la verdad y la reparaci\u00f3n de las v\u00edctimas de los delitos.","publisher":{"@id":"https:\/\/www.fiscalia.gov.co\/colombia\/#organization"},"potentialAction":[{"@type":"SearchAction","target":{"@type":"EntryPoint","urlTemplate":"https:\/\/www.fiscalia.gov.co\/colombia\/?s={search_term_string}"},"query-input":{"@type":"PropertyValueSpecification","valueRequired":true,"valueName":"search_term_string"}}],"inLanguage":"es-CO"},{"@type":"Organization","@id":"https:\/\/www.fiscalia.gov.co\/colombia\/#organization","name":"Fiscal\u00eda General de la Naci\u00f3n","url":"https:\/\/www.fiscalia.gov.co\/colombia\/","logo":{"@type":"ImageObject","inLanguage":"es-CO","@id":"https:\/\/www.fiscalia.gov.co\/colombia\/#\/schema\/logo\/image\/","url":"https:\/\/www.fiscalia.gov.co\/colombia\/wp-content\/uploads\/LogoHorizontal_1.jpg","contentUrl":"https:\/\/www.fiscalia.gov.co\/colombia\/wp-content\/uploads\/LogoHorizontal_1.jpg","width":300,"height":90,"caption":"Fiscal\u00eda General de la Naci\u00f3n"},"image":{"@id":"https:\/\/www.fiscalia.gov.co\/colombia\/#\/schema\/logo\/image\/"},"sameAs":["https:\/\/www.facebook.com\/FiscaliaCol","https:\/\/x.com\/FiscaliaCol","https:\/\/www.instagram.com\/fiscaliacol","https:\/\/www.linkedin.com\/company\/fiscalia-general-de-la-naci-n\/","https:\/\/youtube.com\/@fiscaliageneraldelanacion-4668?si=6nN79nyQICPU5iTh"]},{"@type":"Person","@id":"https:\/\/www.fiscalia.gov.co\/colombia\/#\/schema\/person\/176195b99ebab0a52aafa15197e1bf80","name":"Winnie Geraldine Rodr\u00edguez Navarrete","image":{"@type":"ImageObject","inLanguage":"es-CO","@id":"https:\/\/www.fiscalia.gov.co\/colombia\/#\/schema\/person\/image\/","url":"https:\/\/secure.gravatar.com\/avatar\/c24cf8481dc84fa5e8c7b20bc95ab0c6?s=96&d=mm&r=g","contentUrl":"https:\/\/secure.gravatar.com\/avatar\/c24cf8481dc84fa5e8c7b20bc95ab0c6?s=96&d=mm&r=g","caption":"Winnie Geraldine Rodr\u00edguez Navarrete"},"url":"https:\/\/www.fiscalia.gov.co\/colombia\/author\/winnierodriguez\/"}]}},"_links":{"self":[{"href":"https:\/\/www.fiscalia.gov.co\/colombia\/wp-json\/wp\/v2\/posts\/306378","targetHints":{"allow":["GET"]}}],"collection":[{"href":"https:\/\/www.fiscalia.gov.co\/colombia\/wp-json\/wp\/v2\/posts"}],"about":[{"href":"https:\/\/www.fiscalia.gov.co\/colombia\/wp-json\/wp\/v2\/types\/post"}],"author":[{"embeddable":true,"href":"https:\/\/www.fiscalia.gov.co\/colombia\/wp-json\/wp\/v2\/users\/178"}],"replies":[{"embeddable":true,"href":"https:\/\/www.fiscalia.gov.co\/colombia\/wp-json\/wp\/v2\/comments?post=306378"}],"version-history":[{"count":2,"href":"https:\/\/www.fiscalia.gov.co\/colombia\/wp-json\/wp\/v2\/posts\/306378\/revisions"}],"predecessor-version":[{"id":306382,"href":"https:\/\/www.fiscalia.gov.co\/colombia\/wp-json\/wp\/v2\/posts\/306378\/revisions\/306382"}],"wp:attachment":[{"href":"https:\/\/www.fiscalia.gov.co\/colombia\/wp-json\/wp\/v2\/media?parent=306378"}],"wp:term":[{"taxonomy":"category","embeddable":true,"href":"https:\/\/www.fiscalia.gov.co\/colombia\/wp-json\/wp\/v2\/categories?post=306378"},{"taxonomy":"post_tag","embeddable":true,"href":"https:\/\/www.fiscalia.gov.co\/colombia\/wp-json\/wp\/v2\/tags?post=306378"}],"curies":[{"name":"wp","href":"https:\/\/api.w.org\/{rel}","templated":true}]}}