{"id":306357,"date":"2024-11-26T10:25:59","date_gmt":"2024-11-26T15:25:59","guid":{"rendered":"https:\/\/www.fiscalia.gov.co\/colombia\/?p=306357"},"modified":"2024-11-26T10:25:59","modified_gmt":"2024-11-26T15:25:59","slug":"fiscalia-obtiene-condena-contra-responsable-de-la-muerte-de-un-menor-de-edad-en-soledad-atlantico","status":"publish","type":"post","link":"https:\/\/www.fiscalia.gov.co\/colombia\/hay-justicia\/fiscalia-obtiene-condena-contra-responsable-de-la-muerte-de-un-menor-de-edad-en-soledad-atlantico\/","title":{"rendered":"Fiscal\u00eda obtiene condena contra responsable de la muerte de un menor de edad en Soledad (Atl\u00e1ntico)"},"content":{"rendered":"<p style=\"font-weight: 400;\">La Fiscal\u00eda General de la Naci\u00f3n obtuvo una condena de 40 a\u00f1os de prisi\u00f3n contra\u00a0 Kalet Antonio Portacio Roa,<strong> por su responsabilidad en el asesinato de un ni\u00f1o de 12 a\u00f1os en Soledad (Atl\u00e1ntico).<\/strong><\/p>\n<p style=\"font-weight: 400;\">Los hechos que motivaron la sentencia ocurrieron la noche del 29 de noviembre de 2023, entre los barrios Villa Karla y Villa Zambrano. <strong>La v\u00edctima, de 12 a\u00f1os, jugaba f\u00fatbol con otros ni\u00f1os en la calle cuando Portacio, quien era perseguido por varias personas, lo atac\u00f3 con un arma blanca para abrirse paso y continuar su huida.<\/strong> El menor fue trasladado a un hospital, donde falleci\u00f3 pese a los esfuerzos m\u00e9dicos.<\/p>\n<figure id=\"attachment_306359\" aria-describedby=\"caption-attachment-306359\" style=\"width: 469px\" class=\"wp-caption aligncenter\"><img loading=\"lazy\" decoding=\"async\" class=\" wp-image-306359\" src=\"https:\/\/www.fiscalia.gov.co\/colombia\/wp-content\/uploads\/40-anos-de-prision-contra-Kalet-Antonio-Portacio-Roa-por-su-responsabilidad-en-el-asesinato-de-un-nino-de-12-anos-en-Soledad-Atlantico-300x279.jpeg\" alt=\"En la imagen se aprecia al hoy sentenciado custodiado por la Polic\u00eda Nacional, tras su captura en flagrancia en 2023. \" width=\"469\" height=\"436\" srcset=\"https:\/\/www.fiscalia.gov.co\/colombia\/wp-content\/uploads\/40-anos-de-prision-contra-Kalet-Antonio-Portacio-Roa-por-su-responsabilidad-en-el-asesinato-de-un-nino-de-12-anos-en-Soledad-Atlantico-300x279.jpeg 300w, https:\/\/www.fiscalia.gov.co\/colombia\/wp-content\/uploads\/40-anos-de-prision-contra-Kalet-Antonio-Portacio-Roa-por-su-responsabilidad-en-el-asesinato-de-un-nino-de-12-anos-en-Soledad-Atlantico-768x713.jpeg 768w, https:\/\/www.fiscalia.gov.co\/colombia\/wp-content\/uploads\/40-anos-de-prision-contra-Kalet-Antonio-Portacio-Roa-por-su-responsabilidad-en-el-asesinato-de-un-nino-de-12-anos-en-Soledad-Atlantico-452x420.jpeg 452w, https:\/\/www.fiscalia.gov.co\/colombia\/wp-content\/uploads\/40-anos-de-prision-contra-Kalet-Antonio-Portacio-Roa-por-su-responsabilidad-en-el-asesinato-de-un-nino-de-12-anos-en-Soledad-Atlantico-696x646.jpeg 696w, https:\/\/www.fiscalia.gov.co\/colombia\/wp-content\/uploads\/40-anos-de-prision-contra-Kalet-Antonio-Portacio-Roa-por-su-responsabilidad-en-el-asesinato-de-un-nino-de-12-anos-en-Soledad-Atlantico.jpeg 963w\" sizes=\"auto, (max-width: 469px) 100vw, 469px\" \/><figcaption id=\"caption-attachment-306359\" class=\"wp-caption-text\">40 a\u00f1os de prisi\u00f3n contra Kalet Antonio Portacio Roa, por su responsabilidad en el asesinato de un ni\u00f1o de 12 a\u00f1os en Soledad (Atl\u00e1ntico).<\/figcaption><\/figure>\n<p style=\"font-weight: 400;\">Informaci\u00f3n proporcionada por la comunidad, permiti\u00f3 que fuera capturado minutos despu\u00e9s en una zona enmontada cerca del lugar de los hechos.<\/p>\n<p style=\"font-weight: 400;\">Las pruebas presentadas por una fiscal de la Seccional Atl\u00e1ntico permitieron establecer la responsabilidad penal de Portacio en el crimen, lo que llev\u00f3 a que fuera encontrado responsable del delito de homicidio agravado.<\/p>\n<p style=\"font-weight: 400;\">\n<p style=\"font-weight: 400;\">SKCR\/AMC\/LVV\/WFOJ\/DSA<\/p>\n<p style=\"font-weight: 400;\">\n<p>&nbsp;<\/p>\n<p>&nbsp;<\/p>\n<p>&nbsp;<\/p>\n<p><em>La informaci\u00f3n contenida en este bolet\u00edn de prensa corresponde a la narraci\u00f3n de los hechos noticiosos objetivos, suministrados por los funcionarios encargados de adelantar las investigaciones penales al interior de la Fiscal\u00eda General de la Naci\u00f3n. Para el momento de la divulgaci\u00f3n de este comunicado, la situaci\u00f3n jur\u00eddica de la(s) persona(s) relacionada(s) se encuentra pendiente de resolver por la autoridad judicial competente, siempre bajo los preceptos de la presunci\u00f3n de inocencia, consagrados en el art\u00edculo 29 de la Constituci\u00f3n Pol\u00edtica y el art\u00edculo 7\u00ba de la Ley 906 de 2004.<\/em><\/p>\n\n<div class=\"twitter-share\"><a href=\"https:\/\/twitter.com\/intent\/tweet?via=fiscaliacol\" class=\"twitter-share-button\">Tweet<\/a><\/div>\n","protected":false},"excerpt":{"rendered":"<p>La Fiscal\u00eda General de la Naci\u00f3n obtuvo una condena de 40 a\u00f1os de prisi\u00f3n contra\u00a0 Kalet Antonio Portacio Roa, por su responsabilidad en el asesinato de un ni\u00f1o de 12 a\u00f1os en Soledad (Atl\u00e1ntico). Los hechos que motivaron la sentencia ocurrieron la noche del 29 de noviembre de 2023, entre los barrios Villa Karla y [&hellip;]<\/p>\n","protected":false},"author":178,"featured_media":0,"comment_status":"closed","ping_status":"open","sticky":false,"template":"","format":"standard","meta":{"_price":"","_stock":"","_tribe_ticket_header":"","_tribe_default_ticket_provider":"","_tribe_ticket_capacity":"0","_ticket_start_date":"","_ticket_end_date":"","_tribe_ticket_show_description":"","_tribe_ticket_show_not_going":false,"_tribe_ticket_use_global_stock":"","_tribe_ticket_global_stock_level":"","_global_stock_mode":"","_global_stock_cap":"","_tribe_rsvp_for_event":"","_tribe_ticket_going_count":"","_tribe_ticket_not_going_count":"","_tribe_tickets_list":"[]","_tribe_ticket_has_attendee_info_fields":false,"tdm_status":"","tdm_grid_status":"","footnotes":""},"categories":[24174,1,24099],"tags":[5180,23982,39496,39494,39497,32375,39495,20034,27199,23901],"class_list":{"0":"post-306357","1":"post","2":"type-post","3":"status-publish","4":"format-standard","6":"category-hay-justicia","7":"category-noticias","8":"category-seguridad-territorial","9":"tag-arma-blanca","10":"tag-barranquilla-atlantico","11":"tag-herida-mortal","12":"tag-homicidio-menor-de-edad","13":"tag-kalet-antonio-portacio-roa","14":"tag-nino","15":"tag-ninos-jugando","16":"tag-persecucion","17":"tag-seccional-atlantico","18":"tag-soledad"},"yoast_head":"<!-- This site is optimized with the Yoast SEO plugin v24.3 - https:\/\/yoast.com\/wordpress\/plugins\/seo\/ -->\n<title>Fiscal\u00eda General de la Naci\u00f3n<\/title>\n<meta name=\"description\" content=\"P\u00e1gina oficial de la Fiscal\u00eda General de la Naci\u00f3n \u2013 Colombia. Garantizamos el acceso efectivo a la justicia, la verdad y la reparaci\u00f3n de las v\u00edctimas de los delitos.\" \/>\n<meta name=\"robots\" content=\"noindex, follow\" \/>\n<meta property=\"og:locale\" content=\"es_ES\" \/>\n<meta property=\"og:type\" content=\"article\" \/>\n<meta property=\"og:title\" content=\"Fiscal\u00eda General de la Naci\u00f3n\" \/>\n<meta property=\"og:description\" content=\"P\u00e1gina oficial de la Fiscal\u00eda General de la Naci\u00f3n \u2013 Colombia. Garantizamos el acceso efectivo a la justicia, la verdad y la reparaci\u00f3n de las v\u00edctimas de los delitos.\" \/>\n<meta property=\"og:url\" content=\"https:\/\/www.fiscalia.gov.co\/colombia\/hay-justicia\/fiscalia-obtiene-condena-contra-responsable-de-la-muerte-de-un-menor-de-edad-en-soledad-atlantico\/\" \/>\n<meta property=\"og:site_name\" content=\"Fiscal\u00eda General de la Naci\u00f3n\" \/>\n<meta property=\"article:publisher\" content=\"https:\/\/www.facebook.com\/FiscaliaCol\" \/>\n<meta property=\"article:published_time\" content=\"2024-11-26T15:25:59+00:00\" \/>\n<meta property=\"og:image\" content=\"https:\/\/www.fiscalia.gov.co\/colombia\/wp-content\/uploads\/40-anos-de-prision-contra-Kalet-Antonio-Portacio-Roa-por-su-responsabilidad-en-el-asesinato-de-un-nino-de-12-anos-en-Soledad-Atlantico.jpeg\" \/>\n\t<meta property=\"og:image:width\" content=\"963\" \/>\n\t<meta property=\"og:image:height\" content=\"894\" \/>\n\t<meta property=\"og:image:type\" content=\"image\/jpeg\" \/>\n<meta name=\"author\" content=\"Winnie Geraldine Rodr\u00edguez Navarrete\" \/>\n<meta name=\"twitter:card\" content=\"summary_large_image\" \/>\n<meta name=\"twitter:creator\" content=\"@FiscaliaCol\" \/>\n<meta name=\"twitter:site\" content=\"@FiscaliaCol\" \/>\n<meta name=\"twitter:label1\" content=\"Escrito por\" \/>\n\t<meta name=\"twitter:data1\" content=\"Winnie Geraldine Rodr\u00edguez Navarrete\" \/>\n\t<meta name=\"twitter:label2\" content=\"Tiempo de lectura\" \/>\n\t<meta name=\"twitter:data2\" content=\"2 minutos\" \/>\n<script type=\"application\/ld+json\" class=\"yoast-schema-graph\">{\"@context\":\"https:\/\/schema.org\",\"@graph\":[{\"@type\":\"Article\",\"@id\":\"https:\/\/www.fiscalia.gov.co\/colombia\/hay-justicia\/fiscalia-obtiene-condena-contra-responsable-de-la-muerte-de-un-menor-de-edad-en-soledad-atlantico\/#article\",\"isPartOf\":{\"@id\":\"https:\/\/www.fiscalia.gov.co\/colombia\/hay-justicia\/fiscalia-obtiene-condena-contra-responsable-de-la-muerte-de-un-menor-de-edad-en-soledad-atlantico\/\"},\"author\":{\"name\":\"Winnie Geraldine Rodr\u00edguez Navarrete\",\"@id\":\"https:\/\/www.fiscalia.gov.co\/colombia\/#\/schema\/person\/176195b99ebab0a52aafa15197e1bf80\"},\"headline\":\"Fiscal\u00eda obtiene condena contra responsable de la muerte de un menor de edad en Soledad (Atl\u00e1ntico)\",\"datePublished\":\"2024-11-26T15:25:59+00:00\",\"dateModified\":\"2024-11-26T15:25:59+00:00\",\"mainEntityOfPage\":{\"@id\":\"https:\/\/www.fiscalia.gov.co\/colombia\/hay-justicia\/fiscalia-obtiene-condena-contra-responsable-de-la-muerte-de-un-menor-de-edad-en-soledad-atlantico\/\"},\"wordCount\":331,\"publisher\":{\"@id\":\"https:\/\/www.fiscalia.gov.co\/colombia\/#organization\"},\"image\":{\"@id\":\"https:\/\/www.fiscalia.gov.co\/colombia\/hay-justicia\/fiscalia-obtiene-condena-contra-responsable-de-la-muerte-de-un-menor-de-edad-en-soledad-atlantico\/#primaryimage\"},\"thumbnailUrl\":\"https:\/\/www.fiscalia.gov.co\/colombia\/wp-content\/uploads\/40-anos-de-prision-contra-Kalet-Antonio-Portacio-Roa-por-su-responsabilidad-en-el-asesinato-de-un-nino-de-12-anos-en-Soledad-Atlantico-300x279.jpeg\",\"keywords\":[\"Arma Blanca\",\"Barranquilla (Atl\u00e1ntico)\",\"herida mortal\",\"homicidio menor de edad\",\"Kalet Antonio Portacio Roa.\",\"ni\u00f1o\",\"ni\u00f1os jugando\",\"Persecuci\u00f3n\",\"Seccional Atl\u00e1ntico\",\"Soledad\"],\"articleSection\":[\"Hay Justicia\",\"Noticias\",\"Seguridad territorial\"],\"inLanguage\":\"es-CO\"},{\"@type\":\"WebPage\",\"@id\":\"https:\/\/www.fiscalia.gov.co\/colombia\/hay-justicia\/fiscalia-obtiene-condena-contra-responsable-de-la-muerte-de-un-menor-de-edad-en-soledad-atlantico\/\",\"url\":\"https:\/\/www.fiscalia.gov.co\/colombia\/hay-justicia\/fiscalia-obtiene-condena-contra-responsable-de-la-muerte-de-un-menor-de-edad-en-soledad-atlantico\/\",\"name\":\"Fiscal\u00eda General de la Naci\u00f3n\",\"isPartOf\":{\"@id\":\"https:\/\/www.fiscalia.gov.co\/colombia\/#website\"},\"primaryImageOfPage\":{\"@id\":\"https:\/\/www.fiscalia.gov.co\/colombia\/hay-justicia\/fiscalia-obtiene-condena-contra-responsable-de-la-muerte-de-un-menor-de-edad-en-soledad-atlantico\/#primaryimage\"},\"image\":{\"@id\":\"https:\/\/www.fiscalia.gov.co\/colombia\/hay-justicia\/fiscalia-obtiene-condena-contra-responsable-de-la-muerte-de-un-menor-de-edad-en-soledad-atlantico\/#primaryimage\"},\"thumbnailUrl\":\"https:\/\/www.fiscalia.gov.co\/colombia\/wp-content\/uploads\/40-anos-de-prision-contra-Kalet-Antonio-Portacio-Roa-por-su-responsabilidad-en-el-asesinato-de-un-nino-de-12-anos-en-Soledad-Atlantico-300x279.jpeg\",\"datePublished\":\"2024-11-26T15:25:59+00:00\",\"dateModified\":\"2024-11-26T15:25:59+00:00\",\"description\":\"P\u00e1gina oficial de la Fiscal\u00eda General de la Naci\u00f3n \u2013 Colombia. Garantizamos el acceso efectivo a la justicia, la verdad y la reparaci\u00f3n de las v\u00edctimas de los delitos.\",\"breadcrumb\":{\"@id\":\"https:\/\/www.fiscalia.gov.co\/colombia\/hay-justicia\/fiscalia-obtiene-condena-contra-responsable-de-la-muerte-de-un-menor-de-edad-en-soledad-atlantico\/#breadcrumb\"},\"inLanguage\":\"es-CO\",\"potentialAction\":[{\"@type\":\"ReadAction\",\"target\":[\"https:\/\/www.fiscalia.gov.co\/colombia\/hay-justicia\/fiscalia-obtiene-condena-contra-responsable-de-la-muerte-de-un-menor-de-edad-en-soledad-atlantico\/\"]}]},{\"@type\":\"ImageObject\",\"inLanguage\":\"es-CO\",\"@id\":\"https:\/\/www.fiscalia.gov.co\/colombia\/hay-justicia\/fiscalia-obtiene-condena-contra-responsable-de-la-muerte-de-un-menor-de-edad-en-soledad-atlantico\/#primaryimage\",\"url\":\"https:\/\/www.fiscalia.gov.co\/colombia\/wp-content\/uploads\/40-anos-de-prision-contra-Kalet-Antonio-Portacio-Roa-por-su-responsabilidad-en-el-asesinato-de-un-nino-de-12-anos-en-Soledad-Atlantico.jpeg\",\"contentUrl\":\"https:\/\/www.fiscalia.gov.co\/colombia\/wp-content\/uploads\/40-anos-de-prision-contra-Kalet-Antonio-Portacio-Roa-por-su-responsabilidad-en-el-asesinato-de-un-nino-de-12-anos-en-Soledad-Atlantico.jpeg\",\"width\":963,\"height\":894,\"caption\":\"40 a\u00f1os de prisi\u00f3n contra Kalet Antonio Portacio Roa, por su responsabilidad en el asesinato de un ni\u00f1o de 12 a\u00f1os en Soledad (Atl\u00e1ntico).\"},{\"@type\":\"BreadcrumbList\",\"@id\":\"https:\/\/www.fiscalia.gov.co\/colombia\/hay-justicia\/fiscalia-obtiene-condena-contra-responsable-de-la-muerte-de-un-menor-de-edad-en-soledad-atlantico\/#breadcrumb\",\"itemListElement\":[{\"@type\":\"ListItem\",\"position\":1,\"name\":\"Home\",\"item\":\"https:\/\/www.fiscalia.gov.co\/colombia\/\"},{\"@type\":\"ListItem\",\"position\":2,\"name\":\"Fiscal\u00eda obtiene condena contra responsable de la muerte de un menor de edad en Soledad (Atl\u00e1ntico)\"}]},{\"@type\":\"WebSite\",\"@id\":\"https:\/\/www.fiscalia.gov.co\/colombia\/#website\",\"url\":\"https:\/\/www.fiscalia.gov.co\/colombia\/\",\"name\":\"Fiscal\u00eda General de la Naci\u00f3n\",\"description\":\"P\u00e1gina oficial de la Fiscal\u00eda General de la Naci\u00f3n \u2013 Colombia. Garantizamos el acceso efectivo a la justicia, la verdad y la reparaci\u00f3n de las v\u00edctimas de los delitos.\",\"publisher\":{\"@id\":\"https:\/\/www.fiscalia.gov.co\/colombia\/#organization\"},\"potentialAction\":[{\"@type\":\"SearchAction\",\"target\":{\"@type\":\"EntryPoint\",\"urlTemplate\":\"https:\/\/www.fiscalia.gov.co\/colombia\/?s={search_term_string}\"},\"query-input\":{\"@type\":\"PropertyValueSpecification\",\"valueRequired\":true,\"valueName\":\"search_term_string\"}}],\"inLanguage\":\"es-CO\"},{\"@type\":\"Organization\",\"@id\":\"https:\/\/www.fiscalia.gov.co\/colombia\/#organization\",\"name\":\"Fiscal\u00eda General de la Naci\u00f3n\",\"url\":\"https:\/\/www.fiscalia.gov.co\/colombia\/\",\"logo\":{\"@type\":\"ImageObject\",\"inLanguage\":\"es-CO\",\"@id\":\"https:\/\/www.fiscalia.gov.co\/colombia\/#\/schema\/logo\/image\/\",\"url\":\"https:\/\/www.fiscalia.gov.co\/colombia\/wp-content\/uploads\/LogoHorizontal_1.jpg\",\"contentUrl\":\"https:\/\/www.fiscalia.gov.co\/colombia\/wp-content\/uploads\/LogoHorizontal_1.jpg\",\"width\":300,\"height\":90,\"caption\":\"Fiscal\u00eda General de la Naci\u00f3n\"},\"image\":{\"@id\":\"https:\/\/www.fiscalia.gov.co\/colombia\/#\/schema\/logo\/image\/\"},\"sameAs\":[\"https:\/\/www.facebook.com\/FiscaliaCol\",\"https:\/\/x.com\/FiscaliaCol\",\"https:\/\/www.instagram.com\/fiscaliacol\",\"https:\/\/www.linkedin.com\/company\/fiscalia-general-de-la-naci-n\/\",\"https:\/\/youtube.com\/@fiscaliageneraldelanacion-4668?si=6nN79nyQICPU5iTh\"]},{\"@type\":\"Person\",\"@id\":\"https:\/\/www.fiscalia.gov.co\/colombia\/#\/schema\/person\/176195b99ebab0a52aafa15197e1bf80\",\"name\":\"Winnie Geraldine Rodr\u00edguez Navarrete\",\"image\":{\"@type\":\"ImageObject\",\"inLanguage\":\"es-CO\",\"@id\":\"https:\/\/www.fiscalia.gov.co\/colombia\/#\/schema\/person\/image\/\",\"url\":\"https:\/\/secure.gravatar.com\/avatar\/c24cf8481dc84fa5e8c7b20bc95ab0c6?s=96&d=mm&r=g\",\"contentUrl\":\"https:\/\/secure.gravatar.com\/avatar\/c24cf8481dc84fa5e8c7b20bc95ab0c6?s=96&d=mm&r=g\",\"caption\":\"Winnie Geraldine Rodr\u00edguez Navarrete\"},\"url\":\"https:\/\/www.fiscalia.gov.co\/colombia\/author\/winnierodriguez\/\"}]}<\/script>\n<!-- \/ Yoast SEO plugin. -->","yoast_head_json":{"title":"Fiscal\u00eda General de la Naci\u00f3n","description":"P\u00e1gina oficial de la Fiscal\u00eda General de la Naci\u00f3n \u2013 Colombia. Garantizamos el acceso efectivo a la justicia, la verdad y la reparaci\u00f3n de las v\u00edctimas de los delitos.","robots":{"index":"noindex","follow":"follow"},"og_locale":"es_ES","og_type":"article","og_title":"Fiscal\u00eda General de la Naci\u00f3n","og_description":"P\u00e1gina oficial de la Fiscal\u00eda General de la Naci\u00f3n \u2013 Colombia. Garantizamos el acceso efectivo a la justicia, la verdad y la reparaci\u00f3n de las v\u00edctimas de los delitos.","og_url":"https:\/\/www.fiscalia.gov.co\/colombia\/hay-justicia\/fiscalia-obtiene-condena-contra-responsable-de-la-muerte-de-un-menor-de-edad-en-soledad-atlantico\/","og_site_name":"Fiscal\u00eda General de la Naci\u00f3n","article_publisher":"https:\/\/www.facebook.com\/FiscaliaCol","article_published_time":"2024-11-26T15:25:59+00:00","og_image":[{"width":963,"height":894,"url":"https:\/\/www.fiscalia.gov.co\/colombia\/wp-content\/uploads\/40-anos-de-prision-contra-Kalet-Antonio-Portacio-Roa-por-su-responsabilidad-en-el-asesinato-de-un-nino-de-12-anos-en-Soledad-Atlantico.jpeg","type":"image\/jpeg"}],"author":"Winnie Geraldine Rodr\u00edguez Navarrete","twitter_card":"summary_large_image","twitter_creator":"@FiscaliaCol","twitter_site":"@FiscaliaCol","twitter_misc":{"Escrito por":"Winnie Geraldine Rodr\u00edguez Navarrete","Tiempo de lectura":"2 minutos"},"schema":{"@context":"https:\/\/schema.org","@graph":[{"@type":"Article","@id":"https:\/\/www.fiscalia.gov.co\/colombia\/hay-justicia\/fiscalia-obtiene-condena-contra-responsable-de-la-muerte-de-un-menor-de-edad-en-soledad-atlantico\/#article","isPartOf":{"@id":"https:\/\/www.fiscalia.gov.co\/colombia\/hay-justicia\/fiscalia-obtiene-condena-contra-responsable-de-la-muerte-de-un-menor-de-edad-en-soledad-atlantico\/"},"author":{"name":"Winnie Geraldine Rodr\u00edguez Navarrete","@id":"https:\/\/www.fiscalia.gov.co\/colombia\/#\/schema\/person\/176195b99ebab0a52aafa15197e1bf80"},"headline":"Fiscal\u00eda obtiene condena contra responsable de la muerte de un menor de edad en Soledad (Atl\u00e1ntico)","datePublished":"2024-11-26T15:25:59+00:00","dateModified":"2024-11-26T15:25:59+00:00","mainEntityOfPage":{"@id":"https:\/\/www.fiscalia.gov.co\/colombia\/hay-justicia\/fiscalia-obtiene-condena-contra-responsable-de-la-muerte-de-un-menor-de-edad-en-soledad-atlantico\/"},"wordCount":331,"publisher":{"@id":"https:\/\/www.fiscalia.gov.co\/colombia\/#organization"},"image":{"@id":"https:\/\/www.fiscalia.gov.co\/colombia\/hay-justicia\/fiscalia-obtiene-condena-contra-responsable-de-la-muerte-de-un-menor-de-edad-en-soledad-atlantico\/#primaryimage"},"thumbnailUrl":"https:\/\/www.fiscalia.gov.co\/colombia\/wp-content\/uploads\/40-anos-de-prision-contra-Kalet-Antonio-Portacio-Roa-por-su-responsabilidad-en-el-asesinato-de-un-nino-de-12-anos-en-Soledad-Atlantico-300x279.jpeg","keywords":["Arma Blanca","Barranquilla (Atl\u00e1ntico)","herida mortal","homicidio menor de edad","Kalet Antonio Portacio Roa.","ni\u00f1o","ni\u00f1os jugando","Persecuci\u00f3n","Seccional Atl\u00e1ntico","Soledad"],"articleSection":["Hay Justicia","Noticias","Seguridad territorial"],"inLanguage":"es-CO"},{"@type":"WebPage","@id":"https:\/\/www.fiscalia.gov.co\/colombia\/hay-justicia\/fiscalia-obtiene-condena-contra-responsable-de-la-muerte-de-un-menor-de-edad-en-soledad-atlantico\/","url":"https:\/\/www.fiscalia.gov.co\/colombia\/hay-justicia\/fiscalia-obtiene-condena-contra-responsable-de-la-muerte-de-un-menor-de-edad-en-soledad-atlantico\/","name":"Fiscal\u00eda General de la Naci\u00f3n","isPartOf":{"@id":"https:\/\/www.fiscalia.gov.co\/colombia\/#website"},"primaryImageOfPage":{"@id":"https:\/\/www.fiscalia.gov.co\/colombia\/hay-justicia\/fiscalia-obtiene-condena-contra-responsable-de-la-muerte-de-un-menor-de-edad-en-soledad-atlantico\/#primaryimage"},"image":{"@id":"https:\/\/www.fiscalia.gov.co\/colombia\/hay-justicia\/fiscalia-obtiene-condena-contra-responsable-de-la-muerte-de-un-menor-de-edad-en-soledad-atlantico\/#primaryimage"},"thumbnailUrl":"https:\/\/www.fiscalia.gov.co\/colombia\/wp-content\/uploads\/40-anos-de-prision-contra-Kalet-Antonio-Portacio-Roa-por-su-responsabilidad-en-el-asesinato-de-un-nino-de-12-anos-en-Soledad-Atlantico-300x279.jpeg","datePublished":"2024-11-26T15:25:59+00:00","dateModified":"2024-11-26T15:25:59+00:00","description":"P\u00e1gina oficial de la Fiscal\u00eda General de la Naci\u00f3n \u2013 Colombia. Garantizamos el acceso efectivo a la justicia, la verdad y la reparaci\u00f3n de las v\u00edctimas de los delitos.","breadcrumb":{"@id":"https:\/\/www.fiscalia.gov.co\/colombia\/hay-justicia\/fiscalia-obtiene-condena-contra-responsable-de-la-muerte-de-un-menor-de-edad-en-soledad-atlantico\/#breadcrumb"},"inLanguage":"es-CO","potentialAction":[{"@type":"ReadAction","target":["https:\/\/www.fiscalia.gov.co\/colombia\/hay-justicia\/fiscalia-obtiene-condena-contra-responsable-de-la-muerte-de-un-menor-de-edad-en-soledad-atlantico\/"]}]},{"@type":"ImageObject","inLanguage":"es-CO","@id":"https:\/\/www.fiscalia.gov.co\/colombia\/hay-justicia\/fiscalia-obtiene-condena-contra-responsable-de-la-muerte-de-un-menor-de-edad-en-soledad-atlantico\/#primaryimage","url":"https:\/\/www.fiscalia.gov.co\/colombia\/wp-content\/uploads\/40-anos-de-prision-contra-Kalet-Antonio-Portacio-Roa-por-su-responsabilidad-en-el-asesinato-de-un-nino-de-12-anos-en-Soledad-Atlantico.jpeg","contentUrl":"https:\/\/www.fiscalia.gov.co\/colombia\/wp-content\/uploads\/40-anos-de-prision-contra-Kalet-Antonio-Portacio-Roa-por-su-responsabilidad-en-el-asesinato-de-un-nino-de-12-anos-en-Soledad-Atlantico.jpeg","width":963,"height":894,"caption":"40 a\u00f1os de prisi\u00f3n contra Kalet Antonio Portacio Roa, por su responsabilidad en el asesinato de un ni\u00f1o de 12 a\u00f1os en Soledad (Atl\u00e1ntico)."},{"@type":"BreadcrumbList","@id":"https:\/\/www.fiscalia.gov.co\/colombia\/hay-justicia\/fiscalia-obtiene-condena-contra-responsable-de-la-muerte-de-un-menor-de-edad-en-soledad-atlantico\/#breadcrumb","itemListElement":[{"@type":"ListItem","position":1,"name":"Home","item":"https:\/\/www.fiscalia.gov.co\/colombia\/"},{"@type":"ListItem","position":2,"name":"Fiscal\u00eda obtiene condena contra responsable de la muerte de un menor de edad en Soledad (Atl\u00e1ntico)"}]},{"@type":"WebSite","@id":"https:\/\/www.fiscalia.gov.co\/colombia\/#website","url":"https:\/\/www.fiscalia.gov.co\/colombia\/","name":"Fiscal\u00eda General de la Naci\u00f3n","description":"P\u00e1gina oficial de la Fiscal\u00eda General de la Naci\u00f3n \u2013 Colombia. Garantizamos el acceso efectivo a la justicia, la verdad y la reparaci\u00f3n de las v\u00edctimas de los delitos.","publisher":{"@id":"https:\/\/www.fiscalia.gov.co\/colombia\/#organization"},"potentialAction":[{"@type":"SearchAction","target":{"@type":"EntryPoint","urlTemplate":"https:\/\/www.fiscalia.gov.co\/colombia\/?s={search_term_string}"},"query-input":{"@type":"PropertyValueSpecification","valueRequired":true,"valueName":"search_term_string"}}],"inLanguage":"es-CO"},{"@type":"Organization","@id":"https:\/\/www.fiscalia.gov.co\/colombia\/#organization","name":"Fiscal\u00eda General de la Naci\u00f3n","url":"https:\/\/www.fiscalia.gov.co\/colombia\/","logo":{"@type":"ImageObject","inLanguage":"es-CO","@id":"https:\/\/www.fiscalia.gov.co\/colombia\/#\/schema\/logo\/image\/","url":"https:\/\/www.fiscalia.gov.co\/colombia\/wp-content\/uploads\/LogoHorizontal_1.jpg","contentUrl":"https:\/\/www.fiscalia.gov.co\/colombia\/wp-content\/uploads\/LogoHorizontal_1.jpg","width":300,"height":90,"caption":"Fiscal\u00eda General de la Naci\u00f3n"},"image":{"@id":"https:\/\/www.fiscalia.gov.co\/colombia\/#\/schema\/logo\/image\/"},"sameAs":["https:\/\/www.facebook.com\/FiscaliaCol","https:\/\/x.com\/FiscaliaCol","https:\/\/www.instagram.com\/fiscaliacol","https:\/\/www.linkedin.com\/company\/fiscalia-general-de-la-naci-n\/","https:\/\/youtube.com\/@fiscaliageneraldelanacion-4668?si=6nN79nyQICPU5iTh"]},{"@type":"Person","@id":"https:\/\/www.fiscalia.gov.co\/colombia\/#\/schema\/person\/176195b99ebab0a52aafa15197e1bf80","name":"Winnie Geraldine Rodr\u00edguez Navarrete","image":{"@type":"ImageObject","inLanguage":"es-CO","@id":"https:\/\/www.fiscalia.gov.co\/colombia\/#\/schema\/person\/image\/","url":"https:\/\/secure.gravatar.com\/avatar\/c24cf8481dc84fa5e8c7b20bc95ab0c6?s=96&d=mm&r=g","contentUrl":"https:\/\/secure.gravatar.com\/avatar\/c24cf8481dc84fa5e8c7b20bc95ab0c6?s=96&d=mm&r=g","caption":"Winnie Geraldine Rodr\u00edguez Navarrete"},"url":"https:\/\/www.fiscalia.gov.co\/colombia\/author\/winnierodriguez\/"}]}},"_links":{"self":[{"href":"https:\/\/www.fiscalia.gov.co\/colombia\/wp-json\/wp\/v2\/posts\/306357","targetHints":{"allow":["GET"]}}],"collection":[{"href":"https:\/\/www.fiscalia.gov.co\/colombia\/wp-json\/wp\/v2\/posts"}],"about":[{"href":"https:\/\/www.fiscalia.gov.co\/colombia\/wp-json\/wp\/v2\/types\/post"}],"author":[{"embeddable":true,"href":"https:\/\/www.fiscalia.gov.co\/colombia\/wp-json\/wp\/v2\/users\/178"}],"replies":[{"embeddable":true,"href":"https:\/\/www.fiscalia.gov.co\/colombia\/wp-json\/wp\/v2\/comments?post=306357"}],"version-history":[{"count":2,"href":"https:\/\/www.fiscalia.gov.co\/colombia\/wp-json\/wp\/v2\/posts\/306357\/revisions"}],"predecessor-version":[{"id":306360,"href":"https:\/\/www.fiscalia.gov.co\/colombia\/wp-json\/wp\/v2\/posts\/306357\/revisions\/306360"}],"wp:attachment":[{"href":"https:\/\/www.fiscalia.gov.co\/colombia\/wp-json\/wp\/v2\/media?parent=306357"}],"wp:term":[{"taxonomy":"category","embeddable":true,"href":"https:\/\/www.fiscalia.gov.co\/colombia\/wp-json\/wp\/v2\/categories?post=306357"},{"taxonomy":"post_tag","embeddable":true,"href":"https:\/\/www.fiscalia.gov.co\/colombia\/wp-json\/wp\/v2\/tags?post=306357"}],"curies":[{"name":"wp","href":"https:\/\/api.w.org\/{rel}","templated":true}]}}