{"id":306353,"date":"2024-11-26T10:23:02","date_gmt":"2024-11-26T15:23:02","guid":{"rendered":"https:\/\/www.fiscalia.gov.co\/colombia\/?p=306353"},"modified":"2024-11-26T10:23:02","modified_gmt":"2024-11-26T15:23:02","slug":"impactado-grupo-delincuencial-que-estaria-involucrado-en-el-secuestro-de-tres-pescadores-de-buenaventura","status":"publish","type":"post","link":"https:\/\/www.fiscalia.gov.co\/colombia\/noticias\/impactado-grupo-delincuencial-que-estaria-involucrado-en-el-secuestro-de-tres-pescadores-de-buenaventura\/","title":{"rendered":"Impactado grupo delincuencial que estar\u00eda involucrado en el secuestro de tres pescadores de Buenaventura"},"content":{"rendered":"<h4 dir=\"ltr\" style=\"text-align: center;\"><em><strong>Los procesados exig\u00edan a las familias de las v\u00edctimas el pago de 600 millones de pesos por su liberaci\u00f3n.<\/strong><\/em><\/h4>\n<p dir=\"ltr\">Por solicitud de la Fiscal\u00eda General de la Naci\u00f3n, un juez de control de garant\u00edas impuso medida de aseguramiento en centro carcelario a <strong>cinco hombres que habr\u00edan participado en el secuestro de tres pescadores de Buenaventura (Valle del Cauca).<\/strong><\/p>\n<p dir=\"ltr\">Se trata de Gustavo Adolfo Garc\u00eda, Yessferson Riascos Hurtado, Juan Camilo Caicedo, Kevin Esteban Mosquera y Jhon Wilmar Santa Z\u00fa\u00f1iga, quienes har\u00edan parte de un grupo delincuencial denominado Los Contactos. Un fiscal de la Unidad de Vida les imput\u00f3 los delitos de secuestro extorsivo agravado; fabricaci\u00f3n, tr\u00e1fico, porte o tenencia de armas de fuego, accesorios, partes o municiones; y tr\u00e1fico y porte de estupefacientes.<\/p>\n<p dir=\"ltr\">Seg\u00fan la investigaci\u00f3n,<strong> las v\u00edctimas fueron contactadas telef\u00f3nicamente por algunos de los imputados, quienes, mediante enga\u00f1os, les ofrecieron una oferta laboral en Cali,<\/strong> para que supuestamente instalaran puntos de venta de pescado en algunas de las plazas de mercado de la ciudad.<\/p>\n<p dir=\"ltr\">Las v\u00edctimas viajaron a Cali, desde Buenaventura, y fueron recogidos en un veh\u00edculo en la terminal de transportes. Posteriormente, los trasladaron hasta una vivienda en el oriente de la ciudad, en donde los secuestraron y ataron de pies y manos.<\/p>\n<figure id=\"attachment_306355\" aria-describedby=\"caption-attachment-306355\" style=\"width: 549px\" class=\"wp-caption aligncenter\"><img loading=\"lazy\" decoding=\"async\" class=\" wp-image-306355\" src=\"https:\/\/www.fiscalia.gov.co\/colombia\/wp-content\/uploads\/Pescadores-Buenaventura-300x169.jpeg\" alt=\"En la fotograf\u00eda aparecen los 5 capturados junto a dos uniformados del Gaula de la Polic\u00eda. En la parte superior est\u00e1 un banner de la Polic\u00eda Nacional.\" width=\"549\" height=\"309\" srcset=\"https:\/\/www.fiscalia.gov.co\/colombia\/wp-content\/uploads\/Pescadores-Buenaventura-300x169.jpeg 300w, https:\/\/www.fiscalia.gov.co\/colombia\/wp-content\/uploads\/Pescadores-Buenaventura-1024x576.jpeg 1024w, https:\/\/www.fiscalia.gov.co\/colombia\/wp-content\/uploads\/Pescadores-Buenaventura-768x432.jpeg 768w, https:\/\/www.fiscalia.gov.co\/colombia\/wp-content\/uploads\/Pescadores-Buenaventura-1536x864.jpeg 1536w, https:\/\/www.fiscalia.gov.co\/colombia\/wp-content\/uploads\/Pescadores-Buenaventura-747x420.jpeg 747w, https:\/\/www.fiscalia.gov.co\/colombia\/wp-content\/uploads\/Pescadores-Buenaventura-696x392.jpeg 696w, https:\/\/www.fiscalia.gov.co\/colombia\/wp-content\/uploads\/Pescadores-Buenaventura-1068x601.jpeg 1068w, https:\/\/www.fiscalia.gov.co\/colombia\/wp-content\/uploads\/Pescadores-Buenaventura.jpeg 1600w\" sizes=\"auto, (max-width: 549px) 100vw, 549px\" \/><figcaption id=\"caption-attachment-306355\" class=\"wp-caption-text\">Los presuntos secuestradores fueron capturados durante el operativo de rescate de las v\u00edctimas, quienes se encontraban confinadas en una casa del oriente de Cali<\/figcaption><\/figure>\n<p dir=\"ltr\">Las v\u00edctimas fueron despojadas de sus celulares y se comunicaron con sus familiares para exigirles una alta suma de dinero por su liberaci\u00f3n. <strong>Para presionar el pago, habr\u00edan grabado videos donde los pescadores eran amenazadas con armas de fuego y fotograf\u00edas de ellos golpeados y con lesiones en sus rostros.<\/strong><\/p>\n<p dir=\"ltr\">Las actividades investigativas permitieron identificar a las personas que recogieron a los secuestrados y ubicar el punto donde se encontraban retenidos en contra de su voluntad, en una vivienda del oriente de la Cali (Valle del Cauca).<\/p>\n<p dir=\"ltr\">Luego de 72 horas de secuestro, unidades del Gaula de la Polic\u00eda llegaron hasta el lugar y rescataron a los tres pescadores, logrando la captura de los cinco presuntos responsables. Durante el operativo fueron incautadas un arma de fuego, munici\u00f3n, y dosis de estupefacientes.<\/p>\n<p dir=\"ltr\">El juez penal cinco capturados sean trasladados a la c\u00e1rcel de Villahermosa.<\/p>\n<p dir=\"ltr\">\n<p dir=\"ltr\">\n<p dir=\"ltr\">\n<p dir=\"ltr\">\n<p dir=\"ltr\">JGPV\/MIZ\/DSC\/AMCJ\/<\/p>\n<p dir=\"ltr\">\n<p dir=\"ltr\">\n<p dir=\"ltr\">\n<p dir=\"ltr\">\n<p dir=\"ltr\"><em>La informaci\u00f3n contenida en este bolet\u00edn de prensa corresponde a la narraci\u00f3n de los hechos noticiosos objetivos, suministrados por los funcionarios encargados de adelantar las investigaciones penales al interior de la Fiscal\u00eda General de la Naci\u00f3n. Para el momento de la divulgaci\u00f3n de este comunicado, la situaci\u00f3n jur\u00eddica de la(s) persona(s) relacionada(s) se encuentra pendiente de resolver por la autoridad judicial competente, siempre bajo los preceptos de la presunci\u00f3n de inocencia, consagrados en el art\u00edculo 29 de la Constituci\u00f3n Pol\u00edtica y el art\u00edculo 7\u00ba de la Ley 906 de 2004.<\/em><\/p>\n\n<div class=\"twitter-share\"><a href=\"https:\/\/twitter.com\/intent\/tweet?via=fiscaliacol\" class=\"twitter-share-button\">Tweet<\/a><\/div>\n","protected":false},"excerpt":{"rendered":"<p>Los procesados exig\u00edan a las familias de las v\u00edctimas el pago de 600 millones de pesos por su liberaci\u00f3n. Por solicitud de la Fiscal\u00eda General de la Naci\u00f3n, un juez de control de garant\u00edas impuso medida de aseguramiento en centro carcelario a cinco hombres que habr\u00edan participado en el secuestro de tres pescadores de Buenaventura [&hellip;]<\/p>\n","protected":false},"author":178,"featured_media":0,"comment_status":"closed","ping_status":"open","sticky":false,"template":"","format":"standard","meta":{"_price":"","_stock":"","_tribe_ticket_header":"","_tribe_default_ticket_provider":"","_tribe_ticket_capacity":"0","_ticket_start_date":"","_ticket_end_date":"","_tribe_ticket_show_description":"","_tribe_ticket_show_not_going":false,"_tribe_ticket_use_global_stock":"","_tribe_ticket_global_stock_level":"","_global_stock_mode":"","_global_stock_cap":"","_tribe_rsvp_for_event":"","_tribe_ticket_going_count":"","_tribe_ticket_not_going_count":"","_tribe_tickets_list":"[]","_tribe_ticket_has_attendee_info_fields":false,"tdm_status":"","tdm_grid_status":"","footnotes":""},"categories":[1,24099],"tags":[30077,37492,1047,39493],"class_list":{"0":"post-306353","1":"post","2":"type-post","3":"status-publish","4":"format-standard","6":"category-noticias","7":"category-seguridad-territorial","8":"tag-cali-valle-del-cauca","9":"tag-fiscal-luz-adriana-camargo","10":"tag-fiscalia-general-de-la-nacion","11":"tag-secuestro-de-pescadores"},"yoast_head":"<!-- This site is optimized with the Yoast SEO plugin v24.3 - https:\/\/yoast.com\/wordpress\/plugins\/seo\/ -->\n<title>Fiscal\u00eda General de la Naci\u00f3n<\/title>\n<meta name=\"description\" content=\"P\u00e1gina oficial de la Fiscal\u00eda General de la Naci\u00f3n \u2013 Colombia. Garantizamos el acceso efectivo a la justicia, la verdad y la reparaci\u00f3n de las v\u00edctimas de los delitos.\" \/>\n<meta name=\"robots\" content=\"noindex, follow\" \/>\n<meta property=\"og:locale\" content=\"es_ES\" \/>\n<meta property=\"og:type\" content=\"article\" \/>\n<meta property=\"og:title\" content=\"Fiscal\u00eda General de la Naci\u00f3n\" \/>\n<meta property=\"og:description\" content=\"P\u00e1gina oficial de la Fiscal\u00eda General de la Naci\u00f3n \u2013 Colombia. Garantizamos el acceso efectivo a la justicia, la verdad y la reparaci\u00f3n de las v\u00edctimas de los delitos.\" \/>\n<meta property=\"og:url\" content=\"https:\/\/www.fiscalia.gov.co\/colombia\/noticias\/impactado-grupo-delincuencial-que-estaria-involucrado-en-el-secuestro-de-tres-pescadores-de-buenaventura\/\" \/>\n<meta property=\"og:site_name\" content=\"Fiscal\u00eda General de la Naci\u00f3n\" \/>\n<meta property=\"article:publisher\" content=\"https:\/\/www.facebook.com\/FiscaliaCol\" \/>\n<meta property=\"article:published_time\" content=\"2024-11-26T15:23:02+00:00\" \/>\n<meta property=\"og:image\" content=\"https:\/\/www.fiscalia.gov.co\/colombia\/wp-content\/uploads\/Pescadores-Buenaventura.jpeg\" \/>\n\t<meta property=\"og:image:width\" content=\"1600\" \/>\n\t<meta property=\"og:image:height\" content=\"900\" \/>\n\t<meta property=\"og:image:type\" content=\"image\/jpeg\" \/>\n<meta name=\"author\" content=\"Winnie Geraldine Rodr\u00edguez Navarrete\" \/>\n<meta name=\"twitter:card\" content=\"summary_large_image\" \/>\n<meta name=\"twitter:creator\" content=\"@FiscaliaCol\" \/>\n<meta name=\"twitter:site\" content=\"@FiscaliaCol\" \/>\n<meta name=\"twitter:label1\" content=\"Escrito por\" \/>\n\t<meta name=\"twitter:data1\" content=\"Winnie Geraldine Rodr\u00edguez Navarrete\" \/>\n\t<meta name=\"twitter:label2\" content=\"Tiempo de lectura\" \/>\n\t<meta name=\"twitter:data2\" content=\"3 minutos\" \/>\n<script type=\"application\/ld+json\" class=\"yoast-schema-graph\">{\"@context\":\"https:\/\/schema.org\",\"@graph\":[{\"@type\":\"Article\",\"@id\":\"https:\/\/www.fiscalia.gov.co\/colombia\/noticias\/impactado-grupo-delincuencial-que-estaria-involucrado-en-el-secuestro-de-tres-pescadores-de-buenaventura\/#article\",\"isPartOf\":{\"@id\":\"https:\/\/www.fiscalia.gov.co\/colombia\/noticias\/impactado-grupo-delincuencial-que-estaria-involucrado-en-el-secuestro-de-tres-pescadores-de-buenaventura\/\"},\"author\":{\"name\":\"Winnie Geraldine Rodr\u00edguez Navarrete\",\"@id\":\"https:\/\/www.fiscalia.gov.co\/colombia\/#\/schema\/person\/176195b99ebab0a52aafa15197e1bf80\"},\"headline\":\"Impactado grupo delincuencial que estar\u00eda involucrado en el secuestro de tres pescadores de Buenaventura\",\"datePublished\":\"2024-11-26T15:23:02+00:00\",\"dateModified\":\"2024-11-26T15:23:02+00:00\",\"mainEntityOfPage\":{\"@id\":\"https:\/\/www.fiscalia.gov.co\/colombia\/noticias\/impactado-grupo-delincuencial-que-estaria-involucrado-en-el-secuestro-de-tres-pescadores-de-buenaventura\/\"},\"wordCount\":525,\"publisher\":{\"@id\":\"https:\/\/www.fiscalia.gov.co\/colombia\/#organization\"},\"image\":{\"@id\":\"https:\/\/www.fiscalia.gov.co\/colombia\/noticias\/impactado-grupo-delincuencial-que-estaria-involucrado-en-el-secuestro-de-tres-pescadores-de-buenaventura\/#primaryimage\"},\"thumbnailUrl\":\"https:\/\/www.fiscalia.gov.co\/colombia\/wp-content\/uploads\/Pescadores-Buenaventura-300x169.jpeg\",\"keywords\":[\"Cali (Valle del Cauca)\",\"Fiscal Luz Adriana Camargo\",\"Fiscal\u00eda General de la Naci\u00f3n\",\"Secuestro de pescadores\"],\"articleSection\":[\"Noticias\",\"Seguridad territorial\"],\"inLanguage\":\"es-CO\"},{\"@type\":\"WebPage\",\"@id\":\"https:\/\/www.fiscalia.gov.co\/colombia\/noticias\/impactado-grupo-delincuencial-que-estaria-involucrado-en-el-secuestro-de-tres-pescadores-de-buenaventura\/\",\"url\":\"https:\/\/www.fiscalia.gov.co\/colombia\/noticias\/impactado-grupo-delincuencial-que-estaria-involucrado-en-el-secuestro-de-tres-pescadores-de-buenaventura\/\",\"name\":\"Fiscal\u00eda General de la Naci\u00f3n\",\"isPartOf\":{\"@id\":\"https:\/\/www.fiscalia.gov.co\/colombia\/#website\"},\"primaryImageOfPage\":{\"@id\":\"https:\/\/www.fiscalia.gov.co\/colombia\/noticias\/impactado-grupo-delincuencial-que-estaria-involucrado-en-el-secuestro-de-tres-pescadores-de-buenaventura\/#primaryimage\"},\"image\":{\"@id\":\"https:\/\/www.fiscalia.gov.co\/colombia\/noticias\/impactado-grupo-delincuencial-que-estaria-involucrado-en-el-secuestro-de-tres-pescadores-de-buenaventura\/#primaryimage\"},\"thumbnailUrl\":\"https:\/\/www.fiscalia.gov.co\/colombia\/wp-content\/uploads\/Pescadores-Buenaventura-300x169.jpeg\",\"datePublished\":\"2024-11-26T15:23:02+00:00\",\"dateModified\":\"2024-11-26T15:23:02+00:00\",\"description\":\"P\u00e1gina oficial de la Fiscal\u00eda General de la Naci\u00f3n \u2013 Colombia. Garantizamos el acceso efectivo a la justicia, la verdad y la reparaci\u00f3n de las v\u00edctimas de los delitos.\",\"breadcrumb\":{\"@id\":\"https:\/\/www.fiscalia.gov.co\/colombia\/noticias\/impactado-grupo-delincuencial-que-estaria-involucrado-en-el-secuestro-de-tres-pescadores-de-buenaventura\/#breadcrumb\"},\"inLanguage\":\"es-CO\",\"potentialAction\":[{\"@type\":\"ReadAction\",\"target\":[\"https:\/\/www.fiscalia.gov.co\/colombia\/noticias\/impactado-grupo-delincuencial-que-estaria-involucrado-en-el-secuestro-de-tres-pescadores-de-buenaventura\/\"]}]},{\"@type\":\"ImageObject\",\"inLanguage\":\"es-CO\",\"@id\":\"https:\/\/www.fiscalia.gov.co\/colombia\/noticias\/impactado-grupo-delincuencial-que-estaria-involucrado-en-el-secuestro-de-tres-pescadores-de-buenaventura\/#primaryimage\",\"url\":\"https:\/\/www.fiscalia.gov.co\/colombia\/wp-content\/uploads\/Pescadores-Buenaventura.jpeg\",\"contentUrl\":\"https:\/\/www.fiscalia.gov.co\/colombia\/wp-content\/uploads\/Pescadores-Buenaventura.jpeg\",\"width\":1600,\"height\":900,\"caption\":\"Los presuntos secuestradores fueron capturados durante el operativo de rescate de las v\u00edctimas, quienes se encontraban confinadas en una casa del oriente de Cali\"},{\"@type\":\"BreadcrumbList\",\"@id\":\"https:\/\/www.fiscalia.gov.co\/colombia\/noticias\/impactado-grupo-delincuencial-que-estaria-involucrado-en-el-secuestro-de-tres-pescadores-de-buenaventura\/#breadcrumb\",\"itemListElement\":[{\"@type\":\"ListItem\",\"position\":1,\"name\":\"Home\",\"item\":\"https:\/\/www.fiscalia.gov.co\/colombia\/\"},{\"@type\":\"ListItem\",\"position\":2,\"name\":\"Impactado grupo delincuencial que estar\u00eda involucrado en el secuestro de tres pescadores de Buenaventura\"}]},{\"@type\":\"WebSite\",\"@id\":\"https:\/\/www.fiscalia.gov.co\/colombia\/#website\",\"url\":\"https:\/\/www.fiscalia.gov.co\/colombia\/\",\"name\":\"Fiscal\u00eda General de la Naci\u00f3n\",\"description\":\"P\u00e1gina oficial de la Fiscal\u00eda General de la Naci\u00f3n \u2013 Colombia. Garantizamos el acceso efectivo a la justicia, la verdad y la reparaci\u00f3n de las v\u00edctimas de los delitos.\",\"publisher\":{\"@id\":\"https:\/\/www.fiscalia.gov.co\/colombia\/#organization\"},\"potentialAction\":[{\"@type\":\"SearchAction\",\"target\":{\"@type\":\"EntryPoint\",\"urlTemplate\":\"https:\/\/www.fiscalia.gov.co\/colombia\/?s={search_term_string}\"},\"query-input\":{\"@type\":\"PropertyValueSpecification\",\"valueRequired\":true,\"valueName\":\"search_term_string\"}}],\"inLanguage\":\"es-CO\"},{\"@type\":\"Organization\",\"@id\":\"https:\/\/www.fiscalia.gov.co\/colombia\/#organization\",\"name\":\"Fiscal\u00eda General de la Naci\u00f3n\",\"url\":\"https:\/\/www.fiscalia.gov.co\/colombia\/\",\"logo\":{\"@type\":\"ImageObject\",\"inLanguage\":\"es-CO\",\"@id\":\"https:\/\/www.fiscalia.gov.co\/colombia\/#\/schema\/logo\/image\/\",\"url\":\"https:\/\/www.fiscalia.gov.co\/colombia\/wp-content\/uploads\/LogoHorizontal_1.jpg\",\"contentUrl\":\"https:\/\/www.fiscalia.gov.co\/colombia\/wp-content\/uploads\/LogoHorizontal_1.jpg\",\"width\":300,\"height\":90,\"caption\":\"Fiscal\u00eda General de la Naci\u00f3n\"},\"image\":{\"@id\":\"https:\/\/www.fiscalia.gov.co\/colombia\/#\/schema\/logo\/image\/\"},\"sameAs\":[\"https:\/\/www.facebook.com\/FiscaliaCol\",\"https:\/\/x.com\/FiscaliaCol\",\"https:\/\/www.instagram.com\/fiscaliacol\",\"https:\/\/www.linkedin.com\/company\/fiscalia-general-de-la-naci-n\/\",\"https:\/\/youtube.com\/@fiscaliageneraldelanacion-4668?si=6nN79nyQICPU5iTh\"]},{\"@type\":\"Person\",\"@id\":\"https:\/\/www.fiscalia.gov.co\/colombia\/#\/schema\/person\/176195b99ebab0a52aafa15197e1bf80\",\"name\":\"Winnie Geraldine Rodr\u00edguez Navarrete\",\"image\":{\"@type\":\"ImageObject\",\"inLanguage\":\"es-CO\",\"@id\":\"https:\/\/www.fiscalia.gov.co\/colombia\/#\/schema\/person\/image\/\",\"url\":\"https:\/\/secure.gravatar.com\/avatar\/c24cf8481dc84fa5e8c7b20bc95ab0c6?s=96&d=mm&r=g\",\"contentUrl\":\"https:\/\/secure.gravatar.com\/avatar\/c24cf8481dc84fa5e8c7b20bc95ab0c6?s=96&d=mm&r=g\",\"caption\":\"Winnie Geraldine Rodr\u00edguez Navarrete\"},\"url\":\"https:\/\/www.fiscalia.gov.co\/colombia\/author\/winnierodriguez\/\"}]}<\/script>\n<!-- \/ Yoast SEO plugin. -->","yoast_head_json":{"title":"Fiscal\u00eda General de la Naci\u00f3n","description":"P\u00e1gina oficial de la Fiscal\u00eda General de la Naci\u00f3n \u2013 Colombia. Garantizamos el acceso efectivo a la justicia, la verdad y la reparaci\u00f3n de las v\u00edctimas de los delitos.","robots":{"index":"noindex","follow":"follow"},"og_locale":"es_ES","og_type":"article","og_title":"Fiscal\u00eda General de la Naci\u00f3n","og_description":"P\u00e1gina oficial de la Fiscal\u00eda General de la Naci\u00f3n \u2013 Colombia. Garantizamos el acceso efectivo a la justicia, la verdad y la reparaci\u00f3n de las v\u00edctimas de los delitos.","og_url":"https:\/\/www.fiscalia.gov.co\/colombia\/noticias\/impactado-grupo-delincuencial-que-estaria-involucrado-en-el-secuestro-de-tres-pescadores-de-buenaventura\/","og_site_name":"Fiscal\u00eda General de la Naci\u00f3n","article_publisher":"https:\/\/www.facebook.com\/FiscaliaCol","article_published_time":"2024-11-26T15:23:02+00:00","og_image":[{"width":1600,"height":900,"url":"https:\/\/www.fiscalia.gov.co\/colombia\/wp-content\/uploads\/Pescadores-Buenaventura.jpeg","type":"image\/jpeg"}],"author":"Winnie Geraldine Rodr\u00edguez Navarrete","twitter_card":"summary_large_image","twitter_creator":"@FiscaliaCol","twitter_site":"@FiscaliaCol","twitter_misc":{"Escrito por":"Winnie Geraldine Rodr\u00edguez Navarrete","Tiempo de lectura":"3 minutos"},"schema":{"@context":"https:\/\/schema.org","@graph":[{"@type":"Article","@id":"https:\/\/www.fiscalia.gov.co\/colombia\/noticias\/impactado-grupo-delincuencial-que-estaria-involucrado-en-el-secuestro-de-tres-pescadores-de-buenaventura\/#article","isPartOf":{"@id":"https:\/\/www.fiscalia.gov.co\/colombia\/noticias\/impactado-grupo-delincuencial-que-estaria-involucrado-en-el-secuestro-de-tres-pescadores-de-buenaventura\/"},"author":{"name":"Winnie Geraldine Rodr\u00edguez Navarrete","@id":"https:\/\/www.fiscalia.gov.co\/colombia\/#\/schema\/person\/176195b99ebab0a52aafa15197e1bf80"},"headline":"Impactado grupo delincuencial que estar\u00eda involucrado en el secuestro de tres pescadores de Buenaventura","datePublished":"2024-11-26T15:23:02+00:00","dateModified":"2024-11-26T15:23:02+00:00","mainEntityOfPage":{"@id":"https:\/\/www.fiscalia.gov.co\/colombia\/noticias\/impactado-grupo-delincuencial-que-estaria-involucrado-en-el-secuestro-de-tres-pescadores-de-buenaventura\/"},"wordCount":525,"publisher":{"@id":"https:\/\/www.fiscalia.gov.co\/colombia\/#organization"},"image":{"@id":"https:\/\/www.fiscalia.gov.co\/colombia\/noticias\/impactado-grupo-delincuencial-que-estaria-involucrado-en-el-secuestro-de-tres-pescadores-de-buenaventura\/#primaryimage"},"thumbnailUrl":"https:\/\/www.fiscalia.gov.co\/colombia\/wp-content\/uploads\/Pescadores-Buenaventura-300x169.jpeg","keywords":["Cali (Valle del Cauca)","Fiscal Luz Adriana Camargo","Fiscal\u00eda General de la Naci\u00f3n","Secuestro de pescadores"],"articleSection":["Noticias","Seguridad territorial"],"inLanguage":"es-CO"},{"@type":"WebPage","@id":"https:\/\/www.fiscalia.gov.co\/colombia\/noticias\/impactado-grupo-delincuencial-que-estaria-involucrado-en-el-secuestro-de-tres-pescadores-de-buenaventura\/","url":"https:\/\/www.fiscalia.gov.co\/colombia\/noticias\/impactado-grupo-delincuencial-que-estaria-involucrado-en-el-secuestro-de-tres-pescadores-de-buenaventura\/","name":"Fiscal\u00eda General de la Naci\u00f3n","isPartOf":{"@id":"https:\/\/www.fiscalia.gov.co\/colombia\/#website"},"primaryImageOfPage":{"@id":"https:\/\/www.fiscalia.gov.co\/colombia\/noticias\/impactado-grupo-delincuencial-que-estaria-involucrado-en-el-secuestro-de-tres-pescadores-de-buenaventura\/#primaryimage"},"image":{"@id":"https:\/\/www.fiscalia.gov.co\/colombia\/noticias\/impactado-grupo-delincuencial-que-estaria-involucrado-en-el-secuestro-de-tres-pescadores-de-buenaventura\/#primaryimage"},"thumbnailUrl":"https:\/\/www.fiscalia.gov.co\/colombia\/wp-content\/uploads\/Pescadores-Buenaventura-300x169.jpeg","datePublished":"2024-11-26T15:23:02+00:00","dateModified":"2024-11-26T15:23:02+00:00","description":"P\u00e1gina oficial de la Fiscal\u00eda General de la Naci\u00f3n \u2013 Colombia. Garantizamos el acceso efectivo a la justicia, la verdad y la reparaci\u00f3n de las v\u00edctimas de los delitos.","breadcrumb":{"@id":"https:\/\/www.fiscalia.gov.co\/colombia\/noticias\/impactado-grupo-delincuencial-que-estaria-involucrado-en-el-secuestro-de-tres-pescadores-de-buenaventura\/#breadcrumb"},"inLanguage":"es-CO","potentialAction":[{"@type":"ReadAction","target":["https:\/\/www.fiscalia.gov.co\/colombia\/noticias\/impactado-grupo-delincuencial-que-estaria-involucrado-en-el-secuestro-de-tres-pescadores-de-buenaventura\/"]}]},{"@type":"ImageObject","inLanguage":"es-CO","@id":"https:\/\/www.fiscalia.gov.co\/colombia\/noticias\/impactado-grupo-delincuencial-que-estaria-involucrado-en-el-secuestro-de-tres-pescadores-de-buenaventura\/#primaryimage","url":"https:\/\/www.fiscalia.gov.co\/colombia\/wp-content\/uploads\/Pescadores-Buenaventura.jpeg","contentUrl":"https:\/\/www.fiscalia.gov.co\/colombia\/wp-content\/uploads\/Pescadores-Buenaventura.jpeg","width":1600,"height":900,"caption":"Los presuntos secuestradores fueron capturados durante el operativo de rescate de las v\u00edctimas, quienes se encontraban confinadas en una casa del oriente de Cali"},{"@type":"BreadcrumbList","@id":"https:\/\/www.fiscalia.gov.co\/colombia\/noticias\/impactado-grupo-delincuencial-que-estaria-involucrado-en-el-secuestro-de-tres-pescadores-de-buenaventura\/#breadcrumb","itemListElement":[{"@type":"ListItem","position":1,"name":"Home","item":"https:\/\/www.fiscalia.gov.co\/colombia\/"},{"@type":"ListItem","position":2,"name":"Impactado grupo delincuencial que estar\u00eda involucrado en el secuestro de tres pescadores de Buenaventura"}]},{"@type":"WebSite","@id":"https:\/\/www.fiscalia.gov.co\/colombia\/#website","url":"https:\/\/www.fiscalia.gov.co\/colombia\/","name":"Fiscal\u00eda General de la Naci\u00f3n","description":"P\u00e1gina oficial de la Fiscal\u00eda General de la Naci\u00f3n \u2013 Colombia. Garantizamos el acceso efectivo a la justicia, la verdad y la reparaci\u00f3n de las v\u00edctimas de los delitos.","publisher":{"@id":"https:\/\/www.fiscalia.gov.co\/colombia\/#organization"},"potentialAction":[{"@type":"SearchAction","target":{"@type":"EntryPoint","urlTemplate":"https:\/\/www.fiscalia.gov.co\/colombia\/?s={search_term_string}"},"query-input":{"@type":"PropertyValueSpecification","valueRequired":true,"valueName":"search_term_string"}}],"inLanguage":"es-CO"},{"@type":"Organization","@id":"https:\/\/www.fiscalia.gov.co\/colombia\/#organization","name":"Fiscal\u00eda General de la Naci\u00f3n","url":"https:\/\/www.fiscalia.gov.co\/colombia\/","logo":{"@type":"ImageObject","inLanguage":"es-CO","@id":"https:\/\/www.fiscalia.gov.co\/colombia\/#\/schema\/logo\/image\/","url":"https:\/\/www.fiscalia.gov.co\/colombia\/wp-content\/uploads\/LogoHorizontal_1.jpg","contentUrl":"https:\/\/www.fiscalia.gov.co\/colombia\/wp-content\/uploads\/LogoHorizontal_1.jpg","width":300,"height":90,"caption":"Fiscal\u00eda General de la Naci\u00f3n"},"image":{"@id":"https:\/\/www.fiscalia.gov.co\/colombia\/#\/schema\/logo\/image\/"},"sameAs":["https:\/\/www.facebook.com\/FiscaliaCol","https:\/\/x.com\/FiscaliaCol","https:\/\/www.instagram.com\/fiscaliacol","https:\/\/www.linkedin.com\/company\/fiscalia-general-de-la-naci-n\/","https:\/\/youtube.com\/@fiscaliageneraldelanacion-4668?si=6nN79nyQICPU5iTh"]},{"@type":"Person","@id":"https:\/\/www.fiscalia.gov.co\/colombia\/#\/schema\/person\/176195b99ebab0a52aafa15197e1bf80","name":"Winnie Geraldine Rodr\u00edguez Navarrete","image":{"@type":"ImageObject","inLanguage":"es-CO","@id":"https:\/\/www.fiscalia.gov.co\/colombia\/#\/schema\/person\/image\/","url":"https:\/\/secure.gravatar.com\/avatar\/c24cf8481dc84fa5e8c7b20bc95ab0c6?s=96&d=mm&r=g","contentUrl":"https:\/\/secure.gravatar.com\/avatar\/c24cf8481dc84fa5e8c7b20bc95ab0c6?s=96&d=mm&r=g","caption":"Winnie Geraldine Rodr\u00edguez Navarrete"},"url":"https:\/\/www.fiscalia.gov.co\/colombia\/author\/winnierodriguez\/"}]}},"_links":{"self":[{"href":"https:\/\/www.fiscalia.gov.co\/colombia\/wp-json\/wp\/v2\/posts\/306353","targetHints":{"allow":["GET"]}}],"collection":[{"href":"https:\/\/www.fiscalia.gov.co\/colombia\/wp-json\/wp\/v2\/posts"}],"about":[{"href":"https:\/\/www.fiscalia.gov.co\/colombia\/wp-json\/wp\/v2\/types\/post"}],"author":[{"embeddable":true,"href":"https:\/\/www.fiscalia.gov.co\/colombia\/wp-json\/wp\/v2\/users\/178"}],"replies":[{"embeddable":true,"href":"https:\/\/www.fiscalia.gov.co\/colombia\/wp-json\/wp\/v2\/comments?post=306353"}],"version-history":[{"count":2,"href":"https:\/\/www.fiscalia.gov.co\/colombia\/wp-json\/wp\/v2\/posts\/306353\/revisions"}],"predecessor-version":[{"id":306356,"href":"https:\/\/www.fiscalia.gov.co\/colombia\/wp-json\/wp\/v2\/posts\/306353\/revisions\/306356"}],"wp:attachment":[{"href":"https:\/\/www.fiscalia.gov.co\/colombia\/wp-json\/wp\/v2\/media?parent=306353"}],"wp:term":[{"taxonomy":"category","embeddable":true,"href":"https:\/\/www.fiscalia.gov.co\/colombia\/wp-json\/wp\/v2\/categories?post=306353"},{"taxonomy":"post_tag","embeddable":true,"href":"https:\/\/www.fiscalia.gov.co\/colombia\/wp-json\/wp\/v2\/tags?post=306353"}],"curies":[{"name":"wp","href":"https:\/\/api.w.org\/{rel}","templated":true}]}}