{"id":306280,"date":"2024-11-24T08:06:39","date_gmt":"2024-11-24T13:06:39","guid":{"rendered":"https:\/\/www.fiscalia.gov.co\/colombia\/?p=306280"},"modified":"2024-11-24T08:06:39","modified_gmt":"2024-11-24T13:06:39","slug":"fiscalia-impacta-a-los-clandestinos-la-red-senalada-de-sacrificar-ganado-enfermo-y-maltratado-para-vender-su-carne","status":"publish","type":"post","link":"https:\/\/www.fiscalia.gov.co\/colombia\/noticias\/fiscalia-impacta-a-los-clandestinos-la-red-senalada-de-sacrificar-ganado-enfermo-y-maltratado-para-vender-su-carne\/","title":{"rendered":"Fiscal\u00eda impacta a \u2018Los Clandestinos\u2019, la red se\u00f1alada de sacrificar ganado enfermo y maltratado para vender su carne"},"content":{"rendered":"<blockquote>\n<h4><em>Los animales eran comprados en ferias ganaderas de Medell\u00edn y otros municipios de Antioquia, y posteriormente enviados a mataderos ilegales.<\/em><\/h4>\n<\/blockquote>\n<p>La <strong>Fiscal\u00eda General de la Naci\u00f3n<\/strong> obtuvo evidencia f\u00edsica y material de prueba que dan cuenta de las actividades il\u00edcitas de \u2018<strong>Los Clandestinos\u2019<\/strong>, una red se\u00f1alada de comprar ganado enfermo, maltratado y golpeado en ferias ganaderas de <strong>Medell\u00edn<\/strong> y su \u00e1rea metropolitana, llevarlo a mataderos ilegales y sacrificarlo para vender la carne.<\/p>\n<figure id=\"attachment_306281\" aria-describedby=\"caption-attachment-306281\" style=\"width: 696px\" class=\"wp-caption aligncenter\"><img loading=\"lazy\" decoding=\"async\" class=\"wp-image-306281 size-large\" src=\"https:\/\/www.fiscalia.gov.co\/colombia\/wp-content\/uploads\/WhatsApp-Image-2024-11-23-at-6.50.22-PM-1024x397.jpeg\" alt=\"En la imagen se ve a cinco personas capturadas, presuntamente integrantes de 'Los Clandestinos', una red se\u00f1alada de comprar ganado enfermo y sacrificarlo para vender la carne, en compa\u00f1\u00eda de uniformados de la Polic\u00eda. \" width=\"696\" height=\"270\" srcset=\"https:\/\/www.fiscalia.gov.co\/colombia\/wp-content\/uploads\/WhatsApp-Image-2024-11-23-at-6.50.22-PM-1024x397.jpeg 1024w, https:\/\/www.fiscalia.gov.co\/colombia\/wp-content\/uploads\/WhatsApp-Image-2024-11-23-at-6.50.22-PM-300x116.jpeg 300w, https:\/\/www.fiscalia.gov.co\/colombia\/wp-content\/uploads\/WhatsApp-Image-2024-11-23-at-6.50.22-PM-768x298.jpeg 768w, https:\/\/www.fiscalia.gov.co\/colombia\/wp-content\/uploads\/WhatsApp-Image-2024-11-23-at-6.50.22-PM-1536x595.jpeg 1536w, https:\/\/www.fiscalia.gov.co\/colombia\/wp-content\/uploads\/WhatsApp-Image-2024-11-23-at-6.50.22-PM-1084x420.jpeg 1084w, https:\/\/www.fiscalia.gov.co\/colombia\/wp-content\/uploads\/WhatsApp-Image-2024-11-23-at-6.50.22-PM-696x270.jpeg 696w, https:\/\/www.fiscalia.gov.co\/colombia\/wp-content\/uploads\/WhatsApp-Image-2024-11-23-at-6.50.22-PM-1068x414.jpeg 1068w, https:\/\/www.fiscalia.gov.co\/colombia\/wp-content\/uploads\/WhatsApp-Image-2024-11-23-at-6.50.22-PM.jpeg 1600w\" sizes=\"auto, (max-width: 696px) 100vw, 696px\" \/><figcaption id=\"caption-attachment-306281\" class=\"wp-caption-text\">Capturados cinco de los presuntos integrantes de &#8216;Los Clandestinos&#8217;, una red se\u00f1alada de comprar ganado enfermo y sacrificarlo para vender la carne.<\/figcaption><\/figure>\n<p>Las investigaciones dan cuenta de afectaciones ambientales en el sitio donde se dispon\u00eda de los animales, producto del vertimiento de l\u00edquidos en cuerpos de agua y el abandono de residuos s\u00f3lidos, que generaba alteraciones en el suelo. Adicionalmente, se constat\u00f3 que <strong>la carne era almacenada en condiciones precarias de salubridad<\/strong>, transportada en veh\u00edculos improvisados que no conservaban la cadena de fr\u00edo y comercializado en establecimientos de comercio.<\/p>\n<p>En una acci\u00f3n conjunta con la <strong>Direcci\u00f3n de Carabineros de la Polic\u00eda Nacional<\/strong> fueron capturados cinco de los presuntos integrantes de este grupo delincuencial en Medell\u00edn, Copacabana y Bello (Antioquia). En los procedimientos fueron incautados tres armas de fuego, 11 cartuchos y dos toneladas de carne bovina. Asimismo, se encontr\u00f3 un menor de edad que qued\u00f3 a disposici\u00f3n de la <strong>Polic\u00eda de Infancia y Adolescencia.<\/strong><\/p>\n<p>Un fiscal del <strong>Grupo Especial para la Lucha contra el Maltrato Animal (Gelma)<\/strong> imput\u00f3 a los capturados los delitos de concierto para delinquir, maltrato animal, corrupci\u00f3n de alimentos, da\u00f1o en los recursos naturales, porte o tenencia de armas de fuego y uso de menores de edad en la comisi\u00f3n de delitos. Todos recibieron medidas de aseguramiento privativas de la libertad.<\/p>\n<p>Los procesados fueron identificados como Juan Carlos Cardona Atehort\u00faa, Robinson Alberto Mar\u00edn P\u00e9rez, Carlos Armando Osorio Ca\u00f1as, Juan Gonzalo Mesa Avenda\u00f1o y Rigoberto de Jes\u00fas Tobo Mar\u00edn.<\/p>\n<p>LYBT\/JARG\/MRC<\/p>\n<p><em>La informaci\u00f3n contenida en este bolet\u00edn de prensa corresponde a la narraci\u00f3n de los hechos noticiosos objetivos, suministrados por los funcionarios encargados de adelantar las investigaciones penales al interior de la Fiscal\u00eda General de la Naci\u00f3n. Para el momento de la divulgaci\u00f3n de este comunicado, la situaci\u00f3n jur\u00eddica de la(s) persona(s) relacionada(s) se encuentra pendiente de resolver por la autoridad judicial competente, siempre bajo los preceptos de la presunci\u00f3n de inocencia, consagrados en el art\u00edculo 29 de la Constituci\u00f3n Pol\u00edtica y el art\u00edculo 7\u00ba de la Ley 906 de 2004.<\/em><\/p>\n\n<div class=\"twitter-share\"><a href=\"https:\/\/twitter.com\/intent\/tweet?via=fiscaliacol\" class=\"twitter-share-button\">Tweet<\/a><\/div>\n","protected":false},"excerpt":{"rendered":"<p>Los animales eran comprados en ferias ganaderas de Medell\u00edn y otros municipios de Antioquia, y posteriormente enviados a mataderos ilegales. La Fiscal\u00eda General de la Naci\u00f3n obtuvo evidencia f\u00edsica y material de prueba que dan cuenta de las actividades il\u00edcitas de \u2018Los Clandestinos\u2019, una red se\u00f1alada de comprar ganado enfermo, maltratado y golpeado en ferias [&hellip;]<\/p>\n","protected":false},"author":182,"featured_media":0,"comment_status":"closed","ping_status":"open","sticky":false,"template":"","format":"standard","meta":{"tdm_status":"","tdm_grid_status":"","footnotes":""},"categories":[1],"tags":[39481,37492,1047,16735,38085,39480,29431,39479],"class_list":{"0":"post-306280","1":"post","2":"type-post","3":"status-publish","4":"format-standard","6":"category-noticias","7":"tag-direccion-de-carabineros-de-la-policia-nacional","8":"tag-fiscal-luz-adriana-camargo","9":"tag-fiscalia-general-de-la-nacion","10":"tag-ganado","11":"tag-grupo-especial-para-la-lucha-contra-el-maltrato-animal-gelma","12":"tag-mataderos-ilegales","13":"tag-policia-de-infancia-y-adolescencia","14":"tag-sacrificar-ganado"},"yoast_head":"<!-- This site is optimized with the Yoast SEO plugin v24.3 - https:\/\/yoast.com\/wordpress\/plugins\/seo\/ -->\n<title>Fiscal\u00eda General de la Naci\u00f3n<\/title>\n<meta name=\"description\" content=\"P\u00e1gina oficial de la Fiscal\u00eda General de la Naci\u00f3n \u2013 Colombia. Garantizamos el acceso efectivo a la justicia, la verdad y la reparaci\u00f3n de las v\u00edctimas de los delitos.\" \/>\n<meta name=\"robots\" content=\"noindex, follow\" \/>\n<meta property=\"og:locale\" content=\"es_ES\" \/>\n<meta property=\"og:type\" content=\"article\" \/>\n<meta property=\"og:title\" content=\"Fiscal\u00eda General de la Naci\u00f3n\" \/>\n<meta property=\"og:description\" content=\"P\u00e1gina oficial de la Fiscal\u00eda General de la Naci\u00f3n \u2013 Colombia. Garantizamos el acceso efectivo a la justicia, la verdad y la reparaci\u00f3n de las v\u00edctimas de los delitos.\" \/>\n<meta property=\"og:url\" content=\"https:\/\/www.fiscalia.gov.co\/colombia\/noticias\/fiscalia-impacta-a-los-clandestinos-la-red-senalada-de-sacrificar-ganado-enfermo-y-maltratado-para-vender-su-carne\/\" \/>\n<meta property=\"og:site_name\" content=\"Fiscal\u00eda General de la Naci\u00f3n\" \/>\n<meta property=\"article:publisher\" content=\"https:\/\/www.facebook.com\/FiscaliaCol\" \/>\n<meta property=\"article:published_time\" content=\"2024-11-24T13:06:39+00:00\" \/>\n<meta property=\"og:image\" content=\"https:\/\/www.fiscalia.gov.co\/colombia\/wp-content\/uploads\/WhatsApp-Image-2024-11-23-at-6.50.22-PM.jpeg\" \/>\n\t<meta property=\"og:image:width\" content=\"1600\" \/>\n\t<meta property=\"og:image:height\" content=\"620\" \/>\n\t<meta property=\"og:image:type\" content=\"image\/jpeg\" \/>\n<meta name=\"author\" content=\"Paula Andrea Castillo Lenis\" \/>\n<meta name=\"twitter:card\" content=\"summary_large_image\" \/>\n<meta name=\"twitter:creator\" content=\"@FiscaliaCol\" \/>\n<meta name=\"twitter:site\" content=\"@FiscaliaCol\" \/>\n<meta name=\"twitter:label1\" content=\"Escrito por\" \/>\n\t<meta name=\"twitter:data1\" content=\"Paula Andrea Castillo Lenis\" \/>\n\t<meta name=\"twitter:label2\" content=\"Tiempo de lectura\" \/>\n\t<meta name=\"twitter:data2\" content=\"2 minutos\" \/>\n<script type=\"application\/ld+json\" class=\"yoast-schema-graph\">{\"@context\":\"https:\/\/schema.org\",\"@graph\":[{\"@type\":\"Article\",\"@id\":\"https:\/\/www.fiscalia.gov.co\/colombia\/noticias\/fiscalia-impacta-a-los-clandestinos-la-red-senalada-de-sacrificar-ganado-enfermo-y-maltratado-para-vender-su-carne\/#article\",\"isPartOf\":{\"@id\":\"https:\/\/www.fiscalia.gov.co\/colombia\/noticias\/fiscalia-impacta-a-los-clandestinos-la-red-senalada-de-sacrificar-ganado-enfermo-y-maltratado-para-vender-su-carne\/\"},\"author\":{\"name\":\"Paula Andrea Castillo Lenis\",\"@id\":\"https:\/\/www.fiscalia.gov.co\/colombia\/#\/schema\/person\/66c172905e0492f1de6bbe5f93c4668f\"},\"headline\":\"Fiscal\u00eda impacta a \u2018Los Clandestinos\u2019, la red se\u00f1alada de sacrificar ganado enfermo y maltratado para vender su carne\",\"datePublished\":\"2024-11-24T13:06:39+00:00\",\"dateModified\":\"2024-11-24T13:06:39+00:00\",\"mainEntityOfPage\":{\"@id\":\"https:\/\/www.fiscalia.gov.co\/colombia\/noticias\/fiscalia-impacta-a-los-clandestinos-la-red-senalada-de-sacrificar-ganado-enfermo-y-maltratado-para-vender-su-carne\/\"},\"wordCount\":473,\"publisher\":{\"@id\":\"https:\/\/www.fiscalia.gov.co\/colombia\/#organization\"},\"image\":{\"@id\":\"https:\/\/www.fiscalia.gov.co\/colombia\/noticias\/fiscalia-impacta-a-los-clandestinos-la-red-senalada-de-sacrificar-ganado-enfermo-y-maltratado-para-vender-su-carne\/#primaryimage\"},\"thumbnailUrl\":\"https:\/\/www.fiscalia.gov.co\/colombia\/wp-content\/uploads\/WhatsApp-Image-2024-11-23-at-6.50.22-PM-1024x397.jpeg\",\"keywords\":[\"Direcci\u00f3n de Carabineros de la Polic\u00eda Nacional\",\"Fiscal Luz Adriana Camargo\",\"Fiscal\u00eda General de la Naci\u00f3n\",\"Ganado\",\"Grupo Especial para la Lucha contra el Maltrato Animal (Gelma)\",\"mataderos ilegales\",\"Polic\u00eca de Infancia y Adolescencia\",\"sacrificar ganado\"],\"articleSection\":[\"Noticias\"],\"inLanguage\":\"es-CO\"},{\"@type\":\"WebPage\",\"@id\":\"https:\/\/www.fiscalia.gov.co\/colombia\/noticias\/fiscalia-impacta-a-los-clandestinos-la-red-senalada-de-sacrificar-ganado-enfermo-y-maltratado-para-vender-su-carne\/\",\"url\":\"https:\/\/www.fiscalia.gov.co\/colombia\/noticias\/fiscalia-impacta-a-los-clandestinos-la-red-senalada-de-sacrificar-ganado-enfermo-y-maltratado-para-vender-su-carne\/\",\"name\":\"Fiscal\u00eda General de la Naci\u00f3n\",\"isPartOf\":{\"@id\":\"https:\/\/www.fiscalia.gov.co\/colombia\/#website\"},\"primaryImageOfPage\":{\"@id\":\"https:\/\/www.fiscalia.gov.co\/colombia\/noticias\/fiscalia-impacta-a-los-clandestinos-la-red-senalada-de-sacrificar-ganado-enfermo-y-maltratado-para-vender-su-carne\/#primaryimage\"},\"image\":{\"@id\":\"https:\/\/www.fiscalia.gov.co\/colombia\/noticias\/fiscalia-impacta-a-los-clandestinos-la-red-senalada-de-sacrificar-ganado-enfermo-y-maltratado-para-vender-su-carne\/#primaryimage\"},\"thumbnailUrl\":\"https:\/\/www.fiscalia.gov.co\/colombia\/wp-content\/uploads\/WhatsApp-Image-2024-11-23-at-6.50.22-PM-1024x397.jpeg\",\"datePublished\":\"2024-11-24T13:06:39+00:00\",\"dateModified\":\"2024-11-24T13:06:39+00:00\",\"description\":\"P\u00e1gina oficial de la Fiscal\u00eda General de la Naci\u00f3n \u2013 Colombia. Garantizamos el acceso efectivo a la justicia, la verdad y la reparaci\u00f3n de las v\u00edctimas de los delitos.\",\"breadcrumb\":{\"@id\":\"https:\/\/www.fiscalia.gov.co\/colombia\/noticias\/fiscalia-impacta-a-los-clandestinos-la-red-senalada-de-sacrificar-ganado-enfermo-y-maltratado-para-vender-su-carne\/#breadcrumb\"},\"inLanguage\":\"es-CO\",\"potentialAction\":[{\"@type\":\"ReadAction\",\"target\":[\"https:\/\/www.fiscalia.gov.co\/colombia\/noticias\/fiscalia-impacta-a-los-clandestinos-la-red-senalada-de-sacrificar-ganado-enfermo-y-maltratado-para-vender-su-carne\/\"]}]},{\"@type\":\"ImageObject\",\"inLanguage\":\"es-CO\",\"@id\":\"https:\/\/www.fiscalia.gov.co\/colombia\/noticias\/fiscalia-impacta-a-los-clandestinos-la-red-senalada-de-sacrificar-ganado-enfermo-y-maltratado-para-vender-su-carne\/#primaryimage\",\"url\":\"https:\/\/www.fiscalia.gov.co\/colombia\/wp-content\/uploads\/WhatsApp-Image-2024-11-23-at-6.50.22-PM.jpeg\",\"contentUrl\":\"https:\/\/www.fiscalia.gov.co\/colombia\/wp-content\/uploads\/WhatsApp-Image-2024-11-23-at-6.50.22-PM.jpeg\",\"width\":1600,\"height\":620,\"caption\":\"Capturados cinco de los presuntos integrantes de 'Los Clandestinos', una red se\u00f1alada de comprar ganado enfermo y sacrificarlo para vender la carne.\"},{\"@type\":\"BreadcrumbList\",\"@id\":\"https:\/\/www.fiscalia.gov.co\/colombia\/noticias\/fiscalia-impacta-a-los-clandestinos-la-red-senalada-de-sacrificar-ganado-enfermo-y-maltratado-para-vender-su-carne\/#breadcrumb\",\"itemListElement\":[{\"@type\":\"ListItem\",\"position\":1,\"name\":\"Home\",\"item\":\"https:\/\/www.fiscalia.gov.co\/colombia\/\"},{\"@type\":\"ListItem\",\"position\":2,\"name\":\"Fiscal\u00eda impacta a \u2018Los Clandestinos\u2019, la red se\u00f1alada de sacrificar ganado enfermo y maltratado para vender su carne\"}]},{\"@type\":\"WebSite\",\"@id\":\"https:\/\/www.fiscalia.gov.co\/colombia\/#website\",\"url\":\"https:\/\/www.fiscalia.gov.co\/colombia\/\",\"name\":\"Fiscal\u00eda General de la Naci\u00f3n\",\"description\":\"P\u00e1gina oficial de la Fiscal\u00eda General de la Naci\u00f3n \u2013 Colombia. Garantizamos el acceso efectivo a la justicia, la verdad y la reparaci\u00f3n de las v\u00edctimas de los delitos.\",\"publisher\":{\"@id\":\"https:\/\/www.fiscalia.gov.co\/colombia\/#organization\"},\"potentialAction\":[{\"@type\":\"SearchAction\",\"target\":{\"@type\":\"EntryPoint\",\"urlTemplate\":\"https:\/\/www.fiscalia.gov.co\/colombia\/?s={search_term_string}\"},\"query-input\":{\"@type\":\"PropertyValueSpecification\",\"valueRequired\":true,\"valueName\":\"search_term_string\"}}],\"inLanguage\":\"es-CO\"},{\"@type\":\"Organization\",\"@id\":\"https:\/\/www.fiscalia.gov.co\/colombia\/#organization\",\"name\":\"Fiscal\u00eda General de la Naci\u00f3n\",\"url\":\"https:\/\/www.fiscalia.gov.co\/colombia\/\",\"logo\":{\"@type\":\"ImageObject\",\"inLanguage\":\"es-CO\",\"@id\":\"https:\/\/www.fiscalia.gov.co\/colombia\/#\/schema\/logo\/image\/\",\"url\":\"https:\/\/www.fiscalia.gov.co\/colombia\/wp-content\/uploads\/LogoHorizontal_1.jpg\",\"contentUrl\":\"https:\/\/www.fiscalia.gov.co\/colombia\/wp-content\/uploads\/LogoHorizontal_1.jpg\",\"width\":300,\"height\":90,\"caption\":\"Fiscal\u00eda General de la Naci\u00f3n\"},\"image\":{\"@id\":\"https:\/\/www.fiscalia.gov.co\/colombia\/#\/schema\/logo\/image\/\"},\"sameAs\":[\"https:\/\/www.facebook.com\/FiscaliaCol\",\"https:\/\/x.com\/FiscaliaCol\",\"https:\/\/www.instagram.com\/fiscaliacol\",\"https:\/\/www.linkedin.com\/company\/fiscalia-general-de-la-naci-n\/\",\"https:\/\/youtube.com\/@fiscaliageneraldelanacion-4668?si=6nN79nyQICPU5iTh\"]},{\"@type\":\"Person\",\"@id\":\"https:\/\/www.fiscalia.gov.co\/colombia\/#\/schema\/person\/66c172905e0492f1de6bbe5f93c4668f\",\"name\":\"Paula Andrea Castillo Lenis\",\"image\":{\"@type\":\"ImageObject\",\"inLanguage\":\"es-CO\",\"@id\":\"https:\/\/www.fiscalia.gov.co\/colombia\/#\/schema\/person\/image\/\",\"url\":\"https:\/\/secure.gravatar.com\/avatar\/cb060d9561f2947c4102d1825739f868?s=96&d=mm&r=g\",\"contentUrl\":\"https:\/\/secure.gravatar.com\/avatar\/cb060d9561f2947c4102d1825739f868?s=96&d=mm&r=g\",\"caption\":\"Paula Andrea Castillo Lenis\"},\"url\":\"https:\/\/www.fiscalia.gov.co\/colombia\/author\/paula-castillo\/\"}]}<\/script>\n<!-- \/ Yoast SEO plugin. -->","yoast_head_json":{"title":"Fiscal\u00eda General de la Naci\u00f3n","description":"P\u00e1gina oficial de la Fiscal\u00eda General de la Naci\u00f3n \u2013 Colombia. Garantizamos el acceso efectivo a la justicia, la verdad y la reparaci\u00f3n de las v\u00edctimas de los delitos.","robots":{"index":"noindex","follow":"follow"},"og_locale":"es_ES","og_type":"article","og_title":"Fiscal\u00eda General de la Naci\u00f3n","og_description":"P\u00e1gina oficial de la Fiscal\u00eda General de la Naci\u00f3n \u2013 Colombia. Garantizamos el acceso efectivo a la justicia, la verdad y la reparaci\u00f3n de las v\u00edctimas de los delitos.","og_url":"https:\/\/www.fiscalia.gov.co\/colombia\/noticias\/fiscalia-impacta-a-los-clandestinos-la-red-senalada-de-sacrificar-ganado-enfermo-y-maltratado-para-vender-su-carne\/","og_site_name":"Fiscal\u00eda General de la Naci\u00f3n","article_publisher":"https:\/\/www.facebook.com\/FiscaliaCol","article_published_time":"2024-11-24T13:06:39+00:00","og_image":[{"width":1600,"height":620,"url":"https:\/\/www.fiscalia.gov.co\/colombia\/wp-content\/uploads\/WhatsApp-Image-2024-11-23-at-6.50.22-PM.jpeg","type":"image\/jpeg"}],"author":"Paula Andrea Castillo Lenis","twitter_card":"summary_large_image","twitter_creator":"@FiscaliaCol","twitter_site":"@FiscaliaCol","twitter_misc":{"Escrito por":"Paula Andrea Castillo Lenis","Tiempo de lectura":"2 minutos"},"schema":{"@context":"https:\/\/schema.org","@graph":[{"@type":"Article","@id":"https:\/\/www.fiscalia.gov.co\/colombia\/noticias\/fiscalia-impacta-a-los-clandestinos-la-red-senalada-de-sacrificar-ganado-enfermo-y-maltratado-para-vender-su-carne\/#article","isPartOf":{"@id":"https:\/\/www.fiscalia.gov.co\/colombia\/noticias\/fiscalia-impacta-a-los-clandestinos-la-red-senalada-de-sacrificar-ganado-enfermo-y-maltratado-para-vender-su-carne\/"},"author":{"name":"Paula Andrea Castillo Lenis","@id":"https:\/\/www.fiscalia.gov.co\/colombia\/#\/schema\/person\/66c172905e0492f1de6bbe5f93c4668f"},"headline":"Fiscal\u00eda impacta a \u2018Los Clandestinos\u2019, la red se\u00f1alada de sacrificar ganado enfermo y maltratado para vender su carne","datePublished":"2024-11-24T13:06:39+00:00","dateModified":"2024-11-24T13:06:39+00:00","mainEntityOfPage":{"@id":"https:\/\/www.fiscalia.gov.co\/colombia\/noticias\/fiscalia-impacta-a-los-clandestinos-la-red-senalada-de-sacrificar-ganado-enfermo-y-maltratado-para-vender-su-carne\/"},"wordCount":473,"publisher":{"@id":"https:\/\/www.fiscalia.gov.co\/colombia\/#organization"},"image":{"@id":"https:\/\/www.fiscalia.gov.co\/colombia\/noticias\/fiscalia-impacta-a-los-clandestinos-la-red-senalada-de-sacrificar-ganado-enfermo-y-maltratado-para-vender-su-carne\/#primaryimage"},"thumbnailUrl":"https:\/\/www.fiscalia.gov.co\/colombia\/wp-content\/uploads\/WhatsApp-Image-2024-11-23-at-6.50.22-PM-1024x397.jpeg","keywords":["Direcci\u00f3n de Carabineros de la Polic\u00eda Nacional","Fiscal Luz Adriana Camargo","Fiscal\u00eda General de la Naci\u00f3n","Ganado","Grupo Especial para la Lucha contra el Maltrato Animal (Gelma)","mataderos ilegales","Polic\u00eca de Infancia y Adolescencia","sacrificar ganado"],"articleSection":["Noticias"],"inLanguage":"es-CO"},{"@type":"WebPage","@id":"https:\/\/www.fiscalia.gov.co\/colombia\/noticias\/fiscalia-impacta-a-los-clandestinos-la-red-senalada-de-sacrificar-ganado-enfermo-y-maltratado-para-vender-su-carne\/","url":"https:\/\/www.fiscalia.gov.co\/colombia\/noticias\/fiscalia-impacta-a-los-clandestinos-la-red-senalada-de-sacrificar-ganado-enfermo-y-maltratado-para-vender-su-carne\/","name":"Fiscal\u00eda General de la Naci\u00f3n","isPartOf":{"@id":"https:\/\/www.fiscalia.gov.co\/colombia\/#website"},"primaryImageOfPage":{"@id":"https:\/\/www.fiscalia.gov.co\/colombia\/noticias\/fiscalia-impacta-a-los-clandestinos-la-red-senalada-de-sacrificar-ganado-enfermo-y-maltratado-para-vender-su-carne\/#primaryimage"},"image":{"@id":"https:\/\/www.fiscalia.gov.co\/colombia\/noticias\/fiscalia-impacta-a-los-clandestinos-la-red-senalada-de-sacrificar-ganado-enfermo-y-maltratado-para-vender-su-carne\/#primaryimage"},"thumbnailUrl":"https:\/\/www.fiscalia.gov.co\/colombia\/wp-content\/uploads\/WhatsApp-Image-2024-11-23-at-6.50.22-PM-1024x397.jpeg","datePublished":"2024-11-24T13:06:39+00:00","dateModified":"2024-11-24T13:06:39+00:00","description":"P\u00e1gina oficial de la Fiscal\u00eda General de la Naci\u00f3n \u2013 Colombia. Garantizamos el acceso efectivo a la justicia, la verdad y la reparaci\u00f3n de las v\u00edctimas de los delitos.","breadcrumb":{"@id":"https:\/\/www.fiscalia.gov.co\/colombia\/noticias\/fiscalia-impacta-a-los-clandestinos-la-red-senalada-de-sacrificar-ganado-enfermo-y-maltratado-para-vender-su-carne\/#breadcrumb"},"inLanguage":"es-CO","potentialAction":[{"@type":"ReadAction","target":["https:\/\/www.fiscalia.gov.co\/colombia\/noticias\/fiscalia-impacta-a-los-clandestinos-la-red-senalada-de-sacrificar-ganado-enfermo-y-maltratado-para-vender-su-carne\/"]}]},{"@type":"ImageObject","inLanguage":"es-CO","@id":"https:\/\/www.fiscalia.gov.co\/colombia\/noticias\/fiscalia-impacta-a-los-clandestinos-la-red-senalada-de-sacrificar-ganado-enfermo-y-maltratado-para-vender-su-carne\/#primaryimage","url":"https:\/\/www.fiscalia.gov.co\/colombia\/wp-content\/uploads\/WhatsApp-Image-2024-11-23-at-6.50.22-PM.jpeg","contentUrl":"https:\/\/www.fiscalia.gov.co\/colombia\/wp-content\/uploads\/WhatsApp-Image-2024-11-23-at-6.50.22-PM.jpeg","width":1600,"height":620,"caption":"Capturados cinco de los presuntos integrantes de 'Los Clandestinos', una red se\u00f1alada de comprar ganado enfermo y sacrificarlo para vender la carne."},{"@type":"BreadcrumbList","@id":"https:\/\/www.fiscalia.gov.co\/colombia\/noticias\/fiscalia-impacta-a-los-clandestinos-la-red-senalada-de-sacrificar-ganado-enfermo-y-maltratado-para-vender-su-carne\/#breadcrumb","itemListElement":[{"@type":"ListItem","position":1,"name":"Home","item":"https:\/\/www.fiscalia.gov.co\/colombia\/"},{"@type":"ListItem","position":2,"name":"Fiscal\u00eda impacta a \u2018Los Clandestinos\u2019, la red se\u00f1alada de sacrificar ganado enfermo y maltratado para vender su carne"}]},{"@type":"WebSite","@id":"https:\/\/www.fiscalia.gov.co\/colombia\/#website","url":"https:\/\/www.fiscalia.gov.co\/colombia\/","name":"Fiscal\u00eda General de la Naci\u00f3n","description":"P\u00e1gina oficial de la Fiscal\u00eda General de la Naci\u00f3n \u2013 Colombia. Garantizamos el acceso efectivo a la justicia, la verdad y la reparaci\u00f3n de las v\u00edctimas de los delitos.","publisher":{"@id":"https:\/\/www.fiscalia.gov.co\/colombia\/#organization"},"potentialAction":[{"@type":"SearchAction","target":{"@type":"EntryPoint","urlTemplate":"https:\/\/www.fiscalia.gov.co\/colombia\/?s={search_term_string}"},"query-input":{"@type":"PropertyValueSpecification","valueRequired":true,"valueName":"search_term_string"}}],"inLanguage":"es-CO"},{"@type":"Organization","@id":"https:\/\/www.fiscalia.gov.co\/colombia\/#organization","name":"Fiscal\u00eda General de la Naci\u00f3n","url":"https:\/\/www.fiscalia.gov.co\/colombia\/","logo":{"@type":"ImageObject","inLanguage":"es-CO","@id":"https:\/\/www.fiscalia.gov.co\/colombia\/#\/schema\/logo\/image\/","url":"https:\/\/www.fiscalia.gov.co\/colombia\/wp-content\/uploads\/LogoHorizontal_1.jpg","contentUrl":"https:\/\/www.fiscalia.gov.co\/colombia\/wp-content\/uploads\/LogoHorizontal_1.jpg","width":300,"height":90,"caption":"Fiscal\u00eda General de la Naci\u00f3n"},"image":{"@id":"https:\/\/www.fiscalia.gov.co\/colombia\/#\/schema\/logo\/image\/"},"sameAs":["https:\/\/www.facebook.com\/FiscaliaCol","https:\/\/x.com\/FiscaliaCol","https:\/\/www.instagram.com\/fiscaliacol","https:\/\/www.linkedin.com\/company\/fiscalia-general-de-la-naci-n\/","https:\/\/youtube.com\/@fiscaliageneraldelanacion-4668?si=6nN79nyQICPU5iTh"]},{"@type":"Person","@id":"https:\/\/www.fiscalia.gov.co\/colombia\/#\/schema\/person\/66c172905e0492f1de6bbe5f93c4668f","name":"Paula Andrea Castillo Lenis","image":{"@type":"ImageObject","inLanguage":"es-CO","@id":"https:\/\/www.fiscalia.gov.co\/colombia\/#\/schema\/person\/image\/","url":"https:\/\/secure.gravatar.com\/avatar\/cb060d9561f2947c4102d1825739f868?s=96&d=mm&r=g","contentUrl":"https:\/\/secure.gravatar.com\/avatar\/cb060d9561f2947c4102d1825739f868?s=96&d=mm&r=g","caption":"Paula Andrea Castillo Lenis"},"url":"https:\/\/www.fiscalia.gov.co\/colombia\/author\/paula-castillo\/"}]}},"_links":{"self":[{"href":"https:\/\/www.fiscalia.gov.co\/colombia\/wp-json\/wp\/v2\/posts\/306280","targetHints":{"allow":["GET"]}}],"collection":[{"href":"https:\/\/www.fiscalia.gov.co\/colombia\/wp-json\/wp\/v2\/posts"}],"about":[{"href":"https:\/\/www.fiscalia.gov.co\/colombia\/wp-json\/wp\/v2\/types\/post"}],"author":[{"embeddable":true,"href":"https:\/\/www.fiscalia.gov.co\/colombia\/wp-json\/wp\/v2\/users\/182"}],"replies":[{"embeddable":true,"href":"https:\/\/www.fiscalia.gov.co\/colombia\/wp-json\/wp\/v2\/comments?post=306280"}],"version-history":[{"count":1,"href":"https:\/\/www.fiscalia.gov.co\/colombia\/wp-json\/wp\/v2\/posts\/306280\/revisions"}],"predecessor-version":[{"id":306282,"href":"https:\/\/www.fiscalia.gov.co\/colombia\/wp-json\/wp\/v2\/posts\/306280\/revisions\/306282"}],"wp:attachment":[{"href":"https:\/\/www.fiscalia.gov.co\/colombia\/wp-json\/wp\/v2\/media?parent=306280"}],"wp:term":[{"taxonomy":"category","embeddable":true,"href":"https:\/\/www.fiscalia.gov.co\/colombia\/wp-json\/wp\/v2\/categories?post=306280"},{"taxonomy":"post_tag","embeddable":true,"href":"https:\/\/www.fiscalia.gov.co\/colombia\/wp-json\/wp\/v2\/tags?post=306280"}],"curies":[{"name":"wp","href":"https:\/\/api.w.org\/{rel}","templated":true}]}}