{"id":306252,"date":"2024-11-22T14:55:54","date_gmt":"2024-11-22T19:55:54","guid":{"rendered":"https:\/\/www.fiscalia.gov.co\/colombia\/?p=306252"},"modified":"2024-11-22T15:35:09","modified_gmt":"2024-11-22T20:35:09","slug":"condenado-a-31-anos-de-prision-alias-el-satanico-por-la-desaparicion-forzada-de-una-mujer-en-barranquilla","status":"publish","type":"post","link":"https:\/\/www.fiscalia.gov.co\/colombia\/noticias\/condenado-a-31-anos-de-prision-alias-el-satanico-por-la-desaparicion-forzada-de-una-mujer-en-barranquilla\/","title":{"rendered":"Condenado a 31 a\u00f1os de prisi\u00f3n alias El Sat\u00e1nico por la desaparici\u00f3n forzada de una mujer en Barranquilla"},"content":{"rendered":"<p style=\"font-weight: 400;\">Las pruebas presentadas por la Fiscal\u00eda General de la Naci\u00f3n permitieron que un juez de conocimiento condenara a 31 a\u00f1os de prisi\u00f3n a Tom\u00e1s Manuel Maldonado Cera, alias el Sat\u00e1nico, por el delito de desaparici\u00f3n forzada. <strong>La v\u00edctima fue una mujer, quien fue vista por \u00faltima vez el 10 de octubre de 2002 en Barranquilla (Atl\u00e1ntico).<\/strong><\/p>\n<p>Le puede interesar: <a href=\"https:\/\/www.fiscalia.gov.co\/colombia\/noticias\/en-atlantico-fue-condenado-a-46-anos-de-prision-un-hombre-por-la-muerte-de-brenda-pajaro-bruno\/\">En Atl\u00e1ntico, fue condenado a 46 a\u00f1os de prisi\u00f3n un hombre por la muerte de Brenda P\u00e1jaro Bruno<\/a><\/p>\n<p style=\"font-weight: 400;\">En el curso de la investigaci\u00f3n, la Fiscal\u00eda demostr\u00f3 que Maldonado Cera fue responsable de la privaci\u00f3n de la libertad y ocultamiento de la v\u00edctima. <strong>\u00a0El condenado hab\u00eda mantenido una relaci\u00f3n sentimental con la mujer y el d\u00eda de su desaparici\u00f3n la recogi\u00f3 en su motocicleta, despu\u00e9s no se volvi\u00f3 a saber de su paradero.<\/strong><\/p>\n<figure id=\"attachment_306257\" aria-describedby=\"caption-attachment-306257\" style=\"width: 446px\" class=\"wp-caption aligncenter\"><img loading=\"lazy\" decoding=\"async\" class=\" wp-image-306257\" src=\"https:\/\/www.fiscalia.gov.co\/colombia\/wp-content\/uploads\/Tomas-Manuel-Maldonado-Cera-alias-el-Satanico-fue-condenado-a-31-anos-de-prision-por-el-delito-de-desaparicion-forzada.-La-victima-fue-una-mujer-quien-fue-vista-por-ultima-vez-en-2001-300x168.jpeg\" alt=\" Tres uniformados de la Polic\u00eda Nacional, custodian a alias El Sat\u00e1nico tras su captura mediante orden judicial. \" width=\"446\" height=\"250\" srcset=\"https:\/\/www.fiscalia.gov.co\/colombia\/wp-content\/uploads\/Tomas-Manuel-Maldonado-Cera-alias-el-Satanico-fue-condenado-a-31-anos-de-prision-por-el-delito-de-desaparicion-forzada.-La-victima-fue-una-mujer-quien-fue-vista-por-ultima-vez-en-2001-300x168.jpeg 300w, https:\/\/www.fiscalia.gov.co\/colombia\/wp-content\/uploads\/Tomas-Manuel-Maldonado-Cera-alias-el-Satanico-fue-condenado-a-31-anos-de-prision-por-el-delito-de-desaparicion-forzada.-La-victima-fue-una-mujer-quien-fue-vista-por-ultima-vez-en-2001-1024x572.jpeg 1024w, https:\/\/www.fiscalia.gov.co\/colombia\/wp-content\/uploads\/Tomas-Manuel-Maldonado-Cera-alias-el-Satanico-fue-condenado-a-31-anos-de-prision-por-el-delito-de-desaparicion-forzada.-La-victima-fue-una-mujer-quien-fue-vista-por-ultima-vez-en-2001-768x429.jpeg 768w, https:\/\/www.fiscalia.gov.co\/colombia\/wp-content\/uploads\/Tomas-Manuel-Maldonado-Cera-alias-el-Satanico-fue-condenado-a-31-anos-de-prision-por-el-delito-de-desaparicion-forzada.-La-victima-fue-una-mujer-quien-fue-vista-por-ultima-vez-en-2001-1536x858.jpeg 1536w, https:\/\/www.fiscalia.gov.co\/colombia\/wp-content\/uploads\/Tomas-Manuel-Maldonado-Cera-alias-el-Satanico-fue-condenado-a-31-anos-de-prision-por-el-delito-de-desaparicion-forzada.-La-victima-fue-una-mujer-quien-fue-vista-por-ultima-vez-en-2001-752x420.jpeg 752w, https:\/\/www.fiscalia.gov.co\/colombia\/wp-content\/uploads\/Tomas-Manuel-Maldonado-Cera-alias-el-Satanico-fue-condenado-a-31-anos-de-prision-por-el-delito-de-desaparicion-forzada.-La-victima-fue-una-mujer-quien-fue-vista-por-ultima-vez-en-2001-696x389.jpeg 696w, https:\/\/www.fiscalia.gov.co\/colombia\/wp-content\/uploads\/Tomas-Manuel-Maldonado-Cera-alias-el-Satanico-fue-condenado-a-31-anos-de-prision-por-el-delito-de-desaparicion-forzada.-La-victima-fue-una-mujer-quien-fue-vista-por-ultima-vez-en-2001-1068x597.jpeg 1068w, https:\/\/www.fiscalia.gov.co\/colombia\/wp-content\/uploads\/Tomas-Manuel-Maldonado-Cera-alias-el-Satanico-fue-condenado-a-31-anos-de-prision-por-el-delito-de-desaparicion-forzada.-La-victima-fue-una-mujer-quien-fue-vista-por-ultima-vez-en-2001.jpeg 1600w\" sizes=\"auto, (max-width: 446px) 100vw, 446px\" \/><figcaption id=\"caption-attachment-306257\" class=\"wp-caption-text\">Tom\u00e1s Manuel Maldonado Cera, alias el Sat\u00e1nico, fue condenado a 31 a\u00f1os de prisi\u00f3n por el delito de desaparici\u00f3n forzada. La v\u00edctima fue una mujer quien fue vista por \u00faltima vez en 2002.<\/figcaption><\/figure>\n<p style=\"font-weight: 400;\">Durante el juicio, se confirm\u00f3 que Maldonado Cera fue la \u00faltima persona que estuvo con ella antes de su desaparici\u00f3n. Adem\u00e1s, <strong>se presentaron pruebas que vinculan a El Sat\u00e1nico con otros casos similares, lo que refuerza su patr\u00f3n delictivo.<\/strong><\/p>\n<p style=\"font-weight: 400;\">Maldonado Cera, de 54 a\u00f1os, permanece recluido en la C\u00e1rcel Modelo de Barranquilla cumpliendo otra condena por un feminicidio en 2018.<\/p>\n<p>&nbsp;<\/p>\n<p>&nbsp;<\/p>\n<p>&nbsp;<\/p>\n<p>&nbsp;<\/p>\n<p style=\"font-weight: 400;\">SKCR\/CFG\/AMCJ\/RR\/WFOJ\/DSA<\/p>\n<p>&nbsp;<\/p>\n<p>&nbsp;<\/p>\n<p><em>La informaci\u00f3n contenida en este bolet\u00edn de prensa corresponde a la narraci\u00f3n de los hechos noticiosos objetivos, suministrados por los funcionarios encargados de adelantar las investigaciones penales al interior de la Fiscal\u00eda General de la Naci\u00f3n. Para el momento de la divulgaci\u00f3n de este comunicado, la situaci\u00f3n jur\u00eddica de la(s) persona(s) relacionada(s) se encuentra pendiente de resolver por la autoridad judicial competente, siempre bajo los preceptos de la presunci\u00f3n de inocencia, consagrados en el art\u00edculo 29 de la Constituci\u00f3n Pol\u00edtica y el art\u00edculo 7\u00ba de la Ley 906 de 2004.<\/em><\/p>\n<p style=\"font-weight: 400;\">\n\n<div class=\"twitter-share\"><a href=\"https:\/\/twitter.com\/intent\/tweet?via=fiscaliacol\" class=\"twitter-share-button\">Tweet<\/a><\/div>\n","protected":false},"excerpt":{"rendered":"<p>Las pruebas presentadas por la Fiscal\u00eda General de la Naci\u00f3n permitieron que un juez de conocimiento condenara a 31 a\u00f1os de prisi\u00f3n a Tom\u00e1s Manuel Maldonado Cera, alias el Sat\u00e1nico, por el delito de desaparici\u00f3n forzada. La v\u00edctima fue una mujer, quien fue vista por \u00faltima vez el 10 de octubre de 2002 en Barranquilla [&hellip;]<\/p>\n","protected":false},"author":178,"featured_media":0,"comment_status":"closed","ping_status":"open","sticky":false,"template":"","format":"standard","meta":{"_price":"","_stock":"","_tribe_ticket_header":"","_tribe_default_ticket_provider":"","_tribe_ticket_capacity":"0","_ticket_start_date":"","_ticket_end_date":"","_tribe_ticket_show_description":"","_tribe_ticket_show_not_going":false,"_tribe_ticket_use_global_stock":"","_tribe_ticket_global_stock_level":"","_global_stock_mode":"","_global_stock_cap":"","_tribe_rsvp_for_event":"","_tribe_ticket_going_count":"","_tribe_ticket_not_going_count":"","_tribe_tickets_list":"[]","_tribe_ticket_has_attendee_info_fields":false,"tdm_status":"","tdm_grid_status":"","footnotes":""},"categories":[1,24099],"tags":[39463,39465,39462,23829,23982,39464,293,26030,13442,11545,5507,16817,24237,27199,35375],"class_list":{"0":"post-306252","1":"post","2":"type-post","3":"status-publish","4":"format-standard","6":"category-noticias","7":"category-seguridad-territorial","8":"tag-39463","9":"tag-31-anos","10":"tag-alias-el-satanico","11":"tag-barranquilla","12":"tag-barranquilla-atlantico","13":"tag-brenda-pajaro-bruno","14":"tag-condena","15":"tag-desaparacion-forzada","16":"tag-feminicidio","17":"tag-gaula-de-la-policia","18":"tag-mujeres","19":"tag-ocultamiento","20":"tag-prision","21":"tag-seccional-atlantico","22":"tag-tomas-maldonado-cera"},"yoast_head":"<!-- This site is optimized with the Yoast SEO plugin v24.3 - https:\/\/yoast.com\/wordpress\/plugins\/seo\/ -->\n<title>Fiscal\u00eda General de la Naci\u00f3n<\/title>\n<meta name=\"description\" content=\"P\u00e1gina oficial de la Fiscal\u00eda General de la Naci\u00f3n \u2013 Colombia. Garantizamos el acceso efectivo a la justicia, la verdad y la reparaci\u00f3n de las v\u00edctimas de los delitos.\" \/>\n<meta name=\"robots\" content=\"noindex, follow\" \/>\n<meta property=\"og:locale\" content=\"es_ES\" \/>\n<meta property=\"og:type\" content=\"article\" \/>\n<meta property=\"og:title\" content=\"Fiscal\u00eda General de la Naci\u00f3n\" \/>\n<meta property=\"og:description\" content=\"P\u00e1gina oficial de la Fiscal\u00eda General de la Naci\u00f3n \u2013 Colombia. Garantizamos el acceso efectivo a la justicia, la verdad y la reparaci\u00f3n de las v\u00edctimas de los delitos.\" \/>\n<meta property=\"og:url\" content=\"https:\/\/www.fiscalia.gov.co\/colombia\/noticias\/condenado-a-31-anos-de-prision-alias-el-satanico-por-la-desaparicion-forzada-de-una-mujer-en-barranquilla\/\" \/>\n<meta property=\"og:site_name\" content=\"Fiscal\u00eda General de la Naci\u00f3n\" \/>\n<meta property=\"article:publisher\" content=\"https:\/\/www.facebook.com\/FiscaliaCol\" \/>\n<meta property=\"article:published_time\" content=\"2024-11-22T19:55:54+00:00\" \/>\n<meta property=\"article:modified_time\" content=\"2024-11-22T20:35:09+00:00\" \/>\n<meta property=\"og:image\" content=\"https:\/\/www.fiscalia.gov.co\/colombia\/wp-content\/uploads\/Tomas-Manuel-Maldonado-Cera-alias-el-Satanico-fue-condenado-a-31-anos-de-prision-por-el-delito-de-desaparicion-forzada.-La-victima-fue-una-mujer-quien-fue-vista-por-ultima-vez-en-2001.jpeg\" \/>\n\t<meta property=\"og:image:width\" content=\"1600\" \/>\n\t<meta property=\"og:image:height\" content=\"894\" \/>\n\t<meta property=\"og:image:type\" content=\"image\/jpeg\" \/>\n<meta name=\"author\" content=\"Winnie Geraldine Rodr\u00edguez Navarrete\" \/>\n<meta name=\"twitter:card\" content=\"summary_large_image\" \/>\n<meta name=\"twitter:creator\" content=\"@FiscaliaCol\" \/>\n<meta name=\"twitter:site\" content=\"@FiscaliaCol\" \/>\n<meta name=\"twitter:label1\" content=\"Escrito por\" \/>\n\t<meta name=\"twitter:data1\" content=\"Winnie Geraldine Rodr\u00edguez Navarrete\" \/>\n\t<meta name=\"twitter:label2\" content=\"Tiempo de lectura\" \/>\n\t<meta name=\"twitter:data2\" content=\"2 minutos\" \/>\n<script type=\"application\/ld+json\" class=\"yoast-schema-graph\">{\"@context\":\"https:\/\/schema.org\",\"@graph\":[{\"@type\":\"Article\",\"@id\":\"https:\/\/www.fiscalia.gov.co\/colombia\/noticias\/condenado-a-31-anos-de-prision-alias-el-satanico-por-la-desaparicion-forzada-de-una-mujer-en-barranquilla\/#article\",\"isPartOf\":{\"@id\":\"https:\/\/www.fiscalia.gov.co\/colombia\/noticias\/condenado-a-31-anos-de-prision-alias-el-satanico-por-la-desaparicion-forzada-de-una-mujer-en-barranquilla\/\"},\"author\":{\"name\":\"Winnie Geraldine Rodr\u00edguez Navarrete\",\"@id\":\"https:\/\/www.fiscalia.gov.co\/colombia\/#\/schema\/person\/176195b99ebab0a52aafa15197e1bf80\"},\"headline\":\"Condenado a 31 a\u00f1os de prisi\u00f3n alias El Sat\u00e1nico por la desaparici\u00f3n forzada de una mujer en Barranquilla\",\"datePublished\":\"2024-11-22T19:55:54+00:00\",\"dateModified\":\"2024-11-22T20:35:09+00:00\",\"mainEntityOfPage\":{\"@id\":\"https:\/\/www.fiscalia.gov.co\/colombia\/noticias\/condenado-a-31-anos-de-prision-alias-el-satanico-por-la-desaparicion-forzada-de-una-mujer-en-barranquilla\/\"},\"wordCount\":393,\"publisher\":{\"@id\":\"https:\/\/www.fiscalia.gov.co\/colombia\/#organization\"},\"image\":{\"@id\":\"https:\/\/www.fiscalia.gov.co\/colombia\/noticias\/condenado-a-31-anos-de-prision-alias-el-satanico-por-la-desaparicion-forzada-de-una-mujer-en-barranquilla\/#primaryimage\"},\"thumbnailUrl\":\"https:\/\/www.fiscalia.gov.co\/colombia\/wp-content\/uploads\/Tomas-Manuel-Maldonado-Cera-alias-el-Satanico-fue-condenado-a-31-anos-de-prision-por-el-delito-de-desaparicion-forzada.-La-victima-fue-una-mujer-quien-fue-vista-por-ultima-vez-en-2001-300x168.jpeg\",\"keywords\":[\"2018\",\"31 a\u00f1os\",\"alias El Sat\u00e1nico\",\"Barranquilla\",\"Barranquilla (Atl\u00e1ntico)\",\"Brenda P\u00e1jaro Bruno\",\"Condena\",\"desaparaci\u00f3n forzada\",\"Feminicidio\",\"Gaula de la Polic\u00eda\",\"Mujeres\",\"ocultamiento\",\"prisi\u00f3n\",\"Seccional Atl\u00e1ntico\",\"Tom\u00e1s Maldonado Cera\"],\"articleSection\":[\"Noticias\",\"Seguridad territorial\"],\"inLanguage\":\"es-CO\"},{\"@type\":\"WebPage\",\"@id\":\"https:\/\/www.fiscalia.gov.co\/colombia\/noticias\/condenado-a-31-anos-de-prision-alias-el-satanico-por-la-desaparicion-forzada-de-una-mujer-en-barranquilla\/\",\"url\":\"https:\/\/www.fiscalia.gov.co\/colombia\/noticias\/condenado-a-31-anos-de-prision-alias-el-satanico-por-la-desaparicion-forzada-de-una-mujer-en-barranquilla\/\",\"name\":\"Fiscal\u00eda General de la Naci\u00f3n\",\"isPartOf\":{\"@id\":\"https:\/\/www.fiscalia.gov.co\/colombia\/#website\"},\"primaryImageOfPage\":{\"@id\":\"https:\/\/www.fiscalia.gov.co\/colombia\/noticias\/condenado-a-31-anos-de-prision-alias-el-satanico-por-la-desaparicion-forzada-de-una-mujer-en-barranquilla\/#primaryimage\"},\"image\":{\"@id\":\"https:\/\/www.fiscalia.gov.co\/colombia\/noticias\/condenado-a-31-anos-de-prision-alias-el-satanico-por-la-desaparicion-forzada-de-una-mujer-en-barranquilla\/#primaryimage\"},\"thumbnailUrl\":\"https:\/\/www.fiscalia.gov.co\/colombia\/wp-content\/uploads\/Tomas-Manuel-Maldonado-Cera-alias-el-Satanico-fue-condenado-a-31-anos-de-prision-por-el-delito-de-desaparicion-forzada.-La-victima-fue-una-mujer-quien-fue-vista-por-ultima-vez-en-2001-300x168.jpeg\",\"datePublished\":\"2024-11-22T19:55:54+00:00\",\"dateModified\":\"2024-11-22T20:35:09+00:00\",\"description\":\"P\u00e1gina oficial de la Fiscal\u00eda General de la Naci\u00f3n \u2013 Colombia. Garantizamos el acceso efectivo a la justicia, la verdad y la reparaci\u00f3n de las v\u00edctimas de los delitos.\",\"breadcrumb\":{\"@id\":\"https:\/\/www.fiscalia.gov.co\/colombia\/noticias\/condenado-a-31-anos-de-prision-alias-el-satanico-por-la-desaparicion-forzada-de-una-mujer-en-barranquilla\/#breadcrumb\"},\"inLanguage\":\"es-CO\",\"potentialAction\":[{\"@type\":\"ReadAction\",\"target\":[\"https:\/\/www.fiscalia.gov.co\/colombia\/noticias\/condenado-a-31-anos-de-prision-alias-el-satanico-por-la-desaparicion-forzada-de-una-mujer-en-barranquilla\/\"]}]},{\"@type\":\"ImageObject\",\"inLanguage\":\"es-CO\",\"@id\":\"https:\/\/www.fiscalia.gov.co\/colombia\/noticias\/condenado-a-31-anos-de-prision-alias-el-satanico-por-la-desaparicion-forzada-de-una-mujer-en-barranquilla\/#primaryimage\",\"url\":\"https:\/\/www.fiscalia.gov.co\/colombia\/wp-content\/uploads\/Tomas-Manuel-Maldonado-Cera-alias-el-Satanico-fue-condenado-a-31-anos-de-prision-por-el-delito-de-desaparicion-forzada.-La-victima-fue-una-mujer-quien-fue-vista-por-ultima-vez-en-2001.jpeg\",\"contentUrl\":\"https:\/\/www.fiscalia.gov.co\/colombia\/wp-content\/uploads\/Tomas-Manuel-Maldonado-Cera-alias-el-Satanico-fue-condenado-a-31-anos-de-prision-por-el-delito-de-desaparicion-forzada.-La-victima-fue-una-mujer-quien-fue-vista-por-ultima-vez-en-2001.jpeg\",\"width\":1600,\"height\":894,\"caption\":\"Tom\u00e1s Manuel Maldonado Cera, alias el Sat\u00e1nico, fue condenado a 31 a\u00f1os de prisi\u00f3n por el delito de desaparici\u00f3n forzada. La v\u00edctima fue una mujer quien fue vista por \u00faltima vez en 2002.\"},{\"@type\":\"BreadcrumbList\",\"@id\":\"https:\/\/www.fiscalia.gov.co\/colombia\/noticias\/condenado-a-31-anos-de-prision-alias-el-satanico-por-la-desaparicion-forzada-de-una-mujer-en-barranquilla\/#breadcrumb\",\"itemListElement\":[{\"@type\":\"ListItem\",\"position\":1,\"name\":\"Home\",\"item\":\"https:\/\/www.fiscalia.gov.co\/colombia\/\"},{\"@type\":\"ListItem\",\"position\":2,\"name\":\"Condenado a 31 a\u00f1os de prisi\u00f3n alias El Sat\u00e1nico por la desaparici\u00f3n forzada de una mujer en Barranquilla\"}]},{\"@type\":\"WebSite\",\"@id\":\"https:\/\/www.fiscalia.gov.co\/colombia\/#website\",\"url\":\"https:\/\/www.fiscalia.gov.co\/colombia\/\",\"name\":\"Fiscal\u00eda General de la Naci\u00f3n\",\"description\":\"P\u00e1gina oficial de la Fiscal\u00eda General de la Naci\u00f3n \u2013 Colombia. Garantizamos el acceso efectivo a la justicia, la verdad y la reparaci\u00f3n de las v\u00edctimas de los delitos.\",\"publisher\":{\"@id\":\"https:\/\/www.fiscalia.gov.co\/colombia\/#organization\"},\"potentialAction\":[{\"@type\":\"SearchAction\",\"target\":{\"@type\":\"EntryPoint\",\"urlTemplate\":\"https:\/\/www.fiscalia.gov.co\/colombia\/?s={search_term_string}\"},\"query-input\":{\"@type\":\"PropertyValueSpecification\",\"valueRequired\":true,\"valueName\":\"search_term_string\"}}],\"inLanguage\":\"es-CO\"},{\"@type\":\"Organization\",\"@id\":\"https:\/\/www.fiscalia.gov.co\/colombia\/#organization\",\"name\":\"Fiscal\u00eda General de la Naci\u00f3n\",\"url\":\"https:\/\/www.fiscalia.gov.co\/colombia\/\",\"logo\":{\"@type\":\"ImageObject\",\"inLanguage\":\"es-CO\",\"@id\":\"https:\/\/www.fiscalia.gov.co\/colombia\/#\/schema\/logo\/image\/\",\"url\":\"https:\/\/www.fiscalia.gov.co\/colombia\/wp-content\/uploads\/LogoHorizontal_1.jpg\",\"contentUrl\":\"https:\/\/www.fiscalia.gov.co\/colombia\/wp-content\/uploads\/LogoHorizontal_1.jpg\",\"width\":300,\"height\":90,\"caption\":\"Fiscal\u00eda General de la Naci\u00f3n\"},\"image\":{\"@id\":\"https:\/\/www.fiscalia.gov.co\/colombia\/#\/schema\/logo\/image\/\"},\"sameAs\":[\"https:\/\/www.facebook.com\/FiscaliaCol\",\"https:\/\/x.com\/FiscaliaCol\",\"https:\/\/www.instagram.com\/fiscaliacol\",\"https:\/\/www.linkedin.com\/company\/fiscalia-general-de-la-naci-n\/\",\"https:\/\/youtube.com\/@fiscaliageneraldelanacion-4668?si=6nN79nyQICPU5iTh\"]},{\"@type\":\"Person\",\"@id\":\"https:\/\/www.fiscalia.gov.co\/colombia\/#\/schema\/person\/176195b99ebab0a52aafa15197e1bf80\",\"name\":\"Winnie Geraldine Rodr\u00edguez Navarrete\",\"image\":{\"@type\":\"ImageObject\",\"inLanguage\":\"es-CO\",\"@id\":\"https:\/\/www.fiscalia.gov.co\/colombia\/#\/schema\/person\/image\/\",\"url\":\"https:\/\/secure.gravatar.com\/avatar\/c24cf8481dc84fa5e8c7b20bc95ab0c6?s=96&d=mm&r=g\",\"contentUrl\":\"https:\/\/secure.gravatar.com\/avatar\/c24cf8481dc84fa5e8c7b20bc95ab0c6?s=96&d=mm&r=g\",\"caption\":\"Winnie Geraldine Rodr\u00edguez Navarrete\"},\"url\":\"https:\/\/www.fiscalia.gov.co\/colombia\/author\/winnierodriguez\/\"}]}<\/script>\n<!-- \/ Yoast SEO plugin. -->","yoast_head_json":{"title":"Fiscal\u00eda General de la Naci\u00f3n","description":"P\u00e1gina oficial de la Fiscal\u00eda General de la Naci\u00f3n \u2013 Colombia. Garantizamos el acceso efectivo a la justicia, la verdad y la reparaci\u00f3n de las v\u00edctimas de los delitos.","robots":{"index":"noindex","follow":"follow"},"og_locale":"es_ES","og_type":"article","og_title":"Fiscal\u00eda General de la Naci\u00f3n","og_description":"P\u00e1gina oficial de la Fiscal\u00eda General de la Naci\u00f3n \u2013 Colombia. Garantizamos el acceso efectivo a la justicia, la verdad y la reparaci\u00f3n de las v\u00edctimas de los delitos.","og_url":"https:\/\/www.fiscalia.gov.co\/colombia\/noticias\/condenado-a-31-anos-de-prision-alias-el-satanico-por-la-desaparicion-forzada-de-una-mujer-en-barranquilla\/","og_site_name":"Fiscal\u00eda General de la Naci\u00f3n","article_publisher":"https:\/\/www.facebook.com\/FiscaliaCol","article_published_time":"2024-11-22T19:55:54+00:00","article_modified_time":"2024-11-22T20:35:09+00:00","og_image":[{"width":1600,"height":894,"url":"https:\/\/www.fiscalia.gov.co\/colombia\/wp-content\/uploads\/Tomas-Manuel-Maldonado-Cera-alias-el-Satanico-fue-condenado-a-31-anos-de-prision-por-el-delito-de-desaparicion-forzada.-La-victima-fue-una-mujer-quien-fue-vista-por-ultima-vez-en-2001.jpeg","type":"image\/jpeg"}],"author":"Winnie Geraldine Rodr\u00edguez Navarrete","twitter_card":"summary_large_image","twitter_creator":"@FiscaliaCol","twitter_site":"@FiscaliaCol","twitter_misc":{"Escrito por":"Winnie Geraldine Rodr\u00edguez Navarrete","Tiempo de lectura":"2 minutos"},"schema":{"@context":"https:\/\/schema.org","@graph":[{"@type":"Article","@id":"https:\/\/www.fiscalia.gov.co\/colombia\/noticias\/condenado-a-31-anos-de-prision-alias-el-satanico-por-la-desaparicion-forzada-de-una-mujer-en-barranquilla\/#article","isPartOf":{"@id":"https:\/\/www.fiscalia.gov.co\/colombia\/noticias\/condenado-a-31-anos-de-prision-alias-el-satanico-por-la-desaparicion-forzada-de-una-mujer-en-barranquilla\/"},"author":{"name":"Winnie Geraldine Rodr\u00edguez Navarrete","@id":"https:\/\/www.fiscalia.gov.co\/colombia\/#\/schema\/person\/176195b99ebab0a52aafa15197e1bf80"},"headline":"Condenado a 31 a\u00f1os de prisi\u00f3n alias El Sat\u00e1nico por la desaparici\u00f3n forzada de una mujer en Barranquilla","datePublished":"2024-11-22T19:55:54+00:00","dateModified":"2024-11-22T20:35:09+00:00","mainEntityOfPage":{"@id":"https:\/\/www.fiscalia.gov.co\/colombia\/noticias\/condenado-a-31-anos-de-prision-alias-el-satanico-por-la-desaparicion-forzada-de-una-mujer-en-barranquilla\/"},"wordCount":393,"publisher":{"@id":"https:\/\/www.fiscalia.gov.co\/colombia\/#organization"},"image":{"@id":"https:\/\/www.fiscalia.gov.co\/colombia\/noticias\/condenado-a-31-anos-de-prision-alias-el-satanico-por-la-desaparicion-forzada-de-una-mujer-en-barranquilla\/#primaryimage"},"thumbnailUrl":"https:\/\/www.fiscalia.gov.co\/colombia\/wp-content\/uploads\/Tomas-Manuel-Maldonado-Cera-alias-el-Satanico-fue-condenado-a-31-anos-de-prision-por-el-delito-de-desaparicion-forzada.-La-victima-fue-una-mujer-quien-fue-vista-por-ultima-vez-en-2001-300x168.jpeg","keywords":["2018","31 a\u00f1os","alias El Sat\u00e1nico","Barranquilla","Barranquilla (Atl\u00e1ntico)","Brenda P\u00e1jaro Bruno","Condena","desaparaci\u00f3n forzada","Feminicidio","Gaula de la Polic\u00eda","Mujeres","ocultamiento","prisi\u00f3n","Seccional Atl\u00e1ntico","Tom\u00e1s Maldonado Cera"],"articleSection":["Noticias","Seguridad territorial"],"inLanguage":"es-CO"},{"@type":"WebPage","@id":"https:\/\/www.fiscalia.gov.co\/colombia\/noticias\/condenado-a-31-anos-de-prision-alias-el-satanico-por-la-desaparicion-forzada-de-una-mujer-en-barranquilla\/","url":"https:\/\/www.fiscalia.gov.co\/colombia\/noticias\/condenado-a-31-anos-de-prision-alias-el-satanico-por-la-desaparicion-forzada-de-una-mujer-en-barranquilla\/","name":"Fiscal\u00eda General de la Naci\u00f3n","isPartOf":{"@id":"https:\/\/www.fiscalia.gov.co\/colombia\/#website"},"primaryImageOfPage":{"@id":"https:\/\/www.fiscalia.gov.co\/colombia\/noticias\/condenado-a-31-anos-de-prision-alias-el-satanico-por-la-desaparicion-forzada-de-una-mujer-en-barranquilla\/#primaryimage"},"image":{"@id":"https:\/\/www.fiscalia.gov.co\/colombia\/noticias\/condenado-a-31-anos-de-prision-alias-el-satanico-por-la-desaparicion-forzada-de-una-mujer-en-barranquilla\/#primaryimage"},"thumbnailUrl":"https:\/\/www.fiscalia.gov.co\/colombia\/wp-content\/uploads\/Tomas-Manuel-Maldonado-Cera-alias-el-Satanico-fue-condenado-a-31-anos-de-prision-por-el-delito-de-desaparicion-forzada.-La-victima-fue-una-mujer-quien-fue-vista-por-ultima-vez-en-2001-300x168.jpeg","datePublished":"2024-11-22T19:55:54+00:00","dateModified":"2024-11-22T20:35:09+00:00","description":"P\u00e1gina oficial de la Fiscal\u00eda General de la Naci\u00f3n \u2013 Colombia. Garantizamos el acceso efectivo a la justicia, la verdad y la reparaci\u00f3n de las v\u00edctimas de los delitos.","breadcrumb":{"@id":"https:\/\/www.fiscalia.gov.co\/colombia\/noticias\/condenado-a-31-anos-de-prision-alias-el-satanico-por-la-desaparicion-forzada-de-una-mujer-en-barranquilla\/#breadcrumb"},"inLanguage":"es-CO","potentialAction":[{"@type":"ReadAction","target":["https:\/\/www.fiscalia.gov.co\/colombia\/noticias\/condenado-a-31-anos-de-prision-alias-el-satanico-por-la-desaparicion-forzada-de-una-mujer-en-barranquilla\/"]}]},{"@type":"ImageObject","inLanguage":"es-CO","@id":"https:\/\/www.fiscalia.gov.co\/colombia\/noticias\/condenado-a-31-anos-de-prision-alias-el-satanico-por-la-desaparicion-forzada-de-una-mujer-en-barranquilla\/#primaryimage","url":"https:\/\/www.fiscalia.gov.co\/colombia\/wp-content\/uploads\/Tomas-Manuel-Maldonado-Cera-alias-el-Satanico-fue-condenado-a-31-anos-de-prision-por-el-delito-de-desaparicion-forzada.-La-victima-fue-una-mujer-quien-fue-vista-por-ultima-vez-en-2001.jpeg","contentUrl":"https:\/\/www.fiscalia.gov.co\/colombia\/wp-content\/uploads\/Tomas-Manuel-Maldonado-Cera-alias-el-Satanico-fue-condenado-a-31-anos-de-prision-por-el-delito-de-desaparicion-forzada.-La-victima-fue-una-mujer-quien-fue-vista-por-ultima-vez-en-2001.jpeg","width":1600,"height":894,"caption":"Tom\u00e1s Manuel Maldonado Cera, alias el Sat\u00e1nico, fue condenado a 31 a\u00f1os de prisi\u00f3n por el delito de desaparici\u00f3n forzada. La v\u00edctima fue una mujer quien fue vista por \u00faltima vez en 2002."},{"@type":"BreadcrumbList","@id":"https:\/\/www.fiscalia.gov.co\/colombia\/noticias\/condenado-a-31-anos-de-prision-alias-el-satanico-por-la-desaparicion-forzada-de-una-mujer-en-barranquilla\/#breadcrumb","itemListElement":[{"@type":"ListItem","position":1,"name":"Home","item":"https:\/\/www.fiscalia.gov.co\/colombia\/"},{"@type":"ListItem","position":2,"name":"Condenado a 31 a\u00f1os de prisi\u00f3n alias El Sat\u00e1nico por la desaparici\u00f3n forzada de una mujer en Barranquilla"}]},{"@type":"WebSite","@id":"https:\/\/www.fiscalia.gov.co\/colombia\/#website","url":"https:\/\/www.fiscalia.gov.co\/colombia\/","name":"Fiscal\u00eda General de la Naci\u00f3n","description":"P\u00e1gina oficial de la Fiscal\u00eda General de la Naci\u00f3n \u2013 Colombia. Garantizamos el acceso efectivo a la justicia, la verdad y la reparaci\u00f3n de las v\u00edctimas de los delitos.","publisher":{"@id":"https:\/\/www.fiscalia.gov.co\/colombia\/#organization"},"potentialAction":[{"@type":"SearchAction","target":{"@type":"EntryPoint","urlTemplate":"https:\/\/www.fiscalia.gov.co\/colombia\/?s={search_term_string}"},"query-input":{"@type":"PropertyValueSpecification","valueRequired":true,"valueName":"search_term_string"}}],"inLanguage":"es-CO"},{"@type":"Organization","@id":"https:\/\/www.fiscalia.gov.co\/colombia\/#organization","name":"Fiscal\u00eda General de la Naci\u00f3n","url":"https:\/\/www.fiscalia.gov.co\/colombia\/","logo":{"@type":"ImageObject","inLanguage":"es-CO","@id":"https:\/\/www.fiscalia.gov.co\/colombia\/#\/schema\/logo\/image\/","url":"https:\/\/www.fiscalia.gov.co\/colombia\/wp-content\/uploads\/LogoHorizontal_1.jpg","contentUrl":"https:\/\/www.fiscalia.gov.co\/colombia\/wp-content\/uploads\/LogoHorizontal_1.jpg","width":300,"height":90,"caption":"Fiscal\u00eda General de la Naci\u00f3n"},"image":{"@id":"https:\/\/www.fiscalia.gov.co\/colombia\/#\/schema\/logo\/image\/"},"sameAs":["https:\/\/www.facebook.com\/FiscaliaCol","https:\/\/x.com\/FiscaliaCol","https:\/\/www.instagram.com\/fiscaliacol","https:\/\/www.linkedin.com\/company\/fiscalia-general-de-la-naci-n\/","https:\/\/youtube.com\/@fiscaliageneraldelanacion-4668?si=6nN79nyQICPU5iTh"]},{"@type":"Person","@id":"https:\/\/www.fiscalia.gov.co\/colombia\/#\/schema\/person\/176195b99ebab0a52aafa15197e1bf80","name":"Winnie Geraldine Rodr\u00edguez Navarrete","image":{"@type":"ImageObject","inLanguage":"es-CO","@id":"https:\/\/www.fiscalia.gov.co\/colombia\/#\/schema\/person\/image\/","url":"https:\/\/secure.gravatar.com\/avatar\/c24cf8481dc84fa5e8c7b20bc95ab0c6?s=96&d=mm&r=g","contentUrl":"https:\/\/secure.gravatar.com\/avatar\/c24cf8481dc84fa5e8c7b20bc95ab0c6?s=96&d=mm&r=g","caption":"Winnie Geraldine Rodr\u00edguez Navarrete"},"url":"https:\/\/www.fiscalia.gov.co\/colombia\/author\/winnierodriguez\/"}]}},"_links":{"self":[{"href":"https:\/\/www.fiscalia.gov.co\/colombia\/wp-json\/wp\/v2\/posts\/306252","targetHints":{"allow":["GET"]}}],"collection":[{"href":"https:\/\/www.fiscalia.gov.co\/colombia\/wp-json\/wp\/v2\/posts"}],"about":[{"href":"https:\/\/www.fiscalia.gov.co\/colombia\/wp-json\/wp\/v2\/types\/post"}],"author":[{"embeddable":true,"href":"https:\/\/www.fiscalia.gov.co\/colombia\/wp-json\/wp\/v2\/users\/178"}],"replies":[{"embeddable":true,"href":"https:\/\/www.fiscalia.gov.co\/colombia\/wp-json\/wp\/v2\/comments?post=306252"}],"version-history":[{"count":2,"href":"https:\/\/www.fiscalia.gov.co\/colombia\/wp-json\/wp\/v2\/posts\/306252\/revisions"}],"predecessor-version":[{"id":306264,"href":"https:\/\/www.fiscalia.gov.co\/colombia\/wp-json\/wp\/v2\/posts\/306252\/revisions\/306264"}],"wp:attachment":[{"href":"https:\/\/www.fiscalia.gov.co\/colombia\/wp-json\/wp\/v2\/media?parent=306252"}],"wp:term":[{"taxonomy":"category","embeddable":true,"href":"https:\/\/www.fiscalia.gov.co\/colombia\/wp-json\/wp\/v2\/categories?post=306252"},{"taxonomy":"post_tag","embeddable":true,"href":"https:\/\/www.fiscalia.gov.co\/colombia\/wp-json\/wp\/v2\/tags?post=306252"}],"curies":[{"name":"wp","href":"https:\/\/api.w.org\/{rel}","templated":true}]}}