{"id":306214,"date":"2024-11-22T07:17:29","date_gmt":"2024-11-22T12:17:29","guid":{"rendered":"https:\/\/www.fiscalia.gov.co\/colombia\/?p=306214"},"modified":"2024-11-22T15:32:02","modified_gmt":"2024-11-22T20:32:02","slug":"impactada-red-narcotraficante-senalada-de-camuflar-cocaina-y-marihuana-entre-maquinaria-electrica-e-industrial-para-enviarla-a-estados-unidos-y-mexico","status":"publish","type":"post","link":"https:\/\/www.fiscalia.gov.co\/colombia\/noticias\/impactada-red-narcotraficante-senalada-de-camuflar-cocaina-y-marihuana-entre-maquinaria-electrica-e-industrial-para-enviarla-a-estados-unidos-y-mexico\/","title":{"rendered":"Impactada red narcotraficante se\u00f1alada de camuflar coca\u00edna y marihuana entre maquinaria el\u00e9ctrica e industrial para enviarla a Estados Unidos y M\u00e9xico"},"content":{"rendered":"<blockquote>\n<h4 style=\"text-align: left;\"><strong><i>Nueve de los se\u00f1alados integrantes de la organizaci\u00f3n fueron capturados y judicializados. Ser\u00edan los responsables de adquirir el estupefaciente y de fabricar las maquinas utilizadas para ocultar los bloques de la sustancia il\u00edcita.<\/i><\/strong><\/h4>\n<\/blockquote>\n<p>&nbsp;<\/p>\n<p><span style=\"font-weight: 400;\">La incautaci\u00f3n de 315 kilogramos de clorhidrato de coca\u00edna y 196 kilogramos de marihuana, que iban ocultos en dobladoras y ventiladores, pusieron al descubierto a una <strong>red narcotraficante se\u00f1alada de fabricar m\u00e1quinas el\u00e9ctricas e industriales, y utilizarlas para camuflar diversas cantidades de estupefacientes con el prop\u00f3sito de enviarlas a Estados Unidos y M\u00e9xico.<\/strong><\/span><\/p>\n<p><span style=\"font-weight: 400;\">La Fiscal\u00eda General de la Naci\u00f3n, en articulaci\u00f3n con el CTI, la Polic\u00eda Nacional, el Ej\u00e9rcito Nacional y la agencia estadounidense DEA, <strong>identific\u00f3 a los nueve se\u00f1alados integrantes de la organizaci\u00f3n ilegal y los roles que cumpl\u00edan en el entramado criminal. Todos fueron capturados en diligencias realizas de manera simult\u00e1nea en Cali y Jamund\u00ed (Valle del Cauca).<\/strong><\/span><\/p>\n<p><span style=\"font-weight: 400;\"><strong>Un fiscal de la Direcci\u00f3n Especializada contra el Narcotr\u00e1fico <a href=\"https:\/\/www.fiscalia.gov.co\/colombia\/judiccionario\/que-es-imputacion\/\" target=\"_blank\" rel=\"noopener\">imput\u00f3<\/a> a estas personas el delito de tr\u00e1fico, fabricaci\u00f3n o porte de estupefacientes agravado.<\/strong> Por su parte, un juez de control de garant\u00edas les impuso medida de aseguramiento en establecimiento carcelario.<\/span><\/p>\n<p><span style=\"font-weight: 400;\">La estructura impactada, al parecer, adquir\u00eda diversas cantidades de coca\u00edna y marihuana en Caloto (Cauca), y las transportaba en veh\u00edculos particulares y buses de servicio escolar a inmuebles en Cali y Jamund\u00ed, donde eran dise\u00f1adas las maquinas el\u00e9ctricas e industriales a la medida, de tal manera que pudieran ocultar los bloques de las sustancias.<\/span><\/p>\n<p><strong>Finalmente, la maquinaria era embalada y enviada a los puertos del Caribe y el Pac\u00edfico colombiano para salir con destino a Norteam\u00e9rica.<\/strong><\/p>\n<p><span style=\"font-weight: 400;\">Los procesados son: Maximiliano C\u00e1ceres Alarc\u00f3n, alias Maxi, presunto cabecilla de la estructura; C\u00e9sar Augusto Ramos Palacios, se\u00f1alado responsable del transporte de los estupefacientes y de la fabricaci\u00f3n de las m\u00e1quinas; Kevin Villa Valderrama, Julio Cesar Reina Guti\u00e9rrez, Carlos Alberto Guerrero, Fabi\u00e1n Alarc\u00f3n Barrera y Cristhian Paolo Salazar Camacho, quienes estar\u00edan involucrados en la elaboraci\u00f3n de las caletas.\u00a0<\/span><\/p>\n<p><span style=\"font-weight: 400;\">Asimismo, Evely Alarc\u00f3n Barrios, se\u00f1alada de facilitar los inmuebles para almacenar los estupefacientes; y Laura Vanessa Rodr\u00edguez Mu\u00f1oz, compa\u00f1era sentimental de alias Maxi y presunta responsable de las finanzas de la organizaci\u00f3n.<\/span><\/p>\n<p><span style=\"font-weight: 400;\">Esta informaci\u00f3n se publica por razones de inter\u00e9s general.\u00a0\u00a0\u00a0\u00a0\u00a0\u00a0\u00a0\u00a0<\/span><\/p>\n<p><span style=\"font-weight: 400;\">JMSV\/JARG\/WM\/DECN<\/span><\/p>\n<p>&nbsp;<\/p>\n<p><em>La informaci\u00f3n contenida en este bolet\u00edn de prensa corresponde a la narraci\u00f3n de los hechos noticiosos objetivos, y las investigaciones penales al interior de la Fiscal\u00eda General de la Naci\u00f3n. Para el momento de la divulgaci\u00f3n de este comunicado, la situaci\u00f3n jur\u00eddica de la(s) persona(s) relacionada(s) se encuentra pendiente de resolver por la autoridad judicial competente, siempre bajo los preceptos de la presunci\u00f3n de inocencia, consagrados en el art\u00edculo 29 de la Constituci\u00f3n Pol\u00edtica y el art\u00edculo 7\u00ba de la Ley 906 de 2004.<\/em><\/p>\n\n<div class=\"twitter-share\"><a href=\"https:\/\/twitter.com\/intent\/tweet?via=fiscaliacol\" class=\"twitter-share-button\">Tweet<\/a><\/div>\n","protected":false},"excerpt":{"rendered":"<p>Nueve de los se\u00f1alados integrantes de la organizaci\u00f3n fueron capturados y judicializados. Ser\u00edan los responsables de adquirir el estupefaciente y de fabricar las maquinas utilizadas para ocultar los bloques de la sustancia il\u00edcita. &nbsp; La incautaci\u00f3n de 315 kilogramos de clorhidrato de coca\u00edna y 196 kilogramos de marihuana, que iban ocultos en dobladoras y ventiladores, [&hellip;]<\/p>\n","protected":false},"author":181,"featured_media":0,"comment_status":"closed","ping_status":"open","sticky":false,"template":"","format":"standard","meta":{"_price":"","_stock":"","_tribe_ticket_header":"","_tribe_default_ticket_provider":"","_tribe_ticket_capacity":"0","_ticket_start_date":"","_ticket_end_date":"","_tribe_ticket_show_description":"","_tribe_ticket_show_not_going":false,"_tribe_ticket_use_global_stock":"","_tribe_ticket_global_stock_level":"","_global_stock_mode":"","_global_stock_cap":"","_tribe_rsvp_for_event":"","_tribe_ticket_going_count":"","_tribe_ticket_not_going_count":"","_tribe_tickets_list":"[]","_tribe_ticket_has_attendee_info_fields":false,"tdm_status":"","tdm_grid_status":"","footnotes":""},"categories":[24115,1],"tags":[12184,38894,4614,1047],"class_list":{"0":"post-306214","1":"post","2":"type-post","3":"status-publish","4":"format-standard","6":"category-narcotrafico","7":"category-noticias","8":"tag-fiscal","9":"tag-fiscal-luz-adreiana-camargo","10":"tag-fiscalia-2","11":"tag-fiscalia-general-de-la-nacion"},"yoast_head":"<!-- This site is optimized with the Yoast SEO plugin v24.3 - https:\/\/yoast.com\/wordpress\/plugins\/seo\/ -->\n<title>Fiscal\u00eda General de la Naci\u00f3n<\/title>\n<meta name=\"description\" content=\"P\u00e1gina oficial de la Fiscal\u00eda General de la Naci\u00f3n \u2013 Colombia. Garantizamos el acceso efectivo a la justicia, la verdad y la reparaci\u00f3n de las v\u00edctimas de los delitos.\" \/>\n<meta name=\"robots\" content=\"noindex, follow\" \/>\n<meta property=\"og:locale\" content=\"es_ES\" \/>\n<meta property=\"og:type\" content=\"article\" \/>\n<meta property=\"og:title\" content=\"Fiscal\u00eda General de la Naci\u00f3n\" \/>\n<meta property=\"og:description\" content=\"P\u00e1gina oficial de la Fiscal\u00eda General de la Naci\u00f3n \u2013 Colombia. Garantizamos el acceso efectivo a la justicia, la verdad y la reparaci\u00f3n de las v\u00edctimas de los delitos.\" \/>\n<meta property=\"og:url\" content=\"https:\/\/www.fiscalia.gov.co\/colombia\/noticias\/impactada-red-narcotraficante-senalada-de-camuflar-cocaina-y-marihuana-entre-maquinaria-electrica-e-industrial-para-enviarla-a-estados-unidos-y-mexico\/\" \/>\n<meta property=\"og:site_name\" content=\"Fiscal\u00eda General de la Naci\u00f3n\" \/>\n<meta property=\"article:publisher\" content=\"https:\/\/www.facebook.com\/FiscaliaCol\" \/>\n<meta property=\"article:published_time\" content=\"2024-11-22T12:17:29+00:00\" \/>\n<meta property=\"article:modified_time\" content=\"2024-11-22T20:32:02+00:00\" \/>\n<meta name=\"author\" content=\"Johanna Islenny Prieto Pe\u00f1a\" \/>\n<meta name=\"twitter:card\" content=\"summary_large_image\" \/>\n<meta name=\"twitter:creator\" content=\"@FiscaliaCol\" \/>\n<meta name=\"twitter:site\" content=\"@FiscaliaCol\" \/>\n<meta name=\"twitter:label1\" content=\"Escrito por\" \/>\n\t<meta name=\"twitter:data1\" content=\"Johanna Islenny Prieto Pe\u00f1a\" \/>\n\t<meta name=\"twitter:label2\" content=\"Tiempo de lectura\" \/>\n\t<meta name=\"twitter:data2\" content=\"2 minutos\" \/>\n<script type=\"application\/ld+json\" class=\"yoast-schema-graph\">{\"@context\":\"https:\/\/schema.org\",\"@graph\":[{\"@type\":\"Article\",\"@id\":\"https:\/\/www.fiscalia.gov.co\/colombia\/noticias\/impactada-red-narcotraficante-senalada-de-camuflar-cocaina-y-marihuana-entre-maquinaria-electrica-e-industrial-para-enviarla-a-estados-unidos-y-mexico\/#article\",\"isPartOf\":{\"@id\":\"https:\/\/www.fiscalia.gov.co\/colombia\/noticias\/impactada-red-narcotraficante-senalada-de-camuflar-cocaina-y-marihuana-entre-maquinaria-electrica-e-industrial-para-enviarla-a-estados-unidos-y-mexico\/\"},\"author\":{\"name\":\"Johanna Islenny Prieto Pe\u00f1a\",\"@id\":\"https:\/\/www.fiscalia.gov.co\/colombia\/#\/schema\/person\/ba9eca435947489fb25117a0cd75bf3e\"},\"headline\":\"Impactada red narcotraficante se\u00f1alada de camuflar coca\u00edna y marihuana entre maquinaria el\u00e9ctrica e industrial para enviarla a Estados Unidos y M\u00e9xico\",\"datePublished\":\"2024-11-22T12:17:29+00:00\",\"dateModified\":\"2024-11-22T20:32:02+00:00\",\"mainEntityOfPage\":{\"@id\":\"https:\/\/www.fiscalia.gov.co\/colombia\/noticias\/impactada-red-narcotraficante-senalada-de-camuflar-cocaina-y-marihuana-entre-maquinaria-electrica-e-industrial-para-enviarla-a-estados-unidos-y-mexico\/\"},\"wordCount\":534,\"publisher\":{\"@id\":\"https:\/\/www.fiscalia.gov.co\/colombia\/#organization\"},\"keywords\":[\"Fiscal\",\"fiscal luz adreiana camargo\",\"Fiscal\u00eda\",\"Fiscal\u00eda General de la Naci\u00f3n\"],\"articleSection\":[\"Narcotr\u00e1fico\",\"Noticias\"],\"inLanguage\":\"es-CO\"},{\"@type\":\"WebPage\",\"@id\":\"https:\/\/www.fiscalia.gov.co\/colombia\/noticias\/impactada-red-narcotraficante-senalada-de-camuflar-cocaina-y-marihuana-entre-maquinaria-electrica-e-industrial-para-enviarla-a-estados-unidos-y-mexico\/\",\"url\":\"https:\/\/www.fiscalia.gov.co\/colombia\/noticias\/impactada-red-narcotraficante-senalada-de-camuflar-cocaina-y-marihuana-entre-maquinaria-electrica-e-industrial-para-enviarla-a-estados-unidos-y-mexico\/\",\"name\":\"Fiscal\u00eda General de la Naci\u00f3n\",\"isPartOf\":{\"@id\":\"https:\/\/www.fiscalia.gov.co\/colombia\/#website\"},\"datePublished\":\"2024-11-22T12:17:29+00:00\",\"dateModified\":\"2024-11-22T20:32:02+00:00\",\"description\":\"P\u00e1gina oficial de la Fiscal\u00eda General de la Naci\u00f3n \u2013 Colombia. Garantizamos el acceso efectivo a la justicia, la verdad y la reparaci\u00f3n de las v\u00edctimas de los delitos.\",\"breadcrumb\":{\"@id\":\"https:\/\/www.fiscalia.gov.co\/colombia\/noticias\/impactada-red-narcotraficante-senalada-de-camuflar-cocaina-y-marihuana-entre-maquinaria-electrica-e-industrial-para-enviarla-a-estados-unidos-y-mexico\/#breadcrumb\"},\"inLanguage\":\"es-CO\",\"potentialAction\":[{\"@type\":\"ReadAction\",\"target\":[\"https:\/\/www.fiscalia.gov.co\/colombia\/noticias\/impactada-red-narcotraficante-senalada-de-camuflar-cocaina-y-marihuana-entre-maquinaria-electrica-e-industrial-para-enviarla-a-estados-unidos-y-mexico\/\"]}]},{\"@type\":\"BreadcrumbList\",\"@id\":\"https:\/\/www.fiscalia.gov.co\/colombia\/noticias\/impactada-red-narcotraficante-senalada-de-camuflar-cocaina-y-marihuana-entre-maquinaria-electrica-e-industrial-para-enviarla-a-estados-unidos-y-mexico\/#breadcrumb\",\"itemListElement\":[{\"@type\":\"ListItem\",\"position\":1,\"name\":\"Home\",\"item\":\"https:\/\/www.fiscalia.gov.co\/colombia\/\"},{\"@type\":\"ListItem\",\"position\":2,\"name\":\"Impactada red narcotraficante se\u00f1alada de camuflar coca\u00edna y marihuana entre maquinaria el\u00e9ctrica e industrial para enviarla a Estados Unidos y M\u00e9xico\"}]},{\"@type\":\"WebSite\",\"@id\":\"https:\/\/www.fiscalia.gov.co\/colombia\/#website\",\"url\":\"https:\/\/www.fiscalia.gov.co\/colombia\/\",\"name\":\"Fiscal\u00eda General de la Naci\u00f3n\",\"description\":\"P\u00e1gina oficial de la Fiscal\u00eda General de la Naci\u00f3n \u2013 Colombia. Garantizamos el acceso efectivo a la justicia, la verdad y la reparaci\u00f3n de las v\u00edctimas de los delitos.\",\"publisher\":{\"@id\":\"https:\/\/www.fiscalia.gov.co\/colombia\/#organization\"},\"potentialAction\":[{\"@type\":\"SearchAction\",\"target\":{\"@type\":\"EntryPoint\",\"urlTemplate\":\"https:\/\/www.fiscalia.gov.co\/colombia\/?s={search_term_string}\"},\"query-input\":{\"@type\":\"PropertyValueSpecification\",\"valueRequired\":true,\"valueName\":\"search_term_string\"}}],\"inLanguage\":\"es-CO\"},{\"@type\":\"Organization\",\"@id\":\"https:\/\/www.fiscalia.gov.co\/colombia\/#organization\",\"name\":\"Fiscal\u00eda General de la Naci\u00f3n\",\"url\":\"https:\/\/www.fiscalia.gov.co\/colombia\/\",\"logo\":{\"@type\":\"ImageObject\",\"inLanguage\":\"es-CO\",\"@id\":\"https:\/\/www.fiscalia.gov.co\/colombia\/#\/schema\/logo\/image\/\",\"url\":\"https:\/\/www.fiscalia.gov.co\/colombia\/wp-content\/uploads\/LogoHorizontal_1.jpg\",\"contentUrl\":\"https:\/\/www.fiscalia.gov.co\/colombia\/wp-content\/uploads\/LogoHorizontal_1.jpg\",\"width\":300,\"height\":90,\"caption\":\"Fiscal\u00eda General de la Naci\u00f3n\"},\"image\":{\"@id\":\"https:\/\/www.fiscalia.gov.co\/colombia\/#\/schema\/logo\/image\/\"},\"sameAs\":[\"https:\/\/www.facebook.com\/FiscaliaCol\",\"https:\/\/x.com\/FiscaliaCol\",\"https:\/\/www.instagram.com\/fiscaliacol\",\"https:\/\/www.linkedin.com\/company\/fiscalia-general-de-la-naci-n\/\",\"https:\/\/youtube.com\/@fiscaliageneraldelanacion-4668?si=6nN79nyQICPU5iTh\"]},{\"@type\":\"Person\",\"@id\":\"https:\/\/www.fiscalia.gov.co\/colombia\/#\/schema\/person\/ba9eca435947489fb25117a0cd75bf3e\",\"name\":\"Johanna Islenny Prieto Pe\u00f1a\",\"image\":{\"@type\":\"ImageObject\",\"inLanguage\":\"es-CO\",\"@id\":\"https:\/\/www.fiscalia.gov.co\/colombia\/#\/schema\/person\/image\/\",\"url\":\"https:\/\/secure.gravatar.com\/avatar\/111433fc2acb037ffb768f6a3ca47864?s=96&d=mm&r=g\",\"contentUrl\":\"https:\/\/secure.gravatar.com\/avatar\/111433fc2acb037ffb768f6a3ca47864?s=96&d=mm&r=g\",\"caption\":\"Johanna Islenny Prieto Pe\u00f1a\"},\"url\":\"https:\/\/www.fiscalia.gov.co\/colombia\/author\/jprietop\/\"}]}<\/script>\n<!-- \/ Yoast SEO plugin. -->","yoast_head_json":{"title":"Fiscal\u00eda General de la Naci\u00f3n","description":"P\u00e1gina oficial de la Fiscal\u00eda General de la Naci\u00f3n \u2013 Colombia. Garantizamos el acceso efectivo a la justicia, la verdad y la reparaci\u00f3n de las v\u00edctimas de los delitos.","robots":{"index":"noindex","follow":"follow"},"og_locale":"es_ES","og_type":"article","og_title":"Fiscal\u00eda General de la Naci\u00f3n","og_description":"P\u00e1gina oficial de la Fiscal\u00eda General de la Naci\u00f3n \u2013 Colombia. Garantizamos el acceso efectivo a la justicia, la verdad y la reparaci\u00f3n de las v\u00edctimas de los delitos.","og_url":"https:\/\/www.fiscalia.gov.co\/colombia\/noticias\/impactada-red-narcotraficante-senalada-de-camuflar-cocaina-y-marihuana-entre-maquinaria-electrica-e-industrial-para-enviarla-a-estados-unidos-y-mexico\/","og_site_name":"Fiscal\u00eda General de la Naci\u00f3n","article_publisher":"https:\/\/www.facebook.com\/FiscaliaCol","article_published_time":"2024-11-22T12:17:29+00:00","article_modified_time":"2024-11-22T20:32:02+00:00","author":"Johanna Islenny Prieto Pe\u00f1a","twitter_card":"summary_large_image","twitter_creator":"@FiscaliaCol","twitter_site":"@FiscaliaCol","twitter_misc":{"Escrito por":"Johanna Islenny Prieto Pe\u00f1a","Tiempo de lectura":"2 minutos"},"schema":{"@context":"https:\/\/schema.org","@graph":[{"@type":"Article","@id":"https:\/\/www.fiscalia.gov.co\/colombia\/noticias\/impactada-red-narcotraficante-senalada-de-camuflar-cocaina-y-marihuana-entre-maquinaria-electrica-e-industrial-para-enviarla-a-estados-unidos-y-mexico\/#article","isPartOf":{"@id":"https:\/\/www.fiscalia.gov.co\/colombia\/noticias\/impactada-red-narcotraficante-senalada-de-camuflar-cocaina-y-marihuana-entre-maquinaria-electrica-e-industrial-para-enviarla-a-estados-unidos-y-mexico\/"},"author":{"name":"Johanna Islenny Prieto Pe\u00f1a","@id":"https:\/\/www.fiscalia.gov.co\/colombia\/#\/schema\/person\/ba9eca435947489fb25117a0cd75bf3e"},"headline":"Impactada red narcotraficante se\u00f1alada de camuflar coca\u00edna y marihuana entre maquinaria el\u00e9ctrica e industrial para enviarla a Estados Unidos y M\u00e9xico","datePublished":"2024-11-22T12:17:29+00:00","dateModified":"2024-11-22T20:32:02+00:00","mainEntityOfPage":{"@id":"https:\/\/www.fiscalia.gov.co\/colombia\/noticias\/impactada-red-narcotraficante-senalada-de-camuflar-cocaina-y-marihuana-entre-maquinaria-electrica-e-industrial-para-enviarla-a-estados-unidos-y-mexico\/"},"wordCount":534,"publisher":{"@id":"https:\/\/www.fiscalia.gov.co\/colombia\/#organization"},"keywords":["Fiscal","fiscal luz adreiana camargo","Fiscal\u00eda","Fiscal\u00eda General de la Naci\u00f3n"],"articleSection":["Narcotr\u00e1fico","Noticias"],"inLanguage":"es-CO"},{"@type":"WebPage","@id":"https:\/\/www.fiscalia.gov.co\/colombia\/noticias\/impactada-red-narcotraficante-senalada-de-camuflar-cocaina-y-marihuana-entre-maquinaria-electrica-e-industrial-para-enviarla-a-estados-unidos-y-mexico\/","url":"https:\/\/www.fiscalia.gov.co\/colombia\/noticias\/impactada-red-narcotraficante-senalada-de-camuflar-cocaina-y-marihuana-entre-maquinaria-electrica-e-industrial-para-enviarla-a-estados-unidos-y-mexico\/","name":"Fiscal\u00eda General de la Naci\u00f3n","isPartOf":{"@id":"https:\/\/www.fiscalia.gov.co\/colombia\/#website"},"datePublished":"2024-11-22T12:17:29+00:00","dateModified":"2024-11-22T20:32:02+00:00","description":"P\u00e1gina oficial de la Fiscal\u00eda General de la Naci\u00f3n \u2013 Colombia. Garantizamos el acceso efectivo a la justicia, la verdad y la reparaci\u00f3n de las v\u00edctimas de los delitos.","breadcrumb":{"@id":"https:\/\/www.fiscalia.gov.co\/colombia\/noticias\/impactada-red-narcotraficante-senalada-de-camuflar-cocaina-y-marihuana-entre-maquinaria-electrica-e-industrial-para-enviarla-a-estados-unidos-y-mexico\/#breadcrumb"},"inLanguage":"es-CO","potentialAction":[{"@type":"ReadAction","target":["https:\/\/www.fiscalia.gov.co\/colombia\/noticias\/impactada-red-narcotraficante-senalada-de-camuflar-cocaina-y-marihuana-entre-maquinaria-electrica-e-industrial-para-enviarla-a-estados-unidos-y-mexico\/"]}]},{"@type":"BreadcrumbList","@id":"https:\/\/www.fiscalia.gov.co\/colombia\/noticias\/impactada-red-narcotraficante-senalada-de-camuflar-cocaina-y-marihuana-entre-maquinaria-electrica-e-industrial-para-enviarla-a-estados-unidos-y-mexico\/#breadcrumb","itemListElement":[{"@type":"ListItem","position":1,"name":"Home","item":"https:\/\/www.fiscalia.gov.co\/colombia\/"},{"@type":"ListItem","position":2,"name":"Impactada red narcotraficante se\u00f1alada de camuflar coca\u00edna y marihuana entre maquinaria el\u00e9ctrica e industrial para enviarla a Estados Unidos y M\u00e9xico"}]},{"@type":"WebSite","@id":"https:\/\/www.fiscalia.gov.co\/colombia\/#website","url":"https:\/\/www.fiscalia.gov.co\/colombia\/","name":"Fiscal\u00eda General de la Naci\u00f3n","description":"P\u00e1gina oficial de la Fiscal\u00eda General de la Naci\u00f3n \u2013 Colombia. Garantizamos el acceso efectivo a la justicia, la verdad y la reparaci\u00f3n de las v\u00edctimas de los delitos.","publisher":{"@id":"https:\/\/www.fiscalia.gov.co\/colombia\/#organization"},"potentialAction":[{"@type":"SearchAction","target":{"@type":"EntryPoint","urlTemplate":"https:\/\/www.fiscalia.gov.co\/colombia\/?s={search_term_string}"},"query-input":{"@type":"PropertyValueSpecification","valueRequired":true,"valueName":"search_term_string"}}],"inLanguage":"es-CO"},{"@type":"Organization","@id":"https:\/\/www.fiscalia.gov.co\/colombia\/#organization","name":"Fiscal\u00eda General de la Naci\u00f3n","url":"https:\/\/www.fiscalia.gov.co\/colombia\/","logo":{"@type":"ImageObject","inLanguage":"es-CO","@id":"https:\/\/www.fiscalia.gov.co\/colombia\/#\/schema\/logo\/image\/","url":"https:\/\/www.fiscalia.gov.co\/colombia\/wp-content\/uploads\/LogoHorizontal_1.jpg","contentUrl":"https:\/\/www.fiscalia.gov.co\/colombia\/wp-content\/uploads\/LogoHorizontal_1.jpg","width":300,"height":90,"caption":"Fiscal\u00eda General de la Naci\u00f3n"},"image":{"@id":"https:\/\/www.fiscalia.gov.co\/colombia\/#\/schema\/logo\/image\/"},"sameAs":["https:\/\/www.facebook.com\/FiscaliaCol","https:\/\/x.com\/FiscaliaCol","https:\/\/www.instagram.com\/fiscaliacol","https:\/\/www.linkedin.com\/company\/fiscalia-general-de-la-naci-n\/","https:\/\/youtube.com\/@fiscaliageneraldelanacion-4668?si=6nN79nyQICPU5iTh"]},{"@type":"Person","@id":"https:\/\/www.fiscalia.gov.co\/colombia\/#\/schema\/person\/ba9eca435947489fb25117a0cd75bf3e","name":"Johanna Islenny Prieto Pe\u00f1a","image":{"@type":"ImageObject","inLanguage":"es-CO","@id":"https:\/\/www.fiscalia.gov.co\/colombia\/#\/schema\/person\/image\/","url":"https:\/\/secure.gravatar.com\/avatar\/111433fc2acb037ffb768f6a3ca47864?s=96&d=mm&r=g","contentUrl":"https:\/\/secure.gravatar.com\/avatar\/111433fc2acb037ffb768f6a3ca47864?s=96&d=mm&r=g","caption":"Johanna Islenny Prieto Pe\u00f1a"},"url":"https:\/\/www.fiscalia.gov.co\/colombia\/author\/jprietop\/"}]}},"_links":{"self":[{"href":"https:\/\/www.fiscalia.gov.co\/colombia\/wp-json\/wp\/v2\/posts\/306214","targetHints":{"allow":["GET"]}}],"collection":[{"href":"https:\/\/www.fiscalia.gov.co\/colombia\/wp-json\/wp\/v2\/posts"}],"about":[{"href":"https:\/\/www.fiscalia.gov.co\/colombia\/wp-json\/wp\/v2\/types\/post"}],"author":[{"embeddable":true,"href":"https:\/\/www.fiscalia.gov.co\/colombia\/wp-json\/wp\/v2\/users\/181"}],"replies":[{"embeddable":true,"href":"https:\/\/www.fiscalia.gov.co\/colombia\/wp-json\/wp\/v2\/comments?post=306214"}],"version-history":[{"count":3,"href":"https:\/\/www.fiscalia.gov.co\/colombia\/wp-json\/wp\/v2\/posts\/306214\/revisions"}],"predecessor-version":[{"id":306217,"href":"https:\/\/www.fiscalia.gov.co\/colombia\/wp-json\/wp\/v2\/posts\/306214\/revisions\/306217"}],"wp:attachment":[{"href":"https:\/\/www.fiscalia.gov.co\/colombia\/wp-json\/wp\/v2\/media?parent=306214"}],"wp:term":[{"taxonomy":"category","embeddable":true,"href":"https:\/\/www.fiscalia.gov.co\/colombia\/wp-json\/wp\/v2\/categories?post=306214"},{"taxonomy":"post_tag","embeddable":true,"href":"https:\/\/www.fiscalia.gov.co\/colombia\/wp-json\/wp\/v2\/tags?post=306214"}],"curies":[{"name":"wp","href":"https:\/\/api.w.org\/{rel}","templated":true}]}}