{"id":305923,"date":"2024-11-20T11:50:18","date_gmt":"2024-11-20T16:50:18","guid":{"rendered":"https:\/\/www.fiscalia.gov.co\/colombia\/?p=305923"},"modified":"2024-11-20T11:51:48","modified_gmt":"2024-11-20T16:51:48","slug":"fiscalia-en-huila-pone-fin-a-las-conductas-sexuales-y-agresiones-fisicas-que-presuntamente-cometio-un-hombre-contra-su-excompanera-sentimental","status":"publish","type":"post","link":"https:\/\/www.fiscalia.gov.co\/colombia\/noticias\/fiscalia-en-huila-pone-fin-a-las-conductas-sexuales-y-agresiones-fisicas-que-presuntamente-cometio-un-hombre-contra-su-excompanera-sentimental\/","title":{"rendered":"Fiscal\u00eda en Huila pone fin a las conductas sexuales y agresiones f\u00edsicas que presuntamente cometi\u00f3 un hombre contra su excompa\u00f1era sentimental"},"content":{"rendered":"<blockquote>\n<h4><em>Se cree que el investigado habr\u00eda grabado a su pareja con su celular, mientras la acced\u00eda sexualmente.<\/em><\/h4>\n<\/blockquote>\n<p>Por solicitud de la Fiscal\u00eda en Huila, un juez de control de garant\u00edas impuso medida de aseguramiento en centro carcelario contra un hombre, de 46 a\u00f1os, presunto responsable de los delitos de acceso carnal violento y lesiones personales dolosas.<\/p>\n<figure id=\"attachment_305924\" aria-describedby=\"caption-attachment-305924\" style=\"width: 300px\" class=\"wp-caption alignnone\"><img loading=\"lazy\" decoding=\"async\" class=\"size-medium wp-image-305924\" src=\"https:\/\/www.fiscalia.gov.co\/colombia\/wp-content\/uploads\/Caso-de-acceso-carnal-300x279.jpeg\" alt=\"El capturado se encuentra de frente y con el rostro cubierto y custodiado por un servidor del Cuerpo T\u00e9cnico de Investigaci\u00f3n CTI y de la Polic\u00eda Nacional.\" width=\"300\" height=\"279\" srcset=\"https:\/\/www.fiscalia.gov.co\/colombia\/wp-content\/uploads\/Caso-de-acceso-carnal-300x279.jpeg 300w, https:\/\/www.fiscalia.gov.co\/colombia\/wp-content\/uploads\/Caso-de-acceso-carnal-768x714.jpeg 768w, https:\/\/www.fiscalia.gov.co\/colombia\/wp-content\/uploads\/Caso-de-acceso-carnal-452x420.jpeg 452w, https:\/\/www.fiscalia.gov.co\/colombia\/wp-content\/uploads\/Caso-de-acceso-carnal-696x647.jpeg 696w, https:\/\/www.fiscalia.gov.co\/colombia\/wp-content\/uploads\/Caso-de-acceso-carnal.jpeg 968w\" sizes=\"auto, (max-width: 300px) 100vw, 300px\" \/><figcaption id=\"caption-attachment-305924\" class=\"wp-caption-text\">Al parecer, estas conductas fueron cometidas cuando el agresor estaba bajo los efectos del alcohol y sustancias alucin\u00f3genas.<\/figcaption><\/figure>\n<p>De acuerdo con la investigaci\u00f3n, durante octubre de 2021 y junio de 2024, este hombre, al parecer,\u00a0 someti\u00f3, en m\u00e1s de seis ocasiones, a <a href=\"https:\/\/www.fiscalia.gov.co\/colombia\/noticias\/fiscalia-asegura-a-presunto-abusador-sexual-senalado-de-acceder-de-una-menor-en-campoalegre-huila\/\" target=\"_blank\" rel=\"noopener\">conductas sexuales<\/a> y agresiones f\u00edsicas a su excompa\u00f1era sentimental.<\/p>\n<p>El hoy procesado habr\u00eda obligado a su c\u00f3nyuge, para la \u00e9poca de los hechos, a sostener relaciones sexuales en contra de su voluntad en una de las habitaciones de un inmueble ubicado en el barrio San Jorge II, sur de Neiva (Huila). Al parecer, estas conductas fueron cometidas cuando el agresor estaba bajo los efectos del alcohol y sustancias alucin\u00f3genas.<\/p>\n<p>Adem\u00e1s, se pudo establecer que, presuntamente, la maltrataba f\u00edsica, verbal y psicol\u00f3gicamente.<\/p>\n<p>Servidores del CTI, con apoyo de la Polic\u00eda Nacional, capturaron al presunto maltratador en una v\u00eda p\u00fablica del barrio El Centro, de Neiva. El procesado no acept\u00f3 los cargos en su contra.<\/p>\n<p>&nbsp;<\/p>\n<p>WAGG\/LMFO\/ANP\/JCFJ\/DSH<\/p>\n<p>&nbsp;<\/p>\n<p>&nbsp;<\/p>\n<p>&nbsp;<\/p>\n<p><i><span lang=\"ES\">La informaci\u00f3n contenida en este bolet\u00edn de prensa corresponde a la narraci\u00f3n de los hechos noticiosos objetivos, suministrados por los funcionarios encargados de adelantar las investigaciones penales al interior de la Fiscal\u00eda General de la Naci\u00f3n. Para el momento de la divulgaci\u00f3n de este comunicado, la situaci\u00f3n jur\u00eddica de la(s) persona(s) relacionada(s) se encuentra pendiente de resolver por la autoridad judicial competente, siempre bajo los preceptos de la presunci\u00f3n de inocencia, consagrados en el art\u00edculo 29 de la Constituci\u00f3n Pol\u00edtica y el art\u00edculo 7\u00ba de la Ley 906 de 2004.<\/span><\/i><span lang=\"ES\">\u00a0<b><\/b><b>\u00a0<\/b>\u00a0 \u00a0<\/span><\/p>\n<p>&nbsp;<\/p>\n<p>&nbsp;<\/p>\n<p>&nbsp;<\/p>\n\n<div class=\"twitter-share\"><a href=\"https:\/\/twitter.com\/intent\/tweet?via=fiscaliacol\" class=\"twitter-share-button\">Tweet<\/a><\/div>\n","protected":false},"excerpt":{"rendered":"<p>Se cree que el investigado habr\u00eda grabado a su pareja con su celular, mientras la acced\u00eda sexualmente. Por solicitud de la Fiscal\u00eda en Huila, un juez de control de garant\u00edas impuso medida de aseguramiento en centro carcelario contra un hombre, de 46 a\u00f1os, presunto responsable de los delitos de acceso carnal violento y lesiones personales [&hellip;]<\/p>\n","protected":false},"author":181,"featured_media":0,"comment_status":"closed","ping_status":"open","sticky":false,"template":"","format":"standard","meta":{"tdm_status":"","tdm_grid_status":"","footnotes":""},"categories":[1],"tags":[801,366,25862,1047,16,1684,23833,30767,24485,36320,1176],"class_list":{"0":"post-305923","1":"post","2":"type-post","3":"status-publish","4":"format-standard","6":"category-noticias","7":"tag-abuso-sexual","8":"tag-acceso-carnal","9":"tag-agresiones-fisicas","10":"tag-fiscalia-general-de-la-nacion","11":"tag-huila","12":"tag-lesiones-personales","13":"tag-neiva","14":"tag-psicologicas","15":"tag-seccional-huila","16":"tag-verbales","17":"tag-violencia-de-genero"},"yoast_head":"<!-- This site is optimized with the Yoast SEO plugin v24.3 - https:\/\/yoast.com\/wordpress\/plugins\/seo\/ -->\n<title>Fiscal\u00eda General de la Naci\u00f3n<\/title>\n<meta name=\"description\" content=\"P\u00e1gina oficial de la Fiscal\u00eda General de la Naci\u00f3n \u2013 Colombia. Garantizamos el acceso efectivo a la justicia, la verdad y la reparaci\u00f3n de las v\u00edctimas de los delitos.\" \/>\n<meta name=\"robots\" content=\"noindex, follow\" \/>\n<meta property=\"og:locale\" content=\"es_ES\" \/>\n<meta property=\"og:type\" content=\"article\" \/>\n<meta property=\"og:title\" content=\"Fiscal\u00eda General de la Naci\u00f3n\" \/>\n<meta property=\"og:description\" content=\"P\u00e1gina oficial de la Fiscal\u00eda General de la Naci\u00f3n \u2013 Colombia. Garantizamos el acceso efectivo a la justicia, la verdad y la reparaci\u00f3n de las v\u00edctimas de los delitos.\" \/>\n<meta property=\"og:url\" content=\"https:\/\/www.fiscalia.gov.co\/colombia\/noticias\/fiscalia-en-huila-pone-fin-a-las-conductas-sexuales-y-agresiones-fisicas-que-presuntamente-cometio-un-hombre-contra-su-excompanera-sentimental\/\" \/>\n<meta property=\"og:site_name\" content=\"Fiscal\u00eda General de la Naci\u00f3n\" \/>\n<meta property=\"article:publisher\" content=\"https:\/\/www.facebook.com\/FiscaliaCol\" \/>\n<meta property=\"article:published_time\" content=\"2024-11-20T16:50:18+00:00\" \/>\n<meta property=\"article:modified_time\" content=\"2024-11-20T16:51:48+00:00\" \/>\n<meta property=\"og:image\" content=\"https:\/\/www.fiscalia.gov.co\/colombia\/wp-content\/uploads\/Caso-de-acceso-carnal.jpeg\" \/>\n\t<meta property=\"og:image:width\" content=\"968\" \/>\n\t<meta property=\"og:image:height\" content=\"900\" \/>\n\t<meta property=\"og:image:type\" content=\"image\/jpeg\" \/>\n<meta name=\"author\" content=\"Johanna Islenny Prieto Pe\u00f1a\" \/>\n<meta name=\"twitter:card\" content=\"summary_large_image\" \/>\n<meta name=\"twitter:creator\" content=\"@FiscaliaCol\" \/>\n<meta name=\"twitter:site\" content=\"@FiscaliaCol\" \/>\n<meta name=\"twitter:label1\" content=\"Escrito por\" \/>\n\t<meta name=\"twitter:data1\" content=\"Johanna Islenny Prieto Pe\u00f1a\" \/>\n\t<meta name=\"twitter:label2\" content=\"Tiempo de lectura\" \/>\n\t<meta name=\"twitter:data2\" content=\"2 minutos\" \/>\n<script type=\"application\/ld+json\" class=\"yoast-schema-graph\">{\"@context\":\"https:\/\/schema.org\",\"@graph\":[{\"@type\":\"Article\",\"@id\":\"https:\/\/www.fiscalia.gov.co\/colombia\/noticias\/fiscalia-en-huila-pone-fin-a-las-conductas-sexuales-y-agresiones-fisicas-que-presuntamente-cometio-un-hombre-contra-su-excompanera-sentimental\/#article\",\"isPartOf\":{\"@id\":\"https:\/\/www.fiscalia.gov.co\/colombia\/noticias\/fiscalia-en-huila-pone-fin-a-las-conductas-sexuales-y-agresiones-fisicas-que-presuntamente-cometio-un-hombre-contra-su-excompanera-sentimental\/\"},\"author\":{\"name\":\"Johanna Islenny Prieto Pe\u00f1a\",\"@id\":\"https:\/\/www.fiscalia.gov.co\/colombia\/#\/schema\/person\/ba9eca435947489fb25117a0cd75bf3e\"},\"headline\":\"Fiscal\u00eda en Huila pone fin a las conductas sexuales y agresiones f\u00edsicas que presuntamente cometi\u00f3 un hombre contra su excompa\u00f1era sentimental\",\"datePublished\":\"2024-11-20T16:50:18+00:00\",\"dateModified\":\"2024-11-20T16:51:48+00:00\",\"mainEntityOfPage\":{\"@id\":\"https:\/\/www.fiscalia.gov.co\/colombia\/noticias\/fiscalia-en-huila-pone-fin-a-las-conductas-sexuales-y-agresiones-fisicas-que-presuntamente-cometio-un-hombre-contra-su-excompanera-sentimental\/\"},\"wordCount\":372,\"publisher\":{\"@id\":\"https:\/\/www.fiscalia.gov.co\/colombia\/#organization\"},\"image\":{\"@id\":\"https:\/\/www.fiscalia.gov.co\/colombia\/noticias\/fiscalia-en-huila-pone-fin-a-las-conductas-sexuales-y-agresiones-fisicas-que-presuntamente-cometio-un-hombre-contra-su-excompanera-sentimental\/#primaryimage\"},\"thumbnailUrl\":\"https:\/\/www.fiscalia.gov.co\/colombia\/wp-content\/uploads\/Caso-de-acceso-carnal-300x279.jpeg\",\"keywords\":[\"Abuso sexual\",\"Acceso carnal\",\"agresiones f\u00edsicas\",\"Fiscal\u00eda General de la Naci\u00f3n\",\"Huila\",\"Lesiones personales\",\"Neiva\",\"psicol\u00f3gicas\",\"Seccional Huila\",\"verbales\",\"Violencia de g\u00e9nero\"],\"articleSection\":[\"Noticias\"],\"inLanguage\":\"es-CO\"},{\"@type\":\"WebPage\",\"@id\":\"https:\/\/www.fiscalia.gov.co\/colombia\/noticias\/fiscalia-en-huila-pone-fin-a-las-conductas-sexuales-y-agresiones-fisicas-que-presuntamente-cometio-un-hombre-contra-su-excompanera-sentimental\/\",\"url\":\"https:\/\/www.fiscalia.gov.co\/colombia\/noticias\/fiscalia-en-huila-pone-fin-a-las-conductas-sexuales-y-agresiones-fisicas-que-presuntamente-cometio-un-hombre-contra-su-excompanera-sentimental\/\",\"name\":\"Fiscal\u00eda General de la Naci\u00f3n\",\"isPartOf\":{\"@id\":\"https:\/\/www.fiscalia.gov.co\/colombia\/#website\"},\"primaryImageOfPage\":{\"@id\":\"https:\/\/www.fiscalia.gov.co\/colombia\/noticias\/fiscalia-en-huila-pone-fin-a-las-conductas-sexuales-y-agresiones-fisicas-que-presuntamente-cometio-un-hombre-contra-su-excompanera-sentimental\/#primaryimage\"},\"image\":{\"@id\":\"https:\/\/www.fiscalia.gov.co\/colombia\/noticias\/fiscalia-en-huila-pone-fin-a-las-conductas-sexuales-y-agresiones-fisicas-que-presuntamente-cometio-un-hombre-contra-su-excompanera-sentimental\/#primaryimage\"},\"thumbnailUrl\":\"https:\/\/www.fiscalia.gov.co\/colombia\/wp-content\/uploads\/Caso-de-acceso-carnal-300x279.jpeg\",\"datePublished\":\"2024-11-20T16:50:18+00:00\",\"dateModified\":\"2024-11-20T16:51:48+00:00\",\"description\":\"P\u00e1gina oficial de la Fiscal\u00eda General de la Naci\u00f3n \u2013 Colombia. Garantizamos el acceso efectivo a la justicia, la verdad y la reparaci\u00f3n de las v\u00edctimas de los delitos.\",\"breadcrumb\":{\"@id\":\"https:\/\/www.fiscalia.gov.co\/colombia\/noticias\/fiscalia-en-huila-pone-fin-a-las-conductas-sexuales-y-agresiones-fisicas-que-presuntamente-cometio-un-hombre-contra-su-excompanera-sentimental\/#breadcrumb\"},\"inLanguage\":\"es-CO\",\"potentialAction\":[{\"@type\":\"ReadAction\",\"target\":[\"https:\/\/www.fiscalia.gov.co\/colombia\/noticias\/fiscalia-en-huila-pone-fin-a-las-conductas-sexuales-y-agresiones-fisicas-que-presuntamente-cometio-un-hombre-contra-su-excompanera-sentimental\/\"]}]},{\"@type\":\"ImageObject\",\"inLanguage\":\"es-CO\",\"@id\":\"https:\/\/www.fiscalia.gov.co\/colombia\/noticias\/fiscalia-en-huila-pone-fin-a-las-conductas-sexuales-y-agresiones-fisicas-que-presuntamente-cometio-un-hombre-contra-su-excompanera-sentimental\/#primaryimage\",\"url\":\"https:\/\/www.fiscalia.gov.co\/colombia\/wp-content\/uploads\/Caso-de-acceso-carnal.jpeg\",\"contentUrl\":\"https:\/\/www.fiscalia.gov.co\/colombia\/wp-content\/uploads\/Caso-de-acceso-carnal.jpeg\",\"width\":968,\"height\":900,\"caption\":\"Al parecer, estas conductas fueron cometidas cuando el agresor estaba bajo los efectos del alcohol y sustancias alucin\u00f3genas.\"},{\"@type\":\"BreadcrumbList\",\"@id\":\"https:\/\/www.fiscalia.gov.co\/colombia\/noticias\/fiscalia-en-huila-pone-fin-a-las-conductas-sexuales-y-agresiones-fisicas-que-presuntamente-cometio-un-hombre-contra-su-excompanera-sentimental\/#breadcrumb\",\"itemListElement\":[{\"@type\":\"ListItem\",\"position\":1,\"name\":\"Home\",\"item\":\"https:\/\/www.fiscalia.gov.co\/colombia\/\"},{\"@type\":\"ListItem\",\"position\":2,\"name\":\"Fiscal\u00eda en Huila pone fin a las conductas sexuales y agresiones f\u00edsicas que presuntamente cometi\u00f3 un hombre contra su excompa\u00f1era sentimental\"}]},{\"@type\":\"WebSite\",\"@id\":\"https:\/\/www.fiscalia.gov.co\/colombia\/#website\",\"url\":\"https:\/\/www.fiscalia.gov.co\/colombia\/\",\"name\":\"Fiscal\u00eda General de la Naci\u00f3n\",\"description\":\"P\u00e1gina oficial de la Fiscal\u00eda General de la Naci\u00f3n \u2013 Colombia. Garantizamos el acceso efectivo a la justicia, la verdad y la reparaci\u00f3n de las v\u00edctimas de los delitos.\",\"publisher\":{\"@id\":\"https:\/\/www.fiscalia.gov.co\/colombia\/#organization\"},\"potentialAction\":[{\"@type\":\"SearchAction\",\"target\":{\"@type\":\"EntryPoint\",\"urlTemplate\":\"https:\/\/www.fiscalia.gov.co\/colombia\/?s={search_term_string}\"},\"query-input\":{\"@type\":\"PropertyValueSpecification\",\"valueRequired\":true,\"valueName\":\"search_term_string\"}}],\"inLanguage\":\"es-CO\"},{\"@type\":\"Organization\",\"@id\":\"https:\/\/www.fiscalia.gov.co\/colombia\/#organization\",\"name\":\"Fiscal\u00eda General de la Naci\u00f3n\",\"url\":\"https:\/\/www.fiscalia.gov.co\/colombia\/\",\"logo\":{\"@type\":\"ImageObject\",\"inLanguage\":\"es-CO\",\"@id\":\"https:\/\/www.fiscalia.gov.co\/colombia\/#\/schema\/logo\/image\/\",\"url\":\"https:\/\/www.fiscalia.gov.co\/colombia\/wp-content\/uploads\/LogoHorizontal_1.jpg\",\"contentUrl\":\"https:\/\/www.fiscalia.gov.co\/colombia\/wp-content\/uploads\/LogoHorizontal_1.jpg\",\"width\":300,\"height\":90,\"caption\":\"Fiscal\u00eda General de la Naci\u00f3n\"},\"image\":{\"@id\":\"https:\/\/www.fiscalia.gov.co\/colombia\/#\/schema\/logo\/image\/\"},\"sameAs\":[\"https:\/\/www.facebook.com\/FiscaliaCol\",\"https:\/\/x.com\/FiscaliaCol\",\"https:\/\/www.instagram.com\/fiscaliacol\",\"https:\/\/www.linkedin.com\/company\/fiscalia-general-de-la-naci-n\/\",\"https:\/\/youtube.com\/@fiscaliageneraldelanacion-4668?si=6nN79nyQICPU5iTh\"]},{\"@type\":\"Person\",\"@id\":\"https:\/\/www.fiscalia.gov.co\/colombia\/#\/schema\/person\/ba9eca435947489fb25117a0cd75bf3e\",\"name\":\"Johanna Islenny Prieto Pe\u00f1a\",\"image\":{\"@type\":\"ImageObject\",\"inLanguage\":\"es-CO\",\"@id\":\"https:\/\/www.fiscalia.gov.co\/colombia\/#\/schema\/person\/image\/\",\"url\":\"https:\/\/secure.gravatar.com\/avatar\/111433fc2acb037ffb768f6a3ca47864?s=96&d=mm&r=g\",\"contentUrl\":\"https:\/\/secure.gravatar.com\/avatar\/111433fc2acb037ffb768f6a3ca47864?s=96&d=mm&r=g\",\"caption\":\"Johanna Islenny Prieto Pe\u00f1a\"},\"url\":\"https:\/\/www.fiscalia.gov.co\/colombia\/author\/jprietop\/\"}]}<\/script>\n<!-- \/ Yoast SEO plugin. -->","yoast_head_json":{"title":"Fiscal\u00eda General de la Naci\u00f3n","description":"P\u00e1gina oficial de la Fiscal\u00eda General de la Naci\u00f3n \u2013 Colombia. Garantizamos el acceso efectivo a la justicia, la verdad y la reparaci\u00f3n de las v\u00edctimas de los delitos.","robots":{"index":"noindex","follow":"follow"},"og_locale":"es_ES","og_type":"article","og_title":"Fiscal\u00eda General de la Naci\u00f3n","og_description":"P\u00e1gina oficial de la Fiscal\u00eda General de la Naci\u00f3n \u2013 Colombia. Garantizamos el acceso efectivo a la justicia, la verdad y la reparaci\u00f3n de las v\u00edctimas de los delitos.","og_url":"https:\/\/www.fiscalia.gov.co\/colombia\/noticias\/fiscalia-en-huila-pone-fin-a-las-conductas-sexuales-y-agresiones-fisicas-que-presuntamente-cometio-un-hombre-contra-su-excompanera-sentimental\/","og_site_name":"Fiscal\u00eda General de la Naci\u00f3n","article_publisher":"https:\/\/www.facebook.com\/FiscaliaCol","article_published_time":"2024-11-20T16:50:18+00:00","article_modified_time":"2024-11-20T16:51:48+00:00","og_image":[{"width":968,"height":900,"url":"https:\/\/www.fiscalia.gov.co\/colombia\/wp-content\/uploads\/Caso-de-acceso-carnal.jpeg","type":"image\/jpeg"}],"author":"Johanna Islenny Prieto Pe\u00f1a","twitter_card":"summary_large_image","twitter_creator":"@FiscaliaCol","twitter_site":"@FiscaliaCol","twitter_misc":{"Escrito por":"Johanna Islenny Prieto Pe\u00f1a","Tiempo de lectura":"2 minutos"},"schema":{"@context":"https:\/\/schema.org","@graph":[{"@type":"Article","@id":"https:\/\/www.fiscalia.gov.co\/colombia\/noticias\/fiscalia-en-huila-pone-fin-a-las-conductas-sexuales-y-agresiones-fisicas-que-presuntamente-cometio-un-hombre-contra-su-excompanera-sentimental\/#article","isPartOf":{"@id":"https:\/\/www.fiscalia.gov.co\/colombia\/noticias\/fiscalia-en-huila-pone-fin-a-las-conductas-sexuales-y-agresiones-fisicas-que-presuntamente-cometio-un-hombre-contra-su-excompanera-sentimental\/"},"author":{"name":"Johanna Islenny Prieto Pe\u00f1a","@id":"https:\/\/www.fiscalia.gov.co\/colombia\/#\/schema\/person\/ba9eca435947489fb25117a0cd75bf3e"},"headline":"Fiscal\u00eda en Huila pone fin a las conductas sexuales y agresiones f\u00edsicas que presuntamente cometi\u00f3 un hombre contra su excompa\u00f1era sentimental","datePublished":"2024-11-20T16:50:18+00:00","dateModified":"2024-11-20T16:51:48+00:00","mainEntityOfPage":{"@id":"https:\/\/www.fiscalia.gov.co\/colombia\/noticias\/fiscalia-en-huila-pone-fin-a-las-conductas-sexuales-y-agresiones-fisicas-que-presuntamente-cometio-un-hombre-contra-su-excompanera-sentimental\/"},"wordCount":372,"publisher":{"@id":"https:\/\/www.fiscalia.gov.co\/colombia\/#organization"},"image":{"@id":"https:\/\/www.fiscalia.gov.co\/colombia\/noticias\/fiscalia-en-huila-pone-fin-a-las-conductas-sexuales-y-agresiones-fisicas-que-presuntamente-cometio-un-hombre-contra-su-excompanera-sentimental\/#primaryimage"},"thumbnailUrl":"https:\/\/www.fiscalia.gov.co\/colombia\/wp-content\/uploads\/Caso-de-acceso-carnal-300x279.jpeg","keywords":["Abuso sexual","Acceso carnal","agresiones f\u00edsicas","Fiscal\u00eda General de la Naci\u00f3n","Huila","Lesiones personales","Neiva","psicol\u00f3gicas","Seccional Huila","verbales","Violencia de g\u00e9nero"],"articleSection":["Noticias"],"inLanguage":"es-CO"},{"@type":"WebPage","@id":"https:\/\/www.fiscalia.gov.co\/colombia\/noticias\/fiscalia-en-huila-pone-fin-a-las-conductas-sexuales-y-agresiones-fisicas-que-presuntamente-cometio-un-hombre-contra-su-excompanera-sentimental\/","url":"https:\/\/www.fiscalia.gov.co\/colombia\/noticias\/fiscalia-en-huila-pone-fin-a-las-conductas-sexuales-y-agresiones-fisicas-que-presuntamente-cometio-un-hombre-contra-su-excompanera-sentimental\/","name":"Fiscal\u00eda General de la Naci\u00f3n","isPartOf":{"@id":"https:\/\/www.fiscalia.gov.co\/colombia\/#website"},"primaryImageOfPage":{"@id":"https:\/\/www.fiscalia.gov.co\/colombia\/noticias\/fiscalia-en-huila-pone-fin-a-las-conductas-sexuales-y-agresiones-fisicas-que-presuntamente-cometio-un-hombre-contra-su-excompanera-sentimental\/#primaryimage"},"image":{"@id":"https:\/\/www.fiscalia.gov.co\/colombia\/noticias\/fiscalia-en-huila-pone-fin-a-las-conductas-sexuales-y-agresiones-fisicas-que-presuntamente-cometio-un-hombre-contra-su-excompanera-sentimental\/#primaryimage"},"thumbnailUrl":"https:\/\/www.fiscalia.gov.co\/colombia\/wp-content\/uploads\/Caso-de-acceso-carnal-300x279.jpeg","datePublished":"2024-11-20T16:50:18+00:00","dateModified":"2024-11-20T16:51:48+00:00","description":"P\u00e1gina oficial de la Fiscal\u00eda General de la Naci\u00f3n \u2013 Colombia. Garantizamos el acceso efectivo a la justicia, la verdad y la reparaci\u00f3n de las v\u00edctimas de los delitos.","breadcrumb":{"@id":"https:\/\/www.fiscalia.gov.co\/colombia\/noticias\/fiscalia-en-huila-pone-fin-a-las-conductas-sexuales-y-agresiones-fisicas-que-presuntamente-cometio-un-hombre-contra-su-excompanera-sentimental\/#breadcrumb"},"inLanguage":"es-CO","potentialAction":[{"@type":"ReadAction","target":["https:\/\/www.fiscalia.gov.co\/colombia\/noticias\/fiscalia-en-huila-pone-fin-a-las-conductas-sexuales-y-agresiones-fisicas-que-presuntamente-cometio-un-hombre-contra-su-excompanera-sentimental\/"]}]},{"@type":"ImageObject","inLanguage":"es-CO","@id":"https:\/\/www.fiscalia.gov.co\/colombia\/noticias\/fiscalia-en-huila-pone-fin-a-las-conductas-sexuales-y-agresiones-fisicas-que-presuntamente-cometio-un-hombre-contra-su-excompanera-sentimental\/#primaryimage","url":"https:\/\/www.fiscalia.gov.co\/colombia\/wp-content\/uploads\/Caso-de-acceso-carnal.jpeg","contentUrl":"https:\/\/www.fiscalia.gov.co\/colombia\/wp-content\/uploads\/Caso-de-acceso-carnal.jpeg","width":968,"height":900,"caption":"Al parecer, estas conductas fueron cometidas cuando el agresor estaba bajo los efectos del alcohol y sustancias alucin\u00f3genas."},{"@type":"BreadcrumbList","@id":"https:\/\/www.fiscalia.gov.co\/colombia\/noticias\/fiscalia-en-huila-pone-fin-a-las-conductas-sexuales-y-agresiones-fisicas-que-presuntamente-cometio-un-hombre-contra-su-excompanera-sentimental\/#breadcrumb","itemListElement":[{"@type":"ListItem","position":1,"name":"Home","item":"https:\/\/www.fiscalia.gov.co\/colombia\/"},{"@type":"ListItem","position":2,"name":"Fiscal\u00eda en Huila pone fin a las conductas sexuales y agresiones f\u00edsicas que presuntamente cometi\u00f3 un hombre contra su excompa\u00f1era sentimental"}]},{"@type":"WebSite","@id":"https:\/\/www.fiscalia.gov.co\/colombia\/#website","url":"https:\/\/www.fiscalia.gov.co\/colombia\/","name":"Fiscal\u00eda General de la Naci\u00f3n","description":"P\u00e1gina oficial de la Fiscal\u00eda General de la Naci\u00f3n \u2013 Colombia. Garantizamos el acceso efectivo a la justicia, la verdad y la reparaci\u00f3n de las v\u00edctimas de los delitos.","publisher":{"@id":"https:\/\/www.fiscalia.gov.co\/colombia\/#organization"},"potentialAction":[{"@type":"SearchAction","target":{"@type":"EntryPoint","urlTemplate":"https:\/\/www.fiscalia.gov.co\/colombia\/?s={search_term_string}"},"query-input":{"@type":"PropertyValueSpecification","valueRequired":true,"valueName":"search_term_string"}}],"inLanguage":"es-CO"},{"@type":"Organization","@id":"https:\/\/www.fiscalia.gov.co\/colombia\/#organization","name":"Fiscal\u00eda General de la Naci\u00f3n","url":"https:\/\/www.fiscalia.gov.co\/colombia\/","logo":{"@type":"ImageObject","inLanguage":"es-CO","@id":"https:\/\/www.fiscalia.gov.co\/colombia\/#\/schema\/logo\/image\/","url":"https:\/\/www.fiscalia.gov.co\/colombia\/wp-content\/uploads\/LogoHorizontal_1.jpg","contentUrl":"https:\/\/www.fiscalia.gov.co\/colombia\/wp-content\/uploads\/LogoHorizontal_1.jpg","width":300,"height":90,"caption":"Fiscal\u00eda General de la Naci\u00f3n"},"image":{"@id":"https:\/\/www.fiscalia.gov.co\/colombia\/#\/schema\/logo\/image\/"},"sameAs":["https:\/\/www.facebook.com\/FiscaliaCol","https:\/\/x.com\/FiscaliaCol","https:\/\/www.instagram.com\/fiscaliacol","https:\/\/www.linkedin.com\/company\/fiscalia-general-de-la-naci-n\/","https:\/\/youtube.com\/@fiscaliageneraldelanacion-4668?si=6nN79nyQICPU5iTh"]},{"@type":"Person","@id":"https:\/\/www.fiscalia.gov.co\/colombia\/#\/schema\/person\/ba9eca435947489fb25117a0cd75bf3e","name":"Johanna Islenny Prieto Pe\u00f1a","image":{"@type":"ImageObject","inLanguage":"es-CO","@id":"https:\/\/www.fiscalia.gov.co\/colombia\/#\/schema\/person\/image\/","url":"https:\/\/secure.gravatar.com\/avatar\/111433fc2acb037ffb768f6a3ca47864?s=96&d=mm&r=g","contentUrl":"https:\/\/secure.gravatar.com\/avatar\/111433fc2acb037ffb768f6a3ca47864?s=96&d=mm&r=g","caption":"Johanna Islenny Prieto Pe\u00f1a"},"url":"https:\/\/www.fiscalia.gov.co\/colombia\/author\/jprietop\/"}]}},"_links":{"self":[{"href":"https:\/\/www.fiscalia.gov.co\/colombia\/wp-json\/wp\/v2\/posts\/305923","targetHints":{"allow":["GET"]}}],"collection":[{"href":"https:\/\/www.fiscalia.gov.co\/colombia\/wp-json\/wp\/v2\/posts"}],"about":[{"href":"https:\/\/www.fiscalia.gov.co\/colombia\/wp-json\/wp\/v2\/types\/post"}],"author":[{"embeddable":true,"href":"https:\/\/www.fiscalia.gov.co\/colombia\/wp-json\/wp\/v2\/users\/181"}],"replies":[{"embeddable":true,"href":"https:\/\/www.fiscalia.gov.co\/colombia\/wp-json\/wp\/v2\/comments?post=305923"}],"version-history":[{"count":2,"href":"https:\/\/www.fiscalia.gov.co\/colombia\/wp-json\/wp\/v2\/posts\/305923\/revisions"}],"predecessor-version":[{"id":305952,"href":"https:\/\/www.fiscalia.gov.co\/colombia\/wp-json\/wp\/v2\/posts\/305923\/revisions\/305952"}],"wp:attachment":[{"href":"https:\/\/www.fiscalia.gov.co\/colombia\/wp-json\/wp\/v2\/media?parent=305923"}],"wp:term":[{"taxonomy":"category","embeddable":true,"href":"https:\/\/www.fiscalia.gov.co\/colombia\/wp-json\/wp\/v2\/categories?post=305923"},{"taxonomy":"post_tag","embeddable":true,"href":"https:\/\/www.fiscalia.gov.co\/colombia\/wp-json\/wp\/v2\/tags?post=305923"}],"curies":[{"name":"wp","href":"https:\/\/api.w.org\/{rel}","templated":true}]}}