{"id":305468,"date":"2024-05-29T09:30:43","date_gmt":"2024-05-29T14:30:43","guid":{"rendered":"https:\/\/www.fiscalia.gov.co\/colombia\/?p=305468"},"modified":"2025-06-06T11:23:23","modified_gmt":"2025-06-06T16:23:23","slug":"fiscalia-para-ninos-ninas-y-adolescentes","status":"publish","type":"post","link":"https:\/\/www.fiscalia.gov.co\/colombia\/fiscalia-mas-cerca\/fiscalia-para-ninos-ninas-y-adolescentes\/","title":{"rendered":"Fiscal\u00eda para ni\u00f1os, ni\u00f1as y adolescentes"},"content":{"rendered":"<p><iframe loading=\"lazy\" style=\"border: none; overflow: hidden;\" src=\"https:\/\/www.facebook.com\/plugins\/video.php?height=314&amp;href=https%3A%2F%2Fweb.facebook.com%2FFiscaliaCol%2Fvideos%2F770868755250423%2F&amp;show_text=false&amp;width=560&amp;t=0\" width=\"560\" height=\"314\" frameborder=\"0\" scrolling=\"no\" allowfullscreen=\"allowfullscreen\"><\/iframe><\/p>\n<p>La <strong>Fiscal\u00eda General de la Naci\u00f3n<\/strong> tiene en su p\u00e1gina web un <a href=\"https:\/\/www.fiscalia.gov.co\/colombia\/fiscalia-para-ninos-ninas-y-adolescentes\/\" target=\"_blank\" rel=\"noopener\">sitio especial para <strong>ni\u00f1os, ni\u00f1as y adolescentes.<\/strong><\/a><\/p>\n<p>Se trata <a href=\"https:\/\/www.instagram.com\/reel\/C7koYZXgSIm\/?utm_source=ig_web_copy_link&amp;igsh=MzRlODBiNWFlZA==\" target=\"_blank\" rel=\"noopener\"><strong>\u2018Tito, el tit\u00ed\u2019<\/strong><\/a>, un espacio al que puedes acceder a trav\u00e9s de <strong><a href=\"http:\/\/www.fiscalia.gov.co\" target=\"_blank\" rel=\"noopener\">www.fiscalia.gov.co<\/a><\/strong>.<\/p>\n<p>Aqu\u00ed, mediante juegos, lecturas y videos animados, los <strong>ni\u00f1os, ni\u00f1as y adolescentes<\/strong> pueden conocer sus derechos, tener claridad sobre las funciones de la Fiscal\u00eda, aprender a interponer una denuncia, entender qu\u00e9 es delito e identificar factores de riesgo en casos de <strong>abuso sexual<\/strong>, <strong>discriminaci\u00f3n<\/strong>, <strong>violencia escolar<\/strong> y <strong>violencia intrafamiliar.<\/strong><\/p>\n<p>\u201cA Tito le gusta jugar con los hermanos Viborales. Cuando ellos llegan solo hay risa y diversi\u00f3n. Hoy, tambi\u00e9n viene uno de sus primos a la celebraci\u00f3n.<\/p>\n<p>Es un primo mucho mayor que Tito. \u00c9l conoce juegos nuevos. Pero no es jugar al bal\u00f3n, les dijo que ya era hora de jugar cosas grandes. Eso s\u00ed, el secreto deb\u00eda guardar.<\/p>\n<p>Tito acepta con temor, pero siente que lo que pasa est\u00e1 fuera de su control (\u2026) El juego del primo Viborales s\u00f3lo le causaba terror\u201d.<\/p>\n<p>Este es un fragmento del cuento \u2018<a href=\"https:\/\/vm.tiktok.com\/ZMh7Lfaxx\/\" target=\"_blank\" rel=\"noopener\">Las aventuras de Tito el Tit\u00ed\u2019<\/a>, que alerta a los ni\u00f1os, ni\u00f1as y adolescentes sobre la importancia de no callar y les brinda una orientaci\u00f3n para detectar a un posible victimario.<\/p>\n<p>Visita al \u2018<strong>Tito el Tit\u00ed<\/strong>\u2019, ingresa con tus hijos y ens\u00e9\u00f1ales que su voz y sus derechos, cuentan.<\/p>\n\n<div class=\"twitter-share\"><a href=\"https:\/\/twitter.com\/intent\/tweet?via=fiscaliacol\" class=\"twitter-share-button\">Tweet<\/a><\/div>\n","protected":false},"excerpt":{"rendered":"<p>La Fiscal\u00eda General de la Naci\u00f3n tiene en su p\u00e1gina web un sitio especial para ni\u00f1os, ni\u00f1as y adolescentes. Se trata \u2018Tito, el tit\u00ed\u2019, un espacio al que puedes acceder a trav\u00e9s de www.fiscalia.gov.co. Aqu\u00ed, mediante juegos, lecturas y videos animados, los ni\u00f1os, ni\u00f1as y adolescentes pueden conocer sus derechos, tener claridad sobre las funciones [&hellip;]<\/p>\n","protected":false},"author":173,"featured_media":305469,"comment_status":"closed","ping_status":"open","sticky":false,"template":"","format":"video","meta":{"tdm_status":"","tdm_grid_status":"","footnotes":""},"categories":[39217],"tags":[801,24774,9417,37492,1047,24531,1408,39450,39451,682],"class_list":{"0":"post-305468","1":"post","2":"type-post","3":"status-publish","4":"format-video","5":"has-post-thumbnail","7":"category-fiscalia-mas-cerca","8":"tag-abuso-sexual","9":"tag-adolescentes","10":"tag-discriminacion","11":"tag-fiscal-luz-adriana-camargo","12":"tag-fiscalia-general-de-la-nacion","13":"tag-ninas","14":"tag-ninos","15":"tag-tito-el-titi","16":"tag-violencia-escolar","17":"tag-violencia-intrafamiliar","18":"post_format-post-format-video"},"yoast_head":"<!-- This site is optimized with the Yoast SEO plugin v24.3 - https:\/\/yoast.com\/wordpress\/plugins\/seo\/ -->\n<title>Fiscal\u00eda General de la Naci\u00f3n<\/title>\n<meta name=\"description\" content=\"P\u00e1gina oficial de la Fiscal\u00eda General de la Naci\u00f3n \u2013 Colombia. Garantizamos el acceso efectivo a la justicia, la verdad y la reparaci\u00f3n de las v\u00edctimas de los delitos.\" \/>\n<meta name=\"robots\" content=\"noindex, follow\" \/>\n<meta property=\"og:locale\" content=\"es_ES\" \/>\n<meta property=\"og:type\" content=\"article\" \/>\n<meta property=\"og:title\" content=\"Fiscal\u00eda General de la Naci\u00f3n\" \/>\n<meta property=\"og:description\" content=\"P\u00e1gina oficial de la Fiscal\u00eda General de la Naci\u00f3n \u2013 Colombia. Garantizamos el acceso efectivo a la justicia, la verdad y la reparaci\u00f3n de las v\u00edctimas de los delitos.\" \/>\n<meta property=\"og:url\" content=\"https:\/\/www.fiscalia.gov.co\/colombia\/fiscalia-mas-cerca\/fiscalia-para-ninos-ninas-y-adolescentes\/\" \/>\n<meta property=\"og:site_name\" content=\"Fiscal\u00eda General de la Naci\u00f3n\" \/>\n<meta property=\"article:publisher\" content=\"https:\/\/www.facebook.com\/FiscaliaCol\" \/>\n<meta property=\"article:published_time\" content=\"2024-05-29T14:30:43+00:00\" \/>\n<meta property=\"article:modified_time\" content=\"2025-06-06T16:23:23+00:00\" \/>\n<meta property=\"og:image\" content=\"https:\/\/www.fiscalia.gov.co\/colombia\/wp-content\/uploads\/ninos.png\" \/>\n\t<meta property=\"og:image:width\" content=\"581\" \/>\n\t<meta property=\"og:image:height\" content=\"559\" \/>\n\t<meta property=\"og:image:type\" content=\"image\/png\" \/>\n<meta name=\"author\" content=\"Leonardo Romero\" \/>\n<meta name=\"twitter:card\" content=\"summary_large_image\" \/>\n<meta name=\"twitter:creator\" content=\"@FiscaliaCol\" \/>\n<meta name=\"twitter:site\" content=\"@FiscaliaCol\" \/>\n<meta name=\"twitter:label1\" content=\"Escrito por\" \/>\n\t<meta name=\"twitter:data1\" content=\"Leonardo Romero\" \/>\n\t<meta name=\"twitter:label2\" content=\"Tiempo de lectura\" \/>\n\t<meta name=\"twitter:data2\" content=\"2 minutos\" \/>\n<script type=\"application\/ld+json\" class=\"yoast-schema-graph\">{\"@context\":\"https:\/\/schema.org\",\"@graph\":[{\"@type\":\"Article\",\"@id\":\"https:\/\/www.fiscalia.gov.co\/colombia\/fiscalia-mas-cerca\/fiscalia-para-ninos-ninas-y-adolescentes\/#article\",\"isPartOf\":{\"@id\":\"https:\/\/www.fiscalia.gov.co\/colombia\/fiscalia-mas-cerca\/fiscalia-para-ninos-ninas-y-adolescentes\/\"},\"author\":{\"name\":\"Leonardo Romero\",\"@id\":\"https:\/\/www.fiscalia.gov.co\/colombia\/#\/schema\/person\/6d2fae8231b80ec79ce67cf9f7d8c6ad\"},\"headline\":\"Fiscal\u00eda para ni\u00f1os, ni\u00f1as y adolescentes\",\"datePublished\":\"2024-05-29T14:30:43+00:00\",\"dateModified\":\"2025-06-06T16:23:23+00:00\",\"mainEntityOfPage\":{\"@id\":\"https:\/\/www.fiscalia.gov.co\/colombia\/fiscalia-mas-cerca\/fiscalia-para-ninos-ninas-y-adolescentes\/\"},\"wordCount\":254,\"publisher\":{\"@id\":\"https:\/\/www.fiscalia.gov.co\/colombia\/#organization\"},\"image\":{\"@id\":\"https:\/\/www.fiscalia.gov.co\/colombia\/fiscalia-mas-cerca\/fiscalia-para-ninos-ninas-y-adolescentes\/#primaryimage\"},\"thumbnailUrl\":\"https:\/\/www.fiscalia.gov.co\/colombia\/wp-content\/uploads\/ninos.png\",\"keywords\":[\"Abuso sexual\",\"adolescentes\",\"Discriminaci\u00f3n\",\"Fiscal Luz Adriana Camargo\",\"Fiscal\u00eda General de la Naci\u00f3n\",\"ni\u00f1as\",\"Ni\u00f1os\",\"Tito el tit\u00ed\",\"violencia escolar\",\"Violencia intrafamiliar\"],\"articleSection\":[\"Fiscal\u00eda m\u00e1s cerca\"],\"inLanguage\":\"es-CO\"},{\"@type\":\"WebPage\",\"@id\":\"https:\/\/www.fiscalia.gov.co\/colombia\/fiscalia-mas-cerca\/fiscalia-para-ninos-ninas-y-adolescentes\/\",\"url\":\"https:\/\/www.fiscalia.gov.co\/colombia\/fiscalia-mas-cerca\/fiscalia-para-ninos-ninas-y-adolescentes\/\",\"name\":\"Fiscal\u00eda General de la Naci\u00f3n\",\"isPartOf\":{\"@id\":\"https:\/\/www.fiscalia.gov.co\/colombia\/#website\"},\"primaryImageOfPage\":{\"@id\":\"https:\/\/www.fiscalia.gov.co\/colombia\/fiscalia-mas-cerca\/fiscalia-para-ninos-ninas-y-adolescentes\/#primaryimage\"},\"image\":{\"@id\":\"https:\/\/www.fiscalia.gov.co\/colombia\/fiscalia-mas-cerca\/fiscalia-para-ninos-ninas-y-adolescentes\/#primaryimage\"},\"thumbnailUrl\":\"https:\/\/www.fiscalia.gov.co\/colombia\/wp-content\/uploads\/ninos.png\",\"datePublished\":\"2024-05-29T14:30:43+00:00\",\"dateModified\":\"2025-06-06T16:23:23+00:00\",\"description\":\"P\u00e1gina oficial de la Fiscal\u00eda General de la Naci\u00f3n \u2013 Colombia. Garantizamos el acceso efectivo a la justicia, la verdad y la reparaci\u00f3n de las v\u00edctimas de los delitos.\",\"breadcrumb\":{\"@id\":\"https:\/\/www.fiscalia.gov.co\/colombia\/fiscalia-mas-cerca\/fiscalia-para-ninos-ninas-y-adolescentes\/#breadcrumb\"},\"inLanguage\":\"es-CO\",\"potentialAction\":[{\"@type\":\"ReadAction\",\"target\":[\"https:\/\/www.fiscalia.gov.co\/colombia\/fiscalia-mas-cerca\/fiscalia-para-ninos-ninas-y-adolescentes\/\"]}]},{\"@type\":\"ImageObject\",\"inLanguage\":\"es-CO\",\"@id\":\"https:\/\/www.fiscalia.gov.co\/colombia\/fiscalia-mas-cerca\/fiscalia-para-ninos-ninas-y-adolescentes\/#primaryimage\",\"url\":\"https:\/\/www.fiscalia.gov.co\/colombia\/wp-content\/uploads\/ninos.png\",\"contentUrl\":\"https:\/\/www.fiscalia.gov.co\/colombia\/wp-content\/uploads\/ninos.png\",\"width\":581,\"height\":559,\"caption\":\"En la imagen de portada de la secci\u00f3n de redes sociales Fiscal\u00eda m\u00e1s cerca se ve el dise\u00f1o gr\u00e1fico de un mico colgado de una liana con un titular que dice: Fiscal\u00eda para ni\u00f1os, ni\u00f1as y adolescentes.\"},{\"@type\":\"BreadcrumbList\",\"@id\":\"https:\/\/www.fiscalia.gov.co\/colombia\/fiscalia-mas-cerca\/fiscalia-para-ninos-ninas-y-adolescentes\/#breadcrumb\",\"itemListElement\":[{\"@type\":\"ListItem\",\"position\":1,\"name\":\"Home\",\"item\":\"https:\/\/www.fiscalia.gov.co\/colombia\/\"},{\"@type\":\"ListItem\",\"position\":2,\"name\":\"Fiscal\u00eda para ni\u00f1os, ni\u00f1as y adolescentes\"}]},{\"@type\":\"WebSite\",\"@id\":\"https:\/\/www.fiscalia.gov.co\/colombia\/#website\",\"url\":\"https:\/\/www.fiscalia.gov.co\/colombia\/\",\"name\":\"Fiscal\u00eda General de la Naci\u00f3n\",\"description\":\"P\u00e1gina oficial de la Fiscal\u00eda General de la Naci\u00f3n \u2013 Colombia. Garantizamos el acceso efectivo a la justicia, la verdad y la reparaci\u00f3n de las v\u00edctimas de los delitos.\",\"publisher\":{\"@id\":\"https:\/\/www.fiscalia.gov.co\/colombia\/#organization\"},\"potentialAction\":[{\"@type\":\"SearchAction\",\"target\":{\"@type\":\"EntryPoint\",\"urlTemplate\":\"https:\/\/www.fiscalia.gov.co\/colombia\/?s={search_term_string}\"},\"query-input\":{\"@type\":\"PropertyValueSpecification\",\"valueRequired\":true,\"valueName\":\"search_term_string\"}}],\"inLanguage\":\"es-CO\"},{\"@type\":\"Organization\",\"@id\":\"https:\/\/www.fiscalia.gov.co\/colombia\/#organization\",\"name\":\"Fiscal\u00eda General de la Naci\u00f3n\",\"url\":\"https:\/\/www.fiscalia.gov.co\/colombia\/\",\"logo\":{\"@type\":\"ImageObject\",\"inLanguage\":\"es-CO\",\"@id\":\"https:\/\/www.fiscalia.gov.co\/colombia\/#\/schema\/logo\/image\/\",\"url\":\"https:\/\/www.fiscalia.gov.co\/colombia\/wp-content\/uploads\/LogoHorizontal_1.jpg\",\"contentUrl\":\"https:\/\/www.fiscalia.gov.co\/colombia\/wp-content\/uploads\/LogoHorizontal_1.jpg\",\"width\":300,\"height\":90,\"caption\":\"Fiscal\u00eda General de la Naci\u00f3n\"},\"image\":{\"@id\":\"https:\/\/www.fiscalia.gov.co\/colombia\/#\/schema\/logo\/image\/\"},\"sameAs\":[\"https:\/\/www.facebook.com\/FiscaliaCol\",\"https:\/\/x.com\/FiscaliaCol\",\"https:\/\/www.instagram.com\/fiscaliacol\",\"https:\/\/www.linkedin.com\/company\/fiscalia-general-de-la-naci-n\/\",\"https:\/\/youtube.com\/@fiscaliageneraldelanacion-4668?si=6nN79nyQICPU5iTh\"]},{\"@type\":\"Person\",\"@id\":\"https:\/\/www.fiscalia.gov.co\/colombia\/#\/schema\/person\/6d2fae8231b80ec79ce67cf9f7d8c6ad\",\"name\":\"Leonardo Romero\",\"image\":{\"@type\":\"ImageObject\",\"inLanguage\":\"es-CO\",\"@id\":\"https:\/\/www.fiscalia.gov.co\/colombia\/#\/schema\/person\/image\/\",\"url\":\"https:\/\/secure.gravatar.com\/avatar\/1dd49c43034b846c6b5566fd5f7f57d1?s=96&d=mm&r=g\",\"contentUrl\":\"https:\/\/secure.gravatar.com\/avatar\/1dd49c43034b846c6b5566fd5f7f57d1?s=96&d=mm&r=g\",\"caption\":\"Leonardo Romero\"},\"url\":\"https:\/\/www.fiscalia.gov.co\/colombia\/author\/lromero\/\"}]}<\/script>\n<!-- \/ Yoast SEO plugin. -->","yoast_head_json":{"title":"Fiscal\u00eda General de la Naci\u00f3n","description":"P\u00e1gina oficial de la Fiscal\u00eda General de la Naci\u00f3n \u2013 Colombia. Garantizamos el acceso efectivo a la justicia, la verdad y la reparaci\u00f3n de las v\u00edctimas de los delitos.","robots":{"index":"noindex","follow":"follow"},"og_locale":"es_ES","og_type":"article","og_title":"Fiscal\u00eda General de la Naci\u00f3n","og_description":"P\u00e1gina oficial de la Fiscal\u00eda General de la Naci\u00f3n \u2013 Colombia. Garantizamos el acceso efectivo a la justicia, la verdad y la reparaci\u00f3n de las v\u00edctimas de los delitos.","og_url":"https:\/\/www.fiscalia.gov.co\/colombia\/fiscalia-mas-cerca\/fiscalia-para-ninos-ninas-y-adolescentes\/","og_site_name":"Fiscal\u00eda General de la Naci\u00f3n","article_publisher":"https:\/\/www.facebook.com\/FiscaliaCol","article_published_time":"2024-05-29T14:30:43+00:00","article_modified_time":"2025-06-06T16:23:23+00:00","og_image":[{"width":581,"height":559,"url":"https:\/\/www.fiscalia.gov.co\/colombia\/wp-content\/uploads\/ninos.png","type":"image\/png"}],"author":"Leonardo Romero","twitter_card":"summary_large_image","twitter_creator":"@FiscaliaCol","twitter_site":"@FiscaliaCol","twitter_misc":{"Escrito por":"Leonardo Romero","Tiempo de lectura":"2 minutos"},"schema":{"@context":"https:\/\/schema.org","@graph":[{"@type":"Article","@id":"https:\/\/www.fiscalia.gov.co\/colombia\/fiscalia-mas-cerca\/fiscalia-para-ninos-ninas-y-adolescentes\/#article","isPartOf":{"@id":"https:\/\/www.fiscalia.gov.co\/colombia\/fiscalia-mas-cerca\/fiscalia-para-ninos-ninas-y-adolescentes\/"},"author":{"name":"Leonardo Romero","@id":"https:\/\/www.fiscalia.gov.co\/colombia\/#\/schema\/person\/6d2fae8231b80ec79ce67cf9f7d8c6ad"},"headline":"Fiscal\u00eda para ni\u00f1os, ni\u00f1as y adolescentes","datePublished":"2024-05-29T14:30:43+00:00","dateModified":"2025-06-06T16:23:23+00:00","mainEntityOfPage":{"@id":"https:\/\/www.fiscalia.gov.co\/colombia\/fiscalia-mas-cerca\/fiscalia-para-ninos-ninas-y-adolescentes\/"},"wordCount":254,"publisher":{"@id":"https:\/\/www.fiscalia.gov.co\/colombia\/#organization"},"image":{"@id":"https:\/\/www.fiscalia.gov.co\/colombia\/fiscalia-mas-cerca\/fiscalia-para-ninos-ninas-y-adolescentes\/#primaryimage"},"thumbnailUrl":"https:\/\/www.fiscalia.gov.co\/colombia\/wp-content\/uploads\/ninos.png","keywords":["Abuso sexual","adolescentes","Discriminaci\u00f3n","Fiscal Luz Adriana Camargo","Fiscal\u00eda General de la Naci\u00f3n","ni\u00f1as","Ni\u00f1os","Tito el tit\u00ed","violencia escolar","Violencia intrafamiliar"],"articleSection":["Fiscal\u00eda m\u00e1s cerca"],"inLanguage":"es-CO"},{"@type":"WebPage","@id":"https:\/\/www.fiscalia.gov.co\/colombia\/fiscalia-mas-cerca\/fiscalia-para-ninos-ninas-y-adolescentes\/","url":"https:\/\/www.fiscalia.gov.co\/colombia\/fiscalia-mas-cerca\/fiscalia-para-ninos-ninas-y-adolescentes\/","name":"Fiscal\u00eda General de la Naci\u00f3n","isPartOf":{"@id":"https:\/\/www.fiscalia.gov.co\/colombia\/#website"},"primaryImageOfPage":{"@id":"https:\/\/www.fiscalia.gov.co\/colombia\/fiscalia-mas-cerca\/fiscalia-para-ninos-ninas-y-adolescentes\/#primaryimage"},"image":{"@id":"https:\/\/www.fiscalia.gov.co\/colombia\/fiscalia-mas-cerca\/fiscalia-para-ninos-ninas-y-adolescentes\/#primaryimage"},"thumbnailUrl":"https:\/\/www.fiscalia.gov.co\/colombia\/wp-content\/uploads\/ninos.png","datePublished":"2024-05-29T14:30:43+00:00","dateModified":"2025-06-06T16:23:23+00:00","description":"P\u00e1gina oficial de la Fiscal\u00eda General de la Naci\u00f3n \u2013 Colombia. Garantizamos el acceso efectivo a la justicia, la verdad y la reparaci\u00f3n de las v\u00edctimas de los delitos.","breadcrumb":{"@id":"https:\/\/www.fiscalia.gov.co\/colombia\/fiscalia-mas-cerca\/fiscalia-para-ninos-ninas-y-adolescentes\/#breadcrumb"},"inLanguage":"es-CO","potentialAction":[{"@type":"ReadAction","target":["https:\/\/www.fiscalia.gov.co\/colombia\/fiscalia-mas-cerca\/fiscalia-para-ninos-ninas-y-adolescentes\/"]}]},{"@type":"ImageObject","inLanguage":"es-CO","@id":"https:\/\/www.fiscalia.gov.co\/colombia\/fiscalia-mas-cerca\/fiscalia-para-ninos-ninas-y-adolescentes\/#primaryimage","url":"https:\/\/www.fiscalia.gov.co\/colombia\/wp-content\/uploads\/ninos.png","contentUrl":"https:\/\/www.fiscalia.gov.co\/colombia\/wp-content\/uploads\/ninos.png","width":581,"height":559,"caption":"En la imagen de portada de la secci\u00f3n de redes sociales Fiscal\u00eda m\u00e1s cerca se ve el dise\u00f1o gr\u00e1fico de un mico colgado de una liana con un titular que dice: Fiscal\u00eda para ni\u00f1os, ni\u00f1as y adolescentes."},{"@type":"BreadcrumbList","@id":"https:\/\/www.fiscalia.gov.co\/colombia\/fiscalia-mas-cerca\/fiscalia-para-ninos-ninas-y-adolescentes\/#breadcrumb","itemListElement":[{"@type":"ListItem","position":1,"name":"Home","item":"https:\/\/www.fiscalia.gov.co\/colombia\/"},{"@type":"ListItem","position":2,"name":"Fiscal\u00eda para ni\u00f1os, ni\u00f1as y adolescentes"}]},{"@type":"WebSite","@id":"https:\/\/www.fiscalia.gov.co\/colombia\/#website","url":"https:\/\/www.fiscalia.gov.co\/colombia\/","name":"Fiscal\u00eda General de la Naci\u00f3n","description":"P\u00e1gina oficial de la Fiscal\u00eda General de la Naci\u00f3n \u2013 Colombia. Garantizamos el acceso efectivo a la justicia, la verdad y la reparaci\u00f3n de las v\u00edctimas de los delitos.","publisher":{"@id":"https:\/\/www.fiscalia.gov.co\/colombia\/#organization"},"potentialAction":[{"@type":"SearchAction","target":{"@type":"EntryPoint","urlTemplate":"https:\/\/www.fiscalia.gov.co\/colombia\/?s={search_term_string}"},"query-input":{"@type":"PropertyValueSpecification","valueRequired":true,"valueName":"search_term_string"}}],"inLanguage":"es-CO"},{"@type":"Organization","@id":"https:\/\/www.fiscalia.gov.co\/colombia\/#organization","name":"Fiscal\u00eda General de la Naci\u00f3n","url":"https:\/\/www.fiscalia.gov.co\/colombia\/","logo":{"@type":"ImageObject","inLanguage":"es-CO","@id":"https:\/\/www.fiscalia.gov.co\/colombia\/#\/schema\/logo\/image\/","url":"https:\/\/www.fiscalia.gov.co\/colombia\/wp-content\/uploads\/LogoHorizontal_1.jpg","contentUrl":"https:\/\/www.fiscalia.gov.co\/colombia\/wp-content\/uploads\/LogoHorizontal_1.jpg","width":300,"height":90,"caption":"Fiscal\u00eda General de la Naci\u00f3n"},"image":{"@id":"https:\/\/www.fiscalia.gov.co\/colombia\/#\/schema\/logo\/image\/"},"sameAs":["https:\/\/www.facebook.com\/FiscaliaCol","https:\/\/x.com\/FiscaliaCol","https:\/\/www.instagram.com\/fiscaliacol","https:\/\/www.linkedin.com\/company\/fiscalia-general-de-la-naci-n\/","https:\/\/youtube.com\/@fiscaliageneraldelanacion-4668?si=6nN79nyQICPU5iTh"]},{"@type":"Person","@id":"https:\/\/www.fiscalia.gov.co\/colombia\/#\/schema\/person\/6d2fae8231b80ec79ce67cf9f7d8c6ad","name":"Leonardo Romero","image":{"@type":"ImageObject","inLanguage":"es-CO","@id":"https:\/\/www.fiscalia.gov.co\/colombia\/#\/schema\/person\/image\/","url":"https:\/\/secure.gravatar.com\/avatar\/1dd49c43034b846c6b5566fd5f7f57d1?s=96&d=mm&r=g","contentUrl":"https:\/\/secure.gravatar.com\/avatar\/1dd49c43034b846c6b5566fd5f7f57d1?s=96&d=mm&r=g","caption":"Leonardo Romero"},"url":"https:\/\/www.fiscalia.gov.co\/colombia\/author\/lromero\/"}]}},"_links":{"self":[{"href":"https:\/\/www.fiscalia.gov.co\/colombia\/wp-json\/wp\/v2\/posts\/305468","targetHints":{"allow":["GET"]}}],"collection":[{"href":"https:\/\/www.fiscalia.gov.co\/colombia\/wp-json\/wp\/v2\/posts"}],"about":[{"href":"https:\/\/www.fiscalia.gov.co\/colombia\/wp-json\/wp\/v2\/types\/post"}],"author":[{"embeddable":true,"href":"https:\/\/www.fiscalia.gov.co\/colombia\/wp-json\/wp\/v2\/users\/173"}],"replies":[{"embeddable":true,"href":"https:\/\/www.fiscalia.gov.co\/colombia\/wp-json\/wp\/v2\/comments?post=305468"}],"version-history":[{"count":3,"href":"https:\/\/www.fiscalia.gov.co\/colombia\/wp-json\/wp\/v2\/posts\/305468\/revisions"}],"predecessor-version":[{"id":306111,"href":"https:\/\/www.fiscalia.gov.co\/colombia\/wp-json\/wp\/v2\/posts\/305468\/revisions\/306111"}],"wp:featuredmedia":[{"embeddable":true,"href":"https:\/\/www.fiscalia.gov.co\/colombia\/wp-json\/wp\/v2\/media\/305469"}],"wp:attachment":[{"href":"https:\/\/www.fiscalia.gov.co\/colombia\/wp-json\/wp\/v2\/media?parent=305468"}],"wp:term":[{"taxonomy":"category","embeddable":true,"href":"https:\/\/www.fiscalia.gov.co\/colombia\/wp-json\/wp\/v2\/categories?post=305468"},{"taxonomy":"post_tag","embeddable":true,"href":"https:\/\/www.fiscalia.gov.co\/colombia\/wp-json\/wp\/v2\/tags?post=305468"}],"curies":[{"name":"wp","href":"https:\/\/api.w.org\/{rel}","templated":true}]}}