{"id":305186,"date":"2024-11-13T09:11:38","date_gmt":"2024-11-13T14:11:38","guid":{"rendered":"https:\/\/www.fiscalia.gov.co\/colombia\/?p=305186"},"modified":"2024-11-13T09:11:38","modified_gmt":"2024-11-13T14:11:38","slug":"fiscalia-frena-el-actuar-delictivo-de-una-pareja-que-instrumentalizaria-sexualmente-a-cuatro-de-sus-hijas","status":"publish","type":"post","link":"https:\/\/www.fiscalia.gov.co\/colombia\/noticias\/fiscalia-frena-el-actuar-delictivo-de-una-pareja-que-instrumentalizaria-sexualmente-a-cuatro-de-sus-hijas\/","title":{"rendered":"Fiscal\u00eda frena el actuar delictivo de una pareja que instrumentalizar\u00eda sexualmente a cuatro de sus hijas"},"content":{"rendered":"<h4 style=\"font-weight: 400; text-align: center;\"><strong><em>Las v\u00edctimas, hermanos entre s\u00ed, fueron sometidas a vej\u00e1menes sexuales por su padre y un t\u00edo. Al parecer, las agresiones ser\u00edan cometidas con el aval de la mam\u00e1. Una menor de 13 a\u00f1os qued\u00f3 en embarazo producto de uno de los abusos.<\/em><\/strong><\/h4>\n<figure id=\"attachment_305196\" aria-describedby=\"caption-attachment-305196\" style=\"width: 696px\" class=\"wp-caption aligncenter\"><img loading=\"lazy\" decoding=\"async\" class=\"size-large wp-image-305196\" src=\"https:\/\/www.fiscalia.gov.co\/colombia\/wp-content\/uploads\/familia-procesada-por-violencia-de-genero-y-proxenetismo-been-caqueta-1024x813.jpeg\" alt=\"En la imagen se ven tres personas detenidas bajo custodia de integrantes de la Polic\u00eda Nacional. Detr\u00e1s suyo un backing institucional.\" width=\"696\" height=\"553\" srcset=\"https:\/\/www.fiscalia.gov.co\/colombia\/wp-content\/uploads\/familia-procesada-por-violencia-de-genero-y-proxenetismo-been-caqueta-1024x813.jpeg 1024w, https:\/\/www.fiscalia.gov.co\/colombia\/wp-content\/uploads\/familia-procesada-por-violencia-de-genero-y-proxenetismo-been-caqueta-300x238.jpeg 300w, https:\/\/www.fiscalia.gov.co\/colombia\/wp-content\/uploads\/familia-procesada-por-violencia-de-genero-y-proxenetismo-been-caqueta-768x610.jpeg 768w, https:\/\/www.fiscalia.gov.co\/colombia\/wp-content\/uploads\/familia-procesada-por-violencia-de-genero-y-proxenetismo-been-caqueta-1536x1220.jpeg 1536w, https:\/\/www.fiscalia.gov.co\/colombia\/wp-content\/uploads\/familia-procesada-por-violencia-de-genero-y-proxenetismo-been-caqueta-529x420.jpeg 529w, https:\/\/www.fiscalia.gov.co\/colombia\/wp-content\/uploads\/familia-procesada-por-violencia-de-genero-y-proxenetismo-been-caqueta-696x553.jpeg 696w, https:\/\/www.fiscalia.gov.co\/colombia\/wp-content\/uploads\/familia-procesada-por-violencia-de-genero-y-proxenetismo-been-caqueta-1068x848.jpeg 1068w, https:\/\/www.fiscalia.gov.co\/colombia\/wp-content\/uploads\/familia-procesada-por-violencia-de-genero-y-proxenetismo-been-caqueta.jpeg 1600w\" sizes=\"auto, (max-width: 696px) 100vw, 696px\" \/><figcaption id=\"caption-attachment-305196\" class=\"wp-caption-text\">La pareja y el hombre fueron detenidos en cumplimiento a \u00f3rdenes judiciales que pesaban en su contra por violentar a nueve menores de edad, integrantes de su propia familia. Ninguno acept\u00f3 los cargos y fueron enviados a la c\u00e1rcel El Cunduy de Florencia.<\/figcaption><\/figure>\n<p style=\"font-weight: 400;\">La investigaci\u00f3n iniciada por la Fiscal\u00eda General de la Naci\u00f3n, luego de conocer el caso de una menor de 9 a\u00f1os que el pasado 29 de octubre fue llevada con signos de abuso sexual e inconsciente a un centro de salud de Bel\u00e9n de los Andaqu\u00edes (Caquet\u00e1), <strong>puso al descubierto c\u00f3mo los padres de la v\u00edctima y un t\u00edo de \u00e9sta, estar\u00edan implicados en abusos contra la ni\u00f1a, as\u00ed como maltrato f\u00edsico y psicol\u00f3gico contra sus ocho hermanos.<\/strong><\/p>\n<p style=\"font-weight: 400;\">Los procesados fueron capturados en el mencionado municipio el pasado 8 de noviembre por investigadores del Cuerpo T\u00e9cnico de Investigaci\u00f3n y la Polic\u00eda Nacional. Un fiscal de la Seccional Caquet\u00e1 les imput\u00f3, seg\u00fan sus responsabilidades individuales, <strong><a href=\"https:\/\/www.fiscalia.gov.co\/colombia\/noticias\/a-la-carcel-un-hombre-que-instrumentalizaria-menores-para-hurtar-motocicletas-en-amazonas\/\">los delitos de acto sexual violento, acceso carnal violento, proxenetismo, homicidio y violencia intrafamiliar<\/a>,<\/strong> todas las conductas agravadas.<\/p>\n<p style=\"font-weight: 400;\">Ninguno de los procesados acept\u00f3 los cargos en su contra. Por orden del juez de control de garant\u00edas los tres investigados fueron enviados a la c\u00e1rcel El Cunduy de la capital caquete\u00f1a, donde cumplir\u00e1n la medida de aseguramiento impuesta.<\/p>\n<p style=\"font-weight: 400;\"><strong>La investigaci\u00f3n<\/strong><\/p>\n<p style=\"font-weight: 400;\">Servidores de la Fiscal\u00eda, funcionarios de la Polic\u00eda de Infancia y Adolescencia, la Comisar\u00eda de Familia y la Personer\u00eda Municipal que estuvieron presentes durante las distintas etapas de la investigaci\u00f3n,<strong> evidenciaron el ciclo de violencia f\u00edsica, verbal, psicol\u00f3gica y el abandono al que desde 2016 habr\u00edan sido sometidos los nueve menores.<\/strong><\/p>\n<p style=\"font-weight: 400;\">El material de prueba aportado por la Fiscal\u00eda, las valoraciones m\u00e9dico legales, las declaraciones juradas y entrevistas forenses, entre otras, <strong>evidenci\u00f3 que cuatro de las ni\u00f1as, cuyas edades oscilaban entre 9 y 13 a\u00f1os, ser\u00edan abusadas sexualmente por su pap\u00e1 y su t\u00edo, al parecer, con la anuencia de su progenitora.<\/strong><\/p>\n<p style=\"font-weight: 400;\"><strong>Producto de las agresiones una de las v\u00edctimas qued\u00f3 en embarazo, la beb\u00e9 muri\u00f3 en un centro hospitalario a los tres meses de nacida, debido a desnutrici\u00f3n severa.<\/strong> <a href=\"https:\/\/www.fiscalia.gov.co\/colombia\/noticias\/la-fiscalia-ocupa-inmuebles-usados-por-presuntos-abusadores-sexuales-de-ninos-ninas-y-adolescentes\/\">La Fiscal\u00eda cuenta con informaci\u00f3n que determinar\u00eda que la infante, hija de la v\u00edctima,<\/a> fue registrada por sus abuelos, para evitar levantar sospechas.<\/p>\n<p style=\"font-weight: 400;\">Labores de polic\u00eda judicial determinaron que las menores ser\u00edan llevadas por sus padres a municipios como San Jos\u00e9 del Fragua y Albania, en el sur del Caquet\u00e1, para que hombres, a cambio de dinero, las abusaran sexualmente. <strong>Tambi\u00e9n se determin\u00f3 que las v\u00edctimas eran amenazadas de muerte por sus progenitores, en caso que contaran lo que les suced\u00eda.<\/strong> As\u00ed mismo, se opon\u00edan a que los ni\u00f1os y ni\u00f1as fueran revisados por m\u00e9dicos.<\/p>\n<p style=\"font-weight: 400;\">La Fiscal\u00eda interesada en los derechos de los ni\u00f1os, ni\u00f1as y adolescentes le pedir\u00e1 al Instituto Colombiano de Bienestar Familiar (ICBF) apoyo psicol\u00f3gico para las v\u00edctimas.<\/p>\n<p>&nbsp;<\/p>\n<p>&nbsp;<\/p>\n<p>&nbsp;<\/p>\n<p>&nbsp;<\/p>\n<p style=\"font-weight: 400;\">PAAM\/MAGA\/EMV\/DSC<\/p>\n<p style=\"font-weight: 400;\">\n<p>&nbsp;<\/p>\n<p>&nbsp;<\/p>\n<p>&nbsp;<\/p>\n<p>&nbsp;<\/p>\n<div class=\"td-post-content tagdiv-type\">\n<div class=\"td-post-content tagdiv-type\">\n<p><em>La informaci\u00f3n contenida en este bolet\u00edn de prensa corresponde a la narraci\u00f3n de los hechos noticiosos objetivos, suministrados por los funcionarios encargados de adelantar las investigaciones penales al interior de la Fiscal\u00eda General de la Naci\u00f3n. Para el momento de la divulgaci\u00f3n de este comunicado, la situaci\u00f3n jur\u00eddica de la(s) persona(s) relacionada(s) se encuentra pendiente de resolver por la autoridad\u00a0judicial competente, siempre bajo los preceptos de la presunci\u00f3n de inocencia, consagrados en el art\u00edculo 29 de la Constituci\u00f3n Pol\u00edtica y el art\u00edculo 7\u00ba de la Ley 906 de 2004.\u00a0<\/em><\/p>\n<\/div>\n<\/div>\n<footer>\n<div class=\"td-post-source-tags\"><\/div>\n<div class=\"td-post-sharing-bottom\"><\/div>\n<\/footer>\n\n<div class=\"twitter-share\"><a href=\"https:\/\/twitter.com\/intent\/tweet?via=fiscaliacol\" class=\"twitter-share-button\">Tweet<\/a><\/div>\n","protected":false},"excerpt":{"rendered":"<p>Las v\u00edctimas, hermanos entre s\u00ed, fueron sometidas a vej\u00e1menes sexuales por su padre y un t\u00edo. Al parecer, las agresiones ser\u00edan cometidas con el aval de la mam\u00e1. Una menor de 13 a\u00f1os qued\u00f3 en embarazo producto de uno de los abusos. La investigaci\u00f3n iniciada por la Fiscal\u00eda General de la Naci\u00f3n, luego de conocer [&hellip;]<\/p>\n","protected":false},"author":177,"featured_media":0,"comment_status":"closed","ping_status":"open","sticky":false,"template":"","format":"standard","meta":{"_price":"","_stock":"","_tribe_ticket_header":"","_tribe_default_ticket_provider":"","_tribe_ticket_capacity":"0","_ticket_start_date":"","_ticket_end_date":"","_tribe_ticket_show_description":"","_tribe_ticket_show_not_going":false,"_tribe_ticket_use_global_stock":"","_tribe_ticket_global_stock_level":"","_global_stock_mode":"","_global_stock_cap":"","_tribe_rsvp_for_event":"","_tribe_ticket_going_count":"","_tribe_ticket_not_going_count":"","_tribe_tickets_list":"[]","_tribe_ticket_has_attendee_info_fields":false,"tdm_status":"","tdm_grid_status":"","footnotes":""},"categories":[1,328,303,24127],"tags":[696,366,863,25470,34834,6489,45,39115,25300,1047,390,26873,409,26942,26122,16464,558,3026,24517,1176],"class_list":{"0":"post-305186","1":"post","2":"type-post","3":"status-publish","4":"format-standard","6":"category-noticias","7":"category-seccional-florencia","8":"category-seccionales","9":"category-violencia-sexual-e-intrafamiliar","10":"tag-abuso","11":"tag-acceso-carnal","12":"tag-actos-sexuales","13":"tag-belen-de-los-andaquies","14":"tag-belen-de-los-andaquies-caqueta","15":"tag-caqueta","16":"tag-cti","17":"tag-entrevista-forense","18":"tag-fiscal-local","19":"tag-fiscalia-general-de-la-nacion","20":"tag-hermanos","21":"tag-hijos","22":"tag-homicidio","23":"tag-mama","24":"tag-papa","25":"tag-policia-judicial","26":"tag-policia-nacional","27":"tag-proxenetismo","28":"tag-tio","29":"tag-violencia-de-genero"},"yoast_head":"<!-- This site is optimized with the Yoast SEO plugin v24.3 - https:\/\/yoast.com\/wordpress\/plugins\/seo\/ -->\n<title>Fiscal\u00eda General de la Naci\u00f3n<\/title>\n<meta name=\"description\" content=\"P\u00e1gina oficial de la Fiscal\u00eda General de la Naci\u00f3n \u2013 Colombia. Garantizamos el acceso efectivo a la justicia, la verdad y la reparaci\u00f3n de las v\u00edctimas de los delitos.\" \/>\n<meta name=\"robots\" content=\"noindex, follow\" \/>\n<meta property=\"og:locale\" content=\"es_ES\" \/>\n<meta property=\"og:type\" content=\"article\" \/>\n<meta property=\"og:title\" content=\"Fiscal\u00eda General de la Naci\u00f3n\" \/>\n<meta property=\"og:description\" content=\"P\u00e1gina oficial de la Fiscal\u00eda General de la Naci\u00f3n \u2013 Colombia. Garantizamos el acceso efectivo a la justicia, la verdad y la reparaci\u00f3n de las v\u00edctimas de los delitos.\" \/>\n<meta property=\"og:url\" content=\"https:\/\/www.fiscalia.gov.co\/colombia\/noticias\/fiscalia-frena-el-actuar-delictivo-de-una-pareja-que-instrumentalizaria-sexualmente-a-cuatro-de-sus-hijas\/\" \/>\n<meta property=\"og:site_name\" content=\"Fiscal\u00eda General de la Naci\u00f3n\" \/>\n<meta property=\"article:publisher\" content=\"https:\/\/www.facebook.com\/FiscaliaCol\" \/>\n<meta property=\"article:published_time\" content=\"2024-11-13T14:11:38+00:00\" \/>\n<meta property=\"og:image\" content=\"https:\/\/www.fiscalia.gov.co\/colombia\/wp-content\/uploads\/familia-procesada-por-violencia-de-genero-y-proxenetismo-been-caqueta.jpeg\" \/>\n\t<meta property=\"og:image:width\" content=\"1600\" \/>\n\t<meta property=\"og:image:height\" content=\"1271\" \/>\n\t<meta property=\"og:image:type\" content=\"image\/jpeg\" \/>\n<meta name=\"author\" content=\"Jordan Leandro Oviedo Anzola\" \/>\n<meta name=\"twitter:card\" content=\"summary_large_image\" \/>\n<meta name=\"twitter:creator\" content=\"@FiscaliaCol\" \/>\n<meta name=\"twitter:site\" content=\"@FiscaliaCol\" \/>\n<meta name=\"twitter:label1\" content=\"Escrito por\" \/>\n\t<meta name=\"twitter:data1\" content=\"Jordan Leandro Oviedo Anzola\" \/>\n\t<meta name=\"twitter:label2\" content=\"Tiempo de lectura\" \/>\n\t<meta name=\"twitter:data2\" content=\"3 minutos\" \/>\n<script type=\"application\/ld+json\" class=\"yoast-schema-graph\">{\"@context\":\"https:\/\/schema.org\",\"@graph\":[{\"@type\":\"Article\",\"@id\":\"https:\/\/www.fiscalia.gov.co\/colombia\/noticias\/fiscalia-frena-el-actuar-delictivo-de-una-pareja-que-instrumentalizaria-sexualmente-a-cuatro-de-sus-hijas\/#article\",\"isPartOf\":{\"@id\":\"https:\/\/www.fiscalia.gov.co\/colombia\/noticias\/fiscalia-frena-el-actuar-delictivo-de-una-pareja-que-instrumentalizaria-sexualmente-a-cuatro-de-sus-hijas\/\"},\"author\":{\"name\":\"Jordan Leandro Oviedo Anzola\",\"@id\":\"https:\/\/www.fiscalia.gov.co\/colombia\/#\/schema\/person\/bf84402cf293a5393e9c70b111020b24\"},\"headline\":\"Fiscal\u00eda frena el actuar delictivo de una pareja que instrumentalizar\u00eda sexualmente a cuatro de sus hijas\",\"datePublished\":\"2024-11-13T14:11:38+00:00\",\"dateModified\":\"2024-11-13T14:11:38+00:00\",\"mainEntityOfPage\":{\"@id\":\"https:\/\/www.fiscalia.gov.co\/colombia\/noticias\/fiscalia-frena-el-actuar-delictivo-de-una-pareja-que-instrumentalizaria-sexualmente-a-cuatro-de-sus-hijas\/\"},\"wordCount\":703,\"publisher\":{\"@id\":\"https:\/\/www.fiscalia.gov.co\/colombia\/#organization\"},\"image\":{\"@id\":\"https:\/\/www.fiscalia.gov.co\/colombia\/noticias\/fiscalia-frena-el-actuar-delictivo-de-una-pareja-que-instrumentalizaria-sexualmente-a-cuatro-de-sus-hijas\/#primaryimage\"},\"thumbnailUrl\":\"https:\/\/www.fiscalia.gov.co\/colombia\/wp-content\/uploads\/familia-procesada-por-violencia-de-genero-y-proxenetismo-been-caqueta-1024x813.jpeg\",\"keywords\":[\"Abuso\",\"Acceso carnal\",\"Actos sexuales\",\"Bel\u00e9n de los Andaqu\u00edes\",\"Bel\u00e9n de Los Andaqu\u00edes (Caquet\u00e1)\",\"Caquet\u00e1\",\"CTI\",\"entrevista forense.\",\"fiscal local\",\"Fiscal\u00eda General de la Naci\u00f3n\",\"Hermanos\",\"hijos\",\"Homicidio\",\"Mam\u00e1\",\"pap\u00e1\",\"Polic\u00eda judicial\",\"Polic\u00eda Nacional\",\"Proxenetismo\",\"t\u00edo\",\"Violencia de g\u00e9nero\"],\"articleSection\":[\"Noticias\",\"Seccional Florencia\",\"Seccionales\",\"Violencia sexual e intrafamiliar\"],\"inLanguage\":\"es-CO\"},{\"@type\":\"WebPage\",\"@id\":\"https:\/\/www.fiscalia.gov.co\/colombia\/noticias\/fiscalia-frena-el-actuar-delictivo-de-una-pareja-que-instrumentalizaria-sexualmente-a-cuatro-de-sus-hijas\/\",\"url\":\"https:\/\/www.fiscalia.gov.co\/colombia\/noticias\/fiscalia-frena-el-actuar-delictivo-de-una-pareja-que-instrumentalizaria-sexualmente-a-cuatro-de-sus-hijas\/\",\"name\":\"Fiscal\u00eda General de la Naci\u00f3n\",\"isPartOf\":{\"@id\":\"https:\/\/www.fiscalia.gov.co\/colombia\/#website\"},\"primaryImageOfPage\":{\"@id\":\"https:\/\/www.fiscalia.gov.co\/colombia\/noticias\/fiscalia-frena-el-actuar-delictivo-de-una-pareja-que-instrumentalizaria-sexualmente-a-cuatro-de-sus-hijas\/#primaryimage\"},\"image\":{\"@id\":\"https:\/\/www.fiscalia.gov.co\/colombia\/noticias\/fiscalia-frena-el-actuar-delictivo-de-una-pareja-que-instrumentalizaria-sexualmente-a-cuatro-de-sus-hijas\/#primaryimage\"},\"thumbnailUrl\":\"https:\/\/www.fiscalia.gov.co\/colombia\/wp-content\/uploads\/familia-procesada-por-violencia-de-genero-y-proxenetismo-been-caqueta-1024x813.jpeg\",\"datePublished\":\"2024-11-13T14:11:38+00:00\",\"dateModified\":\"2024-11-13T14:11:38+00:00\",\"description\":\"P\u00e1gina oficial de la Fiscal\u00eda General de la Naci\u00f3n \u2013 Colombia. Garantizamos el acceso efectivo a la justicia, la verdad y la reparaci\u00f3n de las v\u00edctimas de los delitos.\",\"breadcrumb\":{\"@id\":\"https:\/\/www.fiscalia.gov.co\/colombia\/noticias\/fiscalia-frena-el-actuar-delictivo-de-una-pareja-que-instrumentalizaria-sexualmente-a-cuatro-de-sus-hijas\/#breadcrumb\"},\"inLanguage\":\"es-CO\",\"potentialAction\":[{\"@type\":\"ReadAction\",\"target\":[\"https:\/\/www.fiscalia.gov.co\/colombia\/noticias\/fiscalia-frena-el-actuar-delictivo-de-una-pareja-que-instrumentalizaria-sexualmente-a-cuatro-de-sus-hijas\/\"]}]},{\"@type\":\"ImageObject\",\"inLanguage\":\"es-CO\",\"@id\":\"https:\/\/www.fiscalia.gov.co\/colombia\/noticias\/fiscalia-frena-el-actuar-delictivo-de-una-pareja-que-instrumentalizaria-sexualmente-a-cuatro-de-sus-hijas\/#primaryimage\",\"url\":\"https:\/\/www.fiscalia.gov.co\/colombia\/wp-content\/uploads\/familia-procesada-por-violencia-de-genero-y-proxenetismo-been-caqueta.jpeg\",\"contentUrl\":\"https:\/\/www.fiscalia.gov.co\/colombia\/wp-content\/uploads\/familia-procesada-por-violencia-de-genero-y-proxenetismo-been-caqueta.jpeg\",\"width\":1600,\"height\":1271,\"caption\":\"La pareja y el hombre fueron detenidos en cumplimiento a \u00f3rdenes judiciales que pesaban en su contra por violentar a nueve menores de edad, integrantes de su propia familia. Ninguno acept\u00f3 los cargos y fueron enviados a la c\u00e1rcel El Cunduy de Florencia.\"},{\"@type\":\"BreadcrumbList\",\"@id\":\"https:\/\/www.fiscalia.gov.co\/colombia\/noticias\/fiscalia-frena-el-actuar-delictivo-de-una-pareja-que-instrumentalizaria-sexualmente-a-cuatro-de-sus-hijas\/#breadcrumb\",\"itemListElement\":[{\"@type\":\"ListItem\",\"position\":1,\"name\":\"Home\",\"item\":\"https:\/\/www.fiscalia.gov.co\/colombia\/\"},{\"@type\":\"ListItem\",\"position\":2,\"name\":\"Fiscal\u00eda frena el actuar delictivo de una pareja que instrumentalizar\u00eda sexualmente a cuatro de sus hijas\"}]},{\"@type\":\"WebSite\",\"@id\":\"https:\/\/www.fiscalia.gov.co\/colombia\/#website\",\"url\":\"https:\/\/www.fiscalia.gov.co\/colombia\/\",\"name\":\"Fiscal\u00eda General de la Naci\u00f3n\",\"description\":\"P\u00e1gina oficial de la Fiscal\u00eda General de la Naci\u00f3n \u2013 Colombia. Garantizamos el acceso efectivo a la justicia, la verdad y la reparaci\u00f3n de las v\u00edctimas de los delitos.\",\"publisher\":{\"@id\":\"https:\/\/www.fiscalia.gov.co\/colombia\/#organization\"},\"potentialAction\":[{\"@type\":\"SearchAction\",\"target\":{\"@type\":\"EntryPoint\",\"urlTemplate\":\"https:\/\/www.fiscalia.gov.co\/colombia\/?s={search_term_string}\"},\"query-input\":{\"@type\":\"PropertyValueSpecification\",\"valueRequired\":true,\"valueName\":\"search_term_string\"}}],\"inLanguage\":\"es-CO\"},{\"@type\":\"Organization\",\"@id\":\"https:\/\/www.fiscalia.gov.co\/colombia\/#organization\",\"name\":\"Fiscal\u00eda General de la Naci\u00f3n\",\"url\":\"https:\/\/www.fiscalia.gov.co\/colombia\/\",\"logo\":{\"@type\":\"ImageObject\",\"inLanguage\":\"es-CO\",\"@id\":\"https:\/\/www.fiscalia.gov.co\/colombia\/#\/schema\/logo\/image\/\",\"url\":\"https:\/\/www.fiscalia.gov.co\/colombia\/wp-content\/uploads\/LogoHorizontal_1.jpg\",\"contentUrl\":\"https:\/\/www.fiscalia.gov.co\/colombia\/wp-content\/uploads\/LogoHorizontal_1.jpg\",\"width\":300,\"height\":90,\"caption\":\"Fiscal\u00eda General de la Naci\u00f3n\"},\"image\":{\"@id\":\"https:\/\/www.fiscalia.gov.co\/colombia\/#\/schema\/logo\/image\/\"},\"sameAs\":[\"https:\/\/www.facebook.com\/FiscaliaCol\",\"https:\/\/x.com\/FiscaliaCol\",\"https:\/\/www.instagram.com\/fiscaliacol\",\"https:\/\/www.linkedin.com\/company\/fiscalia-general-de-la-naci-n\/\",\"https:\/\/youtube.com\/@fiscaliageneraldelanacion-4668?si=6nN79nyQICPU5iTh\"]},{\"@type\":\"Person\",\"@id\":\"https:\/\/www.fiscalia.gov.co\/colombia\/#\/schema\/person\/bf84402cf293a5393e9c70b111020b24\",\"name\":\"Jordan Leandro Oviedo Anzola\",\"image\":{\"@type\":\"ImageObject\",\"inLanguage\":\"es-CO\",\"@id\":\"https:\/\/www.fiscalia.gov.co\/colombia\/#\/schema\/person\/image\/\",\"url\":\"https:\/\/secure.gravatar.com\/avatar\/dabba4346fa9b9207d96adafa8f92721?s=96&d=mm&r=g\",\"contentUrl\":\"https:\/\/secure.gravatar.com\/avatar\/dabba4346fa9b9207d96adafa8f92721?s=96&d=mm&r=g\",\"caption\":\"Jordan Leandro Oviedo Anzola\"},\"url\":\"https:\/\/www.fiscalia.gov.co\/colombia\/author\/joviedo\/\"}]}<\/script>\n<!-- \/ Yoast SEO plugin. -->","yoast_head_json":{"title":"Fiscal\u00eda General de la Naci\u00f3n","description":"P\u00e1gina oficial de la Fiscal\u00eda General de la Naci\u00f3n \u2013 Colombia. Garantizamos el acceso efectivo a la justicia, la verdad y la reparaci\u00f3n de las v\u00edctimas de los delitos.","robots":{"index":"noindex","follow":"follow"},"og_locale":"es_ES","og_type":"article","og_title":"Fiscal\u00eda General de la Naci\u00f3n","og_description":"P\u00e1gina oficial de la Fiscal\u00eda General de la Naci\u00f3n \u2013 Colombia. Garantizamos el acceso efectivo a la justicia, la verdad y la reparaci\u00f3n de las v\u00edctimas de los delitos.","og_url":"https:\/\/www.fiscalia.gov.co\/colombia\/noticias\/fiscalia-frena-el-actuar-delictivo-de-una-pareja-que-instrumentalizaria-sexualmente-a-cuatro-de-sus-hijas\/","og_site_name":"Fiscal\u00eda General de la Naci\u00f3n","article_publisher":"https:\/\/www.facebook.com\/FiscaliaCol","article_published_time":"2024-11-13T14:11:38+00:00","og_image":[{"width":1600,"height":1271,"url":"https:\/\/www.fiscalia.gov.co\/colombia\/wp-content\/uploads\/familia-procesada-por-violencia-de-genero-y-proxenetismo-been-caqueta.jpeg","type":"image\/jpeg"}],"author":"Jordan Leandro Oviedo Anzola","twitter_card":"summary_large_image","twitter_creator":"@FiscaliaCol","twitter_site":"@FiscaliaCol","twitter_misc":{"Escrito por":"Jordan Leandro Oviedo Anzola","Tiempo de lectura":"3 minutos"},"schema":{"@context":"https:\/\/schema.org","@graph":[{"@type":"Article","@id":"https:\/\/www.fiscalia.gov.co\/colombia\/noticias\/fiscalia-frena-el-actuar-delictivo-de-una-pareja-que-instrumentalizaria-sexualmente-a-cuatro-de-sus-hijas\/#article","isPartOf":{"@id":"https:\/\/www.fiscalia.gov.co\/colombia\/noticias\/fiscalia-frena-el-actuar-delictivo-de-una-pareja-que-instrumentalizaria-sexualmente-a-cuatro-de-sus-hijas\/"},"author":{"name":"Jordan Leandro Oviedo Anzola","@id":"https:\/\/www.fiscalia.gov.co\/colombia\/#\/schema\/person\/bf84402cf293a5393e9c70b111020b24"},"headline":"Fiscal\u00eda frena el actuar delictivo de una pareja que instrumentalizar\u00eda sexualmente a cuatro de sus hijas","datePublished":"2024-11-13T14:11:38+00:00","dateModified":"2024-11-13T14:11:38+00:00","mainEntityOfPage":{"@id":"https:\/\/www.fiscalia.gov.co\/colombia\/noticias\/fiscalia-frena-el-actuar-delictivo-de-una-pareja-que-instrumentalizaria-sexualmente-a-cuatro-de-sus-hijas\/"},"wordCount":703,"publisher":{"@id":"https:\/\/www.fiscalia.gov.co\/colombia\/#organization"},"image":{"@id":"https:\/\/www.fiscalia.gov.co\/colombia\/noticias\/fiscalia-frena-el-actuar-delictivo-de-una-pareja-que-instrumentalizaria-sexualmente-a-cuatro-de-sus-hijas\/#primaryimage"},"thumbnailUrl":"https:\/\/www.fiscalia.gov.co\/colombia\/wp-content\/uploads\/familia-procesada-por-violencia-de-genero-y-proxenetismo-been-caqueta-1024x813.jpeg","keywords":["Abuso","Acceso carnal","Actos sexuales","Bel\u00e9n de los Andaqu\u00edes","Bel\u00e9n de Los Andaqu\u00edes (Caquet\u00e1)","Caquet\u00e1","CTI","entrevista forense.","fiscal local","Fiscal\u00eda General de la Naci\u00f3n","Hermanos","hijos","Homicidio","Mam\u00e1","pap\u00e1","Polic\u00eda judicial","Polic\u00eda Nacional","Proxenetismo","t\u00edo","Violencia de g\u00e9nero"],"articleSection":["Noticias","Seccional Florencia","Seccionales","Violencia sexual e intrafamiliar"],"inLanguage":"es-CO"},{"@type":"WebPage","@id":"https:\/\/www.fiscalia.gov.co\/colombia\/noticias\/fiscalia-frena-el-actuar-delictivo-de-una-pareja-que-instrumentalizaria-sexualmente-a-cuatro-de-sus-hijas\/","url":"https:\/\/www.fiscalia.gov.co\/colombia\/noticias\/fiscalia-frena-el-actuar-delictivo-de-una-pareja-que-instrumentalizaria-sexualmente-a-cuatro-de-sus-hijas\/","name":"Fiscal\u00eda General de la Naci\u00f3n","isPartOf":{"@id":"https:\/\/www.fiscalia.gov.co\/colombia\/#website"},"primaryImageOfPage":{"@id":"https:\/\/www.fiscalia.gov.co\/colombia\/noticias\/fiscalia-frena-el-actuar-delictivo-de-una-pareja-que-instrumentalizaria-sexualmente-a-cuatro-de-sus-hijas\/#primaryimage"},"image":{"@id":"https:\/\/www.fiscalia.gov.co\/colombia\/noticias\/fiscalia-frena-el-actuar-delictivo-de-una-pareja-que-instrumentalizaria-sexualmente-a-cuatro-de-sus-hijas\/#primaryimage"},"thumbnailUrl":"https:\/\/www.fiscalia.gov.co\/colombia\/wp-content\/uploads\/familia-procesada-por-violencia-de-genero-y-proxenetismo-been-caqueta-1024x813.jpeg","datePublished":"2024-11-13T14:11:38+00:00","dateModified":"2024-11-13T14:11:38+00:00","description":"P\u00e1gina oficial de la Fiscal\u00eda General de la Naci\u00f3n \u2013 Colombia. Garantizamos el acceso efectivo a la justicia, la verdad y la reparaci\u00f3n de las v\u00edctimas de los delitos.","breadcrumb":{"@id":"https:\/\/www.fiscalia.gov.co\/colombia\/noticias\/fiscalia-frena-el-actuar-delictivo-de-una-pareja-que-instrumentalizaria-sexualmente-a-cuatro-de-sus-hijas\/#breadcrumb"},"inLanguage":"es-CO","potentialAction":[{"@type":"ReadAction","target":["https:\/\/www.fiscalia.gov.co\/colombia\/noticias\/fiscalia-frena-el-actuar-delictivo-de-una-pareja-que-instrumentalizaria-sexualmente-a-cuatro-de-sus-hijas\/"]}]},{"@type":"ImageObject","inLanguage":"es-CO","@id":"https:\/\/www.fiscalia.gov.co\/colombia\/noticias\/fiscalia-frena-el-actuar-delictivo-de-una-pareja-que-instrumentalizaria-sexualmente-a-cuatro-de-sus-hijas\/#primaryimage","url":"https:\/\/www.fiscalia.gov.co\/colombia\/wp-content\/uploads\/familia-procesada-por-violencia-de-genero-y-proxenetismo-been-caqueta.jpeg","contentUrl":"https:\/\/www.fiscalia.gov.co\/colombia\/wp-content\/uploads\/familia-procesada-por-violencia-de-genero-y-proxenetismo-been-caqueta.jpeg","width":1600,"height":1271,"caption":"La pareja y el hombre fueron detenidos en cumplimiento a \u00f3rdenes judiciales que pesaban en su contra por violentar a nueve menores de edad, integrantes de su propia familia. Ninguno acept\u00f3 los cargos y fueron enviados a la c\u00e1rcel El Cunduy de Florencia."},{"@type":"BreadcrumbList","@id":"https:\/\/www.fiscalia.gov.co\/colombia\/noticias\/fiscalia-frena-el-actuar-delictivo-de-una-pareja-que-instrumentalizaria-sexualmente-a-cuatro-de-sus-hijas\/#breadcrumb","itemListElement":[{"@type":"ListItem","position":1,"name":"Home","item":"https:\/\/www.fiscalia.gov.co\/colombia\/"},{"@type":"ListItem","position":2,"name":"Fiscal\u00eda frena el actuar delictivo de una pareja que instrumentalizar\u00eda sexualmente a cuatro de sus hijas"}]},{"@type":"WebSite","@id":"https:\/\/www.fiscalia.gov.co\/colombia\/#website","url":"https:\/\/www.fiscalia.gov.co\/colombia\/","name":"Fiscal\u00eda General de la Naci\u00f3n","description":"P\u00e1gina oficial de la Fiscal\u00eda General de la Naci\u00f3n \u2013 Colombia. Garantizamos el acceso efectivo a la justicia, la verdad y la reparaci\u00f3n de las v\u00edctimas de los delitos.","publisher":{"@id":"https:\/\/www.fiscalia.gov.co\/colombia\/#organization"},"potentialAction":[{"@type":"SearchAction","target":{"@type":"EntryPoint","urlTemplate":"https:\/\/www.fiscalia.gov.co\/colombia\/?s={search_term_string}"},"query-input":{"@type":"PropertyValueSpecification","valueRequired":true,"valueName":"search_term_string"}}],"inLanguage":"es-CO"},{"@type":"Organization","@id":"https:\/\/www.fiscalia.gov.co\/colombia\/#organization","name":"Fiscal\u00eda General de la Naci\u00f3n","url":"https:\/\/www.fiscalia.gov.co\/colombia\/","logo":{"@type":"ImageObject","inLanguage":"es-CO","@id":"https:\/\/www.fiscalia.gov.co\/colombia\/#\/schema\/logo\/image\/","url":"https:\/\/www.fiscalia.gov.co\/colombia\/wp-content\/uploads\/LogoHorizontal_1.jpg","contentUrl":"https:\/\/www.fiscalia.gov.co\/colombia\/wp-content\/uploads\/LogoHorizontal_1.jpg","width":300,"height":90,"caption":"Fiscal\u00eda General de la Naci\u00f3n"},"image":{"@id":"https:\/\/www.fiscalia.gov.co\/colombia\/#\/schema\/logo\/image\/"},"sameAs":["https:\/\/www.facebook.com\/FiscaliaCol","https:\/\/x.com\/FiscaliaCol","https:\/\/www.instagram.com\/fiscaliacol","https:\/\/www.linkedin.com\/company\/fiscalia-general-de-la-naci-n\/","https:\/\/youtube.com\/@fiscaliageneraldelanacion-4668?si=6nN79nyQICPU5iTh"]},{"@type":"Person","@id":"https:\/\/www.fiscalia.gov.co\/colombia\/#\/schema\/person\/bf84402cf293a5393e9c70b111020b24","name":"Jordan Leandro Oviedo Anzola","image":{"@type":"ImageObject","inLanguage":"es-CO","@id":"https:\/\/www.fiscalia.gov.co\/colombia\/#\/schema\/person\/image\/","url":"https:\/\/secure.gravatar.com\/avatar\/dabba4346fa9b9207d96adafa8f92721?s=96&d=mm&r=g","contentUrl":"https:\/\/secure.gravatar.com\/avatar\/dabba4346fa9b9207d96adafa8f92721?s=96&d=mm&r=g","caption":"Jordan Leandro Oviedo Anzola"},"url":"https:\/\/www.fiscalia.gov.co\/colombia\/author\/joviedo\/"}]}},"_links":{"self":[{"href":"https:\/\/www.fiscalia.gov.co\/colombia\/wp-json\/wp\/v2\/posts\/305186","targetHints":{"allow":["GET"]}}],"collection":[{"href":"https:\/\/www.fiscalia.gov.co\/colombia\/wp-json\/wp\/v2\/posts"}],"about":[{"href":"https:\/\/www.fiscalia.gov.co\/colombia\/wp-json\/wp\/v2\/types\/post"}],"author":[{"embeddable":true,"href":"https:\/\/www.fiscalia.gov.co\/colombia\/wp-json\/wp\/v2\/users\/177"}],"replies":[{"embeddable":true,"href":"https:\/\/www.fiscalia.gov.co\/colombia\/wp-json\/wp\/v2\/comments?post=305186"}],"version-history":[{"count":1,"href":"https:\/\/www.fiscalia.gov.co\/colombia\/wp-json\/wp\/v2\/posts\/305186\/revisions"}],"predecessor-version":[{"id":305197,"href":"https:\/\/www.fiscalia.gov.co\/colombia\/wp-json\/wp\/v2\/posts\/305186\/revisions\/305197"}],"wp:attachment":[{"href":"https:\/\/www.fiscalia.gov.co\/colombia\/wp-json\/wp\/v2\/media?parent=305186"}],"wp:term":[{"taxonomy":"category","embeddable":true,"href":"https:\/\/www.fiscalia.gov.co\/colombia\/wp-json\/wp\/v2\/categories?post=305186"},{"taxonomy":"post_tag","embeddable":true,"href":"https:\/\/www.fiscalia.gov.co\/colombia\/wp-json\/wp\/v2\/tags?post=305186"}],"curies":[{"name":"wp","href":"https:\/\/api.w.org\/{rel}","templated":true}]}}