{"id":305112,"date":"2024-11-12T09:22:34","date_gmt":"2024-11-12T14:22:34","guid":{"rendered":"https:\/\/www.fiscalia.gov.co\/colombia\/?p=305112"},"modified":"2025-05-22T16:38:55","modified_gmt":"2025-05-22T21:38:55","slug":"la-perfilacion-criminal-una-tecnica-que-hace-perceptible-lo-que-parece-oculto","status":"publish","type":"post","link":"https:\/\/www.fiscalia.gov.co\/colombia\/voces-fiscalia\/la-perfilacion-criminal-una-tecnica-que-hace-perceptible-lo-que-parece-oculto\/","title":{"rendered":"La perfilaci\u00f3n criminal, una t\u00e9cnica que hace perceptible lo que parece oculto"},"content":{"rendered":"<p><iframe loading=\"lazy\" style=\"border: none; overflow: hidden;\" src=\"https:\/\/www.facebook.com\/plugins\/video.php?height=476&amp;href=https%3A%2F%2Fwww.facebook.com%2FFiscaliaCol%2Fvideos%2F1007641181109907%2F&amp;show_text=false&amp;width=269&amp;t=0\" width=\"269\" height=\"476\" frameborder=\"0\" scrolling=\"no\" allowfullscreen=\"allowfullscreen\"><\/iframe><\/p>\n<p>Este caso fue el de una mujer, en <strong>Boyac\u00e1<\/strong>, que estuvo desaparecida durante un periodo de un d\u00eda, m\u00e1s o menos, d\u00eda y medio, y fue encontrada colgada en su apartamento. Al revisar todos los <strong>elementos materiales probatorios<\/strong>, la <strong>evidencia f\u00edsica<\/strong>, se pudo determinar que <a href=\"https:\/\/www.instagram.com\/reel\/C_Vi0xWA9b_\/?utm_source=ig_web_copy_link&amp;igsh=MzRlODBiNWFlZA==\" target=\"_blank\" rel=\"noopener\"><strong>ella no se hab\u00eda suicidado<\/strong><\/a>, sino que la pareja sentimental que ten\u00eda en ese momento hab\u00eda sido la persona que hab\u00eda ejecutado una acci\u00f3n homicida y la hab\u00eda hecho pasar como un suicidio. Se logr\u00f3 una condena por feminicidio a m\u00e1s de 40 a\u00f1os.<\/p>\n<p>Los perfiladores criminales trabajamos principalmente en delitos violentos como <strong>homicidios, feminicidios, asaltos sexuales, desapariciones y torturas.<\/strong><\/p>\n<p>Usualmente se tiene la concepci\u00f3n que la <a href=\"https:\/\/vm.tiktok.com\/ZMhnpu1t6\/\" target=\"_blank\" rel=\"noopener\"><strong>perfilaci\u00f3n criminal<\/strong><\/a> \u00fanicamente te da las caracter\u00edsticas de ese agresor que est\u00e1s buscando, pero en realidad nosotros vamos un poco m\u00e1s all\u00e1.<\/p>\n<p>Cuando llegamos a una <strong>escena del crimen<\/strong> buscamos eso que va m\u00e1s all\u00e1 de la evidencia f\u00edsica. Buscamos emociones, buscamos conductas, buscamos pensamientos, podemos decirles a los fiscales qu\u00e9 pas\u00f3, c\u00f3mo pas\u00f3, qui\u00e9n lo pudo haber hecho, y por qu\u00e9 lo pudo haber hecho.<\/p>\n<p>Tambi\u00e9n podemos apoyar diferentes diligencias de entrevistas, de interrogatorios, de declaraciones juradas, de inspecciones a lugares de los hechos con fines de reconstrucci\u00f3n, de <strong>allanamientos<\/strong>, o incluso de capturas.<\/p>\n<p>A trav\u00e9s de las diferentes entrevistas y la recopilaci\u00f3n de informaci\u00f3n de <strong>bases de datos<\/strong> iniciamos nuestro an\u00e1lisis victimol\u00f3gico para conocer qui\u00e9n era esta v\u00edctima, que nos permitan entender por qu\u00e9 esta persona fue v\u00edctima de este delito, de esta manera y esto tambi\u00e9n nos va a permitir entender todo este fen\u00f3meno delictivo.<\/p>\n<p>En las inspecciones con fines de reconstrucci\u00f3n adem\u00e1s nos apoyamos con el \u00e1rea de <strong>infograf\u00eda forense<\/strong>, <strong>realidad virtual<\/strong> y otras herramientas tecnol\u00f3gicas para poder tambi\u00e9n hacer una experimentaci\u00f3n en el lugar de los hechos, entonces all\u00ed tambi\u00e9n nos apoyamos de<strong> criminal\u00edstica<\/strong>, entonces llevamos fotograf\u00eda, video, bal\u00edstica.<\/p>\n<p>Para ser <strong>perfilador criminal<\/strong> es muy importante tener una amplia experiencia investigativa en delitos violentos, tener la pasi\u00f3n para poder vincularse de la manera m\u00e1s objetiva, tener esa formaci\u00f3n en las ciencias del comportamiento y tambi\u00e9n esa pasi\u00f3n por la investigaci\u00f3n acad\u00e9mica.<\/p>\n<p>Para unir esos dos mundos y poder entregar un producto de calidad que le aporte a nuestros fiscales en su investigaci\u00f3n.<\/p>\n\n<div class=\"twitter-share\"><a href=\"https:\/\/twitter.com\/intent\/tweet?via=fiscaliacol\" class=\"twitter-share-button\">Tweet<\/a><\/div>\n","protected":false},"excerpt":{"rendered":"<p>Este caso fue el de una mujer, en Boyac\u00e1, que estuvo desaparecida durante un periodo de un d\u00eda, m\u00e1s o menos, d\u00eda y medio, y fue encontrada colgada en su apartamento. Al revisar todos los elementos materiales probatorios, la evidencia f\u00edsica, se pudo determinar que ella no se hab\u00eda suicidado, sino que la pareja sentimental [&hellip;]<\/p>\n","protected":false},"author":173,"featured_media":305113,"comment_status":"closed","ping_status":"open","sticky":false,"template":"","format":"video","meta":{"tdm_status":"","tdm_grid_status":"","footnotes":""},"categories":[38658],"tags":[14040,39312,39314,30214,33718,26248,35122,33931,24740,37492,1047,5187,39315,39313,39317,39316,29712],"class_list":{"0":"post-305112","1":"post","2":"type-post","3":"status-publish","4":"format-video","5":"has-post-thumbnail","7":"category-voces-fiscalia","8":"tag-allanamientos","9":"tag-asaltos-sexuales","10":"tag-bases-de-datos","11":"tag-criminalistica","12":"tag-desapariciones","13":"tag-elementos-materiales-probatorios","14":"tag-escena-del-crimen","15":"tag-evidencia-fisica","16":"tag-feminicidios","17":"tag-fiscal-luz-adriana-camargo","18":"tag-fiscalia-general-de-la-nacion","19":"tag-homicidios","20":"tag-infografia-forense","21":"tag-perfilacion-criminal","22":"tag-perfilador-criminal","23":"tag-realidad-virtual","24":"tag-torturas","25":"post_format-post-format-video"},"yoast_head":"<!-- This site is optimized with the Yoast SEO plugin v24.3 - https:\/\/yoast.com\/wordpress\/plugins\/seo\/ -->\n<title>Fiscal\u00eda General de la Naci\u00f3n<\/title>\n<meta name=\"description\" content=\"P\u00e1gina oficial de la Fiscal\u00eda General de la Naci\u00f3n \u2013 Colombia. Garantizamos el acceso efectivo a la justicia, la verdad y la reparaci\u00f3n de las v\u00edctimas de los delitos.\" \/>\n<meta name=\"robots\" content=\"noindex, follow\" \/>\n<meta property=\"og:locale\" content=\"es_ES\" \/>\n<meta property=\"og:type\" content=\"article\" \/>\n<meta property=\"og:title\" content=\"Fiscal\u00eda General de la Naci\u00f3n\" \/>\n<meta property=\"og:description\" content=\"P\u00e1gina oficial de la Fiscal\u00eda General de la Naci\u00f3n \u2013 Colombia. Garantizamos el acceso efectivo a la justicia, la verdad y la reparaci\u00f3n de las v\u00edctimas de los delitos.\" \/>\n<meta property=\"og:url\" content=\"https:\/\/www.fiscalia.gov.co\/colombia\/voces-fiscalia\/la-perfilacion-criminal-una-tecnica-que-hace-perceptible-lo-que-parece-oculto\/\" \/>\n<meta property=\"og:site_name\" content=\"Fiscal\u00eda General de la Naci\u00f3n\" \/>\n<meta property=\"article:publisher\" content=\"https:\/\/www.facebook.com\/FiscaliaCol\" \/>\n<meta property=\"article:published_time\" content=\"2024-11-12T14:22:34+00:00\" \/>\n<meta property=\"article:modified_time\" content=\"2025-05-22T21:38:55+00:00\" \/>\n<meta property=\"og:image\" content=\"https:\/\/www.fiscalia.gov.co\/colombia\/wp-content\/uploads\/457169083_2686773431509167_4716669745910550356_n.jpg\" \/>\n\t<meta property=\"og:image:width\" content=\"477\" \/>\n\t<meta property=\"og:image:height\" content=\"848\" \/>\n\t<meta property=\"og:image:type\" content=\"image\/jpeg\" \/>\n<meta name=\"author\" content=\"Leonardo Romero\" \/>\n<meta name=\"twitter:card\" content=\"summary_large_image\" \/>\n<meta name=\"twitter:creator\" content=\"@FiscaliaCol\" \/>\n<meta name=\"twitter:site\" content=\"@FiscaliaCol\" \/>\n<meta name=\"twitter:label1\" content=\"Escrito por\" \/>\n\t<meta name=\"twitter:data1\" content=\"Leonardo Romero\" \/>\n\t<meta name=\"twitter:label2\" content=\"Tiempo de lectura\" \/>\n\t<meta name=\"twitter:data2\" content=\"2 minutos\" \/>\n<script type=\"application\/ld+json\" class=\"yoast-schema-graph\">{\"@context\":\"https:\/\/schema.org\",\"@graph\":[{\"@type\":\"Article\",\"@id\":\"https:\/\/www.fiscalia.gov.co\/colombia\/voces-fiscalia\/la-perfilacion-criminal-una-tecnica-que-hace-perceptible-lo-que-parece-oculto\/#article\",\"isPartOf\":{\"@id\":\"https:\/\/www.fiscalia.gov.co\/colombia\/voces-fiscalia\/la-perfilacion-criminal-una-tecnica-que-hace-perceptible-lo-que-parece-oculto\/\"},\"author\":{\"name\":\"Leonardo Romero\",\"@id\":\"https:\/\/www.fiscalia.gov.co\/colombia\/#\/schema\/person\/6d2fae8231b80ec79ce67cf9f7d8c6ad\"},\"headline\":\"La perfilaci\u00f3n criminal, una t\u00e9cnica que hace perceptible lo que parece oculto\",\"datePublished\":\"2024-11-12T14:22:34+00:00\",\"dateModified\":\"2025-05-22T21:38:55+00:00\",\"mainEntityOfPage\":{\"@id\":\"https:\/\/www.fiscalia.gov.co\/colombia\/voces-fiscalia\/la-perfilacion-criminal-una-tecnica-que-hace-perceptible-lo-que-parece-oculto\/\"},\"wordCount\":433,\"publisher\":{\"@id\":\"https:\/\/www.fiscalia.gov.co\/colombia\/#organization\"},\"image\":{\"@id\":\"https:\/\/www.fiscalia.gov.co\/colombia\/voces-fiscalia\/la-perfilacion-criminal-una-tecnica-que-hace-perceptible-lo-que-parece-oculto\/#primaryimage\"},\"thumbnailUrl\":\"https:\/\/www.fiscalia.gov.co\/colombia\/wp-content\/uploads\/457169083_2686773431509167_4716669745910550356_n.jpg\",\"keywords\":[\"Allanamientos\",\"asaltos sexuales\",\"bases de datos\",\"criminal\u00edstica\",\"desapariciones\",\"elementos materiales probatorios\",\"escena del crimen\",\"evidencia f\u00edsica.\",\"feminicidios\",\"Fiscal Luz Adriana Camargo\",\"Fiscal\u00eda General de la Naci\u00f3n\",\"Homicidios\",\"infograf\u00eda forense\",\"perfilaci\u00f3n criminal\",\"perfilador criminal\",\"realidad virtual\",\"torturas\"],\"articleSection\":[\"voces fiscalia\"],\"inLanguage\":\"es-CO\"},{\"@type\":\"WebPage\",\"@id\":\"https:\/\/www.fiscalia.gov.co\/colombia\/voces-fiscalia\/la-perfilacion-criminal-una-tecnica-que-hace-perceptible-lo-que-parece-oculto\/\",\"url\":\"https:\/\/www.fiscalia.gov.co\/colombia\/voces-fiscalia\/la-perfilacion-criminal-una-tecnica-que-hace-perceptible-lo-que-parece-oculto\/\",\"name\":\"Fiscal\u00eda General de la Naci\u00f3n\",\"isPartOf\":{\"@id\":\"https:\/\/www.fiscalia.gov.co\/colombia\/#website\"},\"primaryImageOfPage\":{\"@id\":\"https:\/\/www.fiscalia.gov.co\/colombia\/voces-fiscalia\/la-perfilacion-criminal-una-tecnica-que-hace-perceptible-lo-que-parece-oculto\/#primaryimage\"},\"image\":{\"@id\":\"https:\/\/www.fiscalia.gov.co\/colombia\/voces-fiscalia\/la-perfilacion-criminal-una-tecnica-que-hace-perceptible-lo-que-parece-oculto\/#primaryimage\"},\"thumbnailUrl\":\"https:\/\/www.fiscalia.gov.co\/colombia\/wp-content\/uploads\/457169083_2686773431509167_4716669745910550356_n.jpg\",\"datePublished\":\"2024-11-12T14:22:34+00:00\",\"dateModified\":\"2025-05-22T21:38:55+00:00\",\"description\":\"P\u00e1gina oficial de la Fiscal\u00eda General de la Naci\u00f3n \u2013 Colombia. Garantizamos el acceso efectivo a la justicia, la verdad y la reparaci\u00f3n de las v\u00edctimas de los delitos.\",\"breadcrumb\":{\"@id\":\"https:\/\/www.fiscalia.gov.co\/colombia\/voces-fiscalia\/la-perfilacion-criminal-una-tecnica-que-hace-perceptible-lo-que-parece-oculto\/#breadcrumb\"},\"inLanguage\":\"es-CO\",\"potentialAction\":[{\"@type\":\"ReadAction\",\"target\":[\"https:\/\/www.fiscalia.gov.co\/colombia\/voces-fiscalia\/la-perfilacion-criminal-una-tecnica-que-hace-perceptible-lo-que-parece-oculto\/\"]}]},{\"@type\":\"ImageObject\",\"inLanguage\":\"es-CO\",\"@id\":\"https:\/\/www.fiscalia.gov.co\/colombia\/voces-fiscalia\/la-perfilacion-criminal-una-tecnica-que-hace-perceptible-lo-que-parece-oculto\/#primaryimage\",\"url\":\"https:\/\/www.fiscalia.gov.co\/colombia\/wp-content\/uploads\/457169083_2686773431509167_4716669745910550356_n.jpg\",\"contentUrl\":\"https:\/\/www.fiscalia.gov.co\/colombia\/wp-content\/uploads\/457169083_2686773431509167_4716669745910550356_n.jpg\",\"width\":477,\"height\":848},{\"@type\":\"BreadcrumbList\",\"@id\":\"https:\/\/www.fiscalia.gov.co\/colombia\/voces-fiscalia\/la-perfilacion-criminal-una-tecnica-que-hace-perceptible-lo-que-parece-oculto\/#breadcrumb\",\"itemListElement\":[{\"@type\":\"ListItem\",\"position\":1,\"name\":\"Home\",\"item\":\"https:\/\/www.fiscalia.gov.co\/colombia\/\"},{\"@type\":\"ListItem\",\"position\":2,\"name\":\"La perfilaci\u00f3n criminal, una t\u00e9cnica que hace perceptible lo que parece oculto\"}]},{\"@type\":\"WebSite\",\"@id\":\"https:\/\/www.fiscalia.gov.co\/colombia\/#website\",\"url\":\"https:\/\/www.fiscalia.gov.co\/colombia\/\",\"name\":\"Fiscal\u00eda General de la Naci\u00f3n\",\"description\":\"P\u00e1gina oficial de la Fiscal\u00eda General de la Naci\u00f3n \u2013 Colombia. Garantizamos el acceso efectivo a la justicia, la verdad y la reparaci\u00f3n de las v\u00edctimas de los delitos.\",\"publisher\":{\"@id\":\"https:\/\/www.fiscalia.gov.co\/colombia\/#organization\"},\"potentialAction\":[{\"@type\":\"SearchAction\",\"target\":{\"@type\":\"EntryPoint\",\"urlTemplate\":\"https:\/\/www.fiscalia.gov.co\/colombia\/?s={search_term_string}\"},\"query-input\":{\"@type\":\"PropertyValueSpecification\",\"valueRequired\":true,\"valueName\":\"search_term_string\"}}],\"inLanguage\":\"es-CO\"},{\"@type\":\"Organization\",\"@id\":\"https:\/\/www.fiscalia.gov.co\/colombia\/#organization\",\"name\":\"Fiscal\u00eda General de la Naci\u00f3n\",\"url\":\"https:\/\/www.fiscalia.gov.co\/colombia\/\",\"logo\":{\"@type\":\"ImageObject\",\"inLanguage\":\"es-CO\",\"@id\":\"https:\/\/www.fiscalia.gov.co\/colombia\/#\/schema\/logo\/image\/\",\"url\":\"https:\/\/www.fiscalia.gov.co\/colombia\/wp-content\/uploads\/LogoHorizontal_1.jpg\",\"contentUrl\":\"https:\/\/www.fiscalia.gov.co\/colombia\/wp-content\/uploads\/LogoHorizontal_1.jpg\",\"width\":300,\"height\":90,\"caption\":\"Fiscal\u00eda General de la Naci\u00f3n\"},\"image\":{\"@id\":\"https:\/\/www.fiscalia.gov.co\/colombia\/#\/schema\/logo\/image\/\"},\"sameAs\":[\"https:\/\/www.facebook.com\/FiscaliaCol\",\"https:\/\/x.com\/FiscaliaCol\",\"https:\/\/www.instagram.com\/fiscaliacol\",\"https:\/\/www.linkedin.com\/company\/fiscalia-general-de-la-naci-n\/\",\"https:\/\/youtube.com\/@fiscaliageneraldelanacion-4668?si=6nN79nyQICPU5iTh\"]},{\"@type\":\"Person\",\"@id\":\"https:\/\/www.fiscalia.gov.co\/colombia\/#\/schema\/person\/6d2fae8231b80ec79ce67cf9f7d8c6ad\",\"name\":\"Leonardo Romero\",\"image\":{\"@type\":\"ImageObject\",\"inLanguage\":\"es-CO\",\"@id\":\"https:\/\/www.fiscalia.gov.co\/colombia\/#\/schema\/person\/image\/\",\"url\":\"https:\/\/secure.gravatar.com\/avatar\/1dd49c43034b846c6b5566fd5f7f57d1?s=96&d=mm&r=g\",\"contentUrl\":\"https:\/\/secure.gravatar.com\/avatar\/1dd49c43034b846c6b5566fd5f7f57d1?s=96&d=mm&r=g\",\"caption\":\"Leonardo Romero\"},\"url\":\"https:\/\/www.fiscalia.gov.co\/colombia\/author\/lromero\/\"}]}<\/script>\n<!-- \/ Yoast SEO plugin. -->","yoast_head_json":{"title":"Fiscal\u00eda General de la Naci\u00f3n","description":"P\u00e1gina oficial de la Fiscal\u00eda General de la Naci\u00f3n \u2013 Colombia. Garantizamos el acceso efectivo a la justicia, la verdad y la reparaci\u00f3n de las v\u00edctimas de los delitos.","robots":{"index":"noindex","follow":"follow"},"og_locale":"es_ES","og_type":"article","og_title":"Fiscal\u00eda General de la Naci\u00f3n","og_description":"P\u00e1gina oficial de la Fiscal\u00eda General de la Naci\u00f3n \u2013 Colombia. Garantizamos el acceso efectivo a la justicia, la verdad y la reparaci\u00f3n de las v\u00edctimas de los delitos.","og_url":"https:\/\/www.fiscalia.gov.co\/colombia\/voces-fiscalia\/la-perfilacion-criminal-una-tecnica-que-hace-perceptible-lo-que-parece-oculto\/","og_site_name":"Fiscal\u00eda General de la Naci\u00f3n","article_publisher":"https:\/\/www.facebook.com\/FiscaliaCol","article_published_time":"2024-11-12T14:22:34+00:00","article_modified_time":"2025-05-22T21:38:55+00:00","og_image":[{"width":477,"height":848,"url":"https:\/\/www.fiscalia.gov.co\/colombia\/wp-content\/uploads\/457169083_2686773431509167_4716669745910550356_n.jpg","type":"image\/jpeg"}],"author":"Leonardo Romero","twitter_card":"summary_large_image","twitter_creator":"@FiscaliaCol","twitter_site":"@FiscaliaCol","twitter_misc":{"Escrito por":"Leonardo Romero","Tiempo de lectura":"2 minutos"},"schema":{"@context":"https:\/\/schema.org","@graph":[{"@type":"Article","@id":"https:\/\/www.fiscalia.gov.co\/colombia\/voces-fiscalia\/la-perfilacion-criminal-una-tecnica-que-hace-perceptible-lo-que-parece-oculto\/#article","isPartOf":{"@id":"https:\/\/www.fiscalia.gov.co\/colombia\/voces-fiscalia\/la-perfilacion-criminal-una-tecnica-que-hace-perceptible-lo-que-parece-oculto\/"},"author":{"name":"Leonardo Romero","@id":"https:\/\/www.fiscalia.gov.co\/colombia\/#\/schema\/person\/6d2fae8231b80ec79ce67cf9f7d8c6ad"},"headline":"La perfilaci\u00f3n criminal, una t\u00e9cnica que hace perceptible lo que parece oculto","datePublished":"2024-11-12T14:22:34+00:00","dateModified":"2025-05-22T21:38:55+00:00","mainEntityOfPage":{"@id":"https:\/\/www.fiscalia.gov.co\/colombia\/voces-fiscalia\/la-perfilacion-criminal-una-tecnica-que-hace-perceptible-lo-que-parece-oculto\/"},"wordCount":433,"publisher":{"@id":"https:\/\/www.fiscalia.gov.co\/colombia\/#organization"},"image":{"@id":"https:\/\/www.fiscalia.gov.co\/colombia\/voces-fiscalia\/la-perfilacion-criminal-una-tecnica-que-hace-perceptible-lo-que-parece-oculto\/#primaryimage"},"thumbnailUrl":"https:\/\/www.fiscalia.gov.co\/colombia\/wp-content\/uploads\/457169083_2686773431509167_4716669745910550356_n.jpg","keywords":["Allanamientos","asaltos sexuales","bases de datos","criminal\u00edstica","desapariciones","elementos materiales probatorios","escena del crimen","evidencia f\u00edsica.","feminicidios","Fiscal Luz Adriana Camargo","Fiscal\u00eda General de la Naci\u00f3n","Homicidios","infograf\u00eda forense","perfilaci\u00f3n criminal","perfilador criminal","realidad virtual","torturas"],"articleSection":["voces fiscalia"],"inLanguage":"es-CO"},{"@type":"WebPage","@id":"https:\/\/www.fiscalia.gov.co\/colombia\/voces-fiscalia\/la-perfilacion-criminal-una-tecnica-que-hace-perceptible-lo-que-parece-oculto\/","url":"https:\/\/www.fiscalia.gov.co\/colombia\/voces-fiscalia\/la-perfilacion-criminal-una-tecnica-que-hace-perceptible-lo-que-parece-oculto\/","name":"Fiscal\u00eda General de la Naci\u00f3n","isPartOf":{"@id":"https:\/\/www.fiscalia.gov.co\/colombia\/#website"},"primaryImageOfPage":{"@id":"https:\/\/www.fiscalia.gov.co\/colombia\/voces-fiscalia\/la-perfilacion-criminal-una-tecnica-que-hace-perceptible-lo-que-parece-oculto\/#primaryimage"},"image":{"@id":"https:\/\/www.fiscalia.gov.co\/colombia\/voces-fiscalia\/la-perfilacion-criminal-una-tecnica-que-hace-perceptible-lo-que-parece-oculto\/#primaryimage"},"thumbnailUrl":"https:\/\/www.fiscalia.gov.co\/colombia\/wp-content\/uploads\/457169083_2686773431509167_4716669745910550356_n.jpg","datePublished":"2024-11-12T14:22:34+00:00","dateModified":"2025-05-22T21:38:55+00:00","description":"P\u00e1gina oficial de la Fiscal\u00eda General de la Naci\u00f3n \u2013 Colombia. Garantizamos el acceso efectivo a la justicia, la verdad y la reparaci\u00f3n de las v\u00edctimas de los delitos.","breadcrumb":{"@id":"https:\/\/www.fiscalia.gov.co\/colombia\/voces-fiscalia\/la-perfilacion-criminal-una-tecnica-que-hace-perceptible-lo-que-parece-oculto\/#breadcrumb"},"inLanguage":"es-CO","potentialAction":[{"@type":"ReadAction","target":["https:\/\/www.fiscalia.gov.co\/colombia\/voces-fiscalia\/la-perfilacion-criminal-una-tecnica-que-hace-perceptible-lo-que-parece-oculto\/"]}]},{"@type":"ImageObject","inLanguage":"es-CO","@id":"https:\/\/www.fiscalia.gov.co\/colombia\/voces-fiscalia\/la-perfilacion-criminal-una-tecnica-que-hace-perceptible-lo-que-parece-oculto\/#primaryimage","url":"https:\/\/www.fiscalia.gov.co\/colombia\/wp-content\/uploads\/457169083_2686773431509167_4716669745910550356_n.jpg","contentUrl":"https:\/\/www.fiscalia.gov.co\/colombia\/wp-content\/uploads\/457169083_2686773431509167_4716669745910550356_n.jpg","width":477,"height":848},{"@type":"BreadcrumbList","@id":"https:\/\/www.fiscalia.gov.co\/colombia\/voces-fiscalia\/la-perfilacion-criminal-una-tecnica-que-hace-perceptible-lo-que-parece-oculto\/#breadcrumb","itemListElement":[{"@type":"ListItem","position":1,"name":"Home","item":"https:\/\/www.fiscalia.gov.co\/colombia\/"},{"@type":"ListItem","position":2,"name":"La perfilaci\u00f3n criminal, una t\u00e9cnica que hace perceptible lo que parece oculto"}]},{"@type":"WebSite","@id":"https:\/\/www.fiscalia.gov.co\/colombia\/#website","url":"https:\/\/www.fiscalia.gov.co\/colombia\/","name":"Fiscal\u00eda General de la Naci\u00f3n","description":"P\u00e1gina oficial de la Fiscal\u00eda General de la Naci\u00f3n \u2013 Colombia. Garantizamos el acceso efectivo a la justicia, la verdad y la reparaci\u00f3n de las v\u00edctimas de los delitos.","publisher":{"@id":"https:\/\/www.fiscalia.gov.co\/colombia\/#organization"},"potentialAction":[{"@type":"SearchAction","target":{"@type":"EntryPoint","urlTemplate":"https:\/\/www.fiscalia.gov.co\/colombia\/?s={search_term_string}"},"query-input":{"@type":"PropertyValueSpecification","valueRequired":true,"valueName":"search_term_string"}}],"inLanguage":"es-CO"},{"@type":"Organization","@id":"https:\/\/www.fiscalia.gov.co\/colombia\/#organization","name":"Fiscal\u00eda General de la Naci\u00f3n","url":"https:\/\/www.fiscalia.gov.co\/colombia\/","logo":{"@type":"ImageObject","inLanguage":"es-CO","@id":"https:\/\/www.fiscalia.gov.co\/colombia\/#\/schema\/logo\/image\/","url":"https:\/\/www.fiscalia.gov.co\/colombia\/wp-content\/uploads\/LogoHorizontal_1.jpg","contentUrl":"https:\/\/www.fiscalia.gov.co\/colombia\/wp-content\/uploads\/LogoHorizontal_1.jpg","width":300,"height":90,"caption":"Fiscal\u00eda General de la Naci\u00f3n"},"image":{"@id":"https:\/\/www.fiscalia.gov.co\/colombia\/#\/schema\/logo\/image\/"},"sameAs":["https:\/\/www.facebook.com\/FiscaliaCol","https:\/\/x.com\/FiscaliaCol","https:\/\/www.instagram.com\/fiscaliacol","https:\/\/www.linkedin.com\/company\/fiscalia-general-de-la-naci-n\/","https:\/\/youtube.com\/@fiscaliageneraldelanacion-4668?si=6nN79nyQICPU5iTh"]},{"@type":"Person","@id":"https:\/\/www.fiscalia.gov.co\/colombia\/#\/schema\/person\/6d2fae8231b80ec79ce67cf9f7d8c6ad","name":"Leonardo Romero","image":{"@type":"ImageObject","inLanguage":"es-CO","@id":"https:\/\/www.fiscalia.gov.co\/colombia\/#\/schema\/person\/image\/","url":"https:\/\/secure.gravatar.com\/avatar\/1dd49c43034b846c6b5566fd5f7f57d1?s=96&d=mm&r=g","contentUrl":"https:\/\/secure.gravatar.com\/avatar\/1dd49c43034b846c6b5566fd5f7f57d1?s=96&d=mm&r=g","caption":"Leonardo Romero"},"url":"https:\/\/www.fiscalia.gov.co\/colombia\/author\/lromero\/"}]}},"_links":{"self":[{"href":"https:\/\/www.fiscalia.gov.co\/colombia\/wp-json\/wp\/v2\/posts\/305112","targetHints":{"allow":["GET"]}}],"collection":[{"href":"https:\/\/www.fiscalia.gov.co\/colombia\/wp-json\/wp\/v2\/posts"}],"about":[{"href":"https:\/\/www.fiscalia.gov.co\/colombia\/wp-json\/wp\/v2\/types\/post"}],"author":[{"embeddable":true,"href":"https:\/\/www.fiscalia.gov.co\/colombia\/wp-json\/wp\/v2\/users\/173"}],"replies":[{"embeddable":true,"href":"https:\/\/www.fiscalia.gov.co\/colombia\/wp-json\/wp\/v2\/comments?post=305112"}],"version-history":[{"count":3,"href":"https:\/\/www.fiscalia.gov.co\/colombia\/wp-json\/wp\/v2\/posts\/305112\/revisions"}],"predecessor-version":[{"id":305854,"href":"https:\/\/www.fiscalia.gov.co\/colombia\/wp-json\/wp\/v2\/posts\/305112\/revisions\/305854"}],"wp:featuredmedia":[{"embeddable":true,"href":"https:\/\/www.fiscalia.gov.co\/colombia\/wp-json\/wp\/v2\/media\/305113"}],"wp:attachment":[{"href":"https:\/\/www.fiscalia.gov.co\/colombia\/wp-json\/wp\/v2\/media?parent=305112"}],"wp:term":[{"taxonomy":"category","embeddable":true,"href":"https:\/\/www.fiscalia.gov.co\/colombia\/wp-json\/wp\/v2\/categories?post=305112"},{"taxonomy":"post_tag","embeddable":true,"href":"https:\/\/www.fiscalia.gov.co\/colombia\/wp-json\/wp\/v2\/tags?post=305112"}],"curies":[{"name":"wp","href":"https:\/\/api.w.org\/{rel}","templated":true}]}}