{"id":304982,"date":"2024-11-07T16:20:15","date_gmt":"2024-11-07T21:20:15","guid":{"rendered":"https:\/\/www.fiscalia.gov.co\/colombia\/?p=304982"},"modified":"2024-11-07T16:20:15","modified_gmt":"2024-11-07T21:20:15","slug":"exdirectivos-de-la-ungrd-fueron-imputados-por-nuevos-hechos-de-posible-corrupcion-en-la-entidad","status":"publish","type":"post","link":"https:\/\/www.fiscalia.gov.co\/colombia\/noticias\/exdirectivos-de-la-ungrd-fueron-imputados-por-nuevos-hechos-de-posible-corrupcion-en-la-entidad\/","title":{"rendered":"Exdirectivos de la UNGRD fueron imputados por nuevos hechos de posible corrupci\u00f3n en la entidad"},"content":{"rendered":"<blockquote>\n<h4><strong><i>Olmedo de Jes\u00fas L\u00f3pez Mart\u00ednez y Sneider Augusto Pinilla \u00c1lvarez, exdirector y exsubdirector de la UNGRD, respectivamente, habr\u00edan \u2018ama\u00f1ado\u2019 los procesos de contrataci\u00f3n relacionados con la compra de tanques pl\u00e1sticos y suministro de carrotanques para La Guajira; y la entrega de 53 interventor\u00edas para supervisar la ejecuci\u00f3n de diferentes contratos.<\/i><\/strong><\/h4>\n<\/blockquote>\n<p><span style=\"font-weight: 400;\">En una segunda fase investigativa por el entramado de corrupci\u00f3n que direccion\u00f3 la contrataci\u00f3n en la Unidad Nacional para la Gesti\u00f3n del Riesgo de Desastres (UNGRD), la <strong>Fiscal\u00eda General de la Naci\u00f3n recaud\u00f3 nuevos elementos materiales probatorios<\/strong>, evidencia f\u00edsica e informaci\u00f3n que dan cuenta de la posible participaci\u00f3n del exdirector de la entidad, Olmedo de Jes\u00fas L\u00f3pez Mart\u00ednez; <strong>y del exsubdirector para el Manejo de Desastres, Sneyder Augusto Pinilla \u00c1lvarez, en otras actuaciones il\u00edcitas.<\/strong><\/span><\/p>\n<p><span style=\"font-weight: 400;\">En ese sentido, un fiscal especializado de apoyo, adscrito a la Fiscal\u00eda Novena Delegada ante la Corte Suprema de Justicia, present\u00f3 a los dos exfuncionarios ante un juez de control de garant\u00edas de Bogot\u00e1, <strong>y les imput\u00f3 los delitos de inter\u00e9s indebido en la celebraci\u00f3n de contratos, peculado por apropiaci\u00f3n en favor de terceros agravado, falsedad en documento privado y falsedad ideol\u00f3gica en documento p\u00fablico.\u00a0<\/strong><\/span><\/p>\n<p><span style=\"font-weight: 400;\">Los cargos que ahora se les atribuyen est\u00e1n relacionados con los siguientes eventos:<\/span><\/p>\n<p><span style=\"font-weight: 400;\">Inicialmente, los exfuncionarios de la <strong>UNGRD direccionaron dos \u00f3rdenes de proveedur\u00eda, por valor de 574 millones y 4.333 millones<\/strong> de pesos, respectivamente, que ten\u00edan por objeto la compra de tanques pl\u00e1sticos de 5.000 litros para el almacenamiento de agua en comunidades de La Guajira. La empresa favorecida habr\u00eda sido referenciada por un funcionario p\u00fablico y otro servidor de la UNGRD.\u00a0<\/span><\/p>\n<p><span style=\"font-weight: 400;\">De otra parte, la Fiscal\u00eda atribuy\u00f3 a los dos exdirectivos la apropiaci\u00f3n il\u00edcita en favor de terceros de m\u00e1s 12.065 millones de pesos y la falsificaci\u00f3n de documentaci\u00f3n p\u00fablica y privada, con relaci\u00f3n<strong> a una orden de proveedur\u00eda que contempl\u00f3 la adquisici\u00f3n de 40 carrotanques, la cual fue celebrada con la corporaci\u00f3n mixta integral Yapurut\u00fa.\u00a0<\/strong><\/span><\/p>\n<p><span style=\"font-weight: 400;\">Finalmente, entre julio de 2023 y marzo de 2024, los exfuncionarios se interesaron indebidamente en la celebraci\u00f3n de <strong>53 \u00f3rdenes de proveedur\u00eda por m\u00e1s de 10.106 millones de pesos con una empresa representada legalmente por una familiar de la esposa de Sneyder Augusto Pinilla \u00c1lvarez.<\/strong> De esta manera, se confi\u00f3 a una allegada las interventor\u00edas de suministro de carrotanques para el abastecimiento de agua potable, de maquinaria amarilla y de volquetas para la atenci\u00f3n de emergencias en diferentes regiones del pa\u00eds.\u00a0<\/span><\/p>\n<p><span style=\"font-weight: 400;\">Por este evento, los hoy imputados habr\u00edan solicitado una d\u00e1diva que ascendi\u00f3 al 10% del valor de cada contrato.<\/span><\/p>\n<p><span style=\"font-weight: 400;\">Esta informaci\u00f3n se publica por razones de inter\u00e9s general.<\/span><\/p>\n<p><span style=\"font-weight: 400;\">LAGP\/JARG\/NL\/HBA\/UFDCSJ.<\/span><\/p>\n<p>&nbsp;<\/p>\n<p>&nbsp;<\/p>\n<p>&nbsp;<\/p>\n<p>&nbsp;<\/p>\n<p><em>La informaci\u00f3n contenida en este bolet\u00edn de prensa corresponde a la narraci\u00f3n de los hechos noticiosos objetivos, suministrados por los funcionarios encargados de adelantar las investigaciones penales al interior de la Fiscal\u00eda General de la Naci\u00f3n. Para el momento de la divulgaci\u00f3n de este comunicado, la situaci\u00f3n jur\u00eddica de la(s) persona(s) relacionada(s) se encuentra pendiente de resolver por la autoridad judicial competente, siempre bajo los preceptos de la presunci\u00f3n de inocencia, consagrados en el art\u00edculo 29 de la Constituci\u00f3n Pol\u00edtica y el art\u00edculo 7\u00ba de la Ley 906 de 2004.<\/em><\/p>\n\n<div class=\"twitter-share\"><a href=\"https:\/\/twitter.com\/intent\/tweet?via=fiscaliacol\" class=\"twitter-share-button\">Tweet<\/a><\/div>\n","protected":false},"excerpt":{"rendered":"<p>Olmedo de Jes\u00fas L\u00f3pez Mart\u00ednez y Sneider Augusto Pinilla \u00c1lvarez, exdirector y exsubdirector de la UNGRD, respectivamente, habr\u00edan \u2018ama\u00f1ado\u2019 los procesos de contrataci\u00f3n relacionados con la compra de tanques pl\u00e1sticos y suministro de carrotanques para La Guajira; y la entrega de 53 interventor\u00edas para supervisar la ejecuci\u00f3n de diferentes contratos. En una segunda fase investigativa [&hellip;]<\/p>\n","protected":false},"author":181,"featured_media":0,"comment_status":"closed","ping_status":"open","sticky":false,"template":"","format":"standard","meta":{"tdm_status":"","tdm_grid_status":"","footnotes":""},"categories":[1],"tags":[37492,1047,38302,38301,38197],"class_list":{"0":"post-304982","1":"post","2":"type-post","3":"status-publish","4":"format-standard","6":"category-noticias","7":"tag-fiscal-luz-adriana-camargo","8":"tag-fiscalia-general-de-la-nacion","9":"tag-olmedo-lopez","10":"tag-sneyder-pinilla","11":"tag-ungrd"},"yoast_head":"<!-- This site is optimized with the Yoast SEO plugin v24.3 - https:\/\/yoast.com\/wordpress\/plugins\/seo\/ -->\n<title>Fiscal\u00eda General de la Naci\u00f3n<\/title>\n<meta name=\"description\" content=\"P\u00e1gina oficial de la Fiscal\u00eda General de la Naci\u00f3n \u2013 Colombia. Garantizamos el acceso efectivo a la justicia, la verdad y la reparaci\u00f3n de las v\u00edctimas de los delitos.\" \/>\n<meta name=\"robots\" content=\"noindex, follow\" \/>\n<meta property=\"og:locale\" content=\"es_ES\" \/>\n<meta property=\"og:type\" content=\"article\" \/>\n<meta property=\"og:title\" content=\"Fiscal\u00eda General de la Naci\u00f3n\" \/>\n<meta property=\"og:description\" content=\"P\u00e1gina oficial de la Fiscal\u00eda General de la Naci\u00f3n \u2013 Colombia. Garantizamos el acceso efectivo a la justicia, la verdad y la reparaci\u00f3n de las v\u00edctimas de los delitos.\" \/>\n<meta property=\"og:url\" content=\"https:\/\/www.fiscalia.gov.co\/colombia\/noticias\/exdirectivos-de-la-ungrd-fueron-imputados-por-nuevos-hechos-de-posible-corrupcion-en-la-entidad\/\" \/>\n<meta property=\"og:site_name\" content=\"Fiscal\u00eda General de la Naci\u00f3n\" \/>\n<meta property=\"article:publisher\" content=\"https:\/\/www.facebook.com\/FiscaliaCol\" \/>\n<meta property=\"article:published_time\" content=\"2024-11-07T21:20:15+00:00\" \/>\n<meta name=\"author\" content=\"Johanna Islenny Prieto Pe\u00f1a\" \/>\n<meta name=\"twitter:card\" content=\"summary_large_image\" \/>\n<meta name=\"twitter:creator\" content=\"@FiscaliaCol\" \/>\n<meta name=\"twitter:site\" content=\"@FiscaliaCol\" \/>\n<meta name=\"twitter:label1\" content=\"Escrito por\" \/>\n\t<meta name=\"twitter:data1\" content=\"Johanna Islenny Prieto Pe\u00f1a\" \/>\n\t<meta name=\"twitter:label2\" content=\"Tiempo de lectura\" \/>\n\t<meta name=\"twitter:data2\" content=\"3 minutos\" \/>\n<script type=\"application\/ld+json\" class=\"yoast-schema-graph\">{\"@context\":\"https:\/\/schema.org\",\"@graph\":[{\"@type\":\"Article\",\"@id\":\"https:\/\/www.fiscalia.gov.co\/colombia\/noticias\/exdirectivos-de-la-ungrd-fueron-imputados-por-nuevos-hechos-de-posible-corrupcion-en-la-entidad\/#article\",\"isPartOf\":{\"@id\":\"https:\/\/www.fiscalia.gov.co\/colombia\/noticias\/exdirectivos-de-la-ungrd-fueron-imputados-por-nuevos-hechos-de-posible-corrupcion-en-la-entidad\/\"},\"author\":{\"name\":\"Johanna Islenny Prieto Pe\u00f1a\",\"@id\":\"https:\/\/www.fiscalia.gov.co\/colombia\/#\/schema\/person\/ba9eca435947489fb25117a0cd75bf3e\"},\"headline\":\"Exdirectivos de la UNGRD fueron imputados por nuevos hechos de posible corrupci\u00f3n en la entidad\",\"datePublished\":\"2024-11-07T21:20:15+00:00\",\"dateModified\":\"2024-11-07T21:20:15+00:00\",\"mainEntityOfPage\":{\"@id\":\"https:\/\/www.fiscalia.gov.co\/colombia\/noticias\/exdirectivos-de-la-ungrd-fueron-imputados-por-nuevos-hechos-de-posible-corrupcion-en-la-entidad\/\"},\"wordCount\":597,\"publisher\":{\"@id\":\"https:\/\/www.fiscalia.gov.co\/colombia\/#organization\"},\"keywords\":[\"Fiscal Luz Adriana Camargo\",\"Fiscal\u00eda General de la Naci\u00f3n\",\"Olmedo L\u00f3pez\",\"Sneyder Pinilla\",\"UNGRD\"],\"articleSection\":[\"Noticias\"],\"inLanguage\":\"es-CO\"},{\"@type\":\"WebPage\",\"@id\":\"https:\/\/www.fiscalia.gov.co\/colombia\/noticias\/exdirectivos-de-la-ungrd-fueron-imputados-por-nuevos-hechos-de-posible-corrupcion-en-la-entidad\/\",\"url\":\"https:\/\/www.fiscalia.gov.co\/colombia\/noticias\/exdirectivos-de-la-ungrd-fueron-imputados-por-nuevos-hechos-de-posible-corrupcion-en-la-entidad\/\",\"name\":\"Fiscal\u00eda General de la Naci\u00f3n\",\"isPartOf\":{\"@id\":\"https:\/\/www.fiscalia.gov.co\/colombia\/#website\"},\"datePublished\":\"2024-11-07T21:20:15+00:00\",\"dateModified\":\"2024-11-07T21:20:15+00:00\",\"description\":\"P\u00e1gina oficial de la Fiscal\u00eda General de la Naci\u00f3n \u2013 Colombia. Garantizamos el acceso efectivo a la justicia, la verdad y la reparaci\u00f3n de las v\u00edctimas de los delitos.\",\"breadcrumb\":{\"@id\":\"https:\/\/www.fiscalia.gov.co\/colombia\/noticias\/exdirectivos-de-la-ungrd-fueron-imputados-por-nuevos-hechos-de-posible-corrupcion-en-la-entidad\/#breadcrumb\"},\"inLanguage\":\"es-CO\",\"potentialAction\":[{\"@type\":\"ReadAction\",\"target\":[\"https:\/\/www.fiscalia.gov.co\/colombia\/noticias\/exdirectivos-de-la-ungrd-fueron-imputados-por-nuevos-hechos-de-posible-corrupcion-en-la-entidad\/\"]}]},{\"@type\":\"BreadcrumbList\",\"@id\":\"https:\/\/www.fiscalia.gov.co\/colombia\/noticias\/exdirectivos-de-la-ungrd-fueron-imputados-por-nuevos-hechos-de-posible-corrupcion-en-la-entidad\/#breadcrumb\",\"itemListElement\":[{\"@type\":\"ListItem\",\"position\":1,\"name\":\"Home\",\"item\":\"https:\/\/www.fiscalia.gov.co\/colombia\/\"},{\"@type\":\"ListItem\",\"position\":2,\"name\":\"Exdirectivos de la UNGRD fueron imputados por nuevos hechos de posible corrupci\u00f3n en la entidad\"}]},{\"@type\":\"WebSite\",\"@id\":\"https:\/\/www.fiscalia.gov.co\/colombia\/#website\",\"url\":\"https:\/\/www.fiscalia.gov.co\/colombia\/\",\"name\":\"Fiscal\u00eda General de la Naci\u00f3n\",\"description\":\"P\u00e1gina oficial de la Fiscal\u00eda General de la Naci\u00f3n \u2013 Colombia. Garantizamos el acceso efectivo a la justicia, la verdad y la reparaci\u00f3n de las v\u00edctimas de los delitos.\",\"publisher\":{\"@id\":\"https:\/\/www.fiscalia.gov.co\/colombia\/#organization\"},\"potentialAction\":[{\"@type\":\"SearchAction\",\"target\":{\"@type\":\"EntryPoint\",\"urlTemplate\":\"https:\/\/www.fiscalia.gov.co\/colombia\/?s={search_term_string}\"},\"query-input\":{\"@type\":\"PropertyValueSpecification\",\"valueRequired\":true,\"valueName\":\"search_term_string\"}}],\"inLanguage\":\"es-CO\"},{\"@type\":\"Organization\",\"@id\":\"https:\/\/www.fiscalia.gov.co\/colombia\/#organization\",\"name\":\"Fiscal\u00eda General de la Naci\u00f3n\",\"url\":\"https:\/\/www.fiscalia.gov.co\/colombia\/\",\"logo\":{\"@type\":\"ImageObject\",\"inLanguage\":\"es-CO\",\"@id\":\"https:\/\/www.fiscalia.gov.co\/colombia\/#\/schema\/logo\/image\/\",\"url\":\"https:\/\/www.fiscalia.gov.co\/colombia\/wp-content\/uploads\/LogoHorizontal_1.jpg\",\"contentUrl\":\"https:\/\/www.fiscalia.gov.co\/colombia\/wp-content\/uploads\/LogoHorizontal_1.jpg\",\"width\":300,\"height\":90,\"caption\":\"Fiscal\u00eda General de la Naci\u00f3n\"},\"image\":{\"@id\":\"https:\/\/www.fiscalia.gov.co\/colombia\/#\/schema\/logo\/image\/\"},\"sameAs\":[\"https:\/\/www.facebook.com\/FiscaliaCol\",\"https:\/\/x.com\/FiscaliaCol\",\"https:\/\/www.instagram.com\/fiscaliacol\",\"https:\/\/www.linkedin.com\/company\/fiscalia-general-de-la-naci-n\/\",\"https:\/\/youtube.com\/@fiscaliageneraldelanacion-4668?si=6nN79nyQICPU5iTh\"]},{\"@type\":\"Person\",\"@id\":\"https:\/\/www.fiscalia.gov.co\/colombia\/#\/schema\/person\/ba9eca435947489fb25117a0cd75bf3e\",\"name\":\"Johanna Islenny Prieto Pe\u00f1a\",\"image\":{\"@type\":\"ImageObject\",\"inLanguage\":\"es-CO\",\"@id\":\"https:\/\/www.fiscalia.gov.co\/colombia\/#\/schema\/person\/image\/\",\"url\":\"https:\/\/secure.gravatar.com\/avatar\/111433fc2acb037ffb768f6a3ca47864?s=96&d=mm&r=g\",\"contentUrl\":\"https:\/\/secure.gravatar.com\/avatar\/111433fc2acb037ffb768f6a3ca47864?s=96&d=mm&r=g\",\"caption\":\"Johanna Islenny Prieto Pe\u00f1a\"},\"url\":\"https:\/\/www.fiscalia.gov.co\/colombia\/author\/jprietop\/\"}]}<\/script>\n<!-- \/ Yoast SEO plugin. -->","yoast_head_json":{"title":"Fiscal\u00eda General de la Naci\u00f3n","description":"P\u00e1gina oficial de la Fiscal\u00eda General de la Naci\u00f3n \u2013 Colombia. Garantizamos el acceso efectivo a la justicia, la verdad y la reparaci\u00f3n de las v\u00edctimas de los delitos.","robots":{"index":"noindex","follow":"follow"},"og_locale":"es_ES","og_type":"article","og_title":"Fiscal\u00eda General de la Naci\u00f3n","og_description":"P\u00e1gina oficial de la Fiscal\u00eda General de la Naci\u00f3n \u2013 Colombia. Garantizamos el acceso efectivo a la justicia, la verdad y la reparaci\u00f3n de las v\u00edctimas de los delitos.","og_url":"https:\/\/www.fiscalia.gov.co\/colombia\/noticias\/exdirectivos-de-la-ungrd-fueron-imputados-por-nuevos-hechos-de-posible-corrupcion-en-la-entidad\/","og_site_name":"Fiscal\u00eda General de la Naci\u00f3n","article_publisher":"https:\/\/www.facebook.com\/FiscaliaCol","article_published_time":"2024-11-07T21:20:15+00:00","author":"Johanna Islenny Prieto Pe\u00f1a","twitter_card":"summary_large_image","twitter_creator":"@FiscaliaCol","twitter_site":"@FiscaliaCol","twitter_misc":{"Escrito por":"Johanna Islenny Prieto Pe\u00f1a","Tiempo de lectura":"3 minutos"},"schema":{"@context":"https:\/\/schema.org","@graph":[{"@type":"Article","@id":"https:\/\/www.fiscalia.gov.co\/colombia\/noticias\/exdirectivos-de-la-ungrd-fueron-imputados-por-nuevos-hechos-de-posible-corrupcion-en-la-entidad\/#article","isPartOf":{"@id":"https:\/\/www.fiscalia.gov.co\/colombia\/noticias\/exdirectivos-de-la-ungrd-fueron-imputados-por-nuevos-hechos-de-posible-corrupcion-en-la-entidad\/"},"author":{"name":"Johanna Islenny Prieto Pe\u00f1a","@id":"https:\/\/www.fiscalia.gov.co\/colombia\/#\/schema\/person\/ba9eca435947489fb25117a0cd75bf3e"},"headline":"Exdirectivos de la UNGRD fueron imputados por nuevos hechos de posible corrupci\u00f3n en la entidad","datePublished":"2024-11-07T21:20:15+00:00","dateModified":"2024-11-07T21:20:15+00:00","mainEntityOfPage":{"@id":"https:\/\/www.fiscalia.gov.co\/colombia\/noticias\/exdirectivos-de-la-ungrd-fueron-imputados-por-nuevos-hechos-de-posible-corrupcion-en-la-entidad\/"},"wordCount":597,"publisher":{"@id":"https:\/\/www.fiscalia.gov.co\/colombia\/#organization"},"keywords":["Fiscal Luz Adriana Camargo","Fiscal\u00eda General de la Naci\u00f3n","Olmedo L\u00f3pez","Sneyder Pinilla","UNGRD"],"articleSection":["Noticias"],"inLanguage":"es-CO"},{"@type":"WebPage","@id":"https:\/\/www.fiscalia.gov.co\/colombia\/noticias\/exdirectivos-de-la-ungrd-fueron-imputados-por-nuevos-hechos-de-posible-corrupcion-en-la-entidad\/","url":"https:\/\/www.fiscalia.gov.co\/colombia\/noticias\/exdirectivos-de-la-ungrd-fueron-imputados-por-nuevos-hechos-de-posible-corrupcion-en-la-entidad\/","name":"Fiscal\u00eda General de la Naci\u00f3n","isPartOf":{"@id":"https:\/\/www.fiscalia.gov.co\/colombia\/#website"},"datePublished":"2024-11-07T21:20:15+00:00","dateModified":"2024-11-07T21:20:15+00:00","description":"P\u00e1gina oficial de la Fiscal\u00eda General de la Naci\u00f3n \u2013 Colombia. Garantizamos el acceso efectivo a la justicia, la verdad y la reparaci\u00f3n de las v\u00edctimas de los delitos.","breadcrumb":{"@id":"https:\/\/www.fiscalia.gov.co\/colombia\/noticias\/exdirectivos-de-la-ungrd-fueron-imputados-por-nuevos-hechos-de-posible-corrupcion-en-la-entidad\/#breadcrumb"},"inLanguage":"es-CO","potentialAction":[{"@type":"ReadAction","target":["https:\/\/www.fiscalia.gov.co\/colombia\/noticias\/exdirectivos-de-la-ungrd-fueron-imputados-por-nuevos-hechos-de-posible-corrupcion-en-la-entidad\/"]}]},{"@type":"BreadcrumbList","@id":"https:\/\/www.fiscalia.gov.co\/colombia\/noticias\/exdirectivos-de-la-ungrd-fueron-imputados-por-nuevos-hechos-de-posible-corrupcion-en-la-entidad\/#breadcrumb","itemListElement":[{"@type":"ListItem","position":1,"name":"Home","item":"https:\/\/www.fiscalia.gov.co\/colombia\/"},{"@type":"ListItem","position":2,"name":"Exdirectivos de la UNGRD fueron imputados por nuevos hechos de posible corrupci\u00f3n en la entidad"}]},{"@type":"WebSite","@id":"https:\/\/www.fiscalia.gov.co\/colombia\/#website","url":"https:\/\/www.fiscalia.gov.co\/colombia\/","name":"Fiscal\u00eda General de la Naci\u00f3n","description":"P\u00e1gina oficial de la Fiscal\u00eda General de la Naci\u00f3n \u2013 Colombia. Garantizamos el acceso efectivo a la justicia, la verdad y la reparaci\u00f3n de las v\u00edctimas de los delitos.","publisher":{"@id":"https:\/\/www.fiscalia.gov.co\/colombia\/#organization"},"potentialAction":[{"@type":"SearchAction","target":{"@type":"EntryPoint","urlTemplate":"https:\/\/www.fiscalia.gov.co\/colombia\/?s={search_term_string}"},"query-input":{"@type":"PropertyValueSpecification","valueRequired":true,"valueName":"search_term_string"}}],"inLanguage":"es-CO"},{"@type":"Organization","@id":"https:\/\/www.fiscalia.gov.co\/colombia\/#organization","name":"Fiscal\u00eda General de la Naci\u00f3n","url":"https:\/\/www.fiscalia.gov.co\/colombia\/","logo":{"@type":"ImageObject","inLanguage":"es-CO","@id":"https:\/\/www.fiscalia.gov.co\/colombia\/#\/schema\/logo\/image\/","url":"https:\/\/www.fiscalia.gov.co\/colombia\/wp-content\/uploads\/LogoHorizontal_1.jpg","contentUrl":"https:\/\/www.fiscalia.gov.co\/colombia\/wp-content\/uploads\/LogoHorizontal_1.jpg","width":300,"height":90,"caption":"Fiscal\u00eda General de la Naci\u00f3n"},"image":{"@id":"https:\/\/www.fiscalia.gov.co\/colombia\/#\/schema\/logo\/image\/"},"sameAs":["https:\/\/www.facebook.com\/FiscaliaCol","https:\/\/x.com\/FiscaliaCol","https:\/\/www.instagram.com\/fiscaliacol","https:\/\/www.linkedin.com\/company\/fiscalia-general-de-la-naci-n\/","https:\/\/youtube.com\/@fiscaliageneraldelanacion-4668?si=6nN79nyQICPU5iTh"]},{"@type":"Person","@id":"https:\/\/www.fiscalia.gov.co\/colombia\/#\/schema\/person\/ba9eca435947489fb25117a0cd75bf3e","name":"Johanna Islenny Prieto Pe\u00f1a","image":{"@type":"ImageObject","inLanguage":"es-CO","@id":"https:\/\/www.fiscalia.gov.co\/colombia\/#\/schema\/person\/image\/","url":"https:\/\/secure.gravatar.com\/avatar\/111433fc2acb037ffb768f6a3ca47864?s=96&d=mm&r=g","contentUrl":"https:\/\/secure.gravatar.com\/avatar\/111433fc2acb037ffb768f6a3ca47864?s=96&d=mm&r=g","caption":"Johanna Islenny Prieto Pe\u00f1a"},"url":"https:\/\/www.fiscalia.gov.co\/colombia\/author\/jprietop\/"}]}},"_links":{"self":[{"href":"https:\/\/www.fiscalia.gov.co\/colombia\/wp-json\/wp\/v2\/posts\/304982","targetHints":{"allow":["GET"]}}],"collection":[{"href":"https:\/\/www.fiscalia.gov.co\/colombia\/wp-json\/wp\/v2\/posts"}],"about":[{"href":"https:\/\/www.fiscalia.gov.co\/colombia\/wp-json\/wp\/v2\/types\/post"}],"author":[{"embeddable":true,"href":"https:\/\/www.fiscalia.gov.co\/colombia\/wp-json\/wp\/v2\/users\/181"}],"replies":[{"embeddable":true,"href":"https:\/\/www.fiscalia.gov.co\/colombia\/wp-json\/wp\/v2\/comments?post=304982"}],"version-history":[{"count":1,"href":"https:\/\/www.fiscalia.gov.co\/colombia\/wp-json\/wp\/v2\/posts\/304982\/revisions"}],"predecessor-version":[{"id":304983,"href":"https:\/\/www.fiscalia.gov.co\/colombia\/wp-json\/wp\/v2\/posts\/304982\/revisions\/304983"}],"wp:attachment":[{"href":"https:\/\/www.fiscalia.gov.co\/colombia\/wp-json\/wp\/v2\/media?parent=304982"}],"wp:term":[{"taxonomy":"category","embeddable":true,"href":"https:\/\/www.fiscalia.gov.co\/colombia\/wp-json\/wp\/v2\/categories?post=304982"},{"taxonomy":"post_tag","embeddable":true,"href":"https:\/\/www.fiscalia.gov.co\/colombia\/wp-json\/wp\/v2\/tags?post=304982"}],"curies":[{"name":"wp","href":"https:\/\/api.w.org\/{rel}","templated":true}]}}