{"id":304627,"date":"2024-11-03T10:16:00","date_gmt":"2024-11-03T15:16:00","guid":{"rendered":"https:\/\/www.fiscalia.gov.co\/colombia\/?p=304627"},"modified":"2024-11-03T10:16:00","modified_gmt":"2024-11-03T15:16:00","slug":"judicializado-hombre-que-mantenia-en-cautiverio-boas-y-tortugas-matamata-en-un-inmueble-de-medellin","status":"publish","type":"post","link":"https:\/\/www.fiscalia.gov.co\/colombia\/noticias\/judicializado-hombre-que-mantenia-en-cautiverio-boas-y-tortugas-matamata-en-un-inmueble-de-medellin\/","title":{"rendered":"Judicializado hombre que manten\u00eda en cautiverio boas y tortugas matamata en un inmueble de Medell\u00edn"},"content":{"rendered":"<blockquote>\n<h4><em>De otra parte, fue imputado un hombre que albergaba a una canina y a sus cachorros en precarias condiciones.<\/em><\/h4>\n<\/blockquote>\n<p>Un fiscal del <strong>Grupo Especial para la Lucha contra el Maltrato Animal (Gelma)<\/strong> present\u00f3 ante jueces de control de garant\u00edas a dos personas que estar\u00edan involucradas en afectaciones a<strong> animales silvestres<\/strong> y dom\u00e9sticos en Antioquia.<\/p>\n<p><strong><u>Fauna silvestre en cautiverio<\/u><\/strong><\/p>\n<p>En una vivienda de Medell\u00edn (Antioquia), Santiago Ospina Mu\u00f1oz manten\u00eda en cautiverio a cinco<strong> boas constrictor<\/strong> y a una <strong>tortuga matamata<\/strong>, dos especies de la amazonia que habr\u00edan sido extra\u00eddas de su h\u00e1bitat y trasladadas en precarias condiciones al inmueble, donde permanec\u00edan en un espacio no apto para su conservaci\u00f3n.<\/p>\n<p>Los animales fueron recuperados y puestos a disposici\u00f3n de la autoridad ambiental. Entre tanto, Ospina Mu\u00f1oz fue presentado ante un juez de control de garant\u00edas e imputado por los delitos de <strong>aprovechamiento il\u00edcito de recursos naturales renovables y tr\u00e1fico de fauna.<\/strong><\/p>\n<p><strong><u>Perros en precarias condiciones <\/u><\/strong><\/p>\n<p>Alexander Aguirre Marulanda ser\u00eda el responsable de albergar a una canina, llamada \u2018Sasha\u2019, y a sus cachorros en una casa de<strong> Sabaneta (Antioquia)<\/strong>, en mal estado de salud y con dificultades f\u00edsicas.<\/p>\n<p>El pasado 28 de agosto, autoridades ambientales realizaron una inspecci\u00f3n y constataron que los animales presentaban un estado avanzado de desnutrici\u00f3n y otras complicaciones.<\/p>\n<p>En ese sentido, \u2018Sasha\u2019 y sus cachorros fueron trasladados a un centro de recuperaci\u00f3n integral.\u00a0 Aguirre Marulanda fue citado a audiencia de imputaci\u00f3n, en la que le fue formulado el cargo de <strong>maltrato animal.<\/strong><\/p>\n<p>AMCJ\/JARG\/JMT\/GELMA\/<\/p>\n<p><em>La informaci\u00f3n contenida en este bolet\u00edn de prensa corresponde a la narraci\u00f3n de los hechos noticiosos objetivos, suministrados por los funcionarios encargados de adelantar las investigaciones penales al interior de la Fiscal\u00eda General de la Naci\u00f3n. Para el momento de la divulgaci\u00f3n de este comunicado, la situaci\u00f3n jur\u00eddica de la(s) persona(s) relacionada(s) se encuentra pendiente de resolver por la autoridad judicial competente, siempre bajo los preceptos de la presunci\u00f3n de inocencia, consagrados en el art\u00edculo 29 de la Constituci\u00f3n Pol\u00edtica y el art\u00edculo 7\u00ba de la Ley 906 de 2004.<\/em><\/p>\n\n<div class=\"twitter-share\"><a href=\"https:\/\/twitter.com\/intent\/tweet?via=fiscaliacol\" class=\"twitter-share-button\">Tweet<\/a><\/div>\n","protected":false},"excerpt":{"rendered":"<p>De otra parte, fue imputado un hombre que albergaba a una canina y a sus cachorros en precarias condiciones. Un fiscal del Grupo Especial para la Lucha contra el Maltrato Animal (Gelma) present\u00f3 ante jueces de control de garant\u00edas a dos personas que estar\u00edan involucradas en afectaciones a animales silvestres y dom\u00e9sticos en Antioquia. Fauna [&hellip;]<\/p>\n","protected":false},"author":182,"featured_media":0,"comment_status":"closed","ping_status":"open","sticky":false,"template":"","format":"standard","meta":{"_price":"","_stock":"","_tribe_ticket_header":"","_tribe_default_ticket_provider":"","_tribe_ticket_capacity":"0","_ticket_start_date":"","_ticket_end_date":"","_tribe_ticket_show_description":"","_tribe_ticket_show_not_going":false,"_tribe_ticket_use_global_stock":"","_tribe_ticket_global_stock_level":"","_global_stock_mode":"","_global_stock_cap":"","_tribe_rsvp_for_event":"","_tribe_ticket_going_count":"","_tribe_ticket_not_going_count":"","_tribe_tickets_list":"[]","_tribe_ticket_has_attendee_info_fields":false,"tdm_status":"","tdm_grid_status":"","footnotes":""},"categories":[1],"tags":[38906,30445,30252,38907,37492,1047,38085,18566,3253],"class_list":{"0":"post-304627","1":"post","2":"type-post","3":"status-publish","4":"format-standard","6":"category-noticias","7":"tag-animales-domesticos","8":"tag-animales-silvestres","9":"tag-aprovechamiento-ilicito-de-recursos-naturales-renovables","10":"tag-boas-constrictor","11":"tag-fiscal-luz-adriana-camargo","12":"tag-fiscalia-general-de-la-nacion","13":"tag-grupo-especial-para-la-lucha-contra-el-maltrato-animal-gelma","14":"tag-maltrato-animal","15":"tag-trafico-de-fauna"},"yoast_head":"<!-- This site is optimized with the Yoast SEO plugin v24.3 - https:\/\/yoast.com\/wordpress\/plugins\/seo\/ -->\n<title>Fiscal\u00eda General de la Naci\u00f3n<\/title>\n<meta name=\"description\" content=\"P\u00e1gina oficial de la Fiscal\u00eda General de la Naci\u00f3n \u2013 Colombia. Garantizamos el acceso efectivo a la justicia, la verdad y la reparaci\u00f3n de las v\u00edctimas de los delitos.\" \/>\n<meta name=\"robots\" content=\"noindex, follow\" \/>\n<meta property=\"og:locale\" content=\"es_ES\" \/>\n<meta property=\"og:type\" content=\"article\" \/>\n<meta property=\"og:title\" content=\"Fiscal\u00eda General de la Naci\u00f3n\" \/>\n<meta property=\"og:description\" content=\"P\u00e1gina oficial de la Fiscal\u00eda General de la Naci\u00f3n \u2013 Colombia. Garantizamos el acceso efectivo a la justicia, la verdad y la reparaci\u00f3n de las v\u00edctimas de los delitos.\" \/>\n<meta property=\"og:url\" content=\"https:\/\/www.fiscalia.gov.co\/colombia\/noticias\/judicializado-hombre-que-mantenia-en-cautiverio-boas-y-tortugas-matamata-en-un-inmueble-de-medellin\/\" \/>\n<meta property=\"og:site_name\" content=\"Fiscal\u00eda General de la Naci\u00f3n\" \/>\n<meta property=\"article:publisher\" content=\"https:\/\/www.facebook.com\/FiscaliaCol\" \/>\n<meta property=\"article:published_time\" content=\"2024-11-03T15:16:00+00:00\" \/>\n<meta name=\"author\" content=\"Paula Andrea Castillo Lenis\" \/>\n<meta name=\"twitter:card\" content=\"summary_large_image\" \/>\n<meta name=\"twitter:creator\" content=\"@FiscaliaCol\" \/>\n<meta name=\"twitter:site\" content=\"@FiscaliaCol\" \/>\n<meta name=\"twitter:label1\" content=\"Escrito por\" \/>\n\t<meta name=\"twitter:data1\" content=\"Paula Andrea Castillo Lenis\" \/>\n\t<meta name=\"twitter:label2\" content=\"Tiempo de lectura\" \/>\n\t<meta name=\"twitter:data2\" content=\"2 minutos\" \/>\n<script type=\"application\/ld+json\" class=\"yoast-schema-graph\">{\"@context\":\"https:\/\/schema.org\",\"@graph\":[{\"@type\":\"Article\",\"@id\":\"https:\/\/www.fiscalia.gov.co\/colombia\/noticias\/judicializado-hombre-que-mantenia-en-cautiverio-boas-y-tortugas-matamata-en-un-inmueble-de-medellin\/#article\",\"isPartOf\":{\"@id\":\"https:\/\/www.fiscalia.gov.co\/colombia\/noticias\/judicializado-hombre-que-mantenia-en-cautiverio-boas-y-tortugas-matamata-en-un-inmueble-de-medellin\/\"},\"author\":{\"name\":\"Paula Andrea Castillo Lenis\",\"@id\":\"https:\/\/www.fiscalia.gov.co\/colombia\/#\/schema\/person\/66c172905e0492f1de6bbe5f93c4668f\"},\"headline\":\"Judicializado hombre que manten\u00eda en cautiverio boas y tortugas matamata en un inmueble de Medell\u00edn\",\"datePublished\":\"2024-11-03T15:16:00+00:00\",\"dateModified\":\"2024-11-03T15:16:00+00:00\",\"mainEntityOfPage\":{\"@id\":\"https:\/\/www.fiscalia.gov.co\/colombia\/noticias\/judicializado-hombre-que-mantenia-en-cautiverio-boas-y-tortugas-matamata-en-un-inmueble-de-medellin\/\"},\"wordCount\":387,\"publisher\":{\"@id\":\"https:\/\/www.fiscalia.gov.co\/colombia\/#organization\"},\"keywords\":[\"animales dom\u00e9sticos\",\"animales silvestres\",\"aprovechamiento il\u00edcito de recursos naturales renovables\",\"boas constrictor\",\"Fiscal Luz Adriana Camargo\",\"Fiscal\u00eda General de la Naci\u00f3n\",\"Grupo Especial para la Lucha contra el Maltrato Animal (Gelma)\",\"Maltrato animal\",\"Tr\u00e1fico de fauna\"],\"articleSection\":[\"Noticias\"],\"inLanguage\":\"es-CO\"},{\"@type\":\"WebPage\",\"@id\":\"https:\/\/www.fiscalia.gov.co\/colombia\/noticias\/judicializado-hombre-que-mantenia-en-cautiverio-boas-y-tortugas-matamata-en-un-inmueble-de-medellin\/\",\"url\":\"https:\/\/www.fiscalia.gov.co\/colombia\/noticias\/judicializado-hombre-que-mantenia-en-cautiverio-boas-y-tortugas-matamata-en-un-inmueble-de-medellin\/\",\"name\":\"Fiscal\u00eda General de la Naci\u00f3n\",\"isPartOf\":{\"@id\":\"https:\/\/www.fiscalia.gov.co\/colombia\/#website\"},\"datePublished\":\"2024-11-03T15:16:00+00:00\",\"dateModified\":\"2024-11-03T15:16:00+00:00\",\"description\":\"P\u00e1gina oficial de la Fiscal\u00eda General de la Naci\u00f3n \u2013 Colombia. Garantizamos el acceso efectivo a la justicia, la verdad y la reparaci\u00f3n de las v\u00edctimas de los delitos.\",\"breadcrumb\":{\"@id\":\"https:\/\/www.fiscalia.gov.co\/colombia\/noticias\/judicializado-hombre-que-mantenia-en-cautiverio-boas-y-tortugas-matamata-en-un-inmueble-de-medellin\/#breadcrumb\"},\"inLanguage\":\"es-CO\",\"potentialAction\":[{\"@type\":\"ReadAction\",\"target\":[\"https:\/\/www.fiscalia.gov.co\/colombia\/noticias\/judicializado-hombre-que-mantenia-en-cautiverio-boas-y-tortugas-matamata-en-un-inmueble-de-medellin\/\"]}]},{\"@type\":\"BreadcrumbList\",\"@id\":\"https:\/\/www.fiscalia.gov.co\/colombia\/noticias\/judicializado-hombre-que-mantenia-en-cautiverio-boas-y-tortugas-matamata-en-un-inmueble-de-medellin\/#breadcrumb\",\"itemListElement\":[{\"@type\":\"ListItem\",\"position\":1,\"name\":\"Home\",\"item\":\"https:\/\/www.fiscalia.gov.co\/colombia\/\"},{\"@type\":\"ListItem\",\"position\":2,\"name\":\"Judicializado hombre que manten\u00eda en cautiverio boas y tortugas matamata en un inmueble de Medell\u00edn\"}]},{\"@type\":\"WebSite\",\"@id\":\"https:\/\/www.fiscalia.gov.co\/colombia\/#website\",\"url\":\"https:\/\/www.fiscalia.gov.co\/colombia\/\",\"name\":\"Fiscal\u00eda General de la Naci\u00f3n\",\"description\":\"P\u00e1gina oficial de la Fiscal\u00eda General de la Naci\u00f3n \u2013 Colombia. Garantizamos el acceso efectivo a la justicia, la verdad y la reparaci\u00f3n de las v\u00edctimas de los delitos.\",\"publisher\":{\"@id\":\"https:\/\/www.fiscalia.gov.co\/colombia\/#organization\"},\"potentialAction\":[{\"@type\":\"SearchAction\",\"target\":{\"@type\":\"EntryPoint\",\"urlTemplate\":\"https:\/\/www.fiscalia.gov.co\/colombia\/?s={search_term_string}\"},\"query-input\":{\"@type\":\"PropertyValueSpecification\",\"valueRequired\":true,\"valueName\":\"search_term_string\"}}],\"inLanguage\":\"es-CO\"},{\"@type\":\"Organization\",\"@id\":\"https:\/\/www.fiscalia.gov.co\/colombia\/#organization\",\"name\":\"Fiscal\u00eda General de la Naci\u00f3n\",\"url\":\"https:\/\/www.fiscalia.gov.co\/colombia\/\",\"logo\":{\"@type\":\"ImageObject\",\"inLanguage\":\"es-CO\",\"@id\":\"https:\/\/www.fiscalia.gov.co\/colombia\/#\/schema\/logo\/image\/\",\"url\":\"https:\/\/www.fiscalia.gov.co\/colombia\/wp-content\/uploads\/LogoHorizontal_1.jpg\",\"contentUrl\":\"https:\/\/www.fiscalia.gov.co\/colombia\/wp-content\/uploads\/LogoHorizontal_1.jpg\",\"width\":300,\"height\":90,\"caption\":\"Fiscal\u00eda General de la Naci\u00f3n\"},\"image\":{\"@id\":\"https:\/\/www.fiscalia.gov.co\/colombia\/#\/schema\/logo\/image\/\"},\"sameAs\":[\"https:\/\/www.facebook.com\/FiscaliaCol\",\"https:\/\/x.com\/FiscaliaCol\",\"https:\/\/www.instagram.com\/fiscaliacol\",\"https:\/\/www.linkedin.com\/company\/fiscalia-general-de-la-naci-n\/\",\"https:\/\/youtube.com\/@fiscaliageneraldelanacion-4668?si=6nN79nyQICPU5iTh\"]},{\"@type\":\"Person\",\"@id\":\"https:\/\/www.fiscalia.gov.co\/colombia\/#\/schema\/person\/66c172905e0492f1de6bbe5f93c4668f\",\"name\":\"Paula Andrea Castillo Lenis\",\"image\":{\"@type\":\"ImageObject\",\"inLanguage\":\"es-CO\",\"@id\":\"https:\/\/www.fiscalia.gov.co\/colombia\/#\/schema\/person\/image\/\",\"url\":\"https:\/\/secure.gravatar.com\/avatar\/cb060d9561f2947c4102d1825739f868?s=96&d=mm&r=g\",\"contentUrl\":\"https:\/\/secure.gravatar.com\/avatar\/cb060d9561f2947c4102d1825739f868?s=96&d=mm&r=g\",\"caption\":\"Paula Andrea Castillo Lenis\"},\"url\":\"https:\/\/www.fiscalia.gov.co\/colombia\/author\/paula-castillo\/\"}]}<\/script>\n<!-- \/ Yoast SEO plugin. -->","yoast_head_json":{"title":"Fiscal\u00eda General de la Naci\u00f3n","description":"P\u00e1gina oficial de la Fiscal\u00eda General de la Naci\u00f3n \u2013 Colombia. Garantizamos el acceso efectivo a la justicia, la verdad y la reparaci\u00f3n de las v\u00edctimas de los delitos.","robots":{"index":"noindex","follow":"follow"},"og_locale":"es_ES","og_type":"article","og_title":"Fiscal\u00eda General de la Naci\u00f3n","og_description":"P\u00e1gina oficial de la Fiscal\u00eda General de la Naci\u00f3n \u2013 Colombia. Garantizamos el acceso efectivo a la justicia, la verdad y la reparaci\u00f3n de las v\u00edctimas de los delitos.","og_url":"https:\/\/www.fiscalia.gov.co\/colombia\/noticias\/judicializado-hombre-que-mantenia-en-cautiverio-boas-y-tortugas-matamata-en-un-inmueble-de-medellin\/","og_site_name":"Fiscal\u00eda General de la Naci\u00f3n","article_publisher":"https:\/\/www.facebook.com\/FiscaliaCol","article_published_time":"2024-11-03T15:16:00+00:00","author":"Paula Andrea Castillo Lenis","twitter_card":"summary_large_image","twitter_creator":"@FiscaliaCol","twitter_site":"@FiscaliaCol","twitter_misc":{"Escrito por":"Paula Andrea Castillo Lenis","Tiempo de lectura":"2 minutos"},"schema":{"@context":"https:\/\/schema.org","@graph":[{"@type":"Article","@id":"https:\/\/www.fiscalia.gov.co\/colombia\/noticias\/judicializado-hombre-que-mantenia-en-cautiverio-boas-y-tortugas-matamata-en-un-inmueble-de-medellin\/#article","isPartOf":{"@id":"https:\/\/www.fiscalia.gov.co\/colombia\/noticias\/judicializado-hombre-que-mantenia-en-cautiverio-boas-y-tortugas-matamata-en-un-inmueble-de-medellin\/"},"author":{"name":"Paula Andrea Castillo Lenis","@id":"https:\/\/www.fiscalia.gov.co\/colombia\/#\/schema\/person\/66c172905e0492f1de6bbe5f93c4668f"},"headline":"Judicializado hombre que manten\u00eda en cautiverio boas y tortugas matamata en un inmueble de Medell\u00edn","datePublished":"2024-11-03T15:16:00+00:00","dateModified":"2024-11-03T15:16:00+00:00","mainEntityOfPage":{"@id":"https:\/\/www.fiscalia.gov.co\/colombia\/noticias\/judicializado-hombre-que-mantenia-en-cautiverio-boas-y-tortugas-matamata-en-un-inmueble-de-medellin\/"},"wordCount":387,"publisher":{"@id":"https:\/\/www.fiscalia.gov.co\/colombia\/#organization"},"keywords":["animales dom\u00e9sticos","animales silvestres","aprovechamiento il\u00edcito de recursos naturales renovables","boas constrictor","Fiscal Luz Adriana Camargo","Fiscal\u00eda General de la Naci\u00f3n","Grupo Especial para la Lucha contra el Maltrato Animal (Gelma)","Maltrato animal","Tr\u00e1fico de fauna"],"articleSection":["Noticias"],"inLanguage":"es-CO"},{"@type":"WebPage","@id":"https:\/\/www.fiscalia.gov.co\/colombia\/noticias\/judicializado-hombre-que-mantenia-en-cautiverio-boas-y-tortugas-matamata-en-un-inmueble-de-medellin\/","url":"https:\/\/www.fiscalia.gov.co\/colombia\/noticias\/judicializado-hombre-que-mantenia-en-cautiverio-boas-y-tortugas-matamata-en-un-inmueble-de-medellin\/","name":"Fiscal\u00eda General de la Naci\u00f3n","isPartOf":{"@id":"https:\/\/www.fiscalia.gov.co\/colombia\/#website"},"datePublished":"2024-11-03T15:16:00+00:00","dateModified":"2024-11-03T15:16:00+00:00","description":"P\u00e1gina oficial de la Fiscal\u00eda General de la Naci\u00f3n \u2013 Colombia. Garantizamos el acceso efectivo a la justicia, la verdad y la reparaci\u00f3n de las v\u00edctimas de los delitos.","breadcrumb":{"@id":"https:\/\/www.fiscalia.gov.co\/colombia\/noticias\/judicializado-hombre-que-mantenia-en-cautiverio-boas-y-tortugas-matamata-en-un-inmueble-de-medellin\/#breadcrumb"},"inLanguage":"es-CO","potentialAction":[{"@type":"ReadAction","target":["https:\/\/www.fiscalia.gov.co\/colombia\/noticias\/judicializado-hombre-que-mantenia-en-cautiverio-boas-y-tortugas-matamata-en-un-inmueble-de-medellin\/"]}]},{"@type":"BreadcrumbList","@id":"https:\/\/www.fiscalia.gov.co\/colombia\/noticias\/judicializado-hombre-que-mantenia-en-cautiverio-boas-y-tortugas-matamata-en-un-inmueble-de-medellin\/#breadcrumb","itemListElement":[{"@type":"ListItem","position":1,"name":"Home","item":"https:\/\/www.fiscalia.gov.co\/colombia\/"},{"@type":"ListItem","position":2,"name":"Judicializado hombre que manten\u00eda en cautiverio boas y tortugas matamata en un inmueble de Medell\u00edn"}]},{"@type":"WebSite","@id":"https:\/\/www.fiscalia.gov.co\/colombia\/#website","url":"https:\/\/www.fiscalia.gov.co\/colombia\/","name":"Fiscal\u00eda General de la Naci\u00f3n","description":"P\u00e1gina oficial de la Fiscal\u00eda General de la Naci\u00f3n \u2013 Colombia. Garantizamos el acceso efectivo a la justicia, la verdad y la reparaci\u00f3n de las v\u00edctimas de los delitos.","publisher":{"@id":"https:\/\/www.fiscalia.gov.co\/colombia\/#organization"},"potentialAction":[{"@type":"SearchAction","target":{"@type":"EntryPoint","urlTemplate":"https:\/\/www.fiscalia.gov.co\/colombia\/?s={search_term_string}"},"query-input":{"@type":"PropertyValueSpecification","valueRequired":true,"valueName":"search_term_string"}}],"inLanguage":"es-CO"},{"@type":"Organization","@id":"https:\/\/www.fiscalia.gov.co\/colombia\/#organization","name":"Fiscal\u00eda General de la Naci\u00f3n","url":"https:\/\/www.fiscalia.gov.co\/colombia\/","logo":{"@type":"ImageObject","inLanguage":"es-CO","@id":"https:\/\/www.fiscalia.gov.co\/colombia\/#\/schema\/logo\/image\/","url":"https:\/\/www.fiscalia.gov.co\/colombia\/wp-content\/uploads\/LogoHorizontal_1.jpg","contentUrl":"https:\/\/www.fiscalia.gov.co\/colombia\/wp-content\/uploads\/LogoHorizontal_1.jpg","width":300,"height":90,"caption":"Fiscal\u00eda General de la Naci\u00f3n"},"image":{"@id":"https:\/\/www.fiscalia.gov.co\/colombia\/#\/schema\/logo\/image\/"},"sameAs":["https:\/\/www.facebook.com\/FiscaliaCol","https:\/\/x.com\/FiscaliaCol","https:\/\/www.instagram.com\/fiscaliacol","https:\/\/www.linkedin.com\/company\/fiscalia-general-de-la-naci-n\/","https:\/\/youtube.com\/@fiscaliageneraldelanacion-4668?si=6nN79nyQICPU5iTh"]},{"@type":"Person","@id":"https:\/\/www.fiscalia.gov.co\/colombia\/#\/schema\/person\/66c172905e0492f1de6bbe5f93c4668f","name":"Paula Andrea Castillo Lenis","image":{"@type":"ImageObject","inLanguage":"es-CO","@id":"https:\/\/www.fiscalia.gov.co\/colombia\/#\/schema\/person\/image\/","url":"https:\/\/secure.gravatar.com\/avatar\/cb060d9561f2947c4102d1825739f868?s=96&d=mm&r=g","contentUrl":"https:\/\/secure.gravatar.com\/avatar\/cb060d9561f2947c4102d1825739f868?s=96&d=mm&r=g","caption":"Paula Andrea Castillo Lenis"},"url":"https:\/\/www.fiscalia.gov.co\/colombia\/author\/paula-castillo\/"}]}},"_links":{"self":[{"href":"https:\/\/www.fiscalia.gov.co\/colombia\/wp-json\/wp\/v2\/posts\/304627","targetHints":{"allow":["GET"]}}],"collection":[{"href":"https:\/\/www.fiscalia.gov.co\/colombia\/wp-json\/wp\/v2\/posts"}],"about":[{"href":"https:\/\/www.fiscalia.gov.co\/colombia\/wp-json\/wp\/v2\/types\/post"}],"author":[{"embeddable":true,"href":"https:\/\/www.fiscalia.gov.co\/colombia\/wp-json\/wp\/v2\/users\/182"}],"replies":[{"embeddable":true,"href":"https:\/\/www.fiscalia.gov.co\/colombia\/wp-json\/wp\/v2\/comments?post=304627"}],"version-history":[{"count":1,"href":"https:\/\/www.fiscalia.gov.co\/colombia\/wp-json\/wp\/v2\/posts\/304627\/revisions"}],"predecessor-version":[{"id":304628,"href":"https:\/\/www.fiscalia.gov.co\/colombia\/wp-json\/wp\/v2\/posts\/304627\/revisions\/304628"}],"wp:attachment":[{"href":"https:\/\/www.fiscalia.gov.co\/colombia\/wp-json\/wp\/v2\/media?parent=304627"}],"wp:term":[{"taxonomy":"category","embeddable":true,"href":"https:\/\/www.fiscalia.gov.co\/colombia\/wp-json\/wp\/v2\/categories?post=304627"},{"taxonomy":"post_tag","embeddable":true,"href":"https:\/\/www.fiscalia.gov.co\/colombia\/wp-json\/wp\/v2\/tags?post=304627"}],"curies":[{"name":"wp","href":"https:\/\/api.w.org\/{rel}","templated":true}]}}