{"id":304408,"date":"2024-10-30T10:37:56","date_gmt":"2024-10-30T15:37:56","guid":{"rendered":"https:\/\/www.fiscalia.gov.co\/colombia\/?p=304408"},"modified":"2024-10-30T10:37:56","modified_gmt":"2024-10-30T15:37:56","slug":"la-accion-de-la-fiscalia-permitio-que-en-tolima-un-hombre-senalado-de-abusar-sexualmente-a-su-pareja-y-dos-menores-de-edad-fuera-enviado-a-la-carcel","status":"publish","type":"post","link":"https:\/\/www.fiscalia.gov.co\/colombia\/noticias\/la-accion-de-la-fiscalia-permitio-que-en-tolima-un-hombre-senalado-de-abusar-sexualmente-a-su-pareja-y-dos-menores-de-edad-fuera-enviado-a-la-carcel\/","title":{"rendered":"La acci\u00f3n de la Fiscal\u00eda permiti\u00f3 que en Tolima un hombre se\u00f1alado de abusar sexualmente a su pareja y dos menores de edad, fuera enviado a la c\u00e1rcel"},"content":{"rendered":"<p style=\"font-weight: 400;\">La orden de captura solicitada por la Fiscal\u00eda General de la Naci\u00f3n, en contra de un hombre que habr\u00eda agredido a su pareja sentimental y, dos menores de edad, permiti\u00f3 que el investigado fuera detenido en la Terminal de Transportes de Bogot\u00e1. <strong>La acci\u00f3n se dio debido a la investigaci\u00f3n que se adelanta contra el procesado por delitos de violencia basada en g\u00e9nero.<\/strong><\/p>\n<p style=\"font-weight: 400;\">El procesado, de 42 a\u00f1os, es requerido por delitos de actos sexuales con menor de 14 a\u00f1os, acceso carnal violento y violencia intrafamiliar, todas las conductas agravadas. La Fiscal\u00eda, a trav\u00e9s de un despacho de Dolores (Tolima) <strong>investiga la aparente comisi\u00f3n de las referidas conductas delictivas, presuntamente configuradas durante los a\u00f1os 2018, 2019 y 2022.<\/strong><\/p>\n<figure id=\"attachment_304410\" aria-describedby=\"caption-attachment-304410\" style=\"width: 492px\" class=\"wp-caption aligncenter\"><img loading=\"lazy\" decoding=\"async\" class=\" wp-image-304410\" src=\"https:\/\/www.fiscalia.gov.co\/colombia\/wp-content\/uploads\/abusador-dolores-tolima-detenido-en-terminal-de-bgta-300x237.jpeg\" alt=\"en la imagen se ve una persona detenida bajo custodia de dos integrantes de la Polic\u00eda Nacional. Detr\u00e1s suyo un backing institucional.\" width=\"492\" height=\"389\" srcset=\"https:\/\/www.fiscalia.gov.co\/colombia\/wp-content\/uploads\/abusador-dolores-tolima-detenido-en-terminal-de-bgta-300x237.jpeg 300w, https:\/\/www.fiscalia.gov.co\/colombia\/wp-content\/uploads\/abusador-dolores-tolima-detenido-en-terminal-de-bgta-1024x811.jpeg 1024w, https:\/\/www.fiscalia.gov.co\/colombia\/wp-content\/uploads\/abusador-dolores-tolima-detenido-en-terminal-de-bgta-768x608.jpeg 768w, https:\/\/www.fiscalia.gov.co\/colombia\/wp-content\/uploads\/abusador-dolores-tolima-detenido-en-terminal-de-bgta-531x420.jpeg 531w, https:\/\/www.fiscalia.gov.co\/colombia\/wp-content\/uploads\/abusador-dolores-tolima-detenido-en-terminal-de-bgta-696x551.jpeg 696w, https:\/\/www.fiscalia.gov.co\/colombia\/wp-content\/uploads\/abusador-dolores-tolima-detenido-en-terminal-de-bgta-1068x845.jpeg 1068w, https:\/\/www.fiscalia.gov.co\/colombia\/wp-content\/uploads\/abusador-dolores-tolima-detenido-en-terminal-de-bgta.jpeg 1137w\" sizes=\"auto, (max-width: 492px) 100vw, 492px\" \/><figcaption id=\"caption-attachment-304410\" class=\"wp-caption-text\">El hombre de 42 a\u00f1os fue detenido en una solicitud de antecedentes de rutina cuando llegaba a la terminal de transportes de Bogot\u00e1.<\/figcaption><\/figure>\n<p style=\"font-weight: 400;\">En uno de los hechos que se investiga, se cree que el hombre agredi\u00f3 a su compa\u00f1era sentimental e hijo de 8 a\u00f1os. El ente acusador determin\u00f3 que despu\u00e9s\u00a0de tener una relaci\u00f3n tranquila durante los primeros quince d\u00edas de convivencia, el entorno familiar se convirti\u00f3 en un escenario de\u00a0violencia.<\/p>\n<p style=\"font-weight: 400;\">Labores de polic\u00eda judicial evidenciaron que\u00a0<strong>el\u00a0procesado, presuntamente, agredi\u00f3\u00a0de manera f\u00edsica y psicol\u00f3gica a su pareja, a\u00a0quien\u00a0incluso forzar\u00eda a sostener relaciones sexuales \u00edntimas, tras intimidarla con un arma\u00a0corto punzante<\/strong>.\u00a0El ni\u00f1o, por su parte, habr\u00eda sido objeto de\u00a0tocamientos\u00a0en sus partes \u00edntimas.<\/p>\n<p style=\"font-weight: 400;\">En otro hecho ocurrido en 2022, la v\u00edctima habr\u00eda sido la hija\u00a0de\u00a0su\u00a0nueva compa\u00f1era sentimental.\u00a0Al parecer,\u00a0el investigado accedi\u00f3 carnalmente a la menor de 15 a\u00f1os en junio\u00a0del ese a\u00f1o.\u00a0El procesado, al parecer, ingres\u00f3\u00a0al\u00a0cuarto de la\u00a0adolescente, a quien le habr\u00eda exigido permanecer en\u00a0ropa interior, para luego agredirla\u00a0sexualmente. Al parecer, buscando que no contara lo sucedido, el hombre le dejo dinero y\u00a0se march\u00f3.<\/p>\n<p style=\"font-weight: 400;\">El procesado neg\u00f3 su responsabilidad en cuanto a los cargos en su contra.\u00a0La Fiscal\u00eda consider\u00f3 que en este caso era necesario imponer medida de aseguramiento carcelario, solicitud que fue avalada por el juez.<\/p>\n<p style=\"font-weight: 400;\">\n<p>&nbsp;<\/p>\n<p>&nbsp;<\/p>\n<p style=\"font-weight: 400;\">PAAM\/LMFO\/MAGA\/MCAA\/DST<\/p>\n<p style=\"font-weight: 400;\">\n<p style=\"font-weight: 400;\">\n<p>&nbsp;<\/p>\n<p>&nbsp;<\/p>\n<p><em>La informaci\u00f3n contenida en este bolet\u00edn de prensa corresponde a la narraci\u00f3n de los hechos noticiosos objetivos, suministrados por los funcionarios encargados de adelantar las investigaciones penales al interior de la Fiscal\u00eda General de la Naci\u00f3n. Para el momento de la divulgaci\u00f3n de este comunicado, la situaci\u00f3n jur\u00eddica de la(s) persona(s) relacionada(s) se encuentra pendiente de resolver por la autoridad judicial competente, siempre bajo los preceptos de la presunci\u00f3n de inocencia, consagrados en el art\u00edculo 29 de la Constituci\u00f3n Pol\u00edtica y el art\u00edculo 7\u00ba de la Ley 906 de 2004.<\/em><\/p>\n\n<div class=\"twitter-share\"><a href=\"https:\/\/twitter.com\/intent\/tweet?via=fiscaliacol\" class=\"twitter-share-button\">Tweet<\/a><\/div>\n","protected":false},"excerpt":{"rendered":"<p>La orden de captura solicitada por la Fiscal\u00eda General de la Naci\u00f3n, en contra de un hombre que habr\u00eda agredido a su pareja sentimental y, dos menores de edad, permiti\u00f3 que el investigado fuera detenido en la Terminal de Transportes de Bogot\u00e1. La acci\u00f3n se dio debido a la investigaci\u00f3n que se adelanta contra el [&hellip;]<\/p>\n","protected":false},"author":178,"featured_media":0,"comment_status":"closed","ping_status":"open","sticky":false,"template":"","format":"standard","meta":{"_price":"","_stock":"","_tribe_ticket_header":"","_tribe_default_ticket_provider":"","_tribe_ticket_capacity":"0","_ticket_start_date":"","_ticket_end_date":"","_tribe_ticket_show_description":"","_tribe_ticket_show_not_going":false,"_tribe_ticket_use_global_stock":"","_tribe_ticket_global_stock_level":"","_global_stock_mode":"","_global_stock_cap":"","_tribe_rsvp_for_event":"","_tribe_ticket_going_count":"","_tribe_ticket_not_going_count":"","_tribe_tickets_list":"[]","_tribe_ticket_has_attendee_info_fields":false,"tdm_status":"","tdm_grid_status":"","footnotes":""},"categories":[1,24127],"tags":[696,366,23821,7815,30365,34803,1047,693,32375,24549,24811,24211,38890,12189,4795,1176,682],"class_list":{"0":"post-304408","1":"post","2":"type-post","3":"status-publish","4":"format-standard","6":"category-noticias","7":"category-violencia-sexual-e-intrafamiliar","8":"tag-abuso","9":"tag-acceso-carnal","10":"tag-bogota","11":"tag-companera-sentimental","12":"tag-dolores","13":"tag-dolores-tolima","14":"tag-fiscalia-general-de-la-nacion","15":"tag-hijastra","16":"tag-nino","17":"tag-orden-judicial","18":"tag-purificacion","19":"tag-seccional-tolima","20":"tag-terminal-de-transportes","21":"tag-tolima","22":"tag-violencia-basada-en-genero","23":"tag-violencia-de-genero","24":"tag-violencia-intrafamiliar"},"yoast_head":"<!-- This site is optimized with the Yoast SEO plugin v24.3 - https:\/\/yoast.com\/wordpress\/plugins\/seo\/ -->\n<title>Fiscal\u00eda General de la Naci\u00f3n<\/title>\n<meta name=\"description\" content=\"P\u00e1gina oficial de la Fiscal\u00eda General de la Naci\u00f3n \u2013 Colombia. Garantizamos el acceso efectivo a la justicia, la verdad y la reparaci\u00f3n de las v\u00edctimas de los delitos.\" \/>\n<meta name=\"robots\" content=\"noindex, follow\" \/>\n<meta property=\"og:locale\" content=\"es_ES\" \/>\n<meta property=\"og:type\" content=\"article\" \/>\n<meta property=\"og:title\" content=\"Fiscal\u00eda General de la Naci\u00f3n\" \/>\n<meta property=\"og:description\" content=\"P\u00e1gina oficial de la Fiscal\u00eda General de la Naci\u00f3n \u2013 Colombia. Garantizamos el acceso efectivo a la justicia, la verdad y la reparaci\u00f3n de las v\u00edctimas de los delitos.\" \/>\n<meta property=\"og:url\" content=\"https:\/\/www.fiscalia.gov.co\/colombia\/noticias\/la-accion-de-la-fiscalia-permitio-que-en-tolima-un-hombre-senalado-de-abusar-sexualmente-a-su-pareja-y-dos-menores-de-edad-fuera-enviado-a-la-carcel\/\" \/>\n<meta property=\"og:site_name\" content=\"Fiscal\u00eda General de la Naci\u00f3n\" \/>\n<meta property=\"article:publisher\" content=\"https:\/\/www.facebook.com\/FiscaliaCol\" \/>\n<meta property=\"article:published_time\" content=\"2024-10-30T15:37:56+00:00\" \/>\n<meta property=\"og:image\" content=\"https:\/\/www.fiscalia.gov.co\/colombia\/wp-content\/uploads\/abusador-dolores-tolima-detenido-en-terminal-de-bgta-300x237.jpeg\" \/>\n<meta name=\"author\" content=\"Winnie Geraldine Rodr\u00edguez Navarrete\" \/>\n<meta name=\"twitter:card\" content=\"summary_large_image\" \/>\n<meta name=\"twitter:creator\" content=\"@FiscaliaCol\" \/>\n<meta name=\"twitter:site\" content=\"@FiscaliaCol\" \/>\n<meta name=\"twitter:label1\" content=\"Escrito por\" \/>\n\t<meta name=\"twitter:data1\" content=\"Winnie Geraldine Rodr\u00edguez Navarrete\" \/>\n\t<meta name=\"twitter:label2\" content=\"Tiempo de lectura\" \/>\n\t<meta name=\"twitter:data2\" content=\"3 minutos\" \/>\n<script type=\"application\/ld+json\" class=\"yoast-schema-graph\">{\"@context\":\"https:\/\/schema.org\",\"@graph\":[{\"@type\":\"Article\",\"@id\":\"https:\/\/www.fiscalia.gov.co\/colombia\/noticias\/la-accion-de-la-fiscalia-permitio-que-en-tolima-un-hombre-senalado-de-abusar-sexualmente-a-su-pareja-y-dos-menores-de-edad-fuera-enviado-a-la-carcel\/#article\",\"isPartOf\":{\"@id\":\"https:\/\/www.fiscalia.gov.co\/colombia\/noticias\/la-accion-de-la-fiscalia-permitio-que-en-tolima-un-hombre-senalado-de-abusar-sexualmente-a-su-pareja-y-dos-menores-de-edad-fuera-enviado-a-la-carcel\/\"},\"author\":{\"name\":\"Winnie Geraldine Rodr\u00edguez Navarrete\",\"@id\":\"https:\/\/www.fiscalia.gov.co\/colombia\/#\/schema\/person\/176195b99ebab0a52aafa15197e1bf80\"},\"headline\":\"La acci\u00f3n de la Fiscal\u00eda permiti\u00f3 que en Tolima un hombre se\u00f1alado de abusar sexualmente a su pareja y dos menores de edad, fuera enviado a la c\u00e1rcel\",\"datePublished\":\"2024-10-30T15:37:56+00:00\",\"dateModified\":\"2024-10-30T15:37:56+00:00\",\"mainEntityOfPage\":{\"@id\":\"https:\/\/www.fiscalia.gov.co\/colombia\/noticias\/la-accion-de-la-fiscalia-permitio-que-en-tolima-un-hombre-senalado-de-abusar-sexualmente-a-su-pareja-y-dos-menores-de-edad-fuera-enviado-a-la-carcel\/\"},\"wordCount\":519,\"publisher\":{\"@id\":\"https:\/\/www.fiscalia.gov.co\/colombia\/#organization\"},\"image\":{\"@id\":\"https:\/\/www.fiscalia.gov.co\/colombia\/noticias\/la-accion-de-la-fiscalia-permitio-que-en-tolima-un-hombre-senalado-de-abusar-sexualmente-a-su-pareja-y-dos-menores-de-edad-fuera-enviado-a-la-carcel\/#primaryimage\"},\"thumbnailUrl\":\"https:\/\/www.fiscalia.gov.co\/colombia\/wp-content\/uploads\/abusador-dolores-tolima-detenido-en-terminal-de-bgta-300x237.jpeg\",\"keywords\":[\"Abuso\",\"Acceso carnal\",\"Bogot\u00e1\",\"Compa\u00f1era sentimental\",\"Dolores\",\"Dolores (Tolima)\",\"Fiscal\u00eda General de la Naci\u00f3n\",\"Hijastra\",\"ni\u00f1o\",\"orden judicial\",\"Purificaci\u00f3n\",\"Seccional Tolima\",\"Terminal de Transportes\",\"Tolima\",\"Violencia basada en g\u00e9nero\",\"Violencia de g\u00e9nero\",\"Violencia intrafamiliar\"],\"articleSection\":[\"Noticias\",\"Violencia sexual e intrafamiliar\"],\"inLanguage\":\"es-CO\"},{\"@type\":\"WebPage\",\"@id\":\"https:\/\/www.fiscalia.gov.co\/colombia\/noticias\/la-accion-de-la-fiscalia-permitio-que-en-tolima-un-hombre-senalado-de-abusar-sexualmente-a-su-pareja-y-dos-menores-de-edad-fuera-enviado-a-la-carcel\/\",\"url\":\"https:\/\/www.fiscalia.gov.co\/colombia\/noticias\/la-accion-de-la-fiscalia-permitio-que-en-tolima-un-hombre-senalado-de-abusar-sexualmente-a-su-pareja-y-dos-menores-de-edad-fuera-enviado-a-la-carcel\/\",\"name\":\"Fiscal\u00eda General de la Naci\u00f3n\",\"isPartOf\":{\"@id\":\"https:\/\/www.fiscalia.gov.co\/colombia\/#website\"},\"primaryImageOfPage\":{\"@id\":\"https:\/\/www.fiscalia.gov.co\/colombia\/noticias\/la-accion-de-la-fiscalia-permitio-que-en-tolima-un-hombre-senalado-de-abusar-sexualmente-a-su-pareja-y-dos-menores-de-edad-fuera-enviado-a-la-carcel\/#primaryimage\"},\"image\":{\"@id\":\"https:\/\/www.fiscalia.gov.co\/colombia\/noticias\/la-accion-de-la-fiscalia-permitio-que-en-tolima-un-hombre-senalado-de-abusar-sexualmente-a-su-pareja-y-dos-menores-de-edad-fuera-enviado-a-la-carcel\/#primaryimage\"},\"thumbnailUrl\":\"https:\/\/www.fiscalia.gov.co\/colombia\/wp-content\/uploads\/abusador-dolores-tolima-detenido-en-terminal-de-bgta-300x237.jpeg\",\"datePublished\":\"2024-10-30T15:37:56+00:00\",\"dateModified\":\"2024-10-30T15:37:56+00:00\",\"description\":\"P\u00e1gina oficial de la Fiscal\u00eda General de la Naci\u00f3n \u2013 Colombia. Garantizamos el acceso efectivo a la justicia, la verdad y la reparaci\u00f3n de las v\u00edctimas de los delitos.\",\"breadcrumb\":{\"@id\":\"https:\/\/www.fiscalia.gov.co\/colombia\/noticias\/la-accion-de-la-fiscalia-permitio-que-en-tolima-un-hombre-senalado-de-abusar-sexualmente-a-su-pareja-y-dos-menores-de-edad-fuera-enviado-a-la-carcel\/#breadcrumb\"},\"inLanguage\":\"es-CO\",\"potentialAction\":[{\"@type\":\"ReadAction\",\"target\":[\"https:\/\/www.fiscalia.gov.co\/colombia\/noticias\/la-accion-de-la-fiscalia-permitio-que-en-tolima-un-hombre-senalado-de-abusar-sexualmente-a-su-pareja-y-dos-menores-de-edad-fuera-enviado-a-la-carcel\/\"]}]},{\"@type\":\"ImageObject\",\"inLanguage\":\"es-CO\",\"@id\":\"https:\/\/www.fiscalia.gov.co\/colombia\/noticias\/la-accion-de-la-fiscalia-permitio-que-en-tolima-un-hombre-senalado-de-abusar-sexualmente-a-su-pareja-y-dos-menores-de-edad-fuera-enviado-a-la-carcel\/#primaryimage\",\"url\":\"https:\/\/www.fiscalia.gov.co\/colombia\/wp-content\/uploads\/abusador-dolores-tolima-detenido-en-terminal-de-bgta.jpeg\",\"contentUrl\":\"https:\/\/www.fiscalia.gov.co\/colombia\/wp-content\/uploads\/abusador-dolores-tolima-detenido-en-terminal-de-bgta.jpeg\",\"width\":1137,\"height\":900,\"caption\":\"El hombre de 42 a\u00f1os fue detenido en una solicitud de antecedentes de rutina cuando llegaba a la terminal de transportes de Bogot\u00e1.\"},{\"@type\":\"BreadcrumbList\",\"@id\":\"https:\/\/www.fiscalia.gov.co\/colombia\/noticias\/la-accion-de-la-fiscalia-permitio-que-en-tolima-un-hombre-senalado-de-abusar-sexualmente-a-su-pareja-y-dos-menores-de-edad-fuera-enviado-a-la-carcel\/#breadcrumb\",\"itemListElement\":[{\"@type\":\"ListItem\",\"position\":1,\"name\":\"Home\",\"item\":\"https:\/\/www.fiscalia.gov.co\/colombia\/\"},{\"@type\":\"ListItem\",\"position\":2,\"name\":\"La acci\u00f3n de la Fiscal\u00eda permiti\u00f3 que en Tolima un hombre se\u00f1alado de abusar sexualmente a su pareja y dos menores de edad, fuera enviado a la c\u00e1rcel\"}]},{\"@type\":\"WebSite\",\"@id\":\"https:\/\/www.fiscalia.gov.co\/colombia\/#website\",\"url\":\"https:\/\/www.fiscalia.gov.co\/colombia\/\",\"name\":\"Fiscal\u00eda General de la Naci\u00f3n\",\"description\":\"P\u00e1gina oficial de la Fiscal\u00eda General de la Naci\u00f3n \u2013 Colombia. Garantizamos el acceso efectivo a la justicia, la verdad y la reparaci\u00f3n de las v\u00edctimas de los delitos.\",\"publisher\":{\"@id\":\"https:\/\/www.fiscalia.gov.co\/colombia\/#organization\"},\"potentialAction\":[{\"@type\":\"SearchAction\",\"target\":{\"@type\":\"EntryPoint\",\"urlTemplate\":\"https:\/\/www.fiscalia.gov.co\/colombia\/?s={search_term_string}\"},\"query-input\":{\"@type\":\"PropertyValueSpecification\",\"valueRequired\":true,\"valueName\":\"search_term_string\"}}],\"inLanguage\":\"es-CO\"},{\"@type\":\"Organization\",\"@id\":\"https:\/\/www.fiscalia.gov.co\/colombia\/#organization\",\"name\":\"Fiscal\u00eda General de la Naci\u00f3n\",\"url\":\"https:\/\/www.fiscalia.gov.co\/colombia\/\",\"logo\":{\"@type\":\"ImageObject\",\"inLanguage\":\"es-CO\",\"@id\":\"https:\/\/www.fiscalia.gov.co\/colombia\/#\/schema\/logo\/image\/\",\"url\":\"https:\/\/www.fiscalia.gov.co\/colombia\/wp-content\/uploads\/LogoHorizontal_1.jpg\",\"contentUrl\":\"https:\/\/www.fiscalia.gov.co\/colombia\/wp-content\/uploads\/LogoHorizontal_1.jpg\",\"width\":300,\"height\":90,\"caption\":\"Fiscal\u00eda General de la Naci\u00f3n\"},\"image\":{\"@id\":\"https:\/\/www.fiscalia.gov.co\/colombia\/#\/schema\/logo\/image\/\"},\"sameAs\":[\"https:\/\/www.facebook.com\/FiscaliaCol\",\"https:\/\/x.com\/FiscaliaCol\",\"https:\/\/www.instagram.com\/fiscaliacol\",\"https:\/\/www.linkedin.com\/company\/fiscalia-general-de-la-naci-n\/\",\"https:\/\/youtube.com\/@fiscaliageneraldelanacion-4668?si=6nN79nyQICPU5iTh\"]},{\"@type\":\"Person\",\"@id\":\"https:\/\/www.fiscalia.gov.co\/colombia\/#\/schema\/person\/176195b99ebab0a52aafa15197e1bf80\",\"name\":\"Winnie Geraldine Rodr\u00edguez Navarrete\",\"image\":{\"@type\":\"ImageObject\",\"inLanguage\":\"es-CO\",\"@id\":\"https:\/\/www.fiscalia.gov.co\/colombia\/#\/schema\/person\/image\/\",\"url\":\"https:\/\/secure.gravatar.com\/avatar\/c24cf8481dc84fa5e8c7b20bc95ab0c6?s=96&d=mm&r=g\",\"contentUrl\":\"https:\/\/secure.gravatar.com\/avatar\/c24cf8481dc84fa5e8c7b20bc95ab0c6?s=96&d=mm&r=g\",\"caption\":\"Winnie Geraldine Rodr\u00edguez Navarrete\"},\"url\":\"https:\/\/www.fiscalia.gov.co\/colombia\/author\/winnierodriguez\/\"}]}<\/script>\n<!-- \/ Yoast SEO plugin. -->","yoast_head_json":{"title":"Fiscal\u00eda General de la Naci\u00f3n","description":"P\u00e1gina oficial de la Fiscal\u00eda General de la Naci\u00f3n \u2013 Colombia. Garantizamos el acceso efectivo a la justicia, la verdad y la reparaci\u00f3n de las v\u00edctimas de los delitos.","robots":{"index":"noindex","follow":"follow"},"og_locale":"es_ES","og_type":"article","og_title":"Fiscal\u00eda General de la Naci\u00f3n","og_description":"P\u00e1gina oficial de la Fiscal\u00eda General de la Naci\u00f3n \u2013 Colombia. Garantizamos el acceso efectivo a la justicia, la verdad y la reparaci\u00f3n de las v\u00edctimas de los delitos.","og_url":"https:\/\/www.fiscalia.gov.co\/colombia\/noticias\/la-accion-de-la-fiscalia-permitio-que-en-tolima-un-hombre-senalado-de-abusar-sexualmente-a-su-pareja-y-dos-menores-de-edad-fuera-enviado-a-la-carcel\/","og_site_name":"Fiscal\u00eda General de la Naci\u00f3n","article_publisher":"https:\/\/www.facebook.com\/FiscaliaCol","article_published_time":"2024-10-30T15:37:56+00:00","og_image":[{"url":"https:\/\/www.fiscalia.gov.co\/colombia\/wp-content\/uploads\/abusador-dolores-tolima-detenido-en-terminal-de-bgta-300x237.jpeg","type":"","width":"","height":""}],"author":"Winnie Geraldine Rodr\u00edguez Navarrete","twitter_card":"summary_large_image","twitter_creator":"@FiscaliaCol","twitter_site":"@FiscaliaCol","twitter_misc":{"Escrito por":"Winnie Geraldine Rodr\u00edguez Navarrete","Tiempo de lectura":"3 minutos"},"schema":{"@context":"https:\/\/schema.org","@graph":[{"@type":"Article","@id":"https:\/\/www.fiscalia.gov.co\/colombia\/noticias\/la-accion-de-la-fiscalia-permitio-que-en-tolima-un-hombre-senalado-de-abusar-sexualmente-a-su-pareja-y-dos-menores-de-edad-fuera-enviado-a-la-carcel\/#article","isPartOf":{"@id":"https:\/\/www.fiscalia.gov.co\/colombia\/noticias\/la-accion-de-la-fiscalia-permitio-que-en-tolima-un-hombre-senalado-de-abusar-sexualmente-a-su-pareja-y-dos-menores-de-edad-fuera-enviado-a-la-carcel\/"},"author":{"name":"Winnie Geraldine Rodr\u00edguez Navarrete","@id":"https:\/\/www.fiscalia.gov.co\/colombia\/#\/schema\/person\/176195b99ebab0a52aafa15197e1bf80"},"headline":"La acci\u00f3n de la Fiscal\u00eda permiti\u00f3 que en Tolima un hombre se\u00f1alado de abusar sexualmente a su pareja y dos menores de edad, fuera enviado a la c\u00e1rcel","datePublished":"2024-10-30T15:37:56+00:00","dateModified":"2024-10-30T15:37:56+00:00","mainEntityOfPage":{"@id":"https:\/\/www.fiscalia.gov.co\/colombia\/noticias\/la-accion-de-la-fiscalia-permitio-que-en-tolima-un-hombre-senalado-de-abusar-sexualmente-a-su-pareja-y-dos-menores-de-edad-fuera-enviado-a-la-carcel\/"},"wordCount":519,"publisher":{"@id":"https:\/\/www.fiscalia.gov.co\/colombia\/#organization"},"image":{"@id":"https:\/\/www.fiscalia.gov.co\/colombia\/noticias\/la-accion-de-la-fiscalia-permitio-que-en-tolima-un-hombre-senalado-de-abusar-sexualmente-a-su-pareja-y-dos-menores-de-edad-fuera-enviado-a-la-carcel\/#primaryimage"},"thumbnailUrl":"https:\/\/www.fiscalia.gov.co\/colombia\/wp-content\/uploads\/abusador-dolores-tolima-detenido-en-terminal-de-bgta-300x237.jpeg","keywords":["Abuso","Acceso carnal","Bogot\u00e1","Compa\u00f1era sentimental","Dolores","Dolores (Tolima)","Fiscal\u00eda General de la Naci\u00f3n","Hijastra","ni\u00f1o","orden judicial","Purificaci\u00f3n","Seccional Tolima","Terminal de Transportes","Tolima","Violencia basada en g\u00e9nero","Violencia de g\u00e9nero","Violencia intrafamiliar"],"articleSection":["Noticias","Violencia sexual e intrafamiliar"],"inLanguage":"es-CO"},{"@type":"WebPage","@id":"https:\/\/www.fiscalia.gov.co\/colombia\/noticias\/la-accion-de-la-fiscalia-permitio-que-en-tolima-un-hombre-senalado-de-abusar-sexualmente-a-su-pareja-y-dos-menores-de-edad-fuera-enviado-a-la-carcel\/","url":"https:\/\/www.fiscalia.gov.co\/colombia\/noticias\/la-accion-de-la-fiscalia-permitio-que-en-tolima-un-hombre-senalado-de-abusar-sexualmente-a-su-pareja-y-dos-menores-de-edad-fuera-enviado-a-la-carcel\/","name":"Fiscal\u00eda General de la Naci\u00f3n","isPartOf":{"@id":"https:\/\/www.fiscalia.gov.co\/colombia\/#website"},"primaryImageOfPage":{"@id":"https:\/\/www.fiscalia.gov.co\/colombia\/noticias\/la-accion-de-la-fiscalia-permitio-que-en-tolima-un-hombre-senalado-de-abusar-sexualmente-a-su-pareja-y-dos-menores-de-edad-fuera-enviado-a-la-carcel\/#primaryimage"},"image":{"@id":"https:\/\/www.fiscalia.gov.co\/colombia\/noticias\/la-accion-de-la-fiscalia-permitio-que-en-tolima-un-hombre-senalado-de-abusar-sexualmente-a-su-pareja-y-dos-menores-de-edad-fuera-enviado-a-la-carcel\/#primaryimage"},"thumbnailUrl":"https:\/\/www.fiscalia.gov.co\/colombia\/wp-content\/uploads\/abusador-dolores-tolima-detenido-en-terminal-de-bgta-300x237.jpeg","datePublished":"2024-10-30T15:37:56+00:00","dateModified":"2024-10-30T15:37:56+00:00","description":"P\u00e1gina oficial de la Fiscal\u00eda General de la Naci\u00f3n \u2013 Colombia. Garantizamos el acceso efectivo a la justicia, la verdad y la reparaci\u00f3n de las v\u00edctimas de los delitos.","breadcrumb":{"@id":"https:\/\/www.fiscalia.gov.co\/colombia\/noticias\/la-accion-de-la-fiscalia-permitio-que-en-tolima-un-hombre-senalado-de-abusar-sexualmente-a-su-pareja-y-dos-menores-de-edad-fuera-enviado-a-la-carcel\/#breadcrumb"},"inLanguage":"es-CO","potentialAction":[{"@type":"ReadAction","target":["https:\/\/www.fiscalia.gov.co\/colombia\/noticias\/la-accion-de-la-fiscalia-permitio-que-en-tolima-un-hombre-senalado-de-abusar-sexualmente-a-su-pareja-y-dos-menores-de-edad-fuera-enviado-a-la-carcel\/"]}]},{"@type":"ImageObject","inLanguage":"es-CO","@id":"https:\/\/www.fiscalia.gov.co\/colombia\/noticias\/la-accion-de-la-fiscalia-permitio-que-en-tolima-un-hombre-senalado-de-abusar-sexualmente-a-su-pareja-y-dos-menores-de-edad-fuera-enviado-a-la-carcel\/#primaryimage","url":"https:\/\/www.fiscalia.gov.co\/colombia\/wp-content\/uploads\/abusador-dolores-tolima-detenido-en-terminal-de-bgta.jpeg","contentUrl":"https:\/\/www.fiscalia.gov.co\/colombia\/wp-content\/uploads\/abusador-dolores-tolima-detenido-en-terminal-de-bgta.jpeg","width":1137,"height":900,"caption":"El hombre de 42 a\u00f1os fue detenido en una solicitud de antecedentes de rutina cuando llegaba a la terminal de transportes de Bogot\u00e1."},{"@type":"BreadcrumbList","@id":"https:\/\/www.fiscalia.gov.co\/colombia\/noticias\/la-accion-de-la-fiscalia-permitio-que-en-tolima-un-hombre-senalado-de-abusar-sexualmente-a-su-pareja-y-dos-menores-de-edad-fuera-enviado-a-la-carcel\/#breadcrumb","itemListElement":[{"@type":"ListItem","position":1,"name":"Home","item":"https:\/\/www.fiscalia.gov.co\/colombia\/"},{"@type":"ListItem","position":2,"name":"La acci\u00f3n de la Fiscal\u00eda permiti\u00f3 que en Tolima un hombre se\u00f1alado de abusar sexualmente a su pareja y dos menores de edad, fuera enviado a la c\u00e1rcel"}]},{"@type":"WebSite","@id":"https:\/\/www.fiscalia.gov.co\/colombia\/#website","url":"https:\/\/www.fiscalia.gov.co\/colombia\/","name":"Fiscal\u00eda General de la Naci\u00f3n","description":"P\u00e1gina oficial de la Fiscal\u00eda General de la Naci\u00f3n \u2013 Colombia. Garantizamos el acceso efectivo a la justicia, la verdad y la reparaci\u00f3n de las v\u00edctimas de los delitos.","publisher":{"@id":"https:\/\/www.fiscalia.gov.co\/colombia\/#organization"},"potentialAction":[{"@type":"SearchAction","target":{"@type":"EntryPoint","urlTemplate":"https:\/\/www.fiscalia.gov.co\/colombia\/?s={search_term_string}"},"query-input":{"@type":"PropertyValueSpecification","valueRequired":true,"valueName":"search_term_string"}}],"inLanguage":"es-CO"},{"@type":"Organization","@id":"https:\/\/www.fiscalia.gov.co\/colombia\/#organization","name":"Fiscal\u00eda General de la Naci\u00f3n","url":"https:\/\/www.fiscalia.gov.co\/colombia\/","logo":{"@type":"ImageObject","inLanguage":"es-CO","@id":"https:\/\/www.fiscalia.gov.co\/colombia\/#\/schema\/logo\/image\/","url":"https:\/\/www.fiscalia.gov.co\/colombia\/wp-content\/uploads\/LogoHorizontal_1.jpg","contentUrl":"https:\/\/www.fiscalia.gov.co\/colombia\/wp-content\/uploads\/LogoHorizontal_1.jpg","width":300,"height":90,"caption":"Fiscal\u00eda General de la Naci\u00f3n"},"image":{"@id":"https:\/\/www.fiscalia.gov.co\/colombia\/#\/schema\/logo\/image\/"},"sameAs":["https:\/\/www.facebook.com\/FiscaliaCol","https:\/\/x.com\/FiscaliaCol","https:\/\/www.instagram.com\/fiscaliacol","https:\/\/www.linkedin.com\/company\/fiscalia-general-de-la-naci-n\/","https:\/\/youtube.com\/@fiscaliageneraldelanacion-4668?si=6nN79nyQICPU5iTh"]},{"@type":"Person","@id":"https:\/\/www.fiscalia.gov.co\/colombia\/#\/schema\/person\/176195b99ebab0a52aafa15197e1bf80","name":"Winnie Geraldine Rodr\u00edguez Navarrete","image":{"@type":"ImageObject","inLanguage":"es-CO","@id":"https:\/\/www.fiscalia.gov.co\/colombia\/#\/schema\/person\/image\/","url":"https:\/\/secure.gravatar.com\/avatar\/c24cf8481dc84fa5e8c7b20bc95ab0c6?s=96&d=mm&r=g","contentUrl":"https:\/\/secure.gravatar.com\/avatar\/c24cf8481dc84fa5e8c7b20bc95ab0c6?s=96&d=mm&r=g","caption":"Winnie Geraldine Rodr\u00edguez Navarrete"},"url":"https:\/\/www.fiscalia.gov.co\/colombia\/author\/winnierodriguez\/"}]}},"_links":{"self":[{"href":"https:\/\/www.fiscalia.gov.co\/colombia\/wp-json\/wp\/v2\/posts\/304408","targetHints":{"allow":["GET"]}}],"collection":[{"href":"https:\/\/www.fiscalia.gov.co\/colombia\/wp-json\/wp\/v2\/posts"}],"about":[{"href":"https:\/\/www.fiscalia.gov.co\/colombia\/wp-json\/wp\/v2\/types\/post"}],"author":[{"embeddable":true,"href":"https:\/\/www.fiscalia.gov.co\/colombia\/wp-json\/wp\/v2\/users\/178"}],"replies":[{"embeddable":true,"href":"https:\/\/www.fiscalia.gov.co\/colombia\/wp-json\/wp\/v2\/comments?post=304408"}],"version-history":[{"count":2,"href":"https:\/\/www.fiscalia.gov.co\/colombia\/wp-json\/wp\/v2\/posts\/304408\/revisions"}],"predecessor-version":[{"id":304411,"href":"https:\/\/www.fiscalia.gov.co\/colombia\/wp-json\/wp\/v2\/posts\/304408\/revisions\/304411"}],"wp:attachment":[{"href":"https:\/\/www.fiscalia.gov.co\/colombia\/wp-json\/wp\/v2\/media?parent=304408"}],"wp:term":[{"taxonomy":"category","embeddable":true,"href":"https:\/\/www.fiscalia.gov.co\/colombia\/wp-json\/wp\/v2\/categories?post=304408"},{"taxonomy":"post_tag","embeddable":true,"href":"https:\/\/www.fiscalia.gov.co\/colombia\/wp-json\/wp\/v2\/tags?post=304408"}],"curies":[{"name":"wp","href":"https:\/\/api.w.org\/{rel}","templated":true}]}}