{"id":304293,"date":"2024-10-28T15:43:04","date_gmt":"2024-10-28T20:43:04","guid":{"rendered":"https:\/\/www.fiscalia.gov.co\/colombia\/?p=304293"},"modified":"2024-10-29T11:27:18","modified_gmt":"2024-10-29T16:27:18","slug":"carcel-para-presuntos-responsables-de-agredir-a-dos-hombres-en-establecimientos-nocturnos-en-huila","status":"publish","type":"post","link":"https:\/\/www.fiscalia.gov.co\/colombia\/noticias\/carcel-para-presuntos-responsables-de-agredir-a-dos-hombres-en-establecimientos-nocturnos-en-huila\/","title":{"rendered":"C\u00e1rcel para presuntos responsables de agredir a dos hombres en establecimientos nocturnos en Huila"},"content":{"rendered":"<p style=\"font-weight: 400;\">Por solicitud de la Fiscal\u00eda General de la Naci\u00f3n, jueces de control de garant\u00edas impusieron medida de aseguramiento en centro carcelario contra D\u00eddimo Baos Guzm\u00e1n y \u00c1lvaro Sinisterra Mamian, quienes estar\u00edan implicados en los delitos de homicidio, tentativa de homicidio; y fabricaci\u00f3n, tr\u00e1fico, porte o tenencia de armas de fuego, accesorios, partes.<\/p>\n<p style=\"font-weight: 400;\">La primera investigaci\u00f3n vincula a Baos Guzm\u00e1n quien, al parecer, <strong>le caus\u00f3 heridas con un arma cortopunzante a un hombre dentro de un local comercial<\/strong>. Los hechos ocurrieron el pasado 17 de octubre en el barrio San Jos\u00e9 del municipio de San Agust\u00edn.<\/p>\n<figure id=\"attachment_304298\" aria-describedby=\"caption-attachment-304298\" style=\"width: 480px\" class=\"wp-caption aligncenter\"><img loading=\"lazy\" decoding=\"async\" class=\"wp-image-304298\" src=\"https:\/\/www.fiscalia.gov.co\/colombia\/wp-content\/uploads\/Didimo-Baos-Guzman-300x169.jpeg\" alt=\"La v\u00edctima, de 44 a\u00f1os, habr\u00eda sido atacada por Baos Guzm\u00e1n cuando \u00e9l intent\u00f3 defender a la mujer que atend\u00eda el negocio. Los hechos sucedieron durante una discusi\u00f3n en la cual el procesado, se cree, agredi\u00f3 al otro hombre, quien falleci\u00f3 en el lugar debido a la gravedad de las lesiones.\" width=\"480\" height=\"270\" srcset=\"https:\/\/www.fiscalia.gov.co\/colombia\/wp-content\/uploads\/Didimo-Baos-Guzman-300x169.jpeg 300w, https:\/\/www.fiscalia.gov.co\/colombia\/wp-content\/uploads\/Didimo-Baos-Guzman-1024x576.jpeg 1024w, https:\/\/www.fiscalia.gov.co\/colombia\/wp-content\/uploads\/Didimo-Baos-Guzman-768x432.jpeg 768w, https:\/\/www.fiscalia.gov.co\/colombia\/wp-content\/uploads\/Didimo-Baos-Guzman-1536x864.jpeg 1536w, https:\/\/www.fiscalia.gov.co\/colombia\/wp-content\/uploads\/Didimo-Baos-Guzman-747x420.jpeg 747w, https:\/\/www.fiscalia.gov.co\/colombia\/wp-content\/uploads\/Didimo-Baos-Guzman-696x392.jpeg 696w, https:\/\/www.fiscalia.gov.co\/colombia\/wp-content\/uploads\/Didimo-Baos-Guzman-1068x601.jpeg 1068w, https:\/\/www.fiscalia.gov.co\/colombia\/wp-content\/uploads\/Didimo-Baos-Guzman.jpeg 1600w\" sizes=\"auto, (max-width: 480px) 100vw, 480px\" \/><figcaption id=\"caption-attachment-304298\" class=\"wp-caption-text\">La v\u00edctima, de 44 a\u00f1os, habr\u00eda sido atacada por Baos Guzm\u00e1n cuando \u00e9l intent\u00f3 defender a la mujer que atend\u00eda el negocio. Los hechos sucedieron durante una discusi\u00f3n en la cual el procesado, se cree, agredi\u00f3 al otro hombre, quien falleci\u00f3 en el lugar debido a la gravedad de las lesiones.<\/figcaption><\/figure>\n<p style=\"font-weight: 400;\">La v\u00edctima, de 44 a\u00f1os, habr\u00eda sido atacada por Baos Guzm\u00e1n cuando \u00e9l intent\u00f3 defender a la mujer que atend\u00eda el negocio. Los hechos sucedieron durante una discusi\u00f3n en la cual el procesado, se cree, agredi\u00f3 al otro hombre, quien falleci\u00f3 en el lugar debido a la gravedad de las lesiones.<\/p>\n<p style=\"font-weight: 400;\">De otra parte, fue asegurado \u00c1lvaro Sinisterra Mamian, se\u00f1alado de tentativa de homicidio. Los hechos investigados sucedieron la madrugada del pasado 14 de octubre en la vereda Capillas del centro poblado Salto de Bordones en San Jos\u00e9 de Isnos (Huila).<\/p>\n<figure id=\"attachment_304299\" aria-describedby=\"caption-attachment-304299\" style=\"width: 470px\" class=\"wp-caption aligncenter\"><img loading=\"lazy\" decoding=\"async\" class=\" wp-image-304299\" src=\"https:\/\/www.fiscalia.gov.co\/colombia\/wp-content\/uploads\/Alvaro-Sinesterra-Mamian-300x218.jpeg\" alt=\"El capturado se encuentra de frente y custodiado por un servidor del Cuerpo T\u00e9cnico de Investigaci\u00f3n CTI, y un uniformado de la Polic\u00eda Nacional. Detr\u00e1s hay un backing de la Polic\u00eda y Ej\u00e9rcito. El capturado tiene una camiseta de color gris, un jean oscuro y tiene tapabocas\" width=\"470\" height=\"342\" srcset=\"https:\/\/www.fiscalia.gov.co\/colombia\/wp-content\/uploads\/Alvaro-Sinesterra-Mamian-300x218.jpeg 300w, https:\/\/www.fiscalia.gov.co\/colombia\/wp-content\/uploads\/Alvaro-Sinesterra-Mamian-1024x744.jpeg 1024w, https:\/\/www.fiscalia.gov.co\/colombia\/wp-content\/uploads\/Alvaro-Sinesterra-Mamian-768x558.jpeg 768w, https:\/\/www.fiscalia.gov.co\/colombia\/wp-content\/uploads\/Alvaro-Sinesterra-Mamian-578x420.jpeg 578w, https:\/\/www.fiscalia.gov.co\/colombia\/wp-content\/uploads\/Alvaro-Sinesterra-Mamian-696x506.jpeg 696w, https:\/\/www.fiscalia.gov.co\/colombia\/wp-content\/uploads\/Alvaro-Sinesterra-Mamian-1068x776.jpeg 1068w, https:\/\/www.fiscalia.gov.co\/colombia\/wp-content\/uploads\/Alvaro-Sinesterra-Mamian-324x235.jpeg 324w, https:\/\/www.fiscalia.gov.co\/colombia\/wp-content\/uploads\/Alvaro-Sinesterra-Mamian.jpeg 1239w\" sizes=\"auto, (max-width: 470px) 100vw, 470px\" \/><figcaption id=\"caption-attachment-304299\" class=\"wp-caption-text\">El altercado ocurri\u00f3 a la salida de una discoteca donde el hoy judicializado, bajo los efectos del alcohol, habr\u00eda accionado un arma traum\u00e1tica en contra de la v\u00edctima quien fue trasladada hasta las instalaciones del hospital local para recibir atenci\u00f3n m\u00e9dica.<\/figcaption><\/figure>\n<p style=\"font-weight: 400;\">El altercado ocurri\u00f3 a la salida de una discoteca donde el hoy judicializado, bajo los efectos del alcohol, habr\u00eda accionado un arma traum\u00e1tica en contra de la v\u00edctima quien fue trasladada hasta las instalaciones del hospital local para recibir atenci\u00f3n m\u00e9dica.<\/p>\n<p style=\"font-weight: 400;\">Servidores del CTI y de la Polic\u00eda Nacional capturaron a los procesados en Pitalito y la vereda Los Cauchos de San Agust\u00edn.<\/p>\n<p style=\"font-weight: 400;\">Los procesados aceptaron su responsabilidad.<\/p>\n<p>&nbsp;<\/p>\n<p>&nbsp;<\/p>\n<p style=\"font-weight: 400;\">WAGG\/LMFO\/MAGA\/MG\/JCFJ\/DSH<\/p>\n<p>&nbsp;<\/p>\n<p>&nbsp;<\/p>\n<p>&nbsp;<\/p>\n<p><em>La informaci\u00f3n contenida en este bolet\u00edn de prensa corresponde a la narraci\u00f3n de los hechos noticiosos objetivos, suministrados por los funcionarios encargados de adelantar las investigaciones penales al interior de la Fiscal\u00eda General de la Naci\u00f3n. Para el momento de la divulgaci\u00f3n de este comunicado, la situaci\u00f3n jur\u00eddica de la(s) persona(s) relacionada(s) se encuentra pendiente de resolver por la autoridad judicial competente, siempre bajo los preceptos de la presunci\u00f3n de inocencia, consagrados en el art\u00edculo 29 de la Constituci\u00f3n Pol\u00edtica y el art\u00edculo 7\u00ba de la Ley 906 de 2004.<\/em><\/p>\n\n<div class=\"twitter-share\"><a href=\"https:\/\/twitter.com\/intent\/tweet?via=fiscaliacol\" class=\"twitter-share-button\">Tweet<\/a><\/div>\n","protected":false},"excerpt":{"rendered":"<p>Por solicitud de la Fiscal\u00eda General de la Naci\u00f3n, jueces de control de garant\u00edas impusieron medida de aseguramiento en centro carcelario contra D\u00eddimo Baos Guzm\u00e1n y \u00c1lvaro Sinisterra Mamian, quienes estar\u00edan implicados en los delitos de homicidio, tentativa de homicidio; y fabricaci\u00f3n, tr\u00e1fico, porte o tenencia de armas de fuego, accesorios, partes. La primera investigaci\u00f3n [&hellip;]<\/p>\n","protected":false},"author":178,"featured_media":0,"comment_status":"closed","ping_status":"open","sticky":false,"template":"","format":"standard","meta":{"_price":"","_stock":"","_tribe_ticket_header":"","_tribe_default_ticket_provider":"","_tribe_ticket_capacity":"0","_ticket_start_date":"","_ticket_end_date":"","_tribe_ticket_show_description":"","_tribe_ticket_show_not_going":false,"_tribe_ticket_use_global_stock":"","_tribe_ticket_global_stock_level":"","_global_stock_mode":"","_global_stock_cap":"","_tribe_rsvp_for_event":"","_tribe_ticket_going_count":"","_tribe_ticket_not_going_count":"","_tribe_tickets_list":"[]","_tribe_ticket_has_attendee_info_fields":false,"tdm_status":"","tdm_grid_status":"","footnotes":""},"categories":[1,24099],"tags":[4017,24551,38872,4140,1047,409,16,10846,28110,5699,24645,38871,24485,38873,479,916],"class_list":{"0":"post-304293","1":"post","2":"type-post","3":"status-publish","4":"format-standard","6":"category-noticias","7":"category-seguridad-territorial","8":"tag-armas-de-fuego","9":"tag-centro-carcelario","10":"tag-establecimientos-nocturnos","11":"tag-fabricacion","12":"tag-fiscalia-general-de-la-nacion","13":"tag-homicidio","14":"tag-huila","15":"tag-intolerancia","16":"tag-isnos","17":"tag-municiones","18":"tag-san-agustin","19":"tag-san-agustin-isnos-huila","20":"tag-seccional-huila","21":"tag-tenencia","22":"tag-tentativa-de-homicidio","23":"tag-trafico"},"yoast_head":"<!-- This site is optimized with the Yoast SEO plugin v24.3 - https:\/\/yoast.com\/wordpress\/plugins\/seo\/ -->\n<title>Fiscal\u00eda General de la Naci\u00f3n<\/title>\n<meta name=\"description\" content=\"P\u00e1gina oficial de la Fiscal\u00eda General de la Naci\u00f3n \u2013 Colombia. Garantizamos el acceso efectivo a la justicia, la verdad y la reparaci\u00f3n de las v\u00edctimas de los delitos.\" \/>\n<meta name=\"robots\" content=\"noindex, follow\" \/>\n<meta property=\"og:locale\" content=\"es_ES\" \/>\n<meta property=\"og:type\" content=\"article\" \/>\n<meta property=\"og:title\" content=\"Fiscal\u00eda General de la Naci\u00f3n\" \/>\n<meta property=\"og:description\" content=\"P\u00e1gina oficial de la Fiscal\u00eda General de la Naci\u00f3n \u2013 Colombia. Garantizamos el acceso efectivo a la justicia, la verdad y la reparaci\u00f3n de las v\u00edctimas de los delitos.\" \/>\n<meta property=\"og:url\" content=\"https:\/\/www.fiscalia.gov.co\/colombia\/noticias\/carcel-para-presuntos-responsables-de-agredir-a-dos-hombres-en-establecimientos-nocturnos-en-huila\/\" \/>\n<meta property=\"og:site_name\" content=\"Fiscal\u00eda General de la Naci\u00f3n\" \/>\n<meta property=\"article:publisher\" content=\"https:\/\/www.facebook.com\/FiscaliaCol\" \/>\n<meta property=\"article:published_time\" content=\"2024-10-28T20:43:04+00:00\" \/>\n<meta property=\"article:modified_time\" content=\"2024-10-29T16:27:18+00:00\" \/>\n<meta property=\"og:image\" content=\"https:\/\/www.fiscalia.gov.co\/colombia\/wp-content\/uploads\/Didimo-Baos-Guzman-300x169.jpeg\" \/>\n<meta name=\"author\" content=\"Winnie Geraldine Rodr\u00edguez Navarrete\" \/>\n<meta name=\"twitter:card\" content=\"summary_large_image\" \/>\n<meta name=\"twitter:creator\" content=\"@FiscaliaCol\" \/>\n<meta name=\"twitter:site\" content=\"@FiscaliaCol\" \/>\n<meta name=\"twitter:label1\" content=\"Escrito por\" \/>\n\t<meta name=\"twitter:data1\" content=\"Winnie Geraldine Rodr\u00edguez Navarrete\" \/>\n\t<meta name=\"twitter:label2\" content=\"Tiempo de lectura\" \/>\n\t<meta name=\"twitter:data2\" content=\"3 minutos\" \/>\n<script type=\"application\/ld+json\" class=\"yoast-schema-graph\">{\"@context\":\"https:\/\/schema.org\",\"@graph\":[{\"@type\":\"Article\",\"@id\":\"https:\/\/www.fiscalia.gov.co\/colombia\/noticias\/carcel-para-presuntos-responsables-de-agredir-a-dos-hombres-en-establecimientos-nocturnos-en-huila\/#article\",\"isPartOf\":{\"@id\":\"https:\/\/www.fiscalia.gov.co\/colombia\/noticias\/carcel-para-presuntos-responsables-de-agredir-a-dos-hombres-en-establecimientos-nocturnos-en-huila\/\"},\"author\":{\"name\":\"Winnie Geraldine Rodr\u00edguez Navarrete\",\"@id\":\"https:\/\/www.fiscalia.gov.co\/colombia\/#\/schema\/person\/176195b99ebab0a52aafa15197e1bf80\"},\"headline\":\"C\u00e1rcel para presuntos responsables de agredir a dos hombres en establecimientos nocturnos en Huila\",\"datePublished\":\"2024-10-28T20:43:04+00:00\",\"dateModified\":\"2024-10-29T16:27:18+00:00\",\"mainEntityOfPage\":{\"@id\":\"https:\/\/www.fiscalia.gov.co\/colombia\/noticias\/carcel-para-presuntos-responsables-de-agredir-a-dos-hombres-en-establecimientos-nocturnos-en-huila\/\"},\"wordCount\":520,\"publisher\":{\"@id\":\"https:\/\/www.fiscalia.gov.co\/colombia\/#organization\"},\"image\":{\"@id\":\"https:\/\/www.fiscalia.gov.co\/colombia\/noticias\/carcel-para-presuntos-responsables-de-agredir-a-dos-hombres-en-establecimientos-nocturnos-en-huila\/#primaryimage\"},\"thumbnailUrl\":\"https:\/\/www.fiscalia.gov.co\/colombia\/wp-content\/uploads\/Didimo-Baos-Guzman-300x169.jpeg\",\"keywords\":[\"Armas de fuego\",\"centro carcelario\",\"establecimientos nocturnos\",\"Fabricaci\u00f3n\",\"Fiscal\u00eda General de la Naci\u00f3n\",\"Homicidio\",\"Huila\",\"Intolerancia\",\"Isnos\",\"Municiones\",\"San Agust\u00edn\",\"San Agust\u00edn- Isnos (Huila)\",\"Seccional Huila\",\"tenencia\",\"Tentativa de homicidio\",\"Tr\u00e1fico\"],\"articleSection\":[\"Noticias\",\"Seguridad territorial\"],\"inLanguage\":\"es-CO\"},{\"@type\":\"WebPage\",\"@id\":\"https:\/\/www.fiscalia.gov.co\/colombia\/noticias\/carcel-para-presuntos-responsables-de-agredir-a-dos-hombres-en-establecimientos-nocturnos-en-huila\/\",\"url\":\"https:\/\/www.fiscalia.gov.co\/colombia\/noticias\/carcel-para-presuntos-responsables-de-agredir-a-dos-hombres-en-establecimientos-nocturnos-en-huila\/\",\"name\":\"Fiscal\u00eda General de la Naci\u00f3n\",\"isPartOf\":{\"@id\":\"https:\/\/www.fiscalia.gov.co\/colombia\/#website\"},\"primaryImageOfPage\":{\"@id\":\"https:\/\/www.fiscalia.gov.co\/colombia\/noticias\/carcel-para-presuntos-responsables-de-agredir-a-dos-hombres-en-establecimientos-nocturnos-en-huila\/#primaryimage\"},\"image\":{\"@id\":\"https:\/\/www.fiscalia.gov.co\/colombia\/noticias\/carcel-para-presuntos-responsables-de-agredir-a-dos-hombres-en-establecimientos-nocturnos-en-huila\/#primaryimage\"},\"thumbnailUrl\":\"https:\/\/www.fiscalia.gov.co\/colombia\/wp-content\/uploads\/Didimo-Baos-Guzman-300x169.jpeg\",\"datePublished\":\"2024-10-28T20:43:04+00:00\",\"dateModified\":\"2024-10-29T16:27:18+00:00\",\"description\":\"P\u00e1gina oficial de la Fiscal\u00eda General de la Naci\u00f3n \u2013 Colombia. Garantizamos el acceso efectivo a la justicia, la verdad y la reparaci\u00f3n de las v\u00edctimas de los delitos.\",\"breadcrumb\":{\"@id\":\"https:\/\/www.fiscalia.gov.co\/colombia\/noticias\/carcel-para-presuntos-responsables-de-agredir-a-dos-hombres-en-establecimientos-nocturnos-en-huila\/#breadcrumb\"},\"inLanguage\":\"es-CO\",\"potentialAction\":[{\"@type\":\"ReadAction\",\"target\":[\"https:\/\/www.fiscalia.gov.co\/colombia\/noticias\/carcel-para-presuntos-responsables-de-agredir-a-dos-hombres-en-establecimientos-nocturnos-en-huila\/\"]}]},{\"@type\":\"ImageObject\",\"inLanguage\":\"es-CO\",\"@id\":\"https:\/\/www.fiscalia.gov.co\/colombia\/noticias\/carcel-para-presuntos-responsables-de-agredir-a-dos-hombres-en-establecimientos-nocturnos-en-huila\/#primaryimage\",\"url\":\"https:\/\/www.fiscalia.gov.co\/colombia\/wp-content\/uploads\/Didimo-Baos-Guzman.jpeg\",\"contentUrl\":\"https:\/\/www.fiscalia.gov.co\/colombia\/wp-content\/uploads\/Didimo-Baos-Guzman.jpeg\",\"width\":1600,\"height\":900,\"caption\":\"El altercado ocurri\u00f3 a la salida de una discoteca donde el hoy judicializado, bajo los efectos del alcohol, habr\u00eda accionado un arma traum\u00e1tica en contra de la v\u00edctima quien fue trasladada hasta las instalaciones del hospital local para recibir atenci\u00f3n m\u00e9dica.\"},{\"@type\":\"BreadcrumbList\",\"@id\":\"https:\/\/www.fiscalia.gov.co\/colombia\/noticias\/carcel-para-presuntos-responsables-de-agredir-a-dos-hombres-en-establecimientos-nocturnos-en-huila\/#breadcrumb\",\"itemListElement\":[{\"@type\":\"ListItem\",\"position\":1,\"name\":\"Home\",\"item\":\"https:\/\/www.fiscalia.gov.co\/colombia\/\"},{\"@type\":\"ListItem\",\"position\":2,\"name\":\"C\u00e1rcel para presuntos responsables de agredir a dos hombres en establecimientos nocturnos en Huila\"}]},{\"@type\":\"WebSite\",\"@id\":\"https:\/\/www.fiscalia.gov.co\/colombia\/#website\",\"url\":\"https:\/\/www.fiscalia.gov.co\/colombia\/\",\"name\":\"Fiscal\u00eda General de la Naci\u00f3n\",\"description\":\"P\u00e1gina oficial de la Fiscal\u00eda General de la Naci\u00f3n \u2013 Colombia. Garantizamos el acceso efectivo a la justicia, la verdad y la reparaci\u00f3n de las v\u00edctimas de los delitos.\",\"publisher\":{\"@id\":\"https:\/\/www.fiscalia.gov.co\/colombia\/#organization\"},\"potentialAction\":[{\"@type\":\"SearchAction\",\"target\":{\"@type\":\"EntryPoint\",\"urlTemplate\":\"https:\/\/www.fiscalia.gov.co\/colombia\/?s={search_term_string}\"},\"query-input\":{\"@type\":\"PropertyValueSpecification\",\"valueRequired\":true,\"valueName\":\"search_term_string\"}}],\"inLanguage\":\"es-CO\"},{\"@type\":\"Organization\",\"@id\":\"https:\/\/www.fiscalia.gov.co\/colombia\/#organization\",\"name\":\"Fiscal\u00eda General de la Naci\u00f3n\",\"url\":\"https:\/\/www.fiscalia.gov.co\/colombia\/\",\"logo\":{\"@type\":\"ImageObject\",\"inLanguage\":\"es-CO\",\"@id\":\"https:\/\/www.fiscalia.gov.co\/colombia\/#\/schema\/logo\/image\/\",\"url\":\"https:\/\/www.fiscalia.gov.co\/colombia\/wp-content\/uploads\/LogoHorizontal_1.jpg\",\"contentUrl\":\"https:\/\/www.fiscalia.gov.co\/colombia\/wp-content\/uploads\/LogoHorizontal_1.jpg\",\"width\":300,\"height\":90,\"caption\":\"Fiscal\u00eda General de la Naci\u00f3n\"},\"image\":{\"@id\":\"https:\/\/www.fiscalia.gov.co\/colombia\/#\/schema\/logo\/image\/\"},\"sameAs\":[\"https:\/\/www.facebook.com\/FiscaliaCol\",\"https:\/\/x.com\/FiscaliaCol\",\"https:\/\/www.instagram.com\/fiscaliacol\",\"https:\/\/www.linkedin.com\/company\/fiscalia-general-de-la-naci-n\/\",\"https:\/\/youtube.com\/@fiscaliageneraldelanacion-4668?si=6nN79nyQICPU5iTh\"]},{\"@type\":\"Person\",\"@id\":\"https:\/\/www.fiscalia.gov.co\/colombia\/#\/schema\/person\/176195b99ebab0a52aafa15197e1bf80\",\"name\":\"Winnie Geraldine Rodr\u00edguez Navarrete\",\"image\":{\"@type\":\"ImageObject\",\"inLanguage\":\"es-CO\",\"@id\":\"https:\/\/www.fiscalia.gov.co\/colombia\/#\/schema\/person\/image\/\",\"url\":\"https:\/\/secure.gravatar.com\/avatar\/c24cf8481dc84fa5e8c7b20bc95ab0c6?s=96&d=mm&r=g\",\"contentUrl\":\"https:\/\/secure.gravatar.com\/avatar\/c24cf8481dc84fa5e8c7b20bc95ab0c6?s=96&d=mm&r=g\",\"caption\":\"Winnie Geraldine Rodr\u00edguez Navarrete\"},\"url\":\"https:\/\/www.fiscalia.gov.co\/colombia\/author\/winnierodriguez\/\"}]}<\/script>\n<!-- \/ Yoast SEO plugin. -->","yoast_head_json":{"title":"Fiscal\u00eda General de la Naci\u00f3n","description":"P\u00e1gina oficial de la Fiscal\u00eda General de la Naci\u00f3n \u2013 Colombia. Garantizamos el acceso efectivo a la justicia, la verdad y la reparaci\u00f3n de las v\u00edctimas de los delitos.","robots":{"index":"noindex","follow":"follow"},"og_locale":"es_ES","og_type":"article","og_title":"Fiscal\u00eda General de la Naci\u00f3n","og_description":"P\u00e1gina oficial de la Fiscal\u00eda General de la Naci\u00f3n \u2013 Colombia. Garantizamos el acceso efectivo a la justicia, la verdad y la reparaci\u00f3n de las v\u00edctimas de los delitos.","og_url":"https:\/\/www.fiscalia.gov.co\/colombia\/noticias\/carcel-para-presuntos-responsables-de-agredir-a-dos-hombres-en-establecimientos-nocturnos-en-huila\/","og_site_name":"Fiscal\u00eda General de la Naci\u00f3n","article_publisher":"https:\/\/www.facebook.com\/FiscaliaCol","article_published_time":"2024-10-28T20:43:04+00:00","article_modified_time":"2024-10-29T16:27:18+00:00","og_image":[{"url":"https:\/\/www.fiscalia.gov.co\/colombia\/wp-content\/uploads\/Didimo-Baos-Guzman-300x169.jpeg","type":"","width":"","height":""}],"author":"Winnie Geraldine Rodr\u00edguez Navarrete","twitter_card":"summary_large_image","twitter_creator":"@FiscaliaCol","twitter_site":"@FiscaliaCol","twitter_misc":{"Escrito por":"Winnie Geraldine Rodr\u00edguez Navarrete","Tiempo de lectura":"3 minutos"},"schema":{"@context":"https:\/\/schema.org","@graph":[{"@type":"Article","@id":"https:\/\/www.fiscalia.gov.co\/colombia\/noticias\/carcel-para-presuntos-responsables-de-agredir-a-dos-hombres-en-establecimientos-nocturnos-en-huila\/#article","isPartOf":{"@id":"https:\/\/www.fiscalia.gov.co\/colombia\/noticias\/carcel-para-presuntos-responsables-de-agredir-a-dos-hombres-en-establecimientos-nocturnos-en-huila\/"},"author":{"name":"Winnie Geraldine Rodr\u00edguez Navarrete","@id":"https:\/\/www.fiscalia.gov.co\/colombia\/#\/schema\/person\/176195b99ebab0a52aafa15197e1bf80"},"headline":"C\u00e1rcel para presuntos responsables de agredir a dos hombres en establecimientos nocturnos en Huila","datePublished":"2024-10-28T20:43:04+00:00","dateModified":"2024-10-29T16:27:18+00:00","mainEntityOfPage":{"@id":"https:\/\/www.fiscalia.gov.co\/colombia\/noticias\/carcel-para-presuntos-responsables-de-agredir-a-dos-hombres-en-establecimientos-nocturnos-en-huila\/"},"wordCount":520,"publisher":{"@id":"https:\/\/www.fiscalia.gov.co\/colombia\/#organization"},"image":{"@id":"https:\/\/www.fiscalia.gov.co\/colombia\/noticias\/carcel-para-presuntos-responsables-de-agredir-a-dos-hombres-en-establecimientos-nocturnos-en-huila\/#primaryimage"},"thumbnailUrl":"https:\/\/www.fiscalia.gov.co\/colombia\/wp-content\/uploads\/Didimo-Baos-Guzman-300x169.jpeg","keywords":["Armas de fuego","centro carcelario","establecimientos nocturnos","Fabricaci\u00f3n","Fiscal\u00eda General de la Naci\u00f3n","Homicidio","Huila","Intolerancia","Isnos","Municiones","San Agust\u00edn","San Agust\u00edn- Isnos (Huila)","Seccional Huila","tenencia","Tentativa de homicidio","Tr\u00e1fico"],"articleSection":["Noticias","Seguridad territorial"],"inLanguage":"es-CO"},{"@type":"WebPage","@id":"https:\/\/www.fiscalia.gov.co\/colombia\/noticias\/carcel-para-presuntos-responsables-de-agredir-a-dos-hombres-en-establecimientos-nocturnos-en-huila\/","url":"https:\/\/www.fiscalia.gov.co\/colombia\/noticias\/carcel-para-presuntos-responsables-de-agredir-a-dos-hombres-en-establecimientos-nocturnos-en-huila\/","name":"Fiscal\u00eda General de la Naci\u00f3n","isPartOf":{"@id":"https:\/\/www.fiscalia.gov.co\/colombia\/#website"},"primaryImageOfPage":{"@id":"https:\/\/www.fiscalia.gov.co\/colombia\/noticias\/carcel-para-presuntos-responsables-de-agredir-a-dos-hombres-en-establecimientos-nocturnos-en-huila\/#primaryimage"},"image":{"@id":"https:\/\/www.fiscalia.gov.co\/colombia\/noticias\/carcel-para-presuntos-responsables-de-agredir-a-dos-hombres-en-establecimientos-nocturnos-en-huila\/#primaryimage"},"thumbnailUrl":"https:\/\/www.fiscalia.gov.co\/colombia\/wp-content\/uploads\/Didimo-Baos-Guzman-300x169.jpeg","datePublished":"2024-10-28T20:43:04+00:00","dateModified":"2024-10-29T16:27:18+00:00","description":"P\u00e1gina oficial de la Fiscal\u00eda General de la Naci\u00f3n \u2013 Colombia. Garantizamos el acceso efectivo a la justicia, la verdad y la reparaci\u00f3n de las v\u00edctimas de los delitos.","breadcrumb":{"@id":"https:\/\/www.fiscalia.gov.co\/colombia\/noticias\/carcel-para-presuntos-responsables-de-agredir-a-dos-hombres-en-establecimientos-nocturnos-en-huila\/#breadcrumb"},"inLanguage":"es-CO","potentialAction":[{"@type":"ReadAction","target":["https:\/\/www.fiscalia.gov.co\/colombia\/noticias\/carcel-para-presuntos-responsables-de-agredir-a-dos-hombres-en-establecimientos-nocturnos-en-huila\/"]}]},{"@type":"ImageObject","inLanguage":"es-CO","@id":"https:\/\/www.fiscalia.gov.co\/colombia\/noticias\/carcel-para-presuntos-responsables-de-agredir-a-dos-hombres-en-establecimientos-nocturnos-en-huila\/#primaryimage","url":"https:\/\/www.fiscalia.gov.co\/colombia\/wp-content\/uploads\/Didimo-Baos-Guzman.jpeg","contentUrl":"https:\/\/www.fiscalia.gov.co\/colombia\/wp-content\/uploads\/Didimo-Baos-Guzman.jpeg","width":1600,"height":900,"caption":"El altercado ocurri\u00f3 a la salida de una discoteca donde el hoy judicializado, bajo los efectos del alcohol, habr\u00eda accionado un arma traum\u00e1tica en contra de la v\u00edctima quien fue trasladada hasta las instalaciones del hospital local para recibir atenci\u00f3n m\u00e9dica."},{"@type":"BreadcrumbList","@id":"https:\/\/www.fiscalia.gov.co\/colombia\/noticias\/carcel-para-presuntos-responsables-de-agredir-a-dos-hombres-en-establecimientos-nocturnos-en-huila\/#breadcrumb","itemListElement":[{"@type":"ListItem","position":1,"name":"Home","item":"https:\/\/www.fiscalia.gov.co\/colombia\/"},{"@type":"ListItem","position":2,"name":"C\u00e1rcel para presuntos responsables de agredir a dos hombres en establecimientos nocturnos en Huila"}]},{"@type":"WebSite","@id":"https:\/\/www.fiscalia.gov.co\/colombia\/#website","url":"https:\/\/www.fiscalia.gov.co\/colombia\/","name":"Fiscal\u00eda General de la Naci\u00f3n","description":"P\u00e1gina oficial de la Fiscal\u00eda General de la Naci\u00f3n \u2013 Colombia. Garantizamos el acceso efectivo a la justicia, la verdad y la reparaci\u00f3n de las v\u00edctimas de los delitos.","publisher":{"@id":"https:\/\/www.fiscalia.gov.co\/colombia\/#organization"},"potentialAction":[{"@type":"SearchAction","target":{"@type":"EntryPoint","urlTemplate":"https:\/\/www.fiscalia.gov.co\/colombia\/?s={search_term_string}"},"query-input":{"@type":"PropertyValueSpecification","valueRequired":true,"valueName":"search_term_string"}}],"inLanguage":"es-CO"},{"@type":"Organization","@id":"https:\/\/www.fiscalia.gov.co\/colombia\/#organization","name":"Fiscal\u00eda General de la Naci\u00f3n","url":"https:\/\/www.fiscalia.gov.co\/colombia\/","logo":{"@type":"ImageObject","inLanguage":"es-CO","@id":"https:\/\/www.fiscalia.gov.co\/colombia\/#\/schema\/logo\/image\/","url":"https:\/\/www.fiscalia.gov.co\/colombia\/wp-content\/uploads\/LogoHorizontal_1.jpg","contentUrl":"https:\/\/www.fiscalia.gov.co\/colombia\/wp-content\/uploads\/LogoHorizontal_1.jpg","width":300,"height":90,"caption":"Fiscal\u00eda General de la Naci\u00f3n"},"image":{"@id":"https:\/\/www.fiscalia.gov.co\/colombia\/#\/schema\/logo\/image\/"},"sameAs":["https:\/\/www.facebook.com\/FiscaliaCol","https:\/\/x.com\/FiscaliaCol","https:\/\/www.instagram.com\/fiscaliacol","https:\/\/www.linkedin.com\/company\/fiscalia-general-de-la-naci-n\/","https:\/\/youtube.com\/@fiscaliageneraldelanacion-4668?si=6nN79nyQICPU5iTh"]},{"@type":"Person","@id":"https:\/\/www.fiscalia.gov.co\/colombia\/#\/schema\/person\/176195b99ebab0a52aafa15197e1bf80","name":"Winnie Geraldine Rodr\u00edguez Navarrete","image":{"@type":"ImageObject","inLanguage":"es-CO","@id":"https:\/\/www.fiscalia.gov.co\/colombia\/#\/schema\/person\/image\/","url":"https:\/\/secure.gravatar.com\/avatar\/c24cf8481dc84fa5e8c7b20bc95ab0c6?s=96&d=mm&r=g","contentUrl":"https:\/\/secure.gravatar.com\/avatar\/c24cf8481dc84fa5e8c7b20bc95ab0c6?s=96&d=mm&r=g","caption":"Winnie Geraldine Rodr\u00edguez Navarrete"},"url":"https:\/\/www.fiscalia.gov.co\/colombia\/author\/winnierodriguez\/"}]}},"_links":{"self":[{"href":"https:\/\/www.fiscalia.gov.co\/colombia\/wp-json\/wp\/v2\/posts\/304293","targetHints":{"allow":["GET"]}}],"collection":[{"href":"https:\/\/www.fiscalia.gov.co\/colombia\/wp-json\/wp\/v2\/posts"}],"about":[{"href":"https:\/\/www.fiscalia.gov.co\/colombia\/wp-json\/wp\/v2\/types\/post"}],"author":[{"embeddable":true,"href":"https:\/\/www.fiscalia.gov.co\/colombia\/wp-json\/wp\/v2\/users\/178"}],"replies":[{"embeddable":true,"href":"https:\/\/www.fiscalia.gov.co\/colombia\/wp-json\/wp\/v2\/comments?post=304293"}],"version-history":[{"count":3,"href":"https:\/\/www.fiscalia.gov.co\/colombia\/wp-json\/wp\/v2\/posts\/304293\/revisions"}],"predecessor-version":[{"id":304348,"href":"https:\/\/www.fiscalia.gov.co\/colombia\/wp-json\/wp\/v2\/posts\/304293\/revisions\/304348"}],"wp:attachment":[{"href":"https:\/\/www.fiscalia.gov.co\/colombia\/wp-json\/wp\/v2\/media?parent=304293"}],"wp:term":[{"taxonomy":"category","embeddable":true,"href":"https:\/\/www.fiscalia.gov.co\/colombia\/wp-json\/wp\/v2\/categories?post=304293"},{"taxonomy":"post_tag","embeddable":true,"href":"https:\/\/www.fiscalia.gov.co\/colombia\/wp-json\/wp\/v2\/tags?post=304293"}],"curies":[{"name":"wp","href":"https:\/\/api.w.org\/{rel}","templated":true}]}}