{"id":304247,"date":"2024-10-28T09:42:05","date_gmt":"2024-10-28T14:42:05","guid":{"rendered":"https:\/\/www.fiscalia.gov.co\/colombia\/?p=304247"},"modified":"2024-10-28T09:42:05","modified_gmt":"2024-10-28T14:42:05","slug":"condenado-a-mas-de-30-anos-de-prision-ciudadano-estadounidense-por-explotacion-sexual-comercial-de-ninas-y-adolescentes-en-medellin","status":"publish","type":"post","link":"https:\/\/www.fiscalia.gov.co\/colombia\/hay-justicia\/condenado-a-mas-de-30-anos-de-prision-ciudadano-estadounidense-por-explotacion-sexual-comercial-de-ninas-y-adolescentes-en-medellin\/","title":{"rendered":"Condenado a m\u00e1s de 30 a\u00f1os de prisi\u00f3n ciudadano estadounidense por explotaci\u00f3n sexual comercial de ni\u00f1as y adolescentes en Medell\u00edn"},"content":{"rendered":"<h4 style=\"font-weight: 400; text-align: center;\"><strong><em>Se trata de la pena m\u00e1s alta impuesta en Colombia a un extranjero por esta conducta delictiva.<\/em><\/strong><\/h4>\n<p style=\"font-weight: 400;\">Producto de las pruebas aportadas por la Fiscal\u00eda General de la Naci\u00f3n en juicio oral, el ciudadano estadounidense Thomas Michael Renno fue condenada a 30 a\u00f1os y 6 meses de prisi\u00f3n por los delitos de demanda de explotaci\u00f3n sexual comercial de persona menor de 18 a\u00f1os agravado, y utilizaci\u00f3n o facilitaci\u00f3n de medios de comunicaci\u00f3n para ofrecer actividades sexuales agravadas en concurso homog\u00e9neo y sucesivo.<\/p>\n<p style=\"font-weight: 400;\">Un juez penal de conocimiento determin\u00f3 que el extranjero es <strong>responsable de localizar por comunidades virtuales a ni\u00f1as y adolescentes en Medell\u00edn (Antioquia)<\/strong>, y someter a cinco de ellas actividades de tipo sexual.<\/p>\n<p style=\"font-weight: 400;\">La investigaci\u00f3n que puso en evidencia este caso inici\u00f3 el 5 de septiembre de 2018, con una alerta recibida de las autoridades de Estados Unidos, que daba cuenta de un computador en Medell\u00edn utilizado para publicar contenido sexual expl\u00edcito y ofrecer en diferentes aplicativos servicios \u00edntimos con menores de edad.<\/p>\n<figure id=\"attachment_304251\" aria-describedby=\"caption-attachment-304251\" style=\"width: 403px\" class=\"wp-caption aligncenter\"><img loading=\"lazy\" decoding=\"async\" class=\" wp-image-304251\" src=\"https:\/\/www.fiscalia.gov.co\/colombia\/wp-content\/uploads\/Condenado-a-mas-de-30-anos-de-prision-por-explotacion-sexual-en-Medellin-300x250.jpg\" alt=\"En la imagen aparece el extranjero en medio de dos uniformados de la Polic\u00eda Nacional.\" width=\"403\" height=\"336\" srcset=\"https:\/\/www.fiscalia.gov.co\/colombia\/wp-content\/uploads\/Condenado-a-mas-de-30-anos-de-prision-por-explotacion-sexual-en-Medellin-300x250.jpg 300w, https:\/\/www.fiscalia.gov.co\/colombia\/wp-content\/uploads\/Condenado-a-mas-de-30-anos-de-prision-por-explotacion-sexual-en-Medellin-1024x852.jpg 1024w, https:\/\/www.fiscalia.gov.co\/colombia\/wp-content\/uploads\/Condenado-a-mas-de-30-anos-de-prision-por-explotacion-sexual-en-Medellin-768x639.jpg 768w, https:\/\/www.fiscalia.gov.co\/colombia\/wp-content\/uploads\/Condenado-a-mas-de-30-anos-de-prision-por-explotacion-sexual-en-Medellin-1536x1278.jpg 1536w, https:\/\/www.fiscalia.gov.co\/colombia\/wp-content\/uploads\/Condenado-a-mas-de-30-anos-de-prision-por-explotacion-sexual-en-Medellin-505x420.jpg 505w, https:\/\/www.fiscalia.gov.co\/colombia\/wp-content\/uploads\/Condenado-a-mas-de-30-anos-de-prision-por-explotacion-sexual-en-Medellin-696x579.jpg 696w, https:\/\/www.fiscalia.gov.co\/colombia\/wp-content\/uploads\/Condenado-a-mas-de-30-anos-de-prision-por-explotacion-sexual-en-Medellin-1068x888.jpg 1068w, https:\/\/www.fiscalia.gov.co\/colombia\/wp-content\/uploads\/Condenado-a-mas-de-30-anos-de-prision-por-explotacion-sexual-en-Medellin.jpg 1600w\" sizes=\"auto, (max-width: 403px) 100vw, 403px\" \/><figcaption id=\"caption-attachment-304251\" class=\"wp-caption-text\">Condenado estadounidense a m\u00e1s de 30 a\u00f1os de prisi\u00f3n por explotaci\u00f3n sexual de menores en Medell\u00edn.<\/figcaption><\/figure>\n<p style=\"font-weight: 400;\">La informaci\u00f3n involucraba a un hombre de 72 a\u00f1os que, desde San Francisco, California (Estados Unidos), <strong>manten\u00eda conversaciones v\u00eda internet y ofrec\u00eda diversas sumas de dinero para que le permitan concretar los encuentro \u00edntimos.<\/strong> Esta persona se identificaba con diferentes perfiles, entre estos Tom Renno, Tom Rene y Tom Reinolds; sin embargo, se estableci\u00f3 que su verdadera identidad era Thomas Michael Renno.<\/p>\n<p style=\"font-weight: 400;\">En el curso del proceso se acredit\u00f3 que el estadounidense, entre mayo de 2017 y mayo de 2018, ingres\u00f3 en siete oportunidades al pa\u00eds, por el aeropuerto Jos\u00e9 Mar\u00eda C\u00f3rdova, en Rionegro (Antioquia). Asimismo, qued\u00f3 en evidencia que en sus viajes se instal\u00f3 en Medell\u00edn, ubic\u00f3 a las ni\u00f1as y adolescentes contactadas previamente; y, a cambio de dinero, las indujo a realizar actos sexuales. La condena ordena la captura del sentenciado para hacer efectiva la pena en centro carcelario. La decisi\u00f3n es de primera instancia y en su contra proceden los recursos de ley.<\/p>\n<p>&nbsp;<\/p>\n<p>&nbsp;<\/p>\n<p>LFML\/JA\/DSM\/MAGA\/JARG<\/p>\n<p>&nbsp;<\/p>\n<p>&nbsp;<\/p>\n<p style=\"font-weight: 400;\">\n<p>&nbsp;<\/p>\n<p>&nbsp;<\/p>\n<p><em>La informaci\u00f3n contenida en este bolet\u00edn de prensa corresponde a la narraci\u00f3n de los hechos noticiosos objetivos, suministrados por los funcionarios encargados de adelantar las investigaciones penales al interior de la Fiscal\u00eda General de la Naci\u00f3n. Para el momento de la divulgaci\u00f3n de este comunicado, la situaci\u00f3n jur\u00eddica de la(s) persona(s) relacionada(s) se encuentra pendiente de resolver por la autoridad judicial competente, siempre bajo los preceptos de la presunci\u00f3n de inocencia, consagrados en el art\u00edculo 29 de la Constituci\u00f3n Pol\u00edtica y el art\u00edculo 7\u00ba de la Ley 906 de 2004.<\/em><\/p>\n\n<div class=\"twitter-share\"><a href=\"https:\/\/twitter.com\/intent\/tweet?via=fiscaliacol\" class=\"twitter-share-button\">Tweet<\/a><\/div>\n","protected":false},"excerpt":{"rendered":"<p>Se trata de la pena m\u00e1s alta impuesta en Colombia a un extranjero por esta conducta delictiva. Producto de las pruebas aportadas por la Fiscal\u00eda General de la Naci\u00f3n en [&hellip;]<\/p>\n","protected":false},"author":178,"featured_media":0,"comment_status":"closed","ping_status":"open","sticky":false,"template":"","format":"standard","meta":{"tdm_status":"","tdm_grid_status":"","footnotes":""},"categories":[24174,1],"tags":[567,37492,1047,23985],"class_list":["post-304247","post","type-post","status-publish","format-standard","category-hay-justicia","category-noticias","tag-explotacion-sexual","tag-fiscal-luz-adriana-camargo","tag-fiscalia-general-de-la-nacion","tag-medellin-antioquia"],"yoast_head":"<!-- This site is optimized with the Yoast SEO plugin v24.3 - https:\/\/yoast.com\/wordpress\/plugins\/seo\/ -->\n<title>Fiscal\u00eda General de la Naci\u00f3n<\/title>\n<meta name=\"description\" content=\"P\u00e1gina oficial de la Fiscal\u00eda General de la Naci\u00f3n \u2013 Colombia. Garantizamos el acceso efectivo a la justicia, la verdad y la reparaci\u00f3n de las v\u00edctimas de los delitos.\" \/>\n<meta name=\"robots\" content=\"noindex, follow\" \/>\n<meta property=\"og:locale\" content=\"es_ES\" \/>\n<meta property=\"og:type\" content=\"article\" \/>\n<meta property=\"og:title\" content=\"Fiscal\u00eda General de la Naci\u00f3n\" \/>\n<meta property=\"og:description\" content=\"P\u00e1gina oficial de la Fiscal\u00eda General de la Naci\u00f3n \u2013 Colombia. Garantizamos el acceso efectivo a la justicia, la verdad y la reparaci\u00f3n de las v\u00edctimas de los delitos.\" \/>\n<meta property=\"og:url\" content=\"https:\/\/www.fiscalia.gov.co\/colombia\/hay-justicia\/condenado-a-mas-de-30-anos-de-prision-ciudadano-estadounidense-por-explotacion-sexual-comercial-de-ninas-y-adolescentes-en-medellin\/\" \/>\n<meta property=\"og:site_name\" content=\"Fiscal\u00eda General de la Naci\u00f3n\" \/>\n<meta property=\"article:publisher\" content=\"https:\/\/www.facebook.com\/FiscaliaCol\" \/>\n<meta property=\"article:published_time\" content=\"2024-10-28T14:42:05+00:00\" \/>\n<meta property=\"og:image\" content=\"https:\/\/www.fiscalia.gov.co\/colombia\/wp-content\/uploads\/Condenado-a-mas-de-30-anos-de-prision-por-explotacion-sexual-en-Medellin-300x250.jpg\" \/>\n<meta name=\"author\" content=\"Winnie Geraldine Rodr\u00edguez Navarrete\" \/>\n<meta name=\"twitter:card\" content=\"summary_large_image\" \/>\n<meta name=\"twitter:creator\" content=\"@FiscaliaCol\" \/>\n<meta name=\"twitter:site\" content=\"@FiscaliaCol\" \/>\n<meta name=\"twitter:label1\" content=\"Escrito por\" \/>\n\t<meta name=\"twitter:data1\" content=\"Winnie Geraldine Rodr\u00edguez Navarrete\" \/>\n\t<meta name=\"twitter:label2\" content=\"Tiempo de lectura\" \/>\n\t<meta name=\"twitter:data2\" content=\"3 minutos\" \/>\n<script type=\"application\/ld+json\" class=\"yoast-schema-graph\">{\"@context\":\"https:\/\/schema.org\",\"@graph\":[{\"@type\":\"Article\",\"@id\":\"https:\/\/www.fiscalia.gov.co\/colombia\/hay-justicia\/condenado-a-mas-de-30-anos-de-prision-ciudadano-estadounidense-por-explotacion-sexual-comercial-de-ninas-y-adolescentes-en-medellin\/#article\",\"isPartOf\":{\"@id\":\"https:\/\/www.fiscalia.gov.co\/colombia\/hay-justicia\/condenado-a-mas-de-30-anos-de-prision-ciudadano-estadounidense-por-explotacion-sexual-comercial-de-ninas-y-adolescentes-en-medellin\/\"},\"author\":{\"name\":\"Winnie Geraldine Rodr\u00edguez Navarrete\",\"@id\":\"https:\/\/www.fiscalia.gov.co\/colombia\/#\/schema\/person\/176195b99ebab0a52aafa15197e1bf80\"},\"headline\":\"Condenado a m\u00e1s de 30 a\u00f1os de prisi\u00f3n ciudadano estadounidense por explotaci\u00f3n sexual comercial de ni\u00f1as y adolescentes en Medell\u00edn\",\"datePublished\":\"2024-10-28T14:42:05+00:00\",\"dateModified\":\"2024-10-28T14:42:05+00:00\",\"mainEntityOfPage\":{\"@id\":\"https:\/\/www.fiscalia.gov.co\/colombia\/hay-justicia\/condenado-a-mas-de-30-anos-de-prision-ciudadano-estadounidense-por-explotacion-sexual-comercial-de-ninas-y-adolescentes-en-medellin\/\"},\"wordCount\":505,\"publisher\":{\"@id\":\"https:\/\/www.fiscalia.gov.co\/colombia\/#organization\"},\"image\":{\"@id\":\"https:\/\/www.fiscalia.gov.co\/colombia\/hay-justicia\/condenado-a-mas-de-30-anos-de-prision-ciudadano-estadounidense-por-explotacion-sexual-comercial-de-ninas-y-adolescentes-en-medellin\/#primaryimage\"},\"thumbnailUrl\":\"https:\/\/www.fiscalia.gov.co\/colombia\/wp-content\/uploads\/Condenado-a-mas-de-30-anos-de-prision-por-explotacion-sexual-en-Medellin-300x250.jpg\",\"keywords\":[\"Explotaci\u00f3n sexual\",\"Fiscal Luz Adriana Camargo\",\"Fiscal\u00eda General de la Naci\u00f3n\",\"Medell\u00edn (Antioquia)\"],\"articleSection\":[\"Hay Justicia\",\"Noticias\"],\"inLanguage\":\"es-CO\"},{\"@type\":\"WebPage\",\"@id\":\"https:\/\/www.fiscalia.gov.co\/colombia\/hay-justicia\/condenado-a-mas-de-30-anos-de-prision-ciudadano-estadounidense-por-explotacion-sexual-comercial-de-ninas-y-adolescentes-en-medellin\/\",\"url\":\"https:\/\/www.fiscalia.gov.co\/colombia\/hay-justicia\/condenado-a-mas-de-30-anos-de-prision-ciudadano-estadounidense-por-explotacion-sexual-comercial-de-ninas-y-adolescentes-en-medellin\/\",\"name\":\"Fiscal\u00eda General de la Naci\u00f3n\",\"isPartOf\":{\"@id\":\"https:\/\/www.fiscalia.gov.co\/colombia\/#website\"},\"primaryImageOfPage\":{\"@id\":\"https:\/\/www.fiscalia.gov.co\/colombia\/hay-justicia\/condenado-a-mas-de-30-anos-de-prision-ciudadano-estadounidense-por-explotacion-sexual-comercial-de-ninas-y-adolescentes-en-medellin\/#primaryimage\"},\"image\":{\"@id\":\"https:\/\/www.fiscalia.gov.co\/colombia\/hay-justicia\/condenado-a-mas-de-30-anos-de-prision-ciudadano-estadounidense-por-explotacion-sexual-comercial-de-ninas-y-adolescentes-en-medellin\/#primaryimage\"},\"thumbnailUrl\":\"https:\/\/www.fiscalia.gov.co\/colombia\/wp-content\/uploads\/Condenado-a-mas-de-30-anos-de-prision-por-explotacion-sexual-en-Medellin-300x250.jpg\",\"datePublished\":\"2024-10-28T14:42:05+00:00\",\"dateModified\":\"2024-10-28T14:42:05+00:00\",\"description\":\"P\u00e1gina oficial de la Fiscal\u00eda General de la Naci\u00f3n \u2013 Colombia. Garantizamos el acceso efectivo a la justicia, la verdad y la reparaci\u00f3n de las v\u00edctimas de los delitos.\",\"breadcrumb\":{\"@id\":\"https:\/\/www.fiscalia.gov.co\/colombia\/hay-justicia\/condenado-a-mas-de-30-anos-de-prision-ciudadano-estadounidense-por-explotacion-sexual-comercial-de-ninas-y-adolescentes-en-medellin\/#breadcrumb\"},\"inLanguage\":\"es-CO\",\"potentialAction\":[{\"@type\":\"ReadAction\",\"target\":[\"https:\/\/www.fiscalia.gov.co\/colombia\/hay-justicia\/condenado-a-mas-de-30-anos-de-prision-ciudadano-estadounidense-por-explotacion-sexual-comercial-de-ninas-y-adolescentes-en-medellin\/\"]}]},{\"@type\":\"ImageObject\",\"inLanguage\":\"es-CO\",\"@id\":\"https:\/\/www.fiscalia.gov.co\/colombia\/hay-justicia\/condenado-a-mas-de-30-anos-de-prision-ciudadano-estadounidense-por-explotacion-sexual-comercial-de-ninas-y-adolescentes-en-medellin\/#primaryimage\",\"url\":\"https:\/\/www.fiscalia.gov.co\/colombia\/wp-content\/uploads\/Condenado-a-mas-de-30-anos-de-prision-por-explotacion-sexual-en-Medellin.jpg\",\"contentUrl\":\"https:\/\/www.fiscalia.gov.co\/colombia\/wp-content\/uploads\/Condenado-a-mas-de-30-anos-de-prision-por-explotacion-sexual-en-Medellin.jpg\",\"width\":1600,\"height\":1331,\"caption\":\"Condenado estadounidense a m\u00e1s de 30 a\u00f1os de prisi\u00f3n por explotaci\u00f3n sexual de menores en Medell\u00edn.\"},{\"@type\":\"BreadcrumbList\",\"@id\":\"https:\/\/www.fiscalia.gov.co\/colombia\/hay-justicia\/condenado-a-mas-de-30-anos-de-prision-ciudadano-estadounidense-por-explotacion-sexual-comercial-de-ninas-y-adolescentes-en-medellin\/#breadcrumb\",\"itemListElement\":[{\"@type\":\"ListItem\",\"position\":1,\"name\":\"Home\",\"item\":\"https:\/\/www.fiscalia.gov.co\/colombia\/\"},{\"@type\":\"ListItem\",\"position\":2,\"name\":\"Condenado a m\u00e1s de 30 a\u00f1os de prisi\u00f3n ciudadano estadounidense por explotaci\u00f3n sexual comercial de ni\u00f1as y adolescentes en Medell\u00edn\"}]},{\"@type\":\"WebSite\",\"@id\":\"https:\/\/www.fiscalia.gov.co\/colombia\/#website\",\"url\":\"https:\/\/www.fiscalia.gov.co\/colombia\/\",\"name\":\"Fiscal\u00eda General de la Naci\u00f3n\",\"description\":\"P\u00e1gina oficial de la Fiscal\u00eda General de la Naci\u00f3n \u2013 Colombia. Garantizamos el acceso efectivo a la justicia, la verdad y la reparaci\u00f3n de las v\u00edctimas de los delitos.\",\"publisher\":{\"@id\":\"https:\/\/www.fiscalia.gov.co\/colombia\/#organization\"},\"potentialAction\":[{\"@type\":\"SearchAction\",\"target\":{\"@type\":\"EntryPoint\",\"urlTemplate\":\"https:\/\/www.fiscalia.gov.co\/colombia\/?s={search_term_string}\"},\"query-input\":{\"@type\":\"PropertyValueSpecification\",\"valueRequired\":true,\"valueName\":\"search_term_string\"}}],\"inLanguage\":\"es-CO\"},{\"@type\":\"Organization\",\"@id\":\"https:\/\/www.fiscalia.gov.co\/colombia\/#organization\",\"name\":\"Fiscal\u00eda General de la Naci\u00f3n\",\"url\":\"https:\/\/www.fiscalia.gov.co\/colombia\/\",\"logo\":{\"@type\":\"ImageObject\",\"inLanguage\":\"es-CO\",\"@id\":\"https:\/\/www.fiscalia.gov.co\/colombia\/#\/schema\/logo\/image\/\",\"url\":\"https:\/\/www.fiscalia.gov.co\/colombia\/wp-content\/uploads\/LogoHorizontal_1.jpg\",\"contentUrl\":\"https:\/\/www.fiscalia.gov.co\/colombia\/wp-content\/uploads\/LogoHorizontal_1.jpg\",\"width\":300,\"height\":90,\"caption\":\"Fiscal\u00eda General de la Naci\u00f3n\"},\"image\":{\"@id\":\"https:\/\/www.fiscalia.gov.co\/colombia\/#\/schema\/logo\/image\/\"},\"sameAs\":[\"https:\/\/www.facebook.com\/FiscaliaCol\",\"https:\/\/x.com\/FiscaliaCol\",\"https:\/\/www.instagram.com\/fiscaliacol\",\"https:\/\/www.linkedin.com\/company\/fiscalia-general-de-la-naci-n\/\",\"https:\/\/youtube.com\/@fiscaliageneraldelanacion-4668?si=6nN79nyQICPU5iTh\"]},{\"@type\":\"Person\",\"@id\":\"https:\/\/www.fiscalia.gov.co\/colombia\/#\/schema\/person\/176195b99ebab0a52aafa15197e1bf80\",\"name\":\"Winnie Geraldine Rodr\u00edguez Navarrete\",\"image\":{\"@type\":\"ImageObject\",\"inLanguage\":\"es-CO\",\"@id\":\"https:\/\/www.fiscalia.gov.co\/colombia\/#\/schema\/person\/image\/\",\"url\":\"https:\/\/secure.gravatar.com\/avatar\/c24cf8481dc84fa5e8c7b20bc95ab0c6?s=96&d=mm&r=g\",\"contentUrl\":\"https:\/\/secure.gravatar.com\/avatar\/c24cf8481dc84fa5e8c7b20bc95ab0c6?s=96&d=mm&r=g\",\"caption\":\"Winnie Geraldine Rodr\u00edguez Navarrete\"},\"url\":\"https:\/\/www.fiscalia.gov.co\/colombia\/author\/winnierodriguez\/\"}]}<\/script>\n<!-- \/ Yoast SEO plugin. -->","yoast_head_json":{"title":"Fiscal\u00eda General de la Naci\u00f3n","description":"P\u00e1gina oficial de la Fiscal\u00eda General de la Naci\u00f3n \u2013 Colombia. Garantizamos el acceso efectivo a la justicia, la verdad y la reparaci\u00f3n de las v\u00edctimas de los delitos.","robots":{"index":"noindex","follow":"follow"},"og_locale":"es_ES","og_type":"article","og_title":"Fiscal\u00eda General de la Naci\u00f3n","og_description":"P\u00e1gina oficial de la Fiscal\u00eda General de la Naci\u00f3n \u2013 Colombia. Garantizamos el acceso efectivo a la justicia, la verdad y la reparaci\u00f3n de las v\u00edctimas de los delitos.","og_url":"https:\/\/www.fiscalia.gov.co\/colombia\/hay-justicia\/condenado-a-mas-de-30-anos-de-prision-ciudadano-estadounidense-por-explotacion-sexual-comercial-de-ninas-y-adolescentes-en-medellin\/","og_site_name":"Fiscal\u00eda General de la Naci\u00f3n","article_publisher":"https:\/\/www.facebook.com\/FiscaliaCol","article_published_time":"2024-10-28T14:42:05+00:00","og_image":[{"url":"https:\/\/www.fiscalia.gov.co\/colombia\/wp-content\/uploads\/Condenado-a-mas-de-30-anos-de-prision-por-explotacion-sexual-en-Medellin-300x250.jpg","type":"","width":"","height":""}],"author":"Winnie Geraldine Rodr\u00edguez Navarrete","twitter_card":"summary_large_image","twitter_creator":"@FiscaliaCol","twitter_site":"@FiscaliaCol","twitter_misc":{"Escrito por":"Winnie Geraldine Rodr\u00edguez Navarrete","Tiempo de lectura":"3 minutos"},"schema":{"@context":"https:\/\/schema.org","@graph":[{"@type":"Article","@id":"https:\/\/www.fiscalia.gov.co\/colombia\/hay-justicia\/condenado-a-mas-de-30-anos-de-prision-ciudadano-estadounidense-por-explotacion-sexual-comercial-de-ninas-y-adolescentes-en-medellin\/#article","isPartOf":{"@id":"https:\/\/www.fiscalia.gov.co\/colombia\/hay-justicia\/condenado-a-mas-de-30-anos-de-prision-ciudadano-estadounidense-por-explotacion-sexual-comercial-de-ninas-y-adolescentes-en-medellin\/"},"author":{"name":"Winnie Geraldine Rodr\u00edguez Navarrete","@id":"https:\/\/www.fiscalia.gov.co\/colombia\/#\/schema\/person\/176195b99ebab0a52aafa15197e1bf80"},"headline":"Condenado a m\u00e1s de 30 a\u00f1os de prisi\u00f3n ciudadano estadounidense por explotaci\u00f3n sexual comercial de ni\u00f1as y adolescentes en Medell\u00edn","datePublished":"2024-10-28T14:42:05+00:00","dateModified":"2024-10-28T14:42:05+00:00","mainEntityOfPage":{"@id":"https:\/\/www.fiscalia.gov.co\/colombia\/hay-justicia\/condenado-a-mas-de-30-anos-de-prision-ciudadano-estadounidense-por-explotacion-sexual-comercial-de-ninas-y-adolescentes-en-medellin\/"},"wordCount":505,"publisher":{"@id":"https:\/\/www.fiscalia.gov.co\/colombia\/#organization"},"image":{"@id":"https:\/\/www.fiscalia.gov.co\/colombia\/hay-justicia\/condenado-a-mas-de-30-anos-de-prision-ciudadano-estadounidense-por-explotacion-sexual-comercial-de-ninas-y-adolescentes-en-medellin\/#primaryimage"},"thumbnailUrl":"https:\/\/www.fiscalia.gov.co\/colombia\/wp-content\/uploads\/Condenado-a-mas-de-30-anos-de-prision-por-explotacion-sexual-en-Medellin-300x250.jpg","keywords":["Explotaci\u00f3n sexual","Fiscal Luz Adriana Camargo","Fiscal\u00eda General de la Naci\u00f3n","Medell\u00edn (Antioquia)"],"articleSection":["Hay Justicia","Noticias"],"inLanguage":"es-CO"},{"@type":"WebPage","@id":"https:\/\/www.fiscalia.gov.co\/colombia\/hay-justicia\/condenado-a-mas-de-30-anos-de-prision-ciudadano-estadounidense-por-explotacion-sexual-comercial-de-ninas-y-adolescentes-en-medellin\/","url":"https:\/\/www.fiscalia.gov.co\/colombia\/hay-justicia\/condenado-a-mas-de-30-anos-de-prision-ciudadano-estadounidense-por-explotacion-sexual-comercial-de-ninas-y-adolescentes-en-medellin\/","name":"Fiscal\u00eda General de la Naci\u00f3n","isPartOf":{"@id":"https:\/\/www.fiscalia.gov.co\/colombia\/#website"},"primaryImageOfPage":{"@id":"https:\/\/www.fiscalia.gov.co\/colombia\/hay-justicia\/condenado-a-mas-de-30-anos-de-prision-ciudadano-estadounidense-por-explotacion-sexual-comercial-de-ninas-y-adolescentes-en-medellin\/#primaryimage"},"image":{"@id":"https:\/\/www.fiscalia.gov.co\/colombia\/hay-justicia\/condenado-a-mas-de-30-anos-de-prision-ciudadano-estadounidense-por-explotacion-sexual-comercial-de-ninas-y-adolescentes-en-medellin\/#primaryimage"},"thumbnailUrl":"https:\/\/www.fiscalia.gov.co\/colombia\/wp-content\/uploads\/Condenado-a-mas-de-30-anos-de-prision-por-explotacion-sexual-en-Medellin-300x250.jpg","datePublished":"2024-10-28T14:42:05+00:00","dateModified":"2024-10-28T14:42:05+00:00","description":"P\u00e1gina oficial de la Fiscal\u00eda General de la Naci\u00f3n \u2013 Colombia. Garantizamos el acceso efectivo a la justicia, la verdad y la reparaci\u00f3n de las v\u00edctimas de los delitos.","breadcrumb":{"@id":"https:\/\/www.fiscalia.gov.co\/colombia\/hay-justicia\/condenado-a-mas-de-30-anos-de-prision-ciudadano-estadounidense-por-explotacion-sexual-comercial-de-ninas-y-adolescentes-en-medellin\/#breadcrumb"},"inLanguage":"es-CO","potentialAction":[{"@type":"ReadAction","target":["https:\/\/www.fiscalia.gov.co\/colombia\/hay-justicia\/condenado-a-mas-de-30-anos-de-prision-ciudadano-estadounidense-por-explotacion-sexual-comercial-de-ninas-y-adolescentes-en-medellin\/"]}]},{"@type":"ImageObject","inLanguage":"es-CO","@id":"https:\/\/www.fiscalia.gov.co\/colombia\/hay-justicia\/condenado-a-mas-de-30-anos-de-prision-ciudadano-estadounidense-por-explotacion-sexual-comercial-de-ninas-y-adolescentes-en-medellin\/#primaryimage","url":"https:\/\/www.fiscalia.gov.co\/colombia\/wp-content\/uploads\/Condenado-a-mas-de-30-anos-de-prision-por-explotacion-sexual-en-Medellin.jpg","contentUrl":"https:\/\/www.fiscalia.gov.co\/colombia\/wp-content\/uploads\/Condenado-a-mas-de-30-anos-de-prision-por-explotacion-sexual-en-Medellin.jpg","width":1600,"height":1331,"caption":"Condenado estadounidense a m\u00e1s de 30 a\u00f1os de prisi\u00f3n por explotaci\u00f3n sexual de menores en Medell\u00edn."},{"@type":"BreadcrumbList","@id":"https:\/\/www.fiscalia.gov.co\/colombia\/hay-justicia\/condenado-a-mas-de-30-anos-de-prision-ciudadano-estadounidense-por-explotacion-sexual-comercial-de-ninas-y-adolescentes-en-medellin\/#breadcrumb","itemListElement":[{"@type":"ListItem","position":1,"name":"Home","item":"https:\/\/www.fiscalia.gov.co\/colombia\/"},{"@type":"ListItem","position":2,"name":"Condenado a m\u00e1s de 30 a\u00f1os de prisi\u00f3n ciudadano estadounidense por explotaci\u00f3n sexual comercial de ni\u00f1as y adolescentes en Medell\u00edn"}]},{"@type":"WebSite","@id":"https:\/\/www.fiscalia.gov.co\/colombia\/#website","url":"https:\/\/www.fiscalia.gov.co\/colombia\/","name":"Fiscal\u00eda General de la Naci\u00f3n","description":"P\u00e1gina oficial de la Fiscal\u00eda General de la Naci\u00f3n \u2013 Colombia. Garantizamos el acceso efectivo a la justicia, la verdad y la reparaci\u00f3n de las v\u00edctimas de los delitos.","publisher":{"@id":"https:\/\/www.fiscalia.gov.co\/colombia\/#organization"},"potentialAction":[{"@type":"SearchAction","target":{"@type":"EntryPoint","urlTemplate":"https:\/\/www.fiscalia.gov.co\/colombia\/?s={search_term_string}"},"query-input":{"@type":"PropertyValueSpecification","valueRequired":true,"valueName":"search_term_string"}}],"inLanguage":"es-CO"},{"@type":"Organization","@id":"https:\/\/www.fiscalia.gov.co\/colombia\/#organization","name":"Fiscal\u00eda General de la Naci\u00f3n","url":"https:\/\/www.fiscalia.gov.co\/colombia\/","logo":{"@type":"ImageObject","inLanguage":"es-CO","@id":"https:\/\/www.fiscalia.gov.co\/colombia\/#\/schema\/logo\/image\/","url":"https:\/\/www.fiscalia.gov.co\/colombia\/wp-content\/uploads\/LogoHorizontal_1.jpg","contentUrl":"https:\/\/www.fiscalia.gov.co\/colombia\/wp-content\/uploads\/LogoHorizontal_1.jpg","width":300,"height":90,"caption":"Fiscal\u00eda General de la Naci\u00f3n"},"image":{"@id":"https:\/\/www.fiscalia.gov.co\/colombia\/#\/schema\/logo\/image\/"},"sameAs":["https:\/\/www.facebook.com\/FiscaliaCol","https:\/\/x.com\/FiscaliaCol","https:\/\/www.instagram.com\/fiscaliacol","https:\/\/www.linkedin.com\/company\/fiscalia-general-de-la-naci-n\/","https:\/\/youtube.com\/@fiscaliageneraldelanacion-4668?si=6nN79nyQICPU5iTh"]},{"@type":"Person","@id":"https:\/\/www.fiscalia.gov.co\/colombia\/#\/schema\/person\/176195b99ebab0a52aafa15197e1bf80","name":"Winnie Geraldine Rodr\u00edguez Navarrete","image":{"@type":"ImageObject","inLanguage":"es-CO","@id":"https:\/\/www.fiscalia.gov.co\/colombia\/#\/schema\/person\/image\/","url":"https:\/\/secure.gravatar.com\/avatar\/c24cf8481dc84fa5e8c7b20bc95ab0c6?s=96&d=mm&r=g","contentUrl":"https:\/\/secure.gravatar.com\/avatar\/c24cf8481dc84fa5e8c7b20bc95ab0c6?s=96&d=mm&r=g","caption":"Winnie Geraldine Rodr\u00edguez Navarrete"},"url":"https:\/\/www.fiscalia.gov.co\/colombia\/author\/winnierodriguez\/"}]}},"_links":{"self":[{"href":"https:\/\/www.fiscalia.gov.co\/colombia\/wp-json\/wp\/v2\/posts\/304247","targetHints":{"allow":["GET"]}}],"collection":[{"href":"https:\/\/www.fiscalia.gov.co\/colombia\/wp-json\/wp\/v2\/posts"}],"about":[{"href":"https:\/\/www.fiscalia.gov.co\/colombia\/wp-json\/wp\/v2\/types\/post"}],"author":[{"embeddable":true,"href":"https:\/\/www.fiscalia.gov.co\/colombia\/wp-json\/wp\/v2\/users\/178"}],"replies":[{"embeddable":true,"href":"https:\/\/www.fiscalia.gov.co\/colombia\/wp-json\/wp\/v2\/comments?post=304247"}],"version-history":[{"count":1,"href":"https:\/\/www.fiscalia.gov.co\/colombia\/wp-json\/wp\/v2\/posts\/304247\/revisions"}],"predecessor-version":[{"id":304252,"href":"https:\/\/www.fiscalia.gov.co\/colombia\/wp-json\/wp\/v2\/posts\/304247\/revisions\/304252"}],"wp:attachment":[{"href":"https:\/\/www.fiscalia.gov.co\/colombia\/wp-json\/wp\/v2\/media?parent=304247"}],"wp:term":[{"taxonomy":"category","embeddable":true,"href":"https:\/\/www.fiscalia.gov.co\/colombia\/wp-json\/wp\/v2\/categories?post=304247"},{"taxonomy":"post_tag","embeddable":true,"href":"https:\/\/www.fiscalia.gov.co\/colombia\/wp-json\/wp\/v2\/tags?post=304247"}],"curies":[{"name":"wp","href":"https:\/\/api.w.org\/{rel}","templated":true}]}}