{"id":304136,"date":"2024-10-25T09:26:45","date_gmt":"2024-10-25T14:26:45","guid":{"rendered":"https:\/\/www.fiscalia.gov.co\/colombia\/?p=304136"},"modified":"2024-10-25T09:26:45","modified_gmt":"2024-10-25T14:26:45","slug":"fiscalia-judicializa-en-cucuta-a-un-hombre-que-estaria-involucrado-en-la-muerte-del-propietario-de-un-establecimiento-de-videojuegos","status":"publish","type":"post","link":"https:\/\/www.fiscalia.gov.co\/colombia\/noticias\/fiscalia-judicializa-en-cucuta-a-un-hombre-que-estaria-involucrado-en-la-muerte-del-propietario-de-un-establecimiento-de-videojuegos\/","title":{"rendered":"Fiscal\u00eda judicializa en C\u00facuta a un hombre que estar\u00eda involucrado en la muerte del propietario de un establecimiento de videojuegos"},"content":{"rendered":"<p style=\"font-weight: 400;\">El material de prueba obtenido por la Fiscal\u00eda General de la Naci\u00f3n permiti\u00f3 la captura de <strong>Sebasti\u00e1n Silva Melo por su presunta responsabilidad en el\u00a0<a href=\"https:\/\/www.fiscalia.gov.co\/colombia\/noticias\/a-la-carcel-presunto-responsable-del-intento-de-homicidio-de-un-hombre-en-cucuta\/\" data-saferedirecturl=\"https:\/\/www.google.com\/url?q=https:\/\/www.fiscalia.gov.co\/colombia\/noticias\/a-la-carcel-presunto-responsable-del-intento-de-homicidio-de-un-hombre-en-cucuta\/&amp;source=gmail&amp;ust=1729952039610000&amp;usg=AOvVaw1kT4N-xUEMTShJVyxGdeKz\">homicidio<\/a>\u00a0de un comerciante<\/strong>\u00a0de un establecimiento de videojuegos en C\u00facuta (Norte de Santander).<\/p>\n<figure id=\"attachment_304139\" aria-describedby=\"caption-attachment-304139\" style=\"width: 600px\" class=\"wp-caption aligncenter\"><img loading=\"lazy\" decoding=\"async\" class=\"size-full wp-image-304139\" src=\"https:\/\/www.fiscalia.gov.co\/colombia\/wp-content\/uploads\/image-2-7.png\" alt=\"Se visualiza al capturado junto a un investigador del CTI y un uniformado de la Polic\u00eda Nacional. En la parte posterior los banners institucionales de la Fiscal\u00eda General de la Naci\u00f3n y de la Polic\u00eda Nacional\" width=\"600\" height=\"499\" srcset=\"https:\/\/www.fiscalia.gov.co\/colombia\/wp-content\/uploads\/image-2-7.png 600w, https:\/\/www.fiscalia.gov.co\/colombia\/wp-content\/uploads\/image-2-7-300x250.png 300w, https:\/\/www.fiscalia.gov.co\/colombia\/wp-content\/uploads\/image-2-7-505x420.png 505w\" sizes=\"auto, (max-width: 600px) 100vw, 600px\" \/><figcaption id=\"caption-attachment-304139\" class=\"wp-caption-text\">Sebasti\u00e1n Silva Melo, fue judicializado por su presunta responsabilidad en los delitos de homicidio y hurto calificado, ambos agravados.<\/figcaption><\/figure>\n<p style=\"font-weight: 400;\">Por estos hechos un fiscal de la Seccional Norte de Santander le imput\u00f3 los\u00a0<strong>delitos de\u00a0<\/strong><strong>homicidio<\/strong><strong>\u00a0y hurto calificado, ambas conductas agravadas.<\/strong><\/p>\n<p style=\"font-weight: 400;\">La investigaci\u00f3n evidenci\u00f3 que el pasado 15 de octubre\u00a0el procesado, en compa\u00f1\u00eda de otro hombre, habr\u00eda ingresado a la vivienda de la v\u00edctima para hurtarle el producido de su negocio. En medio del hecho se present\u00f3 un forcejeo y el comerciante fue herido con arma blanca. La gravedad de las heridas le ocasionaron la muerte.<\/p>\n<p style=\"font-weight: 400;\">Silva Melo\u00a0<strong>no acept\u00f3 los\u00a0<a href=\"https:\/\/www.fiscalia.gov.co\/colombia\/noticias\/judicializado-presunto-responsable-de-un-homicidio-en-cucuta\/\" data-saferedirecturl=\"https:\/\/www.google.com\/url?q=https:\/\/www.fiscalia.gov.co\/colombia\/noticias\/judicializado-presunto-responsable-de-un-homicidio-en-cucuta\/&amp;source=gmail&amp;ust=1729952039610000&amp;usg=AOvVaw1mV6acCSFlMm8SGwmcMX86\">cargos<\/a>\u00a0formulados por la fiscal\u00eda<\/strong>. Un juez de control de garant\u00edas le impuso medida de aseguramiento privativa de la libertad en establecimiento carcelario.<\/p>\n<p style=\"font-weight: 400;\">\n<p>&nbsp;<\/p>\n<p>&nbsp;<\/p>\n<p style=\"font-weight: 400;\">\n<p style=\"font-weight: 400;\">MPHA\/AMCJ\/MAGA\/SMAS\/EDBC\/DSNS<\/p>\n<p>&nbsp;<\/p>\n<p>&nbsp;<\/p>\n<p>&nbsp;<\/p>\n<p>&nbsp;<\/p>\n<p style=\"font-weight: 400;\"><em>La informaci\u00f3n contenida en este bolet\u00edn de prensa corresponde a la narraci\u00f3n de los hechos noticiosos objetivos, suministrados por los funcionarios encargados de adelantar las investigaciones penales al interior de la Fiscal\u00eda General de la Naci\u00f3n. Para el momento de la divulgaci\u00f3n de este comunicado, la situaci\u00f3n jur\u00eddica de la(s) persona(s) relacionada(s) se encuentra pendiente de resolver por la autoridad\u00a0judicial competente, siempre bajo los preceptos de la presunci\u00f3n de inocencia, consagrados en el art\u00edculo 29 de la Constituci\u00f3n Pol\u00edtica y el art\u00edculo 7\u00ba de la Ley 906 de 2004.<\/em><\/p>\n\n<div class=\"twitter-share\"><a href=\"https:\/\/twitter.com\/intent\/tweet?via=fiscaliacol\" class=\"twitter-share-button\">Tweet<\/a><\/div>\n","protected":false},"excerpt":{"rendered":"<p>El material de prueba obtenido por la Fiscal\u00eda General de la Naci\u00f3n permiti\u00f3 la captura de Sebasti\u00e1n Silva Melo por su presunta responsabilidad en el\u00a0homicidio\u00a0de un comerciante\u00a0de un establecimiento de videojuegos en C\u00facuta (Norte de Santander). Por estos hechos un fiscal de la Seccional Norte de Santander le imput\u00f3 los\u00a0delitos de\u00a0homicidio\u00a0y hurto calificado, ambas conductas [&hellip;]<\/p>\n","protected":false},"author":177,"featured_media":0,"comment_status":"closed","ping_status":"open","sticky":false,"template":"","format":"standard","meta":{"_price":"","_stock":"","_tribe_ticket_header":"","_tribe_default_ticket_provider":"","_tribe_ticket_capacity":"0","_ticket_start_date":"","_ticket_end_date":"","_tribe_ticket_show_description":"","_tribe_ticket_show_not_going":false,"_tribe_ticket_use_global_stock":"","_tribe_ticket_global_stock_level":"","_global_stock_mode":"","_global_stock_cap":"","_tribe_rsvp_for_event":"","_tribe_ticket_going_count":"","_tribe_ticket_not_going_count":"","_tribe_tickets_list":"[]","_tribe_ticket_has_attendee_info_fields":false,"tdm_status":"","tdm_grid_status":"","footnotes":""},"categories":[1,326,303,24099],"tags":[14550,2612,9477,31730,26336,37492,4614,1047,409,17967,2286,558,10084,38854],"class_list":{"0":"post-304136","1":"post","2":"type-post","3":"status-publish","4":"format-standard","6":"category-noticias","7":"category-seccional-cucuta","8":"category-seccionales","9":"category-seguridad-territorial","10":"tag-carcel","11":"tag-comerciante","12":"tag-comunidad","13":"tag-cucuta-norte-de-santander","14":"tag-eficacia","15":"tag-fiscal-luz-adriana-camargo","16":"tag-fiscalia-2","17":"tag-fiscalia-general-de-la-nacion","18":"tag-homicidio","19":"tag-investigacion","20":"tag-justicia","21":"tag-policia-nacional","22":"tag-seguridad","23":"tag-videojuegos"},"yoast_head":"<!-- This site is optimized with the Yoast SEO plugin v24.3 - https:\/\/yoast.com\/wordpress\/plugins\/seo\/ -->\n<title>Fiscal\u00eda General de la Naci\u00f3n<\/title>\n<meta name=\"description\" content=\"P\u00e1gina oficial de la Fiscal\u00eda General de la Naci\u00f3n \u2013 Colombia. Garantizamos el acceso efectivo a la justicia, la verdad y la reparaci\u00f3n de las v\u00edctimas de los delitos.\" \/>\n<meta name=\"robots\" content=\"noindex, follow\" \/>\n<meta property=\"og:locale\" content=\"es_ES\" \/>\n<meta property=\"og:type\" content=\"article\" \/>\n<meta property=\"og:title\" content=\"Fiscal\u00eda General de la Naci\u00f3n\" \/>\n<meta property=\"og:description\" content=\"P\u00e1gina oficial de la Fiscal\u00eda General de la Naci\u00f3n \u2013 Colombia. Garantizamos el acceso efectivo a la justicia, la verdad y la reparaci\u00f3n de las v\u00edctimas de los delitos.\" \/>\n<meta property=\"og:url\" content=\"https:\/\/www.fiscalia.gov.co\/colombia\/noticias\/fiscalia-judicializa-en-cucuta-a-un-hombre-que-estaria-involucrado-en-la-muerte-del-propietario-de-un-establecimiento-de-videojuegos\/\" \/>\n<meta property=\"og:site_name\" content=\"Fiscal\u00eda General de la Naci\u00f3n\" \/>\n<meta property=\"article:publisher\" content=\"https:\/\/www.facebook.com\/FiscaliaCol\" \/>\n<meta property=\"article:published_time\" content=\"2024-10-25T14:26:45+00:00\" \/>\n<meta property=\"og:image\" content=\"https:\/\/www.fiscalia.gov.co\/colombia\/wp-content\/uploads\/image-2-7.png\" \/>\n<meta name=\"author\" content=\"Jordan Leandro Oviedo Anzola\" \/>\n<meta name=\"twitter:card\" content=\"summary_large_image\" \/>\n<meta name=\"twitter:creator\" content=\"@FiscaliaCol\" \/>\n<meta name=\"twitter:site\" content=\"@FiscaliaCol\" \/>\n<meta name=\"twitter:label1\" content=\"Escrito por\" \/>\n\t<meta name=\"twitter:data1\" content=\"Jordan Leandro Oviedo Anzola\" \/>\n\t<meta name=\"twitter:label2\" content=\"Tiempo de lectura\" \/>\n\t<meta name=\"twitter:data2\" content=\"2 minutos\" \/>\n<script type=\"application\/ld+json\" class=\"yoast-schema-graph\">{\"@context\":\"https:\/\/schema.org\",\"@graph\":[{\"@type\":\"Article\",\"@id\":\"https:\/\/www.fiscalia.gov.co\/colombia\/noticias\/fiscalia-judicializa-en-cucuta-a-un-hombre-que-estaria-involucrado-en-la-muerte-del-propietario-de-un-establecimiento-de-videojuegos\/#article\",\"isPartOf\":{\"@id\":\"https:\/\/www.fiscalia.gov.co\/colombia\/noticias\/fiscalia-judicializa-en-cucuta-a-un-hombre-que-estaria-involucrado-en-la-muerte-del-propietario-de-un-establecimiento-de-videojuegos\/\"},\"author\":{\"name\":\"Jordan Leandro Oviedo Anzola\",\"@id\":\"https:\/\/www.fiscalia.gov.co\/colombia\/#\/schema\/person\/bf84402cf293a5393e9c70b111020b24\"},\"headline\":\"Fiscal\u00eda judicializa en C\u00facuta a un hombre que estar\u00eda involucrado en la muerte del propietario de un establecimiento de videojuegos\",\"datePublished\":\"2024-10-25T14:26:45+00:00\",\"dateModified\":\"2024-10-25T14:26:45+00:00\",\"mainEntityOfPage\":{\"@id\":\"https:\/\/www.fiscalia.gov.co\/colombia\/noticias\/fiscalia-judicializa-en-cucuta-a-un-hombre-que-estaria-involucrado-en-la-muerte-del-propietario-de-un-establecimiento-de-videojuegos\/\"},\"wordCount\":319,\"publisher\":{\"@id\":\"https:\/\/www.fiscalia.gov.co\/colombia\/#organization\"},\"image\":{\"@id\":\"https:\/\/www.fiscalia.gov.co\/colombia\/noticias\/fiscalia-judicializa-en-cucuta-a-un-hombre-que-estaria-involucrado-en-la-muerte-del-propietario-de-un-establecimiento-de-videojuegos\/#primaryimage\"},\"thumbnailUrl\":\"https:\/\/www.fiscalia.gov.co\/colombia\/wp-content\/uploads\/image-2-7.png\",\"keywords\":[\"C\u00e1rcel\",\"Comerciante\",\"Comunidad\",\"C\u00facuta (Norte de Santander)\",\"eficacia\",\"Fiscal Luz Adriana Camargo\",\"Fiscal\u00eda\",\"Fiscal\u00eda General de la Naci\u00f3n\",\"Homicidio\",\"Investigaci\u00f3n\",\"Justicia\",\"Polic\u00eda Nacional\",\"Seguridad\",\"videojuegos\"],\"articleSection\":[\"Noticias\",\"Seccional C\u00facuta\",\"Seccionales\",\"Seguridad territorial\"],\"inLanguage\":\"es-CO\"},{\"@type\":\"WebPage\",\"@id\":\"https:\/\/www.fiscalia.gov.co\/colombia\/noticias\/fiscalia-judicializa-en-cucuta-a-un-hombre-que-estaria-involucrado-en-la-muerte-del-propietario-de-un-establecimiento-de-videojuegos\/\",\"url\":\"https:\/\/www.fiscalia.gov.co\/colombia\/noticias\/fiscalia-judicializa-en-cucuta-a-un-hombre-que-estaria-involucrado-en-la-muerte-del-propietario-de-un-establecimiento-de-videojuegos\/\",\"name\":\"Fiscal\u00eda General de la Naci\u00f3n\",\"isPartOf\":{\"@id\":\"https:\/\/www.fiscalia.gov.co\/colombia\/#website\"},\"primaryImageOfPage\":{\"@id\":\"https:\/\/www.fiscalia.gov.co\/colombia\/noticias\/fiscalia-judicializa-en-cucuta-a-un-hombre-que-estaria-involucrado-en-la-muerte-del-propietario-de-un-establecimiento-de-videojuegos\/#primaryimage\"},\"image\":{\"@id\":\"https:\/\/www.fiscalia.gov.co\/colombia\/noticias\/fiscalia-judicializa-en-cucuta-a-un-hombre-que-estaria-involucrado-en-la-muerte-del-propietario-de-un-establecimiento-de-videojuegos\/#primaryimage\"},\"thumbnailUrl\":\"https:\/\/www.fiscalia.gov.co\/colombia\/wp-content\/uploads\/image-2-7.png\",\"datePublished\":\"2024-10-25T14:26:45+00:00\",\"dateModified\":\"2024-10-25T14:26:45+00:00\",\"description\":\"P\u00e1gina oficial de la Fiscal\u00eda General de la Naci\u00f3n \u2013 Colombia. Garantizamos el acceso efectivo a la justicia, la verdad y la reparaci\u00f3n de las v\u00edctimas de los delitos.\",\"breadcrumb\":{\"@id\":\"https:\/\/www.fiscalia.gov.co\/colombia\/noticias\/fiscalia-judicializa-en-cucuta-a-un-hombre-que-estaria-involucrado-en-la-muerte-del-propietario-de-un-establecimiento-de-videojuegos\/#breadcrumb\"},\"inLanguage\":\"es-CO\",\"potentialAction\":[{\"@type\":\"ReadAction\",\"target\":[\"https:\/\/www.fiscalia.gov.co\/colombia\/noticias\/fiscalia-judicializa-en-cucuta-a-un-hombre-que-estaria-involucrado-en-la-muerte-del-propietario-de-un-establecimiento-de-videojuegos\/\"]}]},{\"@type\":\"ImageObject\",\"inLanguage\":\"es-CO\",\"@id\":\"https:\/\/www.fiscalia.gov.co\/colombia\/noticias\/fiscalia-judicializa-en-cucuta-a-un-hombre-que-estaria-involucrado-en-la-muerte-del-propietario-de-un-establecimiento-de-videojuegos\/#primaryimage\",\"url\":\"https:\/\/www.fiscalia.gov.co\/colombia\/wp-content\/uploads\/image-2-7.png\",\"contentUrl\":\"https:\/\/www.fiscalia.gov.co\/colombia\/wp-content\/uploads\/image-2-7.png\",\"width\":600,\"height\":499,\"caption\":\"Sebasti\u00e1n Silva Melo, fue judicializado por su presunta responsabilidad en los delitos de homicidio y hurto calificado, ambos agravados.\"},{\"@type\":\"BreadcrumbList\",\"@id\":\"https:\/\/www.fiscalia.gov.co\/colombia\/noticias\/fiscalia-judicializa-en-cucuta-a-un-hombre-que-estaria-involucrado-en-la-muerte-del-propietario-de-un-establecimiento-de-videojuegos\/#breadcrumb\",\"itemListElement\":[{\"@type\":\"ListItem\",\"position\":1,\"name\":\"Home\",\"item\":\"https:\/\/www.fiscalia.gov.co\/colombia\/\"},{\"@type\":\"ListItem\",\"position\":2,\"name\":\"Fiscal\u00eda judicializa en C\u00facuta a un hombre que estar\u00eda involucrado en la muerte del propietario de un establecimiento de videojuegos\"}]},{\"@type\":\"WebSite\",\"@id\":\"https:\/\/www.fiscalia.gov.co\/colombia\/#website\",\"url\":\"https:\/\/www.fiscalia.gov.co\/colombia\/\",\"name\":\"Fiscal\u00eda General de la Naci\u00f3n\",\"description\":\"P\u00e1gina oficial de la Fiscal\u00eda General de la Naci\u00f3n \u2013 Colombia. Garantizamos el acceso efectivo a la justicia, la verdad y la reparaci\u00f3n de las v\u00edctimas de los delitos.\",\"publisher\":{\"@id\":\"https:\/\/www.fiscalia.gov.co\/colombia\/#organization\"},\"potentialAction\":[{\"@type\":\"SearchAction\",\"target\":{\"@type\":\"EntryPoint\",\"urlTemplate\":\"https:\/\/www.fiscalia.gov.co\/colombia\/?s={search_term_string}\"},\"query-input\":{\"@type\":\"PropertyValueSpecification\",\"valueRequired\":true,\"valueName\":\"search_term_string\"}}],\"inLanguage\":\"es-CO\"},{\"@type\":\"Organization\",\"@id\":\"https:\/\/www.fiscalia.gov.co\/colombia\/#organization\",\"name\":\"Fiscal\u00eda General de la Naci\u00f3n\",\"url\":\"https:\/\/www.fiscalia.gov.co\/colombia\/\",\"logo\":{\"@type\":\"ImageObject\",\"inLanguage\":\"es-CO\",\"@id\":\"https:\/\/www.fiscalia.gov.co\/colombia\/#\/schema\/logo\/image\/\",\"url\":\"https:\/\/www.fiscalia.gov.co\/colombia\/wp-content\/uploads\/LogoHorizontal_1.jpg\",\"contentUrl\":\"https:\/\/www.fiscalia.gov.co\/colombia\/wp-content\/uploads\/LogoHorizontal_1.jpg\",\"width\":300,\"height\":90,\"caption\":\"Fiscal\u00eda General de la Naci\u00f3n\"},\"image\":{\"@id\":\"https:\/\/www.fiscalia.gov.co\/colombia\/#\/schema\/logo\/image\/\"},\"sameAs\":[\"https:\/\/www.facebook.com\/FiscaliaCol\",\"https:\/\/x.com\/FiscaliaCol\",\"https:\/\/www.instagram.com\/fiscaliacol\",\"https:\/\/www.linkedin.com\/company\/fiscalia-general-de-la-naci-n\/\",\"https:\/\/youtube.com\/@fiscaliageneraldelanacion-4668?si=6nN79nyQICPU5iTh\"]},{\"@type\":\"Person\",\"@id\":\"https:\/\/www.fiscalia.gov.co\/colombia\/#\/schema\/person\/bf84402cf293a5393e9c70b111020b24\",\"name\":\"Jordan Leandro Oviedo Anzola\",\"image\":{\"@type\":\"ImageObject\",\"inLanguage\":\"es-CO\",\"@id\":\"https:\/\/www.fiscalia.gov.co\/colombia\/#\/schema\/person\/image\/\",\"url\":\"https:\/\/secure.gravatar.com\/avatar\/dabba4346fa9b9207d96adafa8f92721?s=96&d=mm&r=g\",\"contentUrl\":\"https:\/\/secure.gravatar.com\/avatar\/dabba4346fa9b9207d96adafa8f92721?s=96&d=mm&r=g\",\"caption\":\"Jordan Leandro Oviedo Anzola\"},\"url\":\"https:\/\/www.fiscalia.gov.co\/colombia\/author\/joviedo\/\"}]}<\/script>\n<!-- \/ Yoast SEO plugin. -->","yoast_head_json":{"title":"Fiscal\u00eda General de la Naci\u00f3n","description":"P\u00e1gina oficial de la Fiscal\u00eda General de la Naci\u00f3n \u2013 Colombia. Garantizamos el acceso efectivo a la justicia, la verdad y la reparaci\u00f3n de las v\u00edctimas de los delitos.","robots":{"index":"noindex","follow":"follow"},"og_locale":"es_ES","og_type":"article","og_title":"Fiscal\u00eda General de la Naci\u00f3n","og_description":"P\u00e1gina oficial de la Fiscal\u00eda General de la Naci\u00f3n \u2013 Colombia. Garantizamos el acceso efectivo a la justicia, la verdad y la reparaci\u00f3n de las v\u00edctimas de los delitos.","og_url":"https:\/\/www.fiscalia.gov.co\/colombia\/noticias\/fiscalia-judicializa-en-cucuta-a-un-hombre-que-estaria-involucrado-en-la-muerte-del-propietario-de-un-establecimiento-de-videojuegos\/","og_site_name":"Fiscal\u00eda General de la Naci\u00f3n","article_publisher":"https:\/\/www.facebook.com\/FiscaliaCol","article_published_time":"2024-10-25T14:26:45+00:00","og_image":[{"url":"https:\/\/www.fiscalia.gov.co\/colombia\/wp-content\/uploads\/image-2-7.png","type":"","width":"","height":""}],"author":"Jordan Leandro Oviedo Anzola","twitter_card":"summary_large_image","twitter_creator":"@FiscaliaCol","twitter_site":"@FiscaliaCol","twitter_misc":{"Escrito por":"Jordan Leandro Oviedo Anzola","Tiempo de lectura":"2 minutos"},"schema":{"@context":"https:\/\/schema.org","@graph":[{"@type":"Article","@id":"https:\/\/www.fiscalia.gov.co\/colombia\/noticias\/fiscalia-judicializa-en-cucuta-a-un-hombre-que-estaria-involucrado-en-la-muerte-del-propietario-de-un-establecimiento-de-videojuegos\/#article","isPartOf":{"@id":"https:\/\/www.fiscalia.gov.co\/colombia\/noticias\/fiscalia-judicializa-en-cucuta-a-un-hombre-que-estaria-involucrado-en-la-muerte-del-propietario-de-un-establecimiento-de-videojuegos\/"},"author":{"name":"Jordan Leandro Oviedo Anzola","@id":"https:\/\/www.fiscalia.gov.co\/colombia\/#\/schema\/person\/bf84402cf293a5393e9c70b111020b24"},"headline":"Fiscal\u00eda judicializa en C\u00facuta a un hombre que estar\u00eda involucrado en la muerte del propietario de un establecimiento de videojuegos","datePublished":"2024-10-25T14:26:45+00:00","dateModified":"2024-10-25T14:26:45+00:00","mainEntityOfPage":{"@id":"https:\/\/www.fiscalia.gov.co\/colombia\/noticias\/fiscalia-judicializa-en-cucuta-a-un-hombre-que-estaria-involucrado-en-la-muerte-del-propietario-de-un-establecimiento-de-videojuegos\/"},"wordCount":319,"publisher":{"@id":"https:\/\/www.fiscalia.gov.co\/colombia\/#organization"},"image":{"@id":"https:\/\/www.fiscalia.gov.co\/colombia\/noticias\/fiscalia-judicializa-en-cucuta-a-un-hombre-que-estaria-involucrado-en-la-muerte-del-propietario-de-un-establecimiento-de-videojuegos\/#primaryimage"},"thumbnailUrl":"https:\/\/www.fiscalia.gov.co\/colombia\/wp-content\/uploads\/image-2-7.png","keywords":["C\u00e1rcel","Comerciante","Comunidad","C\u00facuta (Norte de Santander)","eficacia","Fiscal Luz Adriana Camargo","Fiscal\u00eda","Fiscal\u00eda General de la Naci\u00f3n","Homicidio","Investigaci\u00f3n","Justicia","Polic\u00eda Nacional","Seguridad","videojuegos"],"articleSection":["Noticias","Seccional C\u00facuta","Seccionales","Seguridad territorial"],"inLanguage":"es-CO"},{"@type":"WebPage","@id":"https:\/\/www.fiscalia.gov.co\/colombia\/noticias\/fiscalia-judicializa-en-cucuta-a-un-hombre-que-estaria-involucrado-en-la-muerte-del-propietario-de-un-establecimiento-de-videojuegos\/","url":"https:\/\/www.fiscalia.gov.co\/colombia\/noticias\/fiscalia-judicializa-en-cucuta-a-un-hombre-que-estaria-involucrado-en-la-muerte-del-propietario-de-un-establecimiento-de-videojuegos\/","name":"Fiscal\u00eda General de la Naci\u00f3n","isPartOf":{"@id":"https:\/\/www.fiscalia.gov.co\/colombia\/#website"},"primaryImageOfPage":{"@id":"https:\/\/www.fiscalia.gov.co\/colombia\/noticias\/fiscalia-judicializa-en-cucuta-a-un-hombre-que-estaria-involucrado-en-la-muerte-del-propietario-de-un-establecimiento-de-videojuegos\/#primaryimage"},"image":{"@id":"https:\/\/www.fiscalia.gov.co\/colombia\/noticias\/fiscalia-judicializa-en-cucuta-a-un-hombre-que-estaria-involucrado-en-la-muerte-del-propietario-de-un-establecimiento-de-videojuegos\/#primaryimage"},"thumbnailUrl":"https:\/\/www.fiscalia.gov.co\/colombia\/wp-content\/uploads\/image-2-7.png","datePublished":"2024-10-25T14:26:45+00:00","dateModified":"2024-10-25T14:26:45+00:00","description":"P\u00e1gina oficial de la Fiscal\u00eda General de la Naci\u00f3n \u2013 Colombia. Garantizamos el acceso efectivo a la justicia, la verdad y la reparaci\u00f3n de las v\u00edctimas de los delitos.","breadcrumb":{"@id":"https:\/\/www.fiscalia.gov.co\/colombia\/noticias\/fiscalia-judicializa-en-cucuta-a-un-hombre-que-estaria-involucrado-en-la-muerte-del-propietario-de-un-establecimiento-de-videojuegos\/#breadcrumb"},"inLanguage":"es-CO","potentialAction":[{"@type":"ReadAction","target":["https:\/\/www.fiscalia.gov.co\/colombia\/noticias\/fiscalia-judicializa-en-cucuta-a-un-hombre-que-estaria-involucrado-en-la-muerte-del-propietario-de-un-establecimiento-de-videojuegos\/"]}]},{"@type":"ImageObject","inLanguage":"es-CO","@id":"https:\/\/www.fiscalia.gov.co\/colombia\/noticias\/fiscalia-judicializa-en-cucuta-a-un-hombre-que-estaria-involucrado-en-la-muerte-del-propietario-de-un-establecimiento-de-videojuegos\/#primaryimage","url":"https:\/\/www.fiscalia.gov.co\/colombia\/wp-content\/uploads\/image-2-7.png","contentUrl":"https:\/\/www.fiscalia.gov.co\/colombia\/wp-content\/uploads\/image-2-7.png","width":600,"height":499,"caption":"Sebasti\u00e1n Silva Melo, fue judicializado por su presunta responsabilidad en los delitos de homicidio y hurto calificado, ambos agravados."},{"@type":"BreadcrumbList","@id":"https:\/\/www.fiscalia.gov.co\/colombia\/noticias\/fiscalia-judicializa-en-cucuta-a-un-hombre-que-estaria-involucrado-en-la-muerte-del-propietario-de-un-establecimiento-de-videojuegos\/#breadcrumb","itemListElement":[{"@type":"ListItem","position":1,"name":"Home","item":"https:\/\/www.fiscalia.gov.co\/colombia\/"},{"@type":"ListItem","position":2,"name":"Fiscal\u00eda judicializa en C\u00facuta a un hombre que estar\u00eda involucrado en la muerte del propietario de un establecimiento de videojuegos"}]},{"@type":"WebSite","@id":"https:\/\/www.fiscalia.gov.co\/colombia\/#website","url":"https:\/\/www.fiscalia.gov.co\/colombia\/","name":"Fiscal\u00eda General de la Naci\u00f3n","description":"P\u00e1gina oficial de la Fiscal\u00eda General de la Naci\u00f3n \u2013 Colombia. Garantizamos el acceso efectivo a la justicia, la verdad y la reparaci\u00f3n de las v\u00edctimas de los delitos.","publisher":{"@id":"https:\/\/www.fiscalia.gov.co\/colombia\/#organization"},"potentialAction":[{"@type":"SearchAction","target":{"@type":"EntryPoint","urlTemplate":"https:\/\/www.fiscalia.gov.co\/colombia\/?s={search_term_string}"},"query-input":{"@type":"PropertyValueSpecification","valueRequired":true,"valueName":"search_term_string"}}],"inLanguage":"es-CO"},{"@type":"Organization","@id":"https:\/\/www.fiscalia.gov.co\/colombia\/#organization","name":"Fiscal\u00eda General de la Naci\u00f3n","url":"https:\/\/www.fiscalia.gov.co\/colombia\/","logo":{"@type":"ImageObject","inLanguage":"es-CO","@id":"https:\/\/www.fiscalia.gov.co\/colombia\/#\/schema\/logo\/image\/","url":"https:\/\/www.fiscalia.gov.co\/colombia\/wp-content\/uploads\/LogoHorizontal_1.jpg","contentUrl":"https:\/\/www.fiscalia.gov.co\/colombia\/wp-content\/uploads\/LogoHorizontal_1.jpg","width":300,"height":90,"caption":"Fiscal\u00eda General de la Naci\u00f3n"},"image":{"@id":"https:\/\/www.fiscalia.gov.co\/colombia\/#\/schema\/logo\/image\/"},"sameAs":["https:\/\/www.facebook.com\/FiscaliaCol","https:\/\/x.com\/FiscaliaCol","https:\/\/www.instagram.com\/fiscaliacol","https:\/\/www.linkedin.com\/company\/fiscalia-general-de-la-naci-n\/","https:\/\/youtube.com\/@fiscaliageneraldelanacion-4668?si=6nN79nyQICPU5iTh"]},{"@type":"Person","@id":"https:\/\/www.fiscalia.gov.co\/colombia\/#\/schema\/person\/bf84402cf293a5393e9c70b111020b24","name":"Jordan Leandro Oviedo Anzola","image":{"@type":"ImageObject","inLanguage":"es-CO","@id":"https:\/\/www.fiscalia.gov.co\/colombia\/#\/schema\/person\/image\/","url":"https:\/\/secure.gravatar.com\/avatar\/dabba4346fa9b9207d96adafa8f92721?s=96&d=mm&r=g","contentUrl":"https:\/\/secure.gravatar.com\/avatar\/dabba4346fa9b9207d96adafa8f92721?s=96&d=mm&r=g","caption":"Jordan Leandro Oviedo Anzola"},"url":"https:\/\/www.fiscalia.gov.co\/colombia\/author\/joviedo\/"}]}},"_links":{"self":[{"href":"https:\/\/www.fiscalia.gov.co\/colombia\/wp-json\/wp\/v2\/posts\/304136","targetHints":{"allow":["GET"]}}],"collection":[{"href":"https:\/\/www.fiscalia.gov.co\/colombia\/wp-json\/wp\/v2\/posts"}],"about":[{"href":"https:\/\/www.fiscalia.gov.co\/colombia\/wp-json\/wp\/v2\/types\/post"}],"author":[{"embeddable":true,"href":"https:\/\/www.fiscalia.gov.co\/colombia\/wp-json\/wp\/v2\/users\/177"}],"replies":[{"embeddable":true,"href":"https:\/\/www.fiscalia.gov.co\/colombia\/wp-json\/wp\/v2\/comments?post=304136"}],"version-history":[{"count":1,"href":"https:\/\/www.fiscalia.gov.co\/colombia\/wp-json\/wp\/v2\/posts\/304136\/revisions"}],"predecessor-version":[{"id":304143,"href":"https:\/\/www.fiscalia.gov.co\/colombia\/wp-json\/wp\/v2\/posts\/304136\/revisions\/304143"}],"wp:attachment":[{"href":"https:\/\/www.fiscalia.gov.co\/colombia\/wp-json\/wp\/v2\/media?parent=304136"}],"wp:term":[{"taxonomy":"category","embeddable":true,"href":"https:\/\/www.fiscalia.gov.co\/colombia\/wp-json\/wp\/v2\/categories?post=304136"},{"taxonomy":"post_tag","embeddable":true,"href":"https:\/\/www.fiscalia.gov.co\/colombia\/wp-json\/wp\/v2\/tags?post=304136"}],"curies":[{"name":"wp","href":"https:\/\/api.w.org\/{rel}","templated":true}]}}