{"id":304049,"date":"2024-10-24T10:35:36","date_gmt":"2024-10-24T15:35:36","guid":{"rendered":"https:\/\/www.fiscalia.gov.co\/colombia\/?p=304049"},"modified":"2024-10-24T10:35:36","modified_gmt":"2024-10-24T15:35:36","slug":"desarticulada-red-criminal-senalada-de-adquirir-estupefacientes-en-el-suroccidente-del-pais-y-venderlos-al-menudeo-en-el-eje-cafetero","status":"publish","type":"post","link":"https:\/\/www.fiscalia.gov.co\/colombia\/narcotrafico\/desarticulada-red-criminal-senalada-de-adquirir-estupefacientes-en-el-suroccidente-del-pais-y-venderlos-al-menudeo-en-el-eje-cafetero\/","title":{"rendered":"Desarticulada red criminal se\u00f1alada de adquirir estupefacientes en el suroccidente del pa\u00eds y venderlos al menudeo en el Eje Cafetero"},"content":{"rendered":"<h4 style=\"text-align: center;\"><em><strong>Durante la investigaci\u00f3n le fueron incautadas a esta organizaci\u00f3n m\u00e1s de seis toneladas y media de marihuana, y 30 kilogramos de coca\u00edna.<\/strong> <\/em><\/h4>\n<p>Una investigaci\u00f3n liderada por la Direcci\u00f3n Especializada contra el Narcotr\u00e1fico puso en evidencia a un grupo delincuencial que ser\u00eda el responsable de adquirir grandes cantidades <strong>marihuana y coca\u00edna en municipios de Cauca, trasladarlas y acopiarlas en Calarc\u00e1 (Quind\u00edo),<\/strong> y <a href=\"https:\/\/www.fiscalia.gov.co\/colombia\/narcotrafico\/carcel-para-alias-el-zarco-uno-de-los-presuntos-maximos-articuladores-del-trafico-de-estupefacientes-en-el-eje-cafetero-y-el-norte-de-valle-del-cauca\/\">coordinar su distribuci\u00f3n y venta al menudeo en ciudades del Eje Cafetero.<\/a><\/p>\n<p>En diligencias realizadas <strong>de manera articulada con la Polic\u00eda Nacional fueron capturados ocho de los presuntos integrantes de esta red.<\/strong> Se trata de Luis Fernando V\u00e9lez Correa, alias Pescado; Wilson Romero Cortes, alias Bestia; Flor de Mar\u00eda Gonz\u00e1lez Le\u00f3n, alias Flaca; Juan Manuel Gonz\u00e1lez Le\u00f3n, Maria Luisa L\u00f3pez \u00c1lvarez, Leidi Liliana Guzm\u00e1n Orrego, alias La Gorda; Luz Amparo Orrego, alias Madre; y Diego Alejandro Rubio Chica, alias Tigre.<\/p>\n<p>Estas personas fueron imputadas, de acuerdo con su posible participaci\u00f3n en los hechos conocidos, por <strong>los delitos de concierto para delinquir; fabricaci\u00f3n, tr\u00e1fico y porte de estupefacientes; fabricaci\u00f3n, tr\u00e1fico y porte de armas de fuego o municiones; destinaci\u00f3n il\u00edcita de muebles o inmuebles, y estimulo al uso il\u00edcito.<\/strong><\/p>\n<p>Por disposici\u00f3n del juez de control de garant\u00edas, todos los procesados recibieron medida de aseguramiento en establecimiento carcelario<\/p>\n<p>Las evidencias en poder de la Fiscal\u00eda indican que, desde 2022, la organizaci\u00f3n delincuencial estar\u00eda involucrada en las actividades ilegales. Adicionalmente, se constat\u00f3 que varios de los posibles integrantes, <strong>al parecer, amenazaban con armas de fuego a pobladores y comerciantes<\/strong> para evitar que<a href=\"https:\/\/www.fiscalia.gov.co\/colombia\/noticias\/fiscalia-impacta-de-manera-estructural-a-la-red-delincuencial-los-flacos-responsable-de-homicidios-y-trafico-de-estupefacientes-en-valle-del-cauca-y-el-eje-cafetero\/\"> fueran denunciados y les permitieran ejercer control delictivo en diferentes zonas<\/a>.<\/p>\n<p>Alias Pescado ser\u00eda el responsable de la dosificaci\u00f3n y comercializaci\u00f3n de los estupefacientes; <strong>mientras que los dem\u00e1s se\u00f1alados implicados estar\u00edan implicados en el transporte de las sustancias, la venta y distribuci\u00f3n.<\/strong><\/p>\n<p>La Fiscal\u00eda ha logrado hasta el momento la judicializaci\u00f3n de 40 personas que har\u00edan parte de esta estructura. Asimismo, en articulaci\u00f3n con otras autoridades, han sido incautadas seis toneladas y media de marihuana, y 30 kilogramos de coca\u00edna.<\/p>\n<p>&nbsp;<\/p>\n<p>&nbsp;<\/p>\n<p>&nbsp;<\/p>\n<p>&nbsp;<\/p>\n<p>&nbsp;<\/p>\n<p>JMSV\/JARG\/MGG\/DECN<\/p>\n<p>&nbsp;<\/p>\n<p>&nbsp;<\/p>\n<p>&nbsp;<\/p>\n<p>&nbsp;<\/p>\n<div class=\"td-post-content tagdiv-type\">\n<div class=\"td-post-content tagdiv-type\">\n<div class=\"td-post-content tagdiv-type\">\n<div class=\"td-post-content tagdiv-type\">\n<p><i>La informaci\u00f3n contenida en este bolet\u00edn de prensa corresponde a la narraci\u00f3n de los hechos noticiosos objetivos, suministrados por los funcionarios encargados de adelantar las investigaciones penales al interior de la Fiscal\u00eda General de la Naci\u00f3n. Para el momento de la divulgaci\u00f3n de este comunicado, la situaci\u00f3n jur\u00eddica de la(s) persona(s) relacionada(s) se encuentra pendiente de resolver por la autoridad judicial competente, siempre bajo los preceptos de la presunci\u00f3n de inocencia, consagrados en el art\u00edculo 29 de la Constituci\u00f3n Pol\u00edtica y el art\u00edculo 7\u00ba de la Ley 906 de 2004.<\/i><\/p>\n<\/div>\n<\/div>\n<\/div>\n<\/div>\n\n<div class=\"twitter-share\"><a href=\"https:\/\/twitter.com\/intent\/tweet?via=fiscaliacol\" class=\"twitter-share-button\">Tweet<\/a><\/div>\n","protected":false},"excerpt":{"rendered":"<p>Durante la investigaci\u00f3n le fueron incautadas a esta organizaci\u00f3n m\u00e1s de seis toneladas y media de marihuana, y 30 kilogramos de coca\u00edna. Una investigaci\u00f3n liderada por la Direcci\u00f3n Especializada contra el Narcotr\u00e1fico puso en evidencia a un grupo delincuencial que ser\u00eda el responsable de adquirir grandes cantidades marihuana y coca\u00edna en municipios de Cauca, trasladarlas [&hellip;]<\/p>\n","protected":false},"author":177,"featured_media":0,"comment_status":"closed","ping_status":"open","sticky":false,"template":"","format":"standard","meta":{"_price":"","_stock":"","_tribe_ticket_header":"","_tribe_default_ticket_provider":"","_tribe_ticket_capacity":"0","_ticket_start_date":"","_ticket_end_date":"","_tribe_ticket_show_description":"","_tribe_ticket_show_not_going":false,"_tribe_ticket_use_global_stock":"","_tribe_ticket_global_stock_level":"","_global_stock_mode":"","_global_stock_cap":"","_tribe_rsvp_for_event":"","_tribe_ticket_going_count":"","_tribe_ticket_not_going_count":"","_tribe_tickets_list":"[]","_tribe_ticket_has_attendee_info_fields":false,"tdm_status":"","tdm_grid_status":"","footnotes":""},"categories":[24115,1],"tags":[14915,50,37492,1047,674],"class_list":{"0":"post-304049","1":"post","2":"type-post","3":"status-publish","4":"format-standard","6":"category-narcotrafico","7":"category-noticias","8":"tag-eje-cafetero","9":"tag-estupefacientes","10":"tag-fiscal-luz-adriana-camargo","11":"tag-fiscalia-general-de-la-nacion","12":"tag-microtrafico"},"yoast_head":"<!-- This site is optimized with the Yoast SEO plugin v24.3 - https:\/\/yoast.com\/wordpress\/plugins\/seo\/ -->\n<title>Fiscal\u00eda General de la Naci\u00f3n<\/title>\n<meta name=\"description\" content=\"P\u00e1gina oficial de la Fiscal\u00eda General de la Naci\u00f3n \u2013 Colombia. Garantizamos el acceso efectivo a la justicia, la verdad y la reparaci\u00f3n de las v\u00edctimas de los delitos.\" \/>\n<meta name=\"robots\" content=\"noindex, follow\" \/>\n<meta property=\"og:locale\" content=\"es_ES\" \/>\n<meta property=\"og:type\" content=\"article\" \/>\n<meta property=\"og:title\" content=\"Fiscal\u00eda General de la Naci\u00f3n\" \/>\n<meta property=\"og:description\" content=\"P\u00e1gina oficial de la Fiscal\u00eda General de la Naci\u00f3n \u2013 Colombia. Garantizamos el acceso efectivo a la justicia, la verdad y la reparaci\u00f3n de las v\u00edctimas de los delitos.\" \/>\n<meta property=\"og:url\" content=\"https:\/\/www.fiscalia.gov.co\/colombia\/narcotrafico\/desarticulada-red-criminal-senalada-de-adquirir-estupefacientes-en-el-suroccidente-del-pais-y-venderlos-al-menudeo-en-el-eje-cafetero\/\" \/>\n<meta property=\"og:site_name\" content=\"Fiscal\u00eda General de la Naci\u00f3n\" \/>\n<meta property=\"article:publisher\" content=\"https:\/\/www.facebook.com\/FiscaliaCol\" \/>\n<meta property=\"article:published_time\" content=\"2024-10-24T15:35:36+00:00\" \/>\n<meta name=\"author\" content=\"Jordan Leandro Oviedo Anzola\" \/>\n<meta name=\"twitter:card\" content=\"summary_large_image\" \/>\n<meta name=\"twitter:creator\" content=\"@FiscaliaCol\" \/>\n<meta name=\"twitter:site\" content=\"@FiscaliaCol\" \/>\n<meta name=\"twitter:label1\" content=\"Escrito por\" \/>\n\t<meta name=\"twitter:data1\" content=\"Jordan Leandro Oviedo Anzola\" \/>\n\t<meta name=\"twitter:label2\" content=\"Tiempo de lectura\" \/>\n\t<meta name=\"twitter:data2\" content=\"2 minutos\" \/>\n<script type=\"application\/ld+json\" class=\"yoast-schema-graph\">{\"@context\":\"https:\/\/schema.org\",\"@graph\":[{\"@type\":\"Article\",\"@id\":\"https:\/\/www.fiscalia.gov.co\/colombia\/narcotrafico\/desarticulada-red-criminal-senalada-de-adquirir-estupefacientes-en-el-suroccidente-del-pais-y-venderlos-al-menudeo-en-el-eje-cafetero\/#article\",\"isPartOf\":{\"@id\":\"https:\/\/www.fiscalia.gov.co\/colombia\/narcotrafico\/desarticulada-red-criminal-senalada-de-adquirir-estupefacientes-en-el-suroccidente-del-pais-y-venderlos-al-menudeo-en-el-eje-cafetero\/\"},\"author\":{\"name\":\"Jordan Leandro Oviedo Anzola\",\"@id\":\"https:\/\/www.fiscalia.gov.co\/colombia\/#\/schema\/person\/bf84402cf293a5393e9c70b111020b24\"},\"headline\":\"Desarticulada red criminal se\u00f1alada de adquirir estupefacientes en el suroccidente del pa\u00eds y venderlos al menudeo en el Eje Cafetero\",\"datePublished\":\"2024-10-24T15:35:36+00:00\",\"dateModified\":\"2024-10-24T15:35:36+00:00\",\"mainEntityOfPage\":{\"@id\":\"https:\/\/www.fiscalia.gov.co\/colombia\/narcotrafico\/desarticulada-red-criminal-senalada-de-adquirir-estupefacientes-en-el-suroccidente-del-pais-y-venderlos-al-menudeo-en-el-eje-cafetero\/\"},\"wordCount\":508,\"publisher\":{\"@id\":\"https:\/\/www.fiscalia.gov.co\/colombia\/#organization\"},\"keywords\":[\"Eje Cafetero\",\"Estupefacientes\",\"Fiscal Luz Adriana Camargo\",\"Fiscal\u00eda General de la Naci\u00f3n\",\"Microtr\u00e1fico\"],\"articleSection\":[\"Narcotr\u00e1fico\",\"Noticias\"],\"inLanguage\":\"es-CO\"},{\"@type\":\"WebPage\",\"@id\":\"https:\/\/www.fiscalia.gov.co\/colombia\/narcotrafico\/desarticulada-red-criminal-senalada-de-adquirir-estupefacientes-en-el-suroccidente-del-pais-y-venderlos-al-menudeo-en-el-eje-cafetero\/\",\"url\":\"https:\/\/www.fiscalia.gov.co\/colombia\/narcotrafico\/desarticulada-red-criminal-senalada-de-adquirir-estupefacientes-en-el-suroccidente-del-pais-y-venderlos-al-menudeo-en-el-eje-cafetero\/\",\"name\":\"Fiscal\u00eda General de la Naci\u00f3n\",\"isPartOf\":{\"@id\":\"https:\/\/www.fiscalia.gov.co\/colombia\/#website\"},\"datePublished\":\"2024-10-24T15:35:36+00:00\",\"dateModified\":\"2024-10-24T15:35:36+00:00\",\"description\":\"P\u00e1gina oficial de la Fiscal\u00eda General de la Naci\u00f3n \u2013 Colombia. Garantizamos el acceso efectivo a la justicia, la verdad y la reparaci\u00f3n de las v\u00edctimas de los delitos.\",\"breadcrumb\":{\"@id\":\"https:\/\/www.fiscalia.gov.co\/colombia\/narcotrafico\/desarticulada-red-criminal-senalada-de-adquirir-estupefacientes-en-el-suroccidente-del-pais-y-venderlos-al-menudeo-en-el-eje-cafetero\/#breadcrumb\"},\"inLanguage\":\"es-CO\",\"potentialAction\":[{\"@type\":\"ReadAction\",\"target\":[\"https:\/\/www.fiscalia.gov.co\/colombia\/narcotrafico\/desarticulada-red-criminal-senalada-de-adquirir-estupefacientes-en-el-suroccidente-del-pais-y-venderlos-al-menudeo-en-el-eje-cafetero\/\"]}]},{\"@type\":\"BreadcrumbList\",\"@id\":\"https:\/\/www.fiscalia.gov.co\/colombia\/narcotrafico\/desarticulada-red-criminal-senalada-de-adquirir-estupefacientes-en-el-suroccidente-del-pais-y-venderlos-al-menudeo-en-el-eje-cafetero\/#breadcrumb\",\"itemListElement\":[{\"@type\":\"ListItem\",\"position\":1,\"name\":\"Home\",\"item\":\"https:\/\/www.fiscalia.gov.co\/colombia\/\"},{\"@type\":\"ListItem\",\"position\":2,\"name\":\"Desarticulada red criminal se\u00f1alada de adquirir estupefacientes en el suroccidente del pa\u00eds y venderlos al menudeo en el Eje Cafetero\"}]},{\"@type\":\"WebSite\",\"@id\":\"https:\/\/www.fiscalia.gov.co\/colombia\/#website\",\"url\":\"https:\/\/www.fiscalia.gov.co\/colombia\/\",\"name\":\"Fiscal\u00eda General de la Naci\u00f3n\",\"description\":\"P\u00e1gina oficial de la Fiscal\u00eda General de la Naci\u00f3n \u2013 Colombia. Garantizamos el acceso efectivo a la justicia, la verdad y la reparaci\u00f3n de las v\u00edctimas de los delitos.\",\"publisher\":{\"@id\":\"https:\/\/www.fiscalia.gov.co\/colombia\/#organization\"},\"potentialAction\":[{\"@type\":\"SearchAction\",\"target\":{\"@type\":\"EntryPoint\",\"urlTemplate\":\"https:\/\/www.fiscalia.gov.co\/colombia\/?s={search_term_string}\"},\"query-input\":{\"@type\":\"PropertyValueSpecification\",\"valueRequired\":true,\"valueName\":\"search_term_string\"}}],\"inLanguage\":\"es-CO\"},{\"@type\":\"Organization\",\"@id\":\"https:\/\/www.fiscalia.gov.co\/colombia\/#organization\",\"name\":\"Fiscal\u00eda General de la Naci\u00f3n\",\"url\":\"https:\/\/www.fiscalia.gov.co\/colombia\/\",\"logo\":{\"@type\":\"ImageObject\",\"inLanguage\":\"es-CO\",\"@id\":\"https:\/\/www.fiscalia.gov.co\/colombia\/#\/schema\/logo\/image\/\",\"url\":\"https:\/\/www.fiscalia.gov.co\/colombia\/wp-content\/uploads\/LogoHorizontal_1.jpg\",\"contentUrl\":\"https:\/\/www.fiscalia.gov.co\/colombia\/wp-content\/uploads\/LogoHorizontal_1.jpg\",\"width\":300,\"height\":90,\"caption\":\"Fiscal\u00eda General de la Naci\u00f3n\"},\"image\":{\"@id\":\"https:\/\/www.fiscalia.gov.co\/colombia\/#\/schema\/logo\/image\/\"},\"sameAs\":[\"https:\/\/www.facebook.com\/FiscaliaCol\",\"https:\/\/x.com\/FiscaliaCol\",\"https:\/\/www.instagram.com\/fiscaliacol\",\"https:\/\/www.linkedin.com\/company\/fiscalia-general-de-la-naci-n\/\",\"https:\/\/youtube.com\/@fiscaliageneraldelanacion-4668?si=6nN79nyQICPU5iTh\"]},{\"@type\":\"Person\",\"@id\":\"https:\/\/www.fiscalia.gov.co\/colombia\/#\/schema\/person\/bf84402cf293a5393e9c70b111020b24\",\"name\":\"Jordan Leandro Oviedo Anzola\",\"image\":{\"@type\":\"ImageObject\",\"inLanguage\":\"es-CO\",\"@id\":\"https:\/\/www.fiscalia.gov.co\/colombia\/#\/schema\/person\/image\/\",\"url\":\"https:\/\/secure.gravatar.com\/avatar\/dabba4346fa9b9207d96adafa8f92721?s=96&d=mm&r=g\",\"contentUrl\":\"https:\/\/secure.gravatar.com\/avatar\/dabba4346fa9b9207d96adafa8f92721?s=96&d=mm&r=g\",\"caption\":\"Jordan Leandro Oviedo Anzola\"},\"url\":\"https:\/\/www.fiscalia.gov.co\/colombia\/author\/joviedo\/\"}]}<\/script>\n<!-- \/ Yoast SEO plugin. -->","yoast_head_json":{"title":"Fiscal\u00eda General de la Naci\u00f3n","description":"P\u00e1gina oficial de la Fiscal\u00eda General de la Naci\u00f3n \u2013 Colombia. Garantizamos el acceso efectivo a la justicia, la verdad y la reparaci\u00f3n de las v\u00edctimas de los delitos.","robots":{"index":"noindex","follow":"follow"},"og_locale":"es_ES","og_type":"article","og_title":"Fiscal\u00eda General de la Naci\u00f3n","og_description":"P\u00e1gina oficial de la Fiscal\u00eda General de la Naci\u00f3n \u2013 Colombia. Garantizamos el acceso efectivo a la justicia, la verdad y la reparaci\u00f3n de las v\u00edctimas de los delitos.","og_url":"https:\/\/www.fiscalia.gov.co\/colombia\/narcotrafico\/desarticulada-red-criminal-senalada-de-adquirir-estupefacientes-en-el-suroccidente-del-pais-y-venderlos-al-menudeo-en-el-eje-cafetero\/","og_site_name":"Fiscal\u00eda General de la Naci\u00f3n","article_publisher":"https:\/\/www.facebook.com\/FiscaliaCol","article_published_time":"2024-10-24T15:35:36+00:00","author":"Jordan Leandro Oviedo Anzola","twitter_card":"summary_large_image","twitter_creator":"@FiscaliaCol","twitter_site":"@FiscaliaCol","twitter_misc":{"Escrito por":"Jordan Leandro Oviedo Anzola","Tiempo de lectura":"2 minutos"},"schema":{"@context":"https:\/\/schema.org","@graph":[{"@type":"Article","@id":"https:\/\/www.fiscalia.gov.co\/colombia\/narcotrafico\/desarticulada-red-criminal-senalada-de-adquirir-estupefacientes-en-el-suroccidente-del-pais-y-venderlos-al-menudeo-en-el-eje-cafetero\/#article","isPartOf":{"@id":"https:\/\/www.fiscalia.gov.co\/colombia\/narcotrafico\/desarticulada-red-criminal-senalada-de-adquirir-estupefacientes-en-el-suroccidente-del-pais-y-venderlos-al-menudeo-en-el-eje-cafetero\/"},"author":{"name":"Jordan Leandro Oviedo Anzola","@id":"https:\/\/www.fiscalia.gov.co\/colombia\/#\/schema\/person\/bf84402cf293a5393e9c70b111020b24"},"headline":"Desarticulada red criminal se\u00f1alada de adquirir estupefacientes en el suroccidente del pa\u00eds y venderlos al menudeo en el Eje Cafetero","datePublished":"2024-10-24T15:35:36+00:00","dateModified":"2024-10-24T15:35:36+00:00","mainEntityOfPage":{"@id":"https:\/\/www.fiscalia.gov.co\/colombia\/narcotrafico\/desarticulada-red-criminal-senalada-de-adquirir-estupefacientes-en-el-suroccidente-del-pais-y-venderlos-al-menudeo-en-el-eje-cafetero\/"},"wordCount":508,"publisher":{"@id":"https:\/\/www.fiscalia.gov.co\/colombia\/#organization"},"keywords":["Eje Cafetero","Estupefacientes","Fiscal Luz Adriana Camargo","Fiscal\u00eda General de la Naci\u00f3n","Microtr\u00e1fico"],"articleSection":["Narcotr\u00e1fico","Noticias"],"inLanguage":"es-CO"},{"@type":"WebPage","@id":"https:\/\/www.fiscalia.gov.co\/colombia\/narcotrafico\/desarticulada-red-criminal-senalada-de-adquirir-estupefacientes-en-el-suroccidente-del-pais-y-venderlos-al-menudeo-en-el-eje-cafetero\/","url":"https:\/\/www.fiscalia.gov.co\/colombia\/narcotrafico\/desarticulada-red-criminal-senalada-de-adquirir-estupefacientes-en-el-suroccidente-del-pais-y-venderlos-al-menudeo-en-el-eje-cafetero\/","name":"Fiscal\u00eda General de la Naci\u00f3n","isPartOf":{"@id":"https:\/\/www.fiscalia.gov.co\/colombia\/#website"},"datePublished":"2024-10-24T15:35:36+00:00","dateModified":"2024-10-24T15:35:36+00:00","description":"P\u00e1gina oficial de la Fiscal\u00eda General de la Naci\u00f3n \u2013 Colombia. Garantizamos el acceso efectivo a la justicia, la verdad y la reparaci\u00f3n de las v\u00edctimas de los delitos.","breadcrumb":{"@id":"https:\/\/www.fiscalia.gov.co\/colombia\/narcotrafico\/desarticulada-red-criminal-senalada-de-adquirir-estupefacientes-en-el-suroccidente-del-pais-y-venderlos-al-menudeo-en-el-eje-cafetero\/#breadcrumb"},"inLanguage":"es-CO","potentialAction":[{"@type":"ReadAction","target":["https:\/\/www.fiscalia.gov.co\/colombia\/narcotrafico\/desarticulada-red-criminal-senalada-de-adquirir-estupefacientes-en-el-suroccidente-del-pais-y-venderlos-al-menudeo-en-el-eje-cafetero\/"]}]},{"@type":"BreadcrumbList","@id":"https:\/\/www.fiscalia.gov.co\/colombia\/narcotrafico\/desarticulada-red-criminal-senalada-de-adquirir-estupefacientes-en-el-suroccidente-del-pais-y-venderlos-al-menudeo-en-el-eje-cafetero\/#breadcrumb","itemListElement":[{"@type":"ListItem","position":1,"name":"Home","item":"https:\/\/www.fiscalia.gov.co\/colombia\/"},{"@type":"ListItem","position":2,"name":"Desarticulada red criminal se\u00f1alada de adquirir estupefacientes en el suroccidente del pa\u00eds y venderlos al menudeo en el Eje Cafetero"}]},{"@type":"WebSite","@id":"https:\/\/www.fiscalia.gov.co\/colombia\/#website","url":"https:\/\/www.fiscalia.gov.co\/colombia\/","name":"Fiscal\u00eda General de la Naci\u00f3n","description":"P\u00e1gina oficial de la Fiscal\u00eda General de la Naci\u00f3n \u2013 Colombia. Garantizamos el acceso efectivo a la justicia, la verdad y la reparaci\u00f3n de las v\u00edctimas de los delitos.","publisher":{"@id":"https:\/\/www.fiscalia.gov.co\/colombia\/#organization"},"potentialAction":[{"@type":"SearchAction","target":{"@type":"EntryPoint","urlTemplate":"https:\/\/www.fiscalia.gov.co\/colombia\/?s={search_term_string}"},"query-input":{"@type":"PropertyValueSpecification","valueRequired":true,"valueName":"search_term_string"}}],"inLanguage":"es-CO"},{"@type":"Organization","@id":"https:\/\/www.fiscalia.gov.co\/colombia\/#organization","name":"Fiscal\u00eda General de la Naci\u00f3n","url":"https:\/\/www.fiscalia.gov.co\/colombia\/","logo":{"@type":"ImageObject","inLanguage":"es-CO","@id":"https:\/\/www.fiscalia.gov.co\/colombia\/#\/schema\/logo\/image\/","url":"https:\/\/www.fiscalia.gov.co\/colombia\/wp-content\/uploads\/LogoHorizontal_1.jpg","contentUrl":"https:\/\/www.fiscalia.gov.co\/colombia\/wp-content\/uploads\/LogoHorizontal_1.jpg","width":300,"height":90,"caption":"Fiscal\u00eda General de la Naci\u00f3n"},"image":{"@id":"https:\/\/www.fiscalia.gov.co\/colombia\/#\/schema\/logo\/image\/"},"sameAs":["https:\/\/www.facebook.com\/FiscaliaCol","https:\/\/x.com\/FiscaliaCol","https:\/\/www.instagram.com\/fiscaliacol","https:\/\/www.linkedin.com\/company\/fiscalia-general-de-la-naci-n\/","https:\/\/youtube.com\/@fiscaliageneraldelanacion-4668?si=6nN79nyQICPU5iTh"]},{"@type":"Person","@id":"https:\/\/www.fiscalia.gov.co\/colombia\/#\/schema\/person\/bf84402cf293a5393e9c70b111020b24","name":"Jordan Leandro Oviedo Anzola","image":{"@type":"ImageObject","inLanguage":"es-CO","@id":"https:\/\/www.fiscalia.gov.co\/colombia\/#\/schema\/person\/image\/","url":"https:\/\/secure.gravatar.com\/avatar\/dabba4346fa9b9207d96adafa8f92721?s=96&d=mm&r=g","contentUrl":"https:\/\/secure.gravatar.com\/avatar\/dabba4346fa9b9207d96adafa8f92721?s=96&d=mm&r=g","caption":"Jordan Leandro Oviedo Anzola"},"url":"https:\/\/www.fiscalia.gov.co\/colombia\/author\/joviedo\/"}]}},"_links":{"self":[{"href":"https:\/\/www.fiscalia.gov.co\/colombia\/wp-json\/wp\/v2\/posts\/304049","targetHints":{"allow":["GET"]}}],"collection":[{"href":"https:\/\/www.fiscalia.gov.co\/colombia\/wp-json\/wp\/v2\/posts"}],"about":[{"href":"https:\/\/www.fiscalia.gov.co\/colombia\/wp-json\/wp\/v2\/types\/post"}],"author":[{"embeddable":true,"href":"https:\/\/www.fiscalia.gov.co\/colombia\/wp-json\/wp\/v2\/users\/177"}],"replies":[{"embeddable":true,"href":"https:\/\/www.fiscalia.gov.co\/colombia\/wp-json\/wp\/v2\/comments?post=304049"}],"version-history":[{"count":1,"href":"https:\/\/www.fiscalia.gov.co\/colombia\/wp-json\/wp\/v2\/posts\/304049\/revisions"}],"predecessor-version":[{"id":304050,"href":"https:\/\/www.fiscalia.gov.co\/colombia\/wp-json\/wp\/v2\/posts\/304049\/revisions\/304050"}],"wp:attachment":[{"href":"https:\/\/www.fiscalia.gov.co\/colombia\/wp-json\/wp\/v2\/media?parent=304049"}],"wp:term":[{"taxonomy":"category","embeddable":true,"href":"https:\/\/www.fiscalia.gov.co\/colombia\/wp-json\/wp\/v2\/categories?post=304049"},{"taxonomy":"post_tag","embeddable":true,"href":"https:\/\/www.fiscalia.gov.co\/colombia\/wp-json\/wp\/v2\/tags?post=304049"}],"curies":[{"name":"wp","href":"https:\/\/api.w.org\/{rel}","templated":true}]}}