{"id":304043,"date":"2024-10-24T09:34:26","date_gmt":"2024-10-24T14:34:26","guid":{"rendered":"https:\/\/www.fiscalia.gov.co\/colombia\/?p=304043"},"modified":"2024-10-24T09:34:26","modified_gmt":"2024-10-24T14:34:26","slug":"fiscalia-general-de-la-nacion-inauguro-un-nuevo-punto-de-atencion-en-murillo-tolima","status":"publish","type":"post","link":"https:\/\/www.fiscalia.gov.co\/colombia\/noticias\/fiscalia-general-de-la-nacion-inauguro-un-nuevo-punto-de-atencion-en-murillo-tolima\/","title":{"rendered":"Fiscal\u00eda General de la Naci\u00f3n inaugur\u00f3 un nuevo punto de atenci\u00f3n en Murillo, Tolima"},"content":{"rendered":"<h4 style=\"font-weight: 400; text-align: center;\"><strong><em>El Tolima cuenta con Puntos de Atenci\u00f3n de la Fiscal\u00eda (PAF) en Herveo, Santa Isabel, Falan, Prado, Palocabildo, Su\u00e1rez, San Luis y Villahermosa.<\/em><\/strong><\/h4>\n<figure id=\"attachment_304045\" aria-describedby=\"caption-attachment-304045\" style=\"width: 696px\" class=\"wp-caption aligncenter\"><img loading=\"lazy\" decoding=\"async\" class=\"size-large wp-image-304045\" src=\"https:\/\/www.fiscalia.gov.co\/colombia\/wp-content\/uploads\/paf-murillo-tolima-768x1024.jpeg\" alt=\"En la fotograf\u00eda se puede ver a 3 mujeres, entre ellas la fiscal del municipio cortando la cinta para inaugurar el punto de atenci\u00f3n\" width=\"696\" height=\"928\" srcset=\"https:\/\/www.fiscalia.gov.co\/colombia\/wp-content\/uploads\/paf-murillo-tolima-768x1024.jpeg 768w, https:\/\/www.fiscalia.gov.co\/colombia\/wp-content\/uploads\/paf-murillo-tolima-225x300.jpeg 225w, https:\/\/www.fiscalia.gov.co\/colombia\/wp-content\/uploads\/paf-murillo-tolima-1152x1536.jpeg 1152w, https:\/\/www.fiscalia.gov.co\/colombia\/wp-content\/uploads\/paf-murillo-tolima-1536x2048.jpeg 1536w, https:\/\/www.fiscalia.gov.co\/colombia\/wp-content\/uploads\/paf-murillo-tolima-315x420.jpeg 315w, https:\/\/www.fiscalia.gov.co\/colombia\/wp-content\/uploads\/paf-murillo-tolima-696x928.jpeg 696w, https:\/\/www.fiscalia.gov.co\/colombia\/wp-content\/uploads\/paf-murillo-tolima-1068x1424.jpeg 1068w, https:\/\/www.fiscalia.gov.co\/colombia\/wp-content\/uploads\/paf-murillo-tolima-scaled.jpeg 1920w\" sizes=\"auto, (max-width: 696px) 100vw, 696px\" \/><figcaption id=\"caption-attachment-304045\" class=\"wp-caption-text\">Muestras folcl\u00f3ricas dirigidas por los profesores Toledo y Cala hicieron parte del acto inaugural del PAF de Murillo que atender\u00e1 a una poblaci\u00f3n de m\u00e1s de 4 mil habitantes.<\/figcaption><\/figure>\n<p style=\"font-weight: 400;\">La Fiscal\u00eda General de la Naci\u00f3n inaugur\u00f3 este martes, 22 de octubre, el noveno <a href=\"https:\/\/www.fiscalia.gov.co\/colombia\/noticias\/en-palocabildo-tolima-la-fiscalia-inauguro-su-septimo-punto-de-atencion-paf\/\">Punto de Atenci\u00f3n en el municipio de Murillo,<\/a> beneficiando a m\u00e1s de <strong>4.400 habitantes quienes tendr\u00e1n acceso directo a la justicia de manera m\u00e1s \u00e1gil.<\/strong><\/p>\n<p style=\"font-weight: 400;\">El evento cont\u00f3 con la presencia de integrantes del equipo de atenci\u00f3n a usuarios de la Seccional Tolima, la Alcald\u00eda de Murillo, la Polic\u00eda Nacional, <strong>as\u00ed como l\u00edderes y lideresas, presidentes de Juntas de Acci\u00f3n Comunal (JAC), representantes del concejo municipal y del sector salud, educativo<\/strong>, entre otros.<\/p>\n<p style=\"font-weight: 400;\"><strong>Este Punto de Atenci\u00f3n de la Fiscal\u00eda est\u00e1 ubicado en el primer piso de la Alcald\u00eda (carrera 8 N\u00ba 3-85)<\/strong> donde una gestora capacitada por el ente acusador atender\u00e1 a los usuarios que requieran interponer denuncias relacionadas con delitos querellables o PQRS.<\/p>\n<p style=\"font-weight: 400;\">El horario de atenci\u00f3n ser\u00e1 de martes a s\u00e1bado de 8:00 a.m. a 12:00 m y de 2:00 p.m. a 5:00 pm. Tambi\u00e9n ser\u00e1n orientados y redireccionados a otras entidades o instituciones si el tema consultado lo amerita.<\/p>\n<p style=\"font-weight: 400;\">Un convenio interinstitucional con la Alcald\u00eda municipal permiti\u00f3 que se ejecutara este proyecto, dise\u00f1ado por la Fiscal\u00eda, <strong>como un modelo de gesti\u00f3n y atenci\u00f3n que ampl\u00eda los mecanismos de contacto para la ciudadan\u00eda en lugares donde no exist\u00eda presencia f\u00edsica de la entidad.<\/strong><\/p>\n<p style=\"font-weight: 400;\">Los PAF son supervisados por la Direcci\u00f3n de Atenci\u00f3n al Usuario, Intervenci\u00f3n Temprana y Asignaciones (DAUITA), los cuales buscan mejores resultados en los procesos y la respectiva judicializaci\u00f3n de quienes atenten contra los ciudadanos.<\/p>\n<p style=\"font-weight: 400;\">\n<p>&nbsp;<\/p>\n<p>&nbsp;<\/p>\n<p>&nbsp;<\/p>\n<p style=\"font-weight: 400;\">PAAM\/LMFO\/MAGA\/MCAA\/DST<\/p>\n<p style=\"font-weight: 400;\">\n<p>&nbsp;<\/p>\n<p>&nbsp;<\/p>\n<p>&nbsp;<\/p>\n<p>&nbsp;<\/p>\n<div class=\"td-post-content tagdiv-type\">\n<div class=\"td-post-content tagdiv-type\">\n<p><i>La informaci\u00f3n contenida en este bolet\u00edn de prensa corresponde a la narraci\u00f3n de los hechos noticiosos objetivos, suministrados por los funcionarios encargados de adelantar las investigaciones penales al interior de la Fiscal\u00eda General de la Naci\u00f3n. Para el momento de la divulgaci\u00f3n de este comunicado, la situaci\u00f3n jur\u00eddica de la(s) persona(s) relacionada(s) se encuentra pendiente de resolver por la autoridad judicial competente, siempre bajo los preceptos de la presunci\u00f3n de inocencia, consagrados en el art\u00edculo 29 de la Constituci\u00f3n Pol\u00edtica y el art\u00edculo 7\u00ba de la Ley 906 de 2004.<\/i><\/p>\n<\/div>\n<\/div>\n\n<div class=\"twitter-share\"><a href=\"https:\/\/twitter.com\/intent\/tweet?via=fiscaliacol\" class=\"twitter-share-button\">Tweet<\/a><\/div>\n","protected":false},"excerpt":{"rendered":"<p>El Tolima cuenta con Puntos de Atenci\u00f3n de la Fiscal\u00eda (PAF) en Herveo, Santa Isabel, Falan, Prado, Palocabildo, Su\u00e1rez, San Luis y Villahermosa. La Fiscal\u00eda General de la Naci\u00f3n inaugur\u00f3 este martes, 22 de octubre, el noveno Punto de Atenci\u00f3n en el municipio de Murillo, beneficiando a m\u00e1s de 4.400 habitantes quienes tendr\u00e1n acceso directo [&hellip;]<\/p>\n","protected":false},"author":177,"featured_media":0,"comment_status":"closed","ping_status":"open","sticky":false,"template":"","format":"standard","meta":{"tdm_status":"","tdm_grid_status":"","footnotes":""},"categories":[1,329,303],"tags":[2666,36465,38848,4701,33380,12304,38847,38845,38846,14841,33188,36464],"class_list":{"0":"post-304043","1":"post","2":"type-post","3":"status-publish","4":"format-standard","6":"category-noticias","7":"category-seccional-ibague","8":"category-seccionales","9":"tag-alcaldia","10":"tag-atencion-a-usuarios","11":"tag-autoridades","12":"tag-denuncias","13":"tag-gestor","14":"tag-inauguracion","15":"tag-murillo","16":"tag-murillo-tolima","17":"tag-paf-fiscalia-general-de-la-nacion","18":"tag-pqrs","19":"tag-punto-de-atencion-de-la-fiscalia","20":"tag-quejas"},"yoast_head":"<!-- This site is optimized with the Yoast SEO plugin v24.3 - https:\/\/yoast.com\/wordpress\/plugins\/seo\/ -->\n<title>Fiscal\u00eda General de la Naci\u00f3n<\/title>\n<meta name=\"description\" content=\"P\u00e1gina oficial de la Fiscal\u00eda General de la Naci\u00f3n \u2013 Colombia. Garantizamos el acceso efectivo a la justicia, la verdad y la reparaci\u00f3n de las v\u00edctimas de los delitos.\" \/>\n<meta name=\"robots\" content=\"noindex, follow\" \/>\n<meta property=\"og:locale\" content=\"es_ES\" \/>\n<meta property=\"og:type\" content=\"article\" \/>\n<meta property=\"og:title\" content=\"Fiscal\u00eda General de la Naci\u00f3n\" \/>\n<meta property=\"og:description\" content=\"P\u00e1gina oficial de la Fiscal\u00eda General de la Naci\u00f3n \u2013 Colombia. Garantizamos el acceso efectivo a la justicia, la verdad y la reparaci\u00f3n de las v\u00edctimas de los delitos.\" \/>\n<meta property=\"og:url\" content=\"https:\/\/www.fiscalia.gov.co\/colombia\/noticias\/fiscalia-general-de-la-nacion-inauguro-un-nuevo-punto-de-atencion-en-murillo-tolima\/\" \/>\n<meta property=\"og:site_name\" content=\"Fiscal\u00eda General de la Naci\u00f3n\" \/>\n<meta property=\"article:publisher\" content=\"https:\/\/www.facebook.com\/FiscaliaCol\" \/>\n<meta property=\"article:published_time\" content=\"2024-10-24T14:34:26+00:00\" \/>\n<meta property=\"og:image\" content=\"https:\/\/www.fiscalia.gov.co\/colombia\/wp-content\/uploads\/paf-murillo-tolima-768x1024.jpeg\" \/>\n<meta name=\"author\" content=\"Jordan Leandro Oviedo Anzola\" \/>\n<meta name=\"twitter:card\" content=\"summary_large_image\" \/>\n<meta name=\"twitter:creator\" content=\"@FiscaliaCol\" \/>\n<meta name=\"twitter:site\" content=\"@FiscaliaCol\" \/>\n<meta name=\"twitter:label1\" content=\"Escrito por\" \/>\n\t<meta name=\"twitter:data1\" content=\"Jordan Leandro Oviedo Anzola\" \/>\n\t<meta name=\"twitter:label2\" content=\"Tiempo de lectura\" \/>\n\t<meta name=\"twitter:data2\" content=\"2 minutos\" \/>\n<script type=\"application\/ld+json\" class=\"yoast-schema-graph\">{\"@context\":\"https:\/\/schema.org\",\"@graph\":[{\"@type\":\"Article\",\"@id\":\"https:\/\/www.fiscalia.gov.co\/colombia\/noticias\/fiscalia-general-de-la-nacion-inauguro-un-nuevo-punto-de-atencion-en-murillo-tolima\/#article\",\"isPartOf\":{\"@id\":\"https:\/\/www.fiscalia.gov.co\/colombia\/noticias\/fiscalia-general-de-la-nacion-inauguro-un-nuevo-punto-de-atencion-en-murillo-tolima\/\"},\"author\":{\"name\":\"Jordan Leandro Oviedo Anzola\",\"@id\":\"https:\/\/www.fiscalia.gov.co\/colombia\/#\/schema\/person\/bf84402cf293a5393e9c70b111020b24\"},\"headline\":\"Fiscal\u00eda General de la Naci\u00f3n inaugur\u00f3 un nuevo punto de atenci\u00f3n en Murillo, Tolima\",\"datePublished\":\"2024-10-24T14:34:26+00:00\",\"dateModified\":\"2024-10-24T14:34:26+00:00\",\"mainEntityOfPage\":{\"@id\":\"https:\/\/www.fiscalia.gov.co\/colombia\/noticias\/fiscalia-general-de-la-nacion-inauguro-un-nuevo-punto-de-atencion-en-murillo-tolima\/\"},\"wordCount\":465,\"publisher\":{\"@id\":\"https:\/\/www.fiscalia.gov.co\/colombia\/#organization\"},\"image\":{\"@id\":\"https:\/\/www.fiscalia.gov.co\/colombia\/noticias\/fiscalia-general-de-la-nacion-inauguro-un-nuevo-punto-de-atencion-en-murillo-tolima\/#primaryimage\"},\"thumbnailUrl\":\"https:\/\/www.fiscalia.gov.co\/colombia\/wp-content\/uploads\/paf-murillo-tolima-768x1024.jpeg\",\"keywords\":[\"Alcald\u00eda\",\"atenci\u00f3n a usuarios\",\"autoridades.\",\"Denuncias\",\"gestor\",\"Inauguraci\u00f3n\",\"Murillo\",\"Murillo (Tolima)\",\"PAF; Fiscal\u00eda General de la Naci\u00f3n\",\"PQRS\",\"Punto de Atenci\u00f3n de la Fiscal\u00eda\",\"quejas\"],\"articleSection\":[\"Noticias\",\"Seccional Ibagu\u00e9\",\"Seccionales\"],\"inLanguage\":\"es-CO\"},{\"@type\":\"WebPage\",\"@id\":\"https:\/\/www.fiscalia.gov.co\/colombia\/noticias\/fiscalia-general-de-la-nacion-inauguro-un-nuevo-punto-de-atencion-en-murillo-tolima\/\",\"url\":\"https:\/\/www.fiscalia.gov.co\/colombia\/noticias\/fiscalia-general-de-la-nacion-inauguro-un-nuevo-punto-de-atencion-en-murillo-tolima\/\",\"name\":\"Fiscal\u00eda General de la Naci\u00f3n\",\"isPartOf\":{\"@id\":\"https:\/\/www.fiscalia.gov.co\/colombia\/#website\"},\"primaryImageOfPage\":{\"@id\":\"https:\/\/www.fiscalia.gov.co\/colombia\/noticias\/fiscalia-general-de-la-nacion-inauguro-un-nuevo-punto-de-atencion-en-murillo-tolima\/#primaryimage\"},\"image\":{\"@id\":\"https:\/\/www.fiscalia.gov.co\/colombia\/noticias\/fiscalia-general-de-la-nacion-inauguro-un-nuevo-punto-de-atencion-en-murillo-tolima\/#primaryimage\"},\"thumbnailUrl\":\"https:\/\/www.fiscalia.gov.co\/colombia\/wp-content\/uploads\/paf-murillo-tolima-768x1024.jpeg\",\"datePublished\":\"2024-10-24T14:34:26+00:00\",\"dateModified\":\"2024-10-24T14:34:26+00:00\",\"description\":\"P\u00e1gina oficial de la Fiscal\u00eda General de la Naci\u00f3n \u2013 Colombia. Garantizamos el acceso efectivo a la justicia, la verdad y la reparaci\u00f3n de las v\u00edctimas de los delitos.\",\"breadcrumb\":{\"@id\":\"https:\/\/www.fiscalia.gov.co\/colombia\/noticias\/fiscalia-general-de-la-nacion-inauguro-un-nuevo-punto-de-atencion-en-murillo-tolima\/#breadcrumb\"},\"inLanguage\":\"es-CO\",\"potentialAction\":[{\"@type\":\"ReadAction\",\"target\":[\"https:\/\/www.fiscalia.gov.co\/colombia\/noticias\/fiscalia-general-de-la-nacion-inauguro-un-nuevo-punto-de-atencion-en-murillo-tolima\/\"]}]},{\"@type\":\"ImageObject\",\"inLanguage\":\"es-CO\",\"@id\":\"https:\/\/www.fiscalia.gov.co\/colombia\/noticias\/fiscalia-general-de-la-nacion-inauguro-un-nuevo-punto-de-atencion-en-murillo-tolima\/#primaryimage\",\"url\":\"https:\/\/www.fiscalia.gov.co\/colombia\/wp-content\/uploads\/paf-murillo-tolima-scaled.jpeg\",\"contentUrl\":\"https:\/\/www.fiscalia.gov.co\/colombia\/wp-content\/uploads\/paf-murillo-tolima-scaled.jpeg\",\"width\":1920,\"height\":2560,\"caption\":\"Muestras folcl\u00f3ricas dirigidas por los profesores Toledo y Cala hicieron parte del acto inaugural del PAF de Murillo que atender\u00e1 a una poblaci\u00f3n de m\u00e1s de 4 mil habitantes.\"},{\"@type\":\"BreadcrumbList\",\"@id\":\"https:\/\/www.fiscalia.gov.co\/colombia\/noticias\/fiscalia-general-de-la-nacion-inauguro-un-nuevo-punto-de-atencion-en-murillo-tolima\/#breadcrumb\",\"itemListElement\":[{\"@type\":\"ListItem\",\"position\":1,\"name\":\"Home\",\"item\":\"https:\/\/www.fiscalia.gov.co\/colombia\/\"},{\"@type\":\"ListItem\",\"position\":2,\"name\":\"Fiscal\u00eda General de la Naci\u00f3n inaugur\u00f3 un nuevo punto de atenci\u00f3n en Murillo, Tolima\"}]},{\"@type\":\"WebSite\",\"@id\":\"https:\/\/www.fiscalia.gov.co\/colombia\/#website\",\"url\":\"https:\/\/www.fiscalia.gov.co\/colombia\/\",\"name\":\"Fiscal\u00eda General de la Naci\u00f3n\",\"description\":\"P\u00e1gina oficial de la Fiscal\u00eda General de la Naci\u00f3n \u2013 Colombia. Garantizamos el acceso efectivo a la justicia, la verdad y la reparaci\u00f3n de las v\u00edctimas de los delitos.\",\"publisher\":{\"@id\":\"https:\/\/www.fiscalia.gov.co\/colombia\/#organization\"},\"potentialAction\":[{\"@type\":\"SearchAction\",\"target\":{\"@type\":\"EntryPoint\",\"urlTemplate\":\"https:\/\/www.fiscalia.gov.co\/colombia\/?s={search_term_string}\"},\"query-input\":{\"@type\":\"PropertyValueSpecification\",\"valueRequired\":true,\"valueName\":\"search_term_string\"}}],\"inLanguage\":\"es-CO\"},{\"@type\":\"Organization\",\"@id\":\"https:\/\/www.fiscalia.gov.co\/colombia\/#organization\",\"name\":\"Fiscal\u00eda General de la Naci\u00f3n\",\"url\":\"https:\/\/www.fiscalia.gov.co\/colombia\/\",\"logo\":{\"@type\":\"ImageObject\",\"inLanguage\":\"es-CO\",\"@id\":\"https:\/\/www.fiscalia.gov.co\/colombia\/#\/schema\/logo\/image\/\",\"url\":\"https:\/\/www.fiscalia.gov.co\/colombia\/wp-content\/uploads\/LogoHorizontal_1.jpg\",\"contentUrl\":\"https:\/\/www.fiscalia.gov.co\/colombia\/wp-content\/uploads\/LogoHorizontal_1.jpg\",\"width\":300,\"height\":90,\"caption\":\"Fiscal\u00eda General de la Naci\u00f3n\"},\"image\":{\"@id\":\"https:\/\/www.fiscalia.gov.co\/colombia\/#\/schema\/logo\/image\/\"},\"sameAs\":[\"https:\/\/www.facebook.com\/FiscaliaCol\",\"https:\/\/x.com\/FiscaliaCol\",\"https:\/\/www.instagram.com\/fiscaliacol\",\"https:\/\/www.linkedin.com\/company\/fiscalia-general-de-la-naci-n\/\",\"https:\/\/youtube.com\/@fiscaliageneraldelanacion-4668?si=6nN79nyQICPU5iTh\"]},{\"@type\":\"Person\",\"@id\":\"https:\/\/www.fiscalia.gov.co\/colombia\/#\/schema\/person\/bf84402cf293a5393e9c70b111020b24\",\"name\":\"Jordan Leandro Oviedo Anzola\",\"image\":{\"@type\":\"ImageObject\",\"inLanguage\":\"es-CO\",\"@id\":\"https:\/\/www.fiscalia.gov.co\/colombia\/#\/schema\/person\/image\/\",\"url\":\"https:\/\/secure.gravatar.com\/avatar\/dabba4346fa9b9207d96adafa8f92721?s=96&d=mm&r=g\",\"contentUrl\":\"https:\/\/secure.gravatar.com\/avatar\/dabba4346fa9b9207d96adafa8f92721?s=96&d=mm&r=g\",\"caption\":\"Jordan Leandro Oviedo Anzola\"},\"url\":\"https:\/\/www.fiscalia.gov.co\/colombia\/author\/joviedo\/\"}]}<\/script>\n<!-- \/ Yoast SEO plugin. -->","yoast_head_json":{"title":"Fiscal\u00eda General de la Naci\u00f3n","description":"P\u00e1gina oficial de la Fiscal\u00eda General de la Naci\u00f3n \u2013 Colombia. Garantizamos el acceso efectivo a la justicia, la verdad y la reparaci\u00f3n de las v\u00edctimas de los delitos.","robots":{"index":"noindex","follow":"follow"},"og_locale":"es_ES","og_type":"article","og_title":"Fiscal\u00eda General de la Naci\u00f3n","og_description":"P\u00e1gina oficial de la Fiscal\u00eda General de la Naci\u00f3n \u2013 Colombia. Garantizamos el acceso efectivo a la justicia, la verdad y la reparaci\u00f3n de las v\u00edctimas de los delitos.","og_url":"https:\/\/www.fiscalia.gov.co\/colombia\/noticias\/fiscalia-general-de-la-nacion-inauguro-un-nuevo-punto-de-atencion-en-murillo-tolima\/","og_site_name":"Fiscal\u00eda General de la Naci\u00f3n","article_publisher":"https:\/\/www.facebook.com\/FiscaliaCol","article_published_time":"2024-10-24T14:34:26+00:00","og_image":[{"url":"https:\/\/www.fiscalia.gov.co\/colombia\/wp-content\/uploads\/paf-murillo-tolima-768x1024.jpeg","type":"","width":"","height":""}],"author":"Jordan Leandro Oviedo Anzola","twitter_card":"summary_large_image","twitter_creator":"@FiscaliaCol","twitter_site":"@FiscaliaCol","twitter_misc":{"Escrito por":"Jordan Leandro Oviedo Anzola","Tiempo de lectura":"2 minutos"},"schema":{"@context":"https:\/\/schema.org","@graph":[{"@type":"Article","@id":"https:\/\/www.fiscalia.gov.co\/colombia\/noticias\/fiscalia-general-de-la-nacion-inauguro-un-nuevo-punto-de-atencion-en-murillo-tolima\/#article","isPartOf":{"@id":"https:\/\/www.fiscalia.gov.co\/colombia\/noticias\/fiscalia-general-de-la-nacion-inauguro-un-nuevo-punto-de-atencion-en-murillo-tolima\/"},"author":{"name":"Jordan Leandro Oviedo Anzola","@id":"https:\/\/www.fiscalia.gov.co\/colombia\/#\/schema\/person\/bf84402cf293a5393e9c70b111020b24"},"headline":"Fiscal\u00eda General de la Naci\u00f3n inaugur\u00f3 un nuevo punto de atenci\u00f3n en Murillo, Tolima","datePublished":"2024-10-24T14:34:26+00:00","dateModified":"2024-10-24T14:34:26+00:00","mainEntityOfPage":{"@id":"https:\/\/www.fiscalia.gov.co\/colombia\/noticias\/fiscalia-general-de-la-nacion-inauguro-un-nuevo-punto-de-atencion-en-murillo-tolima\/"},"wordCount":465,"publisher":{"@id":"https:\/\/www.fiscalia.gov.co\/colombia\/#organization"},"image":{"@id":"https:\/\/www.fiscalia.gov.co\/colombia\/noticias\/fiscalia-general-de-la-nacion-inauguro-un-nuevo-punto-de-atencion-en-murillo-tolima\/#primaryimage"},"thumbnailUrl":"https:\/\/www.fiscalia.gov.co\/colombia\/wp-content\/uploads\/paf-murillo-tolima-768x1024.jpeg","keywords":["Alcald\u00eda","atenci\u00f3n a usuarios","autoridades.","Denuncias","gestor","Inauguraci\u00f3n","Murillo","Murillo (Tolima)","PAF; Fiscal\u00eda General de la Naci\u00f3n","PQRS","Punto de Atenci\u00f3n de la Fiscal\u00eda","quejas"],"articleSection":["Noticias","Seccional Ibagu\u00e9","Seccionales"],"inLanguage":"es-CO"},{"@type":"WebPage","@id":"https:\/\/www.fiscalia.gov.co\/colombia\/noticias\/fiscalia-general-de-la-nacion-inauguro-un-nuevo-punto-de-atencion-en-murillo-tolima\/","url":"https:\/\/www.fiscalia.gov.co\/colombia\/noticias\/fiscalia-general-de-la-nacion-inauguro-un-nuevo-punto-de-atencion-en-murillo-tolima\/","name":"Fiscal\u00eda General de la Naci\u00f3n","isPartOf":{"@id":"https:\/\/www.fiscalia.gov.co\/colombia\/#website"},"primaryImageOfPage":{"@id":"https:\/\/www.fiscalia.gov.co\/colombia\/noticias\/fiscalia-general-de-la-nacion-inauguro-un-nuevo-punto-de-atencion-en-murillo-tolima\/#primaryimage"},"image":{"@id":"https:\/\/www.fiscalia.gov.co\/colombia\/noticias\/fiscalia-general-de-la-nacion-inauguro-un-nuevo-punto-de-atencion-en-murillo-tolima\/#primaryimage"},"thumbnailUrl":"https:\/\/www.fiscalia.gov.co\/colombia\/wp-content\/uploads\/paf-murillo-tolima-768x1024.jpeg","datePublished":"2024-10-24T14:34:26+00:00","dateModified":"2024-10-24T14:34:26+00:00","description":"P\u00e1gina oficial de la Fiscal\u00eda General de la Naci\u00f3n \u2013 Colombia. Garantizamos el acceso efectivo a la justicia, la verdad y la reparaci\u00f3n de las v\u00edctimas de los delitos.","breadcrumb":{"@id":"https:\/\/www.fiscalia.gov.co\/colombia\/noticias\/fiscalia-general-de-la-nacion-inauguro-un-nuevo-punto-de-atencion-en-murillo-tolima\/#breadcrumb"},"inLanguage":"es-CO","potentialAction":[{"@type":"ReadAction","target":["https:\/\/www.fiscalia.gov.co\/colombia\/noticias\/fiscalia-general-de-la-nacion-inauguro-un-nuevo-punto-de-atencion-en-murillo-tolima\/"]}]},{"@type":"ImageObject","inLanguage":"es-CO","@id":"https:\/\/www.fiscalia.gov.co\/colombia\/noticias\/fiscalia-general-de-la-nacion-inauguro-un-nuevo-punto-de-atencion-en-murillo-tolima\/#primaryimage","url":"https:\/\/www.fiscalia.gov.co\/colombia\/wp-content\/uploads\/paf-murillo-tolima-scaled.jpeg","contentUrl":"https:\/\/www.fiscalia.gov.co\/colombia\/wp-content\/uploads\/paf-murillo-tolima-scaled.jpeg","width":1920,"height":2560,"caption":"Muestras folcl\u00f3ricas dirigidas por los profesores Toledo y Cala hicieron parte del acto inaugural del PAF de Murillo que atender\u00e1 a una poblaci\u00f3n de m\u00e1s de 4 mil habitantes."},{"@type":"BreadcrumbList","@id":"https:\/\/www.fiscalia.gov.co\/colombia\/noticias\/fiscalia-general-de-la-nacion-inauguro-un-nuevo-punto-de-atencion-en-murillo-tolima\/#breadcrumb","itemListElement":[{"@type":"ListItem","position":1,"name":"Home","item":"https:\/\/www.fiscalia.gov.co\/colombia\/"},{"@type":"ListItem","position":2,"name":"Fiscal\u00eda General de la Naci\u00f3n inaugur\u00f3 un nuevo punto de atenci\u00f3n en Murillo, Tolima"}]},{"@type":"WebSite","@id":"https:\/\/www.fiscalia.gov.co\/colombia\/#website","url":"https:\/\/www.fiscalia.gov.co\/colombia\/","name":"Fiscal\u00eda General de la Naci\u00f3n","description":"P\u00e1gina oficial de la Fiscal\u00eda General de la Naci\u00f3n \u2013 Colombia. Garantizamos el acceso efectivo a la justicia, la verdad y la reparaci\u00f3n de las v\u00edctimas de los delitos.","publisher":{"@id":"https:\/\/www.fiscalia.gov.co\/colombia\/#organization"},"potentialAction":[{"@type":"SearchAction","target":{"@type":"EntryPoint","urlTemplate":"https:\/\/www.fiscalia.gov.co\/colombia\/?s={search_term_string}"},"query-input":{"@type":"PropertyValueSpecification","valueRequired":true,"valueName":"search_term_string"}}],"inLanguage":"es-CO"},{"@type":"Organization","@id":"https:\/\/www.fiscalia.gov.co\/colombia\/#organization","name":"Fiscal\u00eda General de la Naci\u00f3n","url":"https:\/\/www.fiscalia.gov.co\/colombia\/","logo":{"@type":"ImageObject","inLanguage":"es-CO","@id":"https:\/\/www.fiscalia.gov.co\/colombia\/#\/schema\/logo\/image\/","url":"https:\/\/www.fiscalia.gov.co\/colombia\/wp-content\/uploads\/LogoHorizontal_1.jpg","contentUrl":"https:\/\/www.fiscalia.gov.co\/colombia\/wp-content\/uploads\/LogoHorizontal_1.jpg","width":300,"height":90,"caption":"Fiscal\u00eda General de la Naci\u00f3n"},"image":{"@id":"https:\/\/www.fiscalia.gov.co\/colombia\/#\/schema\/logo\/image\/"},"sameAs":["https:\/\/www.facebook.com\/FiscaliaCol","https:\/\/x.com\/FiscaliaCol","https:\/\/www.instagram.com\/fiscaliacol","https:\/\/www.linkedin.com\/company\/fiscalia-general-de-la-naci-n\/","https:\/\/youtube.com\/@fiscaliageneraldelanacion-4668?si=6nN79nyQICPU5iTh"]},{"@type":"Person","@id":"https:\/\/www.fiscalia.gov.co\/colombia\/#\/schema\/person\/bf84402cf293a5393e9c70b111020b24","name":"Jordan Leandro Oviedo Anzola","image":{"@type":"ImageObject","inLanguage":"es-CO","@id":"https:\/\/www.fiscalia.gov.co\/colombia\/#\/schema\/person\/image\/","url":"https:\/\/secure.gravatar.com\/avatar\/dabba4346fa9b9207d96adafa8f92721?s=96&d=mm&r=g","contentUrl":"https:\/\/secure.gravatar.com\/avatar\/dabba4346fa9b9207d96adafa8f92721?s=96&d=mm&r=g","caption":"Jordan Leandro Oviedo Anzola"},"url":"https:\/\/www.fiscalia.gov.co\/colombia\/author\/joviedo\/"}]}},"_links":{"self":[{"href":"https:\/\/www.fiscalia.gov.co\/colombia\/wp-json\/wp\/v2\/posts\/304043","targetHints":{"allow":["GET"]}}],"collection":[{"href":"https:\/\/www.fiscalia.gov.co\/colombia\/wp-json\/wp\/v2\/posts"}],"about":[{"href":"https:\/\/www.fiscalia.gov.co\/colombia\/wp-json\/wp\/v2\/types\/post"}],"author":[{"embeddable":true,"href":"https:\/\/www.fiscalia.gov.co\/colombia\/wp-json\/wp\/v2\/users\/177"}],"replies":[{"embeddable":true,"href":"https:\/\/www.fiscalia.gov.co\/colombia\/wp-json\/wp\/v2\/comments?post=304043"}],"version-history":[{"count":1,"href":"https:\/\/www.fiscalia.gov.co\/colombia\/wp-json\/wp\/v2\/posts\/304043\/revisions"}],"predecessor-version":[{"id":304046,"href":"https:\/\/www.fiscalia.gov.co\/colombia\/wp-json\/wp\/v2\/posts\/304043\/revisions\/304046"}],"wp:attachment":[{"href":"https:\/\/www.fiscalia.gov.co\/colombia\/wp-json\/wp\/v2\/media?parent=304043"}],"wp:term":[{"taxonomy":"category","embeddable":true,"href":"https:\/\/www.fiscalia.gov.co\/colombia\/wp-json\/wp\/v2\/categories?post=304043"},{"taxonomy":"post_tag","embeddable":true,"href":"https:\/\/www.fiscalia.gov.co\/colombia\/wp-json\/wp\/v2\/tags?post=304043"}],"curies":[{"name":"wp","href":"https:\/\/api.w.org\/{rel}","templated":true}]}}