{"id":304040,"date":"2024-10-24T09:27:37","date_gmt":"2024-10-24T14:27:37","guid":{"rendered":"https:\/\/www.fiscalia.gov.co\/colombia\/?p=304040"},"modified":"2024-10-24T09:27:37","modified_gmt":"2024-10-24T14:27:37","slug":"fiscalia-desarticula-los-satelites-red-dedicada-a-hurtar-baterias-de-litio-de-antenas-de-telefonia-celular-en-santander","status":"publish","type":"post","link":"https:\/\/www.fiscalia.gov.co\/colombia\/noticias\/fiscalia-desarticula-los-satelites-red-dedicada-a-hurtar-baterias-de-litio-de-antenas-de-telefonia-celular-en-santander\/","title":{"rendered":"Fiscal\u00eda desarticula \u2018Los Sat\u00e9lites\u2019 red dedicada a hurtar bater\u00edas de litio de antenas de telefon\u00eda celular en Santander"},"content":{"rendered":"<p><span lang=\"ES\">Un fiscal de la Seccional Santander judicializ\u00f3 ante un juez de control de garant\u00edas a siete presuntos integrantes del grupo delincuencial Los Sat\u00e9lites, <strong>red ilegal responsable del hurto de plantas el\u00e9ctricas y bater\u00edas de litio de antenas repetidoras.<\/strong> Estas acciones habr\u00edan provocado p\u00e9rdidas econ\u00f3micas cercanas a 4.000 millones de pesos a varias compa\u00f1\u00edas de telefon\u00eda celular.<\/span><\/p>\n<figure id=\"attachment_304041\" aria-describedby=\"caption-attachment-304041\" style=\"width: 696px\" class=\"wp-caption aligncenter\"><img loading=\"lazy\" decoding=\"async\" class=\"size-large wp-image-304041\" src=\"https:\/\/www.fiscalia.gov.co\/colombia\/wp-content\/uploads\/PHOTO-2024-10-23-09-51-00-1024x577.jpg\" alt=\"En la fotograf\u00eda se puede ver a los 7 detenidos de espaldas, en medio de dos agentes de polic\u00eda, detras de ellos hay un baking de la polic\u00eda\" width=\"696\" height=\"392\" srcset=\"https:\/\/www.fiscalia.gov.co\/colombia\/wp-content\/uploads\/PHOTO-2024-10-23-09-51-00-1024x577.jpg 1024w, https:\/\/www.fiscalia.gov.co\/colombia\/wp-content\/uploads\/PHOTO-2024-10-23-09-51-00-300x169.jpg 300w, https:\/\/www.fiscalia.gov.co\/colombia\/wp-content\/uploads\/PHOTO-2024-10-23-09-51-00-768x432.jpg 768w, https:\/\/www.fiscalia.gov.co\/colombia\/wp-content\/uploads\/PHOTO-2024-10-23-09-51-00-1536x865.jpg 1536w, https:\/\/www.fiscalia.gov.co\/colombia\/wp-content\/uploads\/PHOTO-2024-10-23-09-51-00-746x420.jpg 746w, https:\/\/www.fiscalia.gov.co\/colombia\/wp-content\/uploads\/PHOTO-2024-10-23-09-51-00-696x392.jpg 696w, https:\/\/www.fiscalia.gov.co\/colombia\/wp-content\/uploads\/PHOTO-2024-10-23-09-51-00-1068x601.jpg 1068w, https:\/\/www.fiscalia.gov.co\/colombia\/wp-content\/uploads\/PHOTO-2024-10-23-09-51-00.jpg 1600w\" sizes=\"auto, (max-width: 696px) 100vw, 696px\" \/><figcaption id=\"caption-attachment-304041\" class=\"wp-caption-text\">Siete presuntos integrantes de la banda delincuencial Los Sat\u00e9lites fueron judicializados por los delitos de concierto para delinquir, hurto calificado y agravado y receptaci\u00f3n.<\/figcaption><\/figure>\n<p><span lang=\"ES\">Se trata de Luis David Ayala Mantilla, N\u00e9stor Fabian Ni\u00f1o G\u00f3mez y Juli\u00e1n Andr\u00e9s Mart\u00ednez, Sergio Andr\u00e9s N\u00fa\u00f1ez, N\u00e9stor Mauricio Arenas, Andr\u00e9s Pinto Ortiz, John Fredy Conde, quienes fueron imputados, seg\u00fan sus posibles responsabilidades individuales, <strong>con delitos como: concierto para delinquir, <a href=\"https:\/\/www.fiscalia.gov.co\/colombia\/noticias\/a-la-carcel-presunto-responsable-de-asesinar-a-una-menor-de-edad-por-hurtarle-un-celular\/\">hurto calificado y agravado y receptaci\u00f3n.<\/a><\/strong><\/span><\/p>\n<p><span lang=\"ES\">La investigaci\u00f3n evidenci\u00f3 que los delitos atribuidos a los procesados vendr\u00edan ocurriendo desde junio de 2023 en los municipios de Tona, Palmas del Socorro, Gal\u00e1n, Zapatoca, Gir\u00f3n y Bucaramanga.<\/span><\/p>\n<p><span lang=\"ES\">Labores de polic\u00eda judicial determinaron que los investigados, al parecer, <strong>acced\u00edan a las instalaciones privadas por la fuerza para desinstalar las piezas que permit\u00edan el funcionamiento de las antenas,<\/strong> para luego venderlo en partes.<\/span><\/p>\n<p><span lang=\"ES\">Los investigados fueron capturados por la Polic\u00eda Nacional durante ocho diligencias de registro y allanamientos practicadas en Bucaramanga (Santander) y Bogot\u00e1. <strong>En las acciones se recuperaron dos plantas de energ\u00edas valoradas en 320 millones de pesos, entre otros artefactos el\u00e9ctricos.<\/strong><\/span><\/p>\n<p><span lang=\"ES\">Por decisi\u00f3n judicial Luis David Ayala Mantilla, fue cobijado con medida de aseguramiento en centro carcelario. Ni\u00f1o G\u00f3mez, Mart\u00ednez N\u00fa\u00f1ez, Arenas, Pinto Ortiz y Conde, deber\u00e1n cumplir la restricci\u00f3n de libertad en sus domicilios.<\/span><\/p>\n<p>&nbsp;<\/p>\n<p>&nbsp;<\/p>\n<p>&nbsp;<\/p>\n<p>&nbsp;<\/p>\n<p>&nbsp;<\/p>\n<p>DRA\/LMFO\/MAGA\/OM\/DSS.<b><\/b><\/p>\n<p>&nbsp;<\/p>\n<p>&nbsp;<\/p>\n<p>&nbsp;<\/p>\n<p><em>La informaci\u00f3n contenida en este bolet\u00edn de prensa corresponde a la narraci\u00f3n de los hechos noticiosos objetivos, y las investigaciones penales al interior de la Fiscal\u00eda General de la Naci\u00f3n. Para el momento de la divulgaci\u00f3n de este comunicado, la situaci\u00f3n jur\u00eddica de la(s) persona(s) relacionada(s) se encuentra pendiente de resolver por la autoridad judicial competente, siempre bajo los preceptos de la presunci\u00f3n de inocencia, consagrados en el art\u00edculo 29 de la Constituci\u00f3n Pol\u00edtica y el art\u00edculo 7\u00ba de la Ley 906 de 2004.<\/em><\/p>\n\n<div class=\"twitter-share\"><a href=\"https:\/\/twitter.com\/intent\/tweet?via=fiscaliacol\" class=\"twitter-share-button\">Tweet<\/a><\/div>\n","protected":false},"excerpt":{"rendered":"<p>Un fiscal de la Seccional Santander judicializ\u00f3 ante un juez de control de garant\u00edas a siete presuntos integrantes del grupo delincuencial Los Sat\u00e9lites, red ilegal responsable del hurto de plantas el\u00e9ctricas y bater\u00edas de litio de antenas repetidoras. Estas acciones habr\u00edan provocado p\u00e9rdidas econ\u00f3micas cercanas a 4.000 millones de pesos a varias compa\u00f1\u00edas de telefon\u00eda [&hellip;]<\/p>\n","protected":false},"author":177,"featured_media":0,"comment_status":"closed","ping_status":"open","sticky":false,"template":"","format":"standard","meta":{"tdm_status":"","tdm_grid_status":"","footnotes":""},"categories":[1,322,303,24099],"tags":[24131,37492,4614,1047,23960,1561],"class_list":{"0":"post-304040","1":"post","2":"type-post","3":"status-publish","4":"format-standard","6":"category-noticias","7":"category-seccional-bucaramanga","8":"category-seccionales","9":"category-seguridad-territorial","10":"tag-bucaramanga-santander","11":"tag-fiscal-luz-adriana-camargo","12":"tag-fiscalia-2","13":"tag-fiscalia-general-de-la-nacion","14":"tag-hurto","15":"tag-santander"},"yoast_head":"<!-- This site is optimized with the Yoast SEO plugin v24.3 - https:\/\/yoast.com\/wordpress\/plugins\/seo\/ -->\n<title>Fiscal\u00eda General de la Naci\u00f3n<\/title>\n<meta name=\"description\" content=\"P\u00e1gina oficial de la Fiscal\u00eda General de la Naci\u00f3n \u2013 Colombia. Garantizamos el acceso efectivo a la justicia, la verdad y la reparaci\u00f3n de las v\u00edctimas de los delitos.\" \/>\n<meta name=\"robots\" content=\"noindex, follow\" \/>\n<meta property=\"og:locale\" content=\"es_ES\" \/>\n<meta property=\"og:type\" content=\"article\" \/>\n<meta property=\"og:title\" content=\"Fiscal\u00eda General de la Naci\u00f3n\" \/>\n<meta property=\"og:description\" content=\"P\u00e1gina oficial de la Fiscal\u00eda General de la Naci\u00f3n \u2013 Colombia. Garantizamos el acceso efectivo a la justicia, la verdad y la reparaci\u00f3n de las v\u00edctimas de los delitos.\" \/>\n<meta property=\"og:url\" content=\"https:\/\/www.fiscalia.gov.co\/colombia\/noticias\/fiscalia-desarticula-los-satelites-red-dedicada-a-hurtar-baterias-de-litio-de-antenas-de-telefonia-celular-en-santander\/\" \/>\n<meta property=\"og:site_name\" content=\"Fiscal\u00eda General de la Naci\u00f3n\" \/>\n<meta property=\"article:publisher\" content=\"https:\/\/www.facebook.com\/FiscaliaCol\" \/>\n<meta property=\"article:published_time\" content=\"2024-10-24T14:27:37+00:00\" \/>\n<meta property=\"og:image\" content=\"https:\/\/www.fiscalia.gov.co\/colombia\/wp-content\/uploads\/PHOTO-2024-10-23-09-51-00-1024x577.jpg\" \/>\n<meta name=\"author\" content=\"Jordan Leandro Oviedo Anzola\" \/>\n<meta name=\"twitter:card\" content=\"summary_large_image\" \/>\n<meta name=\"twitter:creator\" content=\"@FiscaliaCol\" \/>\n<meta name=\"twitter:site\" content=\"@FiscaliaCol\" \/>\n<meta name=\"twitter:label1\" content=\"Escrito por\" \/>\n\t<meta name=\"twitter:data1\" content=\"Jordan Leandro Oviedo Anzola\" \/>\n\t<meta name=\"twitter:label2\" content=\"Tiempo de lectura\" \/>\n\t<meta name=\"twitter:data2\" content=\"2 minutos\" \/>\n<script type=\"application\/ld+json\" class=\"yoast-schema-graph\">{\"@context\":\"https:\/\/schema.org\",\"@graph\":[{\"@type\":\"Article\",\"@id\":\"https:\/\/www.fiscalia.gov.co\/colombia\/noticias\/fiscalia-desarticula-los-satelites-red-dedicada-a-hurtar-baterias-de-litio-de-antenas-de-telefonia-celular-en-santander\/#article\",\"isPartOf\":{\"@id\":\"https:\/\/www.fiscalia.gov.co\/colombia\/noticias\/fiscalia-desarticula-los-satelites-red-dedicada-a-hurtar-baterias-de-litio-de-antenas-de-telefonia-celular-en-santander\/\"},\"author\":{\"name\":\"Jordan Leandro Oviedo Anzola\",\"@id\":\"https:\/\/www.fiscalia.gov.co\/colombia\/#\/schema\/person\/bf84402cf293a5393e9c70b111020b24\"},\"headline\":\"Fiscal\u00eda desarticula \u2018Los Sat\u00e9lites\u2019 red dedicada a hurtar bater\u00edas de litio de antenas de telefon\u00eda celular en Santander\",\"datePublished\":\"2024-10-24T14:27:37+00:00\",\"dateModified\":\"2024-10-24T14:27:37+00:00\",\"mainEntityOfPage\":{\"@id\":\"https:\/\/www.fiscalia.gov.co\/colombia\/noticias\/fiscalia-desarticula-los-satelites-red-dedicada-a-hurtar-baterias-de-litio-de-antenas-de-telefonia-celular-en-santander\/\"},\"wordCount\":439,\"publisher\":{\"@id\":\"https:\/\/www.fiscalia.gov.co\/colombia\/#organization\"},\"image\":{\"@id\":\"https:\/\/www.fiscalia.gov.co\/colombia\/noticias\/fiscalia-desarticula-los-satelites-red-dedicada-a-hurtar-baterias-de-litio-de-antenas-de-telefonia-celular-en-santander\/#primaryimage\"},\"thumbnailUrl\":\"https:\/\/www.fiscalia.gov.co\/colombia\/wp-content\/uploads\/PHOTO-2024-10-23-09-51-00-1024x577.jpg\",\"keywords\":[\"Bucaramanga (Santander)\",\"Fiscal Luz Adriana Camargo\",\"Fiscal\u00eda\",\"Fiscal\u00eda General de la Naci\u00f3n\",\"Hurto\",\"Santander\"],\"articleSection\":[\"Noticias\",\"Seccional Bucaramanga\",\"Seccionales\",\"Seguridad territorial\"],\"inLanguage\":\"es-CO\"},{\"@type\":\"WebPage\",\"@id\":\"https:\/\/www.fiscalia.gov.co\/colombia\/noticias\/fiscalia-desarticula-los-satelites-red-dedicada-a-hurtar-baterias-de-litio-de-antenas-de-telefonia-celular-en-santander\/\",\"url\":\"https:\/\/www.fiscalia.gov.co\/colombia\/noticias\/fiscalia-desarticula-los-satelites-red-dedicada-a-hurtar-baterias-de-litio-de-antenas-de-telefonia-celular-en-santander\/\",\"name\":\"Fiscal\u00eda General de la Naci\u00f3n\",\"isPartOf\":{\"@id\":\"https:\/\/www.fiscalia.gov.co\/colombia\/#website\"},\"primaryImageOfPage\":{\"@id\":\"https:\/\/www.fiscalia.gov.co\/colombia\/noticias\/fiscalia-desarticula-los-satelites-red-dedicada-a-hurtar-baterias-de-litio-de-antenas-de-telefonia-celular-en-santander\/#primaryimage\"},\"image\":{\"@id\":\"https:\/\/www.fiscalia.gov.co\/colombia\/noticias\/fiscalia-desarticula-los-satelites-red-dedicada-a-hurtar-baterias-de-litio-de-antenas-de-telefonia-celular-en-santander\/#primaryimage\"},\"thumbnailUrl\":\"https:\/\/www.fiscalia.gov.co\/colombia\/wp-content\/uploads\/PHOTO-2024-10-23-09-51-00-1024x577.jpg\",\"datePublished\":\"2024-10-24T14:27:37+00:00\",\"dateModified\":\"2024-10-24T14:27:37+00:00\",\"description\":\"P\u00e1gina oficial de la Fiscal\u00eda General de la Naci\u00f3n \u2013 Colombia. Garantizamos el acceso efectivo a la justicia, la verdad y la reparaci\u00f3n de las v\u00edctimas de los delitos.\",\"breadcrumb\":{\"@id\":\"https:\/\/www.fiscalia.gov.co\/colombia\/noticias\/fiscalia-desarticula-los-satelites-red-dedicada-a-hurtar-baterias-de-litio-de-antenas-de-telefonia-celular-en-santander\/#breadcrumb\"},\"inLanguage\":\"es-CO\",\"potentialAction\":[{\"@type\":\"ReadAction\",\"target\":[\"https:\/\/www.fiscalia.gov.co\/colombia\/noticias\/fiscalia-desarticula-los-satelites-red-dedicada-a-hurtar-baterias-de-litio-de-antenas-de-telefonia-celular-en-santander\/\"]}]},{\"@type\":\"ImageObject\",\"inLanguage\":\"es-CO\",\"@id\":\"https:\/\/www.fiscalia.gov.co\/colombia\/noticias\/fiscalia-desarticula-los-satelites-red-dedicada-a-hurtar-baterias-de-litio-de-antenas-de-telefonia-celular-en-santander\/#primaryimage\",\"url\":\"https:\/\/www.fiscalia.gov.co\/colombia\/wp-content\/uploads\/PHOTO-2024-10-23-09-51-00.jpg\",\"contentUrl\":\"https:\/\/www.fiscalia.gov.co\/colombia\/wp-content\/uploads\/PHOTO-2024-10-23-09-51-00.jpg\",\"width\":1600,\"height\":901,\"caption\":\"Siete presuntos integrantes de la banda delincuencial Los Sat\u00e9lites fueron judicializados por los delitos de: concierto para delinquir, hurto calificado y agravado y receptaci\u00f3n.\"},{\"@type\":\"BreadcrumbList\",\"@id\":\"https:\/\/www.fiscalia.gov.co\/colombia\/noticias\/fiscalia-desarticula-los-satelites-red-dedicada-a-hurtar-baterias-de-litio-de-antenas-de-telefonia-celular-en-santander\/#breadcrumb\",\"itemListElement\":[{\"@type\":\"ListItem\",\"position\":1,\"name\":\"Home\",\"item\":\"https:\/\/www.fiscalia.gov.co\/colombia\/\"},{\"@type\":\"ListItem\",\"position\":2,\"name\":\"Fiscal\u00eda desarticula \u2018Los Sat\u00e9lites\u2019 red dedicada a hurtar bater\u00edas de litio de antenas de telefon\u00eda celular en Santander\"}]},{\"@type\":\"WebSite\",\"@id\":\"https:\/\/www.fiscalia.gov.co\/colombia\/#website\",\"url\":\"https:\/\/www.fiscalia.gov.co\/colombia\/\",\"name\":\"Fiscal\u00eda General de la Naci\u00f3n\",\"description\":\"P\u00e1gina oficial de la Fiscal\u00eda General de la Naci\u00f3n \u2013 Colombia. Garantizamos el acceso efectivo a la justicia, la verdad y la reparaci\u00f3n de las v\u00edctimas de los delitos.\",\"publisher\":{\"@id\":\"https:\/\/www.fiscalia.gov.co\/colombia\/#organization\"},\"potentialAction\":[{\"@type\":\"SearchAction\",\"target\":{\"@type\":\"EntryPoint\",\"urlTemplate\":\"https:\/\/www.fiscalia.gov.co\/colombia\/?s={search_term_string}\"},\"query-input\":{\"@type\":\"PropertyValueSpecification\",\"valueRequired\":true,\"valueName\":\"search_term_string\"}}],\"inLanguage\":\"es-CO\"},{\"@type\":\"Organization\",\"@id\":\"https:\/\/www.fiscalia.gov.co\/colombia\/#organization\",\"name\":\"Fiscal\u00eda General de la Naci\u00f3n\",\"url\":\"https:\/\/www.fiscalia.gov.co\/colombia\/\",\"logo\":{\"@type\":\"ImageObject\",\"inLanguage\":\"es-CO\",\"@id\":\"https:\/\/www.fiscalia.gov.co\/colombia\/#\/schema\/logo\/image\/\",\"url\":\"https:\/\/www.fiscalia.gov.co\/colombia\/wp-content\/uploads\/LogoHorizontal_1.jpg\",\"contentUrl\":\"https:\/\/www.fiscalia.gov.co\/colombia\/wp-content\/uploads\/LogoHorizontal_1.jpg\",\"width\":300,\"height\":90,\"caption\":\"Fiscal\u00eda General de la Naci\u00f3n\"},\"image\":{\"@id\":\"https:\/\/www.fiscalia.gov.co\/colombia\/#\/schema\/logo\/image\/\"},\"sameAs\":[\"https:\/\/www.facebook.com\/FiscaliaCol\",\"https:\/\/x.com\/FiscaliaCol\",\"https:\/\/www.instagram.com\/fiscaliacol\",\"https:\/\/www.linkedin.com\/company\/fiscalia-general-de-la-naci-n\/\",\"https:\/\/youtube.com\/@fiscaliageneraldelanacion-4668?si=6nN79nyQICPU5iTh\"]},{\"@type\":\"Person\",\"@id\":\"https:\/\/www.fiscalia.gov.co\/colombia\/#\/schema\/person\/bf84402cf293a5393e9c70b111020b24\",\"name\":\"Jordan Leandro Oviedo Anzola\",\"image\":{\"@type\":\"ImageObject\",\"inLanguage\":\"es-CO\",\"@id\":\"https:\/\/www.fiscalia.gov.co\/colombia\/#\/schema\/person\/image\/\",\"url\":\"https:\/\/secure.gravatar.com\/avatar\/dabba4346fa9b9207d96adafa8f92721?s=96&d=mm&r=g\",\"contentUrl\":\"https:\/\/secure.gravatar.com\/avatar\/dabba4346fa9b9207d96adafa8f92721?s=96&d=mm&r=g\",\"caption\":\"Jordan Leandro Oviedo Anzola\"},\"url\":\"https:\/\/www.fiscalia.gov.co\/colombia\/author\/joviedo\/\"}]}<\/script>\n<!-- \/ Yoast SEO plugin. -->","yoast_head_json":{"title":"Fiscal\u00eda General de la Naci\u00f3n","description":"P\u00e1gina oficial de la Fiscal\u00eda General de la Naci\u00f3n \u2013 Colombia. Garantizamos el acceso efectivo a la justicia, la verdad y la reparaci\u00f3n de las v\u00edctimas de los delitos.","robots":{"index":"noindex","follow":"follow"},"og_locale":"es_ES","og_type":"article","og_title":"Fiscal\u00eda General de la Naci\u00f3n","og_description":"P\u00e1gina oficial de la Fiscal\u00eda General de la Naci\u00f3n \u2013 Colombia. Garantizamos el acceso efectivo a la justicia, la verdad y la reparaci\u00f3n de las v\u00edctimas de los delitos.","og_url":"https:\/\/www.fiscalia.gov.co\/colombia\/noticias\/fiscalia-desarticula-los-satelites-red-dedicada-a-hurtar-baterias-de-litio-de-antenas-de-telefonia-celular-en-santander\/","og_site_name":"Fiscal\u00eda General de la Naci\u00f3n","article_publisher":"https:\/\/www.facebook.com\/FiscaliaCol","article_published_time":"2024-10-24T14:27:37+00:00","og_image":[{"url":"https:\/\/www.fiscalia.gov.co\/colombia\/wp-content\/uploads\/PHOTO-2024-10-23-09-51-00-1024x577.jpg","type":"","width":"","height":""}],"author":"Jordan Leandro Oviedo Anzola","twitter_card":"summary_large_image","twitter_creator":"@FiscaliaCol","twitter_site":"@FiscaliaCol","twitter_misc":{"Escrito por":"Jordan Leandro Oviedo Anzola","Tiempo de lectura":"2 minutos"},"schema":{"@context":"https:\/\/schema.org","@graph":[{"@type":"Article","@id":"https:\/\/www.fiscalia.gov.co\/colombia\/noticias\/fiscalia-desarticula-los-satelites-red-dedicada-a-hurtar-baterias-de-litio-de-antenas-de-telefonia-celular-en-santander\/#article","isPartOf":{"@id":"https:\/\/www.fiscalia.gov.co\/colombia\/noticias\/fiscalia-desarticula-los-satelites-red-dedicada-a-hurtar-baterias-de-litio-de-antenas-de-telefonia-celular-en-santander\/"},"author":{"name":"Jordan Leandro Oviedo Anzola","@id":"https:\/\/www.fiscalia.gov.co\/colombia\/#\/schema\/person\/bf84402cf293a5393e9c70b111020b24"},"headline":"Fiscal\u00eda desarticula \u2018Los Sat\u00e9lites\u2019 red dedicada a hurtar bater\u00edas de litio de antenas de telefon\u00eda celular en Santander","datePublished":"2024-10-24T14:27:37+00:00","dateModified":"2024-10-24T14:27:37+00:00","mainEntityOfPage":{"@id":"https:\/\/www.fiscalia.gov.co\/colombia\/noticias\/fiscalia-desarticula-los-satelites-red-dedicada-a-hurtar-baterias-de-litio-de-antenas-de-telefonia-celular-en-santander\/"},"wordCount":439,"publisher":{"@id":"https:\/\/www.fiscalia.gov.co\/colombia\/#organization"},"image":{"@id":"https:\/\/www.fiscalia.gov.co\/colombia\/noticias\/fiscalia-desarticula-los-satelites-red-dedicada-a-hurtar-baterias-de-litio-de-antenas-de-telefonia-celular-en-santander\/#primaryimage"},"thumbnailUrl":"https:\/\/www.fiscalia.gov.co\/colombia\/wp-content\/uploads\/PHOTO-2024-10-23-09-51-00-1024x577.jpg","keywords":["Bucaramanga (Santander)","Fiscal Luz Adriana Camargo","Fiscal\u00eda","Fiscal\u00eda General de la Naci\u00f3n","Hurto","Santander"],"articleSection":["Noticias","Seccional Bucaramanga","Seccionales","Seguridad territorial"],"inLanguage":"es-CO"},{"@type":"WebPage","@id":"https:\/\/www.fiscalia.gov.co\/colombia\/noticias\/fiscalia-desarticula-los-satelites-red-dedicada-a-hurtar-baterias-de-litio-de-antenas-de-telefonia-celular-en-santander\/","url":"https:\/\/www.fiscalia.gov.co\/colombia\/noticias\/fiscalia-desarticula-los-satelites-red-dedicada-a-hurtar-baterias-de-litio-de-antenas-de-telefonia-celular-en-santander\/","name":"Fiscal\u00eda General de la Naci\u00f3n","isPartOf":{"@id":"https:\/\/www.fiscalia.gov.co\/colombia\/#website"},"primaryImageOfPage":{"@id":"https:\/\/www.fiscalia.gov.co\/colombia\/noticias\/fiscalia-desarticula-los-satelites-red-dedicada-a-hurtar-baterias-de-litio-de-antenas-de-telefonia-celular-en-santander\/#primaryimage"},"image":{"@id":"https:\/\/www.fiscalia.gov.co\/colombia\/noticias\/fiscalia-desarticula-los-satelites-red-dedicada-a-hurtar-baterias-de-litio-de-antenas-de-telefonia-celular-en-santander\/#primaryimage"},"thumbnailUrl":"https:\/\/www.fiscalia.gov.co\/colombia\/wp-content\/uploads\/PHOTO-2024-10-23-09-51-00-1024x577.jpg","datePublished":"2024-10-24T14:27:37+00:00","dateModified":"2024-10-24T14:27:37+00:00","description":"P\u00e1gina oficial de la Fiscal\u00eda General de la Naci\u00f3n \u2013 Colombia. Garantizamos el acceso efectivo a la justicia, la verdad y la reparaci\u00f3n de las v\u00edctimas de los delitos.","breadcrumb":{"@id":"https:\/\/www.fiscalia.gov.co\/colombia\/noticias\/fiscalia-desarticula-los-satelites-red-dedicada-a-hurtar-baterias-de-litio-de-antenas-de-telefonia-celular-en-santander\/#breadcrumb"},"inLanguage":"es-CO","potentialAction":[{"@type":"ReadAction","target":["https:\/\/www.fiscalia.gov.co\/colombia\/noticias\/fiscalia-desarticula-los-satelites-red-dedicada-a-hurtar-baterias-de-litio-de-antenas-de-telefonia-celular-en-santander\/"]}]},{"@type":"ImageObject","inLanguage":"es-CO","@id":"https:\/\/www.fiscalia.gov.co\/colombia\/noticias\/fiscalia-desarticula-los-satelites-red-dedicada-a-hurtar-baterias-de-litio-de-antenas-de-telefonia-celular-en-santander\/#primaryimage","url":"https:\/\/www.fiscalia.gov.co\/colombia\/wp-content\/uploads\/PHOTO-2024-10-23-09-51-00.jpg","contentUrl":"https:\/\/www.fiscalia.gov.co\/colombia\/wp-content\/uploads\/PHOTO-2024-10-23-09-51-00.jpg","width":1600,"height":901,"caption":"Siete presuntos integrantes de la banda delincuencial Los Sat\u00e9lites fueron judicializados por los delitos de: concierto para delinquir, hurto calificado y agravado y receptaci\u00f3n."},{"@type":"BreadcrumbList","@id":"https:\/\/www.fiscalia.gov.co\/colombia\/noticias\/fiscalia-desarticula-los-satelites-red-dedicada-a-hurtar-baterias-de-litio-de-antenas-de-telefonia-celular-en-santander\/#breadcrumb","itemListElement":[{"@type":"ListItem","position":1,"name":"Home","item":"https:\/\/www.fiscalia.gov.co\/colombia\/"},{"@type":"ListItem","position":2,"name":"Fiscal\u00eda desarticula \u2018Los Sat\u00e9lites\u2019 red dedicada a hurtar bater\u00edas de litio de antenas de telefon\u00eda celular en Santander"}]},{"@type":"WebSite","@id":"https:\/\/www.fiscalia.gov.co\/colombia\/#website","url":"https:\/\/www.fiscalia.gov.co\/colombia\/","name":"Fiscal\u00eda General de la Naci\u00f3n","description":"P\u00e1gina oficial de la Fiscal\u00eda General de la Naci\u00f3n \u2013 Colombia. Garantizamos el acceso efectivo a la justicia, la verdad y la reparaci\u00f3n de las v\u00edctimas de los delitos.","publisher":{"@id":"https:\/\/www.fiscalia.gov.co\/colombia\/#organization"},"potentialAction":[{"@type":"SearchAction","target":{"@type":"EntryPoint","urlTemplate":"https:\/\/www.fiscalia.gov.co\/colombia\/?s={search_term_string}"},"query-input":{"@type":"PropertyValueSpecification","valueRequired":true,"valueName":"search_term_string"}}],"inLanguage":"es-CO"},{"@type":"Organization","@id":"https:\/\/www.fiscalia.gov.co\/colombia\/#organization","name":"Fiscal\u00eda General de la Naci\u00f3n","url":"https:\/\/www.fiscalia.gov.co\/colombia\/","logo":{"@type":"ImageObject","inLanguage":"es-CO","@id":"https:\/\/www.fiscalia.gov.co\/colombia\/#\/schema\/logo\/image\/","url":"https:\/\/www.fiscalia.gov.co\/colombia\/wp-content\/uploads\/LogoHorizontal_1.jpg","contentUrl":"https:\/\/www.fiscalia.gov.co\/colombia\/wp-content\/uploads\/LogoHorizontal_1.jpg","width":300,"height":90,"caption":"Fiscal\u00eda General de la Naci\u00f3n"},"image":{"@id":"https:\/\/www.fiscalia.gov.co\/colombia\/#\/schema\/logo\/image\/"},"sameAs":["https:\/\/www.facebook.com\/FiscaliaCol","https:\/\/x.com\/FiscaliaCol","https:\/\/www.instagram.com\/fiscaliacol","https:\/\/www.linkedin.com\/company\/fiscalia-general-de-la-naci-n\/","https:\/\/youtube.com\/@fiscaliageneraldelanacion-4668?si=6nN79nyQICPU5iTh"]},{"@type":"Person","@id":"https:\/\/www.fiscalia.gov.co\/colombia\/#\/schema\/person\/bf84402cf293a5393e9c70b111020b24","name":"Jordan Leandro Oviedo Anzola","image":{"@type":"ImageObject","inLanguage":"es-CO","@id":"https:\/\/www.fiscalia.gov.co\/colombia\/#\/schema\/person\/image\/","url":"https:\/\/secure.gravatar.com\/avatar\/dabba4346fa9b9207d96adafa8f92721?s=96&d=mm&r=g","contentUrl":"https:\/\/secure.gravatar.com\/avatar\/dabba4346fa9b9207d96adafa8f92721?s=96&d=mm&r=g","caption":"Jordan Leandro Oviedo Anzola"},"url":"https:\/\/www.fiscalia.gov.co\/colombia\/author\/joviedo\/"}]}},"_links":{"self":[{"href":"https:\/\/www.fiscalia.gov.co\/colombia\/wp-json\/wp\/v2\/posts\/304040","targetHints":{"allow":["GET"]}}],"collection":[{"href":"https:\/\/www.fiscalia.gov.co\/colombia\/wp-json\/wp\/v2\/posts"}],"about":[{"href":"https:\/\/www.fiscalia.gov.co\/colombia\/wp-json\/wp\/v2\/types\/post"}],"author":[{"embeddable":true,"href":"https:\/\/www.fiscalia.gov.co\/colombia\/wp-json\/wp\/v2\/users\/177"}],"replies":[{"embeddable":true,"href":"https:\/\/www.fiscalia.gov.co\/colombia\/wp-json\/wp\/v2\/comments?post=304040"}],"version-history":[{"count":1,"href":"https:\/\/www.fiscalia.gov.co\/colombia\/wp-json\/wp\/v2\/posts\/304040\/revisions"}],"predecessor-version":[{"id":304042,"href":"https:\/\/www.fiscalia.gov.co\/colombia\/wp-json\/wp\/v2\/posts\/304040\/revisions\/304042"}],"wp:attachment":[{"href":"https:\/\/www.fiscalia.gov.co\/colombia\/wp-json\/wp\/v2\/media?parent=304040"}],"wp:term":[{"taxonomy":"category","embeddable":true,"href":"https:\/\/www.fiscalia.gov.co\/colombia\/wp-json\/wp\/v2\/categories?post=304040"},{"taxonomy":"post_tag","embeddable":true,"href":"https:\/\/www.fiscalia.gov.co\/colombia\/wp-json\/wp\/v2\/tags?post=304040"}],"curies":[{"name":"wp","href":"https:\/\/api.w.org\/{rel}","templated":true}]}}