{"id":304002,"date":"2024-10-23T11:06:29","date_gmt":"2024-10-23T16:06:29","guid":{"rendered":"https:\/\/www.fiscalia.gov.co\/colombia\/?p=304002"},"modified":"2024-10-23T11:06:29","modified_gmt":"2024-10-23T16:06:29","slug":"desarticulado-los-sekhmet-red-ilegal-dedicada-al-trafico-de-estupefacientes-en-barbosa-santander","status":"publish","type":"post","link":"https:\/\/www.fiscalia.gov.co\/colombia\/noticias\/desarticulado-los-sekhmet-red-ilegal-dedicada-al-trafico-de-estupefacientes-en-barbosa-santander\/","title":{"rendered":"Desarticulado \u2018Los Sekhmet\u2019 red ilegal dedicada al tr\u00e1fico de estupefacientes en Barbosa, Santander"},"content":{"rendered":"<p><span lang=\"ES\">Ante un juez con funci\u00f3n de control de garant\u00edas de Barbosa (Santander), la Fiscal\u00eda General de la Naci\u00f3n imput\u00f3 los delitos de tr\u00e1fico, fabricaci\u00f3n o <strong>porte de estupefacientes a 13 presuntos integrantes<a href=\"https:\/\/www.fiscalia.gov.co\/colombia\/noticias\/con-tres-capturas-fue-impactado-el-grupo-delincuencial-cancerbero-red-dedicada-al-trafico-de-estupefacientes\/\"> del grupo delincuencial Los Sekhmet.<\/a><\/strong><\/span><\/p>\n<figure id=\"attachment_304003\" aria-describedby=\"caption-attachment-304003\" style=\"width: 696px\" class=\"wp-caption aligncenter\"><img loading=\"lazy\" decoding=\"async\" class=\"size-large wp-image-304003\" src=\"https:\/\/www.fiscalia.gov.co\/colombia\/wp-content\/uploads\/LOS-SEKHMET-1024x741.jpg\" alt=\"en la imagene se ve a los 12 detenidos de espaldas custodiados por agentes del CTI y la policia, detras de ellos hay un baking de la fiscalia y la policia \" width=\"696\" height=\"504\" srcset=\"https:\/\/www.fiscalia.gov.co\/colombia\/wp-content\/uploads\/LOS-SEKHMET-1024x741.jpg 1024w, https:\/\/www.fiscalia.gov.co\/colombia\/wp-content\/uploads\/LOS-SEKHMET-300x217.jpg 300w, https:\/\/www.fiscalia.gov.co\/colombia\/wp-content\/uploads\/LOS-SEKHMET-768x556.jpg 768w, https:\/\/www.fiscalia.gov.co\/colombia\/wp-content\/uploads\/LOS-SEKHMET-1536x1112.jpg 1536w, https:\/\/www.fiscalia.gov.co\/colombia\/wp-content\/uploads\/LOS-SEKHMET-580x420.jpg 580w, https:\/\/www.fiscalia.gov.co\/colombia\/wp-content\/uploads\/LOS-SEKHMET-696x504.jpg 696w, https:\/\/www.fiscalia.gov.co\/colombia\/wp-content\/uploads\/LOS-SEKHMET-1068x773.jpg 1068w, https:\/\/www.fiscalia.gov.co\/colombia\/wp-content\/uploads\/LOS-SEKHMET-324x235.jpg 324w, https:\/\/www.fiscalia.gov.co\/colombia\/wp-content\/uploads\/LOS-SEKHMET.jpg 1600w\" sizes=\"auto, (max-width: 696px) 100vw, 696px\" \/><figcaption id=\"caption-attachment-304003\" class=\"wp-caption-text\">En operativo conjunto entre la Fiscal\u00eda, Polic\u00eda y Ej\u00e9rcito Nacional se realizaron seis allanamientos y las 13 capturas de presuntos miembros del grupo delincuencial Sekhmet.<\/figcaption><\/figure>\n<p><span lang=\"ES\">La investigaci\u00f3n evidenci\u00f3 que esta red criminal se dedicaba a<strong> traficar estupefacientes en los barrios Villa Paz, Centro, Marsella, San Marcos en Barbosa;<\/strong> adem\u00e1s de hacerlo en entornos educativos, deportivos y la terminal de transportes.<\/span><\/p>\n<p><span lang=\"ES\">Seis diligencias de allanamiento y registro adelantadas por servidores del Cuerpo T\u00e9cnico de Investigaci\u00f3n, <strong>CTI, de la Polic\u00eda y el Ej\u00e9rcito Nacional en dicho municipio permitieron la incautaci\u00f3n de estupefacientes,<\/strong> tel\u00e9fonos celulares y elementos para la dosificaci\u00f3n de sustancias il\u00edcitas.<\/span><\/p>\n<p>Los procesados son: Pedro Eduardo Parra Malag\u00f3n, Yordi Joset Ar\u00e9valo P\u00e1ez, Marlon Andr\u00e9s Naranjo Tapias, Transito Marcela Mart\u00ednez Mojica, Nilson Humberto Rodr\u00edguez Ariza, Luis Eduardo Jim\u00e9nez Ortiz, Andr\u00e9s Juli\u00e1n \u00c1vila Pe\u00f1a, Fredy Alejandro Rodr\u00edguez Rivera, Juan Carlos Moncada P\u00e9rez, Eduard Orlando Fuentes Alvarado, Escarly Dayana Ram\u00edrez Alvarado, Enderson Rafael Fuentes de la Cruz y Cristian Alexis Bare\u00f1o Duran.<\/p>\n<p>Ninguno acept\u00f3 los cargos imputados por la Fiscal\u00eda y fueron cobijados con medida de aseguramiento que deber\u00e1n cumplir en centro carcelario.<\/p>\n<p>&nbsp;<\/p>\n<p>&nbsp;<\/p>\n<p>&nbsp;<\/p>\n<p>&nbsp;<\/p>\n<p>DRA\/LMFO\/MAGA\/MP\/DSS<\/p>\n<p>&nbsp;<\/p>\n<p>&nbsp;<\/p>\n<p>&nbsp;<\/p>\n<p>&nbsp;<\/p>\n<p><em>La informaci\u00f3n contenida en este bolet\u00edn de prensa corresponde a la narraci\u00f3n de los hechos noticiosos objetivos, y las investigaciones penales al interior de la Fiscal\u00eda General de la Naci\u00f3n. Para el momento de la divulgaci\u00f3n de este comunicado, la situaci\u00f3n jur\u00eddica de la(s) persona(s) relacionada(s) se encuentra pendiente de resolver por la autoridad judicial competente, siempre bajo los preceptos de la presunci\u00f3n de inocencia, consagrados en el art\u00edculo 29 de la Constituci\u00f3n Pol\u00edtica y el art\u00edculo 7\u00ba de la Ley 906 de 2004.<\/em><\/p>\n\n<div class=\"twitter-share\"><a href=\"https:\/\/twitter.com\/intent\/tweet?via=fiscaliacol\" class=\"twitter-share-button\">Tweet<\/a><\/div>\n","protected":false},"excerpt":{"rendered":"<p>Ante un juez con funci\u00f3n de control de garant\u00edas de Barbosa (Santander), la Fiscal\u00eda General de la Naci\u00f3n imput\u00f3 los delitos de tr\u00e1fico, fabricaci\u00f3n o porte de estupefacientes a 13 presuntos integrantes del grupo delincuencial Los Sekhmet. La investigaci\u00f3n evidenci\u00f3 que esta red criminal se dedicaba a traficar estupefacientes en los barrios Villa Paz, Centro, [&hellip;]<\/p>\n","protected":false},"author":177,"featured_media":0,"comment_status":"closed","ping_status":"open","sticky":false,"template":"","format":"standard","meta":{"tdm_status":"","tdm_grid_status":"","footnotes":""},"categories":[1,322,303,24103],"tags":[32400,50,37492,4614,1047,1561],"class_list":{"0":"post-304002","1":"post","2":"type-post","3":"status-publish","4":"format-standard","6":"category-noticias","7":"category-seccional-bucaramanga","8":"category-seccionales","9":"category-trafico-de-estupefacientes","10":"tag-barbosa-santander","11":"tag-estupefacientes","12":"tag-fiscal-luz-adriana-camargo","13":"tag-fiscalia-2","14":"tag-fiscalia-general-de-la-nacion","15":"tag-santander"},"yoast_head":"<!-- This site is optimized with the Yoast SEO plugin v24.3 - https:\/\/yoast.com\/wordpress\/plugins\/seo\/ -->\n<title>Fiscal\u00eda General de la Naci\u00f3n<\/title>\n<meta name=\"description\" content=\"P\u00e1gina oficial de la Fiscal\u00eda General de la Naci\u00f3n \u2013 Colombia. Garantizamos el acceso efectivo a la justicia, la verdad y la reparaci\u00f3n de las v\u00edctimas de los delitos.\" \/>\n<meta name=\"robots\" content=\"noindex, follow\" \/>\n<meta property=\"og:locale\" content=\"es_ES\" \/>\n<meta property=\"og:type\" content=\"article\" \/>\n<meta property=\"og:title\" content=\"Fiscal\u00eda General de la Naci\u00f3n\" \/>\n<meta property=\"og:description\" content=\"P\u00e1gina oficial de la Fiscal\u00eda General de la Naci\u00f3n \u2013 Colombia. Garantizamos el acceso efectivo a la justicia, la verdad y la reparaci\u00f3n de las v\u00edctimas de los delitos.\" \/>\n<meta property=\"og:url\" content=\"https:\/\/www.fiscalia.gov.co\/colombia\/noticias\/desarticulado-los-sekhmet-red-ilegal-dedicada-al-trafico-de-estupefacientes-en-barbosa-santander\/\" \/>\n<meta property=\"og:site_name\" content=\"Fiscal\u00eda General de la Naci\u00f3n\" \/>\n<meta property=\"article:publisher\" content=\"https:\/\/www.facebook.com\/FiscaliaCol\" \/>\n<meta property=\"article:published_time\" content=\"2024-10-23T16:06:29+00:00\" \/>\n<meta property=\"og:image\" content=\"https:\/\/www.fiscalia.gov.co\/colombia\/wp-content\/uploads\/LOS-SEKHMET-1024x741.jpg\" \/>\n<meta name=\"author\" content=\"Jordan Leandro Oviedo Anzola\" \/>\n<meta name=\"twitter:card\" content=\"summary_large_image\" \/>\n<meta name=\"twitter:creator\" content=\"@FiscaliaCol\" \/>\n<meta name=\"twitter:site\" content=\"@FiscaliaCol\" \/>\n<meta name=\"twitter:label1\" content=\"Escrito por\" \/>\n\t<meta name=\"twitter:data1\" content=\"Jordan Leandro Oviedo Anzola\" \/>\n\t<meta name=\"twitter:label2\" content=\"Tiempo de lectura\" \/>\n\t<meta name=\"twitter:data2\" content=\"2 minutos\" \/>\n<script type=\"application\/ld+json\" class=\"yoast-schema-graph\">{\"@context\":\"https:\/\/schema.org\",\"@graph\":[{\"@type\":\"Article\",\"@id\":\"https:\/\/www.fiscalia.gov.co\/colombia\/noticias\/desarticulado-los-sekhmet-red-ilegal-dedicada-al-trafico-de-estupefacientes-en-barbosa-santander\/#article\",\"isPartOf\":{\"@id\":\"https:\/\/www.fiscalia.gov.co\/colombia\/noticias\/desarticulado-los-sekhmet-red-ilegal-dedicada-al-trafico-de-estupefacientes-en-barbosa-santander\/\"},\"author\":{\"name\":\"Jordan Leandro Oviedo Anzola\",\"@id\":\"https:\/\/www.fiscalia.gov.co\/colombia\/#\/schema\/person\/bf84402cf293a5393e9c70b111020b24\"},\"headline\":\"Desarticulado \u2018Los Sekhmet\u2019 red ilegal dedicada al tr\u00e1fico de estupefacientes en Barbosa, Santander\",\"datePublished\":\"2024-10-23T16:06:29+00:00\",\"dateModified\":\"2024-10-23T16:06:29+00:00\",\"mainEntityOfPage\":{\"@id\":\"https:\/\/www.fiscalia.gov.co\/colombia\/noticias\/desarticulado-los-sekhmet-red-ilegal-dedicada-al-trafico-de-estupefacientes-en-barbosa-santander\/\"},\"wordCount\":379,\"publisher\":{\"@id\":\"https:\/\/www.fiscalia.gov.co\/colombia\/#organization\"},\"image\":{\"@id\":\"https:\/\/www.fiscalia.gov.co\/colombia\/noticias\/desarticulado-los-sekhmet-red-ilegal-dedicada-al-trafico-de-estupefacientes-en-barbosa-santander\/#primaryimage\"},\"thumbnailUrl\":\"https:\/\/www.fiscalia.gov.co\/colombia\/wp-content\/uploads\/LOS-SEKHMET-1024x741.jpg\",\"keywords\":[\"Barbosa (Santander)\",\"Estupefacientes\",\"Fiscal Luz Adriana Camargo\",\"Fiscal\u00eda\",\"Fiscal\u00eda General de la Naci\u00f3n\",\"Santander\"],\"articleSection\":[\"Noticias\",\"Seccional Bucaramanga\",\"Seccionales\",\"Tr\u00e1fico de estupefacientes\"],\"inLanguage\":\"es-CO\"},{\"@type\":\"WebPage\",\"@id\":\"https:\/\/www.fiscalia.gov.co\/colombia\/noticias\/desarticulado-los-sekhmet-red-ilegal-dedicada-al-trafico-de-estupefacientes-en-barbosa-santander\/\",\"url\":\"https:\/\/www.fiscalia.gov.co\/colombia\/noticias\/desarticulado-los-sekhmet-red-ilegal-dedicada-al-trafico-de-estupefacientes-en-barbosa-santander\/\",\"name\":\"Fiscal\u00eda General de la Naci\u00f3n\",\"isPartOf\":{\"@id\":\"https:\/\/www.fiscalia.gov.co\/colombia\/#website\"},\"primaryImageOfPage\":{\"@id\":\"https:\/\/www.fiscalia.gov.co\/colombia\/noticias\/desarticulado-los-sekhmet-red-ilegal-dedicada-al-trafico-de-estupefacientes-en-barbosa-santander\/#primaryimage\"},\"image\":{\"@id\":\"https:\/\/www.fiscalia.gov.co\/colombia\/noticias\/desarticulado-los-sekhmet-red-ilegal-dedicada-al-trafico-de-estupefacientes-en-barbosa-santander\/#primaryimage\"},\"thumbnailUrl\":\"https:\/\/www.fiscalia.gov.co\/colombia\/wp-content\/uploads\/LOS-SEKHMET-1024x741.jpg\",\"datePublished\":\"2024-10-23T16:06:29+00:00\",\"dateModified\":\"2024-10-23T16:06:29+00:00\",\"description\":\"P\u00e1gina oficial de la Fiscal\u00eda General de la Naci\u00f3n \u2013 Colombia. Garantizamos el acceso efectivo a la justicia, la verdad y la reparaci\u00f3n de las v\u00edctimas de los delitos.\",\"breadcrumb\":{\"@id\":\"https:\/\/www.fiscalia.gov.co\/colombia\/noticias\/desarticulado-los-sekhmet-red-ilegal-dedicada-al-trafico-de-estupefacientes-en-barbosa-santander\/#breadcrumb\"},\"inLanguage\":\"es-CO\",\"potentialAction\":[{\"@type\":\"ReadAction\",\"target\":[\"https:\/\/www.fiscalia.gov.co\/colombia\/noticias\/desarticulado-los-sekhmet-red-ilegal-dedicada-al-trafico-de-estupefacientes-en-barbosa-santander\/\"]}]},{\"@type\":\"ImageObject\",\"inLanguage\":\"es-CO\",\"@id\":\"https:\/\/www.fiscalia.gov.co\/colombia\/noticias\/desarticulado-los-sekhmet-red-ilegal-dedicada-al-trafico-de-estupefacientes-en-barbosa-santander\/#primaryimage\",\"url\":\"https:\/\/www.fiscalia.gov.co\/colombia\/wp-content\/uploads\/LOS-SEKHMET.jpg\",\"contentUrl\":\"https:\/\/www.fiscalia.gov.co\/colombia\/wp-content\/uploads\/LOS-SEKHMET.jpg\",\"width\":1600,\"height\":1158,\"caption\":\"En operativo conjunto entre la Fiscal\u00eda, Polic\u00eda y Ej\u00e9rcito Nacional se realizaron seis allanamientos y las 13 capturas de presuntos miembros del grupo delincuencial Sekhmet.\"},{\"@type\":\"BreadcrumbList\",\"@id\":\"https:\/\/www.fiscalia.gov.co\/colombia\/noticias\/desarticulado-los-sekhmet-red-ilegal-dedicada-al-trafico-de-estupefacientes-en-barbosa-santander\/#breadcrumb\",\"itemListElement\":[{\"@type\":\"ListItem\",\"position\":1,\"name\":\"Home\",\"item\":\"https:\/\/www.fiscalia.gov.co\/colombia\/\"},{\"@type\":\"ListItem\",\"position\":2,\"name\":\"Desarticulado \u2018Los Sekhmet\u2019 red ilegal dedicada al tr\u00e1fico de estupefacientes en Barbosa, Santander\"}]},{\"@type\":\"WebSite\",\"@id\":\"https:\/\/www.fiscalia.gov.co\/colombia\/#website\",\"url\":\"https:\/\/www.fiscalia.gov.co\/colombia\/\",\"name\":\"Fiscal\u00eda General de la Naci\u00f3n\",\"description\":\"P\u00e1gina oficial de la Fiscal\u00eda General de la Naci\u00f3n \u2013 Colombia. Garantizamos el acceso efectivo a la justicia, la verdad y la reparaci\u00f3n de las v\u00edctimas de los delitos.\",\"publisher\":{\"@id\":\"https:\/\/www.fiscalia.gov.co\/colombia\/#organization\"},\"potentialAction\":[{\"@type\":\"SearchAction\",\"target\":{\"@type\":\"EntryPoint\",\"urlTemplate\":\"https:\/\/www.fiscalia.gov.co\/colombia\/?s={search_term_string}\"},\"query-input\":{\"@type\":\"PropertyValueSpecification\",\"valueRequired\":true,\"valueName\":\"search_term_string\"}}],\"inLanguage\":\"es-CO\"},{\"@type\":\"Organization\",\"@id\":\"https:\/\/www.fiscalia.gov.co\/colombia\/#organization\",\"name\":\"Fiscal\u00eda General de la Naci\u00f3n\",\"url\":\"https:\/\/www.fiscalia.gov.co\/colombia\/\",\"logo\":{\"@type\":\"ImageObject\",\"inLanguage\":\"es-CO\",\"@id\":\"https:\/\/www.fiscalia.gov.co\/colombia\/#\/schema\/logo\/image\/\",\"url\":\"https:\/\/www.fiscalia.gov.co\/colombia\/wp-content\/uploads\/LogoHorizontal_1.jpg\",\"contentUrl\":\"https:\/\/www.fiscalia.gov.co\/colombia\/wp-content\/uploads\/LogoHorizontal_1.jpg\",\"width\":300,\"height\":90,\"caption\":\"Fiscal\u00eda General de la Naci\u00f3n\"},\"image\":{\"@id\":\"https:\/\/www.fiscalia.gov.co\/colombia\/#\/schema\/logo\/image\/\"},\"sameAs\":[\"https:\/\/www.facebook.com\/FiscaliaCol\",\"https:\/\/x.com\/FiscaliaCol\",\"https:\/\/www.instagram.com\/fiscaliacol\",\"https:\/\/www.linkedin.com\/company\/fiscalia-general-de-la-naci-n\/\",\"https:\/\/youtube.com\/@fiscaliageneraldelanacion-4668?si=6nN79nyQICPU5iTh\"]},{\"@type\":\"Person\",\"@id\":\"https:\/\/www.fiscalia.gov.co\/colombia\/#\/schema\/person\/bf84402cf293a5393e9c70b111020b24\",\"name\":\"Jordan Leandro Oviedo Anzola\",\"image\":{\"@type\":\"ImageObject\",\"inLanguage\":\"es-CO\",\"@id\":\"https:\/\/www.fiscalia.gov.co\/colombia\/#\/schema\/person\/image\/\",\"url\":\"https:\/\/secure.gravatar.com\/avatar\/dabba4346fa9b9207d96adafa8f92721?s=96&d=mm&r=g\",\"contentUrl\":\"https:\/\/secure.gravatar.com\/avatar\/dabba4346fa9b9207d96adafa8f92721?s=96&d=mm&r=g\",\"caption\":\"Jordan Leandro Oviedo Anzola\"},\"url\":\"https:\/\/www.fiscalia.gov.co\/colombia\/author\/joviedo\/\"}]}<\/script>\n<!-- \/ Yoast SEO plugin. -->","yoast_head_json":{"title":"Fiscal\u00eda General de la Naci\u00f3n","description":"P\u00e1gina oficial de la Fiscal\u00eda General de la Naci\u00f3n \u2013 Colombia. Garantizamos el acceso efectivo a la justicia, la verdad y la reparaci\u00f3n de las v\u00edctimas de los delitos.","robots":{"index":"noindex","follow":"follow"},"og_locale":"es_ES","og_type":"article","og_title":"Fiscal\u00eda General de la Naci\u00f3n","og_description":"P\u00e1gina oficial de la Fiscal\u00eda General de la Naci\u00f3n \u2013 Colombia. Garantizamos el acceso efectivo a la justicia, la verdad y la reparaci\u00f3n de las v\u00edctimas de los delitos.","og_url":"https:\/\/www.fiscalia.gov.co\/colombia\/noticias\/desarticulado-los-sekhmet-red-ilegal-dedicada-al-trafico-de-estupefacientes-en-barbosa-santander\/","og_site_name":"Fiscal\u00eda General de la Naci\u00f3n","article_publisher":"https:\/\/www.facebook.com\/FiscaliaCol","article_published_time":"2024-10-23T16:06:29+00:00","og_image":[{"url":"https:\/\/www.fiscalia.gov.co\/colombia\/wp-content\/uploads\/LOS-SEKHMET-1024x741.jpg","type":"","width":"","height":""}],"author":"Jordan Leandro Oviedo Anzola","twitter_card":"summary_large_image","twitter_creator":"@FiscaliaCol","twitter_site":"@FiscaliaCol","twitter_misc":{"Escrito por":"Jordan Leandro Oviedo Anzola","Tiempo de lectura":"2 minutos"},"schema":{"@context":"https:\/\/schema.org","@graph":[{"@type":"Article","@id":"https:\/\/www.fiscalia.gov.co\/colombia\/noticias\/desarticulado-los-sekhmet-red-ilegal-dedicada-al-trafico-de-estupefacientes-en-barbosa-santander\/#article","isPartOf":{"@id":"https:\/\/www.fiscalia.gov.co\/colombia\/noticias\/desarticulado-los-sekhmet-red-ilegal-dedicada-al-trafico-de-estupefacientes-en-barbosa-santander\/"},"author":{"name":"Jordan Leandro Oviedo Anzola","@id":"https:\/\/www.fiscalia.gov.co\/colombia\/#\/schema\/person\/bf84402cf293a5393e9c70b111020b24"},"headline":"Desarticulado \u2018Los Sekhmet\u2019 red ilegal dedicada al tr\u00e1fico de estupefacientes en Barbosa, Santander","datePublished":"2024-10-23T16:06:29+00:00","dateModified":"2024-10-23T16:06:29+00:00","mainEntityOfPage":{"@id":"https:\/\/www.fiscalia.gov.co\/colombia\/noticias\/desarticulado-los-sekhmet-red-ilegal-dedicada-al-trafico-de-estupefacientes-en-barbosa-santander\/"},"wordCount":379,"publisher":{"@id":"https:\/\/www.fiscalia.gov.co\/colombia\/#organization"},"image":{"@id":"https:\/\/www.fiscalia.gov.co\/colombia\/noticias\/desarticulado-los-sekhmet-red-ilegal-dedicada-al-trafico-de-estupefacientes-en-barbosa-santander\/#primaryimage"},"thumbnailUrl":"https:\/\/www.fiscalia.gov.co\/colombia\/wp-content\/uploads\/LOS-SEKHMET-1024x741.jpg","keywords":["Barbosa (Santander)","Estupefacientes","Fiscal Luz Adriana Camargo","Fiscal\u00eda","Fiscal\u00eda General de la Naci\u00f3n","Santander"],"articleSection":["Noticias","Seccional Bucaramanga","Seccionales","Tr\u00e1fico de estupefacientes"],"inLanguage":"es-CO"},{"@type":"WebPage","@id":"https:\/\/www.fiscalia.gov.co\/colombia\/noticias\/desarticulado-los-sekhmet-red-ilegal-dedicada-al-trafico-de-estupefacientes-en-barbosa-santander\/","url":"https:\/\/www.fiscalia.gov.co\/colombia\/noticias\/desarticulado-los-sekhmet-red-ilegal-dedicada-al-trafico-de-estupefacientes-en-barbosa-santander\/","name":"Fiscal\u00eda General de la Naci\u00f3n","isPartOf":{"@id":"https:\/\/www.fiscalia.gov.co\/colombia\/#website"},"primaryImageOfPage":{"@id":"https:\/\/www.fiscalia.gov.co\/colombia\/noticias\/desarticulado-los-sekhmet-red-ilegal-dedicada-al-trafico-de-estupefacientes-en-barbosa-santander\/#primaryimage"},"image":{"@id":"https:\/\/www.fiscalia.gov.co\/colombia\/noticias\/desarticulado-los-sekhmet-red-ilegal-dedicada-al-trafico-de-estupefacientes-en-barbosa-santander\/#primaryimage"},"thumbnailUrl":"https:\/\/www.fiscalia.gov.co\/colombia\/wp-content\/uploads\/LOS-SEKHMET-1024x741.jpg","datePublished":"2024-10-23T16:06:29+00:00","dateModified":"2024-10-23T16:06:29+00:00","description":"P\u00e1gina oficial de la Fiscal\u00eda General de la Naci\u00f3n \u2013 Colombia. Garantizamos el acceso efectivo a la justicia, la verdad y la reparaci\u00f3n de las v\u00edctimas de los delitos.","breadcrumb":{"@id":"https:\/\/www.fiscalia.gov.co\/colombia\/noticias\/desarticulado-los-sekhmet-red-ilegal-dedicada-al-trafico-de-estupefacientes-en-barbosa-santander\/#breadcrumb"},"inLanguage":"es-CO","potentialAction":[{"@type":"ReadAction","target":["https:\/\/www.fiscalia.gov.co\/colombia\/noticias\/desarticulado-los-sekhmet-red-ilegal-dedicada-al-trafico-de-estupefacientes-en-barbosa-santander\/"]}]},{"@type":"ImageObject","inLanguage":"es-CO","@id":"https:\/\/www.fiscalia.gov.co\/colombia\/noticias\/desarticulado-los-sekhmet-red-ilegal-dedicada-al-trafico-de-estupefacientes-en-barbosa-santander\/#primaryimage","url":"https:\/\/www.fiscalia.gov.co\/colombia\/wp-content\/uploads\/LOS-SEKHMET.jpg","contentUrl":"https:\/\/www.fiscalia.gov.co\/colombia\/wp-content\/uploads\/LOS-SEKHMET.jpg","width":1600,"height":1158,"caption":"En operativo conjunto entre la Fiscal\u00eda, Polic\u00eda y Ej\u00e9rcito Nacional se realizaron seis allanamientos y las 13 capturas de presuntos miembros del grupo delincuencial Sekhmet."},{"@type":"BreadcrumbList","@id":"https:\/\/www.fiscalia.gov.co\/colombia\/noticias\/desarticulado-los-sekhmet-red-ilegal-dedicada-al-trafico-de-estupefacientes-en-barbosa-santander\/#breadcrumb","itemListElement":[{"@type":"ListItem","position":1,"name":"Home","item":"https:\/\/www.fiscalia.gov.co\/colombia\/"},{"@type":"ListItem","position":2,"name":"Desarticulado \u2018Los Sekhmet\u2019 red ilegal dedicada al tr\u00e1fico de estupefacientes en Barbosa, Santander"}]},{"@type":"WebSite","@id":"https:\/\/www.fiscalia.gov.co\/colombia\/#website","url":"https:\/\/www.fiscalia.gov.co\/colombia\/","name":"Fiscal\u00eda General de la Naci\u00f3n","description":"P\u00e1gina oficial de la Fiscal\u00eda General de la Naci\u00f3n \u2013 Colombia. Garantizamos el acceso efectivo a la justicia, la verdad y la reparaci\u00f3n de las v\u00edctimas de los delitos.","publisher":{"@id":"https:\/\/www.fiscalia.gov.co\/colombia\/#organization"},"potentialAction":[{"@type":"SearchAction","target":{"@type":"EntryPoint","urlTemplate":"https:\/\/www.fiscalia.gov.co\/colombia\/?s={search_term_string}"},"query-input":{"@type":"PropertyValueSpecification","valueRequired":true,"valueName":"search_term_string"}}],"inLanguage":"es-CO"},{"@type":"Organization","@id":"https:\/\/www.fiscalia.gov.co\/colombia\/#organization","name":"Fiscal\u00eda General de la Naci\u00f3n","url":"https:\/\/www.fiscalia.gov.co\/colombia\/","logo":{"@type":"ImageObject","inLanguage":"es-CO","@id":"https:\/\/www.fiscalia.gov.co\/colombia\/#\/schema\/logo\/image\/","url":"https:\/\/www.fiscalia.gov.co\/colombia\/wp-content\/uploads\/LogoHorizontal_1.jpg","contentUrl":"https:\/\/www.fiscalia.gov.co\/colombia\/wp-content\/uploads\/LogoHorizontal_1.jpg","width":300,"height":90,"caption":"Fiscal\u00eda General de la Naci\u00f3n"},"image":{"@id":"https:\/\/www.fiscalia.gov.co\/colombia\/#\/schema\/logo\/image\/"},"sameAs":["https:\/\/www.facebook.com\/FiscaliaCol","https:\/\/x.com\/FiscaliaCol","https:\/\/www.instagram.com\/fiscaliacol","https:\/\/www.linkedin.com\/company\/fiscalia-general-de-la-naci-n\/","https:\/\/youtube.com\/@fiscaliageneraldelanacion-4668?si=6nN79nyQICPU5iTh"]},{"@type":"Person","@id":"https:\/\/www.fiscalia.gov.co\/colombia\/#\/schema\/person\/bf84402cf293a5393e9c70b111020b24","name":"Jordan Leandro Oviedo Anzola","image":{"@type":"ImageObject","inLanguage":"es-CO","@id":"https:\/\/www.fiscalia.gov.co\/colombia\/#\/schema\/person\/image\/","url":"https:\/\/secure.gravatar.com\/avatar\/dabba4346fa9b9207d96adafa8f92721?s=96&d=mm&r=g","contentUrl":"https:\/\/secure.gravatar.com\/avatar\/dabba4346fa9b9207d96adafa8f92721?s=96&d=mm&r=g","caption":"Jordan Leandro Oviedo Anzola"},"url":"https:\/\/www.fiscalia.gov.co\/colombia\/author\/joviedo\/"}]}},"_links":{"self":[{"href":"https:\/\/www.fiscalia.gov.co\/colombia\/wp-json\/wp\/v2\/posts\/304002","targetHints":{"allow":["GET"]}}],"collection":[{"href":"https:\/\/www.fiscalia.gov.co\/colombia\/wp-json\/wp\/v2\/posts"}],"about":[{"href":"https:\/\/www.fiscalia.gov.co\/colombia\/wp-json\/wp\/v2\/types\/post"}],"author":[{"embeddable":true,"href":"https:\/\/www.fiscalia.gov.co\/colombia\/wp-json\/wp\/v2\/users\/177"}],"replies":[{"embeddable":true,"href":"https:\/\/www.fiscalia.gov.co\/colombia\/wp-json\/wp\/v2\/comments?post=304002"}],"version-history":[{"count":1,"href":"https:\/\/www.fiscalia.gov.co\/colombia\/wp-json\/wp\/v2\/posts\/304002\/revisions"}],"predecessor-version":[{"id":304004,"href":"https:\/\/www.fiscalia.gov.co\/colombia\/wp-json\/wp\/v2\/posts\/304002\/revisions\/304004"}],"wp:attachment":[{"href":"https:\/\/www.fiscalia.gov.co\/colombia\/wp-json\/wp\/v2\/media?parent=304002"}],"wp:term":[{"taxonomy":"category","embeddable":true,"href":"https:\/\/www.fiscalia.gov.co\/colombia\/wp-json\/wp\/v2\/categories?post=304002"},{"taxonomy":"post_tag","embeddable":true,"href":"https:\/\/www.fiscalia.gov.co\/colombia\/wp-json\/wp\/v2\/tags?post=304002"}],"curies":[{"name":"wp","href":"https:\/\/api.w.org\/{rel}","templated":true}]}}