{"id":303873,"date":"2024-10-21T14:40:14","date_gmt":"2024-10-21T19:40:14","guid":{"rendered":"https:\/\/www.fiscalia.gov.co\/colombia\/?p=303873"},"modified":"2024-10-21T14:41:18","modified_gmt":"2024-10-21T19:41:18","slug":"en-quibdo-fue-enviado-a-la-carcel-un-hombre-que-habria-abusado-sexualmente-de-su-hijastra-de-13-anos","status":"publish","type":"post","link":"https:\/\/www.fiscalia.gov.co\/colombia\/noticias\/en-quibdo-fue-enviado-a-la-carcel-un-hombre-que-habria-abusado-sexualmente-de-su-hijastra-de-13-anos\/","title":{"rendered":"En Quibd\u00f3 fue enviado a la c\u00e1rcel un hombre que habr\u00eda abusado sexualmente de su hijastra de 13 a\u00f1os"},"content":{"rendered":"<p style=\"font-weight: 400;\">Por solicitud de la Fiscal\u00eda General de la Naci\u00f3n un juez de control de garant\u00edas impuso medida de <strong>aseguramiento en centro carcelario a un hombre que habr\u00eda abusado sexualmente de su hijastra<\/strong>, de 13 a\u00f1os, en Quibd\u00f3 (Choc\u00f3).<\/p>\n<figure id=\"attachment_303875\" aria-describedby=\"caption-attachment-303875\" style=\"width: 300px\" class=\"wp-caption alignnone\"><img loading=\"lazy\" decoding=\"async\" class=\"size-medium wp-image-303875\" src=\"https:\/\/www.fiscalia.gov.co\/colombia\/wp-content\/uploads\/ACCESO-CARNAL-ACTO-SEXUAL-ABUSIVO-300x214.jpg\" alt=\"Se observa al capturado de frente, usa camiseta verde y pantal\u00f3n azul.  A cada lado lo custodia un funcionario de la Polic\u00eda Nacional. Atr\u00e1s un pend\u00f3n de Polic\u00eda Nacional. Adelante una mesa con el aviso que dice Orden Judicial..\" width=\"300\" height=\"214\" srcset=\"https:\/\/www.fiscalia.gov.co\/colombia\/wp-content\/uploads\/ACCESO-CARNAL-ACTO-SEXUAL-ABUSIVO-300x214.jpg 300w, https:\/\/www.fiscalia.gov.co\/colombia\/wp-content\/uploads\/ACCESO-CARNAL-ACTO-SEXUAL-ABUSIVO-1024x732.jpg 1024w, https:\/\/www.fiscalia.gov.co\/colombia\/wp-content\/uploads\/ACCESO-CARNAL-ACTO-SEXUAL-ABUSIVO-768x549.jpg 768w, https:\/\/www.fiscalia.gov.co\/colombia\/wp-content\/uploads\/ACCESO-CARNAL-ACTO-SEXUAL-ABUSIVO-588x420.jpg 588w, https:\/\/www.fiscalia.gov.co\/colombia\/wp-content\/uploads\/ACCESO-CARNAL-ACTO-SEXUAL-ABUSIVO-696x498.jpg 696w, https:\/\/www.fiscalia.gov.co\/colombia\/wp-content\/uploads\/ACCESO-CARNAL-ACTO-SEXUAL-ABUSIVO-1068x763.jpg 1068w, https:\/\/www.fiscalia.gov.co\/colombia\/wp-content\/uploads\/ACCESO-CARNAL-ACTO-SEXUAL-ABUSIVO-100x70.jpg 100w, https:\/\/www.fiscalia.gov.co\/colombia\/wp-content\/uploads\/ACCESO-CARNAL-ACTO-SEXUAL-ABUSIVO.jpg 1259w\" sizes=\"auto, (max-width: 300px) 100vw, 300px\" \/><figcaption id=\"caption-attachment-303875\" class=\"wp-caption-text\">El hombre habr\u00eda sometido a su hijastra de 13 a\u00f1os a vej\u00e1menes sexuales.<\/figcaption><\/figure>\n<p style=\"font-weight: 400;\">Un fiscal de la Seccional Choc\u00f3 imput\u00f3 al procesado l<strong>os delitos de acceso carnal y acto sexual abusivo con menor de 14 a\u00f1os<\/strong>, cargos que no fueron aceptados. Los hechos ocurrieron en una vivienda del barrio Casa Blanca, en enero pasado. El procesado, al parecer, incurri\u00f3 en tocamientos de \u00edndole sexual contra la menor y la accedi\u00f3.<\/p>\n<p style=\"font-weight: 400;\">La Fiscal\u00eda estableci\u00f3 que las agresiones vendr\u00edan ocurriendo de manera reiterada, desde que la ni\u00f1a ten\u00eda 11 a\u00f1os. <strong>Se presume que la v\u00edctima era presionada por el ahora investigado<\/strong> quien, al parecer, le ofrec\u00eda regalos a la menor para que no contara lo sucedido.<\/p>\n<p style=\"font-weight: 400;\">CLCG\/AMCJ\/MAGA\/MMO\/DSCH<\/p>\n<p>&nbsp;<\/p>\n<p>&nbsp;<\/p>\n<p>&nbsp;<\/p>\n<p>&nbsp;<\/p>\n<p><em>La informaci\u00f3n contenida en este bolet\u00edn de prensa corresponde a la narraci\u00f3n de los hechos noticiosos objetivos, suministrados por los funcionarios encargados de adelantar las investigaciones penales al interior de la Fiscal\u00eda General de la Naci\u00f3n. Para el momento de la divulgaci\u00f3n de este comunicado, la situaci\u00f3n jur\u00eddica de la(s) persona(s) relacionada(s) se encuentra pendiente de resolver por la autoridad judicial competente, siempre bajo los preceptos de la presunci\u00f3n de inocencia, consagrados en el art\u00edculo 29 de la Constituci\u00f3n Pol\u00edtica y el art\u00edculo 7\u00ba de la Ley 906 de 2004.<\/em><\/p>\n\n<div class=\"twitter-share\"><a href=\"https:\/\/twitter.com\/intent\/tweet?via=fiscaliacol\" class=\"twitter-share-button\">Tweet<\/a><\/div>\n","protected":false},"excerpt":{"rendered":"<p>Por solicitud de la Fiscal\u00eda General de la Naci\u00f3n un juez de control de garant\u00edas impuso medida de aseguramiento en centro carcelario a un hombre que habr\u00eda abusado sexualmente de su hijastra, de 13 a\u00f1os, en Quibd\u00f3 (Choc\u00f3). Un fiscal de la Seccional Choc\u00f3 imput\u00f3 al procesado los delitos de acceso carnal y acto sexual [&hellip;]<\/p>\n","protected":false},"author":181,"featured_media":0,"comment_status":"closed","ping_status":"open","sticky":false,"template":"","format":"standard","meta":{"_price":"","_stock":"","_tribe_ticket_header":"","_tribe_default_ticket_provider":"","_tribe_ticket_capacity":"0","_ticket_start_date":"","_ticket_end_date":"","_tribe_ticket_show_description":"","_tribe_ticket_show_not_going":false,"_tribe_ticket_use_global_stock":"","_tribe_ticket_global_stock_level":"","_global_stock_mode":"","_global_stock_cap":"","_tribe_rsvp_for_event":"","_tribe_ticket_going_count":"","_tribe_ticket_not_going_count":"","_tribe_tickets_list":"[]","_tribe_ticket_has_attendee_info_fields":false,"tdm_status":"","tdm_grid_status":"","footnotes":""},"categories":[1],"tags":[12184,37492,4614,1047],"class_list":{"0":"post-303873","1":"post","2":"type-post","3":"status-publish","4":"format-standard","6":"category-noticias","7":"tag-fiscal","8":"tag-fiscal-luz-adriana-camargo","9":"tag-fiscalia-2","10":"tag-fiscalia-general-de-la-nacion"},"yoast_head":"<!-- This site is optimized with the Yoast SEO plugin v24.3 - https:\/\/yoast.com\/wordpress\/plugins\/seo\/ -->\n<title>Fiscal\u00eda General de la Naci\u00f3n<\/title>\n<meta name=\"description\" content=\"P\u00e1gina oficial de la Fiscal\u00eda General de la Naci\u00f3n \u2013 Colombia. Garantizamos el acceso efectivo a la justicia, la verdad y la reparaci\u00f3n de las v\u00edctimas de los delitos.\" \/>\n<meta name=\"robots\" content=\"noindex, follow\" \/>\n<meta property=\"og:locale\" content=\"es_ES\" \/>\n<meta property=\"og:type\" content=\"article\" \/>\n<meta property=\"og:title\" content=\"Fiscal\u00eda General de la Naci\u00f3n\" \/>\n<meta property=\"og:description\" content=\"P\u00e1gina oficial de la Fiscal\u00eda General de la Naci\u00f3n \u2013 Colombia. Garantizamos el acceso efectivo a la justicia, la verdad y la reparaci\u00f3n de las v\u00edctimas de los delitos.\" \/>\n<meta property=\"og:url\" content=\"https:\/\/www.fiscalia.gov.co\/colombia\/noticias\/en-quibdo-fue-enviado-a-la-carcel-un-hombre-que-habria-abusado-sexualmente-de-su-hijastra-de-13-anos\/\" \/>\n<meta property=\"og:site_name\" content=\"Fiscal\u00eda General de la Naci\u00f3n\" \/>\n<meta property=\"article:publisher\" content=\"https:\/\/www.facebook.com\/FiscaliaCol\" \/>\n<meta property=\"article:published_time\" content=\"2024-10-21T19:40:14+00:00\" \/>\n<meta property=\"article:modified_time\" content=\"2024-10-21T19:41:18+00:00\" \/>\n<meta property=\"og:image\" content=\"https:\/\/www.fiscalia.gov.co\/colombia\/wp-content\/uploads\/ACCESO-CARNAL-ACTO-SEXUAL-ABUSIVO-300x214.jpg\" \/>\n<meta name=\"author\" content=\"Johanna Islenny Prieto Pe\u00f1a\" \/>\n<meta name=\"twitter:card\" content=\"summary_large_image\" \/>\n<meta name=\"twitter:creator\" content=\"@FiscaliaCol\" \/>\n<meta name=\"twitter:site\" content=\"@FiscaliaCol\" \/>\n<meta name=\"twitter:label1\" content=\"Escrito por\" \/>\n\t<meta name=\"twitter:data1\" content=\"Johanna Islenny Prieto Pe\u00f1a\" \/>\n\t<meta name=\"twitter:label2\" content=\"Tiempo de lectura\" \/>\n\t<meta name=\"twitter:data2\" content=\"2 minutos\" \/>\n<script type=\"application\/ld+json\" class=\"yoast-schema-graph\">{\"@context\":\"https:\/\/schema.org\",\"@graph\":[{\"@type\":\"Article\",\"@id\":\"https:\/\/www.fiscalia.gov.co\/colombia\/noticias\/en-quibdo-fue-enviado-a-la-carcel-un-hombre-que-habria-abusado-sexualmente-de-su-hijastra-de-13-anos\/#article\",\"isPartOf\":{\"@id\":\"https:\/\/www.fiscalia.gov.co\/colombia\/noticias\/en-quibdo-fue-enviado-a-la-carcel-un-hombre-que-habria-abusado-sexualmente-de-su-hijastra-de-13-anos\/\"},\"author\":{\"name\":\"Johanna Islenny Prieto Pe\u00f1a\",\"@id\":\"https:\/\/www.fiscalia.gov.co\/colombia\/#\/schema\/person\/ba9eca435947489fb25117a0cd75bf3e\"},\"headline\":\"En Quibd\u00f3 fue enviado a la c\u00e1rcel un hombre que habr\u00eda abusado sexualmente de su hijastra de 13 a\u00f1os\",\"datePublished\":\"2024-10-21T19:40:14+00:00\",\"dateModified\":\"2024-10-21T19:41:18+00:00\",\"mainEntityOfPage\":{\"@id\":\"https:\/\/www.fiscalia.gov.co\/colombia\/noticias\/en-quibdo-fue-enviado-a-la-carcel-un-hombre-que-habria-abusado-sexualmente-de-su-hijastra-de-13-anos\/\"},\"wordCount\":303,\"publisher\":{\"@id\":\"https:\/\/www.fiscalia.gov.co\/colombia\/#organization\"},\"image\":{\"@id\":\"https:\/\/www.fiscalia.gov.co\/colombia\/noticias\/en-quibdo-fue-enviado-a-la-carcel-un-hombre-que-habria-abusado-sexualmente-de-su-hijastra-de-13-anos\/#primaryimage\"},\"thumbnailUrl\":\"https:\/\/www.fiscalia.gov.co\/colombia\/wp-content\/uploads\/ACCESO-CARNAL-ACTO-SEXUAL-ABUSIVO-300x214.jpg\",\"keywords\":[\"Fiscal\",\"Fiscal Luz Adriana Camargo\",\"Fiscal\u00eda\",\"Fiscal\u00eda General de la Naci\u00f3n\"],\"articleSection\":[\"Noticias\"],\"inLanguage\":\"es-CO\"},{\"@type\":\"WebPage\",\"@id\":\"https:\/\/www.fiscalia.gov.co\/colombia\/noticias\/en-quibdo-fue-enviado-a-la-carcel-un-hombre-que-habria-abusado-sexualmente-de-su-hijastra-de-13-anos\/\",\"url\":\"https:\/\/www.fiscalia.gov.co\/colombia\/noticias\/en-quibdo-fue-enviado-a-la-carcel-un-hombre-que-habria-abusado-sexualmente-de-su-hijastra-de-13-anos\/\",\"name\":\"Fiscal\u00eda General de la Naci\u00f3n\",\"isPartOf\":{\"@id\":\"https:\/\/www.fiscalia.gov.co\/colombia\/#website\"},\"primaryImageOfPage\":{\"@id\":\"https:\/\/www.fiscalia.gov.co\/colombia\/noticias\/en-quibdo-fue-enviado-a-la-carcel-un-hombre-que-habria-abusado-sexualmente-de-su-hijastra-de-13-anos\/#primaryimage\"},\"image\":{\"@id\":\"https:\/\/www.fiscalia.gov.co\/colombia\/noticias\/en-quibdo-fue-enviado-a-la-carcel-un-hombre-que-habria-abusado-sexualmente-de-su-hijastra-de-13-anos\/#primaryimage\"},\"thumbnailUrl\":\"https:\/\/www.fiscalia.gov.co\/colombia\/wp-content\/uploads\/ACCESO-CARNAL-ACTO-SEXUAL-ABUSIVO-300x214.jpg\",\"datePublished\":\"2024-10-21T19:40:14+00:00\",\"dateModified\":\"2024-10-21T19:41:18+00:00\",\"description\":\"P\u00e1gina oficial de la Fiscal\u00eda General de la Naci\u00f3n \u2013 Colombia. Garantizamos el acceso efectivo a la justicia, la verdad y la reparaci\u00f3n de las v\u00edctimas de los delitos.\",\"breadcrumb\":{\"@id\":\"https:\/\/www.fiscalia.gov.co\/colombia\/noticias\/en-quibdo-fue-enviado-a-la-carcel-un-hombre-que-habria-abusado-sexualmente-de-su-hijastra-de-13-anos\/#breadcrumb\"},\"inLanguage\":\"es-CO\",\"potentialAction\":[{\"@type\":\"ReadAction\",\"target\":[\"https:\/\/www.fiscalia.gov.co\/colombia\/noticias\/en-quibdo-fue-enviado-a-la-carcel-un-hombre-que-habria-abusado-sexualmente-de-su-hijastra-de-13-anos\/\"]}]},{\"@type\":\"ImageObject\",\"inLanguage\":\"es-CO\",\"@id\":\"https:\/\/www.fiscalia.gov.co\/colombia\/noticias\/en-quibdo-fue-enviado-a-la-carcel-un-hombre-que-habria-abusado-sexualmente-de-su-hijastra-de-13-anos\/#primaryimage\",\"url\":\"https:\/\/www.fiscalia.gov.co\/colombia\/wp-content\/uploads\/ACCESO-CARNAL-ACTO-SEXUAL-ABUSIVO.jpg\",\"contentUrl\":\"https:\/\/www.fiscalia.gov.co\/colombia\/wp-content\/uploads\/ACCESO-CARNAL-ACTO-SEXUAL-ABUSIVO.jpg\",\"width\":1259,\"height\":900,\"caption\":\"El hombre habr\u00eda sometido a su hijastra de 13 a\u00f1os a vej\u00e1menes sexuales.\"},{\"@type\":\"BreadcrumbList\",\"@id\":\"https:\/\/www.fiscalia.gov.co\/colombia\/noticias\/en-quibdo-fue-enviado-a-la-carcel-un-hombre-que-habria-abusado-sexualmente-de-su-hijastra-de-13-anos\/#breadcrumb\",\"itemListElement\":[{\"@type\":\"ListItem\",\"position\":1,\"name\":\"Home\",\"item\":\"https:\/\/www.fiscalia.gov.co\/colombia\/\"},{\"@type\":\"ListItem\",\"position\":2,\"name\":\"En Quibd\u00f3 fue enviado a la c\u00e1rcel un hombre que habr\u00eda abusado sexualmente de su hijastra de 13 a\u00f1os\"}]},{\"@type\":\"WebSite\",\"@id\":\"https:\/\/www.fiscalia.gov.co\/colombia\/#website\",\"url\":\"https:\/\/www.fiscalia.gov.co\/colombia\/\",\"name\":\"Fiscal\u00eda General de la Naci\u00f3n\",\"description\":\"P\u00e1gina oficial de la Fiscal\u00eda General de la Naci\u00f3n \u2013 Colombia. Garantizamos el acceso efectivo a la justicia, la verdad y la reparaci\u00f3n de las v\u00edctimas de los delitos.\",\"publisher\":{\"@id\":\"https:\/\/www.fiscalia.gov.co\/colombia\/#organization\"},\"potentialAction\":[{\"@type\":\"SearchAction\",\"target\":{\"@type\":\"EntryPoint\",\"urlTemplate\":\"https:\/\/www.fiscalia.gov.co\/colombia\/?s={search_term_string}\"},\"query-input\":{\"@type\":\"PropertyValueSpecification\",\"valueRequired\":true,\"valueName\":\"search_term_string\"}}],\"inLanguage\":\"es-CO\"},{\"@type\":\"Organization\",\"@id\":\"https:\/\/www.fiscalia.gov.co\/colombia\/#organization\",\"name\":\"Fiscal\u00eda General de la Naci\u00f3n\",\"url\":\"https:\/\/www.fiscalia.gov.co\/colombia\/\",\"logo\":{\"@type\":\"ImageObject\",\"inLanguage\":\"es-CO\",\"@id\":\"https:\/\/www.fiscalia.gov.co\/colombia\/#\/schema\/logo\/image\/\",\"url\":\"https:\/\/www.fiscalia.gov.co\/colombia\/wp-content\/uploads\/LogoHorizontal_1.jpg\",\"contentUrl\":\"https:\/\/www.fiscalia.gov.co\/colombia\/wp-content\/uploads\/LogoHorizontal_1.jpg\",\"width\":300,\"height\":90,\"caption\":\"Fiscal\u00eda General de la Naci\u00f3n\"},\"image\":{\"@id\":\"https:\/\/www.fiscalia.gov.co\/colombia\/#\/schema\/logo\/image\/\"},\"sameAs\":[\"https:\/\/www.facebook.com\/FiscaliaCol\",\"https:\/\/x.com\/FiscaliaCol\",\"https:\/\/www.instagram.com\/fiscaliacol\",\"https:\/\/www.linkedin.com\/company\/fiscalia-general-de-la-naci-n\/\",\"https:\/\/youtube.com\/@fiscaliageneraldelanacion-4668?si=6nN79nyQICPU5iTh\"]},{\"@type\":\"Person\",\"@id\":\"https:\/\/www.fiscalia.gov.co\/colombia\/#\/schema\/person\/ba9eca435947489fb25117a0cd75bf3e\",\"name\":\"Johanna Islenny Prieto Pe\u00f1a\",\"image\":{\"@type\":\"ImageObject\",\"inLanguage\":\"es-CO\",\"@id\":\"https:\/\/www.fiscalia.gov.co\/colombia\/#\/schema\/person\/image\/\",\"url\":\"https:\/\/secure.gravatar.com\/avatar\/111433fc2acb037ffb768f6a3ca47864?s=96&d=mm&r=g\",\"contentUrl\":\"https:\/\/secure.gravatar.com\/avatar\/111433fc2acb037ffb768f6a3ca47864?s=96&d=mm&r=g\",\"caption\":\"Johanna Islenny Prieto Pe\u00f1a\"},\"url\":\"https:\/\/www.fiscalia.gov.co\/colombia\/author\/jprietop\/\"}]}<\/script>\n<!-- \/ Yoast SEO plugin. -->","yoast_head_json":{"title":"Fiscal\u00eda General de la Naci\u00f3n","description":"P\u00e1gina oficial de la Fiscal\u00eda General de la Naci\u00f3n \u2013 Colombia. Garantizamos el acceso efectivo a la justicia, la verdad y la reparaci\u00f3n de las v\u00edctimas de los delitos.","robots":{"index":"noindex","follow":"follow"},"og_locale":"es_ES","og_type":"article","og_title":"Fiscal\u00eda General de la Naci\u00f3n","og_description":"P\u00e1gina oficial de la Fiscal\u00eda General de la Naci\u00f3n \u2013 Colombia. Garantizamos el acceso efectivo a la justicia, la verdad y la reparaci\u00f3n de las v\u00edctimas de los delitos.","og_url":"https:\/\/www.fiscalia.gov.co\/colombia\/noticias\/en-quibdo-fue-enviado-a-la-carcel-un-hombre-que-habria-abusado-sexualmente-de-su-hijastra-de-13-anos\/","og_site_name":"Fiscal\u00eda General de la Naci\u00f3n","article_publisher":"https:\/\/www.facebook.com\/FiscaliaCol","article_published_time":"2024-10-21T19:40:14+00:00","article_modified_time":"2024-10-21T19:41:18+00:00","og_image":[{"url":"https:\/\/www.fiscalia.gov.co\/colombia\/wp-content\/uploads\/ACCESO-CARNAL-ACTO-SEXUAL-ABUSIVO-300x214.jpg","type":"","width":"","height":""}],"author":"Johanna Islenny Prieto Pe\u00f1a","twitter_card":"summary_large_image","twitter_creator":"@FiscaliaCol","twitter_site":"@FiscaliaCol","twitter_misc":{"Escrito por":"Johanna Islenny Prieto Pe\u00f1a","Tiempo de lectura":"2 minutos"},"schema":{"@context":"https:\/\/schema.org","@graph":[{"@type":"Article","@id":"https:\/\/www.fiscalia.gov.co\/colombia\/noticias\/en-quibdo-fue-enviado-a-la-carcel-un-hombre-que-habria-abusado-sexualmente-de-su-hijastra-de-13-anos\/#article","isPartOf":{"@id":"https:\/\/www.fiscalia.gov.co\/colombia\/noticias\/en-quibdo-fue-enviado-a-la-carcel-un-hombre-que-habria-abusado-sexualmente-de-su-hijastra-de-13-anos\/"},"author":{"name":"Johanna Islenny Prieto Pe\u00f1a","@id":"https:\/\/www.fiscalia.gov.co\/colombia\/#\/schema\/person\/ba9eca435947489fb25117a0cd75bf3e"},"headline":"En Quibd\u00f3 fue enviado a la c\u00e1rcel un hombre que habr\u00eda abusado sexualmente de su hijastra de 13 a\u00f1os","datePublished":"2024-10-21T19:40:14+00:00","dateModified":"2024-10-21T19:41:18+00:00","mainEntityOfPage":{"@id":"https:\/\/www.fiscalia.gov.co\/colombia\/noticias\/en-quibdo-fue-enviado-a-la-carcel-un-hombre-que-habria-abusado-sexualmente-de-su-hijastra-de-13-anos\/"},"wordCount":303,"publisher":{"@id":"https:\/\/www.fiscalia.gov.co\/colombia\/#organization"},"image":{"@id":"https:\/\/www.fiscalia.gov.co\/colombia\/noticias\/en-quibdo-fue-enviado-a-la-carcel-un-hombre-que-habria-abusado-sexualmente-de-su-hijastra-de-13-anos\/#primaryimage"},"thumbnailUrl":"https:\/\/www.fiscalia.gov.co\/colombia\/wp-content\/uploads\/ACCESO-CARNAL-ACTO-SEXUAL-ABUSIVO-300x214.jpg","keywords":["Fiscal","Fiscal Luz Adriana Camargo","Fiscal\u00eda","Fiscal\u00eda General de la Naci\u00f3n"],"articleSection":["Noticias"],"inLanguage":"es-CO"},{"@type":"WebPage","@id":"https:\/\/www.fiscalia.gov.co\/colombia\/noticias\/en-quibdo-fue-enviado-a-la-carcel-un-hombre-que-habria-abusado-sexualmente-de-su-hijastra-de-13-anos\/","url":"https:\/\/www.fiscalia.gov.co\/colombia\/noticias\/en-quibdo-fue-enviado-a-la-carcel-un-hombre-que-habria-abusado-sexualmente-de-su-hijastra-de-13-anos\/","name":"Fiscal\u00eda General de la Naci\u00f3n","isPartOf":{"@id":"https:\/\/www.fiscalia.gov.co\/colombia\/#website"},"primaryImageOfPage":{"@id":"https:\/\/www.fiscalia.gov.co\/colombia\/noticias\/en-quibdo-fue-enviado-a-la-carcel-un-hombre-que-habria-abusado-sexualmente-de-su-hijastra-de-13-anos\/#primaryimage"},"image":{"@id":"https:\/\/www.fiscalia.gov.co\/colombia\/noticias\/en-quibdo-fue-enviado-a-la-carcel-un-hombre-que-habria-abusado-sexualmente-de-su-hijastra-de-13-anos\/#primaryimage"},"thumbnailUrl":"https:\/\/www.fiscalia.gov.co\/colombia\/wp-content\/uploads\/ACCESO-CARNAL-ACTO-SEXUAL-ABUSIVO-300x214.jpg","datePublished":"2024-10-21T19:40:14+00:00","dateModified":"2024-10-21T19:41:18+00:00","description":"P\u00e1gina oficial de la Fiscal\u00eda General de la Naci\u00f3n \u2013 Colombia. Garantizamos el acceso efectivo a la justicia, la verdad y la reparaci\u00f3n de las v\u00edctimas de los delitos.","breadcrumb":{"@id":"https:\/\/www.fiscalia.gov.co\/colombia\/noticias\/en-quibdo-fue-enviado-a-la-carcel-un-hombre-que-habria-abusado-sexualmente-de-su-hijastra-de-13-anos\/#breadcrumb"},"inLanguage":"es-CO","potentialAction":[{"@type":"ReadAction","target":["https:\/\/www.fiscalia.gov.co\/colombia\/noticias\/en-quibdo-fue-enviado-a-la-carcel-un-hombre-que-habria-abusado-sexualmente-de-su-hijastra-de-13-anos\/"]}]},{"@type":"ImageObject","inLanguage":"es-CO","@id":"https:\/\/www.fiscalia.gov.co\/colombia\/noticias\/en-quibdo-fue-enviado-a-la-carcel-un-hombre-que-habria-abusado-sexualmente-de-su-hijastra-de-13-anos\/#primaryimage","url":"https:\/\/www.fiscalia.gov.co\/colombia\/wp-content\/uploads\/ACCESO-CARNAL-ACTO-SEXUAL-ABUSIVO.jpg","contentUrl":"https:\/\/www.fiscalia.gov.co\/colombia\/wp-content\/uploads\/ACCESO-CARNAL-ACTO-SEXUAL-ABUSIVO.jpg","width":1259,"height":900,"caption":"El hombre habr\u00eda sometido a su hijastra de 13 a\u00f1os a vej\u00e1menes sexuales."},{"@type":"BreadcrumbList","@id":"https:\/\/www.fiscalia.gov.co\/colombia\/noticias\/en-quibdo-fue-enviado-a-la-carcel-un-hombre-que-habria-abusado-sexualmente-de-su-hijastra-de-13-anos\/#breadcrumb","itemListElement":[{"@type":"ListItem","position":1,"name":"Home","item":"https:\/\/www.fiscalia.gov.co\/colombia\/"},{"@type":"ListItem","position":2,"name":"En Quibd\u00f3 fue enviado a la c\u00e1rcel un hombre que habr\u00eda abusado sexualmente de su hijastra de 13 a\u00f1os"}]},{"@type":"WebSite","@id":"https:\/\/www.fiscalia.gov.co\/colombia\/#website","url":"https:\/\/www.fiscalia.gov.co\/colombia\/","name":"Fiscal\u00eda General de la Naci\u00f3n","description":"P\u00e1gina oficial de la Fiscal\u00eda General de la Naci\u00f3n \u2013 Colombia. Garantizamos el acceso efectivo a la justicia, la verdad y la reparaci\u00f3n de las v\u00edctimas de los delitos.","publisher":{"@id":"https:\/\/www.fiscalia.gov.co\/colombia\/#organization"},"potentialAction":[{"@type":"SearchAction","target":{"@type":"EntryPoint","urlTemplate":"https:\/\/www.fiscalia.gov.co\/colombia\/?s={search_term_string}"},"query-input":{"@type":"PropertyValueSpecification","valueRequired":true,"valueName":"search_term_string"}}],"inLanguage":"es-CO"},{"@type":"Organization","@id":"https:\/\/www.fiscalia.gov.co\/colombia\/#organization","name":"Fiscal\u00eda General de la Naci\u00f3n","url":"https:\/\/www.fiscalia.gov.co\/colombia\/","logo":{"@type":"ImageObject","inLanguage":"es-CO","@id":"https:\/\/www.fiscalia.gov.co\/colombia\/#\/schema\/logo\/image\/","url":"https:\/\/www.fiscalia.gov.co\/colombia\/wp-content\/uploads\/LogoHorizontal_1.jpg","contentUrl":"https:\/\/www.fiscalia.gov.co\/colombia\/wp-content\/uploads\/LogoHorizontal_1.jpg","width":300,"height":90,"caption":"Fiscal\u00eda General de la Naci\u00f3n"},"image":{"@id":"https:\/\/www.fiscalia.gov.co\/colombia\/#\/schema\/logo\/image\/"},"sameAs":["https:\/\/www.facebook.com\/FiscaliaCol","https:\/\/x.com\/FiscaliaCol","https:\/\/www.instagram.com\/fiscaliacol","https:\/\/www.linkedin.com\/company\/fiscalia-general-de-la-naci-n\/","https:\/\/youtube.com\/@fiscaliageneraldelanacion-4668?si=6nN79nyQICPU5iTh"]},{"@type":"Person","@id":"https:\/\/www.fiscalia.gov.co\/colombia\/#\/schema\/person\/ba9eca435947489fb25117a0cd75bf3e","name":"Johanna Islenny Prieto Pe\u00f1a","image":{"@type":"ImageObject","inLanguage":"es-CO","@id":"https:\/\/www.fiscalia.gov.co\/colombia\/#\/schema\/person\/image\/","url":"https:\/\/secure.gravatar.com\/avatar\/111433fc2acb037ffb768f6a3ca47864?s=96&d=mm&r=g","contentUrl":"https:\/\/secure.gravatar.com\/avatar\/111433fc2acb037ffb768f6a3ca47864?s=96&d=mm&r=g","caption":"Johanna Islenny Prieto Pe\u00f1a"},"url":"https:\/\/www.fiscalia.gov.co\/colombia\/author\/jprietop\/"}]}},"_links":{"self":[{"href":"https:\/\/www.fiscalia.gov.co\/colombia\/wp-json\/wp\/v2\/posts\/303873","targetHints":{"allow":["GET"]}}],"collection":[{"href":"https:\/\/www.fiscalia.gov.co\/colombia\/wp-json\/wp\/v2\/posts"}],"about":[{"href":"https:\/\/www.fiscalia.gov.co\/colombia\/wp-json\/wp\/v2\/types\/post"}],"author":[{"embeddable":true,"href":"https:\/\/www.fiscalia.gov.co\/colombia\/wp-json\/wp\/v2\/users\/181"}],"replies":[{"embeddable":true,"href":"https:\/\/www.fiscalia.gov.co\/colombia\/wp-json\/wp\/v2\/comments?post=303873"}],"version-history":[{"count":2,"href":"https:\/\/www.fiscalia.gov.co\/colombia\/wp-json\/wp\/v2\/posts\/303873\/revisions"}],"predecessor-version":[{"id":303876,"href":"https:\/\/www.fiscalia.gov.co\/colombia\/wp-json\/wp\/v2\/posts\/303873\/revisions\/303876"}],"wp:attachment":[{"href":"https:\/\/www.fiscalia.gov.co\/colombia\/wp-json\/wp\/v2\/media?parent=303873"}],"wp:term":[{"taxonomy":"category","embeddable":true,"href":"https:\/\/www.fiscalia.gov.co\/colombia\/wp-json\/wp\/v2\/categories?post=303873"},{"taxonomy":"post_tag","embeddable":true,"href":"https:\/\/www.fiscalia.gov.co\/colombia\/wp-json\/wp\/v2\/tags?post=303873"}],"curies":[{"name":"wp","href":"https:\/\/api.w.org\/{rel}","templated":true}]}}