{"id":303816,"date":"2024-10-20T13:33:28","date_gmt":"2024-10-20T18:33:28","guid":{"rendered":"https:\/\/www.fiscalia.gov.co\/colombia\/?p=303816"},"modified":"2024-12-11T10:39:16","modified_gmt":"2024-12-11T15:39:16","slug":"acusados-propietario-de-agencias-de-viajes-y-una-de-sus-empleadas-por-presuntamente-facilitar-la-salida-de-jovenes-colombianas-para-ser-explotadas-sexualmente-en-china","status":"publish","type":"post","link":"https:\/\/www.fiscalia.gov.co\/colombia\/noticias\/acusados-propietario-de-agencias-de-viajes-y-una-de-sus-empleadas-por-presuntamente-facilitar-la-salida-de-jovenes-colombianas-para-ser-explotadas-sexualmente-en-china\/","title":{"rendered":"Acusados propietario de agencias de viajes y una de sus empleadas por presuntamente facilitar la salida de j\u00f3venes colombianas para ser explotadas sexualmente en China"},"content":{"rendered":"<blockquote>\n<h4><strong><em>Ser\u00edan los encargados de gestionar tiquetes, pasaportes, visas y otros documentos para garantizar la llegada de las v\u00edctimas a territorio asi\u00e1tico.<\/em><\/strong><\/h4>\n<\/blockquote>\n<p>En atenci\u00f3n a los elementos de prueba obtenidos en una investigaci\u00f3n contra una red trasnacional de trata de personas, la Fiscal\u00eda General de la Naci\u00f3n acus\u00f3 formalmente a Jos\u00e9 Ignacio Gaona P\u00e9rez y Angie Lorena Araque Manchola, propietario y empleada de una agencia de viajes, por presuntamente facilitar la salida del pa\u00eds de j\u00f3venes colombianas para que fueran explotadas sexualmente en China.<\/p>\n<p>Estas dos personas deber\u00e1n responder en juicio como posibles responsables de los delitos de concierto para delinquir agravado, trata de personas y tentativa de trata de personas.<\/p>\n<p>Las investigaciones lideradas por una fiscal de la Direcci\u00f3n Especializada contra las Violaciones a los Derechos Humanos dan cuenta de que, entre junio de 2016 y octubre de 2019, habr\u00edan adquirido tiquetes y gestionado pasaportes, visas, entre otros documentos, para que cuatro mujeres captadas en Ipiales (Nari\u00f1o), Pereira (Risaralda) y Medell\u00edn (Antioquia) pudieran trasladarse a Guangzhou (China).<\/p>\n<p>Las v\u00edctimas, con edades entre 19 y 25 a\u00f1os, aceptaron supuestas ofertas como comerciantes mayoristas, pero al llegar a territorio asi\u00e1tico fueron despojadas de sus pasaportes y notificadas de que deb\u00edan ejercer actividades de tipo sexual en un establecimiento nocturno para cubrir una deuda por los costos del viaje y la manutenci\u00f3n.<\/p>\n<p>Tres j\u00f3venes escaparon y con ayuda del consulado de Colombia en Guangzhou regresaron al pa\u00eds. En sus declaraciones indicaron que fueron maltratadas f\u00edsica y emocionalmente para doblegar su voluntad y acceder a los requerimientos del grupo delictivo.<\/p>\n<p>Esta informaci\u00f3n se publica por razones de inter\u00e9s general.<\/p>\n<p>LAGP\/JARG\/CCH\/DECVDH.<\/p>\n<p>&nbsp;<\/p>\n<p>&nbsp;<\/p>\n<p>&nbsp;<\/p>\n<p><em>La informaci\u00f3n contenida en este bolet\u00edn de prensa corresponde a la narraci\u00f3n de los hechos noticiosos objetivos, y las investigaciones penales al interior de la Fiscal\u00eda General de la Naci\u00f3n. Para el momento de la divulgaci\u00f3n de este comunicado, la situaci\u00f3n jur\u00eddica de la(s) persona(s) relacionada(s) se encuentra pendiente de resolver por la autoridad judicial competente, siempre bajo los preceptos de la presunci\u00f3n de inocencia, consagrados en el art\u00edculo 29 de la Constituci\u00f3n Pol\u00edtica y el art\u00edculo 7\u00ba de la Ley 906 de 2004.<\/em><\/p>\n\n<div class=\"twitter-share\"><a href=\"https:\/\/twitter.com\/intent\/tweet?via=fiscaliacol\" class=\"twitter-share-button\">Tweet<\/a><\/div>\n","protected":false},"excerpt":{"rendered":"<p>Ser\u00edan los encargados de gestionar tiquetes, pasaportes, visas y otros documentos para garantizar la llegada de las v\u00edctimas a territorio asi\u00e1tico. En atenci\u00f3n a los elementos de prueba obtenidos en [&hellip;]<\/p>\n","protected":false},"author":181,"featured_media":0,"comment_status":"closed","ping_status":"open","sticky":false,"template":"","format":"standard","meta":{"tdm_status":"","tdm_grid_status":"","footnotes":""},"categories":[24102,1],"tags":[37892,4614,1047],"class_list":["post-303816","post","type-post","status-publish","format-standard","category-derechos-humanos","category-noticias","tag-fiscal-luz-adriana-camargo-garzon","tag-fiscalia-2","tag-fiscalia-general-de-la-nacion"],"yoast_head":"<!-- This site is optimized with the Yoast SEO plugin v24.3 - https:\/\/yoast.com\/wordpress\/plugins\/seo\/ -->\n<title>Fiscal\u00eda General de la Naci\u00f3n<\/title>\n<meta name=\"description\" content=\"P\u00e1gina oficial de la Fiscal\u00eda General de la Naci\u00f3n \u2013 Colombia. Garantizamos el acceso efectivo a la justicia, la verdad y la reparaci\u00f3n de las v\u00edctimas de los delitos.\" \/>\n<meta name=\"robots\" content=\"noindex, follow\" \/>\n<meta property=\"og:locale\" content=\"es_ES\" \/>\n<meta property=\"og:type\" content=\"article\" \/>\n<meta property=\"og:title\" content=\"Fiscal\u00eda General de la Naci\u00f3n\" \/>\n<meta property=\"og:description\" content=\"P\u00e1gina oficial de la Fiscal\u00eda General de la Naci\u00f3n \u2013 Colombia. Garantizamos el acceso efectivo a la justicia, la verdad y la reparaci\u00f3n de las v\u00edctimas de los delitos.\" \/>\n<meta property=\"og:url\" content=\"https:\/\/www.fiscalia.gov.co\/colombia\/noticias\/acusados-propietario-de-agencias-de-viajes-y-una-de-sus-empleadas-por-presuntamente-facilitar-la-salida-de-jovenes-colombianas-para-ser-explotadas-sexualmente-en-china\/\" \/>\n<meta property=\"og:site_name\" content=\"Fiscal\u00eda General de la Naci\u00f3n\" \/>\n<meta property=\"article:publisher\" content=\"https:\/\/www.facebook.com\/FiscaliaCol\" \/>\n<meta property=\"article:published_time\" content=\"2024-10-20T18:33:28+00:00\" \/>\n<meta property=\"article:modified_time\" content=\"2024-12-11T15:39:16+00:00\" \/>\n<meta name=\"author\" content=\"Johanna Islenny Prieto Pe\u00f1a\" \/>\n<meta name=\"twitter:card\" content=\"summary_large_image\" \/>\n<meta name=\"twitter:creator\" content=\"@FiscaliaCol\" \/>\n<meta name=\"twitter:site\" content=\"@FiscaliaCol\" \/>\n<meta name=\"twitter:label1\" content=\"Escrito por\" \/>\n\t<meta name=\"twitter:data1\" content=\"Johanna Islenny Prieto Pe\u00f1a\" \/>\n\t<meta name=\"twitter:label2\" content=\"Tiempo de lectura\" \/>\n\t<meta name=\"twitter:data2\" content=\"2 minutos\" \/>\n<script type=\"application\/ld+json\" class=\"yoast-schema-graph\">{\"@context\":\"https:\/\/schema.org\",\"@graph\":[{\"@type\":\"Article\",\"@id\":\"https:\/\/www.fiscalia.gov.co\/colombia\/noticias\/acusados-propietario-de-agencias-de-viajes-y-una-de-sus-empleadas-por-presuntamente-facilitar-la-salida-de-jovenes-colombianas-para-ser-explotadas-sexualmente-en-china\/#article\",\"isPartOf\":{\"@id\":\"https:\/\/www.fiscalia.gov.co\/colombia\/noticias\/acusados-propietario-de-agencias-de-viajes-y-una-de-sus-empleadas-por-presuntamente-facilitar-la-salida-de-jovenes-colombianas-para-ser-explotadas-sexualmente-en-china\/\"},\"author\":{\"name\":\"Johanna Islenny Prieto Pe\u00f1a\",\"@id\":\"https:\/\/www.fiscalia.gov.co\/colombia\/#\/schema\/person\/ba9eca435947489fb25117a0cd75bf3e\"},\"headline\":\"Acusados propietario de agencias de viajes y una de sus empleadas por presuntamente facilitar la salida de j\u00f3venes colombianas para ser explotadas sexualmente en China\",\"datePublished\":\"2024-10-20T18:33:28+00:00\",\"dateModified\":\"2024-12-11T15:39:16+00:00\",\"mainEntityOfPage\":{\"@id\":\"https:\/\/www.fiscalia.gov.co\/colombia\/noticias\/acusados-propietario-de-agencias-de-viajes-y-una-de-sus-empleadas-por-presuntamente-facilitar-la-salida-de-jovenes-colombianas-para-ser-explotadas-sexualmente-en-china\/\"},\"wordCount\":415,\"publisher\":{\"@id\":\"https:\/\/www.fiscalia.gov.co\/colombia\/#organization\"},\"keywords\":[\"Fiscal Luz Adriana Camargo Garz\u00f3n\",\"Fiscal\u00eda\",\"Fiscal\u00eda General de la Naci\u00f3n\"],\"articleSection\":[\"Derechos Humanos\",\"Noticias\"],\"inLanguage\":\"es-CO\"},{\"@type\":\"WebPage\",\"@id\":\"https:\/\/www.fiscalia.gov.co\/colombia\/noticias\/acusados-propietario-de-agencias-de-viajes-y-una-de-sus-empleadas-por-presuntamente-facilitar-la-salida-de-jovenes-colombianas-para-ser-explotadas-sexualmente-en-china\/\",\"url\":\"https:\/\/www.fiscalia.gov.co\/colombia\/noticias\/acusados-propietario-de-agencias-de-viajes-y-una-de-sus-empleadas-por-presuntamente-facilitar-la-salida-de-jovenes-colombianas-para-ser-explotadas-sexualmente-en-china\/\",\"name\":\"Fiscal\u00eda General de la Naci\u00f3n\",\"isPartOf\":{\"@id\":\"https:\/\/www.fiscalia.gov.co\/colombia\/#website\"},\"datePublished\":\"2024-10-20T18:33:28+00:00\",\"dateModified\":\"2024-12-11T15:39:16+00:00\",\"description\":\"P\u00e1gina oficial de la Fiscal\u00eda General de la Naci\u00f3n \u2013 Colombia. Garantizamos el acceso efectivo a la justicia, la verdad y la reparaci\u00f3n de las v\u00edctimas de los delitos.\",\"breadcrumb\":{\"@id\":\"https:\/\/www.fiscalia.gov.co\/colombia\/noticias\/acusados-propietario-de-agencias-de-viajes-y-una-de-sus-empleadas-por-presuntamente-facilitar-la-salida-de-jovenes-colombianas-para-ser-explotadas-sexualmente-en-china\/#breadcrumb\"},\"inLanguage\":\"es-CO\",\"potentialAction\":[{\"@type\":\"ReadAction\",\"target\":[\"https:\/\/www.fiscalia.gov.co\/colombia\/noticias\/acusados-propietario-de-agencias-de-viajes-y-una-de-sus-empleadas-por-presuntamente-facilitar-la-salida-de-jovenes-colombianas-para-ser-explotadas-sexualmente-en-china\/\"]}]},{\"@type\":\"BreadcrumbList\",\"@id\":\"https:\/\/www.fiscalia.gov.co\/colombia\/noticias\/acusados-propietario-de-agencias-de-viajes-y-una-de-sus-empleadas-por-presuntamente-facilitar-la-salida-de-jovenes-colombianas-para-ser-explotadas-sexualmente-en-china\/#breadcrumb\",\"itemListElement\":[{\"@type\":\"ListItem\",\"position\":1,\"name\":\"Home\",\"item\":\"https:\/\/www.fiscalia.gov.co\/colombia\/\"},{\"@type\":\"ListItem\",\"position\":2,\"name\":\"Acusados propietario de agencias de viajes y una de sus empleadas por presuntamente facilitar la salida de j\u00f3venes colombianas para ser explotadas sexualmente en China\"}]},{\"@type\":\"WebSite\",\"@id\":\"https:\/\/www.fiscalia.gov.co\/colombia\/#website\",\"url\":\"https:\/\/www.fiscalia.gov.co\/colombia\/\",\"name\":\"Fiscal\u00eda General de la Naci\u00f3n\",\"description\":\"P\u00e1gina oficial de la Fiscal\u00eda General de la Naci\u00f3n \u2013 Colombia. Garantizamos el acceso efectivo a la justicia, la verdad y la reparaci\u00f3n de las v\u00edctimas de los delitos.\",\"publisher\":{\"@id\":\"https:\/\/www.fiscalia.gov.co\/colombia\/#organization\"},\"potentialAction\":[{\"@type\":\"SearchAction\",\"target\":{\"@type\":\"EntryPoint\",\"urlTemplate\":\"https:\/\/www.fiscalia.gov.co\/colombia\/?s={search_term_string}\"},\"query-input\":{\"@type\":\"PropertyValueSpecification\",\"valueRequired\":true,\"valueName\":\"search_term_string\"}}],\"inLanguage\":\"es-CO\"},{\"@type\":\"Organization\",\"@id\":\"https:\/\/www.fiscalia.gov.co\/colombia\/#organization\",\"name\":\"Fiscal\u00eda General de la Naci\u00f3n\",\"url\":\"https:\/\/www.fiscalia.gov.co\/colombia\/\",\"logo\":{\"@type\":\"ImageObject\",\"inLanguage\":\"es-CO\",\"@id\":\"https:\/\/www.fiscalia.gov.co\/colombia\/#\/schema\/logo\/image\/\",\"url\":\"https:\/\/www.fiscalia.gov.co\/colombia\/wp-content\/uploads\/LogoHorizontal_1.jpg\",\"contentUrl\":\"https:\/\/www.fiscalia.gov.co\/colombia\/wp-content\/uploads\/LogoHorizontal_1.jpg\",\"width\":300,\"height\":90,\"caption\":\"Fiscal\u00eda General de la Naci\u00f3n\"},\"image\":{\"@id\":\"https:\/\/www.fiscalia.gov.co\/colombia\/#\/schema\/logo\/image\/\"},\"sameAs\":[\"https:\/\/www.facebook.com\/FiscaliaCol\",\"https:\/\/x.com\/FiscaliaCol\",\"https:\/\/www.instagram.com\/fiscaliacol\",\"https:\/\/www.linkedin.com\/company\/fiscalia-general-de-la-naci-n\/\",\"https:\/\/youtube.com\/@fiscaliageneraldelanacion-4668?si=6nN79nyQICPU5iTh\"]},{\"@type\":\"Person\",\"@id\":\"https:\/\/www.fiscalia.gov.co\/colombia\/#\/schema\/person\/ba9eca435947489fb25117a0cd75bf3e\",\"name\":\"Johanna Islenny Prieto Pe\u00f1a\",\"image\":{\"@type\":\"ImageObject\",\"inLanguage\":\"es-CO\",\"@id\":\"https:\/\/www.fiscalia.gov.co\/colombia\/#\/schema\/person\/image\/\",\"url\":\"https:\/\/secure.gravatar.com\/avatar\/111433fc2acb037ffb768f6a3ca47864?s=96&d=mm&r=g\",\"contentUrl\":\"https:\/\/secure.gravatar.com\/avatar\/111433fc2acb037ffb768f6a3ca47864?s=96&d=mm&r=g\",\"caption\":\"Johanna Islenny Prieto Pe\u00f1a\"},\"url\":\"https:\/\/www.fiscalia.gov.co\/colombia\/author\/jprietop\/\"}]}<\/script>\n<!-- \/ Yoast SEO plugin. -->","yoast_head_json":{"title":"Fiscal\u00eda General de la Naci\u00f3n","description":"P\u00e1gina oficial de la Fiscal\u00eda General de la Naci\u00f3n \u2013 Colombia. Garantizamos el acceso efectivo a la justicia, la verdad y la reparaci\u00f3n de las v\u00edctimas de los delitos.","robots":{"index":"noindex","follow":"follow"},"og_locale":"es_ES","og_type":"article","og_title":"Fiscal\u00eda General de la Naci\u00f3n","og_description":"P\u00e1gina oficial de la Fiscal\u00eda General de la Naci\u00f3n \u2013 Colombia. Garantizamos el acceso efectivo a la justicia, la verdad y la reparaci\u00f3n de las v\u00edctimas de los delitos.","og_url":"https:\/\/www.fiscalia.gov.co\/colombia\/noticias\/acusados-propietario-de-agencias-de-viajes-y-una-de-sus-empleadas-por-presuntamente-facilitar-la-salida-de-jovenes-colombianas-para-ser-explotadas-sexualmente-en-china\/","og_site_name":"Fiscal\u00eda General de la Naci\u00f3n","article_publisher":"https:\/\/www.facebook.com\/FiscaliaCol","article_published_time":"2024-10-20T18:33:28+00:00","article_modified_time":"2024-12-11T15:39:16+00:00","author":"Johanna Islenny Prieto Pe\u00f1a","twitter_card":"summary_large_image","twitter_creator":"@FiscaliaCol","twitter_site":"@FiscaliaCol","twitter_misc":{"Escrito por":"Johanna Islenny Prieto Pe\u00f1a","Tiempo de lectura":"2 minutos"},"schema":{"@context":"https:\/\/schema.org","@graph":[{"@type":"Article","@id":"https:\/\/www.fiscalia.gov.co\/colombia\/noticias\/acusados-propietario-de-agencias-de-viajes-y-una-de-sus-empleadas-por-presuntamente-facilitar-la-salida-de-jovenes-colombianas-para-ser-explotadas-sexualmente-en-china\/#article","isPartOf":{"@id":"https:\/\/www.fiscalia.gov.co\/colombia\/noticias\/acusados-propietario-de-agencias-de-viajes-y-una-de-sus-empleadas-por-presuntamente-facilitar-la-salida-de-jovenes-colombianas-para-ser-explotadas-sexualmente-en-china\/"},"author":{"name":"Johanna Islenny Prieto Pe\u00f1a","@id":"https:\/\/www.fiscalia.gov.co\/colombia\/#\/schema\/person\/ba9eca435947489fb25117a0cd75bf3e"},"headline":"Acusados propietario de agencias de viajes y una de sus empleadas por presuntamente facilitar la salida de j\u00f3venes colombianas para ser explotadas sexualmente en China","datePublished":"2024-10-20T18:33:28+00:00","dateModified":"2024-12-11T15:39:16+00:00","mainEntityOfPage":{"@id":"https:\/\/www.fiscalia.gov.co\/colombia\/noticias\/acusados-propietario-de-agencias-de-viajes-y-una-de-sus-empleadas-por-presuntamente-facilitar-la-salida-de-jovenes-colombianas-para-ser-explotadas-sexualmente-en-china\/"},"wordCount":415,"publisher":{"@id":"https:\/\/www.fiscalia.gov.co\/colombia\/#organization"},"keywords":["Fiscal Luz Adriana Camargo Garz\u00f3n","Fiscal\u00eda","Fiscal\u00eda General de la Naci\u00f3n"],"articleSection":["Derechos Humanos","Noticias"],"inLanguage":"es-CO"},{"@type":"WebPage","@id":"https:\/\/www.fiscalia.gov.co\/colombia\/noticias\/acusados-propietario-de-agencias-de-viajes-y-una-de-sus-empleadas-por-presuntamente-facilitar-la-salida-de-jovenes-colombianas-para-ser-explotadas-sexualmente-en-china\/","url":"https:\/\/www.fiscalia.gov.co\/colombia\/noticias\/acusados-propietario-de-agencias-de-viajes-y-una-de-sus-empleadas-por-presuntamente-facilitar-la-salida-de-jovenes-colombianas-para-ser-explotadas-sexualmente-en-china\/","name":"Fiscal\u00eda General de la Naci\u00f3n","isPartOf":{"@id":"https:\/\/www.fiscalia.gov.co\/colombia\/#website"},"datePublished":"2024-10-20T18:33:28+00:00","dateModified":"2024-12-11T15:39:16+00:00","description":"P\u00e1gina oficial de la Fiscal\u00eda General de la Naci\u00f3n \u2013 Colombia. Garantizamos el acceso efectivo a la justicia, la verdad y la reparaci\u00f3n de las v\u00edctimas de los delitos.","breadcrumb":{"@id":"https:\/\/www.fiscalia.gov.co\/colombia\/noticias\/acusados-propietario-de-agencias-de-viajes-y-una-de-sus-empleadas-por-presuntamente-facilitar-la-salida-de-jovenes-colombianas-para-ser-explotadas-sexualmente-en-china\/#breadcrumb"},"inLanguage":"es-CO","potentialAction":[{"@type":"ReadAction","target":["https:\/\/www.fiscalia.gov.co\/colombia\/noticias\/acusados-propietario-de-agencias-de-viajes-y-una-de-sus-empleadas-por-presuntamente-facilitar-la-salida-de-jovenes-colombianas-para-ser-explotadas-sexualmente-en-china\/"]}]},{"@type":"BreadcrumbList","@id":"https:\/\/www.fiscalia.gov.co\/colombia\/noticias\/acusados-propietario-de-agencias-de-viajes-y-una-de-sus-empleadas-por-presuntamente-facilitar-la-salida-de-jovenes-colombianas-para-ser-explotadas-sexualmente-en-china\/#breadcrumb","itemListElement":[{"@type":"ListItem","position":1,"name":"Home","item":"https:\/\/www.fiscalia.gov.co\/colombia\/"},{"@type":"ListItem","position":2,"name":"Acusados propietario de agencias de viajes y una de sus empleadas por presuntamente facilitar la salida de j\u00f3venes colombianas para ser explotadas sexualmente en China"}]},{"@type":"WebSite","@id":"https:\/\/www.fiscalia.gov.co\/colombia\/#website","url":"https:\/\/www.fiscalia.gov.co\/colombia\/","name":"Fiscal\u00eda General de la Naci\u00f3n","description":"P\u00e1gina oficial de la Fiscal\u00eda General de la Naci\u00f3n \u2013 Colombia. Garantizamos el acceso efectivo a la justicia, la verdad y la reparaci\u00f3n de las v\u00edctimas de los delitos.","publisher":{"@id":"https:\/\/www.fiscalia.gov.co\/colombia\/#organization"},"potentialAction":[{"@type":"SearchAction","target":{"@type":"EntryPoint","urlTemplate":"https:\/\/www.fiscalia.gov.co\/colombia\/?s={search_term_string}"},"query-input":{"@type":"PropertyValueSpecification","valueRequired":true,"valueName":"search_term_string"}}],"inLanguage":"es-CO"},{"@type":"Organization","@id":"https:\/\/www.fiscalia.gov.co\/colombia\/#organization","name":"Fiscal\u00eda General de la Naci\u00f3n","url":"https:\/\/www.fiscalia.gov.co\/colombia\/","logo":{"@type":"ImageObject","inLanguage":"es-CO","@id":"https:\/\/www.fiscalia.gov.co\/colombia\/#\/schema\/logo\/image\/","url":"https:\/\/www.fiscalia.gov.co\/colombia\/wp-content\/uploads\/LogoHorizontal_1.jpg","contentUrl":"https:\/\/www.fiscalia.gov.co\/colombia\/wp-content\/uploads\/LogoHorizontal_1.jpg","width":300,"height":90,"caption":"Fiscal\u00eda General de la Naci\u00f3n"},"image":{"@id":"https:\/\/www.fiscalia.gov.co\/colombia\/#\/schema\/logo\/image\/"},"sameAs":["https:\/\/www.facebook.com\/FiscaliaCol","https:\/\/x.com\/FiscaliaCol","https:\/\/www.instagram.com\/fiscaliacol","https:\/\/www.linkedin.com\/company\/fiscalia-general-de-la-naci-n\/","https:\/\/youtube.com\/@fiscaliageneraldelanacion-4668?si=6nN79nyQICPU5iTh"]},{"@type":"Person","@id":"https:\/\/www.fiscalia.gov.co\/colombia\/#\/schema\/person\/ba9eca435947489fb25117a0cd75bf3e","name":"Johanna Islenny Prieto Pe\u00f1a","image":{"@type":"ImageObject","inLanguage":"es-CO","@id":"https:\/\/www.fiscalia.gov.co\/colombia\/#\/schema\/person\/image\/","url":"https:\/\/secure.gravatar.com\/avatar\/111433fc2acb037ffb768f6a3ca47864?s=96&d=mm&r=g","contentUrl":"https:\/\/secure.gravatar.com\/avatar\/111433fc2acb037ffb768f6a3ca47864?s=96&d=mm&r=g","caption":"Johanna Islenny Prieto Pe\u00f1a"},"url":"https:\/\/www.fiscalia.gov.co\/colombia\/author\/jprietop\/"}]}},"_links":{"self":[{"href":"https:\/\/www.fiscalia.gov.co\/colombia\/wp-json\/wp\/v2\/posts\/303816","targetHints":{"allow":["GET"]}}],"collection":[{"href":"https:\/\/www.fiscalia.gov.co\/colombia\/wp-json\/wp\/v2\/posts"}],"about":[{"href":"https:\/\/www.fiscalia.gov.co\/colombia\/wp-json\/wp\/v2\/types\/post"}],"author":[{"embeddable":true,"href":"https:\/\/www.fiscalia.gov.co\/colombia\/wp-json\/wp\/v2\/users\/181"}],"replies":[{"embeddable":true,"href":"https:\/\/www.fiscalia.gov.co\/colombia\/wp-json\/wp\/v2\/comments?post=303816"}],"version-history":[{"count":2,"href":"https:\/\/www.fiscalia.gov.co\/colombia\/wp-json\/wp\/v2\/posts\/303816\/revisions"}],"predecessor-version":[{"id":303820,"href":"https:\/\/www.fiscalia.gov.co\/colombia\/wp-json\/wp\/v2\/posts\/303816\/revisions\/303820"}],"wp:attachment":[{"href":"https:\/\/www.fiscalia.gov.co\/colombia\/wp-json\/wp\/v2\/media?parent=303816"}],"wp:term":[{"taxonomy":"category","embeddable":true,"href":"https:\/\/www.fiscalia.gov.co\/colombia\/wp-json\/wp\/v2\/categories?post=303816"},{"taxonomy":"post_tag","embeddable":true,"href":"https:\/\/www.fiscalia.gov.co\/colombia\/wp-json\/wp\/v2\/tags?post=303816"}],"curies":[{"name":"wp","href":"https:\/\/api.w.org\/{rel}","templated":true}]}}