{"id":303778,"date":"2024-10-18T09:45:57","date_gmt":"2024-10-18T14:45:57","guid":{"rendered":"https:\/\/www.fiscalia.gov.co\/colombia\/?p=303778"},"modified":"2024-10-18T09:45:57","modified_gmt":"2024-10-18T14:45:57","slug":"a-la-carcel-presunta-responsable-de-participar-en-la-extorsion-a-un-ganadero-en-cesar","status":"publish","type":"post","link":"https:\/\/www.fiscalia.gov.co\/colombia\/noticias\/a-la-carcel-presunta-responsable-de-participar-en-la-extorsion-a-un-ganadero-en-cesar\/","title":{"rendered":"A la c\u00e1rcel presunta responsable de participar en la extorsi\u00f3n a un ganadero en Cesar"},"content":{"rendered":"<p><strong>La Fiscal\u00eda General de la Naci\u00f3n logr\u00f3 que un juez de control de garant\u00edas impusiera medida de aseguramiento en centro carcelario a\u00a0Estefany Esther Ram\u00edrez Segura<\/strong>, por su presunta participaci\u00f3n en una<a href=\"https:\/\/www.fiscalia.gov.co\/colombia\/noticias\/en-risaralda-fueron-judicializados-dos-hombres-que-habrian-extorsionado-a-un-comerciante\/\" target=\"_blank\" rel=\"noopener\"> extorsi\u00f3n<\/a> a un ganadero.<\/p>\n<figure id=\"attachment_303779\" aria-describedby=\"caption-attachment-303779\" style=\"width: 300px\" class=\"wp-caption alignnone\"><img loading=\"lazy\" decoding=\"async\" class=\"size-medium wp-image-303779\" src=\"https:\/\/www.fiscalia.gov.co\/colombia\/wp-content\/uploads\/Estefany-Esther-Ramirez-Segura-fue-capturada-en-Barranquilla-Atlantico-el-pasado-9-de-octubre-300x169.jpg\" alt=\"En la fotograf\u00eda aparece una mujer capturada, acompa\u00f1ada de uniformados del Ej\u00e9rcito Nacional y un servidor del CTI.  En la parte posterior un banner con logos de la entidad. \" width=\"300\" height=\"169\" srcset=\"https:\/\/www.fiscalia.gov.co\/colombia\/wp-content\/uploads\/Estefany-Esther-Ramirez-Segura-fue-capturada-en-Barranquilla-Atlantico-el-pasado-9-de-octubre-300x169.jpg 300w, https:\/\/www.fiscalia.gov.co\/colombia\/wp-content\/uploads\/Estefany-Esther-Ramirez-Segura-fue-capturada-en-Barranquilla-Atlantico-el-pasado-9-de-octubre-1024x576.jpg 1024w, https:\/\/www.fiscalia.gov.co\/colombia\/wp-content\/uploads\/Estefany-Esther-Ramirez-Segura-fue-capturada-en-Barranquilla-Atlantico-el-pasado-9-de-octubre-768x432.jpg 768w, https:\/\/www.fiscalia.gov.co\/colombia\/wp-content\/uploads\/Estefany-Esther-Ramirez-Segura-fue-capturada-en-Barranquilla-Atlantico-el-pasado-9-de-octubre-1536x864.jpg 1536w, https:\/\/www.fiscalia.gov.co\/colombia\/wp-content\/uploads\/Estefany-Esther-Ramirez-Segura-fue-capturada-en-Barranquilla-Atlantico-el-pasado-9-de-octubre-747x420.jpg 747w, https:\/\/www.fiscalia.gov.co\/colombia\/wp-content\/uploads\/Estefany-Esther-Ramirez-Segura-fue-capturada-en-Barranquilla-Atlantico-el-pasado-9-de-octubre-696x392.jpg 696w, https:\/\/www.fiscalia.gov.co\/colombia\/wp-content\/uploads\/Estefany-Esther-Ramirez-Segura-fue-capturada-en-Barranquilla-Atlantico-el-pasado-9-de-octubre-1068x601.jpg 1068w, https:\/\/www.fiscalia.gov.co\/colombia\/wp-content\/uploads\/Estefany-Esther-Ramirez-Segura-fue-capturada-en-Barranquilla-Atlantico-el-pasado-9-de-octubre.jpg 1600w\" sizes=\"auto, (max-width: 300px) 100vw, 300px\" \/><figcaption id=\"caption-attachment-303779\" class=\"wp-caption-text\">Estefany Esther Ram\u00edrez Segura, fue capturada en Barranquilla (Atl\u00e1ntico) el pasado 9 de octubre.<\/figcaption><\/figure>\n<p><strong>Un fiscal de la Seccional Cesar imput\u00f3 a la procesada el delito de extorsi\u00f3n agravada, consumada.<\/strong> Los hechos ocurrieron el pasado 12 de marzo cuando un ganadero recibi\u00f3 llamadas extorsivas desde un establecimiento carcelario de la Dorada (Caldas) en las que le habr\u00edan pedido 25 millones de pesos a cambio de no atentar contra la vida de sus trabajadores y de no sacrificar varios de sus animales.<\/p>\n<p>De acuerdo con la investigaci\u00f3n, se logr\u00f3 acordar el dep\u00f3sito de siete millones de pesos a una cuenta bancaria en la que figura como titular Ram\u00edrez Segura.<strong> La Fiscal\u00eda estableci\u00f3 que el dinero habr\u00eda sido retirado el mismo d\u00eda por la hoy procesada mediante varias transacciones de cajeros electr\u00f3nicos en Barranquilla (Atl\u00e1ntico).\u00a0\u00a0\u00a0<\/strong><\/p>\n<p>De igual forma, se puedo evidenciar que esta persona habr\u00eda recibido consignaciones de otros casos de extorsi\u00f3n que son investigados.<\/p>\n<p>La mujer fue capturada por servidores del Cuerpo T\u00e9cnico de Investigaciones (CTI) y el Gaula Ej\u00e9rcito Nacional, <strong>el pasado 9 de octubre en Barranquilla en cumplimiento de una orden judicial.<\/strong><\/p>\n<p>Por decisi\u00f3n judicial deber\u00e1 cumplir la medida de aseguramiento en la c\u00e1rcel El Bosque de la capital atlanticense.<\/p>\n<p>&nbsp;<\/p>\n<p>EDH\/AMCJ\/MAGA\/JMAB\/DSC.<\/p>\n<p>&nbsp;<\/p>\n<p>&nbsp;<\/p>\n<p>&nbsp;<\/p>\n<p><em>La informaci\u00f3n contenida en este bolet\u00edn de prensa corresponde a la narraci\u00f3n de los hechos noticiosos objetivos, y las investigaciones penales al interior de la Fiscal\u00eda General de la Naci\u00f3n. Para el momento de la divulgaci\u00f3n de este comunicado, la situaci\u00f3n jur\u00eddica de la(s) persona(s) relacionada(s) se encuentra pendiente de resolver por la autoridad judicial competente, siempre bajo los preceptos de la presunci\u00f3n de inocencia, consagrados en el art\u00edculo 29 de la Constituci\u00f3n Pol\u00edtica y el art\u00edculo 7\u00ba de la Ley 906 de 2004.<\/em><\/p>\n<p>&nbsp;<\/p>\n<p>&nbsp;<\/p>\n\n<div class=\"twitter-share\"><a href=\"https:\/\/twitter.com\/intent\/tweet?via=fiscaliacol\" class=\"twitter-share-button\">Tweet<\/a><\/div>\n","protected":false},"excerpt":{"rendered":"<p>La Fiscal\u00eda General de la Naci\u00f3n logr\u00f3 que un juez de control de garant\u00edas impusiera medida de aseguramiento en centro carcelario a\u00a0Estefany Esther Ram\u00edrez Segura, por su presunta participaci\u00f3n en una extorsi\u00f3n a un ganadero. Un fiscal de la Seccional Cesar imput\u00f3 a la procesada el delito de extorsi\u00f3n agravada, consumada. Los hechos ocurrieron el [&hellip;]<\/p>\n","protected":false},"author":181,"featured_media":0,"comment_status":"closed","ping_status":"open","sticky":false,"template":"","format":"standard","meta":{"tdm_status":"","tdm_grid_status":"","footnotes":""},"categories":[1],"tags":[26804,3292,37492,24965],"class_list":{"0":"post-303778","1":"post","2":"type-post","3":"status-publish","4":"format-standard","6":"category-noticias","7":"tag-amenazas-guerrillas-stiven-gonzalez-fiscalia-colombia-fiscalia-general-de-la-nacion","8":"tag-extorsion-agravada","9":"tag-fiscal-luz-adriana-camargo","10":"tag-valledupar-cesar"},"yoast_head":"<!-- This site is optimized with the Yoast SEO plugin v24.3 - https:\/\/yoast.com\/wordpress\/plugins\/seo\/ -->\n<title>Fiscal\u00eda General de la Naci\u00f3n<\/title>\n<meta name=\"description\" content=\"P\u00e1gina oficial de la Fiscal\u00eda General de la Naci\u00f3n \u2013 Colombia. Garantizamos el acceso efectivo a la justicia, la verdad y la reparaci\u00f3n de las v\u00edctimas de los delitos.\" \/>\n<meta name=\"robots\" content=\"noindex, follow\" \/>\n<meta property=\"og:locale\" content=\"es_ES\" \/>\n<meta property=\"og:type\" content=\"article\" \/>\n<meta property=\"og:title\" content=\"Fiscal\u00eda General de la Naci\u00f3n\" \/>\n<meta property=\"og:description\" content=\"P\u00e1gina oficial de la Fiscal\u00eda General de la Naci\u00f3n \u2013 Colombia. Garantizamos el acceso efectivo a la justicia, la verdad y la reparaci\u00f3n de las v\u00edctimas de los delitos.\" \/>\n<meta property=\"og:url\" content=\"https:\/\/www.fiscalia.gov.co\/colombia\/noticias\/a-la-carcel-presunta-responsable-de-participar-en-la-extorsion-a-un-ganadero-en-cesar\/\" \/>\n<meta property=\"og:site_name\" content=\"Fiscal\u00eda General de la Naci\u00f3n\" \/>\n<meta property=\"article:publisher\" content=\"https:\/\/www.facebook.com\/FiscaliaCol\" \/>\n<meta property=\"article:published_time\" content=\"2024-10-18T14:45:57+00:00\" \/>\n<meta property=\"og:image\" content=\"https:\/\/www.fiscalia.gov.co\/colombia\/wp-content\/uploads\/Estefany-Esther-Ramirez-Segura-fue-capturada-en-Barranquilla-Atlantico-el-pasado-9-de-octubre-300x169.jpg\" \/>\n<meta name=\"author\" content=\"Johanna Islenny Prieto Pe\u00f1a\" \/>\n<meta name=\"twitter:card\" content=\"summary_large_image\" \/>\n<meta name=\"twitter:creator\" content=\"@FiscaliaCol\" \/>\n<meta name=\"twitter:site\" content=\"@FiscaliaCol\" \/>\n<meta name=\"twitter:label1\" content=\"Escrito por\" \/>\n\t<meta name=\"twitter:data1\" content=\"Johanna Islenny Prieto Pe\u00f1a\" \/>\n\t<meta name=\"twitter:label2\" content=\"Tiempo de lectura\" \/>\n\t<meta name=\"twitter:data2\" content=\"2 minutos\" \/>\n<script type=\"application\/ld+json\" class=\"yoast-schema-graph\">{\"@context\":\"https:\/\/schema.org\",\"@graph\":[{\"@type\":\"Article\",\"@id\":\"https:\/\/www.fiscalia.gov.co\/colombia\/noticias\/a-la-carcel-presunta-responsable-de-participar-en-la-extorsion-a-un-ganadero-en-cesar\/#article\",\"isPartOf\":{\"@id\":\"https:\/\/www.fiscalia.gov.co\/colombia\/noticias\/a-la-carcel-presunta-responsable-de-participar-en-la-extorsion-a-un-ganadero-en-cesar\/\"},\"author\":{\"name\":\"Johanna Islenny Prieto Pe\u00f1a\",\"@id\":\"https:\/\/www.fiscalia.gov.co\/colombia\/#\/schema\/person\/ba9eca435947489fb25117a0cd75bf3e\"},\"headline\":\"A la c\u00e1rcel presunta responsable de participar en la extorsi\u00f3n a un ganadero en Cesar\",\"datePublished\":\"2024-10-18T14:45:57+00:00\",\"dateModified\":\"2024-10-18T14:45:57+00:00\",\"mainEntityOfPage\":{\"@id\":\"https:\/\/www.fiscalia.gov.co\/colombia\/noticias\/a-la-carcel-presunta-responsable-de-participar-en-la-extorsion-a-un-ganadero-en-cesar\/\"},\"wordCount\":388,\"publisher\":{\"@id\":\"https:\/\/www.fiscalia.gov.co\/colombia\/#organization\"},\"image\":{\"@id\":\"https:\/\/www.fiscalia.gov.co\/colombia\/noticias\/a-la-carcel-presunta-responsable-de-participar-en-la-extorsion-a-un-ganadero-en-cesar\/#primaryimage\"},\"thumbnailUrl\":\"https:\/\/www.fiscalia.gov.co\/colombia\/wp-content\/uploads\/Estefany-Esther-Ramirez-Segura-fue-capturada-en-Barranquilla-Atlantico-el-pasado-9-de-octubre-300x169.jpg\",\"keywords\":[\"amenazas. Guerrillas Stiven Gonz\u00e1lez. Fiscal\u00eda Colombia. Fiscal\u00eda General de la Naci\u00f3n\",\"Extorsi\u00f3n agravada\",\"Fiscal Luz Adriana Camargo\",\"Valledupar (Cesar)\"],\"articleSection\":[\"Noticias\"],\"inLanguage\":\"es-CO\"},{\"@type\":\"WebPage\",\"@id\":\"https:\/\/www.fiscalia.gov.co\/colombia\/noticias\/a-la-carcel-presunta-responsable-de-participar-en-la-extorsion-a-un-ganadero-en-cesar\/\",\"url\":\"https:\/\/www.fiscalia.gov.co\/colombia\/noticias\/a-la-carcel-presunta-responsable-de-participar-en-la-extorsion-a-un-ganadero-en-cesar\/\",\"name\":\"Fiscal\u00eda General de la Naci\u00f3n\",\"isPartOf\":{\"@id\":\"https:\/\/www.fiscalia.gov.co\/colombia\/#website\"},\"primaryImageOfPage\":{\"@id\":\"https:\/\/www.fiscalia.gov.co\/colombia\/noticias\/a-la-carcel-presunta-responsable-de-participar-en-la-extorsion-a-un-ganadero-en-cesar\/#primaryimage\"},\"image\":{\"@id\":\"https:\/\/www.fiscalia.gov.co\/colombia\/noticias\/a-la-carcel-presunta-responsable-de-participar-en-la-extorsion-a-un-ganadero-en-cesar\/#primaryimage\"},\"thumbnailUrl\":\"https:\/\/www.fiscalia.gov.co\/colombia\/wp-content\/uploads\/Estefany-Esther-Ramirez-Segura-fue-capturada-en-Barranquilla-Atlantico-el-pasado-9-de-octubre-300x169.jpg\",\"datePublished\":\"2024-10-18T14:45:57+00:00\",\"dateModified\":\"2024-10-18T14:45:57+00:00\",\"description\":\"P\u00e1gina oficial de la Fiscal\u00eda General de la Naci\u00f3n \u2013 Colombia. Garantizamos el acceso efectivo a la justicia, la verdad y la reparaci\u00f3n de las v\u00edctimas de los delitos.\",\"breadcrumb\":{\"@id\":\"https:\/\/www.fiscalia.gov.co\/colombia\/noticias\/a-la-carcel-presunta-responsable-de-participar-en-la-extorsion-a-un-ganadero-en-cesar\/#breadcrumb\"},\"inLanguage\":\"es-CO\",\"potentialAction\":[{\"@type\":\"ReadAction\",\"target\":[\"https:\/\/www.fiscalia.gov.co\/colombia\/noticias\/a-la-carcel-presunta-responsable-de-participar-en-la-extorsion-a-un-ganadero-en-cesar\/\"]}]},{\"@type\":\"ImageObject\",\"inLanguage\":\"es-CO\",\"@id\":\"https:\/\/www.fiscalia.gov.co\/colombia\/noticias\/a-la-carcel-presunta-responsable-de-participar-en-la-extorsion-a-un-ganadero-en-cesar\/#primaryimage\",\"url\":\"https:\/\/www.fiscalia.gov.co\/colombia\/wp-content\/uploads\/Estefany-Esther-Ramirez-Segura-fue-capturada-en-Barranquilla-Atlantico-el-pasado-9-de-octubre.jpg\",\"contentUrl\":\"https:\/\/www.fiscalia.gov.co\/colombia\/wp-content\/uploads\/Estefany-Esther-Ramirez-Segura-fue-capturada-en-Barranquilla-Atlantico-el-pasado-9-de-octubre.jpg\",\"width\":1600,\"height\":900,\"caption\":\"Estefany Esther Ram\u00edrez Segura, fue capturada en Barranquilla (Atl\u00e1ntico) el pasado 9 de octubre. \u00a0\u00a0\"},{\"@type\":\"BreadcrumbList\",\"@id\":\"https:\/\/www.fiscalia.gov.co\/colombia\/noticias\/a-la-carcel-presunta-responsable-de-participar-en-la-extorsion-a-un-ganadero-en-cesar\/#breadcrumb\",\"itemListElement\":[{\"@type\":\"ListItem\",\"position\":1,\"name\":\"Home\",\"item\":\"https:\/\/www.fiscalia.gov.co\/colombia\/\"},{\"@type\":\"ListItem\",\"position\":2,\"name\":\"A la c\u00e1rcel presunta responsable de participar en la extorsi\u00f3n a un ganadero en Cesar\"}]},{\"@type\":\"WebSite\",\"@id\":\"https:\/\/www.fiscalia.gov.co\/colombia\/#website\",\"url\":\"https:\/\/www.fiscalia.gov.co\/colombia\/\",\"name\":\"Fiscal\u00eda General de la Naci\u00f3n\",\"description\":\"P\u00e1gina oficial de la Fiscal\u00eda General de la Naci\u00f3n \u2013 Colombia. Garantizamos el acceso efectivo a la justicia, la verdad y la reparaci\u00f3n de las v\u00edctimas de los delitos.\",\"publisher\":{\"@id\":\"https:\/\/www.fiscalia.gov.co\/colombia\/#organization\"},\"potentialAction\":[{\"@type\":\"SearchAction\",\"target\":{\"@type\":\"EntryPoint\",\"urlTemplate\":\"https:\/\/www.fiscalia.gov.co\/colombia\/?s={search_term_string}\"},\"query-input\":{\"@type\":\"PropertyValueSpecification\",\"valueRequired\":true,\"valueName\":\"search_term_string\"}}],\"inLanguage\":\"es-CO\"},{\"@type\":\"Organization\",\"@id\":\"https:\/\/www.fiscalia.gov.co\/colombia\/#organization\",\"name\":\"Fiscal\u00eda General de la Naci\u00f3n\",\"url\":\"https:\/\/www.fiscalia.gov.co\/colombia\/\",\"logo\":{\"@type\":\"ImageObject\",\"inLanguage\":\"es-CO\",\"@id\":\"https:\/\/www.fiscalia.gov.co\/colombia\/#\/schema\/logo\/image\/\",\"url\":\"https:\/\/www.fiscalia.gov.co\/colombia\/wp-content\/uploads\/LogoHorizontal_1.jpg\",\"contentUrl\":\"https:\/\/www.fiscalia.gov.co\/colombia\/wp-content\/uploads\/LogoHorizontal_1.jpg\",\"width\":300,\"height\":90,\"caption\":\"Fiscal\u00eda General de la Naci\u00f3n\"},\"image\":{\"@id\":\"https:\/\/www.fiscalia.gov.co\/colombia\/#\/schema\/logo\/image\/\"},\"sameAs\":[\"https:\/\/www.facebook.com\/FiscaliaCol\",\"https:\/\/x.com\/FiscaliaCol\",\"https:\/\/www.instagram.com\/fiscaliacol\",\"https:\/\/www.linkedin.com\/company\/fiscalia-general-de-la-naci-n\/\",\"https:\/\/youtube.com\/@fiscaliageneraldelanacion-4668?si=6nN79nyQICPU5iTh\"]},{\"@type\":\"Person\",\"@id\":\"https:\/\/www.fiscalia.gov.co\/colombia\/#\/schema\/person\/ba9eca435947489fb25117a0cd75bf3e\",\"name\":\"Johanna Islenny Prieto Pe\u00f1a\",\"image\":{\"@type\":\"ImageObject\",\"inLanguage\":\"es-CO\",\"@id\":\"https:\/\/www.fiscalia.gov.co\/colombia\/#\/schema\/person\/image\/\",\"url\":\"https:\/\/secure.gravatar.com\/avatar\/111433fc2acb037ffb768f6a3ca47864?s=96&d=mm&r=g\",\"contentUrl\":\"https:\/\/secure.gravatar.com\/avatar\/111433fc2acb037ffb768f6a3ca47864?s=96&d=mm&r=g\",\"caption\":\"Johanna Islenny Prieto Pe\u00f1a\"},\"url\":\"https:\/\/www.fiscalia.gov.co\/colombia\/author\/jprietop\/\"}]}<\/script>\n<!-- \/ Yoast SEO plugin. -->","yoast_head_json":{"title":"Fiscal\u00eda General de la Naci\u00f3n","description":"P\u00e1gina oficial de la Fiscal\u00eda General de la Naci\u00f3n \u2013 Colombia. Garantizamos el acceso efectivo a la justicia, la verdad y la reparaci\u00f3n de las v\u00edctimas de los delitos.","robots":{"index":"noindex","follow":"follow"},"og_locale":"es_ES","og_type":"article","og_title":"Fiscal\u00eda General de la Naci\u00f3n","og_description":"P\u00e1gina oficial de la Fiscal\u00eda General de la Naci\u00f3n \u2013 Colombia. Garantizamos el acceso efectivo a la justicia, la verdad y la reparaci\u00f3n de las v\u00edctimas de los delitos.","og_url":"https:\/\/www.fiscalia.gov.co\/colombia\/noticias\/a-la-carcel-presunta-responsable-de-participar-en-la-extorsion-a-un-ganadero-en-cesar\/","og_site_name":"Fiscal\u00eda General de la Naci\u00f3n","article_publisher":"https:\/\/www.facebook.com\/FiscaliaCol","article_published_time":"2024-10-18T14:45:57+00:00","og_image":[{"url":"https:\/\/www.fiscalia.gov.co\/colombia\/wp-content\/uploads\/Estefany-Esther-Ramirez-Segura-fue-capturada-en-Barranquilla-Atlantico-el-pasado-9-de-octubre-300x169.jpg","type":"","width":"","height":""}],"author":"Johanna Islenny Prieto Pe\u00f1a","twitter_card":"summary_large_image","twitter_creator":"@FiscaliaCol","twitter_site":"@FiscaliaCol","twitter_misc":{"Escrito por":"Johanna Islenny Prieto Pe\u00f1a","Tiempo de lectura":"2 minutos"},"schema":{"@context":"https:\/\/schema.org","@graph":[{"@type":"Article","@id":"https:\/\/www.fiscalia.gov.co\/colombia\/noticias\/a-la-carcel-presunta-responsable-de-participar-en-la-extorsion-a-un-ganadero-en-cesar\/#article","isPartOf":{"@id":"https:\/\/www.fiscalia.gov.co\/colombia\/noticias\/a-la-carcel-presunta-responsable-de-participar-en-la-extorsion-a-un-ganadero-en-cesar\/"},"author":{"name":"Johanna Islenny Prieto Pe\u00f1a","@id":"https:\/\/www.fiscalia.gov.co\/colombia\/#\/schema\/person\/ba9eca435947489fb25117a0cd75bf3e"},"headline":"A la c\u00e1rcel presunta responsable de participar en la extorsi\u00f3n a un ganadero en Cesar","datePublished":"2024-10-18T14:45:57+00:00","dateModified":"2024-10-18T14:45:57+00:00","mainEntityOfPage":{"@id":"https:\/\/www.fiscalia.gov.co\/colombia\/noticias\/a-la-carcel-presunta-responsable-de-participar-en-la-extorsion-a-un-ganadero-en-cesar\/"},"wordCount":388,"publisher":{"@id":"https:\/\/www.fiscalia.gov.co\/colombia\/#organization"},"image":{"@id":"https:\/\/www.fiscalia.gov.co\/colombia\/noticias\/a-la-carcel-presunta-responsable-de-participar-en-la-extorsion-a-un-ganadero-en-cesar\/#primaryimage"},"thumbnailUrl":"https:\/\/www.fiscalia.gov.co\/colombia\/wp-content\/uploads\/Estefany-Esther-Ramirez-Segura-fue-capturada-en-Barranquilla-Atlantico-el-pasado-9-de-octubre-300x169.jpg","keywords":["amenazas. Guerrillas Stiven Gonz\u00e1lez. Fiscal\u00eda Colombia. Fiscal\u00eda General de la Naci\u00f3n","Extorsi\u00f3n agravada","Fiscal Luz Adriana Camargo","Valledupar (Cesar)"],"articleSection":["Noticias"],"inLanguage":"es-CO"},{"@type":"WebPage","@id":"https:\/\/www.fiscalia.gov.co\/colombia\/noticias\/a-la-carcel-presunta-responsable-de-participar-en-la-extorsion-a-un-ganadero-en-cesar\/","url":"https:\/\/www.fiscalia.gov.co\/colombia\/noticias\/a-la-carcel-presunta-responsable-de-participar-en-la-extorsion-a-un-ganadero-en-cesar\/","name":"Fiscal\u00eda General de la Naci\u00f3n","isPartOf":{"@id":"https:\/\/www.fiscalia.gov.co\/colombia\/#website"},"primaryImageOfPage":{"@id":"https:\/\/www.fiscalia.gov.co\/colombia\/noticias\/a-la-carcel-presunta-responsable-de-participar-en-la-extorsion-a-un-ganadero-en-cesar\/#primaryimage"},"image":{"@id":"https:\/\/www.fiscalia.gov.co\/colombia\/noticias\/a-la-carcel-presunta-responsable-de-participar-en-la-extorsion-a-un-ganadero-en-cesar\/#primaryimage"},"thumbnailUrl":"https:\/\/www.fiscalia.gov.co\/colombia\/wp-content\/uploads\/Estefany-Esther-Ramirez-Segura-fue-capturada-en-Barranquilla-Atlantico-el-pasado-9-de-octubre-300x169.jpg","datePublished":"2024-10-18T14:45:57+00:00","dateModified":"2024-10-18T14:45:57+00:00","description":"P\u00e1gina oficial de la Fiscal\u00eda General de la Naci\u00f3n \u2013 Colombia. Garantizamos el acceso efectivo a la justicia, la verdad y la reparaci\u00f3n de las v\u00edctimas de los delitos.","breadcrumb":{"@id":"https:\/\/www.fiscalia.gov.co\/colombia\/noticias\/a-la-carcel-presunta-responsable-de-participar-en-la-extorsion-a-un-ganadero-en-cesar\/#breadcrumb"},"inLanguage":"es-CO","potentialAction":[{"@type":"ReadAction","target":["https:\/\/www.fiscalia.gov.co\/colombia\/noticias\/a-la-carcel-presunta-responsable-de-participar-en-la-extorsion-a-un-ganadero-en-cesar\/"]}]},{"@type":"ImageObject","inLanguage":"es-CO","@id":"https:\/\/www.fiscalia.gov.co\/colombia\/noticias\/a-la-carcel-presunta-responsable-de-participar-en-la-extorsion-a-un-ganadero-en-cesar\/#primaryimage","url":"https:\/\/www.fiscalia.gov.co\/colombia\/wp-content\/uploads\/Estefany-Esther-Ramirez-Segura-fue-capturada-en-Barranquilla-Atlantico-el-pasado-9-de-octubre.jpg","contentUrl":"https:\/\/www.fiscalia.gov.co\/colombia\/wp-content\/uploads\/Estefany-Esther-Ramirez-Segura-fue-capturada-en-Barranquilla-Atlantico-el-pasado-9-de-octubre.jpg","width":1600,"height":900,"caption":"Estefany Esther Ram\u00edrez Segura, fue capturada en Barranquilla (Atl\u00e1ntico) el pasado 9 de octubre. \u00a0\u00a0"},{"@type":"BreadcrumbList","@id":"https:\/\/www.fiscalia.gov.co\/colombia\/noticias\/a-la-carcel-presunta-responsable-de-participar-en-la-extorsion-a-un-ganadero-en-cesar\/#breadcrumb","itemListElement":[{"@type":"ListItem","position":1,"name":"Home","item":"https:\/\/www.fiscalia.gov.co\/colombia\/"},{"@type":"ListItem","position":2,"name":"A la c\u00e1rcel presunta responsable de participar en la extorsi\u00f3n a un ganadero en Cesar"}]},{"@type":"WebSite","@id":"https:\/\/www.fiscalia.gov.co\/colombia\/#website","url":"https:\/\/www.fiscalia.gov.co\/colombia\/","name":"Fiscal\u00eda General de la Naci\u00f3n","description":"P\u00e1gina oficial de la Fiscal\u00eda General de la Naci\u00f3n \u2013 Colombia. Garantizamos el acceso efectivo a la justicia, la verdad y la reparaci\u00f3n de las v\u00edctimas de los delitos.","publisher":{"@id":"https:\/\/www.fiscalia.gov.co\/colombia\/#organization"},"potentialAction":[{"@type":"SearchAction","target":{"@type":"EntryPoint","urlTemplate":"https:\/\/www.fiscalia.gov.co\/colombia\/?s={search_term_string}"},"query-input":{"@type":"PropertyValueSpecification","valueRequired":true,"valueName":"search_term_string"}}],"inLanguage":"es-CO"},{"@type":"Organization","@id":"https:\/\/www.fiscalia.gov.co\/colombia\/#organization","name":"Fiscal\u00eda General de la Naci\u00f3n","url":"https:\/\/www.fiscalia.gov.co\/colombia\/","logo":{"@type":"ImageObject","inLanguage":"es-CO","@id":"https:\/\/www.fiscalia.gov.co\/colombia\/#\/schema\/logo\/image\/","url":"https:\/\/www.fiscalia.gov.co\/colombia\/wp-content\/uploads\/LogoHorizontal_1.jpg","contentUrl":"https:\/\/www.fiscalia.gov.co\/colombia\/wp-content\/uploads\/LogoHorizontal_1.jpg","width":300,"height":90,"caption":"Fiscal\u00eda General de la Naci\u00f3n"},"image":{"@id":"https:\/\/www.fiscalia.gov.co\/colombia\/#\/schema\/logo\/image\/"},"sameAs":["https:\/\/www.facebook.com\/FiscaliaCol","https:\/\/x.com\/FiscaliaCol","https:\/\/www.instagram.com\/fiscaliacol","https:\/\/www.linkedin.com\/company\/fiscalia-general-de-la-naci-n\/","https:\/\/youtube.com\/@fiscaliageneraldelanacion-4668?si=6nN79nyQICPU5iTh"]},{"@type":"Person","@id":"https:\/\/www.fiscalia.gov.co\/colombia\/#\/schema\/person\/ba9eca435947489fb25117a0cd75bf3e","name":"Johanna Islenny Prieto Pe\u00f1a","image":{"@type":"ImageObject","inLanguage":"es-CO","@id":"https:\/\/www.fiscalia.gov.co\/colombia\/#\/schema\/person\/image\/","url":"https:\/\/secure.gravatar.com\/avatar\/111433fc2acb037ffb768f6a3ca47864?s=96&d=mm&r=g","contentUrl":"https:\/\/secure.gravatar.com\/avatar\/111433fc2acb037ffb768f6a3ca47864?s=96&d=mm&r=g","caption":"Johanna Islenny Prieto Pe\u00f1a"},"url":"https:\/\/www.fiscalia.gov.co\/colombia\/author\/jprietop\/"}]}},"_links":{"self":[{"href":"https:\/\/www.fiscalia.gov.co\/colombia\/wp-json\/wp\/v2\/posts\/303778","targetHints":{"allow":["GET"]}}],"collection":[{"href":"https:\/\/www.fiscalia.gov.co\/colombia\/wp-json\/wp\/v2\/posts"}],"about":[{"href":"https:\/\/www.fiscalia.gov.co\/colombia\/wp-json\/wp\/v2\/types\/post"}],"author":[{"embeddable":true,"href":"https:\/\/www.fiscalia.gov.co\/colombia\/wp-json\/wp\/v2\/users\/181"}],"replies":[{"embeddable":true,"href":"https:\/\/www.fiscalia.gov.co\/colombia\/wp-json\/wp\/v2\/comments?post=303778"}],"version-history":[{"count":1,"href":"https:\/\/www.fiscalia.gov.co\/colombia\/wp-json\/wp\/v2\/posts\/303778\/revisions"}],"predecessor-version":[{"id":303780,"href":"https:\/\/www.fiscalia.gov.co\/colombia\/wp-json\/wp\/v2\/posts\/303778\/revisions\/303780"}],"wp:attachment":[{"href":"https:\/\/www.fiscalia.gov.co\/colombia\/wp-json\/wp\/v2\/media?parent=303778"}],"wp:term":[{"taxonomy":"category","embeddable":true,"href":"https:\/\/www.fiscalia.gov.co\/colombia\/wp-json\/wp\/v2\/categories?post=303778"},{"taxonomy":"post_tag","embeddable":true,"href":"https:\/\/www.fiscalia.gov.co\/colombia\/wp-json\/wp\/v2\/tags?post=303778"}],"curies":[{"name":"wp","href":"https:\/\/api.w.org\/{rel}","templated":true}]}}