{"id":303758,"date":"2024-10-17T17:27:42","date_gmt":"2024-10-17T22:27:42","guid":{"rendered":"https:\/\/www.fiscalia.gov.co\/colombia\/?p=303758"},"modified":"2024-10-17T17:27:42","modified_gmt":"2024-10-17T22:27:42","slug":"judicializado-presunto-responsable-de-varios-hurtos-en-cucuta-norte-de-santander","status":"publish","type":"post","link":"https:\/\/www.fiscalia.gov.co\/colombia\/noticias\/judicializado-presunto-responsable-de-varios-hurtos-en-cucuta-norte-de-santander\/","title":{"rendered":"Judicializado presunto responsable de varios hurtos en C\u00facuta (Norte de Santander)"},"content":{"rendered":"<p style=\"font-weight: 400;\">La Fiscal\u00eda General de la Naci\u00f3n judicializ\u00f3 a \u00d3scar Eduardo Meneses Guerrero por su presunta responsabilidad en varios\u00a0<strong><a href=\"https:\/\/www.fiscalia.gov.co\/colombia\/noticias\/a-la-carcel-presunto-responsable-de-hurto-a-traves-de-medios-informaticos-en-norte-de-santander\/\" data-saferedirecturl=\"https:\/\/www.google.com\/url?q=https:\/\/www.fiscalia.gov.co\/colombia\/noticias\/a-la-carcel-presunto-responsable-de-hurto-a-traves-de-medios-informaticos-en-norte-de-santander\/&amp;source=gmail&amp;ust=1729289949896000&amp;usg=AOvVaw1m1eeXpwTBuhZOezENxy5a\">hurtos<\/a>\u00a0violentos a personas cometidos en C\u00facuta.\u00a0<\/strong>Un fiscal de la Seccional Norte de Santander imput\u00f3 al procesado el delito de hurto calificado y agravado en concurso homog\u00e9neo y sucesivo.<\/p>\n<figure id=\"attachment_303759\" aria-describedby=\"caption-attachment-303759\" style=\"width: 300px\" class=\"wp-caption alignnone\"><img loading=\"lazy\" decoding=\"async\" class=\"size-medium wp-image-303759\" src=\"https:\/\/www.fiscalia.gov.co\/colombia\/wp-content\/uploads\/image-7-2-300x169.png\" alt=\"Se visualiza al capturado junto a dos uniformados de la Polic\u00eda Nacional. Detr\u00e1s de ellos el banner que identifica a la Polic\u00eda Nacional. \" width=\"300\" height=\"169\" srcset=\"https:\/\/www.fiscalia.gov.co\/colombia\/wp-content\/uploads\/image-7-2-300x169.png 300w, https:\/\/www.fiscalia.gov.co\/colombia\/wp-content\/uploads\/image-7-2-768x432.png 768w, https:\/\/www.fiscalia.gov.co\/colombia\/wp-content\/uploads\/image-7-2-746x420.png 746w, https:\/\/www.fiscalia.gov.co\/colombia\/wp-content\/uploads\/image-7-2-696x392.png 696w, https:\/\/www.fiscalia.gov.co\/colombia\/wp-content\/uploads\/image-7-2.png 771w\" sizes=\"auto, (max-width: 300px) 100vw, 300px\" \/><figcaption id=\"caption-attachment-303759\" class=\"wp-caption-text\">\u00d3scar Eduardo Meneses Guerrero, fue capturado por orden judicial y judicializado por hurto calificado y agravado y enviado a la c\u00e1rcel.<\/figcaption><\/figure>\n<p style=\"font-weight: 400;\">Los elementos materiales probatorios y la evidencia f\u00edsica recopilada evidenciaron que el procesado estar\u00eda implicado en cuatro hechos delincuenciales ocurridos en <strong>febrero, marzo, junio y julio de este a\u00f1o en los barrios Trigal del Norte, Toledo Plata y La Concordia.<\/strong><\/p>\n<p style=\"font-weight: 400;\">La investigaci\u00f3n da cuenta de que Meneses Guerrero, al parecer, abordaba a las v\u00edctimas, las amenazaba con arma de fuego y <strong>de forma violenta las despojaba de sus celulares y dinero.<\/strong><\/p>\n<p style=\"font-weight: 400;\">El hombre fue\u00a0<a href=\"https:\/\/www.fiscalia.gov.co\/colombia\/noticias\/a-la-carcel-dos-presuntos-responsables-de-un-hurto-en-zona-residencial-de-cucuta-norte-de-santander\/\" data-saferedirecturl=\"https:\/\/www.google.com\/url?q=https:\/\/www.fiscalia.gov.co\/colombia\/noticias\/a-la-carcel-dos-presuntos-responsables-de-un-hurto-en-zona-residencial-de-cucuta-norte-de-santander\/&amp;source=gmail&amp;ust=1729289949896000&amp;usg=AOvVaw1Y6pqGnCbrz31an-NW_uSf\">capturado<\/a>\u00a0en zona c\u00e9ntrica de esta ciudad, el pasado 16 de octubre por la Polic\u00eda Nacional y enviado a la c\u00e1rcel.<\/p>\n<p style=\"font-weight: 400;\">\n<p style=\"font-weight: 400;\">MPHA\/AMCJ\/MAGA\/SSQ\/EDBC\/DSNS<\/p>\n<p>&nbsp;<\/p>\n<p>&nbsp;<\/p>\n<p style=\"font-weight: 400;\">\n<p style=\"font-weight: 400;\"><em>La informaci\u00f3n contenida en este bolet\u00edn de prensa corresponde a la narraci\u00f3n de los hechos noticiosos objetivos, suministrados por los funcionarios encargados de adelantar las investigaciones penales al interior de la Fiscal\u00eda General de la Naci\u00f3n. Para el momento de la divulgaci\u00f3n de este comunicado, la situaci\u00f3n jur\u00eddica de la(s) persona(s) relacionada(s) se encuentra pendiente de resolver por la autoridad judicial competente, siempre bajo los preceptos de la presunci\u00f3n de inocencia, consagrados en el art\u00edculo 29 de la Constituci\u00f3n Pol\u00edtica y el art\u00edculo 7\u00ba de la Ley 906 de 2004.<\/em><\/p>\n<p style=\"font-weight: 400;\">\n<p style=\"font-weight: 400;\">\n\n<div class=\"twitter-share\"><a href=\"https:\/\/twitter.com\/intent\/tweet?via=fiscaliacol\" class=\"twitter-share-button\">Tweet<\/a><\/div>\n","protected":false},"excerpt":{"rendered":"<p>La Fiscal\u00eda General de la Naci\u00f3n judicializ\u00f3 a \u00d3scar Eduardo Meneses Guerrero por su presunta responsabilidad en varios\u00a0hurtos\u00a0violentos a personas cometidos en C\u00facuta.\u00a0Un fiscal de la Seccional Norte de Santander imput\u00f3 al procesado el delito de hurto calificado y agravado en concurso homog\u00e9neo y sucesivo. Los elementos materiales probatorios y la evidencia f\u00edsica recopilada evidenciaron [&hellip;]<\/p>\n","protected":false},"author":181,"featured_media":0,"comment_status":"closed","ping_status":"open","sticky":false,"template":"","format":"standard","meta":{"_price":"","_stock":"","_tribe_ticket_header":"","_tribe_default_ticket_provider":"","_tribe_ticket_capacity":"0","_ticket_start_date":"","_ticket_end_date":"","_tribe_ticket_show_description":"","_tribe_ticket_show_not_going":false,"_tribe_ticket_use_global_stock":"","_tribe_ticket_global_stock_level":"","_global_stock_mode":"","_global_stock_cap":"","_tribe_rsvp_for_event":"","_tribe_ticket_going_count":"","_tribe_ticket_not_going_count":"","_tribe_tickets_list":"[]","_tribe_ticket_has_attendee_info_fields":false,"tdm_status":"","tdm_grid_status":"","footnotes":""},"categories":[1],"tags":[38820,4614,18320,29615,24549,558],"class_list":{"0":"post-303758","1":"post","2":"type-post","3":"status-publish","4":"format-standard","6":"category-noticias","7":"tag-asociacion-de-casos","8":"tag-fiscalia-2","9":"tag-hurtos","10":"tag-impacto","11":"tag-orden-judicial","12":"tag-policia-nacional"},"yoast_head":"<!-- This site is optimized with the Yoast SEO plugin v24.3 - https:\/\/yoast.com\/wordpress\/plugins\/seo\/ -->\n<title>Fiscal\u00eda General de la Naci\u00f3n<\/title>\n<meta name=\"description\" content=\"P\u00e1gina oficial de la Fiscal\u00eda General de la Naci\u00f3n \u2013 Colombia. Garantizamos el acceso efectivo a la justicia, la verdad y la reparaci\u00f3n de las v\u00edctimas de los delitos.\" \/>\n<meta name=\"robots\" content=\"noindex, follow\" \/>\n<meta property=\"og:locale\" content=\"es_ES\" \/>\n<meta property=\"og:type\" content=\"article\" \/>\n<meta property=\"og:title\" content=\"Fiscal\u00eda General de la Naci\u00f3n\" \/>\n<meta property=\"og:description\" content=\"P\u00e1gina oficial de la Fiscal\u00eda General de la Naci\u00f3n \u2013 Colombia. Garantizamos el acceso efectivo a la justicia, la verdad y la reparaci\u00f3n de las v\u00edctimas de los delitos.\" \/>\n<meta property=\"og:url\" content=\"https:\/\/www.fiscalia.gov.co\/colombia\/noticias\/judicializado-presunto-responsable-de-varios-hurtos-en-cucuta-norte-de-santander\/\" \/>\n<meta property=\"og:site_name\" content=\"Fiscal\u00eda General de la Naci\u00f3n\" \/>\n<meta property=\"article:publisher\" content=\"https:\/\/www.facebook.com\/FiscaliaCol\" \/>\n<meta property=\"article:published_time\" content=\"2024-10-17T22:27:42+00:00\" \/>\n<meta property=\"og:image\" content=\"https:\/\/www.fiscalia.gov.co\/colombia\/wp-content\/uploads\/image-7-2-300x169.png\" \/>\n<meta name=\"author\" content=\"Johanna Islenny Prieto Pe\u00f1a\" \/>\n<meta name=\"twitter:card\" content=\"summary_large_image\" \/>\n<meta name=\"twitter:creator\" content=\"@FiscaliaCol\" \/>\n<meta name=\"twitter:site\" content=\"@FiscaliaCol\" \/>\n<meta name=\"twitter:label1\" content=\"Escrito por\" \/>\n\t<meta name=\"twitter:data1\" content=\"Johanna Islenny Prieto Pe\u00f1a\" \/>\n\t<meta name=\"twitter:label2\" content=\"Tiempo de lectura\" \/>\n\t<meta name=\"twitter:data2\" content=\"2 minutos\" \/>\n<script type=\"application\/ld+json\" class=\"yoast-schema-graph\">{\"@context\":\"https:\/\/schema.org\",\"@graph\":[{\"@type\":\"Article\",\"@id\":\"https:\/\/www.fiscalia.gov.co\/colombia\/noticias\/judicializado-presunto-responsable-de-varios-hurtos-en-cucuta-norte-de-santander\/#article\",\"isPartOf\":{\"@id\":\"https:\/\/www.fiscalia.gov.co\/colombia\/noticias\/judicializado-presunto-responsable-de-varios-hurtos-en-cucuta-norte-de-santander\/\"},\"author\":{\"name\":\"Johanna Islenny Prieto Pe\u00f1a\",\"@id\":\"https:\/\/www.fiscalia.gov.co\/colombia\/#\/schema\/person\/ba9eca435947489fb25117a0cd75bf3e\"},\"headline\":\"Judicializado presunto responsable de varios hurtos en C\u00facuta (Norte de Santander)\",\"datePublished\":\"2024-10-17T22:27:42+00:00\",\"dateModified\":\"2024-10-17T22:27:42+00:00\",\"mainEntityOfPage\":{\"@id\":\"https:\/\/www.fiscalia.gov.co\/colombia\/noticias\/judicializado-presunto-responsable-de-varios-hurtos-en-cucuta-norte-de-santander\/\"},\"wordCount\":305,\"publisher\":{\"@id\":\"https:\/\/www.fiscalia.gov.co\/colombia\/#organization\"},\"image\":{\"@id\":\"https:\/\/www.fiscalia.gov.co\/colombia\/noticias\/judicializado-presunto-responsable-de-varios-hurtos-en-cucuta-norte-de-santander\/#primaryimage\"},\"thumbnailUrl\":\"https:\/\/www.fiscalia.gov.co\/colombia\/wp-content\/uploads\/image-7-2-300x169.png\",\"keywords\":[\"asociaci\u00f3n de casos\",\"Fiscal\u00eda\",\"Hurtos\",\"impacto\",\"orden judicial\",\"Polic\u00eda Nacional\"],\"articleSection\":[\"Noticias\"],\"inLanguage\":\"es-CO\"},{\"@type\":\"WebPage\",\"@id\":\"https:\/\/www.fiscalia.gov.co\/colombia\/noticias\/judicializado-presunto-responsable-de-varios-hurtos-en-cucuta-norte-de-santander\/\",\"url\":\"https:\/\/www.fiscalia.gov.co\/colombia\/noticias\/judicializado-presunto-responsable-de-varios-hurtos-en-cucuta-norte-de-santander\/\",\"name\":\"Fiscal\u00eda General de la Naci\u00f3n\",\"isPartOf\":{\"@id\":\"https:\/\/www.fiscalia.gov.co\/colombia\/#website\"},\"primaryImageOfPage\":{\"@id\":\"https:\/\/www.fiscalia.gov.co\/colombia\/noticias\/judicializado-presunto-responsable-de-varios-hurtos-en-cucuta-norte-de-santander\/#primaryimage\"},\"image\":{\"@id\":\"https:\/\/www.fiscalia.gov.co\/colombia\/noticias\/judicializado-presunto-responsable-de-varios-hurtos-en-cucuta-norte-de-santander\/#primaryimage\"},\"thumbnailUrl\":\"https:\/\/www.fiscalia.gov.co\/colombia\/wp-content\/uploads\/image-7-2-300x169.png\",\"datePublished\":\"2024-10-17T22:27:42+00:00\",\"dateModified\":\"2024-10-17T22:27:42+00:00\",\"description\":\"P\u00e1gina oficial de la Fiscal\u00eda General de la Naci\u00f3n \u2013 Colombia. Garantizamos el acceso efectivo a la justicia, la verdad y la reparaci\u00f3n de las v\u00edctimas de los delitos.\",\"breadcrumb\":{\"@id\":\"https:\/\/www.fiscalia.gov.co\/colombia\/noticias\/judicializado-presunto-responsable-de-varios-hurtos-en-cucuta-norte-de-santander\/#breadcrumb\"},\"inLanguage\":\"es-CO\",\"potentialAction\":[{\"@type\":\"ReadAction\",\"target\":[\"https:\/\/www.fiscalia.gov.co\/colombia\/noticias\/judicializado-presunto-responsable-de-varios-hurtos-en-cucuta-norte-de-santander\/\"]}]},{\"@type\":\"ImageObject\",\"inLanguage\":\"es-CO\",\"@id\":\"https:\/\/www.fiscalia.gov.co\/colombia\/noticias\/judicializado-presunto-responsable-de-varios-hurtos-en-cucuta-norte-de-santander\/#primaryimage\",\"url\":\"https:\/\/www.fiscalia.gov.co\/colombia\/wp-content\/uploads\/image-7-2.png\",\"contentUrl\":\"https:\/\/www.fiscalia.gov.co\/colombia\/wp-content\/uploads\/image-7-2.png\",\"width\":771,\"height\":434,\"caption\":\"\u00d3scar Eduardo Meneses Guerrero, fue capturado por orden judicial y judicializado por hurto calificado y agravado y enviado a la c\u00e1rcel.\"},{\"@type\":\"BreadcrumbList\",\"@id\":\"https:\/\/www.fiscalia.gov.co\/colombia\/noticias\/judicializado-presunto-responsable-de-varios-hurtos-en-cucuta-norte-de-santander\/#breadcrumb\",\"itemListElement\":[{\"@type\":\"ListItem\",\"position\":1,\"name\":\"Home\",\"item\":\"https:\/\/www.fiscalia.gov.co\/colombia\/\"},{\"@type\":\"ListItem\",\"position\":2,\"name\":\"Judicializado presunto responsable de varios hurtos en C\u00facuta (Norte de Santander)\"}]},{\"@type\":\"WebSite\",\"@id\":\"https:\/\/www.fiscalia.gov.co\/colombia\/#website\",\"url\":\"https:\/\/www.fiscalia.gov.co\/colombia\/\",\"name\":\"Fiscal\u00eda General de la Naci\u00f3n\",\"description\":\"P\u00e1gina oficial de la Fiscal\u00eda General de la Naci\u00f3n \u2013 Colombia. Garantizamos el acceso efectivo a la justicia, la verdad y la reparaci\u00f3n de las v\u00edctimas de los delitos.\",\"publisher\":{\"@id\":\"https:\/\/www.fiscalia.gov.co\/colombia\/#organization\"},\"potentialAction\":[{\"@type\":\"SearchAction\",\"target\":{\"@type\":\"EntryPoint\",\"urlTemplate\":\"https:\/\/www.fiscalia.gov.co\/colombia\/?s={search_term_string}\"},\"query-input\":{\"@type\":\"PropertyValueSpecification\",\"valueRequired\":true,\"valueName\":\"search_term_string\"}}],\"inLanguage\":\"es-CO\"},{\"@type\":\"Organization\",\"@id\":\"https:\/\/www.fiscalia.gov.co\/colombia\/#organization\",\"name\":\"Fiscal\u00eda General de la Naci\u00f3n\",\"url\":\"https:\/\/www.fiscalia.gov.co\/colombia\/\",\"logo\":{\"@type\":\"ImageObject\",\"inLanguage\":\"es-CO\",\"@id\":\"https:\/\/www.fiscalia.gov.co\/colombia\/#\/schema\/logo\/image\/\",\"url\":\"https:\/\/www.fiscalia.gov.co\/colombia\/wp-content\/uploads\/LogoHorizontal_1.jpg\",\"contentUrl\":\"https:\/\/www.fiscalia.gov.co\/colombia\/wp-content\/uploads\/LogoHorizontal_1.jpg\",\"width\":300,\"height\":90,\"caption\":\"Fiscal\u00eda General de la Naci\u00f3n\"},\"image\":{\"@id\":\"https:\/\/www.fiscalia.gov.co\/colombia\/#\/schema\/logo\/image\/\"},\"sameAs\":[\"https:\/\/www.facebook.com\/FiscaliaCol\",\"https:\/\/x.com\/FiscaliaCol\",\"https:\/\/www.instagram.com\/fiscaliacol\",\"https:\/\/www.linkedin.com\/company\/fiscalia-general-de-la-naci-n\/\",\"https:\/\/youtube.com\/@fiscaliageneraldelanacion-4668?si=6nN79nyQICPU5iTh\"]},{\"@type\":\"Person\",\"@id\":\"https:\/\/www.fiscalia.gov.co\/colombia\/#\/schema\/person\/ba9eca435947489fb25117a0cd75bf3e\",\"name\":\"Johanna Islenny Prieto Pe\u00f1a\",\"image\":{\"@type\":\"ImageObject\",\"inLanguage\":\"es-CO\",\"@id\":\"https:\/\/www.fiscalia.gov.co\/colombia\/#\/schema\/person\/image\/\",\"url\":\"https:\/\/secure.gravatar.com\/avatar\/111433fc2acb037ffb768f6a3ca47864?s=96&d=mm&r=g\",\"contentUrl\":\"https:\/\/secure.gravatar.com\/avatar\/111433fc2acb037ffb768f6a3ca47864?s=96&d=mm&r=g\",\"caption\":\"Johanna Islenny Prieto Pe\u00f1a\"},\"url\":\"https:\/\/www.fiscalia.gov.co\/colombia\/author\/jprietop\/\"}]}<\/script>\n<!-- \/ Yoast SEO plugin. -->","yoast_head_json":{"title":"Fiscal\u00eda General de la Naci\u00f3n","description":"P\u00e1gina oficial de la Fiscal\u00eda General de la Naci\u00f3n \u2013 Colombia. Garantizamos el acceso efectivo a la justicia, la verdad y la reparaci\u00f3n de las v\u00edctimas de los delitos.","robots":{"index":"noindex","follow":"follow"},"og_locale":"es_ES","og_type":"article","og_title":"Fiscal\u00eda General de la Naci\u00f3n","og_description":"P\u00e1gina oficial de la Fiscal\u00eda General de la Naci\u00f3n \u2013 Colombia. Garantizamos el acceso efectivo a la justicia, la verdad y la reparaci\u00f3n de las v\u00edctimas de los delitos.","og_url":"https:\/\/www.fiscalia.gov.co\/colombia\/noticias\/judicializado-presunto-responsable-de-varios-hurtos-en-cucuta-norte-de-santander\/","og_site_name":"Fiscal\u00eda General de la Naci\u00f3n","article_publisher":"https:\/\/www.facebook.com\/FiscaliaCol","article_published_time":"2024-10-17T22:27:42+00:00","og_image":[{"url":"https:\/\/www.fiscalia.gov.co\/colombia\/wp-content\/uploads\/image-7-2-300x169.png","type":"","width":"","height":""}],"author":"Johanna Islenny Prieto Pe\u00f1a","twitter_card":"summary_large_image","twitter_creator":"@FiscaliaCol","twitter_site":"@FiscaliaCol","twitter_misc":{"Escrito por":"Johanna Islenny Prieto Pe\u00f1a","Tiempo de lectura":"2 minutos"},"schema":{"@context":"https:\/\/schema.org","@graph":[{"@type":"Article","@id":"https:\/\/www.fiscalia.gov.co\/colombia\/noticias\/judicializado-presunto-responsable-de-varios-hurtos-en-cucuta-norte-de-santander\/#article","isPartOf":{"@id":"https:\/\/www.fiscalia.gov.co\/colombia\/noticias\/judicializado-presunto-responsable-de-varios-hurtos-en-cucuta-norte-de-santander\/"},"author":{"name":"Johanna Islenny Prieto Pe\u00f1a","@id":"https:\/\/www.fiscalia.gov.co\/colombia\/#\/schema\/person\/ba9eca435947489fb25117a0cd75bf3e"},"headline":"Judicializado presunto responsable de varios hurtos en C\u00facuta (Norte de Santander)","datePublished":"2024-10-17T22:27:42+00:00","dateModified":"2024-10-17T22:27:42+00:00","mainEntityOfPage":{"@id":"https:\/\/www.fiscalia.gov.co\/colombia\/noticias\/judicializado-presunto-responsable-de-varios-hurtos-en-cucuta-norte-de-santander\/"},"wordCount":305,"publisher":{"@id":"https:\/\/www.fiscalia.gov.co\/colombia\/#organization"},"image":{"@id":"https:\/\/www.fiscalia.gov.co\/colombia\/noticias\/judicializado-presunto-responsable-de-varios-hurtos-en-cucuta-norte-de-santander\/#primaryimage"},"thumbnailUrl":"https:\/\/www.fiscalia.gov.co\/colombia\/wp-content\/uploads\/image-7-2-300x169.png","keywords":["asociaci\u00f3n de casos","Fiscal\u00eda","Hurtos","impacto","orden judicial","Polic\u00eda Nacional"],"articleSection":["Noticias"],"inLanguage":"es-CO"},{"@type":"WebPage","@id":"https:\/\/www.fiscalia.gov.co\/colombia\/noticias\/judicializado-presunto-responsable-de-varios-hurtos-en-cucuta-norte-de-santander\/","url":"https:\/\/www.fiscalia.gov.co\/colombia\/noticias\/judicializado-presunto-responsable-de-varios-hurtos-en-cucuta-norte-de-santander\/","name":"Fiscal\u00eda General de la Naci\u00f3n","isPartOf":{"@id":"https:\/\/www.fiscalia.gov.co\/colombia\/#website"},"primaryImageOfPage":{"@id":"https:\/\/www.fiscalia.gov.co\/colombia\/noticias\/judicializado-presunto-responsable-de-varios-hurtos-en-cucuta-norte-de-santander\/#primaryimage"},"image":{"@id":"https:\/\/www.fiscalia.gov.co\/colombia\/noticias\/judicializado-presunto-responsable-de-varios-hurtos-en-cucuta-norte-de-santander\/#primaryimage"},"thumbnailUrl":"https:\/\/www.fiscalia.gov.co\/colombia\/wp-content\/uploads\/image-7-2-300x169.png","datePublished":"2024-10-17T22:27:42+00:00","dateModified":"2024-10-17T22:27:42+00:00","description":"P\u00e1gina oficial de la Fiscal\u00eda General de la Naci\u00f3n \u2013 Colombia. Garantizamos el acceso efectivo a la justicia, la verdad y la reparaci\u00f3n de las v\u00edctimas de los delitos.","breadcrumb":{"@id":"https:\/\/www.fiscalia.gov.co\/colombia\/noticias\/judicializado-presunto-responsable-de-varios-hurtos-en-cucuta-norte-de-santander\/#breadcrumb"},"inLanguage":"es-CO","potentialAction":[{"@type":"ReadAction","target":["https:\/\/www.fiscalia.gov.co\/colombia\/noticias\/judicializado-presunto-responsable-de-varios-hurtos-en-cucuta-norte-de-santander\/"]}]},{"@type":"ImageObject","inLanguage":"es-CO","@id":"https:\/\/www.fiscalia.gov.co\/colombia\/noticias\/judicializado-presunto-responsable-de-varios-hurtos-en-cucuta-norte-de-santander\/#primaryimage","url":"https:\/\/www.fiscalia.gov.co\/colombia\/wp-content\/uploads\/image-7-2.png","contentUrl":"https:\/\/www.fiscalia.gov.co\/colombia\/wp-content\/uploads\/image-7-2.png","width":771,"height":434,"caption":"\u00d3scar Eduardo Meneses Guerrero, fue capturado por orden judicial y judicializado por hurto calificado y agravado y enviado a la c\u00e1rcel."},{"@type":"BreadcrumbList","@id":"https:\/\/www.fiscalia.gov.co\/colombia\/noticias\/judicializado-presunto-responsable-de-varios-hurtos-en-cucuta-norte-de-santander\/#breadcrumb","itemListElement":[{"@type":"ListItem","position":1,"name":"Home","item":"https:\/\/www.fiscalia.gov.co\/colombia\/"},{"@type":"ListItem","position":2,"name":"Judicializado presunto responsable de varios hurtos en C\u00facuta (Norte de Santander)"}]},{"@type":"WebSite","@id":"https:\/\/www.fiscalia.gov.co\/colombia\/#website","url":"https:\/\/www.fiscalia.gov.co\/colombia\/","name":"Fiscal\u00eda General de la Naci\u00f3n","description":"P\u00e1gina oficial de la Fiscal\u00eda General de la Naci\u00f3n \u2013 Colombia. Garantizamos el acceso efectivo a la justicia, la verdad y la reparaci\u00f3n de las v\u00edctimas de los delitos.","publisher":{"@id":"https:\/\/www.fiscalia.gov.co\/colombia\/#organization"},"potentialAction":[{"@type":"SearchAction","target":{"@type":"EntryPoint","urlTemplate":"https:\/\/www.fiscalia.gov.co\/colombia\/?s={search_term_string}"},"query-input":{"@type":"PropertyValueSpecification","valueRequired":true,"valueName":"search_term_string"}}],"inLanguage":"es-CO"},{"@type":"Organization","@id":"https:\/\/www.fiscalia.gov.co\/colombia\/#organization","name":"Fiscal\u00eda General de la Naci\u00f3n","url":"https:\/\/www.fiscalia.gov.co\/colombia\/","logo":{"@type":"ImageObject","inLanguage":"es-CO","@id":"https:\/\/www.fiscalia.gov.co\/colombia\/#\/schema\/logo\/image\/","url":"https:\/\/www.fiscalia.gov.co\/colombia\/wp-content\/uploads\/LogoHorizontal_1.jpg","contentUrl":"https:\/\/www.fiscalia.gov.co\/colombia\/wp-content\/uploads\/LogoHorizontal_1.jpg","width":300,"height":90,"caption":"Fiscal\u00eda General de la Naci\u00f3n"},"image":{"@id":"https:\/\/www.fiscalia.gov.co\/colombia\/#\/schema\/logo\/image\/"},"sameAs":["https:\/\/www.facebook.com\/FiscaliaCol","https:\/\/x.com\/FiscaliaCol","https:\/\/www.instagram.com\/fiscaliacol","https:\/\/www.linkedin.com\/company\/fiscalia-general-de-la-naci-n\/","https:\/\/youtube.com\/@fiscaliageneraldelanacion-4668?si=6nN79nyQICPU5iTh"]},{"@type":"Person","@id":"https:\/\/www.fiscalia.gov.co\/colombia\/#\/schema\/person\/ba9eca435947489fb25117a0cd75bf3e","name":"Johanna Islenny Prieto Pe\u00f1a","image":{"@type":"ImageObject","inLanguage":"es-CO","@id":"https:\/\/www.fiscalia.gov.co\/colombia\/#\/schema\/person\/image\/","url":"https:\/\/secure.gravatar.com\/avatar\/111433fc2acb037ffb768f6a3ca47864?s=96&d=mm&r=g","contentUrl":"https:\/\/secure.gravatar.com\/avatar\/111433fc2acb037ffb768f6a3ca47864?s=96&d=mm&r=g","caption":"Johanna Islenny Prieto Pe\u00f1a"},"url":"https:\/\/www.fiscalia.gov.co\/colombia\/author\/jprietop\/"}]}},"_links":{"self":[{"href":"https:\/\/www.fiscalia.gov.co\/colombia\/wp-json\/wp\/v2\/posts\/303758","targetHints":{"allow":["GET"]}}],"collection":[{"href":"https:\/\/www.fiscalia.gov.co\/colombia\/wp-json\/wp\/v2\/posts"}],"about":[{"href":"https:\/\/www.fiscalia.gov.co\/colombia\/wp-json\/wp\/v2\/types\/post"}],"author":[{"embeddable":true,"href":"https:\/\/www.fiscalia.gov.co\/colombia\/wp-json\/wp\/v2\/users\/181"}],"replies":[{"embeddable":true,"href":"https:\/\/www.fiscalia.gov.co\/colombia\/wp-json\/wp\/v2\/comments?post=303758"}],"version-history":[{"count":1,"href":"https:\/\/www.fiscalia.gov.co\/colombia\/wp-json\/wp\/v2\/posts\/303758\/revisions"}],"predecessor-version":[{"id":303760,"href":"https:\/\/www.fiscalia.gov.co\/colombia\/wp-json\/wp\/v2\/posts\/303758\/revisions\/303760"}],"wp:attachment":[{"href":"https:\/\/www.fiscalia.gov.co\/colombia\/wp-json\/wp\/v2\/media?parent=303758"}],"wp:term":[{"taxonomy":"category","embeddable":true,"href":"https:\/\/www.fiscalia.gov.co\/colombia\/wp-json\/wp\/v2\/categories?post=303758"},{"taxonomy":"post_tag","embeddable":true,"href":"https:\/\/www.fiscalia.gov.co\/colombia\/wp-json\/wp\/v2\/tags?post=303758"}],"curies":[{"name":"wp","href":"https:\/\/api.w.org\/{rel}","templated":true}]}}