{"id":303714,"date":"2024-10-17T08:17:39","date_gmt":"2024-10-17T13:17:39","guid":{"rendered":"https:\/\/www.fiscalia.gov.co\/colombia\/?p=303714"},"modified":"2024-10-17T13:50:45","modified_gmt":"2024-10-17T18:50:45","slug":"fiscalia-impacta-a-grupo-delincuencial-senalado-de-captar-e-instrumentalizar-menores-para-producir-videos-con-contenido-sexual-explicito","status":"publish","type":"post","link":"https:\/\/www.fiscalia.gov.co\/colombia\/noticias\/fiscalia-impacta-a-grupo-delincuencial-senalado-de-captar-e-instrumentalizar-menores-para-producir-videos-con-contenido-sexual-explicito\/","title":{"rendered":"Fiscal\u00eda impacta a grupo delincuencial se\u00f1alado de captar e instrumentalizar menores para producir videos con contenido sexual expl\u00edcito"},"content":{"rendered":"<h4 style=\"font-weight: 400; text-align: center;\"><strong><em>Las v\u00edctimas eran trasladadas a una vivienda de C\u00facuta (Norte de Santander), inducidas a grabar registros audiovisuales o hacer transmisiones mientras ejerc\u00edan actividades de tipo sexual.<\/em><\/strong><\/h4>\n<p style=\"font-weight: 400;\">La Fiscal\u00eda General de la Naci\u00f3n identific\u00f3 a\u00a0siete presuntos integrantes de una red delincuencial que estar\u00eda involucrada en la captaci\u00f3n e instrumentalizaci\u00f3n de menores para realizar videos con contenido expl\u00edcito en C\u00facuta\u00a0(Norte de Santander).<\/p>\n<p style=\"font-weight: 400;\">Se trata de\u00a0Deysi Liliana Castro Navarro, H\u00e9ctor Manuel Molina Hern\u00e1ndez, Waldo Enrique Miranda Carre\u00f1o, Carlos Oved Villamizar Gelves, Alexander Adolfo Torres Paz, Diego Alejandro Vielma M\u00e1rquez y Emir Armando Gonz\u00e1lez Palacios.<\/p>\n<p style=\"font-weight: 400;\">Estas personas fueron capturadas en diligencias realizadas de manera conjunta por el Cuerpo T\u00e9cnico de Investigaci\u00f3n (CTI) y la Polic\u00eda Nacional en un inmueble del barrio Comuneros. En los procedimientos <strong>se logr\u00f3 recuperar a cinco adolescentes que estar\u00edan siendo explotadas sexualmente, y quedaron a disposici\u00f3n del Instituto Colombiano de Bienestar Familiar (ICBF)<\/strong> para el restablecimiento de sus derechos.<\/p>\n<p style=\"font-weight: 400;\">Adicionalmente, fueron incautados un dispositivo de grabaci\u00f3n de video digital, un computador port\u00e1til, celulares, discos duros, 98 documentos de identificaci\u00f3n de ciudadanos colombianos, venezolanos, guatemaltecos y chilenos, adem\u00e1s de licencias de conducci\u00f3n, entre otros elementos.<\/p>\n<p style=\"font-weight: 400;\">Un fiscal de la Seccional Norte de Santander present\u00f3 a los detenidos ante un juez de control de garant\u00edas y<strong> les imput\u00f3, de acuerdo con su posible participaci\u00f3n,\u00a0los delitos de trata\u00a0de\u00a0personas, pornograf\u00eda en menor de 18 a\u00f1os, proxenetismo en menor de edad y falsedad material en documento p\u00fablico.\u00a0Los cargos no fueron aceptados.<\/strong><\/p>\n<p style=\"font-weight: 400;\">Cinco de los procesados recibieron medida de aseguramiento en centro carcelario; mientras que Villamizar Gelves y Molina Hern\u00e1ndez continuar\u00e1n vinculados a la investigaci\u00f3n.<\/p>\n<p style=\"font-weight: 400;\">El material de prueba indica que este grupo ilegal, al parecer, contactaba a las menores, las trasladaba a una vivienda y, <strong>aprovechando su condici\u00f3n de vulnerabilidad, las induc\u00eda a hacer transmisiones en vivo o grabar videos ejerciendo actividades de tipo sexual<\/strong>, los cuales eran comercializados y publicados por redes sociales y plataformas digitales.<\/p>\n<p style=\"font-weight: 400;\">MPHA\/AMCJ\/MAGA\/JARG\/EDBC\/DSNS<\/p>\n<p>&nbsp;<\/p>\n<p>&nbsp;<\/p>\n<p><em>La informaci\u00f3n contenida en este bolet\u00edn de prensa corresponde a la narraci\u00f3n de los hechos noticiosos objetivos, suministrados por los funcionarios encargados de adelantar las investigaciones penales al interior de la Fiscal\u00eda General de la Naci\u00f3n. Para el momento de la divulgaci\u00f3n de este comunicado, la situaci\u00f3n jur\u00eddica de la(s) persona(s) relacionada(s) se encuentra pendiente de resolver por la autoridad judicial competente, siempre bajo los preceptos de la presunci\u00f3n de inocencia, consagrados en el art\u00edculo 29 de la Constituci\u00f3n Pol\u00edtica y el art\u00edculo 7\u00ba de la Ley 906 de 2004.<\/em><\/p>\n\n<div class=\"twitter-share\"><a href=\"https:\/\/twitter.com\/intent\/tweet?via=fiscaliacol\" class=\"twitter-share-button\">Tweet<\/a><\/div>\n","protected":false},"excerpt":{"rendered":"<p>Las v\u00edctimas eran trasladadas a una vivienda de C\u00facuta (Norte de Santander), inducidas a grabar registros audiovisuales o hacer transmisiones mientras ejerc\u00edan actividades de tipo sexual. La Fiscal\u00eda General de [&hellip;]<\/p>\n","protected":false},"author":178,"featured_media":0,"comment_status":"closed","ping_status":"open","sticky":false,"template":"","format":"standard","meta":{"tdm_status":"","tdm_grid_status":"","footnotes":""},"categories":[1],"tags":[31730,567,37492,1047],"class_list":["post-303714","post","type-post","status-publish","format-standard","category-noticias","tag-cucuta-norte-de-santander","tag-explotacion-sexual","tag-fiscal-luz-adriana-camargo","tag-fiscalia-general-de-la-nacion"],"yoast_head":"<!-- This site is optimized with the Yoast SEO plugin v24.3 - https:\/\/yoast.com\/wordpress\/plugins\/seo\/ -->\n<title>Fiscal\u00eda General de la Naci\u00f3n<\/title>\n<meta name=\"description\" content=\"P\u00e1gina oficial de la Fiscal\u00eda General de la Naci\u00f3n \u2013 Colombia. Garantizamos el acceso efectivo a la justicia, la verdad y la reparaci\u00f3n de las v\u00edctimas de los delitos.\" \/>\n<meta name=\"robots\" content=\"noindex, follow\" \/>\n<meta property=\"og:locale\" content=\"es_ES\" \/>\n<meta property=\"og:type\" content=\"article\" \/>\n<meta property=\"og:title\" content=\"Fiscal\u00eda General de la Naci\u00f3n\" \/>\n<meta property=\"og:description\" content=\"P\u00e1gina oficial de la Fiscal\u00eda General de la Naci\u00f3n \u2013 Colombia. Garantizamos el acceso efectivo a la justicia, la verdad y la reparaci\u00f3n de las v\u00edctimas de los delitos.\" \/>\n<meta property=\"og:url\" content=\"https:\/\/www.fiscalia.gov.co\/colombia\/noticias\/fiscalia-impacta-a-grupo-delincuencial-senalado-de-captar-e-instrumentalizar-menores-para-producir-videos-con-contenido-sexual-explicito\/\" \/>\n<meta property=\"og:site_name\" content=\"Fiscal\u00eda General de la Naci\u00f3n\" \/>\n<meta property=\"article:publisher\" content=\"https:\/\/www.facebook.com\/FiscaliaCol\" \/>\n<meta property=\"article:published_time\" content=\"2024-10-17T13:17:39+00:00\" \/>\n<meta property=\"article:modified_time\" content=\"2024-10-17T18:50:45+00:00\" \/>\n<meta name=\"author\" content=\"Winnie Geraldine Rodr\u00edguez Navarrete\" \/>\n<meta name=\"twitter:card\" content=\"summary_large_image\" \/>\n<meta name=\"twitter:creator\" content=\"@FiscaliaCol\" \/>\n<meta name=\"twitter:site\" content=\"@FiscaliaCol\" \/>\n<meta name=\"twitter:label1\" content=\"Escrito por\" \/>\n\t<meta name=\"twitter:data1\" content=\"Winnie Geraldine Rodr\u00edguez Navarrete\" \/>\n\t<meta name=\"twitter:label2\" content=\"Tiempo de lectura\" \/>\n\t<meta name=\"twitter:data2\" content=\"2 minutos\" \/>\n<script type=\"application\/ld+json\" class=\"yoast-schema-graph\">{\"@context\":\"https:\/\/schema.org\",\"@graph\":[{\"@type\":\"Article\",\"@id\":\"https:\/\/www.fiscalia.gov.co\/colombia\/noticias\/fiscalia-impacta-a-grupo-delincuencial-senalado-de-captar-e-instrumentalizar-menores-para-producir-videos-con-contenido-sexual-explicito\/#article\",\"isPartOf\":{\"@id\":\"https:\/\/www.fiscalia.gov.co\/colombia\/noticias\/fiscalia-impacta-a-grupo-delincuencial-senalado-de-captar-e-instrumentalizar-menores-para-producir-videos-con-contenido-sexual-explicito\/\"},\"author\":{\"name\":\"Winnie Geraldine Rodr\u00edguez Navarrete\",\"@id\":\"https:\/\/www.fiscalia.gov.co\/colombia\/#\/schema\/person\/176195b99ebab0a52aafa15197e1bf80\"},\"headline\":\"Fiscal\u00eda impacta a grupo delincuencial se\u00f1alado de captar e instrumentalizar menores para producir videos con contenido sexual expl\u00edcito\",\"datePublished\":\"2024-10-17T13:17:39+00:00\",\"dateModified\":\"2024-10-17T18:50:45+00:00\",\"mainEntityOfPage\":{\"@id\":\"https:\/\/www.fiscalia.gov.co\/colombia\/noticias\/fiscalia-impacta-a-grupo-delincuencial-senalado-de-captar-e-instrumentalizar-menores-para-producir-videos-con-contenido-sexual-explicito\/\"},\"wordCount\":483,\"publisher\":{\"@id\":\"https:\/\/www.fiscalia.gov.co\/colombia\/#organization\"},\"keywords\":[\"C\u00facuta (Norte de Santander)\",\"Explotaci\u00f3n sexual\",\"Fiscal Luz Adriana Camargo\",\"Fiscal\u00eda General de la Naci\u00f3n\"],\"articleSection\":[\"Noticias\"],\"inLanguage\":\"es-CO\"},{\"@type\":\"WebPage\",\"@id\":\"https:\/\/www.fiscalia.gov.co\/colombia\/noticias\/fiscalia-impacta-a-grupo-delincuencial-senalado-de-captar-e-instrumentalizar-menores-para-producir-videos-con-contenido-sexual-explicito\/\",\"url\":\"https:\/\/www.fiscalia.gov.co\/colombia\/noticias\/fiscalia-impacta-a-grupo-delincuencial-senalado-de-captar-e-instrumentalizar-menores-para-producir-videos-con-contenido-sexual-explicito\/\",\"name\":\"Fiscal\u00eda General de la Naci\u00f3n\",\"isPartOf\":{\"@id\":\"https:\/\/www.fiscalia.gov.co\/colombia\/#website\"},\"datePublished\":\"2024-10-17T13:17:39+00:00\",\"dateModified\":\"2024-10-17T18:50:45+00:00\",\"description\":\"P\u00e1gina oficial de la Fiscal\u00eda General de la Naci\u00f3n \u2013 Colombia. Garantizamos el acceso efectivo a la justicia, la verdad y la reparaci\u00f3n de las v\u00edctimas de los delitos.\",\"breadcrumb\":{\"@id\":\"https:\/\/www.fiscalia.gov.co\/colombia\/noticias\/fiscalia-impacta-a-grupo-delincuencial-senalado-de-captar-e-instrumentalizar-menores-para-producir-videos-con-contenido-sexual-explicito\/#breadcrumb\"},\"inLanguage\":\"es-CO\",\"potentialAction\":[{\"@type\":\"ReadAction\",\"target\":[\"https:\/\/www.fiscalia.gov.co\/colombia\/noticias\/fiscalia-impacta-a-grupo-delincuencial-senalado-de-captar-e-instrumentalizar-menores-para-producir-videos-con-contenido-sexual-explicito\/\"]}]},{\"@type\":\"BreadcrumbList\",\"@id\":\"https:\/\/www.fiscalia.gov.co\/colombia\/noticias\/fiscalia-impacta-a-grupo-delincuencial-senalado-de-captar-e-instrumentalizar-menores-para-producir-videos-con-contenido-sexual-explicito\/#breadcrumb\",\"itemListElement\":[{\"@type\":\"ListItem\",\"position\":1,\"name\":\"Home\",\"item\":\"https:\/\/www.fiscalia.gov.co\/colombia\/\"},{\"@type\":\"ListItem\",\"position\":2,\"name\":\"Fiscal\u00eda impacta a grupo delincuencial se\u00f1alado de captar e instrumentalizar menores para producir videos con contenido sexual expl\u00edcito\"}]},{\"@type\":\"WebSite\",\"@id\":\"https:\/\/www.fiscalia.gov.co\/colombia\/#website\",\"url\":\"https:\/\/www.fiscalia.gov.co\/colombia\/\",\"name\":\"Fiscal\u00eda General de la Naci\u00f3n\",\"description\":\"P\u00e1gina oficial de la Fiscal\u00eda General de la Naci\u00f3n \u2013 Colombia. Garantizamos el acceso efectivo a la justicia, la verdad y la reparaci\u00f3n de las v\u00edctimas de los delitos.\",\"publisher\":{\"@id\":\"https:\/\/www.fiscalia.gov.co\/colombia\/#organization\"},\"potentialAction\":[{\"@type\":\"SearchAction\",\"target\":{\"@type\":\"EntryPoint\",\"urlTemplate\":\"https:\/\/www.fiscalia.gov.co\/colombia\/?s={search_term_string}\"},\"query-input\":{\"@type\":\"PropertyValueSpecification\",\"valueRequired\":true,\"valueName\":\"search_term_string\"}}],\"inLanguage\":\"es-CO\"},{\"@type\":\"Organization\",\"@id\":\"https:\/\/www.fiscalia.gov.co\/colombia\/#organization\",\"name\":\"Fiscal\u00eda General de la Naci\u00f3n\",\"url\":\"https:\/\/www.fiscalia.gov.co\/colombia\/\",\"logo\":{\"@type\":\"ImageObject\",\"inLanguage\":\"es-CO\",\"@id\":\"https:\/\/www.fiscalia.gov.co\/colombia\/#\/schema\/logo\/image\/\",\"url\":\"https:\/\/www.fiscalia.gov.co\/colombia\/wp-content\/uploads\/LogoHorizontal_1.jpg\",\"contentUrl\":\"https:\/\/www.fiscalia.gov.co\/colombia\/wp-content\/uploads\/LogoHorizontal_1.jpg\",\"width\":300,\"height\":90,\"caption\":\"Fiscal\u00eda General de la Naci\u00f3n\"},\"image\":{\"@id\":\"https:\/\/www.fiscalia.gov.co\/colombia\/#\/schema\/logo\/image\/\"},\"sameAs\":[\"https:\/\/www.facebook.com\/FiscaliaCol\",\"https:\/\/x.com\/FiscaliaCol\",\"https:\/\/www.instagram.com\/fiscaliacol\",\"https:\/\/www.linkedin.com\/company\/fiscalia-general-de-la-naci-n\/\",\"https:\/\/youtube.com\/@fiscaliageneraldelanacion-4668?si=6nN79nyQICPU5iTh\"]},{\"@type\":\"Person\",\"@id\":\"https:\/\/www.fiscalia.gov.co\/colombia\/#\/schema\/person\/176195b99ebab0a52aafa15197e1bf80\",\"name\":\"Winnie Geraldine Rodr\u00edguez Navarrete\",\"image\":{\"@type\":\"ImageObject\",\"inLanguage\":\"es-CO\",\"@id\":\"https:\/\/www.fiscalia.gov.co\/colombia\/#\/schema\/person\/image\/\",\"url\":\"https:\/\/secure.gravatar.com\/avatar\/c24cf8481dc84fa5e8c7b20bc95ab0c6?s=96&d=mm&r=g\",\"contentUrl\":\"https:\/\/secure.gravatar.com\/avatar\/c24cf8481dc84fa5e8c7b20bc95ab0c6?s=96&d=mm&r=g\",\"caption\":\"Winnie Geraldine Rodr\u00edguez Navarrete\"},\"url\":\"https:\/\/www.fiscalia.gov.co\/colombia\/author\/winnierodriguez\/\"}]}<\/script>\n<!-- \/ Yoast SEO plugin. -->","yoast_head_json":{"title":"Fiscal\u00eda General de la Naci\u00f3n","description":"P\u00e1gina oficial de la Fiscal\u00eda General de la Naci\u00f3n \u2013 Colombia. Garantizamos el acceso efectivo a la justicia, la verdad y la reparaci\u00f3n de las v\u00edctimas de los delitos.","robots":{"index":"noindex","follow":"follow"},"og_locale":"es_ES","og_type":"article","og_title":"Fiscal\u00eda General de la Naci\u00f3n","og_description":"P\u00e1gina oficial de la Fiscal\u00eda General de la Naci\u00f3n \u2013 Colombia. Garantizamos el acceso efectivo a la justicia, la verdad y la reparaci\u00f3n de las v\u00edctimas de los delitos.","og_url":"https:\/\/www.fiscalia.gov.co\/colombia\/noticias\/fiscalia-impacta-a-grupo-delincuencial-senalado-de-captar-e-instrumentalizar-menores-para-producir-videos-con-contenido-sexual-explicito\/","og_site_name":"Fiscal\u00eda General de la Naci\u00f3n","article_publisher":"https:\/\/www.facebook.com\/FiscaliaCol","article_published_time":"2024-10-17T13:17:39+00:00","article_modified_time":"2024-10-17T18:50:45+00:00","author":"Winnie Geraldine Rodr\u00edguez Navarrete","twitter_card":"summary_large_image","twitter_creator":"@FiscaliaCol","twitter_site":"@FiscaliaCol","twitter_misc":{"Escrito por":"Winnie Geraldine Rodr\u00edguez Navarrete","Tiempo de lectura":"2 minutos"},"schema":{"@context":"https:\/\/schema.org","@graph":[{"@type":"Article","@id":"https:\/\/www.fiscalia.gov.co\/colombia\/noticias\/fiscalia-impacta-a-grupo-delincuencial-senalado-de-captar-e-instrumentalizar-menores-para-producir-videos-con-contenido-sexual-explicito\/#article","isPartOf":{"@id":"https:\/\/www.fiscalia.gov.co\/colombia\/noticias\/fiscalia-impacta-a-grupo-delincuencial-senalado-de-captar-e-instrumentalizar-menores-para-producir-videos-con-contenido-sexual-explicito\/"},"author":{"name":"Winnie Geraldine Rodr\u00edguez Navarrete","@id":"https:\/\/www.fiscalia.gov.co\/colombia\/#\/schema\/person\/176195b99ebab0a52aafa15197e1bf80"},"headline":"Fiscal\u00eda impacta a grupo delincuencial se\u00f1alado de captar e instrumentalizar menores para producir videos con contenido sexual expl\u00edcito","datePublished":"2024-10-17T13:17:39+00:00","dateModified":"2024-10-17T18:50:45+00:00","mainEntityOfPage":{"@id":"https:\/\/www.fiscalia.gov.co\/colombia\/noticias\/fiscalia-impacta-a-grupo-delincuencial-senalado-de-captar-e-instrumentalizar-menores-para-producir-videos-con-contenido-sexual-explicito\/"},"wordCount":483,"publisher":{"@id":"https:\/\/www.fiscalia.gov.co\/colombia\/#organization"},"keywords":["C\u00facuta (Norte de Santander)","Explotaci\u00f3n sexual","Fiscal Luz Adriana Camargo","Fiscal\u00eda General de la Naci\u00f3n"],"articleSection":["Noticias"],"inLanguage":"es-CO"},{"@type":"WebPage","@id":"https:\/\/www.fiscalia.gov.co\/colombia\/noticias\/fiscalia-impacta-a-grupo-delincuencial-senalado-de-captar-e-instrumentalizar-menores-para-producir-videos-con-contenido-sexual-explicito\/","url":"https:\/\/www.fiscalia.gov.co\/colombia\/noticias\/fiscalia-impacta-a-grupo-delincuencial-senalado-de-captar-e-instrumentalizar-menores-para-producir-videos-con-contenido-sexual-explicito\/","name":"Fiscal\u00eda General de la Naci\u00f3n","isPartOf":{"@id":"https:\/\/www.fiscalia.gov.co\/colombia\/#website"},"datePublished":"2024-10-17T13:17:39+00:00","dateModified":"2024-10-17T18:50:45+00:00","description":"P\u00e1gina oficial de la Fiscal\u00eda General de la Naci\u00f3n \u2013 Colombia. Garantizamos el acceso efectivo a la justicia, la verdad y la reparaci\u00f3n de las v\u00edctimas de los delitos.","breadcrumb":{"@id":"https:\/\/www.fiscalia.gov.co\/colombia\/noticias\/fiscalia-impacta-a-grupo-delincuencial-senalado-de-captar-e-instrumentalizar-menores-para-producir-videos-con-contenido-sexual-explicito\/#breadcrumb"},"inLanguage":"es-CO","potentialAction":[{"@type":"ReadAction","target":["https:\/\/www.fiscalia.gov.co\/colombia\/noticias\/fiscalia-impacta-a-grupo-delincuencial-senalado-de-captar-e-instrumentalizar-menores-para-producir-videos-con-contenido-sexual-explicito\/"]}]},{"@type":"BreadcrumbList","@id":"https:\/\/www.fiscalia.gov.co\/colombia\/noticias\/fiscalia-impacta-a-grupo-delincuencial-senalado-de-captar-e-instrumentalizar-menores-para-producir-videos-con-contenido-sexual-explicito\/#breadcrumb","itemListElement":[{"@type":"ListItem","position":1,"name":"Home","item":"https:\/\/www.fiscalia.gov.co\/colombia\/"},{"@type":"ListItem","position":2,"name":"Fiscal\u00eda impacta a grupo delincuencial se\u00f1alado de captar e instrumentalizar menores para producir videos con contenido sexual expl\u00edcito"}]},{"@type":"WebSite","@id":"https:\/\/www.fiscalia.gov.co\/colombia\/#website","url":"https:\/\/www.fiscalia.gov.co\/colombia\/","name":"Fiscal\u00eda General de la Naci\u00f3n","description":"P\u00e1gina oficial de la Fiscal\u00eda General de la Naci\u00f3n \u2013 Colombia. Garantizamos el acceso efectivo a la justicia, la verdad y la reparaci\u00f3n de las v\u00edctimas de los delitos.","publisher":{"@id":"https:\/\/www.fiscalia.gov.co\/colombia\/#organization"},"potentialAction":[{"@type":"SearchAction","target":{"@type":"EntryPoint","urlTemplate":"https:\/\/www.fiscalia.gov.co\/colombia\/?s={search_term_string}"},"query-input":{"@type":"PropertyValueSpecification","valueRequired":true,"valueName":"search_term_string"}}],"inLanguage":"es-CO"},{"@type":"Organization","@id":"https:\/\/www.fiscalia.gov.co\/colombia\/#organization","name":"Fiscal\u00eda General de la Naci\u00f3n","url":"https:\/\/www.fiscalia.gov.co\/colombia\/","logo":{"@type":"ImageObject","inLanguage":"es-CO","@id":"https:\/\/www.fiscalia.gov.co\/colombia\/#\/schema\/logo\/image\/","url":"https:\/\/www.fiscalia.gov.co\/colombia\/wp-content\/uploads\/LogoHorizontal_1.jpg","contentUrl":"https:\/\/www.fiscalia.gov.co\/colombia\/wp-content\/uploads\/LogoHorizontal_1.jpg","width":300,"height":90,"caption":"Fiscal\u00eda General de la Naci\u00f3n"},"image":{"@id":"https:\/\/www.fiscalia.gov.co\/colombia\/#\/schema\/logo\/image\/"},"sameAs":["https:\/\/www.facebook.com\/FiscaliaCol","https:\/\/x.com\/FiscaliaCol","https:\/\/www.instagram.com\/fiscaliacol","https:\/\/www.linkedin.com\/company\/fiscalia-general-de-la-naci-n\/","https:\/\/youtube.com\/@fiscaliageneraldelanacion-4668?si=6nN79nyQICPU5iTh"]},{"@type":"Person","@id":"https:\/\/www.fiscalia.gov.co\/colombia\/#\/schema\/person\/176195b99ebab0a52aafa15197e1bf80","name":"Winnie Geraldine Rodr\u00edguez Navarrete","image":{"@type":"ImageObject","inLanguage":"es-CO","@id":"https:\/\/www.fiscalia.gov.co\/colombia\/#\/schema\/person\/image\/","url":"https:\/\/secure.gravatar.com\/avatar\/c24cf8481dc84fa5e8c7b20bc95ab0c6?s=96&d=mm&r=g","contentUrl":"https:\/\/secure.gravatar.com\/avatar\/c24cf8481dc84fa5e8c7b20bc95ab0c6?s=96&d=mm&r=g","caption":"Winnie Geraldine Rodr\u00edguez Navarrete"},"url":"https:\/\/www.fiscalia.gov.co\/colombia\/author\/winnierodriguez\/"}]}},"_links":{"self":[{"href":"https:\/\/www.fiscalia.gov.co\/colombia\/wp-json\/wp\/v2\/posts\/303714","targetHints":{"allow":["GET"]}}],"collection":[{"href":"https:\/\/www.fiscalia.gov.co\/colombia\/wp-json\/wp\/v2\/posts"}],"about":[{"href":"https:\/\/www.fiscalia.gov.co\/colombia\/wp-json\/wp\/v2\/types\/post"}],"author":[{"embeddable":true,"href":"https:\/\/www.fiscalia.gov.co\/colombia\/wp-json\/wp\/v2\/users\/178"}],"replies":[{"embeddable":true,"href":"https:\/\/www.fiscalia.gov.co\/colombia\/wp-json\/wp\/v2\/comments?post=303714"}],"version-history":[{"count":2,"href":"https:\/\/www.fiscalia.gov.co\/colombia\/wp-json\/wp\/v2\/posts\/303714\/revisions"}],"predecessor-version":[{"id":303731,"href":"https:\/\/www.fiscalia.gov.co\/colombia\/wp-json\/wp\/v2\/posts\/303714\/revisions\/303731"}],"wp:attachment":[{"href":"https:\/\/www.fiscalia.gov.co\/colombia\/wp-json\/wp\/v2\/media?parent=303714"}],"wp:term":[{"taxonomy":"category","embeddable":true,"href":"https:\/\/www.fiscalia.gov.co\/colombia\/wp-json\/wp\/v2\/categories?post=303714"},{"taxonomy":"post_tag","embeddable":true,"href":"https:\/\/www.fiscalia.gov.co\/colombia\/wp-json\/wp\/v2\/tags?post=303714"}],"curies":[{"name":"wp","href":"https:\/\/api.w.org\/{rel}","templated":true}]}}