{"id":303550,"date":"2024-10-14T10:38:50","date_gmt":"2024-10-14T15:38:50","guid":{"rendered":"https:\/\/www.fiscalia.gov.co\/colombia\/?p=303550"},"modified":"2024-10-15T08:42:32","modified_gmt":"2024-10-15T13:42:32","slug":"incautadas-mas-de-dos-toneladas-de-uniformes-y-otros-elementos-de-uso-exclusivo-de-las-fuerzas-militares-confeccionados-y-vendidos-sin-los-permisos-de-ley","status":"publish","type":"post","link":"https:\/\/www.fiscalia.gov.co\/colombia\/noticias\/incautadas-mas-de-dos-toneladas-de-uniformes-y-otros-elementos-de-uso-exclusivo-de-las-fuerzas-militares-confeccionados-y-vendidos-sin-los-permisos-de-ley\/","title":{"rendered":"Incautadas m\u00e1s de dos toneladas de uniformes y otros elementos de uso exclusivo de las fuerzas militares confeccionados y vendidos sin los permisos de ley"},"content":{"rendered":"<h4 class=\"s7\" style=\"text-align: center;\"><em><strong><span class=\"s6\"><span class=\"bumpedFont15\">Los productos eran comercializados en almacenes de las localidades de Puente Aranda y La Candelaria, en Bogot\u00e1.<\/span><\/span><span class=\"s6\"><span class=\"bumpedFont15\">En los procedimientos tambi\u00e9n fueron hallados cartuchos y dinero en efectivo. <\/span><\/span><\/strong><\/em><\/h4>\n<p class=\"s7\"><span class=\"s8\"><span class=\"bumpedFont15\">En una acci\u00f3n conjunta del Cuerpo T\u00e9cnico de Investigaci\u00f3n (CTI) y el Ej\u00e9rcito Nacional fueron intervenidos <\/span><\/span><span class=\"s8\"><span class=\"bumpedFont15\">ocho<\/span><\/span><span class=\"s8\"><span class=\"bumpedFont15\">inmuebles<\/span><\/span><span class=\"s8\"><span class=\"bumpedFont15\"> en los que er<\/span><\/span><span class=\"s8\"><span class=\"bumpedFont15\">a<\/span><\/span><span class=\"s8\"><span class=\"bumpedFont15\">n vendidos uniformes, prendas y accesorios similares a los que utiliza <\/span><\/span><span class=\"s8\"><span class=\"bumpedFont15\">la fuerza p\u00fablica, que simulaban los productos confeccionados y elaborados por industrias nacionales e internacionales que tienen aval para ejercer estas actividades.<\/span><\/span><\/p>\n<p class=\"s7\"><span class=\"s8\"><span class=\"bumpedFont15\">Las diligencias se realizaron de manera simult\u00e1nea en los barrios<strong> San Rafael, localidad de Puente Aranda; y La Candelaria, en el centro de Bogot\u00e1. <\/strong><\/span><\/span><\/p>\n<p class=\"s7\"><span class=\"s8\"><span class=\"bumpedFont15\">En los procedimientos<\/span><\/span><span class=\"s8\"><span class=\"bumpedFont15\"> se hallaron dos toneladas de textiles y otros elementos, representados en 51 unidades de gafas deportivas, 522 pares de guantes t\u00e1cticos, 4 uniformes completos tipo militar, 1.250 pendras y art\u00edculos similares a los usados por las fuerzas militares, 268 pantalones t\u00e1cticos tipo camuflado, 165 pavas pixeladas tipo desierto, 325 gorras con insignias de la Armada Nacional, el Ej\u00e9rcito Nacional y la Polic\u00eda Nacional; y 145 cintas tipo cord\u00f3n para porta carn\u00e9 con los escudos de diferentes autoridades.<\/span><\/span><\/p>\n<p class=\"s7\"><span class=\"s8\"><span class=\"bumpedFont15\">Adicionalmente, se encontraron <\/span><\/span><span class=\"s8\"><span class=\"bumpedFont15\">250 cartuchos 9 mm para arma traum\u00e1tica, 297 cartuchos de seguridad de diferentes calibres<\/span><\/span><span class=\"s8\"><span class=\"bumpedFont15\">, <\/span><\/span><span class=\"s8\"><span class=\"bumpedFont15\">siete pistolas pl\u00e1<\/span><\/span><span class=\"s8\"><span class=\"bumpedFont15\">s<\/span><\/span><span class=\"s8\"><span class=\"bumpedFont15\">ticas para entrenamiento con proveedor<\/span><\/span><span class=\"s8\"><span class=\"bumpedFont15\">es<\/span><\/span><span class=\"s8\"><span class=\"bumpedFont15\"> extra\u00edble<\/span><\/span><span class=\"s8\"><span class=\"bumpedFont15\">s,<strong> 1.108 armas cortopunzantes y 5\u2019116.000 pesos en efectiv<\/strong>o<\/span><\/span><span class=\"s8\"><span class=\"bumpedFont15\">.<\/span><\/span><\/p>\n<p class=\"s7\"><span class=\"s8\"><span class=\"bumpedFont15\">Un fiscal del Grupo de Propiedad Intelectual de la Direcci\u00f3n Especializada contra las Violaciones a los Derechos Humanos acudi\u00f3 ante un juez de control de garant\u00edas, y obtuvo aval judicial sobre las diligencias y todo lo incautado. L<\/span><\/span><span class=\"s8\"><span class=\"bumpedFont15\">as investigaciones seguir\u00e1n por <\/span><\/span><span class=\"s8\"><span class=\"bumpedFont15\">usurpaci\u00f3n<\/span><\/span> <span class=\"s8\"><span class=\"bumpedFont15\">de <\/span><\/span><span class=\"s8\"><span class=\"bumpedFont15\">los d<\/span><\/span><span class=\"s8\"><span class=\"bumpedFont15\">erechos de propiedad industrial y utilizaci\u00f3n ilegal de uniformes e insignias.<\/span><\/span><\/p>\n<p class=\"s7\"><span class=\"s8\"><span class=\"bumpedFont15\">LMFO\/JARG\/<\/span><\/span><span class=\"s8\"><span class=\"bumpedFont15\">HOS\/DECVDH\/<\/span><\/span><\/p>\n<p>&nbsp;<\/p>\n<p>&nbsp;<\/p>\n<p>&nbsp;<\/p>\n<p><em>La informaci\u00f3n contenida en este bolet\u00edn de prensa corresponde a la narraci\u00f3n de los hechos noticiosos objetivos, suministrados por los funcionarios encargados de adelantar las investigaciones penales al interior de la Fiscal\u00eda General de la Naci\u00f3n. Para el momento de la divulgaci\u00f3n de este comunicado, la situaci\u00f3n jur\u00eddica de la(s) persona(s) relacionada(s) se encuentra pendiente de resolver por la autoridad judicial competente, siempre bajo los preceptos de la presunci\u00f3n de inocencia, consagrados en el art\u00edculo 29 de la Constituci\u00f3n Pol\u00edtica y el art\u00edculo 7\u00ba de la Ley 906 de 2004.<\/em><\/p>\n\n<div class=\"twitter-share\"><a href=\"https:\/\/twitter.com\/intent\/tweet?via=fiscaliacol\" class=\"twitter-share-button\">Tweet<\/a><\/div>\n","protected":false},"excerpt":{"rendered":"<p>Los productos eran comercializados en almacenes de las localidades de Puente Aranda y La Candelaria, en Bogot\u00e1.En los procedimientos tambi\u00e9n fueron hallados cartuchos y dinero en efectivo. En una acci\u00f3n [&hellip;]<\/p>\n","protected":false},"author":178,"featured_media":0,"comment_status":"closed","ping_status":"open","sticky":false,"template":"","format":"standard","meta":{"tdm_status":"","tdm_grid_status":"","footnotes":""},"categories":[24102,1],"tags":[],"class_list":["post-303550","post","type-post","status-publish","format-standard","category-derechos-humanos","category-noticias"],"yoast_head":"<!-- This site is optimized with the Yoast SEO plugin v24.3 - https:\/\/yoast.com\/wordpress\/plugins\/seo\/ -->\n<title>Fiscal\u00eda General de la Naci\u00f3n<\/title>\n<meta name=\"description\" content=\"P\u00e1gina oficial de la Fiscal\u00eda General de la Naci\u00f3n \u2013 Colombia. Garantizamos el acceso efectivo a la justicia, la verdad y la reparaci\u00f3n de las v\u00edctimas de los delitos.\" \/>\n<meta name=\"robots\" content=\"noindex, follow\" \/>\n<meta property=\"og:locale\" content=\"es_ES\" \/>\n<meta property=\"og:type\" content=\"article\" \/>\n<meta property=\"og:title\" content=\"Fiscal\u00eda General de la Naci\u00f3n\" \/>\n<meta property=\"og:description\" content=\"P\u00e1gina oficial de la Fiscal\u00eda General de la Naci\u00f3n \u2013 Colombia. Garantizamos el acceso efectivo a la justicia, la verdad y la reparaci\u00f3n de las v\u00edctimas de los delitos.\" \/>\n<meta property=\"og:url\" content=\"https:\/\/www.fiscalia.gov.co\/colombia\/noticias\/incautadas-mas-de-dos-toneladas-de-uniformes-y-otros-elementos-de-uso-exclusivo-de-las-fuerzas-militares-confeccionados-y-vendidos-sin-los-permisos-de-ley\/\" \/>\n<meta property=\"og:site_name\" content=\"Fiscal\u00eda General de la Naci\u00f3n\" \/>\n<meta property=\"article:publisher\" content=\"https:\/\/www.facebook.com\/FiscaliaCol\" \/>\n<meta property=\"article:published_time\" content=\"2024-10-14T15:38:50+00:00\" \/>\n<meta property=\"article:modified_time\" content=\"2024-10-15T13:42:32+00:00\" \/>\n<meta name=\"author\" content=\"Winnie Geraldine Rodr\u00edguez Navarrete\" \/>\n<meta name=\"twitter:card\" content=\"summary_large_image\" \/>\n<meta name=\"twitter:creator\" content=\"@FiscaliaCol\" \/>\n<meta name=\"twitter:site\" content=\"@FiscaliaCol\" \/>\n<meta name=\"twitter:label1\" content=\"Escrito por\" \/>\n\t<meta name=\"twitter:data1\" content=\"Winnie Geraldine Rodr\u00edguez Navarrete\" \/>\n\t<meta name=\"twitter:label2\" content=\"Tiempo de lectura\" \/>\n\t<meta name=\"twitter:data2\" content=\"2 minutos\" \/>\n<script type=\"application\/ld+json\" class=\"yoast-schema-graph\">{\"@context\":\"https:\/\/schema.org\",\"@graph\":[{\"@type\":\"Article\",\"@id\":\"https:\/\/www.fiscalia.gov.co\/colombia\/noticias\/incautadas-mas-de-dos-toneladas-de-uniformes-y-otros-elementos-de-uso-exclusivo-de-las-fuerzas-militares-confeccionados-y-vendidos-sin-los-permisos-de-ley\/#article\",\"isPartOf\":{\"@id\":\"https:\/\/www.fiscalia.gov.co\/colombia\/noticias\/incautadas-mas-de-dos-toneladas-de-uniformes-y-otros-elementos-de-uso-exclusivo-de-las-fuerzas-militares-confeccionados-y-vendidos-sin-los-permisos-de-ley\/\"},\"author\":{\"name\":\"Winnie Geraldine Rodr\u00edguez Navarrete\",\"@id\":\"https:\/\/www.fiscalia.gov.co\/colombia\/#\/schema\/person\/176195b99ebab0a52aafa15197e1bf80\"},\"headline\":\"Incautadas m\u00e1s de dos toneladas de uniformes y otros elementos de uso exclusivo de las fuerzas militares confeccionados y vendidos sin los permisos de ley\",\"datePublished\":\"2024-10-14T15:38:50+00:00\",\"dateModified\":\"2024-10-15T13:42:32+00:00\",\"mainEntityOfPage\":{\"@id\":\"https:\/\/www.fiscalia.gov.co\/colombia\/noticias\/incautadas-mas-de-dos-toneladas-de-uniformes-y-otros-elementos-de-uso-exclusivo-de-las-fuerzas-militares-confeccionados-y-vendidos-sin-los-permisos-de-ley\/\"},\"wordCount\":424,\"publisher\":{\"@id\":\"https:\/\/www.fiscalia.gov.co\/colombia\/#organization\"},\"articleSection\":[\"Derechos Humanos\",\"Noticias\"],\"inLanguage\":\"es-CO\"},{\"@type\":\"WebPage\",\"@id\":\"https:\/\/www.fiscalia.gov.co\/colombia\/noticias\/incautadas-mas-de-dos-toneladas-de-uniformes-y-otros-elementos-de-uso-exclusivo-de-las-fuerzas-militares-confeccionados-y-vendidos-sin-los-permisos-de-ley\/\",\"url\":\"https:\/\/www.fiscalia.gov.co\/colombia\/noticias\/incautadas-mas-de-dos-toneladas-de-uniformes-y-otros-elementos-de-uso-exclusivo-de-las-fuerzas-militares-confeccionados-y-vendidos-sin-los-permisos-de-ley\/\",\"name\":\"Fiscal\u00eda General de la Naci\u00f3n\",\"isPartOf\":{\"@id\":\"https:\/\/www.fiscalia.gov.co\/colombia\/#website\"},\"datePublished\":\"2024-10-14T15:38:50+00:00\",\"dateModified\":\"2024-10-15T13:42:32+00:00\",\"description\":\"P\u00e1gina oficial de la Fiscal\u00eda General de la Naci\u00f3n \u2013 Colombia. Garantizamos el acceso efectivo a la justicia, la verdad y la reparaci\u00f3n de las v\u00edctimas de los delitos.\",\"breadcrumb\":{\"@id\":\"https:\/\/www.fiscalia.gov.co\/colombia\/noticias\/incautadas-mas-de-dos-toneladas-de-uniformes-y-otros-elementos-de-uso-exclusivo-de-las-fuerzas-militares-confeccionados-y-vendidos-sin-los-permisos-de-ley\/#breadcrumb\"},\"inLanguage\":\"es-CO\",\"potentialAction\":[{\"@type\":\"ReadAction\",\"target\":[\"https:\/\/www.fiscalia.gov.co\/colombia\/noticias\/incautadas-mas-de-dos-toneladas-de-uniformes-y-otros-elementos-de-uso-exclusivo-de-las-fuerzas-militares-confeccionados-y-vendidos-sin-los-permisos-de-ley\/\"]}]},{\"@type\":\"BreadcrumbList\",\"@id\":\"https:\/\/www.fiscalia.gov.co\/colombia\/noticias\/incautadas-mas-de-dos-toneladas-de-uniformes-y-otros-elementos-de-uso-exclusivo-de-las-fuerzas-militares-confeccionados-y-vendidos-sin-los-permisos-de-ley\/#breadcrumb\",\"itemListElement\":[{\"@type\":\"ListItem\",\"position\":1,\"name\":\"Home\",\"item\":\"https:\/\/www.fiscalia.gov.co\/colombia\/\"},{\"@type\":\"ListItem\",\"position\":2,\"name\":\"Incautadas m\u00e1s de dos toneladas de uniformes y otros elementos de uso exclusivo de las fuerzas militares confeccionados y vendidos sin los permisos de ley\"}]},{\"@type\":\"WebSite\",\"@id\":\"https:\/\/www.fiscalia.gov.co\/colombia\/#website\",\"url\":\"https:\/\/www.fiscalia.gov.co\/colombia\/\",\"name\":\"Fiscal\u00eda General de la Naci\u00f3n\",\"description\":\"P\u00e1gina oficial de la Fiscal\u00eda General de la Naci\u00f3n \u2013 Colombia. Garantizamos el acceso efectivo a la justicia, la verdad y la reparaci\u00f3n de las v\u00edctimas de los delitos.\",\"publisher\":{\"@id\":\"https:\/\/www.fiscalia.gov.co\/colombia\/#organization\"},\"potentialAction\":[{\"@type\":\"SearchAction\",\"target\":{\"@type\":\"EntryPoint\",\"urlTemplate\":\"https:\/\/www.fiscalia.gov.co\/colombia\/?s={search_term_string}\"},\"query-input\":{\"@type\":\"PropertyValueSpecification\",\"valueRequired\":true,\"valueName\":\"search_term_string\"}}],\"inLanguage\":\"es-CO\"},{\"@type\":\"Organization\",\"@id\":\"https:\/\/www.fiscalia.gov.co\/colombia\/#organization\",\"name\":\"Fiscal\u00eda General de la Naci\u00f3n\",\"url\":\"https:\/\/www.fiscalia.gov.co\/colombia\/\",\"logo\":{\"@type\":\"ImageObject\",\"inLanguage\":\"es-CO\",\"@id\":\"https:\/\/www.fiscalia.gov.co\/colombia\/#\/schema\/logo\/image\/\",\"url\":\"https:\/\/www.fiscalia.gov.co\/colombia\/wp-content\/uploads\/LogoHorizontal_1.jpg\",\"contentUrl\":\"https:\/\/www.fiscalia.gov.co\/colombia\/wp-content\/uploads\/LogoHorizontal_1.jpg\",\"width\":300,\"height\":90,\"caption\":\"Fiscal\u00eda General de la Naci\u00f3n\"},\"image\":{\"@id\":\"https:\/\/www.fiscalia.gov.co\/colombia\/#\/schema\/logo\/image\/\"},\"sameAs\":[\"https:\/\/www.facebook.com\/FiscaliaCol\",\"https:\/\/x.com\/FiscaliaCol\",\"https:\/\/www.instagram.com\/fiscaliacol\",\"https:\/\/www.linkedin.com\/company\/fiscalia-general-de-la-naci-n\/\",\"https:\/\/youtube.com\/@fiscaliageneraldelanacion-4668?si=6nN79nyQICPU5iTh\"]},{\"@type\":\"Person\",\"@id\":\"https:\/\/www.fiscalia.gov.co\/colombia\/#\/schema\/person\/176195b99ebab0a52aafa15197e1bf80\",\"name\":\"Winnie Geraldine Rodr\u00edguez Navarrete\",\"image\":{\"@type\":\"ImageObject\",\"inLanguage\":\"es-CO\",\"@id\":\"https:\/\/www.fiscalia.gov.co\/colombia\/#\/schema\/person\/image\/\",\"url\":\"https:\/\/secure.gravatar.com\/avatar\/c24cf8481dc84fa5e8c7b20bc95ab0c6?s=96&d=mm&r=g\",\"contentUrl\":\"https:\/\/secure.gravatar.com\/avatar\/c24cf8481dc84fa5e8c7b20bc95ab0c6?s=96&d=mm&r=g\",\"caption\":\"Winnie Geraldine Rodr\u00edguez Navarrete\"},\"url\":\"https:\/\/www.fiscalia.gov.co\/colombia\/author\/winnierodriguez\/\"}]}<\/script>\n<!-- \/ Yoast SEO plugin. -->","yoast_head_json":{"title":"Fiscal\u00eda General de la Naci\u00f3n","description":"P\u00e1gina oficial de la Fiscal\u00eda General de la Naci\u00f3n \u2013 Colombia. Garantizamos el acceso efectivo a la justicia, la verdad y la reparaci\u00f3n de las v\u00edctimas de los delitos.","robots":{"index":"noindex","follow":"follow"},"og_locale":"es_ES","og_type":"article","og_title":"Fiscal\u00eda General de la Naci\u00f3n","og_description":"P\u00e1gina oficial de la Fiscal\u00eda General de la Naci\u00f3n \u2013 Colombia. Garantizamos el acceso efectivo a la justicia, la verdad y la reparaci\u00f3n de las v\u00edctimas de los delitos.","og_url":"https:\/\/www.fiscalia.gov.co\/colombia\/noticias\/incautadas-mas-de-dos-toneladas-de-uniformes-y-otros-elementos-de-uso-exclusivo-de-las-fuerzas-militares-confeccionados-y-vendidos-sin-los-permisos-de-ley\/","og_site_name":"Fiscal\u00eda General de la Naci\u00f3n","article_publisher":"https:\/\/www.facebook.com\/FiscaliaCol","article_published_time":"2024-10-14T15:38:50+00:00","article_modified_time":"2024-10-15T13:42:32+00:00","author":"Winnie Geraldine Rodr\u00edguez Navarrete","twitter_card":"summary_large_image","twitter_creator":"@FiscaliaCol","twitter_site":"@FiscaliaCol","twitter_misc":{"Escrito por":"Winnie Geraldine Rodr\u00edguez Navarrete","Tiempo de lectura":"2 minutos"},"schema":{"@context":"https:\/\/schema.org","@graph":[{"@type":"Article","@id":"https:\/\/www.fiscalia.gov.co\/colombia\/noticias\/incautadas-mas-de-dos-toneladas-de-uniformes-y-otros-elementos-de-uso-exclusivo-de-las-fuerzas-militares-confeccionados-y-vendidos-sin-los-permisos-de-ley\/#article","isPartOf":{"@id":"https:\/\/www.fiscalia.gov.co\/colombia\/noticias\/incautadas-mas-de-dos-toneladas-de-uniformes-y-otros-elementos-de-uso-exclusivo-de-las-fuerzas-militares-confeccionados-y-vendidos-sin-los-permisos-de-ley\/"},"author":{"name":"Winnie Geraldine Rodr\u00edguez Navarrete","@id":"https:\/\/www.fiscalia.gov.co\/colombia\/#\/schema\/person\/176195b99ebab0a52aafa15197e1bf80"},"headline":"Incautadas m\u00e1s de dos toneladas de uniformes y otros elementos de uso exclusivo de las fuerzas militares confeccionados y vendidos sin los permisos de ley","datePublished":"2024-10-14T15:38:50+00:00","dateModified":"2024-10-15T13:42:32+00:00","mainEntityOfPage":{"@id":"https:\/\/www.fiscalia.gov.co\/colombia\/noticias\/incautadas-mas-de-dos-toneladas-de-uniformes-y-otros-elementos-de-uso-exclusivo-de-las-fuerzas-militares-confeccionados-y-vendidos-sin-los-permisos-de-ley\/"},"wordCount":424,"publisher":{"@id":"https:\/\/www.fiscalia.gov.co\/colombia\/#organization"},"articleSection":["Derechos Humanos","Noticias"],"inLanguage":"es-CO"},{"@type":"WebPage","@id":"https:\/\/www.fiscalia.gov.co\/colombia\/noticias\/incautadas-mas-de-dos-toneladas-de-uniformes-y-otros-elementos-de-uso-exclusivo-de-las-fuerzas-militares-confeccionados-y-vendidos-sin-los-permisos-de-ley\/","url":"https:\/\/www.fiscalia.gov.co\/colombia\/noticias\/incautadas-mas-de-dos-toneladas-de-uniformes-y-otros-elementos-de-uso-exclusivo-de-las-fuerzas-militares-confeccionados-y-vendidos-sin-los-permisos-de-ley\/","name":"Fiscal\u00eda General de la Naci\u00f3n","isPartOf":{"@id":"https:\/\/www.fiscalia.gov.co\/colombia\/#website"},"datePublished":"2024-10-14T15:38:50+00:00","dateModified":"2024-10-15T13:42:32+00:00","description":"P\u00e1gina oficial de la Fiscal\u00eda General de la Naci\u00f3n \u2013 Colombia. Garantizamos el acceso efectivo a la justicia, la verdad y la reparaci\u00f3n de las v\u00edctimas de los delitos.","breadcrumb":{"@id":"https:\/\/www.fiscalia.gov.co\/colombia\/noticias\/incautadas-mas-de-dos-toneladas-de-uniformes-y-otros-elementos-de-uso-exclusivo-de-las-fuerzas-militares-confeccionados-y-vendidos-sin-los-permisos-de-ley\/#breadcrumb"},"inLanguage":"es-CO","potentialAction":[{"@type":"ReadAction","target":["https:\/\/www.fiscalia.gov.co\/colombia\/noticias\/incautadas-mas-de-dos-toneladas-de-uniformes-y-otros-elementos-de-uso-exclusivo-de-las-fuerzas-militares-confeccionados-y-vendidos-sin-los-permisos-de-ley\/"]}]},{"@type":"BreadcrumbList","@id":"https:\/\/www.fiscalia.gov.co\/colombia\/noticias\/incautadas-mas-de-dos-toneladas-de-uniformes-y-otros-elementos-de-uso-exclusivo-de-las-fuerzas-militares-confeccionados-y-vendidos-sin-los-permisos-de-ley\/#breadcrumb","itemListElement":[{"@type":"ListItem","position":1,"name":"Home","item":"https:\/\/www.fiscalia.gov.co\/colombia\/"},{"@type":"ListItem","position":2,"name":"Incautadas m\u00e1s de dos toneladas de uniformes y otros elementos de uso exclusivo de las fuerzas militares confeccionados y vendidos sin los permisos de ley"}]},{"@type":"WebSite","@id":"https:\/\/www.fiscalia.gov.co\/colombia\/#website","url":"https:\/\/www.fiscalia.gov.co\/colombia\/","name":"Fiscal\u00eda General de la Naci\u00f3n","description":"P\u00e1gina oficial de la Fiscal\u00eda General de la Naci\u00f3n \u2013 Colombia. Garantizamos el acceso efectivo a la justicia, la verdad y la reparaci\u00f3n de las v\u00edctimas de los delitos.","publisher":{"@id":"https:\/\/www.fiscalia.gov.co\/colombia\/#organization"},"potentialAction":[{"@type":"SearchAction","target":{"@type":"EntryPoint","urlTemplate":"https:\/\/www.fiscalia.gov.co\/colombia\/?s={search_term_string}"},"query-input":{"@type":"PropertyValueSpecification","valueRequired":true,"valueName":"search_term_string"}}],"inLanguage":"es-CO"},{"@type":"Organization","@id":"https:\/\/www.fiscalia.gov.co\/colombia\/#organization","name":"Fiscal\u00eda General de la Naci\u00f3n","url":"https:\/\/www.fiscalia.gov.co\/colombia\/","logo":{"@type":"ImageObject","inLanguage":"es-CO","@id":"https:\/\/www.fiscalia.gov.co\/colombia\/#\/schema\/logo\/image\/","url":"https:\/\/www.fiscalia.gov.co\/colombia\/wp-content\/uploads\/LogoHorizontal_1.jpg","contentUrl":"https:\/\/www.fiscalia.gov.co\/colombia\/wp-content\/uploads\/LogoHorizontal_1.jpg","width":300,"height":90,"caption":"Fiscal\u00eda General de la Naci\u00f3n"},"image":{"@id":"https:\/\/www.fiscalia.gov.co\/colombia\/#\/schema\/logo\/image\/"},"sameAs":["https:\/\/www.facebook.com\/FiscaliaCol","https:\/\/x.com\/FiscaliaCol","https:\/\/www.instagram.com\/fiscaliacol","https:\/\/www.linkedin.com\/company\/fiscalia-general-de-la-naci-n\/","https:\/\/youtube.com\/@fiscaliageneraldelanacion-4668?si=6nN79nyQICPU5iTh"]},{"@type":"Person","@id":"https:\/\/www.fiscalia.gov.co\/colombia\/#\/schema\/person\/176195b99ebab0a52aafa15197e1bf80","name":"Winnie Geraldine Rodr\u00edguez Navarrete","image":{"@type":"ImageObject","inLanguage":"es-CO","@id":"https:\/\/www.fiscalia.gov.co\/colombia\/#\/schema\/person\/image\/","url":"https:\/\/secure.gravatar.com\/avatar\/c24cf8481dc84fa5e8c7b20bc95ab0c6?s=96&d=mm&r=g","contentUrl":"https:\/\/secure.gravatar.com\/avatar\/c24cf8481dc84fa5e8c7b20bc95ab0c6?s=96&d=mm&r=g","caption":"Winnie Geraldine Rodr\u00edguez Navarrete"},"url":"https:\/\/www.fiscalia.gov.co\/colombia\/author\/winnierodriguez\/"}]}},"_links":{"self":[{"href":"https:\/\/www.fiscalia.gov.co\/colombia\/wp-json\/wp\/v2\/posts\/303550","targetHints":{"allow":["GET"]}}],"collection":[{"href":"https:\/\/www.fiscalia.gov.co\/colombia\/wp-json\/wp\/v2\/posts"}],"about":[{"href":"https:\/\/www.fiscalia.gov.co\/colombia\/wp-json\/wp\/v2\/types\/post"}],"author":[{"embeddable":true,"href":"https:\/\/www.fiscalia.gov.co\/colombia\/wp-json\/wp\/v2\/users\/178"}],"replies":[{"embeddable":true,"href":"https:\/\/www.fiscalia.gov.co\/colombia\/wp-json\/wp\/v2\/comments?post=303550"}],"version-history":[{"count":3,"href":"https:\/\/www.fiscalia.gov.co\/colombia\/wp-json\/wp\/v2\/posts\/303550\/revisions"}],"predecessor-version":[{"id":303589,"href":"https:\/\/www.fiscalia.gov.co\/colombia\/wp-json\/wp\/v2\/posts\/303550\/revisions\/303589"}],"wp:attachment":[{"href":"https:\/\/www.fiscalia.gov.co\/colombia\/wp-json\/wp\/v2\/media?parent=303550"}],"wp:term":[{"taxonomy":"category","embeddable":true,"href":"https:\/\/www.fiscalia.gov.co\/colombia\/wp-json\/wp\/v2\/categories?post=303550"},{"taxonomy":"post_tag","embeddable":true,"href":"https:\/\/www.fiscalia.gov.co\/colombia\/wp-json\/wp\/v2\/tags?post=303550"}],"curies":[{"name":"wp","href":"https:\/\/api.w.org\/{rel}","templated":true}]}}