{"id":303498,"date":"2024-10-11T11:30:22","date_gmt":"2024-10-11T16:30:22","guid":{"rendered":"https:\/\/www.fiscalia.gov.co\/colombia\/?p=303498"},"modified":"2024-10-11T11:30:22","modified_gmt":"2024-10-11T16:30:22","slug":"imputan-cargos-a-exservidores-de-la-alcaldia-de-medellin-por-presunta-corrupcion","status":"publish","type":"post","link":"https:\/\/www.fiscalia.gov.co\/colombia\/noticias\/imputan-cargos-a-exservidores-de-la-alcaldia-de-medellin-por-presunta-corrupcion\/","title":{"rendered":"Imputan cargos a exservidores de la Alcald\u00eda de Medell\u00edn por presunta corrupci\u00f3n"},"content":{"rendered":"<h4 align=\"center\"><strong><i>Dos particulares tambi\u00e9n fueron vinculados a la investigaci\u00f3n.<\/i><\/strong><\/h4>\n<p>La Fiscal\u00eda General de la Naci\u00f3n imput\u00f3 cargos contra 4 exservidores p\u00fablicos de la Alcald\u00eda de Medell\u00edn y dos particulares, como<a href=\"https:\/\/www.fiscalia.gov.co\/colombia\/noticias\/fiscalia-imputa-cargos-a-exgerente-del-inder-por-presuntos-actos-de-corrupcion\/\"> presuntos responsables de cometer irregularidades en la celebraci\u00f3n de un contrato<\/a> por 590\u2019867.392 de pesos; <strong>para la restauraci\u00f3n en infraestructura, kioscos, bancas, mesas y malla, entre otros, en el Parque Metropolitano de Las Aguas.<\/strong><\/p>\n<p>Los investigados deber\u00e1n responder, de acuerdo con su responsabilidad individual, por los <strong>delitos de peculado por apropiaci\u00f3n en favor de terceros, inter\u00e9s indebido en la celebraci\u00f3n de contratos y contrato sin cumplimiento de los requisitos legales.<\/strong><\/p>\n<p><strong>Seg\u00fan la investigaci\u00f3n, adelantada por una fiscal de la Unidad de Delitos contra la Administraci\u00f3n Publica de la Seccional Medell\u00edn, en julio de 2021 los exfuncionarios p\u00fablicos adscritos a Metroparques<\/strong> habr\u00eda direccionaron el contrato para favorecer a una empresa constructora.<\/p>\n<p>La Fiscal\u00eda evidenci\u00f3 que, del monto inicial, presuntamente, se destinaron recursos a misma empresa para la construcci\u00f3n de una bodega que no se requer\u00eda, y\u2002que nunca fue utilizada.\u00a0 Adem\u00e1s, en la ejecuci\u00f3n de la obra, se cree, <strong>hubo un detrimento patrimonial de 243\u2019316.000 de pesos.<\/strong><\/p>\n<p>Por esos hechos fueron imputados los exfuncionarios Mar\u00eda Eugenia Dom\u00ednguez Estrada, exgerente de Metroparques; Viviana del Valle Vel\u00e1squez, exjefe de compras; Carlos Augusto Jaramillo Villarreal, exsecretario general; y C\u00e9sar Augusto Chavarr\u00eda M\u00fanera, ex jefe de log\u00edstica de eventos. Adem\u00e1s de los particulares Enidia del Carmen Salazar de S\u00e1nchez, representante legal de la empresa constructora; y Camilo Garc\u00eda Bustamante, contratista de Metroparques y con funciones de supervisi\u00f3n del contrato.<\/p>\n<p>Ninguno de los procesados se allan\u00f3 a los cargos imputados.<\/p>\n<p>&nbsp;<\/p>\n<p>&nbsp;<\/p>\n<p>&nbsp;<\/p>\n<p>&nbsp;<\/p>\n<p>LFML\/LSAH\/DSM\/LMFO\/<\/p>\n<p>&nbsp;<\/p>\n<div><\/div>\n<p id=\"m_1954208631367758006m_-9093374912263729224x_m_-926857323266854671x_divRplyFwdMsg\" dir=\"ltr\">\n<p>&nbsp;<\/p>\n<p>&nbsp;<\/p>\n<p><em>La informaci\u00f3n contenida en este bolet\u00edn de prensa corresponde a la narraci\u00f3n de los hechos noticiosos objetivos, suministrados por los funcionarios encargados de adelantar las investigaciones penales al interior de la Fiscal\u00eda General de la Naci\u00f3n. Para el momento de la divulgaci\u00f3n de este comunicado, la situaci\u00f3n jur\u00eddica de la(s) persona(s) relacionada(s) se encuentra pendiente de resolver por la autoridad judicial competente, siempre bajo los preceptos de la presunci\u00f3n de inocencia, consagrados en el art\u00edculo 29 de la Constituci\u00f3n Pol\u00edtica y el art\u00edculo 7\u00ba de la Ley 906 de 2004.<\/em><\/p>\n\n<div class=\"twitter-share\"><a href=\"https:\/\/twitter.com\/intent\/tweet?via=fiscaliacol\" class=\"twitter-share-button\">Tweet<\/a><\/div>\n","protected":false},"excerpt":{"rendered":"<p>Dos particulares tambi\u00e9n fueron vinculados a la investigaci\u00f3n. La Fiscal\u00eda General de la Naci\u00f3n imput\u00f3 cargos contra 4 exservidores p\u00fablicos de la Alcald\u00eda de Medell\u00edn y dos particulares, como presuntos responsables de cometer irregularidades en la celebraci\u00f3n de un contrato por 590\u2019867.392 de pesos; para la restauraci\u00f3n en infraestructura, kioscos, bancas, mesas y malla, entre [&hellip;]<\/p>\n","protected":false},"author":177,"featured_media":0,"comment_status":"closed","ping_status":"open","sticky":false,"template":"","format":"standard","meta":{"tdm_status":"","tdm_grid_status":"","footnotes":""},"categories":[1,318,331,303],"tags":[17996,38805,1047,15474,3255,23985,38806,1229],"class_list":{"0":"post-303498","1":"post","2":"type-post","3":"status-publish","4":"format-standard","6":"category-noticias","7":"category-seccional-antioquia","8":"category-seccional-medellin","9":"category-seccionales","10":"tag-contratos-sin-cumplimiento-de-los-requisitos-legales","11":"tag-cuatro-exservidores-de-la-alcaldia-de-medellin-y-dos-particulares","12":"tag-fiscalia-general-de-la-nacion","13":"tag-imputacion-de-cargos","14":"tag-interes-indebido-en-la-celebracion-de-contratos","15":"tag-medellin-antioquia","16":"tag-metroparques","17":"tag-peculado-por-apropiacion"},"yoast_head":"<!-- This site is optimized with the Yoast SEO plugin v24.3 - https:\/\/yoast.com\/wordpress\/plugins\/seo\/ -->\n<title>Fiscal\u00eda General de la Naci\u00f3n<\/title>\n<meta name=\"description\" content=\"P\u00e1gina oficial de la Fiscal\u00eda General de la Naci\u00f3n \u2013 Colombia. Garantizamos el acceso efectivo a la justicia, la verdad y la reparaci\u00f3n de las v\u00edctimas de los delitos.\" \/>\n<meta name=\"robots\" content=\"noindex, follow\" \/>\n<meta property=\"og:locale\" content=\"es_ES\" \/>\n<meta property=\"og:type\" content=\"article\" \/>\n<meta property=\"og:title\" content=\"Fiscal\u00eda General de la Naci\u00f3n\" \/>\n<meta property=\"og:description\" content=\"P\u00e1gina oficial de la Fiscal\u00eda General de la Naci\u00f3n \u2013 Colombia. Garantizamos el acceso efectivo a la justicia, la verdad y la reparaci\u00f3n de las v\u00edctimas de los delitos.\" \/>\n<meta property=\"og:url\" content=\"https:\/\/www.fiscalia.gov.co\/colombia\/noticias\/imputan-cargos-a-exservidores-de-la-alcaldia-de-medellin-por-presunta-corrupcion\/\" \/>\n<meta property=\"og:site_name\" content=\"Fiscal\u00eda General de la Naci\u00f3n\" \/>\n<meta property=\"article:publisher\" content=\"https:\/\/www.facebook.com\/FiscaliaCol\" \/>\n<meta property=\"article:published_time\" content=\"2024-10-11T16:30:22+00:00\" \/>\n<meta name=\"author\" content=\"Jordan Leandro Oviedo Anzola\" \/>\n<meta name=\"twitter:card\" content=\"summary_large_image\" \/>\n<meta name=\"twitter:creator\" content=\"@FiscaliaCol\" \/>\n<meta name=\"twitter:site\" content=\"@FiscaliaCol\" \/>\n<meta name=\"twitter:label1\" content=\"Escrito por\" \/>\n\t<meta name=\"twitter:data1\" content=\"Jordan Leandro Oviedo Anzola\" \/>\n\t<meta name=\"twitter:label2\" content=\"Tiempo de lectura\" \/>\n\t<meta name=\"twitter:data2\" content=\"2 minutos\" \/>\n<script type=\"application\/ld+json\" class=\"yoast-schema-graph\">{\"@context\":\"https:\/\/schema.org\",\"@graph\":[{\"@type\":\"Article\",\"@id\":\"https:\/\/www.fiscalia.gov.co\/colombia\/noticias\/imputan-cargos-a-exservidores-de-la-alcaldia-de-medellin-por-presunta-corrupcion\/#article\",\"isPartOf\":{\"@id\":\"https:\/\/www.fiscalia.gov.co\/colombia\/noticias\/imputan-cargos-a-exservidores-de-la-alcaldia-de-medellin-por-presunta-corrupcion\/\"},\"author\":{\"name\":\"Jordan Leandro Oviedo Anzola\",\"@id\":\"https:\/\/www.fiscalia.gov.co\/colombia\/#\/schema\/person\/bf84402cf293a5393e9c70b111020b24\"},\"headline\":\"Imputan cargos a exservidores de la Alcald\u00eda de Medell\u00edn por presunta corrupci\u00f3n\",\"datePublished\":\"2024-10-11T16:30:22+00:00\",\"dateModified\":\"2024-10-11T16:30:22+00:00\",\"mainEntityOfPage\":{\"@id\":\"https:\/\/www.fiscalia.gov.co\/colombia\/noticias\/imputan-cargos-a-exservidores-de-la-alcaldia-de-medellin-por-presunta-corrupcion\/\"},\"wordCount\":422,\"publisher\":{\"@id\":\"https:\/\/www.fiscalia.gov.co\/colombia\/#organization\"},\"keywords\":[\"contratos sin cumplimiento de los requisitos legales\",\"cuatro exservidores de la Alcald\u00eda de Medell\u00edn y dos particulares\",\"Fiscal\u00eda General de la Naci\u00f3n\",\"Imputaci\u00f3n de cargos\",\"Inter\u00e9s indebido en la celebraci\u00f3n de contratos\",\"Medell\u00edn (Antioquia)\",\"Metroparques\",\"Peculado por apropiaci\u00f3n\"],\"articleSection\":[\"Noticias\",\"Seccional Antioquia\",\"Seccional Medell\u00edn\",\"Seccionales\"],\"inLanguage\":\"es-CO\"},{\"@type\":\"WebPage\",\"@id\":\"https:\/\/www.fiscalia.gov.co\/colombia\/noticias\/imputan-cargos-a-exservidores-de-la-alcaldia-de-medellin-por-presunta-corrupcion\/\",\"url\":\"https:\/\/www.fiscalia.gov.co\/colombia\/noticias\/imputan-cargos-a-exservidores-de-la-alcaldia-de-medellin-por-presunta-corrupcion\/\",\"name\":\"Fiscal\u00eda General de la Naci\u00f3n\",\"isPartOf\":{\"@id\":\"https:\/\/www.fiscalia.gov.co\/colombia\/#website\"},\"datePublished\":\"2024-10-11T16:30:22+00:00\",\"dateModified\":\"2024-10-11T16:30:22+00:00\",\"description\":\"P\u00e1gina oficial de la Fiscal\u00eda General de la Naci\u00f3n \u2013 Colombia. Garantizamos el acceso efectivo a la justicia, la verdad y la reparaci\u00f3n de las v\u00edctimas de los delitos.\",\"breadcrumb\":{\"@id\":\"https:\/\/www.fiscalia.gov.co\/colombia\/noticias\/imputan-cargos-a-exservidores-de-la-alcaldia-de-medellin-por-presunta-corrupcion\/#breadcrumb\"},\"inLanguage\":\"es-CO\",\"potentialAction\":[{\"@type\":\"ReadAction\",\"target\":[\"https:\/\/www.fiscalia.gov.co\/colombia\/noticias\/imputan-cargos-a-exservidores-de-la-alcaldia-de-medellin-por-presunta-corrupcion\/\"]}]},{\"@type\":\"BreadcrumbList\",\"@id\":\"https:\/\/www.fiscalia.gov.co\/colombia\/noticias\/imputan-cargos-a-exservidores-de-la-alcaldia-de-medellin-por-presunta-corrupcion\/#breadcrumb\",\"itemListElement\":[{\"@type\":\"ListItem\",\"position\":1,\"name\":\"Home\",\"item\":\"https:\/\/www.fiscalia.gov.co\/colombia\/\"},{\"@type\":\"ListItem\",\"position\":2,\"name\":\"Imputan cargos a exservidores de la Alcald\u00eda de Medell\u00edn por presunta corrupci\u00f3n\"}]},{\"@type\":\"WebSite\",\"@id\":\"https:\/\/www.fiscalia.gov.co\/colombia\/#website\",\"url\":\"https:\/\/www.fiscalia.gov.co\/colombia\/\",\"name\":\"Fiscal\u00eda General de la Naci\u00f3n\",\"description\":\"P\u00e1gina oficial de la Fiscal\u00eda General de la Naci\u00f3n \u2013 Colombia. Garantizamos el acceso efectivo a la justicia, la verdad y la reparaci\u00f3n de las v\u00edctimas de los delitos.\",\"publisher\":{\"@id\":\"https:\/\/www.fiscalia.gov.co\/colombia\/#organization\"},\"potentialAction\":[{\"@type\":\"SearchAction\",\"target\":{\"@type\":\"EntryPoint\",\"urlTemplate\":\"https:\/\/www.fiscalia.gov.co\/colombia\/?s={search_term_string}\"},\"query-input\":{\"@type\":\"PropertyValueSpecification\",\"valueRequired\":true,\"valueName\":\"search_term_string\"}}],\"inLanguage\":\"es-CO\"},{\"@type\":\"Organization\",\"@id\":\"https:\/\/www.fiscalia.gov.co\/colombia\/#organization\",\"name\":\"Fiscal\u00eda General de la Naci\u00f3n\",\"url\":\"https:\/\/www.fiscalia.gov.co\/colombia\/\",\"logo\":{\"@type\":\"ImageObject\",\"inLanguage\":\"es-CO\",\"@id\":\"https:\/\/www.fiscalia.gov.co\/colombia\/#\/schema\/logo\/image\/\",\"url\":\"https:\/\/www.fiscalia.gov.co\/colombia\/wp-content\/uploads\/LogoHorizontal_1.jpg\",\"contentUrl\":\"https:\/\/www.fiscalia.gov.co\/colombia\/wp-content\/uploads\/LogoHorizontal_1.jpg\",\"width\":300,\"height\":90,\"caption\":\"Fiscal\u00eda General de la Naci\u00f3n\"},\"image\":{\"@id\":\"https:\/\/www.fiscalia.gov.co\/colombia\/#\/schema\/logo\/image\/\"},\"sameAs\":[\"https:\/\/www.facebook.com\/FiscaliaCol\",\"https:\/\/x.com\/FiscaliaCol\",\"https:\/\/www.instagram.com\/fiscaliacol\",\"https:\/\/www.linkedin.com\/company\/fiscalia-general-de-la-naci-n\/\",\"https:\/\/youtube.com\/@fiscaliageneraldelanacion-4668?si=6nN79nyQICPU5iTh\"]},{\"@type\":\"Person\",\"@id\":\"https:\/\/www.fiscalia.gov.co\/colombia\/#\/schema\/person\/bf84402cf293a5393e9c70b111020b24\",\"name\":\"Jordan Leandro Oviedo Anzola\",\"image\":{\"@type\":\"ImageObject\",\"inLanguage\":\"es-CO\",\"@id\":\"https:\/\/www.fiscalia.gov.co\/colombia\/#\/schema\/person\/image\/\",\"url\":\"https:\/\/secure.gravatar.com\/avatar\/dabba4346fa9b9207d96adafa8f92721?s=96&d=mm&r=g\",\"contentUrl\":\"https:\/\/secure.gravatar.com\/avatar\/dabba4346fa9b9207d96adafa8f92721?s=96&d=mm&r=g\",\"caption\":\"Jordan Leandro Oviedo Anzola\"},\"url\":\"https:\/\/www.fiscalia.gov.co\/colombia\/author\/joviedo\/\"}]}<\/script>\n<!-- \/ Yoast SEO plugin. -->","yoast_head_json":{"title":"Fiscal\u00eda General de la Naci\u00f3n","description":"P\u00e1gina oficial de la Fiscal\u00eda General de la Naci\u00f3n \u2013 Colombia. Garantizamos el acceso efectivo a la justicia, la verdad y la reparaci\u00f3n de las v\u00edctimas de los delitos.","robots":{"index":"noindex","follow":"follow"},"og_locale":"es_ES","og_type":"article","og_title":"Fiscal\u00eda General de la Naci\u00f3n","og_description":"P\u00e1gina oficial de la Fiscal\u00eda General de la Naci\u00f3n \u2013 Colombia. Garantizamos el acceso efectivo a la justicia, la verdad y la reparaci\u00f3n de las v\u00edctimas de los delitos.","og_url":"https:\/\/www.fiscalia.gov.co\/colombia\/noticias\/imputan-cargos-a-exservidores-de-la-alcaldia-de-medellin-por-presunta-corrupcion\/","og_site_name":"Fiscal\u00eda General de la Naci\u00f3n","article_publisher":"https:\/\/www.facebook.com\/FiscaliaCol","article_published_time":"2024-10-11T16:30:22+00:00","author":"Jordan Leandro Oviedo Anzola","twitter_card":"summary_large_image","twitter_creator":"@FiscaliaCol","twitter_site":"@FiscaliaCol","twitter_misc":{"Escrito por":"Jordan Leandro Oviedo Anzola","Tiempo de lectura":"2 minutos"},"schema":{"@context":"https:\/\/schema.org","@graph":[{"@type":"Article","@id":"https:\/\/www.fiscalia.gov.co\/colombia\/noticias\/imputan-cargos-a-exservidores-de-la-alcaldia-de-medellin-por-presunta-corrupcion\/#article","isPartOf":{"@id":"https:\/\/www.fiscalia.gov.co\/colombia\/noticias\/imputan-cargos-a-exservidores-de-la-alcaldia-de-medellin-por-presunta-corrupcion\/"},"author":{"name":"Jordan Leandro Oviedo Anzola","@id":"https:\/\/www.fiscalia.gov.co\/colombia\/#\/schema\/person\/bf84402cf293a5393e9c70b111020b24"},"headline":"Imputan cargos a exservidores de la Alcald\u00eda de Medell\u00edn por presunta corrupci\u00f3n","datePublished":"2024-10-11T16:30:22+00:00","dateModified":"2024-10-11T16:30:22+00:00","mainEntityOfPage":{"@id":"https:\/\/www.fiscalia.gov.co\/colombia\/noticias\/imputan-cargos-a-exservidores-de-la-alcaldia-de-medellin-por-presunta-corrupcion\/"},"wordCount":422,"publisher":{"@id":"https:\/\/www.fiscalia.gov.co\/colombia\/#organization"},"keywords":["contratos sin cumplimiento de los requisitos legales","cuatro exservidores de la Alcald\u00eda de Medell\u00edn y dos particulares","Fiscal\u00eda General de la Naci\u00f3n","Imputaci\u00f3n de cargos","Inter\u00e9s indebido en la celebraci\u00f3n de contratos","Medell\u00edn (Antioquia)","Metroparques","Peculado por apropiaci\u00f3n"],"articleSection":["Noticias","Seccional Antioquia","Seccional Medell\u00edn","Seccionales"],"inLanguage":"es-CO"},{"@type":"WebPage","@id":"https:\/\/www.fiscalia.gov.co\/colombia\/noticias\/imputan-cargos-a-exservidores-de-la-alcaldia-de-medellin-por-presunta-corrupcion\/","url":"https:\/\/www.fiscalia.gov.co\/colombia\/noticias\/imputan-cargos-a-exservidores-de-la-alcaldia-de-medellin-por-presunta-corrupcion\/","name":"Fiscal\u00eda General de la Naci\u00f3n","isPartOf":{"@id":"https:\/\/www.fiscalia.gov.co\/colombia\/#website"},"datePublished":"2024-10-11T16:30:22+00:00","dateModified":"2024-10-11T16:30:22+00:00","description":"P\u00e1gina oficial de la Fiscal\u00eda General de la Naci\u00f3n \u2013 Colombia. Garantizamos el acceso efectivo a la justicia, la verdad y la reparaci\u00f3n de las v\u00edctimas de los delitos.","breadcrumb":{"@id":"https:\/\/www.fiscalia.gov.co\/colombia\/noticias\/imputan-cargos-a-exservidores-de-la-alcaldia-de-medellin-por-presunta-corrupcion\/#breadcrumb"},"inLanguage":"es-CO","potentialAction":[{"@type":"ReadAction","target":["https:\/\/www.fiscalia.gov.co\/colombia\/noticias\/imputan-cargos-a-exservidores-de-la-alcaldia-de-medellin-por-presunta-corrupcion\/"]}]},{"@type":"BreadcrumbList","@id":"https:\/\/www.fiscalia.gov.co\/colombia\/noticias\/imputan-cargos-a-exservidores-de-la-alcaldia-de-medellin-por-presunta-corrupcion\/#breadcrumb","itemListElement":[{"@type":"ListItem","position":1,"name":"Home","item":"https:\/\/www.fiscalia.gov.co\/colombia\/"},{"@type":"ListItem","position":2,"name":"Imputan cargos a exservidores de la Alcald\u00eda de Medell\u00edn por presunta corrupci\u00f3n"}]},{"@type":"WebSite","@id":"https:\/\/www.fiscalia.gov.co\/colombia\/#website","url":"https:\/\/www.fiscalia.gov.co\/colombia\/","name":"Fiscal\u00eda General de la Naci\u00f3n","description":"P\u00e1gina oficial de la Fiscal\u00eda General de la Naci\u00f3n \u2013 Colombia. Garantizamos el acceso efectivo a la justicia, la verdad y la reparaci\u00f3n de las v\u00edctimas de los delitos.","publisher":{"@id":"https:\/\/www.fiscalia.gov.co\/colombia\/#organization"},"potentialAction":[{"@type":"SearchAction","target":{"@type":"EntryPoint","urlTemplate":"https:\/\/www.fiscalia.gov.co\/colombia\/?s={search_term_string}"},"query-input":{"@type":"PropertyValueSpecification","valueRequired":true,"valueName":"search_term_string"}}],"inLanguage":"es-CO"},{"@type":"Organization","@id":"https:\/\/www.fiscalia.gov.co\/colombia\/#organization","name":"Fiscal\u00eda General de la Naci\u00f3n","url":"https:\/\/www.fiscalia.gov.co\/colombia\/","logo":{"@type":"ImageObject","inLanguage":"es-CO","@id":"https:\/\/www.fiscalia.gov.co\/colombia\/#\/schema\/logo\/image\/","url":"https:\/\/www.fiscalia.gov.co\/colombia\/wp-content\/uploads\/LogoHorizontal_1.jpg","contentUrl":"https:\/\/www.fiscalia.gov.co\/colombia\/wp-content\/uploads\/LogoHorizontal_1.jpg","width":300,"height":90,"caption":"Fiscal\u00eda General de la Naci\u00f3n"},"image":{"@id":"https:\/\/www.fiscalia.gov.co\/colombia\/#\/schema\/logo\/image\/"},"sameAs":["https:\/\/www.facebook.com\/FiscaliaCol","https:\/\/x.com\/FiscaliaCol","https:\/\/www.instagram.com\/fiscaliacol","https:\/\/www.linkedin.com\/company\/fiscalia-general-de-la-naci-n\/","https:\/\/youtube.com\/@fiscaliageneraldelanacion-4668?si=6nN79nyQICPU5iTh"]},{"@type":"Person","@id":"https:\/\/www.fiscalia.gov.co\/colombia\/#\/schema\/person\/bf84402cf293a5393e9c70b111020b24","name":"Jordan Leandro Oviedo Anzola","image":{"@type":"ImageObject","inLanguage":"es-CO","@id":"https:\/\/www.fiscalia.gov.co\/colombia\/#\/schema\/person\/image\/","url":"https:\/\/secure.gravatar.com\/avatar\/dabba4346fa9b9207d96adafa8f92721?s=96&d=mm&r=g","contentUrl":"https:\/\/secure.gravatar.com\/avatar\/dabba4346fa9b9207d96adafa8f92721?s=96&d=mm&r=g","caption":"Jordan Leandro Oviedo Anzola"},"url":"https:\/\/www.fiscalia.gov.co\/colombia\/author\/joviedo\/"}]}},"_links":{"self":[{"href":"https:\/\/www.fiscalia.gov.co\/colombia\/wp-json\/wp\/v2\/posts\/303498","targetHints":{"allow":["GET"]}}],"collection":[{"href":"https:\/\/www.fiscalia.gov.co\/colombia\/wp-json\/wp\/v2\/posts"}],"about":[{"href":"https:\/\/www.fiscalia.gov.co\/colombia\/wp-json\/wp\/v2\/types\/post"}],"author":[{"embeddable":true,"href":"https:\/\/www.fiscalia.gov.co\/colombia\/wp-json\/wp\/v2\/users\/177"}],"replies":[{"embeddable":true,"href":"https:\/\/www.fiscalia.gov.co\/colombia\/wp-json\/wp\/v2\/comments?post=303498"}],"version-history":[{"count":1,"href":"https:\/\/www.fiscalia.gov.co\/colombia\/wp-json\/wp\/v2\/posts\/303498\/revisions"}],"predecessor-version":[{"id":303500,"href":"https:\/\/www.fiscalia.gov.co\/colombia\/wp-json\/wp\/v2\/posts\/303498\/revisions\/303500"}],"wp:attachment":[{"href":"https:\/\/www.fiscalia.gov.co\/colombia\/wp-json\/wp\/v2\/media?parent=303498"}],"wp:term":[{"taxonomy":"category","embeddable":true,"href":"https:\/\/www.fiscalia.gov.co\/colombia\/wp-json\/wp\/v2\/categories?post=303498"},{"taxonomy":"post_tag","embeddable":true,"href":"https:\/\/www.fiscalia.gov.co\/colombia\/wp-json\/wp\/v2\/tags?post=303498"}],"curies":[{"name":"wp","href":"https:\/\/api.w.org\/{rel}","templated":true}]}}