{"id":303401,"date":"2024-10-09T14:22:26","date_gmt":"2024-10-09T19:22:26","guid":{"rendered":"https:\/\/www.fiscalia.gov.co\/colombia\/?p=303401"},"modified":"2024-10-09T14:22:26","modified_gmt":"2024-10-09T19:22:26","slug":"medida-de-internamiento-para-adolescente-presuntamente-implicado-en-un-ataque-a-la-estacion-de-policia-de-anzoategui-tolima","status":"publish","type":"post","link":"https:\/\/www.fiscalia.gov.co\/colombia\/noticias\/medida-de-internamiento-para-adolescente-presuntamente-implicado-en-un-ataque-a-la-estacion-de-policia-de-anzoategui-tolima\/","title":{"rendered":"Medida de internamiento para adolescente presuntamente implicado en un ataque a la Estaci\u00f3n de Polic\u00eda de Anzo\u00e1tegui (Tolima)"},"content":{"rendered":"<p style=\"font-weight: 400;\">Un fiscal de la Seccional Tolima present\u00f3 ante un juez del Sistema de Responsabilidad Penal para<strong> Adolescentes a un joven de 17 a\u00f1os, quien fue sorprendido con un dron que habr\u00eda sido usado para facilitar el ataque terrorista contra la Estaci\u00f3n de Polic\u00eda<\/strong> del municipio de Anzo\u00e1tegui, ocurrido el pasado 3 de octubre.<\/p>\n<figure id=\"attachment_303407\" aria-describedby=\"caption-attachment-303407\" style=\"width: 696px\" class=\"wp-caption aligncenter\"><img loading=\"lazy\" decoding=\"async\" class=\"size-large wp-image-303407\" src=\"https:\/\/www.fiscalia.gov.co\/colombia\/wp-content\/uploads\/dron-anzoqtegui-tolima-1024x576.jpeg\" alt=\"En la imagen se ve una mesa con un dron y otros elementos incautados bajo custodia de un militar y un policial. Detr\u00e1s suyo backings institucionales.\" width=\"696\" height=\"392\" srcset=\"https:\/\/www.fiscalia.gov.co\/colombia\/wp-content\/uploads\/dron-anzoqtegui-tolima-1024x576.jpeg 1024w, https:\/\/www.fiscalia.gov.co\/colombia\/wp-content\/uploads\/dron-anzoqtegui-tolima-300x169.jpeg 300w, https:\/\/www.fiscalia.gov.co\/colombia\/wp-content\/uploads\/dron-anzoqtegui-tolima-768x432.jpeg 768w, https:\/\/www.fiscalia.gov.co\/colombia\/wp-content\/uploads\/dron-anzoqtegui-tolima-1536x864.jpeg 1536w, https:\/\/www.fiscalia.gov.co\/colombia\/wp-content\/uploads\/dron-anzoqtegui-tolima-747x420.jpeg 747w, https:\/\/www.fiscalia.gov.co\/colombia\/wp-content\/uploads\/dron-anzoqtegui-tolima-696x392.jpeg 696w, https:\/\/www.fiscalia.gov.co\/colombia\/wp-content\/uploads\/dron-anzoqtegui-tolima-1068x601.jpeg 1068w, https:\/\/www.fiscalia.gov.co\/colombia\/wp-content\/uploads\/dron-anzoqtegui-tolima.jpeg 1600w\" sizes=\"auto, (max-width: 696px) 100vw, 696px\" \/><figcaption id=\"caption-attachment-303407\" class=\"wp-caption-text\">El menor infractor ten\u00eda en su poder un dron, una pistola con 15 cartuchos para la misma, 48 cartuchos 9 mm y 10 cartuchos calibre 38 mil\u00edmetros.<\/figcaption><\/figure>\n<p style=\"font-weight: 400;\">El joven fue judicializado como<strong> posible responsable de los delitos de terrorismo, fabricaci\u00f3n, tr\u00e1fico y porte de armas de fuego,<\/strong> partes o municiones y porte de armas de fuego de uso privativo de las Fuerzas Militares, todos agravados, y fue afectado con medida de internamiento por un a\u00f1o.<\/p>\n<p style=\"font-weight: 400;\"><strong>La aprehensi\u00f3n se concret\u00f3 la noche del pasado 7 de octubre en la vereda Santa Rita del municipio en menci\u00f3n, por integrantes de la Polic\u00eda y el Ej\u00e9rcito Nacional.<\/strong> En poder del menor infractor fue encontrada, adem\u00e1s, una pistola y munici\u00f3n de diferentes calibres.<\/p>\n<p style=\"font-weight: 400;\">La investigaci\u00f3n evidencia que el procesado, al parecer, hace parte del Frente 26 de Marzo del Bloque Central Isa\u00edas Pardo de las<a href=\"https:\/\/www.fiscalia.gov.co\/colombia\/noticias\/a-la-carcel-presunto-cabecilla-de-las-disidencias-de-las-farc-seria-responsable-de-atacar-con-drones-a-la-fuerza-publica\/\"> disidencias de las Farc que delinque en el norte del Tolima.<\/a><\/p>\n<p style=\"font-weight: 400;\"><strong>La aeronave fue dejada a disposici\u00f3n de peritos expertos en drones e inform\u00e1tica forense de la Fiscal\u00eda General de la Naci\u00f3n de la Seccional Tolima<\/strong>, quienes se encargar\u00e1n de determinar si efectivamente este fue usado para ejecutar el ataque terrorista contra la Polic\u00eda.<\/p>\n<p style=\"font-weight: 400;\">El adolescente no acept\u00f3 los cargos en su contra.<\/p>\n<p>&nbsp;<\/p>\n<p>&nbsp;<\/p>\n<p>&nbsp;<\/p>\n<p style=\"font-weight: 400;\">\n<p style=\"font-weight: 400;\">PAAM\/MAGA\/MCAA\/DST<\/p>\n<p style=\"font-weight: 400;\">\n<p>&nbsp;<\/p>\n<p>&nbsp;<\/p>\n<p>&nbsp;<\/p>\n<p>&nbsp;<\/p>\n<div class=\"td-post-content tagdiv-type\">\n<div class=\"td-post-content tagdiv-type\">\n<div class=\"td-post-content tagdiv-type\">\n<p><em>La informaci\u00f3n contenida en este bolet\u00edn de prensa corresponde a la narraci\u00f3n de los hechos noticiosos objetivos, y las investigaciones penales al interior de la Fiscal\u00eda General de la Naci\u00f3n. Para el momento de la divulgaci\u00f3n de este comunicado, la situaci\u00f3n jur\u00eddica de la(s) persona(s) relacionada(s) se encuentra pendiente de resolver por la autoridad judicial competente, siempre bajo los preceptos de la presunci\u00f3n de inocencia, consagrados en el art\u00edculo 29 de la Constituci\u00f3n Pol\u00edtica y el art\u00edculo 7\u00ba de la Ley 906 de 2004.<\/em><\/p>\n<\/div>\n<\/div>\n<\/div>\n\n<div class=\"twitter-share\"><a href=\"https:\/\/twitter.com\/intent\/tweet?via=fiscaliacol\" class=\"twitter-share-button\">Tweet<\/a><\/div>\n","protected":false},"excerpt":{"rendered":"<p>Un fiscal de la Seccional Tolima present\u00f3 ante un juez del Sistema de Responsabilidad Penal para Adolescentes a un joven de 17 a\u00f1os, quien fue sorprendido con un dron que habr\u00eda sido usado para facilitar el ataque terrorista contra la Estaci\u00f3n de Polic\u00eda del municipio de Anzo\u00e1tegui, ocurrido el pasado 3 de octubre. El joven [&hellip;]<\/p>\n","protected":false},"author":177,"featured_media":0,"comment_status":"closed","ping_status":"open","sticky":false,"template":"","format":"standard","meta":{"_price":"","_stock":"","_tribe_ticket_header":"","_tribe_default_ticket_provider":"","_tribe_ticket_capacity":"0","_ticket_start_date":"","_ticket_end_date":"","_tribe_ticket_show_description":"","_tribe_ticket_show_not_going":false,"_tribe_ticket_use_global_stock":"","_tribe_ticket_global_stock_level":"","_global_stock_mode":"","_global_stock_cap":"","_tribe_rsvp_for_event":"","_tribe_ticket_going_count":"","_tribe_ticket_not_going_count":"","_tribe_tickets_list":"[]","_tribe_ticket_has_attendee_info_fields":false,"tdm_status":"","tdm_grid_status":"","footnotes":""},"categories":[1,329,303,24099],"tags":[26680,34996,24781,412,1152,38796,24712,38795,29472,1047,25050,5699,25943,7061,30239,381],"class_list":{"0":"post-303401","1":"post","2":"type-post","3":"status-publish","4":"format-standard","6":"category-noticias","7":"category-seccional-ibague","8":"category-seccionales","9":"category-seguridad-territorial","10":"tag-anzoategui","11":"tag-anzoategui-tolima","12":"tag-aprehension","13":"tag-aaaque","14":"tag-atentado","15":"tag-centro-de-reeducacion-para-menores-infractores","16":"tag-disidencias-de-las-farc","17":"tag-dron","18":"tag-estacion-de-policia","19":"tag-fiscalia-general-de-la-nacion","20":"tag-medida-de-internamiento","21":"tag-municiones","22":"tag-pistola","23":"tag-porte-de-armas-de-fuego","24":"tag-seguridad-territorial","25":"tag-terrorismo"},"yoast_head":"<!-- This site is optimized with the Yoast SEO plugin v24.3 - https:\/\/yoast.com\/wordpress\/plugins\/seo\/ -->\n<title>Fiscal\u00eda General de la Naci\u00f3n<\/title>\n<meta name=\"description\" content=\"P\u00e1gina oficial de la Fiscal\u00eda General de la Naci\u00f3n \u2013 Colombia. Garantizamos el acceso efectivo a la justicia, la verdad y la reparaci\u00f3n de las v\u00edctimas de los delitos.\" \/>\n<meta name=\"robots\" content=\"noindex, follow\" \/>\n<meta property=\"og:locale\" content=\"es_ES\" \/>\n<meta property=\"og:type\" content=\"article\" \/>\n<meta property=\"og:title\" content=\"Fiscal\u00eda General de la Naci\u00f3n\" \/>\n<meta property=\"og:description\" content=\"P\u00e1gina oficial de la Fiscal\u00eda General de la Naci\u00f3n \u2013 Colombia. Garantizamos el acceso efectivo a la justicia, la verdad y la reparaci\u00f3n de las v\u00edctimas de los delitos.\" \/>\n<meta property=\"og:url\" content=\"https:\/\/www.fiscalia.gov.co\/colombia\/noticias\/medida-de-internamiento-para-adolescente-presuntamente-implicado-en-un-ataque-a-la-estacion-de-policia-de-anzoategui-tolima\/\" \/>\n<meta property=\"og:site_name\" content=\"Fiscal\u00eda General de la Naci\u00f3n\" \/>\n<meta property=\"article:publisher\" content=\"https:\/\/www.facebook.com\/FiscaliaCol\" \/>\n<meta property=\"article:published_time\" content=\"2024-10-09T19:22:26+00:00\" \/>\n<meta property=\"og:image\" content=\"https:\/\/www.fiscalia.gov.co\/colombia\/wp-content\/uploads\/dron-anzoqtegui-tolima-1024x576.jpeg\" \/>\n<meta name=\"author\" content=\"Jordan Leandro Oviedo Anzola\" \/>\n<meta name=\"twitter:card\" content=\"summary_large_image\" \/>\n<meta name=\"twitter:creator\" content=\"@FiscaliaCol\" \/>\n<meta name=\"twitter:site\" content=\"@FiscaliaCol\" \/>\n<meta name=\"twitter:label1\" content=\"Escrito por\" \/>\n\t<meta name=\"twitter:data1\" content=\"Jordan Leandro Oviedo Anzola\" \/>\n\t<meta name=\"twitter:label2\" content=\"Tiempo de lectura\" \/>\n\t<meta name=\"twitter:data2\" content=\"2 minutos\" \/>\n<script type=\"application\/ld+json\" class=\"yoast-schema-graph\">{\"@context\":\"https:\/\/schema.org\",\"@graph\":[{\"@type\":\"Article\",\"@id\":\"https:\/\/www.fiscalia.gov.co\/colombia\/noticias\/medida-de-internamiento-para-adolescente-presuntamente-implicado-en-un-ataque-a-la-estacion-de-policia-de-anzoategui-tolima\/#article\",\"isPartOf\":{\"@id\":\"https:\/\/www.fiscalia.gov.co\/colombia\/noticias\/medida-de-internamiento-para-adolescente-presuntamente-implicado-en-un-ataque-a-la-estacion-de-policia-de-anzoategui-tolima\/\"},\"author\":{\"name\":\"Jordan Leandro Oviedo Anzola\",\"@id\":\"https:\/\/www.fiscalia.gov.co\/colombia\/#\/schema\/person\/bf84402cf293a5393e9c70b111020b24\"},\"headline\":\"Medida de internamiento para adolescente presuntamente implicado en un ataque a la Estaci\u00f3n de Polic\u00eda de Anzo\u00e1tegui (Tolima)\",\"datePublished\":\"2024-10-09T19:22:26+00:00\",\"dateModified\":\"2024-10-09T19:22:26+00:00\",\"mainEntityOfPage\":{\"@id\":\"https:\/\/www.fiscalia.gov.co\/colombia\/noticias\/medida-de-internamiento-para-adolescente-presuntamente-implicado-en-un-ataque-a-la-estacion-de-policia-de-anzoategui-tolima\/\"},\"wordCount\":407,\"publisher\":{\"@id\":\"https:\/\/www.fiscalia.gov.co\/colombia\/#organization\"},\"image\":{\"@id\":\"https:\/\/www.fiscalia.gov.co\/colombia\/noticias\/medida-de-internamiento-para-adolescente-presuntamente-implicado-en-un-ataque-a-la-estacion-de-policia-de-anzoategui-tolima\/#primaryimage\"},\"thumbnailUrl\":\"https:\/\/www.fiscalia.gov.co\/colombia\/wp-content\/uploads\/dron-anzoqtegui-tolima-1024x576.jpeg\",\"keywords\":[\"Anzo\u00e1tegui\",\"Anzo\u00e1tegui (Tolima)\",\"aprehensi\u00f3n\",\"Ataque\",\"Atentado\",\"centro de reeducaci\u00f3n para menores infractores.\",\"disidencias de las FARC\",\"dron\",\"Estaci\u00f3n de Polic\u00eda\",\"Fiscal\u00eda General de la Naci\u00f3n\",\"medida de internamiento\",\"Municiones\",\"pistola\",\"Porte de armas de fuego\",\"Seguridad territorial\",\"Terrorismo\"],\"articleSection\":[\"Noticias\",\"Seccional Ibagu\u00e9\",\"Seccionales\",\"Seguridad territorial\"],\"inLanguage\":\"es-CO\"},{\"@type\":\"WebPage\",\"@id\":\"https:\/\/www.fiscalia.gov.co\/colombia\/noticias\/medida-de-internamiento-para-adolescente-presuntamente-implicado-en-un-ataque-a-la-estacion-de-policia-de-anzoategui-tolima\/\",\"url\":\"https:\/\/www.fiscalia.gov.co\/colombia\/noticias\/medida-de-internamiento-para-adolescente-presuntamente-implicado-en-un-ataque-a-la-estacion-de-policia-de-anzoategui-tolima\/\",\"name\":\"Fiscal\u00eda General de la Naci\u00f3n\",\"isPartOf\":{\"@id\":\"https:\/\/www.fiscalia.gov.co\/colombia\/#website\"},\"primaryImageOfPage\":{\"@id\":\"https:\/\/www.fiscalia.gov.co\/colombia\/noticias\/medida-de-internamiento-para-adolescente-presuntamente-implicado-en-un-ataque-a-la-estacion-de-policia-de-anzoategui-tolima\/#primaryimage\"},\"image\":{\"@id\":\"https:\/\/www.fiscalia.gov.co\/colombia\/noticias\/medida-de-internamiento-para-adolescente-presuntamente-implicado-en-un-ataque-a-la-estacion-de-policia-de-anzoategui-tolima\/#primaryimage\"},\"thumbnailUrl\":\"https:\/\/www.fiscalia.gov.co\/colombia\/wp-content\/uploads\/dron-anzoqtegui-tolima-1024x576.jpeg\",\"datePublished\":\"2024-10-09T19:22:26+00:00\",\"dateModified\":\"2024-10-09T19:22:26+00:00\",\"description\":\"P\u00e1gina oficial de la Fiscal\u00eda General de la Naci\u00f3n \u2013 Colombia. Garantizamos el acceso efectivo a la justicia, la verdad y la reparaci\u00f3n de las v\u00edctimas de los delitos.\",\"breadcrumb\":{\"@id\":\"https:\/\/www.fiscalia.gov.co\/colombia\/noticias\/medida-de-internamiento-para-adolescente-presuntamente-implicado-en-un-ataque-a-la-estacion-de-policia-de-anzoategui-tolima\/#breadcrumb\"},\"inLanguage\":\"es-CO\",\"potentialAction\":[{\"@type\":\"ReadAction\",\"target\":[\"https:\/\/www.fiscalia.gov.co\/colombia\/noticias\/medida-de-internamiento-para-adolescente-presuntamente-implicado-en-un-ataque-a-la-estacion-de-policia-de-anzoategui-tolima\/\"]}]},{\"@type\":\"ImageObject\",\"inLanguage\":\"es-CO\",\"@id\":\"https:\/\/www.fiscalia.gov.co\/colombia\/noticias\/medida-de-internamiento-para-adolescente-presuntamente-implicado-en-un-ataque-a-la-estacion-de-policia-de-anzoategui-tolima\/#primaryimage\",\"url\":\"https:\/\/www.fiscalia.gov.co\/colombia\/wp-content\/uploads\/dron-anzoqtegui-tolima.jpeg\",\"contentUrl\":\"https:\/\/www.fiscalia.gov.co\/colombia\/wp-content\/uploads\/dron-anzoqtegui-tolima.jpeg\",\"width\":1600,\"height\":900,\"caption\":\"El menor infractor ten\u00eda en su poder un dron, una pistola con 15 cartuchos para la misma, 48 cartuchos 9 mm y 10 cartuchos calibre 38 mil\u00edmetros.\"},{\"@type\":\"BreadcrumbList\",\"@id\":\"https:\/\/www.fiscalia.gov.co\/colombia\/noticias\/medida-de-internamiento-para-adolescente-presuntamente-implicado-en-un-ataque-a-la-estacion-de-policia-de-anzoategui-tolima\/#breadcrumb\",\"itemListElement\":[{\"@type\":\"ListItem\",\"position\":1,\"name\":\"Home\",\"item\":\"https:\/\/www.fiscalia.gov.co\/colombia\/\"},{\"@type\":\"ListItem\",\"position\":2,\"name\":\"Medida de internamiento para adolescente presuntamente implicado en un ataque a la Estaci\u00f3n de Polic\u00eda de Anzo\u00e1tegui (Tolima)\"}]},{\"@type\":\"WebSite\",\"@id\":\"https:\/\/www.fiscalia.gov.co\/colombia\/#website\",\"url\":\"https:\/\/www.fiscalia.gov.co\/colombia\/\",\"name\":\"Fiscal\u00eda General de la Naci\u00f3n\",\"description\":\"P\u00e1gina oficial de la Fiscal\u00eda General de la Naci\u00f3n \u2013 Colombia. Garantizamos el acceso efectivo a la justicia, la verdad y la reparaci\u00f3n de las v\u00edctimas de los delitos.\",\"publisher\":{\"@id\":\"https:\/\/www.fiscalia.gov.co\/colombia\/#organization\"},\"potentialAction\":[{\"@type\":\"SearchAction\",\"target\":{\"@type\":\"EntryPoint\",\"urlTemplate\":\"https:\/\/www.fiscalia.gov.co\/colombia\/?s={search_term_string}\"},\"query-input\":{\"@type\":\"PropertyValueSpecification\",\"valueRequired\":true,\"valueName\":\"search_term_string\"}}],\"inLanguage\":\"es-CO\"},{\"@type\":\"Organization\",\"@id\":\"https:\/\/www.fiscalia.gov.co\/colombia\/#organization\",\"name\":\"Fiscal\u00eda General de la Naci\u00f3n\",\"url\":\"https:\/\/www.fiscalia.gov.co\/colombia\/\",\"logo\":{\"@type\":\"ImageObject\",\"inLanguage\":\"es-CO\",\"@id\":\"https:\/\/www.fiscalia.gov.co\/colombia\/#\/schema\/logo\/image\/\",\"url\":\"https:\/\/www.fiscalia.gov.co\/colombia\/wp-content\/uploads\/LogoHorizontal_1.jpg\",\"contentUrl\":\"https:\/\/www.fiscalia.gov.co\/colombia\/wp-content\/uploads\/LogoHorizontal_1.jpg\",\"width\":300,\"height\":90,\"caption\":\"Fiscal\u00eda General de la Naci\u00f3n\"},\"image\":{\"@id\":\"https:\/\/www.fiscalia.gov.co\/colombia\/#\/schema\/logo\/image\/\"},\"sameAs\":[\"https:\/\/www.facebook.com\/FiscaliaCol\",\"https:\/\/x.com\/FiscaliaCol\",\"https:\/\/www.instagram.com\/fiscaliacol\",\"https:\/\/www.linkedin.com\/company\/fiscalia-general-de-la-naci-n\/\",\"https:\/\/youtube.com\/@fiscaliageneraldelanacion-4668?si=6nN79nyQICPU5iTh\"]},{\"@type\":\"Person\",\"@id\":\"https:\/\/www.fiscalia.gov.co\/colombia\/#\/schema\/person\/bf84402cf293a5393e9c70b111020b24\",\"name\":\"Jordan Leandro Oviedo Anzola\",\"image\":{\"@type\":\"ImageObject\",\"inLanguage\":\"es-CO\",\"@id\":\"https:\/\/www.fiscalia.gov.co\/colombia\/#\/schema\/person\/image\/\",\"url\":\"https:\/\/secure.gravatar.com\/avatar\/dabba4346fa9b9207d96adafa8f92721?s=96&d=mm&r=g\",\"contentUrl\":\"https:\/\/secure.gravatar.com\/avatar\/dabba4346fa9b9207d96adafa8f92721?s=96&d=mm&r=g\",\"caption\":\"Jordan Leandro Oviedo Anzola\"},\"url\":\"https:\/\/www.fiscalia.gov.co\/colombia\/author\/joviedo\/\"}]}<\/script>\n<!-- \/ Yoast SEO plugin. -->","yoast_head_json":{"title":"Fiscal\u00eda General de la Naci\u00f3n","description":"P\u00e1gina oficial de la Fiscal\u00eda General de la Naci\u00f3n \u2013 Colombia. Garantizamos el acceso efectivo a la justicia, la verdad y la reparaci\u00f3n de las v\u00edctimas de los delitos.","robots":{"index":"noindex","follow":"follow"},"og_locale":"es_ES","og_type":"article","og_title":"Fiscal\u00eda General de la Naci\u00f3n","og_description":"P\u00e1gina oficial de la Fiscal\u00eda General de la Naci\u00f3n \u2013 Colombia. Garantizamos el acceso efectivo a la justicia, la verdad y la reparaci\u00f3n de las v\u00edctimas de los delitos.","og_url":"https:\/\/www.fiscalia.gov.co\/colombia\/noticias\/medida-de-internamiento-para-adolescente-presuntamente-implicado-en-un-ataque-a-la-estacion-de-policia-de-anzoategui-tolima\/","og_site_name":"Fiscal\u00eda General de la Naci\u00f3n","article_publisher":"https:\/\/www.facebook.com\/FiscaliaCol","article_published_time":"2024-10-09T19:22:26+00:00","og_image":[{"url":"https:\/\/www.fiscalia.gov.co\/colombia\/wp-content\/uploads\/dron-anzoqtegui-tolima-1024x576.jpeg","type":"","width":"","height":""}],"author":"Jordan Leandro Oviedo Anzola","twitter_card":"summary_large_image","twitter_creator":"@FiscaliaCol","twitter_site":"@FiscaliaCol","twitter_misc":{"Escrito por":"Jordan Leandro Oviedo Anzola","Tiempo de lectura":"2 minutos"},"schema":{"@context":"https:\/\/schema.org","@graph":[{"@type":"Article","@id":"https:\/\/www.fiscalia.gov.co\/colombia\/noticias\/medida-de-internamiento-para-adolescente-presuntamente-implicado-en-un-ataque-a-la-estacion-de-policia-de-anzoategui-tolima\/#article","isPartOf":{"@id":"https:\/\/www.fiscalia.gov.co\/colombia\/noticias\/medida-de-internamiento-para-adolescente-presuntamente-implicado-en-un-ataque-a-la-estacion-de-policia-de-anzoategui-tolima\/"},"author":{"name":"Jordan Leandro Oviedo Anzola","@id":"https:\/\/www.fiscalia.gov.co\/colombia\/#\/schema\/person\/bf84402cf293a5393e9c70b111020b24"},"headline":"Medida de internamiento para adolescente presuntamente implicado en un ataque a la Estaci\u00f3n de Polic\u00eda de Anzo\u00e1tegui (Tolima)","datePublished":"2024-10-09T19:22:26+00:00","dateModified":"2024-10-09T19:22:26+00:00","mainEntityOfPage":{"@id":"https:\/\/www.fiscalia.gov.co\/colombia\/noticias\/medida-de-internamiento-para-adolescente-presuntamente-implicado-en-un-ataque-a-la-estacion-de-policia-de-anzoategui-tolima\/"},"wordCount":407,"publisher":{"@id":"https:\/\/www.fiscalia.gov.co\/colombia\/#organization"},"image":{"@id":"https:\/\/www.fiscalia.gov.co\/colombia\/noticias\/medida-de-internamiento-para-adolescente-presuntamente-implicado-en-un-ataque-a-la-estacion-de-policia-de-anzoategui-tolima\/#primaryimage"},"thumbnailUrl":"https:\/\/www.fiscalia.gov.co\/colombia\/wp-content\/uploads\/dron-anzoqtegui-tolima-1024x576.jpeg","keywords":["Anzo\u00e1tegui","Anzo\u00e1tegui (Tolima)","aprehensi\u00f3n","Ataque","Atentado","centro de reeducaci\u00f3n para menores infractores.","disidencias de las FARC","dron","Estaci\u00f3n de Polic\u00eda","Fiscal\u00eda General de la Naci\u00f3n","medida de internamiento","Municiones","pistola","Porte de armas de fuego","Seguridad territorial","Terrorismo"],"articleSection":["Noticias","Seccional Ibagu\u00e9","Seccionales","Seguridad territorial"],"inLanguage":"es-CO"},{"@type":"WebPage","@id":"https:\/\/www.fiscalia.gov.co\/colombia\/noticias\/medida-de-internamiento-para-adolescente-presuntamente-implicado-en-un-ataque-a-la-estacion-de-policia-de-anzoategui-tolima\/","url":"https:\/\/www.fiscalia.gov.co\/colombia\/noticias\/medida-de-internamiento-para-adolescente-presuntamente-implicado-en-un-ataque-a-la-estacion-de-policia-de-anzoategui-tolima\/","name":"Fiscal\u00eda General de la Naci\u00f3n","isPartOf":{"@id":"https:\/\/www.fiscalia.gov.co\/colombia\/#website"},"primaryImageOfPage":{"@id":"https:\/\/www.fiscalia.gov.co\/colombia\/noticias\/medida-de-internamiento-para-adolescente-presuntamente-implicado-en-un-ataque-a-la-estacion-de-policia-de-anzoategui-tolima\/#primaryimage"},"image":{"@id":"https:\/\/www.fiscalia.gov.co\/colombia\/noticias\/medida-de-internamiento-para-adolescente-presuntamente-implicado-en-un-ataque-a-la-estacion-de-policia-de-anzoategui-tolima\/#primaryimage"},"thumbnailUrl":"https:\/\/www.fiscalia.gov.co\/colombia\/wp-content\/uploads\/dron-anzoqtegui-tolima-1024x576.jpeg","datePublished":"2024-10-09T19:22:26+00:00","dateModified":"2024-10-09T19:22:26+00:00","description":"P\u00e1gina oficial de la Fiscal\u00eda General de la Naci\u00f3n \u2013 Colombia. Garantizamos el acceso efectivo a la justicia, la verdad y la reparaci\u00f3n de las v\u00edctimas de los delitos.","breadcrumb":{"@id":"https:\/\/www.fiscalia.gov.co\/colombia\/noticias\/medida-de-internamiento-para-adolescente-presuntamente-implicado-en-un-ataque-a-la-estacion-de-policia-de-anzoategui-tolima\/#breadcrumb"},"inLanguage":"es-CO","potentialAction":[{"@type":"ReadAction","target":["https:\/\/www.fiscalia.gov.co\/colombia\/noticias\/medida-de-internamiento-para-adolescente-presuntamente-implicado-en-un-ataque-a-la-estacion-de-policia-de-anzoategui-tolima\/"]}]},{"@type":"ImageObject","inLanguage":"es-CO","@id":"https:\/\/www.fiscalia.gov.co\/colombia\/noticias\/medida-de-internamiento-para-adolescente-presuntamente-implicado-en-un-ataque-a-la-estacion-de-policia-de-anzoategui-tolima\/#primaryimage","url":"https:\/\/www.fiscalia.gov.co\/colombia\/wp-content\/uploads\/dron-anzoqtegui-tolima.jpeg","contentUrl":"https:\/\/www.fiscalia.gov.co\/colombia\/wp-content\/uploads\/dron-anzoqtegui-tolima.jpeg","width":1600,"height":900,"caption":"El menor infractor ten\u00eda en su poder un dron, una pistola con 15 cartuchos para la misma, 48 cartuchos 9 mm y 10 cartuchos calibre 38 mil\u00edmetros."},{"@type":"BreadcrumbList","@id":"https:\/\/www.fiscalia.gov.co\/colombia\/noticias\/medida-de-internamiento-para-adolescente-presuntamente-implicado-en-un-ataque-a-la-estacion-de-policia-de-anzoategui-tolima\/#breadcrumb","itemListElement":[{"@type":"ListItem","position":1,"name":"Home","item":"https:\/\/www.fiscalia.gov.co\/colombia\/"},{"@type":"ListItem","position":2,"name":"Medida de internamiento para adolescente presuntamente implicado en un ataque a la Estaci\u00f3n de Polic\u00eda de Anzo\u00e1tegui (Tolima)"}]},{"@type":"WebSite","@id":"https:\/\/www.fiscalia.gov.co\/colombia\/#website","url":"https:\/\/www.fiscalia.gov.co\/colombia\/","name":"Fiscal\u00eda General de la Naci\u00f3n","description":"P\u00e1gina oficial de la Fiscal\u00eda General de la Naci\u00f3n \u2013 Colombia. Garantizamos el acceso efectivo a la justicia, la verdad y la reparaci\u00f3n de las v\u00edctimas de los delitos.","publisher":{"@id":"https:\/\/www.fiscalia.gov.co\/colombia\/#organization"},"potentialAction":[{"@type":"SearchAction","target":{"@type":"EntryPoint","urlTemplate":"https:\/\/www.fiscalia.gov.co\/colombia\/?s={search_term_string}"},"query-input":{"@type":"PropertyValueSpecification","valueRequired":true,"valueName":"search_term_string"}}],"inLanguage":"es-CO"},{"@type":"Organization","@id":"https:\/\/www.fiscalia.gov.co\/colombia\/#organization","name":"Fiscal\u00eda General de la Naci\u00f3n","url":"https:\/\/www.fiscalia.gov.co\/colombia\/","logo":{"@type":"ImageObject","inLanguage":"es-CO","@id":"https:\/\/www.fiscalia.gov.co\/colombia\/#\/schema\/logo\/image\/","url":"https:\/\/www.fiscalia.gov.co\/colombia\/wp-content\/uploads\/LogoHorizontal_1.jpg","contentUrl":"https:\/\/www.fiscalia.gov.co\/colombia\/wp-content\/uploads\/LogoHorizontal_1.jpg","width":300,"height":90,"caption":"Fiscal\u00eda General de la Naci\u00f3n"},"image":{"@id":"https:\/\/www.fiscalia.gov.co\/colombia\/#\/schema\/logo\/image\/"},"sameAs":["https:\/\/www.facebook.com\/FiscaliaCol","https:\/\/x.com\/FiscaliaCol","https:\/\/www.instagram.com\/fiscaliacol","https:\/\/www.linkedin.com\/company\/fiscalia-general-de-la-naci-n\/","https:\/\/youtube.com\/@fiscaliageneraldelanacion-4668?si=6nN79nyQICPU5iTh"]},{"@type":"Person","@id":"https:\/\/www.fiscalia.gov.co\/colombia\/#\/schema\/person\/bf84402cf293a5393e9c70b111020b24","name":"Jordan Leandro Oviedo Anzola","image":{"@type":"ImageObject","inLanguage":"es-CO","@id":"https:\/\/www.fiscalia.gov.co\/colombia\/#\/schema\/person\/image\/","url":"https:\/\/secure.gravatar.com\/avatar\/dabba4346fa9b9207d96adafa8f92721?s=96&d=mm&r=g","contentUrl":"https:\/\/secure.gravatar.com\/avatar\/dabba4346fa9b9207d96adafa8f92721?s=96&d=mm&r=g","caption":"Jordan Leandro Oviedo Anzola"},"url":"https:\/\/www.fiscalia.gov.co\/colombia\/author\/joviedo\/"}]}},"_links":{"self":[{"href":"https:\/\/www.fiscalia.gov.co\/colombia\/wp-json\/wp\/v2\/posts\/303401","targetHints":{"allow":["GET"]}}],"collection":[{"href":"https:\/\/www.fiscalia.gov.co\/colombia\/wp-json\/wp\/v2\/posts"}],"about":[{"href":"https:\/\/www.fiscalia.gov.co\/colombia\/wp-json\/wp\/v2\/types\/post"}],"author":[{"embeddable":true,"href":"https:\/\/www.fiscalia.gov.co\/colombia\/wp-json\/wp\/v2\/users\/177"}],"replies":[{"embeddable":true,"href":"https:\/\/www.fiscalia.gov.co\/colombia\/wp-json\/wp\/v2\/comments?post=303401"}],"version-history":[{"count":1,"href":"https:\/\/www.fiscalia.gov.co\/colombia\/wp-json\/wp\/v2\/posts\/303401\/revisions"}],"predecessor-version":[{"id":303408,"href":"https:\/\/www.fiscalia.gov.co\/colombia\/wp-json\/wp\/v2\/posts\/303401\/revisions\/303408"}],"wp:attachment":[{"href":"https:\/\/www.fiscalia.gov.co\/colombia\/wp-json\/wp\/v2\/media?parent=303401"}],"wp:term":[{"taxonomy":"category","embeddable":true,"href":"https:\/\/www.fiscalia.gov.co\/colombia\/wp-json\/wp\/v2\/categories?post=303401"},{"taxonomy":"post_tag","embeddable":true,"href":"https:\/\/www.fiscalia.gov.co\/colombia\/wp-json\/wp\/v2\/tags?post=303401"}],"curies":[{"name":"wp","href":"https:\/\/api.w.org\/{rel}","templated":true}]}}