{"id":303378,"date":"2024-10-09T09:26:19","date_gmt":"2024-10-09T14:26:19","guid":{"rendered":"https:\/\/www.fiscalia.gov.co\/colombia\/?p=303378"},"modified":"2024-10-09T09:26:19","modified_gmt":"2024-10-09T14:26:19","slug":"capturado-con-fines-de-extradicion-ciudadano-mexicano-que-haria-parte-de-red-trasnacional-dedicada-al-trafico-de-cocaina-y-fentanilo","status":"publish","type":"post","link":"https:\/\/www.fiscalia.gov.co\/colombia\/noticias\/capturado-con-fines-de-extradicion-ciudadano-mexicano-que-haria-parte-de-red-trasnacional-dedicada-al-trafico-de-cocaina-y-fentanilo\/","title":{"rendered":"Capturado con fines de extradici\u00f3n ciudadano mexicano que har\u00eda parte de red trasnacional dedicada al tr\u00e1fico de coca\u00edna y fentanilo"},"content":{"rendered":"<h4 style=\"text-align: center;\"><em><strong>Luis \u00c1ngel Casta\u00f1eda Pe\u00f1a fue localizado en Bogot\u00e1. Al parecer, viajaba con frecuencia al pa\u00eds para cerrar negocios relacionados con la compra y env\u00edo de las sustancia il\u00edcitas a M\u00e9xico y Estados Unidos.<\/strong> <\/em><\/h4>\n<p>A disposici\u00f3n de la Fiscal\u00eda General de la Naci\u00f3n qued\u00f3 el ciudadano mexicano Luis \u00c1ngel Casta\u00f1eda Pe\u00f1a, quien es solicitado en extradici\u00f3n por una Corte Distrital de Estados Unidos para el Distrito Este de Michigan, para que <strong>comparezca por cargos relacionados con concierto para delinquir, <a href=\"https:\/\/www.fiscalia.gov.co\/colombia\/lavado-de-activos\/fiscalia-judicializa-a-dos-exintegrantes-de-la-policia-nacional-y-a-ocho-personas-mas-por-presuntamente-lavar-24-970-millones-de-pesos-del-narcotrafico\/\">tr\u00e1fico de estupefacientes<\/a> y lavado de activos.<\/strong><\/p>\n<p>Investigadores del Cuerpo T\u00e9cnico de Investigaci\u00f3n (CTI), en articulaci\u00f3n con Migraci\u00f3n Colombia y la agencia estadounidense DEA, ubicaron al ciudadano extranjero en<strong> el aeropuerto internacional El Dorado de Bogot\u00e1 y le comunicaron el requerimiento internacional que hab\u00eda en su contra.<\/strong><\/p>\n<p>Casta\u00f1eda Pe\u00f1a, reconocido en su pa\u00eds por ejercer actividades pol\u00edticas en\u00a0Ocuilan (M\u00e9xico), har\u00eda parte de una red trasnacional dedicada al tr\u00e1fico de clorhidrato de coca\u00edna y fentanilo desde Colombia hacia Estados Unidos, <strong>donde las sustancias eran vendidas en Detroit y otras ciudades del estado de Michigan.<\/strong><\/p>\n<p>Los elementos de prueba indican que presuntamente viajaba con frecuencia al pa\u00eds, y se trasladaba a La Guajira y Norte de Santander para cerrar negociaciones relacionadas con la compra y el env\u00edo de los estupefacientes por v\u00edas mar\u00edtima y a\u00e9rea.<\/p>\n<p>La Fiscal\u00eda har\u00e1 las comunicaciones correspondientes para que avancen los tr\u00e1mites legales y diplom\u00e1ticos de formalizaci\u00f3n del pedido de <a href=\"https:\/\/www.fiscalia.gov.co\/colombia\/extincion-de-dominio\/fiscalia-ocupa-con-fines-de-extincion-de-dominio-bienes-por-70-000-millones-de-pesos-que-pertenecerian-a-un-ciudadano-colombiano-extraditado-a-estados-unidos-por-narcotrafico\/\">extradici\u00f3n del ciudadano mexicano.<\/a><\/p>\n<p>Esta informaci\u00f3n se publica por razones de inter\u00e9s general.<\/p>\n<p>&nbsp;<\/p>\n<p>&nbsp;<\/p>\n<p>&nbsp;<\/p>\n<p>&nbsp;<\/p>\n<p>JMSV\/JARG\/RRO\/DECN<\/p>\n<p>&nbsp;<\/p>\n<p>&nbsp;<\/p>\n<p>&nbsp;<\/p>\n<p>&nbsp;<\/p>\n<div class=\"td-post-content tagdiv-type\">\n<div class=\"td-post-content tagdiv-type\">\n<div class=\"td-post-content tagdiv-type\">\n<div class=\"td-post-content tagdiv-type\">\n<p><em>La informaci\u00f3n contenida en este bolet\u00edn de prensa corresponde a la narraci\u00f3n de los hechos noticiosos objetivos, suministrados por los funcionarios encargados de adelantar las investigaciones penales al interior de la Fiscal\u00eda General de la Naci\u00f3n. Para el momento de la divulgaci\u00f3n de este comunicado, la situaci\u00f3n jur\u00eddica de la(s) persona(s) relacionada(s) se encuentra pendiente de resolver por la autoridad judicial competente, siempre bajo los preceptos de la presunci\u00f3n de inocencia, consagrados en el art\u00edculo 29 de la Constituci\u00f3n Pol\u00edtica y el art\u00edculo 7\u00ba de la Ley 906 de 2004.<\/em><\/p>\n<\/div>\n<\/div>\n<\/div>\n<\/div>\n\n<div class=\"twitter-share\"><a href=\"https:\/\/twitter.com\/intent\/tweet?via=fiscaliacol\" class=\"twitter-share-button\">Tweet<\/a><\/div>\n","protected":false},"excerpt":{"rendered":"<p>Luis \u00c1ngel Casta\u00f1eda Pe\u00f1a fue localizado en Bogot\u00e1. Al parecer, viajaba con frecuencia al pa\u00eds para cerrar negocios relacionados con la compra y env\u00edo de las sustancia il\u00edcitas a M\u00e9xico y Estados Unidos. A disposici\u00f3n de la Fiscal\u00eda General de la Naci\u00f3n qued\u00f3 el ciudadano mexicano Luis \u00c1ngel Casta\u00f1eda Pe\u00f1a, quien es solicitado en extradici\u00f3n [&hellip;]<\/p>\n","protected":false},"author":177,"featured_media":0,"comment_status":"closed","ping_status":"open","sticky":false,"template":"","format":"standard","meta":{"tdm_status":"","tdm_grid_status":"","footnotes":""},"categories":[24115,1],"tags":[19,2300,35407,38788,1047,38789,148,155],"class_list":{"0":"post-303378","1":"post","2":"type-post","3":"status-publish","4":"format-standard","6":"category-narcotrafico","7":"category-noticias","8":"tag-cocaina","9":"tag-extradicion","10":"tag-fentanilo","11":"tag-fiscal-lua-adriana-camargo","12":"tag-fiscalia-general-de-la-nacion","13":"tag-mexicano","14":"tag-narcotrafico","15":"tag-trafico-de-estupefacientes"},"yoast_head":"<!-- This site is optimized with the Yoast SEO plugin v24.3 - https:\/\/yoast.com\/wordpress\/plugins\/seo\/ -->\n<title>Fiscal\u00eda General de la Naci\u00f3n<\/title>\n<meta name=\"description\" content=\"P\u00e1gina oficial de la Fiscal\u00eda General de la Naci\u00f3n \u2013 Colombia. Garantizamos el acceso efectivo a la justicia, la verdad y la reparaci\u00f3n de las v\u00edctimas de los delitos.\" \/>\n<meta name=\"robots\" content=\"noindex, follow\" \/>\n<meta property=\"og:locale\" content=\"es_ES\" \/>\n<meta property=\"og:type\" content=\"article\" \/>\n<meta property=\"og:title\" content=\"Fiscal\u00eda General de la Naci\u00f3n\" \/>\n<meta property=\"og:description\" content=\"P\u00e1gina oficial de la Fiscal\u00eda General de la Naci\u00f3n \u2013 Colombia. Garantizamos el acceso efectivo a la justicia, la verdad y la reparaci\u00f3n de las v\u00edctimas de los delitos.\" \/>\n<meta property=\"og:url\" content=\"https:\/\/www.fiscalia.gov.co\/colombia\/noticias\/capturado-con-fines-de-extradicion-ciudadano-mexicano-que-haria-parte-de-red-trasnacional-dedicada-al-trafico-de-cocaina-y-fentanilo\/\" \/>\n<meta property=\"og:site_name\" content=\"Fiscal\u00eda General de la Naci\u00f3n\" \/>\n<meta property=\"article:publisher\" content=\"https:\/\/www.facebook.com\/FiscaliaCol\" \/>\n<meta property=\"article:published_time\" content=\"2024-10-09T14:26:19+00:00\" \/>\n<meta name=\"author\" content=\"Jordan Leandro Oviedo Anzola\" \/>\n<meta name=\"twitter:card\" content=\"summary_large_image\" \/>\n<meta name=\"twitter:creator\" content=\"@FiscaliaCol\" \/>\n<meta name=\"twitter:site\" content=\"@FiscaliaCol\" \/>\n<meta name=\"twitter:label1\" content=\"Escrito por\" \/>\n\t<meta name=\"twitter:data1\" content=\"Jordan Leandro Oviedo Anzola\" \/>\n\t<meta name=\"twitter:label2\" content=\"Tiempo de lectura\" \/>\n\t<meta name=\"twitter:data2\" content=\"2 minutos\" \/>\n<script type=\"application\/ld+json\" class=\"yoast-schema-graph\">{\"@context\":\"https:\/\/schema.org\",\"@graph\":[{\"@type\":\"Article\",\"@id\":\"https:\/\/www.fiscalia.gov.co\/colombia\/noticias\/capturado-con-fines-de-extradicion-ciudadano-mexicano-que-haria-parte-de-red-trasnacional-dedicada-al-trafico-de-cocaina-y-fentanilo\/#article\",\"isPartOf\":{\"@id\":\"https:\/\/www.fiscalia.gov.co\/colombia\/noticias\/capturado-con-fines-de-extradicion-ciudadano-mexicano-que-haria-parte-de-red-trasnacional-dedicada-al-trafico-de-cocaina-y-fentanilo\/\"},\"author\":{\"name\":\"Jordan Leandro Oviedo Anzola\",\"@id\":\"https:\/\/www.fiscalia.gov.co\/colombia\/#\/schema\/person\/bf84402cf293a5393e9c70b111020b24\"},\"headline\":\"Capturado con fines de extradici\u00f3n ciudadano mexicano que har\u00eda parte de red trasnacional dedicada al tr\u00e1fico de coca\u00edna y fentanilo\",\"datePublished\":\"2024-10-09T14:26:19+00:00\",\"dateModified\":\"2024-10-09T14:26:19+00:00\",\"mainEntityOfPage\":{\"@id\":\"https:\/\/www.fiscalia.gov.co\/colombia\/noticias\/capturado-con-fines-de-extradicion-ciudadano-mexicano-que-haria-parte-de-red-trasnacional-dedicada-al-trafico-de-cocaina-y-fentanilo\/\"},\"wordCount\":420,\"publisher\":{\"@id\":\"https:\/\/www.fiscalia.gov.co\/colombia\/#organization\"},\"keywords\":[\"Coca\u00edna\",\"Extradici\u00f3n\",\"fentanilo\",\"fiscal lua adriana camargo\",\"Fiscal\u00eda General de la Naci\u00f3n\",\"mexicano\",\"Narcotr\u00e1fico\",\"Tr\u00e1fico de estupefacientes\"],\"articleSection\":[\"Narcotr\u00e1fico\",\"Noticias\"],\"inLanguage\":\"es-CO\"},{\"@type\":\"WebPage\",\"@id\":\"https:\/\/www.fiscalia.gov.co\/colombia\/noticias\/capturado-con-fines-de-extradicion-ciudadano-mexicano-que-haria-parte-de-red-trasnacional-dedicada-al-trafico-de-cocaina-y-fentanilo\/\",\"url\":\"https:\/\/www.fiscalia.gov.co\/colombia\/noticias\/capturado-con-fines-de-extradicion-ciudadano-mexicano-que-haria-parte-de-red-trasnacional-dedicada-al-trafico-de-cocaina-y-fentanilo\/\",\"name\":\"Fiscal\u00eda General de la Naci\u00f3n\",\"isPartOf\":{\"@id\":\"https:\/\/www.fiscalia.gov.co\/colombia\/#website\"},\"datePublished\":\"2024-10-09T14:26:19+00:00\",\"dateModified\":\"2024-10-09T14:26:19+00:00\",\"description\":\"P\u00e1gina oficial de la Fiscal\u00eda General de la Naci\u00f3n \u2013 Colombia. Garantizamos el acceso efectivo a la justicia, la verdad y la reparaci\u00f3n de las v\u00edctimas de los delitos.\",\"breadcrumb\":{\"@id\":\"https:\/\/www.fiscalia.gov.co\/colombia\/noticias\/capturado-con-fines-de-extradicion-ciudadano-mexicano-que-haria-parte-de-red-trasnacional-dedicada-al-trafico-de-cocaina-y-fentanilo\/#breadcrumb\"},\"inLanguage\":\"es-CO\",\"potentialAction\":[{\"@type\":\"ReadAction\",\"target\":[\"https:\/\/www.fiscalia.gov.co\/colombia\/noticias\/capturado-con-fines-de-extradicion-ciudadano-mexicano-que-haria-parte-de-red-trasnacional-dedicada-al-trafico-de-cocaina-y-fentanilo\/\"]}]},{\"@type\":\"BreadcrumbList\",\"@id\":\"https:\/\/www.fiscalia.gov.co\/colombia\/noticias\/capturado-con-fines-de-extradicion-ciudadano-mexicano-que-haria-parte-de-red-trasnacional-dedicada-al-trafico-de-cocaina-y-fentanilo\/#breadcrumb\",\"itemListElement\":[{\"@type\":\"ListItem\",\"position\":1,\"name\":\"Home\",\"item\":\"https:\/\/www.fiscalia.gov.co\/colombia\/\"},{\"@type\":\"ListItem\",\"position\":2,\"name\":\"Capturado con fines de extradici\u00f3n ciudadano mexicano que har\u00eda parte de red trasnacional dedicada al tr\u00e1fico de coca\u00edna y fentanilo\"}]},{\"@type\":\"WebSite\",\"@id\":\"https:\/\/www.fiscalia.gov.co\/colombia\/#website\",\"url\":\"https:\/\/www.fiscalia.gov.co\/colombia\/\",\"name\":\"Fiscal\u00eda General de la Naci\u00f3n\",\"description\":\"P\u00e1gina oficial de la Fiscal\u00eda General de la Naci\u00f3n \u2013 Colombia. Garantizamos el acceso efectivo a la justicia, la verdad y la reparaci\u00f3n de las v\u00edctimas de los delitos.\",\"publisher\":{\"@id\":\"https:\/\/www.fiscalia.gov.co\/colombia\/#organization\"},\"potentialAction\":[{\"@type\":\"SearchAction\",\"target\":{\"@type\":\"EntryPoint\",\"urlTemplate\":\"https:\/\/www.fiscalia.gov.co\/colombia\/?s={search_term_string}\"},\"query-input\":{\"@type\":\"PropertyValueSpecification\",\"valueRequired\":true,\"valueName\":\"search_term_string\"}}],\"inLanguage\":\"es-CO\"},{\"@type\":\"Organization\",\"@id\":\"https:\/\/www.fiscalia.gov.co\/colombia\/#organization\",\"name\":\"Fiscal\u00eda General de la Naci\u00f3n\",\"url\":\"https:\/\/www.fiscalia.gov.co\/colombia\/\",\"logo\":{\"@type\":\"ImageObject\",\"inLanguage\":\"es-CO\",\"@id\":\"https:\/\/www.fiscalia.gov.co\/colombia\/#\/schema\/logo\/image\/\",\"url\":\"https:\/\/www.fiscalia.gov.co\/colombia\/wp-content\/uploads\/LogoHorizontal_1.jpg\",\"contentUrl\":\"https:\/\/www.fiscalia.gov.co\/colombia\/wp-content\/uploads\/LogoHorizontal_1.jpg\",\"width\":300,\"height\":90,\"caption\":\"Fiscal\u00eda General de la Naci\u00f3n\"},\"image\":{\"@id\":\"https:\/\/www.fiscalia.gov.co\/colombia\/#\/schema\/logo\/image\/\"},\"sameAs\":[\"https:\/\/www.facebook.com\/FiscaliaCol\",\"https:\/\/x.com\/FiscaliaCol\",\"https:\/\/www.instagram.com\/fiscaliacol\",\"https:\/\/www.linkedin.com\/company\/fiscalia-general-de-la-naci-n\/\",\"https:\/\/youtube.com\/@fiscaliageneraldelanacion-4668?si=6nN79nyQICPU5iTh\"]},{\"@type\":\"Person\",\"@id\":\"https:\/\/www.fiscalia.gov.co\/colombia\/#\/schema\/person\/bf84402cf293a5393e9c70b111020b24\",\"name\":\"Jordan Leandro Oviedo Anzola\",\"image\":{\"@type\":\"ImageObject\",\"inLanguage\":\"es-CO\",\"@id\":\"https:\/\/www.fiscalia.gov.co\/colombia\/#\/schema\/person\/image\/\",\"url\":\"https:\/\/secure.gravatar.com\/avatar\/dabba4346fa9b9207d96adafa8f92721?s=96&d=mm&r=g\",\"contentUrl\":\"https:\/\/secure.gravatar.com\/avatar\/dabba4346fa9b9207d96adafa8f92721?s=96&d=mm&r=g\",\"caption\":\"Jordan Leandro Oviedo Anzola\"},\"url\":\"https:\/\/www.fiscalia.gov.co\/colombia\/author\/joviedo\/\"}]}<\/script>\n<!-- \/ Yoast SEO plugin. -->","yoast_head_json":{"title":"Fiscal\u00eda General de la Naci\u00f3n","description":"P\u00e1gina oficial de la Fiscal\u00eda General de la Naci\u00f3n \u2013 Colombia. Garantizamos el acceso efectivo a la justicia, la verdad y la reparaci\u00f3n de las v\u00edctimas de los delitos.","robots":{"index":"noindex","follow":"follow"},"og_locale":"es_ES","og_type":"article","og_title":"Fiscal\u00eda General de la Naci\u00f3n","og_description":"P\u00e1gina oficial de la Fiscal\u00eda General de la Naci\u00f3n \u2013 Colombia. Garantizamos el acceso efectivo a la justicia, la verdad y la reparaci\u00f3n de las v\u00edctimas de los delitos.","og_url":"https:\/\/www.fiscalia.gov.co\/colombia\/noticias\/capturado-con-fines-de-extradicion-ciudadano-mexicano-que-haria-parte-de-red-trasnacional-dedicada-al-trafico-de-cocaina-y-fentanilo\/","og_site_name":"Fiscal\u00eda General de la Naci\u00f3n","article_publisher":"https:\/\/www.facebook.com\/FiscaliaCol","article_published_time":"2024-10-09T14:26:19+00:00","author":"Jordan Leandro Oviedo Anzola","twitter_card":"summary_large_image","twitter_creator":"@FiscaliaCol","twitter_site":"@FiscaliaCol","twitter_misc":{"Escrito por":"Jordan Leandro Oviedo Anzola","Tiempo de lectura":"2 minutos"},"schema":{"@context":"https:\/\/schema.org","@graph":[{"@type":"Article","@id":"https:\/\/www.fiscalia.gov.co\/colombia\/noticias\/capturado-con-fines-de-extradicion-ciudadano-mexicano-que-haria-parte-de-red-trasnacional-dedicada-al-trafico-de-cocaina-y-fentanilo\/#article","isPartOf":{"@id":"https:\/\/www.fiscalia.gov.co\/colombia\/noticias\/capturado-con-fines-de-extradicion-ciudadano-mexicano-que-haria-parte-de-red-trasnacional-dedicada-al-trafico-de-cocaina-y-fentanilo\/"},"author":{"name":"Jordan Leandro Oviedo Anzola","@id":"https:\/\/www.fiscalia.gov.co\/colombia\/#\/schema\/person\/bf84402cf293a5393e9c70b111020b24"},"headline":"Capturado con fines de extradici\u00f3n ciudadano mexicano que har\u00eda parte de red trasnacional dedicada al tr\u00e1fico de coca\u00edna y fentanilo","datePublished":"2024-10-09T14:26:19+00:00","dateModified":"2024-10-09T14:26:19+00:00","mainEntityOfPage":{"@id":"https:\/\/www.fiscalia.gov.co\/colombia\/noticias\/capturado-con-fines-de-extradicion-ciudadano-mexicano-que-haria-parte-de-red-trasnacional-dedicada-al-trafico-de-cocaina-y-fentanilo\/"},"wordCount":420,"publisher":{"@id":"https:\/\/www.fiscalia.gov.co\/colombia\/#organization"},"keywords":["Coca\u00edna","Extradici\u00f3n","fentanilo","fiscal lua adriana camargo","Fiscal\u00eda General de la Naci\u00f3n","mexicano","Narcotr\u00e1fico","Tr\u00e1fico de estupefacientes"],"articleSection":["Narcotr\u00e1fico","Noticias"],"inLanguage":"es-CO"},{"@type":"WebPage","@id":"https:\/\/www.fiscalia.gov.co\/colombia\/noticias\/capturado-con-fines-de-extradicion-ciudadano-mexicano-que-haria-parte-de-red-trasnacional-dedicada-al-trafico-de-cocaina-y-fentanilo\/","url":"https:\/\/www.fiscalia.gov.co\/colombia\/noticias\/capturado-con-fines-de-extradicion-ciudadano-mexicano-que-haria-parte-de-red-trasnacional-dedicada-al-trafico-de-cocaina-y-fentanilo\/","name":"Fiscal\u00eda General de la Naci\u00f3n","isPartOf":{"@id":"https:\/\/www.fiscalia.gov.co\/colombia\/#website"},"datePublished":"2024-10-09T14:26:19+00:00","dateModified":"2024-10-09T14:26:19+00:00","description":"P\u00e1gina oficial de la Fiscal\u00eda General de la Naci\u00f3n \u2013 Colombia. Garantizamos el acceso efectivo a la justicia, la verdad y la reparaci\u00f3n de las v\u00edctimas de los delitos.","breadcrumb":{"@id":"https:\/\/www.fiscalia.gov.co\/colombia\/noticias\/capturado-con-fines-de-extradicion-ciudadano-mexicano-que-haria-parte-de-red-trasnacional-dedicada-al-trafico-de-cocaina-y-fentanilo\/#breadcrumb"},"inLanguage":"es-CO","potentialAction":[{"@type":"ReadAction","target":["https:\/\/www.fiscalia.gov.co\/colombia\/noticias\/capturado-con-fines-de-extradicion-ciudadano-mexicano-que-haria-parte-de-red-trasnacional-dedicada-al-trafico-de-cocaina-y-fentanilo\/"]}]},{"@type":"BreadcrumbList","@id":"https:\/\/www.fiscalia.gov.co\/colombia\/noticias\/capturado-con-fines-de-extradicion-ciudadano-mexicano-que-haria-parte-de-red-trasnacional-dedicada-al-trafico-de-cocaina-y-fentanilo\/#breadcrumb","itemListElement":[{"@type":"ListItem","position":1,"name":"Home","item":"https:\/\/www.fiscalia.gov.co\/colombia\/"},{"@type":"ListItem","position":2,"name":"Capturado con fines de extradici\u00f3n ciudadano mexicano que har\u00eda parte de red trasnacional dedicada al tr\u00e1fico de coca\u00edna y fentanilo"}]},{"@type":"WebSite","@id":"https:\/\/www.fiscalia.gov.co\/colombia\/#website","url":"https:\/\/www.fiscalia.gov.co\/colombia\/","name":"Fiscal\u00eda General de la Naci\u00f3n","description":"P\u00e1gina oficial de la Fiscal\u00eda General de la Naci\u00f3n \u2013 Colombia. Garantizamos el acceso efectivo a la justicia, la verdad y la reparaci\u00f3n de las v\u00edctimas de los delitos.","publisher":{"@id":"https:\/\/www.fiscalia.gov.co\/colombia\/#organization"},"potentialAction":[{"@type":"SearchAction","target":{"@type":"EntryPoint","urlTemplate":"https:\/\/www.fiscalia.gov.co\/colombia\/?s={search_term_string}"},"query-input":{"@type":"PropertyValueSpecification","valueRequired":true,"valueName":"search_term_string"}}],"inLanguage":"es-CO"},{"@type":"Organization","@id":"https:\/\/www.fiscalia.gov.co\/colombia\/#organization","name":"Fiscal\u00eda General de la Naci\u00f3n","url":"https:\/\/www.fiscalia.gov.co\/colombia\/","logo":{"@type":"ImageObject","inLanguage":"es-CO","@id":"https:\/\/www.fiscalia.gov.co\/colombia\/#\/schema\/logo\/image\/","url":"https:\/\/www.fiscalia.gov.co\/colombia\/wp-content\/uploads\/LogoHorizontal_1.jpg","contentUrl":"https:\/\/www.fiscalia.gov.co\/colombia\/wp-content\/uploads\/LogoHorizontal_1.jpg","width":300,"height":90,"caption":"Fiscal\u00eda General de la Naci\u00f3n"},"image":{"@id":"https:\/\/www.fiscalia.gov.co\/colombia\/#\/schema\/logo\/image\/"},"sameAs":["https:\/\/www.facebook.com\/FiscaliaCol","https:\/\/x.com\/FiscaliaCol","https:\/\/www.instagram.com\/fiscaliacol","https:\/\/www.linkedin.com\/company\/fiscalia-general-de-la-naci-n\/","https:\/\/youtube.com\/@fiscaliageneraldelanacion-4668?si=6nN79nyQICPU5iTh"]},{"@type":"Person","@id":"https:\/\/www.fiscalia.gov.co\/colombia\/#\/schema\/person\/bf84402cf293a5393e9c70b111020b24","name":"Jordan Leandro Oviedo Anzola","image":{"@type":"ImageObject","inLanguage":"es-CO","@id":"https:\/\/www.fiscalia.gov.co\/colombia\/#\/schema\/person\/image\/","url":"https:\/\/secure.gravatar.com\/avatar\/dabba4346fa9b9207d96adafa8f92721?s=96&d=mm&r=g","contentUrl":"https:\/\/secure.gravatar.com\/avatar\/dabba4346fa9b9207d96adafa8f92721?s=96&d=mm&r=g","caption":"Jordan Leandro Oviedo Anzola"},"url":"https:\/\/www.fiscalia.gov.co\/colombia\/author\/joviedo\/"}]}},"_links":{"self":[{"href":"https:\/\/www.fiscalia.gov.co\/colombia\/wp-json\/wp\/v2\/posts\/303378","targetHints":{"allow":["GET"]}}],"collection":[{"href":"https:\/\/www.fiscalia.gov.co\/colombia\/wp-json\/wp\/v2\/posts"}],"about":[{"href":"https:\/\/www.fiscalia.gov.co\/colombia\/wp-json\/wp\/v2\/types\/post"}],"author":[{"embeddable":true,"href":"https:\/\/www.fiscalia.gov.co\/colombia\/wp-json\/wp\/v2\/users\/177"}],"replies":[{"embeddable":true,"href":"https:\/\/www.fiscalia.gov.co\/colombia\/wp-json\/wp\/v2\/comments?post=303378"}],"version-history":[{"count":1,"href":"https:\/\/www.fiscalia.gov.co\/colombia\/wp-json\/wp\/v2\/posts\/303378\/revisions"}],"predecessor-version":[{"id":303379,"href":"https:\/\/www.fiscalia.gov.co\/colombia\/wp-json\/wp\/v2\/posts\/303378\/revisions\/303379"}],"wp:attachment":[{"href":"https:\/\/www.fiscalia.gov.co\/colombia\/wp-json\/wp\/v2\/media?parent=303378"}],"wp:term":[{"taxonomy":"category","embeddable":true,"href":"https:\/\/www.fiscalia.gov.co\/colombia\/wp-json\/wp\/v2\/categories?post=303378"},{"taxonomy":"post_tag","embeddable":true,"href":"https:\/\/www.fiscalia.gov.co\/colombia\/wp-json\/wp\/v2\/tags?post=303378"}],"curies":[{"name":"wp","href":"https:\/\/api.w.org\/{rel}","templated":true}]}}