{"id":303334,"date":"2024-10-08T14:38:50","date_gmt":"2024-10-08T19:38:50","guid":{"rendered":"https:\/\/www.fiscalia.gov.co\/colombia\/?p=303334"},"modified":"2024-10-08T14:38:50","modified_gmt":"2024-10-08T19:38:50","slug":"en-saladoblanco-huila-fue-enviado-a-la-carcel-un-hombre-senalado-de-asesinar-a-la-pareja-de-su-excompanera-sentimental","status":"publish","type":"post","link":"https:\/\/www.fiscalia.gov.co\/colombia\/noticias\/en-saladoblanco-huila-fue-enviado-a-la-carcel-un-hombre-senalado-de-asesinar-a-la-pareja-de-su-excompanera-sentimental\/","title":{"rendered":"En Saladoblanco (Huila) fue enviado a la c\u00e1rcel un hombre se\u00f1alado de asesinar a la pareja de su excompa\u00f1era sentimental"},"content":{"rendered":"<p style=\"font-weight: 400;\">Por solicitud de la Fiscal\u00eda General de la Naci\u00f3n, un juez con funci\u00f3n de control de garant\u00edas <strong>impuso medida de aseguramiento en centro carcelario a Haider Mart\u00ednez Ossa, de 29 a\u00f1os<\/strong>, presuntamente responsable del asesinato de un hombre, durante una discusi\u00f3n en el barrio <a href=\"https:\/\/www.fiscalia.gov.co\/colombia\/noticias\/fiscalia-logra-que-un-hombre-presuntamente-implicado-en-abusos-sexuales-contra-su-hija-fuera-enviado-a-prision-2\/\">Los \u00c1lamos de Saladoblanco sur del Huila. Por lo cual fue imputado con el delito de homicidio.<\/a><\/p>\n<figure id=\"attachment_303335\" aria-describedby=\"caption-attachment-303335\" style=\"width: 696px\" class=\"wp-caption aligncenter\"><img loading=\"lazy\" decoding=\"async\" class=\"size-large wp-image-303335\" src=\"https:\/\/www.fiscalia.gov.co\/colombia\/wp-content\/uploads\/Haider-Martinez-Ossa-1024x576.jpeg\" alt=\"El capturado se encuentra en custodia por dos uniformados del grupo GOES de la Polic\u00eda Nacional. Detr\u00e1s se observa un backing de la Polic\u00eda.\" width=\"696\" height=\"392\" srcset=\"https:\/\/www.fiscalia.gov.co\/colombia\/wp-content\/uploads\/Haider-Martinez-Ossa-1024x576.jpeg 1024w, https:\/\/www.fiscalia.gov.co\/colombia\/wp-content\/uploads\/Haider-Martinez-Ossa-300x169.jpeg 300w, https:\/\/www.fiscalia.gov.co\/colombia\/wp-content\/uploads\/Haider-Martinez-Ossa-768x432.jpeg 768w, https:\/\/www.fiscalia.gov.co\/colombia\/wp-content\/uploads\/Haider-Martinez-Ossa-1536x864.jpeg 1536w, https:\/\/www.fiscalia.gov.co\/colombia\/wp-content\/uploads\/Haider-Martinez-Ossa-747x420.jpeg 747w, https:\/\/www.fiscalia.gov.co\/colombia\/wp-content\/uploads\/Haider-Martinez-Ossa-696x392.jpeg 696w, https:\/\/www.fiscalia.gov.co\/colombia\/wp-content\/uploads\/Haider-Martinez-Ossa-1068x601.jpeg 1068w, https:\/\/www.fiscalia.gov.co\/colombia\/wp-content\/uploads\/Haider-Martinez-Ossa.jpeg 1600w\" sizes=\"auto, (max-width: 696px) 100vw, 696px\" \/><figcaption id=\"caption-attachment-303335\" class=\"wp-caption-text\">Al parecer, d\u00edas antes del crimen la v\u00edctima fue amenazada por el presunto agresor a trav\u00e9s de llamadas telef\u00f3nicas.<\/figcaption><\/figure>\n<p style=\"font-weight: 400;\"><strong>Seg\u00fan la investigaci\u00f3n, el pasado 05 de octubre la expareja del ahora procesado estaba en una peluquer\u00eda con su actual compa\u00f1ero sentimental.<\/strong> Al lugar lleg\u00f3 Mart\u00ednez Ossa quien se cree agredi\u00f3 al hombre con un arma cortopunzante, causando su muerte. Al parecer, d\u00edas antes del crimen la v\u00edctima fue amenazada por el presunto agresor a trav\u00e9s de llamadas telef\u00f3nicas.<\/p>\n<p style=\"font-weight: 400;\">El investigado fue capturado por la Polic\u00eda Nacional luego de que la comunidad alertara por el crimen.<\/p>\n<p style=\"font-weight: 400;\">Durante el desarrollo de las audiencias preliminares el procesado neg\u00f3 su responsabilidad en cuanto a los cargos en su contra.<\/p>\n<p style=\"font-weight: 400;\">\n<p>&nbsp;<\/p>\n<p>&nbsp;<\/p>\n<p>&nbsp;<\/p>\n<p style=\"font-weight: 400;\">WAGG\/MAGA\/NM\/JCFJ\/DSH<\/p>\n<p style=\"font-weight: 400;\">\n<p>&nbsp;<\/p>\n<p>&nbsp;<\/p>\n<p>&nbsp;<\/p>\n<p>&nbsp;<\/p>\n<div class=\"td-post-content tagdiv-type\">\n<div class=\"td-post-content tagdiv-type\">\n<p><em>La informaci\u00f3n contenida en este bolet\u00edn de prensa corresponde a la narraci\u00f3n de los hechos noticiosos objetivos, suministrados por los funcionarios encargados de adelantar las investigaciones penales al interior de la Fiscal\u00eda General de la Naci\u00f3n. Para el momento de la divulgaci\u00f3n de este comunicado, la situaci\u00f3n jur\u00eddica de la(s) persona(s) relacionada(s) se encuentra pendiente de resolver por la autoridad judicial competente, siempre bajo los preceptos de la presunci\u00f3n de inocencia, consagrados en el art\u00edculo 29 de la Constituci\u00f3n Pol\u00edtica y el art\u00edculo 7\u00ba de la Ley 906 de 2004.<\/em><\/p>\n<\/div>\n<\/div>\n<footer>\n<div class=\"td-post-source-tags\"><\/div>\n<div class=\"td-post-sharing-bottom\"><\/div>\n<\/footer>\n\n<div class=\"twitter-share\"><a href=\"https:\/\/twitter.com\/intent\/tweet?via=fiscaliacol\" class=\"twitter-share-button\">Tweet<\/a><\/div>\n","protected":false},"excerpt":{"rendered":"<p>Por solicitud de la Fiscal\u00eda General de la Naci\u00f3n, un juez con funci\u00f3n de control de garant\u00edas impuso medida de aseguramiento en centro carcelario a Haider Mart\u00ednez Ossa, de 29 a\u00f1os, presuntamente responsable del asesinato de un hombre, durante una discusi\u00f3n en el barrio Los \u00c1lamos de Saladoblanco sur del Huila. Por lo cual fue [&hellip;]<\/p>\n","protected":false},"author":177,"featured_media":0,"comment_status":"closed","ping_status":"open","sticky":false,"template":"","format":"standard","meta":{"tdm_status":"","tdm_grid_status":"","footnotes":""},"categories":[1,333,303,24127],"tags":[24257,16284,409,16,1185,9054,4348,29351,34120,24485,38783],"class_list":{"0":"post-303334","1":"post","2":"type-post","3":"status-publish","4":"format-standard","6":"category-noticias","7":"category-seccional-neiva","8":"category-seccionales","9":"category-violencia-sexual-e-intrafamiliar","10":"tag-arma-cortopunzante","11":"tag-crimen","12":"tag-homicidio","13":"tag-huila","14":"tag-medida-de-aseguramiento","15":"tag-muerte","16":"tag-rina","17":"tag-saladoblanco","18":"tag-saladoblanco-huila","19":"tag-seccional-huila","20":"tag-temas-pasionales"},"yoast_head":"<!-- This site is optimized with the Yoast SEO plugin v24.3 - https:\/\/yoast.com\/wordpress\/plugins\/seo\/ -->\n<title>Fiscal\u00eda General de la Naci\u00f3n<\/title>\n<meta name=\"description\" content=\"P\u00e1gina oficial de la Fiscal\u00eda General de la Naci\u00f3n \u2013 Colombia. Garantizamos el acceso efectivo a la justicia, la verdad y la reparaci\u00f3n de las v\u00edctimas de los delitos.\" \/>\n<meta name=\"robots\" content=\"noindex, follow\" \/>\n<meta property=\"og:locale\" content=\"es_ES\" \/>\n<meta property=\"og:type\" content=\"article\" \/>\n<meta property=\"og:title\" content=\"Fiscal\u00eda General de la Naci\u00f3n\" \/>\n<meta property=\"og:description\" content=\"P\u00e1gina oficial de la Fiscal\u00eda General de la Naci\u00f3n \u2013 Colombia. Garantizamos el acceso efectivo a la justicia, la verdad y la reparaci\u00f3n de las v\u00edctimas de los delitos.\" \/>\n<meta property=\"og:url\" content=\"https:\/\/www.fiscalia.gov.co\/colombia\/noticias\/en-saladoblanco-huila-fue-enviado-a-la-carcel-un-hombre-senalado-de-asesinar-a-la-pareja-de-su-excompanera-sentimental\/\" \/>\n<meta property=\"og:site_name\" content=\"Fiscal\u00eda General de la Naci\u00f3n\" \/>\n<meta property=\"article:publisher\" content=\"https:\/\/www.facebook.com\/FiscaliaCol\" \/>\n<meta property=\"article:published_time\" content=\"2024-10-08T19:38:50+00:00\" \/>\n<meta property=\"og:image\" content=\"https:\/\/www.fiscalia.gov.co\/colombia\/wp-content\/uploads\/Haider-Martinez-Ossa-1024x576.jpeg\" \/>\n<meta name=\"author\" content=\"Jordan Leandro Oviedo Anzola\" \/>\n<meta name=\"twitter:card\" content=\"summary_large_image\" \/>\n<meta name=\"twitter:creator\" content=\"@FiscaliaCol\" \/>\n<meta name=\"twitter:site\" content=\"@FiscaliaCol\" \/>\n<meta name=\"twitter:label1\" content=\"Escrito por\" \/>\n\t<meta name=\"twitter:data1\" content=\"Jordan Leandro Oviedo Anzola\" \/>\n\t<meta name=\"twitter:label2\" content=\"Tiempo de lectura\" \/>\n\t<meta name=\"twitter:data2\" content=\"2 minutos\" \/>\n<script type=\"application\/ld+json\" class=\"yoast-schema-graph\">{\"@context\":\"https:\/\/schema.org\",\"@graph\":[{\"@type\":\"Article\",\"@id\":\"https:\/\/www.fiscalia.gov.co\/colombia\/noticias\/en-saladoblanco-huila-fue-enviado-a-la-carcel-un-hombre-senalado-de-asesinar-a-la-pareja-de-su-excompanera-sentimental\/#article\",\"isPartOf\":{\"@id\":\"https:\/\/www.fiscalia.gov.co\/colombia\/noticias\/en-saladoblanco-huila-fue-enviado-a-la-carcel-un-hombre-senalado-de-asesinar-a-la-pareja-de-su-excompanera-sentimental\/\"},\"author\":{\"name\":\"Jordan Leandro Oviedo Anzola\",\"@id\":\"https:\/\/www.fiscalia.gov.co\/colombia\/#\/schema\/person\/bf84402cf293a5393e9c70b111020b24\"},\"headline\":\"En Saladoblanco (Huila) fue enviado a la c\u00e1rcel un hombre se\u00f1alado de asesinar a la pareja de su excompa\u00f1era sentimental\",\"datePublished\":\"2024-10-08T19:38:50+00:00\",\"dateModified\":\"2024-10-08T19:38:50+00:00\",\"mainEntityOfPage\":{\"@id\":\"https:\/\/www.fiscalia.gov.co\/colombia\/noticias\/en-saladoblanco-huila-fue-enviado-a-la-carcel-un-hombre-senalado-de-asesinar-a-la-pareja-de-su-excompanera-sentimental\/\"},\"wordCount\":339,\"publisher\":{\"@id\":\"https:\/\/www.fiscalia.gov.co\/colombia\/#organization\"},\"image\":{\"@id\":\"https:\/\/www.fiscalia.gov.co\/colombia\/noticias\/en-saladoblanco-huila-fue-enviado-a-la-carcel-un-hombre-senalado-de-asesinar-a-la-pareja-de-su-excompanera-sentimental\/#primaryimage\"},\"thumbnailUrl\":\"https:\/\/www.fiscalia.gov.co\/colombia\/wp-content\/uploads\/Haider-Martinez-Ossa-1024x576.jpeg\",\"keywords\":[\"arma cortopunzante\",\"Crimen\",\"Homicidio\",\"Huila\",\"Medida de aseguramiento\",\"Muerte\",\"Ri\u00f1a\",\"Saladoblanco\",\"Saladoblanco (Huila)\",\"Seccional Huila\",\"temas pasionales\"],\"articleSection\":[\"Noticias\",\"Seccional Neiva\",\"Seccionales\",\"Violencia sexual e intrafamiliar\"],\"inLanguage\":\"es-CO\"},{\"@type\":\"WebPage\",\"@id\":\"https:\/\/www.fiscalia.gov.co\/colombia\/noticias\/en-saladoblanco-huila-fue-enviado-a-la-carcel-un-hombre-senalado-de-asesinar-a-la-pareja-de-su-excompanera-sentimental\/\",\"url\":\"https:\/\/www.fiscalia.gov.co\/colombia\/noticias\/en-saladoblanco-huila-fue-enviado-a-la-carcel-un-hombre-senalado-de-asesinar-a-la-pareja-de-su-excompanera-sentimental\/\",\"name\":\"Fiscal\u00eda General de la Naci\u00f3n\",\"isPartOf\":{\"@id\":\"https:\/\/www.fiscalia.gov.co\/colombia\/#website\"},\"primaryImageOfPage\":{\"@id\":\"https:\/\/www.fiscalia.gov.co\/colombia\/noticias\/en-saladoblanco-huila-fue-enviado-a-la-carcel-un-hombre-senalado-de-asesinar-a-la-pareja-de-su-excompanera-sentimental\/#primaryimage\"},\"image\":{\"@id\":\"https:\/\/www.fiscalia.gov.co\/colombia\/noticias\/en-saladoblanco-huila-fue-enviado-a-la-carcel-un-hombre-senalado-de-asesinar-a-la-pareja-de-su-excompanera-sentimental\/#primaryimage\"},\"thumbnailUrl\":\"https:\/\/www.fiscalia.gov.co\/colombia\/wp-content\/uploads\/Haider-Martinez-Ossa-1024x576.jpeg\",\"datePublished\":\"2024-10-08T19:38:50+00:00\",\"dateModified\":\"2024-10-08T19:38:50+00:00\",\"description\":\"P\u00e1gina oficial de la Fiscal\u00eda General de la Naci\u00f3n \u2013 Colombia. Garantizamos el acceso efectivo a la justicia, la verdad y la reparaci\u00f3n de las v\u00edctimas de los delitos.\",\"breadcrumb\":{\"@id\":\"https:\/\/www.fiscalia.gov.co\/colombia\/noticias\/en-saladoblanco-huila-fue-enviado-a-la-carcel-un-hombre-senalado-de-asesinar-a-la-pareja-de-su-excompanera-sentimental\/#breadcrumb\"},\"inLanguage\":\"es-CO\",\"potentialAction\":[{\"@type\":\"ReadAction\",\"target\":[\"https:\/\/www.fiscalia.gov.co\/colombia\/noticias\/en-saladoblanco-huila-fue-enviado-a-la-carcel-un-hombre-senalado-de-asesinar-a-la-pareja-de-su-excompanera-sentimental\/\"]}]},{\"@type\":\"ImageObject\",\"inLanguage\":\"es-CO\",\"@id\":\"https:\/\/www.fiscalia.gov.co\/colombia\/noticias\/en-saladoblanco-huila-fue-enviado-a-la-carcel-un-hombre-senalado-de-asesinar-a-la-pareja-de-su-excompanera-sentimental\/#primaryimage\",\"url\":\"https:\/\/www.fiscalia.gov.co\/colombia\/wp-content\/uploads\/Haider-Martinez-Ossa.jpeg\",\"contentUrl\":\"https:\/\/www.fiscalia.gov.co\/colombia\/wp-content\/uploads\/Haider-Martinez-Ossa.jpeg\",\"width\":1600,\"height\":900,\"caption\":\"Al parecer, d\u00edas antes del crimen la v\u00edctima fue amenazada por el presunto agresor a trav\u00e9s de llamadas telef\u00f3nicas.\"},{\"@type\":\"BreadcrumbList\",\"@id\":\"https:\/\/www.fiscalia.gov.co\/colombia\/noticias\/en-saladoblanco-huila-fue-enviado-a-la-carcel-un-hombre-senalado-de-asesinar-a-la-pareja-de-su-excompanera-sentimental\/#breadcrumb\",\"itemListElement\":[{\"@type\":\"ListItem\",\"position\":1,\"name\":\"Home\",\"item\":\"https:\/\/www.fiscalia.gov.co\/colombia\/\"},{\"@type\":\"ListItem\",\"position\":2,\"name\":\"En Saladoblanco (Huila) fue enviado a la c\u00e1rcel un hombre se\u00f1alado de asesinar a la pareja de su excompa\u00f1era sentimental\"}]},{\"@type\":\"WebSite\",\"@id\":\"https:\/\/www.fiscalia.gov.co\/colombia\/#website\",\"url\":\"https:\/\/www.fiscalia.gov.co\/colombia\/\",\"name\":\"Fiscal\u00eda General de la Naci\u00f3n\",\"description\":\"P\u00e1gina oficial de la Fiscal\u00eda General de la Naci\u00f3n \u2013 Colombia. Garantizamos el acceso efectivo a la justicia, la verdad y la reparaci\u00f3n de las v\u00edctimas de los delitos.\",\"publisher\":{\"@id\":\"https:\/\/www.fiscalia.gov.co\/colombia\/#organization\"},\"potentialAction\":[{\"@type\":\"SearchAction\",\"target\":{\"@type\":\"EntryPoint\",\"urlTemplate\":\"https:\/\/www.fiscalia.gov.co\/colombia\/?s={search_term_string}\"},\"query-input\":{\"@type\":\"PropertyValueSpecification\",\"valueRequired\":true,\"valueName\":\"search_term_string\"}}],\"inLanguage\":\"es-CO\"},{\"@type\":\"Organization\",\"@id\":\"https:\/\/www.fiscalia.gov.co\/colombia\/#organization\",\"name\":\"Fiscal\u00eda General de la Naci\u00f3n\",\"url\":\"https:\/\/www.fiscalia.gov.co\/colombia\/\",\"logo\":{\"@type\":\"ImageObject\",\"inLanguage\":\"es-CO\",\"@id\":\"https:\/\/www.fiscalia.gov.co\/colombia\/#\/schema\/logo\/image\/\",\"url\":\"https:\/\/www.fiscalia.gov.co\/colombia\/wp-content\/uploads\/LogoHorizontal_1.jpg\",\"contentUrl\":\"https:\/\/www.fiscalia.gov.co\/colombia\/wp-content\/uploads\/LogoHorizontal_1.jpg\",\"width\":300,\"height\":90,\"caption\":\"Fiscal\u00eda General de la Naci\u00f3n\"},\"image\":{\"@id\":\"https:\/\/www.fiscalia.gov.co\/colombia\/#\/schema\/logo\/image\/\"},\"sameAs\":[\"https:\/\/www.facebook.com\/FiscaliaCol\",\"https:\/\/x.com\/FiscaliaCol\",\"https:\/\/www.instagram.com\/fiscaliacol\",\"https:\/\/www.linkedin.com\/company\/fiscalia-general-de-la-naci-n\/\",\"https:\/\/youtube.com\/@fiscaliageneraldelanacion-4668?si=6nN79nyQICPU5iTh\"]},{\"@type\":\"Person\",\"@id\":\"https:\/\/www.fiscalia.gov.co\/colombia\/#\/schema\/person\/bf84402cf293a5393e9c70b111020b24\",\"name\":\"Jordan Leandro Oviedo Anzola\",\"image\":{\"@type\":\"ImageObject\",\"inLanguage\":\"es-CO\",\"@id\":\"https:\/\/www.fiscalia.gov.co\/colombia\/#\/schema\/person\/image\/\",\"url\":\"https:\/\/secure.gravatar.com\/avatar\/dabba4346fa9b9207d96adafa8f92721?s=96&d=mm&r=g\",\"contentUrl\":\"https:\/\/secure.gravatar.com\/avatar\/dabba4346fa9b9207d96adafa8f92721?s=96&d=mm&r=g\",\"caption\":\"Jordan Leandro Oviedo Anzola\"},\"url\":\"https:\/\/www.fiscalia.gov.co\/colombia\/author\/joviedo\/\"}]}<\/script>\n<!-- \/ Yoast SEO plugin. -->","yoast_head_json":{"title":"Fiscal\u00eda General de la Naci\u00f3n","description":"P\u00e1gina oficial de la Fiscal\u00eda General de la Naci\u00f3n \u2013 Colombia. Garantizamos el acceso efectivo a la justicia, la verdad y la reparaci\u00f3n de las v\u00edctimas de los delitos.","robots":{"index":"noindex","follow":"follow"},"og_locale":"es_ES","og_type":"article","og_title":"Fiscal\u00eda General de la Naci\u00f3n","og_description":"P\u00e1gina oficial de la Fiscal\u00eda General de la Naci\u00f3n \u2013 Colombia. Garantizamos el acceso efectivo a la justicia, la verdad y la reparaci\u00f3n de las v\u00edctimas de los delitos.","og_url":"https:\/\/www.fiscalia.gov.co\/colombia\/noticias\/en-saladoblanco-huila-fue-enviado-a-la-carcel-un-hombre-senalado-de-asesinar-a-la-pareja-de-su-excompanera-sentimental\/","og_site_name":"Fiscal\u00eda General de la Naci\u00f3n","article_publisher":"https:\/\/www.facebook.com\/FiscaliaCol","article_published_time":"2024-10-08T19:38:50+00:00","og_image":[{"url":"https:\/\/www.fiscalia.gov.co\/colombia\/wp-content\/uploads\/Haider-Martinez-Ossa-1024x576.jpeg","type":"","width":"","height":""}],"author":"Jordan Leandro Oviedo Anzola","twitter_card":"summary_large_image","twitter_creator":"@FiscaliaCol","twitter_site":"@FiscaliaCol","twitter_misc":{"Escrito por":"Jordan Leandro Oviedo Anzola","Tiempo de lectura":"2 minutos"},"schema":{"@context":"https:\/\/schema.org","@graph":[{"@type":"Article","@id":"https:\/\/www.fiscalia.gov.co\/colombia\/noticias\/en-saladoblanco-huila-fue-enviado-a-la-carcel-un-hombre-senalado-de-asesinar-a-la-pareja-de-su-excompanera-sentimental\/#article","isPartOf":{"@id":"https:\/\/www.fiscalia.gov.co\/colombia\/noticias\/en-saladoblanco-huila-fue-enviado-a-la-carcel-un-hombre-senalado-de-asesinar-a-la-pareja-de-su-excompanera-sentimental\/"},"author":{"name":"Jordan Leandro Oviedo Anzola","@id":"https:\/\/www.fiscalia.gov.co\/colombia\/#\/schema\/person\/bf84402cf293a5393e9c70b111020b24"},"headline":"En Saladoblanco (Huila) fue enviado a la c\u00e1rcel un hombre se\u00f1alado de asesinar a la pareja de su excompa\u00f1era sentimental","datePublished":"2024-10-08T19:38:50+00:00","dateModified":"2024-10-08T19:38:50+00:00","mainEntityOfPage":{"@id":"https:\/\/www.fiscalia.gov.co\/colombia\/noticias\/en-saladoblanco-huila-fue-enviado-a-la-carcel-un-hombre-senalado-de-asesinar-a-la-pareja-de-su-excompanera-sentimental\/"},"wordCount":339,"publisher":{"@id":"https:\/\/www.fiscalia.gov.co\/colombia\/#organization"},"image":{"@id":"https:\/\/www.fiscalia.gov.co\/colombia\/noticias\/en-saladoblanco-huila-fue-enviado-a-la-carcel-un-hombre-senalado-de-asesinar-a-la-pareja-de-su-excompanera-sentimental\/#primaryimage"},"thumbnailUrl":"https:\/\/www.fiscalia.gov.co\/colombia\/wp-content\/uploads\/Haider-Martinez-Ossa-1024x576.jpeg","keywords":["arma cortopunzante","Crimen","Homicidio","Huila","Medida de aseguramiento","Muerte","Ri\u00f1a","Saladoblanco","Saladoblanco (Huila)","Seccional Huila","temas pasionales"],"articleSection":["Noticias","Seccional Neiva","Seccionales","Violencia sexual e intrafamiliar"],"inLanguage":"es-CO"},{"@type":"WebPage","@id":"https:\/\/www.fiscalia.gov.co\/colombia\/noticias\/en-saladoblanco-huila-fue-enviado-a-la-carcel-un-hombre-senalado-de-asesinar-a-la-pareja-de-su-excompanera-sentimental\/","url":"https:\/\/www.fiscalia.gov.co\/colombia\/noticias\/en-saladoblanco-huila-fue-enviado-a-la-carcel-un-hombre-senalado-de-asesinar-a-la-pareja-de-su-excompanera-sentimental\/","name":"Fiscal\u00eda General de la Naci\u00f3n","isPartOf":{"@id":"https:\/\/www.fiscalia.gov.co\/colombia\/#website"},"primaryImageOfPage":{"@id":"https:\/\/www.fiscalia.gov.co\/colombia\/noticias\/en-saladoblanco-huila-fue-enviado-a-la-carcel-un-hombre-senalado-de-asesinar-a-la-pareja-de-su-excompanera-sentimental\/#primaryimage"},"image":{"@id":"https:\/\/www.fiscalia.gov.co\/colombia\/noticias\/en-saladoblanco-huila-fue-enviado-a-la-carcel-un-hombre-senalado-de-asesinar-a-la-pareja-de-su-excompanera-sentimental\/#primaryimage"},"thumbnailUrl":"https:\/\/www.fiscalia.gov.co\/colombia\/wp-content\/uploads\/Haider-Martinez-Ossa-1024x576.jpeg","datePublished":"2024-10-08T19:38:50+00:00","dateModified":"2024-10-08T19:38:50+00:00","description":"P\u00e1gina oficial de la Fiscal\u00eda General de la Naci\u00f3n \u2013 Colombia. Garantizamos el acceso efectivo a la justicia, la verdad y la reparaci\u00f3n de las v\u00edctimas de los delitos.","breadcrumb":{"@id":"https:\/\/www.fiscalia.gov.co\/colombia\/noticias\/en-saladoblanco-huila-fue-enviado-a-la-carcel-un-hombre-senalado-de-asesinar-a-la-pareja-de-su-excompanera-sentimental\/#breadcrumb"},"inLanguage":"es-CO","potentialAction":[{"@type":"ReadAction","target":["https:\/\/www.fiscalia.gov.co\/colombia\/noticias\/en-saladoblanco-huila-fue-enviado-a-la-carcel-un-hombre-senalado-de-asesinar-a-la-pareja-de-su-excompanera-sentimental\/"]}]},{"@type":"ImageObject","inLanguage":"es-CO","@id":"https:\/\/www.fiscalia.gov.co\/colombia\/noticias\/en-saladoblanco-huila-fue-enviado-a-la-carcel-un-hombre-senalado-de-asesinar-a-la-pareja-de-su-excompanera-sentimental\/#primaryimage","url":"https:\/\/www.fiscalia.gov.co\/colombia\/wp-content\/uploads\/Haider-Martinez-Ossa.jpeg","contentUrl":"https:\/\/www.fiscalia.gov.co\/colombia\/wp-content\/uploads\/Haider-Martinez-Ossa.jpeg","width":1600,"height":900,"caption":"Al parecer, d\u00edas antes del crimen la v\u00edctima fue amenazada por el presunto agresor a trav\u00e9s de llamadas telef\u00f3nicas."},{"@type":"BreadcrumbList","@id":"https:\/\/www.fiscalia.gov.co\/colombia\/noticias\/en-saladoblanco-huila-fue-enviado-a-la-carcel-un-hombre-senalado-de-asesinar-a-la-pareja-de-su-excompanera-sentimental\/#breadcrumb","itemListElement":[{"@type":"ListItem","position":1,"name":"Home","item":"https:\/\/www.fiscalia.gov.co\/colombia\/"},{"@type":"ListItem","position":2,"name":"En Saladoblanco (Huila) fue enviado a la c\u00e1rcel un hombre se\u00f1alado de asesinar a la pareja de su excompa\u00f1era sentimental"}]},{"@type":"WebSite","@id":"https:\/\/www.fiscalia.gov.co\/colombia\/#website","url":"https:\/\/www.fiscalia.gov.co\/colombia\/","name":"Fiscal\u00eda General de la Naci\u00f3n","description":"P\u00e1gina oficial de la Fiscal\u00eda General de la Naci\u00f3n \u2013 Colombia. Garantizamos el acceso efectivo a la justicia, la verdad y la reparaci\u00f3n de las v\u00edctimas de los delitos.","publisher":{"@id":"https:\/\/www.fiscalia.gov.co\/colombia\/#organization"},"potentialAction":[{"@type":"SearchAction","target":{"@type":"EntryPoint","urlTemplate":"https:\/\/www.fiscalia.gov.co\/colombia\/?s={search_term_string}"},"query-input":{"@type":"PropertyValueSpecification","valueRequired":true,"valueName":"search_term_string"}}],"inLanguage":"es-CO"},{"@type":"Organization","@id":"https:\/\/www.fiscalia.gov.co\/colombia\/#organization","name":"Fiscal\u00eda General de la Naci\u00f3n","url":"https:\/\/www.fiscalia.gov.co\/colombia\/","logo":{"@type":"ImageObject","inLanguage":"es-CO","@id":"https:\/\/www.fiscalia.gov.co\/colombia\/#\/schema\/logo\/image\/","url":"https:\/\/www.fiscalia.gov.co\/colombia\/wp-content\/uploads\/LogoHorizontal_1.jpg","contentUrl":"https:\/\/www.fiscalia.gov.co\/colombia\/wp-content\/uploads\/LogoHorizontal_1.jpg","width":300,"height":90,"caption":"Fiscal\u00eda General de la Naci\u00f3n"},"image":{"@id":"https:\/\/www.fiscalia.gov.co\/colombia\/#\/schema\/logo\/image\/"},"sameAs":["https:\/\/www.facebook.com\/FiscaliaCol","https:\/\/x.com\/FiscaliaCol","https:\/\/www.instagram.com\/fiscaliacol","https:\/\/www.linkedin.com\/company\/fiscalia-general-de-la-naci-n\/","https:\/\/youtube.com\/@fiscaliageneraldelanacion-4668?si=6nN79nyQICPU5iTh"]},{"@type":"Person","@id":"https:\/\/www.fiscalia.gov.co\/colombia\/#\/schema\/person\/bf84402cf293a5393e9c70b111020b24","name":"Jordan Leandro Oviedo Anzola","image":{"@type":"ImageObject","inLanguage":"es-CO","@id":"https:\/\/www.fiscalia.gov.co\/colombia\/#\/schema\/person\/image\/","url":"https:\/\/secure.gravatar.com\/avatar\/dabba4346fa9b9207d96adafa8f92721?s=96&d=mm&r=g","contentUrl":"https:\/\/secure.gravatar.com\/avatar\/dabba4346fa9b9207d96adafa8f92721?s=96&d=mm&r=g","caption":"Jordan Leandro Oviedo Anzola"},"url":"https:\/\/www.fiscalia.gov.co\/colombia\/author\/joviedo\/"}]}},"_links":{"self":[{"href":"https:\/\/www.fiscalia.gov.co\/colombia\/wp-json\/wp\/v2\/posts\/303334","targetHints":{"allow":["GET"]}}],"collection":[{"href":"https:\/\/www.fiscalia.gov.co\/colombia\/wp-json\/wp\/v2\/posts"}],"about":[{"href":"https:\/\/www.fiscalia.gov.co\/colombia\/wp-json\/wp\/v2\/types\/post"}],"author":[{"embeddable":true,"href":"https:\/\/www.fiscalia.gov.co\/colombia\/wp-json\/wp\/v2\/users\/177"}],"replies":[{"embeddable":true,"href":"https:\/\/www.fiscalia.gov.co\/colombia\/wp-json\/wp\/v2\/comments?post=303334"}],"version-history":[{"count":1,"href":"https:\/\/www.fiscalia.gov.co\/colombia\/wp-json\/wp\/v2\/posts\/303334\/revisions"}],"predecessor-version":[{"id":303336,"href":"https:\/\/www.fiscalia.gov.co\/colombia\/wp-json\/wp\/v2\/posts\/303334\/revisions\/303336"}],"wp:attachment":[{"href":"https:\/\/www.fiscalia.gov.co\/colombia\/wp-json\/wp\/v2\/media?parent=303334"}],"wp:term":[{"taxonomy":"category","embeddable":true,"href":"https:\/\/www.fiscalia.gov.co\/colombia\/wp-json\/wp\/v2\/categories?post=303334"},{"taxonomy":"post_tag","embeddable":true,"href":"https:\/\/www.fiscalia.gov.co\/colombia\/wp-json\/wp\/v2\/tags?post=303334"}],"curies":[{"name":"wp","href":"https:\/\/api.w.org\/{rel}","templated":true}]}}