{"id":303275,"date":"2024-10-07T14:42:18","date_gmt":"2024-10-07T19:42:18","guid":{"rendered":"https:\/\/www.fiscalia.gov.co\/colombia\/?p=303275"},"modified":"2024-10-07T14:42:18","modified_gmt":"2024-10-07T19:42:18","slug":"carcel-para-cuatro-presuntos-responsables-de-transportar-tonelada-y-media-de-cocaina-en-una-lancha-langostera","status":"publish","type":"post","link":"https:\/\/www.fiscalia.gov.co\/colombia\/noticias\/carcel-para-cuatro-presuntos-responsables-de-transportar-tonelada-y-media-de-cocaina-en-una-lancha-langostera\/","title":{"rendered":"C\u00e1rcel para cuatro presuntos responsables de transportar tonelada y media de coca\u00edna en una lancha langostera"},"content":{"rendered":"<p>Un fiscal de la Seccional Nari\u00f1o judicializ\u00f3 ante un juez penal con funci\u00f3n de control de garant\u00edas a<strong> cuatro presuntos coautores de transportar por aguas del pac\u00edfico, tonelada y media de coca\u00edna, en una lancha.<\/strong> Las acciones se concretaron durante un operativo de interdicci\u00f3n realizado por una Unidad de Reacci\u00f3n de la Estaci\u00f3n de Guardacostas de Tumaco.<\/p>\n<figure id=\"attachment_303276\" aria-describedby=\"caption-attachment-303276\" style=\"width: 696px\" class=\"wp-caption aligncenter\"><img loading=\"lazy\" decoding=\"async\" class=\"size-large wp-image-303276\" src=\"https:\/\/www.fiscalia.gov.co\/colombia\/wp-content\/uploads\/image-19-1024x884.png\" alt=\"en la fotograf\u00eda aparecen los cuatro imputados junto a dos infantes de la Armada Nacional. en la parte posterior est\u00e1 el cargamento de coca\u00edna incautado\" width=\"696\" height=\"601\" srcset=\"https:\/\/www.fiscalia.gov.co\/colombia\/wp-content\/uploads\/image-19-1024x884.png 1024w, https:\/\/www.fiscalia.gov.co\/colombia\/wp-content\/uploads\/image-19-300x259.png 300w, https:\/\/www.fiscalia.gov.co\/colombia\/wp-content\/uploads\/image-19-768x663.png 768w, https:\/\/www.fiscalia.gov.co\/colombia\/wp-content\/uploads\/image-19-486x420.png 486w, https:\/\/www.fiscalia.gov.co\/colombia\/wp-content\/uploads\/image-19-696x601.png 696w, https:\/\/www.fiscalia.gov.co\/colombia\/wp-content\/uploads\/image-19-534x462.png 534w, https:\/\/www.fiscalia.gov.co\/colombia\/wp-content\/uploads\/image-19.png 1042w\" sizes=\"auto, (max-width: 696px) 100vw, 696px\" \/><figcaption id=\"caption-attachment-303276\" class=\"wp-caption-text\">Los cuatro hombres fueron capturados en una lancha con m\u00e1s de una tonelada de coca\u00edna y enviados a la c\u00e1rcel<\/figcaption><\/figure>\n<p>Seg\u00fan la investigaci\u00f3n, los tripulantes desatendieron las se\u00f1ales de pare y habr\u00edan intentado huir de la Armada Nacional. <strong>Una vez interceptada en aguas territoriales la nave, los infantes hallaron en la embarcaci\u00f3n 55 bultos de colores que conten\u00edan paquetes rectangulares<\/strong>, embalados con pl\u00e1sticos de color negro y beige.<\/p>\n<p><strong>Los procesados fueron imputados con <a href=\"https:\/\/www.fiscalia.gov.co\/colombia\/noticias\/judicializados-presuntos-integrantes-de-una-organizacion-delictiva-senalada-de-utilizar-una-empresa-de-pinturas-para-desviar-insumos-quimicos-para-el-narcotrafico\/\">delitos de fabricaci\u00f3n, tr\u00e1fico y porte de estupefacientes relacionados con narcotr\u00e1fico.<\/a><\/strong> La embarcaci\u00f3n fue remolcada hasta el puerto de Tumaco donde personal del Cuerpo T\u00e9cnico de Investigaci\u00f3n (CTI) realiz\u00f3 la Prueba de Identificaci\u00f3n Preliminar Homologada (PIPH) que result\u00f3 positiva para coca\u00edna. <strong>El peso del cargamento ilegal alcanz\u00f3 los 1.640 kilos del alcaloide. Su valor se calcula en cerca de 55 millones de d\u00f3lares.<\/strong><\/p>\n<p>Los cuatro judicializados negaron su responsabilidad frente a los cargos en su contra. Los procesados fueron afectados con medida de aseguramiento en centro carcelario de Tumaco.<\/p>\n<p>&nbsp;<\/p>\n<p>&nbsp;<\/p>\n<p>&nbsp;<\/p>\n<p>&nbsp;<\/p>\n<p>&nbsp;<\/p>\n<p>JGPV\/JPGG\/DSN\/MAGA<\/p>\n<p>&nbsp;<\/p>\n<p>&nbsp;<\/p>\n<p>&nbsp;<\/p>\n<p>&nbsp;<\/p>\n<div class=\"td-post-content tagdiv-type\">\n<div class=\"td-post-content tagdiv-type\">\n<p><em>La informaci\u00f3n contenida en este bolet\u00edn de prensa corresponde a la narraci\u00f3n de los hechos noticiosos objetivos, suministrados por los funcionarios encargados de adelantar las investigaciones penales al interior de la Fiscal\u00eda General de la Naci\u00f3n. Para el momento de la divulgaci\u00f3n de este comunicado, la situaci\u00f3n jur\u00eddica de la(s) persona(s) relacionada(s) se encuentra pendiente de resolver por la autoridad judicial competente, siempre bajo los preceptos de la presunci\u00f3n de inocencia, consagrados en el art\u00edculo 29 de la Constituci\u00f3n Pol\u00edtica y el art\u00edculo 7\u00ba de la Ley 906 de 2004.<\/em><\/p>\n<\/div>\n<\/div>\n\n<div class=\"twitter-share\"><a href=\"https:\/\/twitter.com\/intent\/tweet?via=fiscaliacol\" class=\"twitter-share-button\">Tweet<\/a><\/div>\n","protected":false},"excerpt":{"rendered":"<p>Un fiscal de la Seccional Nari\u00f1o judicializ\u00f3 ante un juez penal con funci\u00f3n de control de garant\u00edas a cuatro presuntos coautores de transportar por aguas del pac\u00edfico, tonelada y media de coca\u00edna, en una lancha. Las acciones se concretaron durante un operativo de interdicci\u00f3n realizado por una Unidad de Reacci\u00f3n de la Estaci\u00f3n de Guardacostas [&hellip;]<\/p>\n","protected":false},"author":177,"featured_media":0,"comment_status":"closed","ping_status":"open","sticky":false,"template":"","format":"standard","meta":{"tdm_status":"","tdm_grid_status":"","footnotes":""},"categories":[1,334,303,24103],"tags":[19,37492,1047,148,25244,24037],"class_list":{"0":"post-303275","1":"post","2":"type-post","3":"status-publish","4":"format-standard","6":"category-noticias","7":"category-seccional-pasto","8":"category-seccionales","9":"category-trafico-de-estupefacientes","10":"tag-cocaina","11":"tag-fiscal-luz-adriana-camargo","12":"tag-fiscalia-general-de-la-nacion","13":"tag-narcotrafico","14":"tag-pacifico","15":"tag-tumaco-narino"},"yoast_head":"<!-- This site is optimized with the Yoast SEO plugin v24.3 - https:\/\/yoast.com\/wordpress\/plugins\/seo\/ -->\n<title>Fiscal\u00eda General de la Naci\u00f3n<\/title>\n<meta name=\"description\" content=\"P\u00e1gina oficial de la Fiscal\u00eda General de la Naci\u00f3n \u2013 Colombia. Garantizamos el acceso efectivo a la justicia, la verdad y la reparaci\u00f3n de las v\u00edctimas de los delitos.\" \/>\n<meta name=\"robots\" content=\"noindex, follow\" \/>\n<meta property=\"og:locale\" content=\"es_ES\" \/>\n<meta property=\"og:type\" content=\"article\" \/>\n<meta property=\"og:title\" content=\"Fiscal\u00eda General de la Naci\u00f3n\" \/>\n<meta property=\"og:description\" content=\"P\u00e1gina oficial de la Fiscal\u00eda General de la Naci\u00f3n \u2013 Colombia. Garantizamos el acceso efectivo a la justicia, la verdad y la reparaci\u00f3n de las v\u00edctimas de los delitos.\" \/>\n<meta property=\"og:url\" content=\"https:\/\/www.fiscalia.gov.co\/colombia\/noticias\/carcel-para-cuatro-presuntos-responsables-de-transportar-tonelada-y-media-de-cocaina-en-una-lancha-langostera\/\" \/>\n<meta property=\"og:site_name\" content=\"Fiscal\u00eda General de la Naci\u00f3n\" \/>\n<meta property=\"article:publisher\" content=\"https:\/\/www.facebook.com\/FiscaliaCol\" \/>\n<meta property=\"article:published_time\" content=\"2024-10-07T19:42:18+00:00\" \/>\n<meta property=\"og:image\" content=\"https:\/\/www.fiscalia.gov.co\/colombia\/wp-content\/uploads\/image-19-1024x884.png\" \/>\n<meta name=\"author\" content=\"Jordan Leandro Oviedo Anzola\" \/>\n<meta name=\"twitter:card\" content=\"summary_large_image\" \/>\n<meta name=\"twitter:creator\" content=\"@FiscaliaCol\" \/>\n<meta name=\"twitter:site\" content=\"@FiscaliaCol\" \/>\n<meta name=\"twitter:label1\" content=\"Escrito por\" \/>\n\t<meta name=\"twitter:data1\" content=\"Jordan Leandro Oviedo Anzola\" \/>\n\t<meta name=\"twitter:label2\" content=\"Tiempo de lectura\" \/>\n\t<meta name=\"twitter:data2\" content=\"2 minutos\" \/>\n<script type=\"application\/ld+json\" class=\"yoast-schema-graph\">{\"@context\":\"https:\/\/schema.org\",\"@graph\":[{\"@type\":\"Article\",\"@id\":\"https:\/\/www.fiscalia.gov.co\/colombia\/noticias\/carcel-para-cuatro-presuntos-responsables-de-transportar-tonelada-y-media-de-cocaina-en-una-lancha-langostera\/#article\",\"isPartOf\":{\"@id\":\"https:\/\/www.fiscalia.gov.co\/colombia\/noticias\/carcel-para-cuatro-presuntos-responsables-de-transportar-tonelada-y-media-de-cocaina-en-una-lancha-langostera\/\"},\"author\":{\"name\":\"Jordan Leandro Oviedo Anzola\",\"@id\":\"https:\/\/www.fiscalia.gov.co\/colombia\/#\/schema\/person\/bf84402cf293a5393e9c70b111020b24\"},\"headline\":\"C\u00e1rcel para cuatro presuntos responsables de transportar tonelada y media de coca\u00edna en una lancha langostera\",\"datePublished\":\"2024-10-07T19:42:18+00:00\",\"dateModified\":\"2024-10-07T19:42:18+00:00\",\"mainEntityOfPage\":{\"@id\":\"https:\/\/www.fiscalia.gov.co\/colombia\/noticias\/carcel-para-cuatro-presuntos-responsables-de-transportar-tonelada-y-media-de-cocaina-en-una-lancha-langostera\/\"},\"wordCount\":383,\"publisher\":{\"@id\":\"https:\/\/www.fiscalia.gov.co\/colombia\/#organization\"},\"image\":{\"@id\":\"https:\/\/www.fiscalia.gov.co\/colombia\/noticias\/carcel-para-cuatro-presuntos-responsables-de-transportar-tonelada-y-media-de-cocaina-en-una-lancha-langostera\/#primaryimage\"},\"thumbnailUrl\":\"https:\/\/www.fiscalia.gov.co\/colombia\/wp-content\/uploads\/image-19-1024x884.png\",\"keywords\":[\"Coca\u00edna\",\"Fiscal Luz Adriana Camargo\",\"Fiscal\u00eda General de la Naci\u00f3n\",\"Narcotr\u00e1fico\",\"Pac\u00edfico\",\"Tumaco (Nari\u00f1o)\"],\"articleSection\":[\"Noticias\",\"Seccional Pasto\",\"Seccionales\",\"Tr\u00e1fico de estupefacientes\"],\"inLanguage\":\"es-CO\"},{\"@type\":\"WebPage\",\"@id\":\"https:\/\/www.fiscalia.gov.co\/colombia\/noticias\/carcel-para-cuatro-presuntos-responsables-de-transportar-tonelada-y-media-de-cocaina-en-una-lancha-langostera\/\",\"url\":\"https:\/\/www.fiscalia.gov.co\/colombia\/noticias\/carcel-para-cuatro-presuntos-responsables-de-transportar-tonelada-y-media-de-cocaina-en-una-lancha-langostera\/\",\"name\":\"Fiscal\u00eda General de la Naci\u00f3n\",\"isPartOf\":{\"@id\":\"https:\/\/www.fiscalia.gov.co\/colombia\/#website\"},\"primaryImageOfPage\":{\"@id\":\"https:\/\/www.fiscalia.gov.co\/colombia\/noticias\/carcel-para-cuatro-presuntos-responsables-de-transportar-tonelada-y-media-de-cocaina-en-una-lancha-langostera\/#primaryimage\"},\"image\":{\"@id\":\"https:\/\/www.fiscalia.gov.co\/colombia\/noticias\/carcel-para-cuatro-presuntos-responsables-de-transportar-tonelada-y-media-de-cocaina-en-una-lancha-langostera\/#primaryimage\"},\"thumbnailUrl\":\"https:\/\/www.fiscalia.gov.co\/colombia\/wp-content\/uploads\/image-19-1024x884.png\",\"datePublished\":\"2024-10-07T19:42:18+00:00\",\"dateModified\":\"2024-10-07T19:42:18+00:00\",\"description\":\"P\u00e1gina oficial de la Fiscal\u00eda General de la Naci\u00f3n \u2013 Colombia. Garantizamos el acceso efectivo a la justicia, la verdad y la reparaci\u00f3n de las v\u00edctimas de los delitos.\",\"breadcrumb\":{\"@id\":\"https:\/\/www.fiscalia.gov.co\/colombia\/noticias\/carcel-para-cuatro-presuntos-responsables-de-transportar-tonelada-y-media-de-cocaina-en-una-lancha-langostera\/#breadcrumb\"},\"inLanguage\":\"es-CO\",\"potentialAction\":[{\"@type\":\"ReadAction\",\"target\":[\"https:\/\/www.fiscalia.gov.co\/colombia\/noticias\/carcel-para-cuatro-presuntos-responsables-de-transportar-tonelada-y-media-de-cocaina-en-una-lancha-langostera\/\"]}]},{\"@type\":\"ImageObject\",\"inLanguage\":\"es-CO\",\"@id\":\"https:\/\/www.fiscalia.gov.co\/colombia\/noticias\/carcel-para-cuatro-presuntos-responsables-de-transportar-tonelada-y-media-de-cocaina-en-una-lancha-langostera\/#primaryimage\",\"url\":\"https:\/\/www.fiscalia.gov.co\/colombia\/wp-content\/uploads\/image-19.png\",\"contentUrl\":\"https:\/\/www.fiscalia.gov.co\/colombia\/wp-content\/uploads\/image-19.png\",\"width\":1042,\"height\":900,\"caption\":\"Los cuatro hombres fueron capturados en una lancha con m\u00e1s de una tonelada de coca\u00edna y enviados a la c\u00e1rcel\"},{\"@type\":\"BreadcrumbList\",\"@id\":\"https:\/\/www.fiscalia.gov.co\/colombia\/noticias\/carcel-para-cuatro-presuntos-responsables-de-transportar-tonelada-y-media-de-cocaina-en-una-lancha-langostera\/#breadcrumb\",\"itemListElement\":[{\"@type\":\"ListItem\",\"position\":1,\"name\":\"Home\",\"item\":\"https:\/\/www.fiscalia.gov.co\/colombia\/\"},{\"@type\":\"ListItem\",\"position\":2,\"name\":\"C\u00e1rcel para cuatro presuntos responsables de transportar tonelada y media de coca\u00edna en una lancha langostera\"}]},{\"@type\":\"WebSite\",\"@id\":\"https:\/\/www.fiscalia.gov.co\/colombia\/#website\",\"url\":\"https:\/\/www.fiscalia.gov.co\/colombia\/\",\"name\":\"Fiscal\u00eda General de la Naci\u00f3n\",\"description\":\"P\u00e1gina oficial de la Fiscal\u00eda General de la Naci\u00f3n \u2013 Colombia. Garantizamos el acceso efectivo a la justicia, la verdad y la reparaci\u00f3n de las v\u00edctimas de los delitos.\",\"publisher\":{\"@id\":\"https:\/\/www.fiscalia.gov.co\/colombia\/#organization\"},\"potentialAction\":[{\"@type\":\"SearchAction\",\"target\":{\"@type\":\"EntryPoint\",\"urlTemplate\":\"https:\/\/www.fiscalia.gov.co\/colombia\/?s={search_term_string}\"},\"query-input\":{\"@type\":\"PropertyValueSpecification\",\"valueRequired\":true,\"valueName\":\"search_term_string\"}}],\"inLanguage\":\"es-CO\"},{\"@type\":\"Organization\",\"@id\":\"https:\/\/www.fiscalia.gov.co\/colombia\/#organization\",\"name\":\"Fiscal\u00eda General de la Naci\u00f3n\",\"url\":\"https:\/\/www.fiscalia.gov.co\/colombia\/\",\"logo\":{\"@type\":\"ImageObject\",\"inLanguage\":\"es-CO\",\"@id\":\"https:\/\/www.fiscalia.gov.co\/colombia\/#\/schema\/logo\/image\/\",\"url\":\"https:\/\/www.fiscalia.gov.co\/colombia\/wp-content\/uploads\/LogoHorizontal_1.jpg\",\"contentUrl\":\"https:\/\/www.fiscalia.gov.co\/colombia\/wp-content\/uploads\/LogoHorizontal_1.jpg\",\"width\":300,\"height\":90,\"caption\":\"Fiscal\u00eda General de la Naci\u00f3n\"},\"image\":{\"@id\":\"https:\/\/www.fiscalia.gov.co\/colombia\/#\/schema\/logo\/image\/\"},\"sameAs\":[\"https:\/\/www.facebook.com\/FiscaliaCol\",\"https:\/\/x.com\/FiscaliaCol\",\"https:\/\/www.instagram.com\/fiscaliacol\",\"https:\/\/www.linkedin.com\/company\/fiscalia-general-de-la-naci-n\/\",\"https:\/\/youtube.com\/@fiscaliageneraldelanacion-4668?si=6nN79nyQICPU5iTh\"]},{\"@type\":\"Person\",\"@id\":\"https:\/\/www.fiscalia.gov.co\/colombia\/#\/schema\/person\/bf84402cf293a5393e9c70b111020b24\",\"name\":\"Jordan Leandro Oviedo Anzola\",\"image\":{\"@type\":\"ImageObject\",\"inLanguage\":\"es-CO\",\"@id\":\"https:\/\/www.fiscalia.gov.co\/colombia\/#\/schema\/person\/image\/\",\"url\":\"https:\/\/secure.gravatar.com\/avatar\/dabba4346fa9b9207d96adafa8f92721?s=96&d=mm&r=g\",\"contentUrl\":\"https:\/\/secure.gravatar.com\/avatar\/dabba4346fa9b9207d96adafa8f92721?s=96&d=mm&r=g\",\"caption\":\"Jordan Leandro Oviedo Anzola\"},\"url\":\"https:\/\/www.fiscalia.gov.co\/colombia\/author\/joviedo\/\"}]}<\/script>\n<!-- \/ Yoast SEO plugin. -->","yoast_head_json":{"title":"Fiscal\u00eda General de la Naci\u00f3n","description":"P\u00e1gina oficial de la Fiscal\u00eda General de la Naci\u00f3n \u2013 Colombia. Garantizamos el acceso efectivo a la justicia, la verdad y la reparaci\u00f3n de las v\u00edctimas de los delitos.","robots":{"index":"noindex","follow":"follow"},"og_locale":"es_ES","og_type":"article","og_title":"Fiscal\u00eda General de la Naci\u00f3n","og_description":"P\u00e1gina oficial de la Fiscal\u00eda General de la Naci\u00f3n \u2013 Colombia. Garantizamos el acceso efectivo a la justicia, la verdad y la reparaci\u00f3n de las v\u00edctimas de los delitos.","og_url":"https:\/\/www.fiscalia.gov.co\/colombia\/noticias\/carcel-para-cuatro-presuntos-responsables-de-transportar-tonelada-y-media-de-cocaina-en-una-lancha-langostera\/","og_site_name":"Fiscal\u00eda General de la Naci\u00f3n","article_publisher":"https:\/\/www.facebook.com\/FiscaliaCol","article_published_time":"2024-10-07T19:42:18+00:00","og_image":[{"url":"https:\/\/www.fiscalia.gov.co\/colombia\/wp-content\/uploads\/image-19-1024x884.png","type":"","width":"","height":""}],"author":"Jordan Leandro Oviedo Anzola","twitter_card":"summary_large_image","twitter_creator":"@FiscaliaCol","twitter_site":"@FiscaliaCol","twitter_misc":{"Escrito por":"Jordan Leandro Oviedo Anzola","Tiempo de lectura":"2 minutos"},"schema":{"@context":"https:\/\/schema.org","@graph":[{"@type":"Article","@id":"https:\/\/www.fiscalia.gov.co\/colombia\/noticias\/carcel-para-cuatro-presuntos-responsables-de-transportar-tonelada-y-media-de-cocaina-en-una-lancha-langostera\/#article","isPartOf":{"@id":"https:\/\/www.fiscalia.gov.co\/colombia\/noticias\/carcel-para-cuatro-presuntos-responsables-de-transportar-tonelada-y-media-de-cocaina-en-una-lancha-langostera\/"},"author":{"name":"Jordan Leandro Oviedo Anzola","@id":"https:\/\/www.fiscalia.gov.co\/colombia\/#\/schema\/person\/bf84402cf293a5393e9c70b111020b24"},"headline":"C\u00e1rcel para cuatro presuntos responsables de transportar tonelada y media de coca\u00edna en una lancha langostera","datePublished":"2024-10-07T19:42:18+00:00","dateModified":"2024-10-07T19:42:18+00:00","mainEntityOfPage":{"@id":"https:\/\/www.fiscalia.gov.co\/colombia\/noticias\/carcel-para-cuatro-presuntos-responsables-de-transportar-tonelada-y-media-de-cocaina-en-una-lancha-langostera\/"},"wordCount":383,"publisher":{"@id":"https:\/\/www.fiscalia.gov.co\/colombia\/#organization"},"image":{"@id":"https:\/\/www.fiscalia.gov.co\/colombia\/noticias\/carcel-para-cuatro-presuntos-responsables-de-transportar-tonelada-y-media-de-cocaina-en-una-lancha-langostera\/#primaryimage"},"thumbnailUrl":"https:\/\/www.fiscalia.gov.co\/colombia\/wp-content\/uploads\/image-19-1024x884.png","keywords":["Coca\u00edna","Fiscal Luz Adriana Camargo","Fiscal\u00eda General de la Naci\u00f3n","Narcotr\u00e1fico","Pac\u00edfico","Tumaco (Nari\u00f1o)"],"articleSection":["Noticias","Seccional Pasto","Seccionales","Tr\u00e1fico de estupefacientes"],"inLanguage":"es-CO"},{"@type":"WebPage","@id":"https:\/\/www.fiscalia.gov.co\/colombia\/noticias\/carcel-para-cuatro-presuntos-responsables-de-transportar-tonelada-y-media-de-cocaina-en-una-lancha-langostera\/","url":"https:\/\/www.fiscalia.gov.co\/colombia\/noticias\/carcel-para-cuatro-presuntos-responsables-de-transportar-tonelada-y-media-de-cocaina-en-una-lancha-langostera\/","name":"Fiscal\u00eda General de la Naci\u00f3n","isPartOf":{"@id":"https:\/\/www.fiscalia.gov.co\/colombia\/#website"},"primaryImageOfPage":{"@id":"https:\/\/www.fiscalia.gov.co\/colombia\/noticias\/carcel-para-cuatro-presuntos-responsables-de-transportar-tonelada-y-media-de-cocaina-en-una-lancha-langostera\/#primaryimage"},"image":{"@id":"https:\/\/www.fiscalia.gov.co\/colombia\/noticias\/carcel-para-cuatro-presuntos-responsables-de-transportar-tonelada-y-media-de-cocaina-en-una-lancha-langostera\/#primaryimage"},"thumbnailUrl":"https:\/\/www.fiscalia.gov.co\/colombia\/wp-content\/uploads\/image-19-1024x884.png","datePublished":"2024-10-07T19:42:18+00:00","dateModified":"2024-10-07T19:42:18+00:00","description":"P\u00e1gina oficial de la Fiscal\u00eda General de la Naci\u00f3n \u2013 Colombia. Garantizamos el acceso efectivo a la justicia, la verdad y la reparaci\u00f3n de las v\u00edctimas de los delitos.","breadcrumb":{"@id":"https:\/\/www.fiscalia.gov.co\/colombia\/noticias\/carcel-para-cuatro-presuntos-responsables-de-transportar-tonelada-y-media-de-cocaina-en-una-lancha-langostera\/#breadcrumb"},"inLanguage":"es-CO","potentialAction":[{"@type":"ReadAction","target":["https:\/\/www.fiscalia.gov.co\/colombia\/noticias\/carcel-para-cuatro-presuntos-responsables-de-transportar-tonelada-y-media-de-cocaina-en-una-lancha-langostera\/"]}]},{"@type":"ImageObject","inLanguage":"es-CO","@id":"https:\/\/www.fiscalia.gov.co\/colombia\/noticias\/carcel-para-cuatro-presuntos-responsables-de-transportar-tonelada-y-media-de-cocaina-en-una-lancha-langostera\/#primaryimage","url":"https:\/\/www.fiscalia.gov.co\/colombia\/wp-content\/uploads\/image-19.png","contentUrl":"https:\/\/www.fiscalia.gov.co\/colombia\/wp-content\/uploads\/image-19.png","width":1042,"height":900,"caption":"Los cuatro hombres fueron capturados en una lancha con m\u00e1s de una tonelada de coca\u00edna y enviados a la c\u00e1rcel"},{"@type":"BreadcrumbList","@id":"https:\/\/www.fiscalia.gov.co\/colombia\/noticias\/carcel-para-cuatro-presuntos-responsables-de-transportar-tonelada-y-media-de-cocaina-en-una-lancha-langostera\/#breadcrumb","itemListElement":[{"@type":"ListItem","position":1,"name":"Home","item":"https:\/\/www.fiscalia.gov.co\/colombia\/"},{"@type":"ListItem","position":2,"name":"C\u00e1rcel para cuatro presuntos responsables de transportar tonelada y media de coca\u00edna en una lancha langostera"}]},{"@type":"WebSite","@id":"https:\/\/www.fiscalia.gov.co\/colombia\/#website","url":"https:\/\/www.fiscalia.gov.co\/colombia\/","name":"Fiscal\u00eda General de la Naci\u00f3n","description":"P\u00e1gina oficial de la Fiscal\u00eda General de la Naci\u00f3n \u2013 Colombia. Garantizamos el acceso efectivo a la justicia, la verdad y la reparaci\u00f3n de las v\u00edctimas de los delitos.","publisher":{"@id":"https:\/\/www.fiscalia.gov.co\/colombia\/#organization"},"potentialAction":[{"@type":"SearchAction","target":{"@type":"EntryPoint","urlTemplate":"https:\/\/www.fiscalia.gov.co\/colombia\/?s={search_term_string}"},"query-input":{"@type":"PropertyValueSpecification","valueRequired":true,"valueName":"search_term_string"}}],"inLanguage":"es-CO"},{"@type":"Organization","@id":"https:\/\/www.fiscalia.gov.co\/colombia\/#organization","name":"Fiscal\u00eda General de la Naci\u00f3n","url":"https:\/\/www.fiscalia.gov.co\/colombia\/","logo":{"@type":"ImageObject","inLanguage":"es-CO","@id":"https:\/\/www.fiscalia.gov.co\/colombia\/#\/schema\/logo\/image\/","url":"https:\/\/www.fiscalia.gov.co\/colombia\/wp-content\/uploads\/LogoHorizontal_1.jpg","contentUrl":"https:\/\/www.fiscalia.gov.co\/colombia\/wp-content\/uploads\/LogoHorizontal_1.jpg","width":300,"height":90,"caption":"Fiscal\u00eda General de la Naci\u00f3n"},"image":{"@id":"https:\/\/www.fiscalia.gov.co\/colombia\/#\/schema\/logo\/image\/"},"sameAs":["https:\/\/www.facebook.com\/FiscaliaCol","https:\/\/x.com\/FiscaliaCol","https:\/\/www.instagram.com\/fiscaliacol","https:\/\/www.linkedin.com\/company\/fiscalia-general-de-la-naci-n\/","https:\/\/youtube.com\/@fiscaliageneraldelanacion-4668?si=6nN79nyQICPU5iTh"]},{"@type":"Person","@id":"https:\/\/www.fiscalia.gov.co\/colombia\/#\/schema\/person\/bf84402cf293a5393e9c70b111020b24","name":"Jordan Leandro Oviedo Anzola","image":{"@type":"ImageObject","inLanguage":"es-CO","@id":"https:\/\/www.fiscalia.gov.co\/colombia\/#\/schema\/person\/image\/","url":"https:\/\/secure.gravatar.com\/avatar\/dabba4346fa9b9207d96adafa8f92721?s=96&d=mm&r=g","contentUrl":"https:\/\/secure.gravatar.com\/avatar\/dabba4346fa9b9207d96adafa8f92721?s=96&d=mm&r=g","caption":"Jordan Leandro Oviedo Anzola"},"url":"https:\/\/www.fiscalia.gov.co\/colombia\/author\/joviedo\/"}]}},"_links":{"self":[{"href":"https:\/\/www.fiscalia.gov.co\/colombia\/wp-json\/wp\/v2\/posts\/303275","targetHints":{"allow":["GET"]}}],"collection":[{"href":"https:\/\/www.fiscalia.gov.co\/colombia\/wp-json\/wp\/v2\/posts"}],"about":[{"href":"https:\/\/www.fiscalia.gov.co\/colombia\/wp-json\/wp\/v2\/types\/post"}],"author":[{"embeddable":true,"href":"https:\/\/www.fiscalia.gov.co\/colombia\/wp-json\/wp\/v2\/users\/177"}],"replies":[{"embeddable":true,"href":"https:\/\/www.fiscalia.gov.co\/colombia\/wp-json\/wp\/v2\/comments?post=303275"}],"version-history":[{"count":1,"href":"https:\/\/www.fiscalia.gov.co\/colombia\/wp-json\/wp\/v2\/posts\/303275\/revisions"}],"predecessor-version":[{"id":303277,"href":"https:\/\/www.fiscalia.gov.co\/colombia\/wp-json\/wp\/v2\/posts\/303275\/revisions\/303277"}],"wp:attachment":[{"href":"https:\/\/www.fiscalia.gov.co\/colombia\/wp-json\/wp\/v2\/media?parent=303275"}],"wp:term":[{"taxonomy":"category","embeddable":true,"href":"https:\/\/www.fiscalia.gov.co\/colombia\/wp-json\/wp\/v2\/categories?post=303275"},{"taxonomy":"post_tag","embeddable":true,"href":"https:\/\/www.fiscalia.gov.co\/colombia\/wp-json\/wp\/v2\/tags?post=303275"}],"curies":[{"name":"wp","href":"https:\/\/api.w.org\/{rel}","templated":true}]}}