{"id":303207,"date":"2024-10-05T08:03:23","date_gmt":"2024-10-05T13:03:23","guid":{"rendered":"https:\/\/www.fiscalia.gov.co\/colombia\/?p=303207"},"modified":"2024-10-05T08:03:23","modified_gmt":"2024-10-05T13:03:23","slug":"capturado-para-cumplir-condena-uno-de-los-involucrados-en-el-crimen-del-vicepresidente-de-la-cut-jorge-ortega-garcia","status":"publish","type":"post","link":"https:\/\/www.fiscalia.gov.co\/colombia\/noticias\/capturado-para-cumplir-condena-uno-de-los-involucrados-en-el-crimen-del-vicepresidente-de-la-cut-jorge-ortega-garcia\/","title":{"rendered":"Capturado para cumplir condena uno de los involucrados en el crimen del vicepresidente de la CUT, Jorge Ortega Garc\u00eda"},"content":{"rendered":"<h4 style=\"text-align: center;\"><em><strong>El hombre fue sentenciado a 27 a\u00f1os de prisi\u00f3n, en 2006; sin embargo, durante casi dos d\u00e9cadas evadi\u00f3 la acci\u00f3n de la justicia suplantando la identidad de un familiar. Luego de varias actividades investigativas, funcionarios del CTI lo ubicaron y pusieron al descubierto.<\/strong> <\/em><\/h4>\n<p>En v\u00eda p\u00fablica de la localidad Rafael Uribe Uribe, en el sur de Bogot\u00e1, personal del Cuerpo T\u00e9cnico de Investigaci\u00f3n (CTI) captur\u00f3 a Edgar Armando Daza D\u00edaz, un exintegrante de la Polic\u00eda Nacional<strong> condenado a 27 a\u00f1os de prisi\u00f3n por el crimen del vicepresidente de la Central Unitaria de Trabajadores (CUT), Jorge Luis Ortega Garc\u00eda, ocurrido el 20 de octubre de 1998.<\/strong><\/p>\n<p>El Juzgado Quinto Penal Especializado de Bogot\u00e1, en decisi\u00f3n del 10 de febrero de 2006, declar\u00f3 a esta persona<a href=\"https:\/\/www.fiscalia.gov.co\/colombia\/noticias\/a-la-carcel-hombre-que-habria-participado-en-el-homicidio-de-tres-lideres-sociales-en-tolima\/\"><strong> responsable del delito de homicidio agravado<\/strong>.<\/a> Adicionalmente, dispuso su captura inmediata para hacer efectiva la pena, en el entendido de que se encontraba en libertad.<\/p>\n<p>Daza D\u00edaz durante casi dos d\u00e9cadas evadi\u00f3 la acci\u00f3n de la justicia. Los grupos de polic\u00eda judicial y dem\u00e1s autoridades no daban con su ubicaci\u00f3n. <strong>Finalmente, funcionarios del CTI obtuvieron detalles de las maniobras il\u00edcitas a las que habr\u00eda recurrido para pasar desapercibido.<\/strong> De esta manera, lo localizaron e hicieron efectiva la orden de captura en su contra.<\/p>\n<p>Durante el procedimiento los investigadores le encontraron una c\u00e9dula de ciudadan\u00eda original, que ten\u00eda los datos de un familiar.<strong> Es decir, estar\u00eda suplantado la identidad de otra persona para eludir la condena.<\/strong><\/p>\n<p>Fiscales de la Direcci\u00f3n Especializada contra las Violaciones a los Derechos Humanos obtuvieron pruebas en su momento para acreditar que Edgar Armando Daza D\u00edaz vigil\u00f3 y realiz\u00f3 seguimientos<strong><a href=\"https:\/\/www.fiscalia.gov.co\/colombia\/noticias\/condenado-alias-cucaracho-por-el-homicidio-de-un-lider-social-de-las-comunidades-negras-de-colombia\/\"> al l\u00edder sindical<\/a>, para alertar sobre sus rutinas y as\u00ed definir el lugar y momento exacto en el que deb\u00eda perpetrarse el crimen.<\/strong> Con esa informaci\u00f3n, la v\u00edctima fue interceptada en el conjunto residencial en el que viv\u00eda, en el sur de Bogot\u00e1, y atacada con arma de fuego.<\/p>\n<p>&nbsp;<\/p>\n<p>&nbsp;<\/p>\n<p>&nbsp;<\/p>\n<p>&nbsp;<\/p>\n<p>&nbsp;<\/p>\n<p>MARA\/JARG\/EYNL\/DDH<\/p>\n<p>&nbsp;<\/p>\n<p>&nbsp;<\/p>\n<p>&nbsp;<\/p>\n<div class=\"td-post-content tagdiv-type\">\n<p><em>La informaci\u00f3n contenida en este bolet\u00edn de prensa corresponde a la narraci\u00f3n de los hechos noticiosos objetivos, suministrados por los funcionarios encargados de adelantar las investigaciones penales al interior de la Fiscal\u00eda General de la Naci\u00f3n. Para el momento de la divulgaci\u00f3n de este comunicado, la situaci\u00f3n jur\u00eddica de la(s) persona(s) relacionada(s) se encuentra pendiente de resolver por la autoridad judicial competente, siempre bajo los preceptos de la presunci\u00f3n de inocencia, consagrados en el art\u00edculo 29 de la Constituci\u00f3n Pol\u00edtica y el art\u00edculo 7\u00ba de la Ley 906 de 2004.<\/em><\/p>\n<\/div>\n\n<div class=\"twitter-share\"><a href=\"https:\/\/twitter.com\/intent\/tweet?via=fiscaliacol\" class=\"twitter-share-button\">Tweet<\/a><\/div>\n","protected":false},"excerpt":{"rendered":"<p>El hombre fue sentenciado a 27 a\u00f1os de prisi\u00f3n, en 2006; sin embargo, durante casi dos d\u00e9cadas evadi\u00f3 la acci\u00f3n de la justicia suplantando la identidad de un familiar. Luego [&hellip;]<\/p>\n","protected":false},"author":177,"featured_media":0,"comment_status":"closed","ping_status":"open","sticky":false,"template":"","format":"standard","meta":{"tdm_status":"","tdm_grid_status":"","footnotes":""},"categories":[24102,1],"tags":[38767,38766,1050,37492,1047,686],"class_list":["post-303207","post","type-post","status-publish","format-standard","category-derechos-humanos","category-noticias","tag-central-unitaria-de-trabajadores","tag-cut","tag-derechoa-humanos","tag-fiscal-luz-adriana-camargo","tag-fiscalia-general-de-la-nacion","tag-homicidio-agravado"],"yoast_head":"<!-- This site is optimized with the Yoast SEO plugin v24.3 - https:\/\/yoast.com\/wordpress\/plugins\/seo\/ -->\n<title>Fiscal\u00eda General de la Naci\u00f3n<\/title>\n<meta name=\"description\" content=\"P\u00e1gina oficial de la Fiscal\u00eda General de la Naci\u00f3n \u2013 Colombia. Garantizamos el acceso efectivo a la justicia, la verdad y la reparaci\u00f3n de las v\u00edctimas de los delitos.\" \/>\n<meta name=\"robots\" content=\"noindex, follow\" \/>\n<meta property=\"og:locale\" content=\"es_ES\" \/>\n<meta property=\"og:type\" content=\"article\" \/>\n<meta property=\"og:title\" content=\"Fiscal\u00eda General de la Naci\u00f3n\" \/>\n<meta property=\"og:description\" content=\"P\u00e1gina oficial de la Fiscal\u00eda General de la Naci\u00f3n \u2013 Colombia. Garantizamos el acceso efectivo a la justicia, la verdad y la reparaci\u00f3n de las v\u00edctimas de los delitos.\" \/>\n<meta property=\"og:url\" content=\"https:\/\/www.fiscalia.gov.co\/colombia\/noticias\/capturado-para-cumplir-condena-uno-de-los-involucrados-en-el-crimen-del-vicepresidente-de-la-cut-jorge-ortega-garcia\/\" \/>\n<meta property=\"og:site_name\" content=\"Fiscal\u00eda General de la Naci\u00f3n\" \/>\n<meta property=\"article:publisher\" content=\"https:\/\/www.facebook.com\/FiscaliaCol\" \/>\n<meta property=\"article:published_time\" content=\"2024-10-05T13:03:23+00:00\" \/>\n<meta name=\"author\" content=\"Jordan Leandro Oviedo Anzola\" \/>\n<meta name=\"twitter:card\" content=\"summary_large_image\" \/>\n<meta name=\"twitter:creator\" content=\"@FiscaliaCol\" \/>\n<meta name=\"twitter:site\" content=\"@FiscaliaCol\" \/>\n<meta name=\"twitter:label1\" content=\"Escrito por\" \/>\n\t<meta name=\"twitter:data1\" content=\"Jordan Leandro Oviedo Anzola\" \/>\n\t<meta name=\"twitter:label2\" content=\"Tiempo de lectura\" \/>\n\t<meta name=\"twitter:data2\" content=\"2 minutos\" \/>\n<script type=\"application\/ld+json\" class=\"yoast-schema-graph\">{\"@context\":\"https:\/\/schema.org\",\"@graph\":[{\"@type\":\"Article\",\"@id\":\"https:\/\/www.fiscalia.gov.co\/colombia\/noticias\/capturado-para-cumplir-condena-uno-de-los-involucrados-en-el-crimen-del-vicepresidente-de-la-cut-jorge-ortega-garcia\/#article\",\"isPartOf\":{\"@id\":\"https:\/\/www.fiscalia.gov.co\/colombia\/noticias\/capturado-para-cumplir-condena-uno-de-los-involucrados-en-el-crimen-del-vicepresidente-de-la-cut-jorge-ortega-garcia\/\"},\"author\":{\"name\":\"Jordan Leandro Oviedo Anzola\",\"@id\":\"https:\/\/www.fiscalia.gov.co\/colombia\/#\/schema\/person\/bf84402cf293a5393e9c70b111020b24\"},\"headline\":\"Capturado para cumplir condena uno de los involucrados en el crimen del vicepresidente de la CUT, Jorge Ortega Garc\u00eda\",\"datePublished\":\"2024-10-05T13:03:23+00:00\",\"dateModified\":\"2024-10-05T13:03:23+00:00\",\"mainEntityOfPage\":{\"@id\":\"https:\/\/www.fiscalia.gov.co\/colombia\/noticias\/capturado-para-cumplir-condena-uno-de-los-involucrados-en-el-crimen-del-vicepresidente-de-la-cut-jorge-ortega-garcia\/\"},\"wordCount\":476,\"publisher\":{\"@id\":\"https:\/\/www.fiscalia.gov.co\/colombia\/#organization\"},\"keywords\":[\"Central Unitaria de Trabajadores\",\"CUT\",\"Derechos Humanos\",\"Fiscal Luz Adriana Camargo\",\"Fiscal\u00eda General de la Naci\u00f3n\",\"Homicidio agravado\"],\"articleSection\":[\"Derechos Humanos\",\"Noticias\"],\"inLanguage\":\"es-CO\"},{\"@type\":\"WebPage\",\"@id\":\"https:\/\/www.fiscalia.gov.co\/colombia\/noticias\/capturado-para-cumplir-condena-uno-de-los-involucrados-en-el-crimen-del-vicepresidente-de-la-cut-jorge-ortega-garcia\/\",\"url\":\"https:\/\/www.fiscalia.gov.co\/colombia\/noticias\/capturado-para-cumplir-condena-uno-de-los-involucrados-en-el-crimen-del-vicepresidente-de-la-cut-jorge-ortega-garcia\/\",\"name\":\"Fiscal\u00eda General de la Naci\u00f3n\",\"isPartOf\":{\"@id\":\"https:\/\/www.fiscalia.gov.co\/colombia\/#website\"},\"datePublished\":\"2024-10-05T13:03:23+00:00\",\"dateModified\":\"2024-10-05T13:03:23+00:00\",\"description\":\"P\u00e1gina oficial de la Fiscal\u00eda General de la Naci\u00f3n \u2013 Colombia. Garantizamos el acceso efectivo a la justicia, la verdad y la reparaci\u00f3n de las v\u00edctimas de los delitos.\",\"breadcrumb\":{\"@id\":\"https:\/\/www.fiscalia.gov.co\/colombia\/noticias\/capturado-para-cumplir-condena-uno-de-los-involucrados-en-el-crimen-del-vicepresidente-de-la-cut-jorge-ortega-garcia\/#breadcrumb\"},\"inLanguage\":\"es-CO\",\"potentialAction\":[{\"@type\":\"ReadAction\",\"target\":[\"https:\/\/www.fiscalia.gov.co\/colombia\/noticias\/capturado-para-cumplir-condena-uno-de-los-involucrados-en-el-crimen-del-vicepresidente-de-la-cut-jorge-ortega-garcia\/\"]}]},{\"@type\":\"BreadcrumbList\",\"@id\":\"https:\/\/www.fiscalia.gov.co\/colombia\/noticias\/capturado-para-cumplir-condena-uno-de-los-involucrados-en-el-crimen-del-vicepresidente-de-la-cut-jorge-ortega-garcia\/#breadcrumb\",\"itemListElement\":[{\"@type\":\"ListItem\",\"position\":1,\"name\":\"Home\",\"item\":\"https:\/\/www.fiscalia.gov.co\/colombia\/\"},{\"@type\":\"ListItem\",\"position\":2,\"name\":\"Capturado para cumplir condena uno de los involucrados en el crimen del vicepresidente de la CUT, Jorge Ortega Garc\u00eda\"}]},{\"@type\":\"WebSite\",\"@id\":\"https:\/\/www.fiscalia.gov.co\/colombia\/#website\",\"url\":\"https:\/\/www.fiscalia.gov.co\/colombia\/\",\"name\":\"Fiscal\u00eda General de la Naci\u00f3n\",\"description\":\"P\u00e1gina oficial de la Fiscal\u00eda General de la Naci\u00f3n \u2013 Colombia. Garantizamos el acceso efectivo a la justicia, la verdad y la reparaci\u00f3n de las v\u00edctimas de los delitos.\",\"publisher\":{\"@id\":\"https:\/\/www.fiscalia.gov.co\/colombia\/#organization\"},\"potentialAction\":[{\"@type\":\"SearchAction\",\"target\":{\"@type\":\"EntryPoint\",\"urlTemplate\":\"https:\/\/www.fiscalia.gov.co\/colombia\/?s={search_term_string}\"},\"query-input\":{\"@type\":\"PropertyValueSpecification\",\"valueRequired\":true,\"valueName\":\"search_term_string\"}}],\"inLanguage\":\"es-CO\"},{\"@type\":\"Organization\",\"@id\":\"https:\/\/www.fiscalia.gov.co\/colombia\/#organization\",\"name\":\"Fiscal\u00eda General de la Naci\u00f3n\",\"url\":\"https:\/\/www.fiscalia.gov.co\/colombia\/\",\"logo\":{\"@type\":\"ImageObject\",\"inLanguage\":\"es-CO\",\"@id\":\"https:\/\/www.fiscalia.gov.co\/colombia\/#\/schema\/logo\/image\/\",\"url\":\"https:\/\/www.fiscalia.gov.co\/colombia\/wp-content\/uploads\/LogoHorizontal_1.jpg\",\"contentUrl\":\"https:\/\/www.fiscalia.gov.co\/colombia\/wp-content\/uploads\/LogoHorizontal_1.jpg\",\"width\":300,\"height\":90,\"caption\":\"Fiscal\u00eda General de la Naci\u00f3n\"},\"image\":{\"@id\":\"https:\/\/www.fiscalia.gov.co\/colombia\/#\/schema\/logo\/image\/\"},\"sameAs\":[\"https:\/\/www.facebook.com\/FiscaliaCol\",\"https:\/\/x.com\/FiscaliaCol\",\"https:\/\/www.instagram.com\/fiscaliacol\",\"https:\/\/www.linkedin.com\/company\/fiscalia-general-de-la-naci-n\/\",\"https:\/\/youtube.com\/@fiscaliageneraldelanacion-4668?si=6nN79nyQICPU5iTh\"]},{\"@type\":\"Person\",\"@id\":\"https:\/\/www.fiscalia.gov.co\/colombia\/#\/schema\/person\/bf84402cf293a5393e9c70b111020b24\",\"name\":\"Jordan Leandro Oviedo Anzola\",\"image\":{\"@type\":\"ImageObject\",\"inLanguage\":\"es-CO\",\"@id\":\"https:\/\/www.fiscalia.gov.co\/colombia\/#\/schema\/person\/image\/\",\"url\":\"https:\/\/secure.gravatar.com\/avatar\/dabba4346fa9b9207d96adafa8f92721?s=96&d=mm&r=g\",\"contentUrl\":\"https:\/\/secure.gravatar.com\/avatar\/dabba4346fa9b9207d96adafa8f92721?s=96&d=mm&r=g\",\"caption\":\"Jordan Leandro Oviedo Anzola\"},\"url\":\"https:\/\/www.fiscalia.gov.co\/colombia\/author\/joviedo\/\"}]}<\/script>\n<!-- \/ Yoast SEO plugin. -->","yoast_head_json":{"title":"Fiscal\u00eda General de la Naci\u00f3n","description":"P\u00e1gina oficial de la Fiscal\u00eda General de la Naci\u00f3n \u2013 Colombia. Garantizamos el acceso efectivo a la justicia, la verdad y la reparaci\u00f3n de las v\u00edctimas de los delitos.","robots":{"index":"noindex","follow":"follow"},"og_locale":"es_ES","og_type":"article","og_title":"Fiscal\u00eda General de la Naci\u00f3n","og_description":"P\u00e1gina oficial de la Fiscal\u00eda General de la Naci\u00f3n \u2013 Colombia. Garantizamos el acceso efectivo a la justicia, la verdad y la reparaci\u00f3n de las v\u00edctimas de los delitos.","og_url":"https:\/\/www.fiscalia.gov.co\/colombia\/noticias\/capturado-para-cumplir-condena-uno-de-los-involucrados-en-el-crimen-del-vicepresidente-de-la-cut-jorge-ortega-garcia\/","og_site_name":"Fiscal\u00eda General de la Naci\u00f3n","article_publisher":"https:\/\/www.facebook.com\/FiscaliaCol","article_published_time":"2024-10-05T13:03:23+00:00","author":"Jordan Leandro Oviedo Anzola","twitter_card":"summary_large_image","twitter_creator":"@FiscaliaCol","twitter_site":"@FiscaliaCol","twitter_misc":{"Escrito por":"Jordan Leandro Oviedo Anzola","Tiempo de lectura":"2 minutos"},"schema":{"@context":"https:\/\/schema.org","@graph":[{"@type":"Article","@id":"https:\/\/www.fiscalia.gov.co\/colombia\/noticias\/capturado-para-cumplir-condena-uno-de-los-involucrados-en-el-crimen-del-vicepresidente-de-la-cut-jorge-ortega-garcia\/#article","isPartOf":{"@id":"https:\/\/www.fiscalia.gov.co\/colombia\/noticias\/capturado-para-cumplir-condena-uno-de-los-involucrados-en-el-crimen-del-vicepresidente-de-la-cut-jorge-ortega-garcia\/"},"author":{"name":"Jordan Leandro Oviedo Anzola","@id":"https:\/\/www.fiscalia.gov.co\/colombia\/#\/schema\/person\/bf84402cf293a5393e9c70b111020b24"},"headline":"Capturado para cumplir condena uno de los involucrados en el crimen del vicepresidente de la CUT, Jorge Ortega Garc\u00eda","datePublished":"2024-10-05T13:03:23+00:00","dateModified":"2024-10-05T13:03:23+00:00","mainEntityOfPage":{"@id":"https:\/\/www.fiscalia.gov.co\/colombia\/noticias\/capturado-para-cumplir-condena-uno-de-los-involucrados-en-el-crimen-del-vicepresidente-de-la-cut-jorge-ortega-garcia\/"},"wordCount":476,"publisher":{"@id":"https:\/\/www.fiscalia.gov.co\/colombia\/#organization"},"keywords":["Central Unitaria de Trabajadores","CUT","Derechos Humanos","Fiscal Luz Adriana Camargo","Fiscal\u00eda General de la Naci\u00f3n","Homicidio agravado"],"articleSection":["Derechos Humanos","Noticias"],"inLanguage":"es-CO"},{"@type":"WebPage","@id":"https:\/\/www.fiscalia.gov.co\/colombia\/noticias\/capturado-para-cumplir-condena-uno-de-los-involucrados-en-el-crimen-del-vicepresidente-de-la-cut-jorge-ortega-garcia\/","url":"https:\/\/www.fiscalia.gov.co\/colombia\/noticias\/capturado-para-cumplir-condena-uno-de-los-involucrados-en-el-crimen-del-vicepresidente-de-la-cut-jorge-ortega-garcia\/","name":"Fiscal\u00eda General de la Naci\u00f3n","isPartOf":{"@id":"https:\/\/www.fiscalia.gov.co\/colombia\/#website"},"datePublished":"2024-10-05T13:03:23+00:00","dateModified":"2024-10-05T13:03:23+00:00","description":"P\u00e1gina oficial de la Fiscal\u00eda General de la Naci\u00f3n \u2013 Colombia. Garantizamos el acceso efectivo a la justicia, la verdad y la reparaci\u00f3n de las v\u00edctimas de los delitos.","breadcrumb":{"@id":"https:\/\/www.fiscalia.gov.co\/colombia\/noticias\/capturado-para-cumplir-condena-uno-de-los-involucrados-en-el-crimen-del-vicepresidente-de-la-cut-jorge-ortega-garcia\/#breadcrumb"},"inLanguage":"es-CO","potentialAction":[{"@type":"ReadAction","target":["https:\/\/www.fiscalia.gov.co\/colombia\/noticias\/capturado-para-cumplir-condena-uno-de-los-involucrados-en-el-crimen-del-vicepresidente-de-la-cut-jorge-ortega-garcia\/"]}]},{"@type":"BreadcrumbList","@id":"https:\/\/www.fiscalia.gov.co\/colombia\/noticias\/capturado-para-cumplir-condena-uno-de-los-involucrados-en-el-crimen-del-vicepresidente-de-la-cut-jorge-ortega-garcia\/#breadcrumb","itemListElement":[{"@type":"ListItem","position":1,"name":"Home","item":"https:\/\/www.fiscalia.gov.co\/colombia\/"},{"@type":"ListItem","position":2,"name":"Capturado para cumplir condena uno de los involucrados en el crimen del vicepresidente de la CUT, Jorge Ortega Garc\u00eda"}]},{"@type":"WebSite","@id":"https:\/\/www.fiscalia.gov.co\/colombia\/#website","url":"https:\/\/www.fiscalia.gov.co\/colombia\/","name":"Fiscal\u00eda General de la Naci\u00f3n","description":"P\u00e1gina oficial de la Fiscal\u00eda General de la Naci\u00f3n \u2013 Colombia. Garantizamos el acceso efectivo a la justicia, la verdad y la reparaci\u00f3n de las v\u00edctimas de los delitos.","publisher":{"@id":"https:\/\/www.fiscalia.gov.co\/colombia\/#organization"},"potentialAction":[{"@type":"SearchAction","target":{"@type":"EntryPoint","urlTemplate":"https:\/\/www.fiscalia.gov.co\/colombia\/?s={search_term_string}"},"query-input":{"@type":"PropertyValueSpecification","valueRequired":true,"valueName":"search_term_string"}}],"inLanguage":"es-CO"},{"@type":"Organization","@id":"https:\/\/www.fiscalia.gov.co\/colombia\/#organization","name":"Fiscal\u00eda General de la Naci\u00f3n","url":"https:\/\/www.fiscalia.gov.co\/colombia\/","logo":{"@type":"ImageObject","inLanguage":"es-CO","@id":"https:\/\/www.fiscalia.gov.co\/colombia\/#\/schema\/logo\/image\/","url":"https:\/\/www.fiscalia.gov.co\/colombia\/wp-content\/uploads\/LogoHorizontal_1.jpg","contentUrl":"https:\/\/www.fiscalia.gov.co\/colombia\/wp-content\/uploads\/LogoHorizontal_1.jpg","width":300,"height":90,"caption":"Fiscal\u00eda General de la Naci\u00f3n"},"image":{"@id":"https:\/\/www.fiscalia.gov.co\/colombia\/#\/schema\/logo\/image\/"},"sameAs":["https:\/\/www.facebook.com\/FiscaliaCol","https:\/\/x.com\/FiscaliaCol","https:\/\/www.instagram.com\/fiscaliacol","https:\/\/www.linkedin.com\/company\/fiscalia-general-de-la-naci-n\/","https:\/\/youtube.com\/@fiscaliageneraldelanacion-4668?si=6nN79nyQICPU5iTh"]},{"@type":"Person","@id":"https:\/\/www.fiscalia.gov.co\/colombia\/#\/schema\/person\/bf84402cf293a5393e9c70b111020b24","name":"Jordan Leandro Oviedo Anzola","image":{"@type":"ImageObject","inLanguage":"es-CO","@id":"https:\/\/www.fiscalia.gov.co\/colombia\/#\/schema\/person\/image\/","url":"https:\/\/secure.gravatar.com\/avatar\/dabba4346fa9b9207d96adafa8f92721?s=96&d=mm&r=g","contentUrl":"https:\/\/secure.gravatar.com\/avatar\/dabba4346fa9b9207d96adafa8f92721?s=96&d=mm&r=g","caption":"Jordan Leandro Oviedo Anzola"},"url":"https:\/\/www.fiscalia.gov.co\/colombia\/author\/joviedo\/"}]}},"_links":{"self":[{"href":"https:\/\/www.fiscalia.gov.co\/colombia\/wp-json\/wp\/v2\/posts\/303207","targetHints":{"allow":["GET"]}}],"collection":[{"href":"https:\/\/www.fiscalia.gov.co\/colombia\/wp-json\/wp\/v2\/posts"}],"about":[{"href":"https:\/\/www.fiscalia.gov.co\/colombia\/wp-json\/wp\/v2\/types\/post"}],"author":[{"embeddable":true,"href":"https:\/\/www.fiscalia.gov.co\/colombia\/wp-json\/wp\/v2\/users\/177"}],"replies":[{"embeddable":true,"href":"https:\/\/www.fiscalia.gov.co\/colombia\/wp-json\/wp\/v2\/comments?post=303207"}],"version-history":[{"count":2,"href":"https:\/\/www.fiscalia.gov.co\/colombia\/wp-json\/wp\/v2\/posts\/303207\/revisions"}],"predecessor-version":[{"id":303210,"href":"https:\/\/www.fiscalia.gov.co\/colombia\/wp-json\/wp\/v2\/posts\/303207\/revisions\/303210"}],"wp:attachment":[{"href":"https:\/\/www.fiscalia.gov.co\/colombia\/wp-json\/wp\/v2\/media?parent=303207"}],"wp:term":[{"taxonomy":"category","embeddable":true,"href":"https:\/\/www.fiscalia.gov.co\/colombia\/wp-json\/wp\/v2\/categories?post=303207"},{"taxonomy":"post_tag","embeddable":true,"href":"https:\/\/www.fiscalia.gov.co\/colombia\/wp-json\/wp\/v2\/tags?post=303207"}],"curies":[{"name":"wp","href":"https:\/\/api.w.org\/{rel}","templated":true}]}}