{"id":303000,"date":"2024-10-02T10:22:06","date_gmt":"2024-10-02T15:22:06","guid":{"rendered":"https:\/\/www.fiscalia.gov.co\/colombia\/?p=303000"},"modified":"2024-10-02T10:22:06","modified_gmt":"2024-10-02T15:22:06","slug":"a-la-carcel-alias-pecas-estaria-implicado-en-el-ataque-que-causo-la-muerte-de-un-adolescente-y-heridas-a-su-padre","status":"publish","type":"post","link":"https:\/\/www.fiscalia.gov.co\/colombia\/noticias\/a-la-carcel-alias-pecas-estaria-implicado-en-el-ataque-que-causo-la-muerte-de-un-adolescente-y-heridas-a-su-padre\/","title":{"rendered":"A la c\u00e1rcel alias \u2018Pecas\u2019, estar\u00eda implicado en el ataque que caus\u00f3 la muerte de un adolescente y heridas a su padre"},"content":{"rendered":"<p style=\"font-weight: 400;\">La Fiscal\u00eda General de la Naci\u00f3n judicializ\u00f3 a Omar Sebasti\u00e1n Fl\u00f3rez Rico, alias Pecas, por su aparente participaci\u00f3n en un ataque sicarial ocurrido el pasado 8 de septiembre en Rovira (Tolima) <strong>donde muri\u00f3 un joven de 15 a\u00f1os, y el padre de este result\u00f3 herido.<\/strong><\/p>\n<p style=\"font-weight: 400;\">La Fiscal\u00eda imput\u00f3 al procesado los delitos de homicidio, tentativa de homicidio, ambos agravados, y fabricaci\u00f3n, tr\u00e1fico, porte o tenencia de armas de fuego o municiones.<\/p>\n<p><em><strong>Le puede interesar:<\/strong><\/em> <a href=\"https:\/\/www.fiscalia.gov.co\/colombia\/noticias\/carcel-para-un-hombre-que-habria-abusado-a-una-menor-de-10-anos\/\">C\u00e1rcel para un hombre que habr\u00eda abusado a una menor de 10 a\u00f1os\u00a0<\/a><\/p>\n<p style=\"font-weight: 400;\">El d\u00eda de los hechos las v\u00edctimas depart\u00edan junto a otras personas en el barrio La Ceiba, a donde habr\u00eda llegado <strong>\u2018Pecas\u2019 quien dispar\u00f3 en repetidas oportunidades contra el adulto, y luego huy\u00f3<\/strong>. El adolescente, hijo de la v\u00edctima, persigui\u00f3 al agresor quien tambi\u00e9n le dispar\u00f3, causando su muerte.<\/p>\n<figure id=\"attachment_303002\" aria-describedby=\"caption-attachment-303002\" style=\"width: 442px\" class=\"wp-caption aligncenter\"><img loading=\"lazy\" decoding=\"async\" class=\" wp-image-303002\" src=\"https:\/\/www.fiscalia.gov.co\/colombia\/wp-content\/uploads\/florez-rico-homicidio-rovira-300x237.jpeg\" alt=\"en la imagen se ve una persona detenida bajo custodia de dosuniformados de la Polic\u00eda Nacional. Detr\u00e1s suyo un backing institucional.\" width=\"442\" height=\"349\" srcset=\"https:\/\/www.fiscalia.gov.co\/colombia\/wp-content\/uploads\/florez-rico-homicidio-rovira-300x237.jpeg 300w, https:\/\/www.fiscalia.gov.co\/colombia\/wp-content\/uploads\/florez-rico-homicidio-rovira-1024x809.jpeg 1024w, https:\/\/www.fiscalia.gov.co\/colombia\/wp-content\/uploads\/florez-rico-homicidio-rovira-768x607.jpeg 768w, https:\/\/www.fiscalia.gov.co\/colombia\/wp-content\/uploads\/florez-rico-homicidio-rovira-1536x1213.jpeg 1536w, https:\/\/www.fiscalia.gov.co\/colombia\/wp-content\/uploads\/florez-rico-homicidio-rovira-532x420.jpeg 532w, https:\/\/www.fiscalia.gov.co\/colombia\/wp-content\/uploads\/florez-rico-homicidio-rovira-696x550.jpeg 696w, https:\/\/www.fiscalia.gov.co\/colombia\/wp-content\/uploads\/florez-rico-homicidio-rovira-1068x844.jpeg 1068w, https:\/\/www.fiscalia.gov.co\/colombia\/wp-content\/uploads\/florez-rico-homicidio-rovira.jpeg 1600w\" sizes=\"auto, (max-width: 442px) 100vw, 442px\" \/><figcaption id=\"caption-attachment-303002\" class=\"wp-caption-text\">El hombre fue detenido en Rovira por la Polic\u00eda Nacional. Era requerido por un<br \/>juzgado de Rovira por los delitos de homicidio agravado, homicidio tentado y porte de<br \/>armas de fuego.<\/figcaption><\/figure>\n<p style=\"font-weight: 400;\">La Polic\u00eda Nacional fue la encargada de capturar a Fl\u00f3rez Rico, en cumplimiento de una orden judicial.<\/p>\n<p style=\"font-weight: 400;\">En contra del procesado se adelanta, en etapa de juicio, otro proceso penal por su presunta participaci\u00f3n en el homicidio de un oficial de la Polic\u00eda Nacional.<\/p>\n<p style=\"font-weight: 400;\">\n<p style=\"font-weight: 400;\">PAAM\/LMFO\/MAGA\/MCAA\/DST<\/p>\n<p style=\"font-weight: 400;\">\n<p>&nbsp;<\/p>\n<p><em>La informaci\u00f3n contenida en este bolet\u00edn de prensa corresponde a la narraci\u00f3n de los hechos noticiosos objetivos, suministrados por los funcionarios encargados de adelantar las investigaciones penales al interior de la Fiscal\u00eda General de la Naci\u00f3n. Para el momento de la divulgaci\u00f3n de este comunicado, la situaci\u00f3n jur\u00eddica de la(s) persona(s) relacionada(s) se encuentra pendiente de resolver por la autoridad judicial competente, siempre bajo los preceptos de la presunci\u00f3n de inocencia, consagrados en el art\u00edculo 29 de la Constituci\u00f3n Pol\u00edtica y el art\u00edculo 7\u00ba de la Ley 906 de 2004.<\/em><\/p>\n\n<div class=\"twitter-share\"><a href=\"https:\/\/twitter.com\/intent\/tweet?via=fiscaliacol\" class=\"twitter-share-button\">Tweet<\/a><\/div>\n","protected":false},"excerpt":{"rendered":"<p>La Fiscal\u00eda General de la Naci\u00f3n judicializ\u00f3 a Omar Sebasti\u00e1n Fl\u00f3rez Rico, alias Pecas, por su aparente participaci\u00f3n en un ataque sicarial ocurrido el pasado 8 de septiembre en Rovira (Tolima) donde muri\u00f3 un joven de 15 a\u00f1os, y el padre de este result\u00f3 herido. La Fiscal\u00eda imput\u00f3 al procesado los delitos de homicidio, tentativa [&hellip;]<\/p>\n","protected":false},"author":178,"featured_media":0,"comment_status":"closed","ping_status":"open","sticky":false,"template":"","format":"standard","meta":{"_price":"","_stock":"","_tribe_ticket_header":"","_tribe_default_ticket_provider":"","_tribe_ticket_capacity":"0","_ticket_start_date":"","_ticket_end_date":"","_tribe_ticket_show_description":"","_tribe_ticket_show_not_going":false,"_tribe_ticket_use_global_stock":"","_tribe_ticket_global_stock_level":"","_global_stock_mode":"","_global_stock_cap":"","_tribe_rsvp_for_event":"","_tribe_ticket_going_count":"","_tribe_ticket_not_going_count":"","_tribe_tickets_list":"[]","_tribe_ticket_has_attendee_info_fields":false,"tdm_status":"","tdm_grid_status":"","footnotes":""},"categories":[1,24099],"tags":[33862,1047,17581,409,38747,1185,26463,558,7061,26675,24538,24080,11101,5448,479,12189,3417],"class_list":{"0":"post-303000","1":"post","2":"type-post","3":"status-publish","4":"format-standard","6":"category-noticias","7":"category-seguridad-territorial","8":"tag-bogota-d-c","9":"tag-fiscalia-general-de-la-nacion","10":"tag-hijo","11":"tag-homicidio","12":"tag-la-ceiba","13":"tag-medida-de-aseguramiento","14":"tag-padre","15":"tag-policia-nacional","16":"tag-porte-de-armas-de-fuego","17":"tag-problemas-personales","18":"tag-rovira","19":"tag-rovira-tolima","20":"tag-seguridad-ciudadana","21":"tag-sicariato","22":"tag-tentativa-de-homicidio","23":"tag-tolima","24":"tag-unidad-de-vida"},"yoast_head":"<!-- This site is optimized with the Yoast SEO plugin v24.3 - https:\/\/yoast.com\/wordpress\/plugins\/seo\/ -->\n<title>Fiscal\u00eda General de la Naci\u00f3n<\/title>\n<meta name=\"description\" content=\"P\u00e1gina oficial de la Fiscal\u00eda General de la Naci\u00f3n \u2013 Colombia. Garantizamos el acceso efectivo a la justicia, la verdad y la reparaci\u00f3n de las v\u00edctimas de los delitos.\" \/>\n<meta name=\"robots\" content=\"noindex, follow\" \/>\n<meta property=\"og:locale\" content=\"es_ES\" \/>\n<meta property=\"og:type\" content=\"article\" \/>\n<meta property=\"og:title\" content=\"Fiscal\u00eda General de la Naci\u00f3n\" \/>\n<meta property=\"og:description\" content=\"P\u00e1gina oficial de la Fiscal\u00eda General de la Naci\u00f3n \u2013 Colombia. Garantizamos el acceso efectivo a la justicia, la verdad y la reparaci\u00f3n de las v\u00edctimas de los delitos.\" \/>\n<meta property=\"og:url\" content=\"https:\/\/www.fiscalia.gov.co\/colombia\/noticias\/a-la-carcel-alias-pecas-estaria-implicado-en-el-ataque-que-causo-la-muerte-de-un-adolescente-y-heridas-a-su-padre\/\" \/>\n<meta property=\"og:site_name\" content=\"Fiscal\u00eda General de la Naci\u00f3n\" \/>\n<meta property=\"article:publisher\" content=\"https:\/\/www.facebook.com\/FiscaliaCol\" \/>\n<meta property=\"article:published_time\" content=\"2024-10-02T15:22:06+00:00\" \/>\n<meta property=\"og:image\" content=\"https:\/\/www.fiscalia.gov.co\/colombia\/wp-content\/uploads\/florez-rico-homicidio-rovira-300x237.jpeg\" \/>\n<meta name=\"author\" content=\"Winnie Geraldine Rodr\u00edguez Navarrete\" \/>\n<meta name=\"twitter:card\" content=\"summary_large_image\" \/>\n<meta name=\"twitter:creator\" content=\"@FiscaliaCol\" \/>\n<meta name=\"twitter:site\" content=\"@FiscaliaCol\" \/>\n<meta name=\"twitter:label1\" content=\"Escrito por\" \/>\n\t<meta name=\"twitter:data1\" content=\"Winnie Geraldine Rodr\u00edguez Navarrete\" \/>\n\t<meta name=\"twitter:label2\" content=\"Tiempo de lectura\" \/>\n\t<meta name=\"twitter:data2\" content=\"2 minutos\" \/>\n<script type=\"application\/ld+json\" class=\"yoast-schema-graph\">{\"@context\":\"https:\/\/schema.org\",\"@graph\":[{\"@type\":\"Article\",\"@id\":\"https:\/\/www.fiscalia.gov.co\/colombia\/noticias\/a-la-carcel-alias-pecas-estaria-implicado-en-el-ataque-que-causo-la-muerte-de-un-adolescente-y-heridas-a-su-padre\/#article\",\"isPartOf\":{\"@id\":\"https:\/\/www.fiscalia.gov.co\/colombia\/noticias\/a-la-carcel-alias-pecas-estaria-implicado-en-el-ataque-que-causo-la-muerte-de-un-adolescente-y-heridas-a-su-padre\/\"},\"author\":{\"name\":\"Winnie Geraldine Rodr\u00edguez Navarrete\",\"@id\":\"https:\/\/www.fiscalia.gov.co\/colombia\/#\/schema\/person\/176195b99ebab0a52aafa15197e1bf80\"},\"headline\":\"A la c\u00e1rcel alias \u2018Pecas\u2019, estar\u00eda implicado en el ataque que caus\u00f3 la muerte de un adolescente y heridas a su padre\",\"datePublished\":\"2024-10-02T15:22:06+00:00\",\"dateModified\":\"2024-10-02T15:22:06+00:00\",\"mainEntityOfPage\":{\"@id\":\"https:\/\/www.fiscalia.gov.co\/colombia\/noticias\/a-la-carcel-alias-pecas-estaria-implicado-en-el-ataque-que-causo-la-muerte-de-un-adolescente-y-heridas-a-su-padre\/\"},\"wordCount\":368,\"publisher\":{\"@id\":\"https:\/\/www.fiscalia.gov.co\/colombia\/#organization\"},\"image\":{\"@id\":\"https:\/\/www.fiscalia.gov.co\/colombia\/noticias\/a-la-carcel-alias-pecas-estaria-implicado-en-el-ataque-que-causo-la-muerte-de-un-adolescente-y-heridas-a-su-padre\/#primaryimage\"},\"thumbnailUrl\":\"https:\/\/www.fiscalia.gov.co\/colombia\/wp-content\/uploads\/florez-rico-homicidio-rovira-300x237.jpeg\",\"keywords\":[\"Bogot\u00e1 D.C.\",\"Fiscal\u00eda General de la Naci\u00f3n\",\"Hijo\",\"Homicidio\",\"La Ceiba\",\"Medida de aseguramiento\",\"padre\",\"Polic\u00eda Nacional\",\"Porte de armas de fuego\",\"problemas personales\",\"Rovira\",\"Rovira (Tolima)\",\"Seguridad ciudadana\",\"Sicariato\",\"Tentativa de homicidio\",\"Tolima\",\"Unidad de Vida\"],\"articleSection\":[\"Noticias\",\"Seguridad territorial\"],\"inLanguage\":\"es-CO\"},{\"@type\":\"WebPage\",\"@id\":\"https:\/\/www.fiscalia.gov.co\/colombia\/noticias\/a-la-carcel-alias-pecas-estaria-implicado-en-el-ataque-que-causo-la-muerte-de-un-adolescente-y-heridas-a-su-padre\/\",\"url\":\"https:\/\/www.fiscalia.gov.co\/colombia\/noticias\/a-la-carcel-alias-pecas-estaria-implicado-en-el-ataque-que-causo-la-muerte-de-un-adolescente-y-heridas-a-su-padre\/\",\"name\":\"Fiscal\u00eda General de la Naci\u00f3n\",\"isPartOf\":{\"@id\":\"https:\/\/www.fiscalia.gov.co\/colombia\/#website\"},\"primaryImageOfPage\":{\"@id\":\"https:\/\/www.fiscalia.gov.co\/colombia\/noticias\/a-la-carcel-alias-pecas-estaria-implicado-en-el-ataque-que-causo-la-muerte-de-un-adolescente-y-heridas-a-su-padre\/#primaryimage\"},\"image\":{\"@id\":\"https:\/\/www.fiscalia.gov.co\/colombia\/noticias\/a-la-carcel-alias-pecas-estaria-implicado-en-el-ataque-que-causo-la-muerte-de-un-adolescente-y-heridas-a-su-padre\/#primaryimage\"},\"thumbnailUrl\":\"https:\/\/www.fiscalia.gov.co\/colombia\/wp-content\/uploads\/florez-rico-homicidio-rovira-300x237.jpeg\",\"datePublished\":\"2024-10-02T15:22:06+00:00\",\"dateModified\":\"2024-10-02T15:22:06+00:00\",\"description\":\"P\u00e1gina oficial de la Fiscal\u00eda General de la Naci\u00f3n \u2013 Colombia. Garantizamos el acceso efectivo a la justicia, la verdad y la reparaci\u00f3n de las v\u00edctimas de los delitos.\",\"breadcrumb\":{\"@id\":\"https:\/\/www.fiscalia.gov.co\/colombia\/noticias\/a-la-carcel-alias-pecas-estaria-implicado-en-el-ataque-que-causo-la-muerte-de-un-adolescente-y-heridas-a-su-padre\/#breadcrumb\"},\"inLanguage\":\"es-CO\",\"potentialAction\":[{\"@type\":\"ReadAction\",\"target\":[\"https:\/\/www.fiscalia.gov.co\/colombia\/noticias\/a-la-carcel-alias-pecas-estaria-implicado-en-el-ataque-que-causo-la-muerte-de-un-adolescente-y-heridas-a-su-padre\/\"]}]},{\"@type\":\"ImageObject\",\"inLanguage\":\"es-CO\",\"@id\":\"https:\/\/www.fiscalia.gov.co\/colombia\/noticias\/a-la-carcel-alias-pecas-estaria-implicado-en-el-ataque-que-causo-la-muerte-de-un-adolescente-y-heridas-a-su-padre\/#primaryimage\",\"url\":\"https:\/\/www.fiscalia.gov.co\/colombia\/wp-content\/uploads\/florez-rico-homicidio-rovira.jpeg\",\"contentUrl\":\"https:\/\/www.fiscalia.gov.co\/colombia\/wp-content\/uploads\/florez-rico-homicidio-rovira.jpeg\",\"width\":1600,\"height\":1264,\"caption\":\"El hombre fue detenido en Rovira por la Polic\u00eda Nacional. Era requerido por un juzgado de Rovira por los delitos de homicidio agravado, homicidio tentado y porte de armas de fuego.\"},{\"@type\":\"BreadcrumbList\",\"@id\":\"https:\/\/www.fiscalia.gov.co\/colombia\/noticias\/a-la-carcel-alias-pecas-estaria-implicado-en-el-ataque-que-causo-la-muerte-de-un-adolescente-y-heridas-a-su-padre\/#breadcrumb\",\"itemListElement\":[{\"@type\":\"ListItem\",\"position\":1,\"name\":\"Home\",\"item\":\"https:\/\/www.fiscalia.gov.co\/colombia\/\"},{\"@type\":\"ListItem\",\"position\":2,\"name\":\"A la c\u00e1rcel alias \u2018Pecas\u2019, estar\u00eda implicado en el ataque que caus\u00f3 la muerte de un adolescente y heridas a su padre\"}]},{\"@type\":\"WebSite\",\"@id\":\"https:\/\/www.fiscalia.gov.co\/colombia\/#website\",\"url\":\"https:\/\/www.fiscalia.gov.co\/colombia\/\",\"name\":\"Fiscal\u00eda General de la Naci\u00f3n\",\"description\":\"P\u00e1gina oficial de la Fiscal\u00eda General de la Naci\u00f3n \u2013 Colombia. Garantizamos el acceso efectivo a la justicia, la verdad y la reparaci\u00f3n de las v\u00edctimas de los delitos.\",\"publisher\":{\"@id\":\"https:\/\/www.fiscalia.gov.co\/colombia\/#organization\"},\"potentialAction\":[{\"@type\":\"SearchAction\",\"target\":{\"@type\":\"EntryPoint\",\"urlTemplate\":\"https:\/\/www.fiscalia.gov.co\/colombia\/?s={search_term_string}\"},\"query-input\":{\"@type\":\"PropertyValueSpecification\",\"valueRequired\":true,\"valueName\":\"search_term_string\"}}],\"inLanguage\":\"es-CO\"},{\"@type\":\"Organization\",\"@id\":\"https:\/\/www.fiscalia.gov.co\/colombia\/#organization\",\"name\":\"Fiscal\u00eda General de la Naci\u00f3n\",\"url\":\"https:\/\/www.fiscalia.gov.co\/colombia\/\",\"logo\":{\"@type\":\"ImageObject\",\"inLanguage\":\"es-CO\",\"@id\":\"https:\/\/www.fiscalia.gov.co\/colombia\/#\/schema\/logo\/image\/\",\"url\":\"https:\/\/www.fiscalia.gov.co\/colombia\/wp-content\/uploads\/LogoHorizontal_1.jpg\",\"contentUrl\":\"https:\/\/www.fiscalia.gov.co\/colombia\/wp-content\/uploads\/LogoHorizontal_1.jpg\",\"width\":300,\"height\":90,\"caption\":\"Fiscal\u00eda General de la Naci\u00f3n\"},\"image\":{\"@id\":\"https:\/\/www.fiscalia.gov.co\/colombia\/#\/schema\/logo\/image\/\"},\"sameAs\":[\"https:\/\/www.facebook.com\/FiscaliaCol\",\"https:\/\/x.com\/FiscaliaCol\",\"https:\/\/www.instagram.com\/fiscaliacol\",\"https:\/\/www.linkedin.com\/company\/fiscalia-general-de-la-naci-n\/\",\"https:\/\/youtube.com\/@fiscaliageneraldelanacion-4668?si=6nN79nyQICPU5iTh\"]},{\"@type\":\"Person\",\"@id\":\"https:\/\/www.fiscalia.gov.co\/colombia\/#\/schema\/person\/176195b99ebab0a52aafa15197e1bf80\",\"name\":\"Winnie Geraldine Rodr\u00edguez Navarrete\",\"image\":{\"@type\":\"ImageObject\",\"inLanguage\":\"es-CO\",\"@id\":\"https:\/\/www.fiscalia.gov.co\/colombia\/#\/schema\/person\/image\/\",\"url\":\"https:\/\/secure.gravatar.com\/avatar\/c24cf8481dc84fa5e8c7b20bc95ab0c6?s=96&d=mm&r=g\",\"contentUrl\":\"https:\/\/secure.gravatar.com\/avatar\/c24cf8481dc84fa5e8c7b20bc95ab0c6?s=96&d=mm&r=g\",\"caption\":\"Winnie Geraldine Rodr\u00edguez Navarrete\"},\"url\":\"https:\/\/www.fiscalia.gov.co\/colombia\/author\/winnierodriguez\/\"}]}<\/script>\n<!-- \/ Yoast SEO plugin. -->","yoast_head_json":{"title":"Fiscal\u00eda General de la Naci\u00f3n","description":"P\u00e1gina oficial de la Fiscal\u00eda General de la Naci\u00f3n \u2013 Colombia. Garantizamos el acceso efectivo a la justicia, la verdad y la reparaci\u00f3n de las v\u00edctimas de los delitos.","robots":{"index":"noindex","follow":"follow"},"og_locale":"es_ES","og_type":"article","og_title":"Fiscal\u00eda General de la Naci\u00f3n","og_description":"P\u00e1gina oficial de la Fiscal\u00eda General de la Naci\u00f3n \u2013 Colombia. Garantizamos el acceso efectivo a la justicia, la verdad y la reparaci\u00f3n de las v\u00edctimas de los delitos.","og_url":"https:\/\/www.fiscalia.gov.co\/colombia\/noticias\/a-la-carcel-alias-pecas-estaria-implicado-en-el-ataque-que-causo-la-muerte-de-un-adolescente-y-heridas-a-su-padre\/","og_site_name":"Fiscal\u00eda General de la Naci\u00f3n","article_publisher":"https:\/\/www.facebook.com\/FiscaliaCol","article_published_time":"2024-10-02T15:22:06+00:00","og_image":[{"url":"https:\/\/www.fiscalia.gov.co\/colombia\/wp-content\/uploads\/florez-rico-homicidio-rovira-300x237.jpeg","type":"","width":"","height":""}],"author":"Winnie Geraldine Rodr\u00edguez Navarrete","twitter_card":"summary_large_image","twitter_creator":"@FiscaliaCol","twitter_site":"@FiscaliaCol","twitter_misc":{"Escrito por":"Winnie Geraldine Rodr\u00edguez Navarrete","Tiempo de lectura":"2 minutos"},"schema":{"@context":"https:\/\/schema.org","@graph":[{"@type":"Article","@id":"https:\/\/www.fiscalia.gov.co\/colombia\/noticias\/a-la-carcel-alias-pecas-estaria-implicado-en-el-ataque-que-causo-la-muerte-de-un-adolescente-y-heridas-a-su-padre\/#article","isPartOf":{"@id":"https:\/\/www.fiscalia.gov.co\/colombia\/noticias\/a-la-carcel-alias-pecas-estaria-implicado-en-el-ataque-que-causo-la-muerte-de-un-adolescente-y-heridas-a-su-padre\/"},"author":{"name":"Winnie Geraldine Rodr\u00edguez Navarrete","@id":"https:\/\/www.fiscalia.gov.co\/colombia\/#\/schema\/person\/176195b99ebab0a52aafa15197e1bf80"},"headline":"A la c\u00e1rcel alias \u2018Pecas\u2019, estar\u00eda implicado en el ataque que caus\u00f3 la muerte de un adolescente y heridas a su padre","datePublished":"2024-10-02T15:22:06+00:00","dateModified":"2024-10-02T15:22:06+00:00","mainEntityOfPage":{"@id":"https:\/\/www.fiscalia.gov.co\/colombia\/noticias\/a-la-carcel-alias-pecas-estaria-implicado-en-el-ataque-que-causo-la-muerte-de-un-adolescente-y-heridas-a-su-padre\/"},"wordCount":368,"publisher":{"@id":"https:\/\/www.fiscalia.gov.co\/colombia\/#organization"},"image":{"@id":"https:\/\/www.fiscalia.gov.co\/colombia\/noticias\/a-la-carcel-alias-pecas-estaria-implicado-en-el-ataque-que-causo-la-muerte-de-un-adolescente-y-heridas-a-su-padre\/#primaryimage"},"thumbnailUrl":"https:\/\/www.fiscalia.gov.co\/colombia\/wp-content\/uploads\/florez-rico-homicidio-rovira-300x237.jpeg","keywords":["Bogot\u00e1 D.C.","Fiscal\u00eda General de la Naci\u00f3n","Hijo","Homicidio","La Ceiba","Medida de aseguramiento","padre","Polic\u00eda Nacional","Porte de armas de fuego","problemas personales","Rovira","Rovira (Tolima)","Seguridad ciudadana","Sicariato","Tentativa de homicidio","Tolima","Unidad de Vida"],"articleSection":["Noticias","Seguridad territorial"],"inLanguage":"es-CO"},{"@type":"WebPage","@id":"https:\/\/www.fiscalia.gov.co\/colombia\/noticias\/a-la-carcel-alias-pecas-estaria-implicado-en-el-ataque-que-causo-la-muerte-de-un-adolescente-y-heridas-a-su-padre\/","url":"https:\/\/www.fiscalia.gov.co\/colombia\/noticias\/a-la-carcel-alias-pecas-estaria-implicado-en-el-ataque-que-causo-la-muerte-de-un-adolescente-y-heridas-a-su-padre\/","name":"Fiscal\u00eda General de la Naci\u00f3n","isPartOf":{"@id":"https:\/\/www.fiscalia.gov.co\/colombia\/#website"},"primaryImageOfPage":{"@id":"https:\/\/www.fiscalia.gov.co\/colombia\/noticias\/a-la-carcel-alias-pecas-estaria-implicado-en-el-ataque-que-causo-la-muerte-de-un-adolescente-y-heridas-a-su-padre\/#primaryimage"},"image":{"@id":"https:\/\/www.fiscalia.gov.co\/colombia\/noticias\/a-la-carcel-alias-pecas-estaria-implicado-en-el-ataque-que-causo-la-muerte-de-un-adolescente-y-heridas-a-su-padre\/#primaryimage"},"thumbnailUrl":"https:\/\/www.fiscalia.gov.co\/colombia\/wp-content\/uploads\/florez-rico-homicidio-rovira-300x237.jpeg","datePublished":"2024-10-02T15:22:06+00:00","dateModified":"2024-10-02T15:22:06+00:00","description":"P\u00e1gina oficial de la Fiscal\u00eda General de la Naci\u00f3n \u2013 Colombia. Garantizamos el acceso efectivo a la justicia, la verdad y la reparaci\u00f3n de las v\u00edctimas de los delitos.","breadcrumb":{"@id":"https:\/\/www.fiscalia.gov.co\/colombia\/noticias\/a-la-carcel-alias-pecas-estaria-implicado-en-el-ataque-que-causo-la-muerte-de-un-adolescente-y-heridas-a-su-padre\/#breadcrumb"},"inLanguage":"es-CO","potentialAction":[{"@type":"ReadAction","target":["https:\/\/www.fiscalia.gov.co\/colombia\/noticias\/a-la-carcel-alias-pecas-estaria-implicado-en-el-ataque-que-causo-la-muerte-de-un-adolescente-y-heridas-a-su-padre\/"]}]},{"@type":"ImageObject","inLanguage":"es-CO","@id":"https:\/\/www.fiscalia.gov.co\/colombia\/noticias\/a-la-carcel-alias-pecas-estaria-implicado-en-el-ataque-que-causo-la-muerte-de-un-adolescente-y-heridas-a-su-padre\/#primaryimage","url":"https:\/\/www.fiscalia.gov.co\/colombia\/wp-content\/uploads\/florez-rico-homicidio-rovira.jpeg","contentUrl":"https:\/\/www.fiscalia.gov.co\/colombia\/wp-content\/uploads\/florez-rico-homicidio-rovira.jpeg","width":1600,"height":1264,"caption":"El hombre fue detenido en Rovira por la Polic\u00eda Nacional. Era requerido por un juzgado de Rovira por los delitos de homicidio agravado, homicidio tentado y porte de armas de fuego."},{"@type":"BreadcrumbList","@id":"https:\/\/www.fiscalia.gov.co\/colombia\/noticias\/a-la-carcel-alias-pecas-estaria-implicado-en-el-ataque-que-causo-la-muerte-de-un-adolescente-y-heridas-a-su-padre\/#breadcrumb","itemListElement":[{"@type":"ListItem","position":1,"name":"Home","item":"https:\/\/www.fiscalia.gov.co\/colombia\/"},{"@type":"ListItem","position":2,"name":"A la c\u00e1rcel alias \u2018Pecas\u2019, estar\u00eda implicado en el ataque que caus\u00f3 la muerte de un adolescente y heridas a su padre"}]},{"@type":"WebSite","@id":"https:\/\/www.fiscalia.gov.co\/colombia\/#website","url":"https:\/\/www.fiscalia.gov.co\/colombia\/","name":"Fiscal\u00eda General de la Naci\u00f3n","description":"P\u00e1gina oficial de la Fiscal\u00eda General de la Naci\u00f3n \u2013 Colombia. Garantizamos el acceso efectivo a la justicia, la verdad y la reparaci\u00f3n de las v\u00edctimas de los delitos.","publisher":{"@id":"https:\/\/www.fiscalia.gov.co\/colombia\/#organization"},"potentialAction":[{"@type":"SearchAction","target":{"@type":"EntryPoint","urlTemplate":"https:\/\/www.fiscalia.gov.co\/colombia\/?s={search_term_string}"},"query-input":{"@type":"PropertyValueSpecification","valueRequired":true,"valueName":"search_term_string"}}],"inLanguage":"es-CO"},{"@type":"Organization","@id":"https:\/\/www.fiscalia.gov.co\/colombia\/#organization","name":"Fiscal\u00eda General de la Naci\u00f3n","url":"https:\/\/www.fiscalia.gov.co\/colombia\/","logo":{"@type":"ImageObject","inLanguage":"es-CO","@id":"https:\/\/www.fiscalia.gov.co\/colombia\/#\/schema\/logo\/image\/","url":"https:\/\/www.fiscalia.gov.co\/colombia\/wp-content\/uploads\/LogoHorizontal_1.jpg","contentUrl":"https:\/\/www.fiscalia.gov.co\/colombia\/wp-content\/uploads\/LogoHorizontal_1.jpg","width":300,"height":90,"caption":"Fiscal\u00eda General de la Naci\u00f3n"},"image":{"@id":"https:\/\/www.fiscalia.gov.co\/colombia\/#\/schema\/logo\/image\/"},"sameAs":["https:\/\/www.facebook.com\/FiscaliaCol","https:\/\/x.com\/FiscaliaCol","https:\/\/www.instagram.com\/fiscaliacol","https:\/\/www.linkedin.com\/company\/fiscalia-general-de-la-naci-n\/","https:\/\/youtube.com\/@fiscaliageneraldelanacion-4668?si=6nN79nyQICPU5iTh"]},{"@type":"Person","@id":"https:\/\/www.fiscalia.gov.co\/colombia\/#\/schema\/person\/176195b99ebab0a52aafa15197e1bf80","name":"Winnie Geraldine Rodr\u00edguez Navarrete","image":{"@type":"ImageObject","inLanguage":"es-CO","@id":"https:\/\/www.fiscalia.gov.co\/colombia\/#\/schema\/person\/image\/","url":"https:\/\/secure.gravatar.com\/avatar\/c24cf8481dc84fa5e8c7b20bc95ab0c6?s=96&d=mm&r=g","contentUrl":"https:\/\/secure.gravatar.com\/avatar\/c24cf8481dc84fa5e8c7b20bc95ab0c6?s=96&d=mm&r=g","caption":"Winnie Geraldine Rodr\u00edguez Navarrete"},"url":"https:\/\/www.fiscalia.gov.co\/colombia\/author\/winnierodriguez\/"}]}},"_links":{"self":[{"href":"https:\/\/www.fiscalia.gov.co\/colombia\/wp-json\/wp\/v2\/posts\/303000","targetHints":{"allow":["GET"]}}],"collection":[{"href":"https:\/\/www.fiscalia.gov.co\/colombia\/wp-json\/wp\/v2\/posts"}],"about":[{"href":"https:\/\/www.fiscalia.gov.co\/colombia\/wp-json\/wp\/v2\/types\/post"}],"author":[{"embeddable":true,"href":"https:\/\/www.fiscalia.gov.co\/colombia\/wp-json\/wp\/v2\/users\/178"}],"replies":[{"embeddable":true,"href":"https:\/\/www.fiscalia.gov.co\/colombia\/wp-json\/wp\/v2\/comments?post=303000"}],"version-history":[{"count":2,"href":"https:\/\/www.fiscalia.gov.co\/colombia\/wp-json\/wp\/v2\/posts\/303000\/revisions"}],"predecessor-version":[{"id":303003,"href":"https:\/\/www.fiscalia.gov.co\/colombia\/wp-json\/wp\/v2\/posts\/303000\/revisions\/303003"}],"wp:attachment":[{"href":"https:\/\/www.fiscalia.gov.co\/colombia\/wp-json\/wp\/v2\/media?parent=303000"}],"wp:term":[{"taxonomy":"category","embeddable":true,"href":"https:\/\/www.fiscalia.gov.co\/colombia\/wp-json\/wp\/v2\/categories?post=303000"},{"taxonomy":"post_tag","embeddable":true,"href":"https:\/\/www.fiscalia.gov.co\/colombia\/wp-json\/wp\/v2\/tags?post=303000"}],"curies":[{"name":"wp","href":"https:\/\/api.w.org\/{rel}","templated":true}]}}